{"id":22360,"date":"2015-12-31T11:14:42","date_gmt":"2015-12-31T17:14:42","guid":{"rendered":"http:\/\/centrourbano.com\/?p=22360"},"modified":"2015-12-31T11:29:53","modified_gmt":"2015-12-31T17:29:53","slug":"analiza-city-express-su-llegada-a-eu","status":"publish","type":"post","link":"https:\/\/centrourbano.com\/revista\/inmobiliario\/analiza-city-express-su-llegada-a-eu\/","title":{"rendered":"#LoMejorDelA\u00f1o: Analiza City Express su llegada a EU"},"content":{"rendered":"<p><strong>Agosto<\/strong>&nbsp;<\/p>\n<p><em>Texas podr\u00eda ser el primer destino de la cadena y se sumar\u00eda a los planes de expansi\u00f3n internacional<\/em><!--more--><\/p>\n<p>La cadena especializada en hospedaje de negocios, <a class=\"expresscurate_contentTags\" href=\"http:\/\/centrourbano.com\/tag\/city-express\/\">#City Express<\/a> eval\u00faa su llegada a Estados Unidos como parte de su expansi\u00f3n internacional, aunque a\u00fan no hay una fecha definida, Texas parece el primer destino viable.<\/p>\n<p>City Express ya goza de reconocimiento en la frontera norte del pa\u00eds gracias a los viajeros estadounidenses que llegan a ciudades como Monterrey, Tampico, Reynosa, Tijuana o Mexicali; as\u00ed como los mexicanos que viven en Estados Unidos y que se hospedan en dichos hoteles cuando visitan <a class=\"expresscurate_contentTags\" href=\"http:\/\/centrourbano.com\/tag\/mexico\/\">#M\u00e9xico<\/a>.<\/p>\n<p>Estos nuevos hoteles fortalecer\u00edan la estrategia de expansi\u00f3n internacional que inici\u00f3 la cadena en 2013 con la apertura de un hotel en San Jos\u00e9, Costa Rica y uno m\u00e1s en Cali, Colombia; a los cuales se sumar\u00e1n pr\u00f3ximamente otros cuatro que se encuentran en desarrollo en Bogot\u00e1 y Medell\u00edn, Colombia; uno m\u00e1s en Santiago de Chile y otro m\u00e1s en Per\u00fa. Sin dejar de lado el territorio mexicano, donde tiene entre 13 y 15 proyectos en desarrollo.<\/p>\n","protected":false},"excerpt":{"rendered":"<p>Agosto&nbsp; Texas podr\u00eda ser el primer destino de la cadena y se sumar\u00eda a los planes de expansi\u00f3n internacional<\/p>\n","protected":false},"author":19,"featured_media":22361,"comment_status":"open","ping_status":"closed","sticky":false,"template":"","format":"standard","meta":{"om_disable_all_campaigns":false,"inline_featured_image":false,"_monsterinsights_skip_tracking":false,"_monsterinsights_sitenote_active":false,"_monsterinsights_sitenote_note":"","_monsterinsights_sitenote_category":0,"footnotes":""},"categories":[15],"tags":[425,4267,334],"class_list":["post-22360","post","type-post","status-publish","format-standard","has-post-thumbnail","hentry","category-inmobiliario","tag-city-express","tag-eua","tag-mexico"],"yoast_head":"<!-- This site is optimized with the Yoast SEO plugin v27.5 - https:\/\/yoast.com\/product\/yoast-seo-wordpress\/ -->\n<title>#LoMejorDelA\u00f1o: Analiza City Express su llegada a EU -<\/title>\n<meta name=\"description\" content=\"Agosto&nbsp; Texas podr\u00eda ser el primer destino de la cadena y se sumar\u00eda a los planes de expansi\u00f3n internacional La cadena especializada en hospedaje de\" \/>\n<meta name=\"robots\" content=\"index, follow, max-snippet:-1, max-image-preview:large, max-video-preview:-1\" \/>\n<link rel=\"canonical\" href=\"https:\/\/centrourbano.com\/revista\/inmobiliario\/analiza-city-express-su-llegada-a-eu\/\" \/>\n<meta property=\"og:locale\" content=\"es_ES\" \/>\n<meta property=\"og:type\" content=\"article\" \/>\n<meta property=\"og:title\" content=\"#LoMejorDelA\u00f1o: Analiza City Express su llegada a EU -\" \/>\n<meta property=\"og:description\" content=\"Agosto&nbsp; Texas podr\u00eda ser el primer destino de la cadena y se sumar\u00eda a los planes de expansi\u00f3n internacional La cadena especializada en hospedaje de\" \/>\n<meta property=\"og:url\" content=\"https:\/\/centrourbano.com\/revista\/inmobiliario\/analiza-city-express-su-llegada-a-eu\/\" \/>\n<meta property=\"og:site_name\" content=\"Centro Urbano\" \/>\n<meta property=\"article:publisher\" content=\"https:\/\/www.facebook.com\/portalcentrourbano\" \/>\n<meta property=\"article:published_time\" content=\"2015-12-31T17:14:42+00:00\" \/>\n<meta property=\"article:modified_time\" content=\"2015-12-31T17:29:53+00:00\" \/>\n<meta property=\"og:image\" content=\"https:\/\/centrourbano.com\/revista\/wp-content\/uploads\/cityexpress.jpg\" \/>\n\t<meta property=\"og:image:width\" content=\"700\" \/>\n\t<meta property=\"og:image:height\" content=\"424\" \/>\n\t<meta property=\"og:image:type\" content=\"image\/jpeg\" \/>\n<meta name=\"author\" content=\"Sofia Osorio\" \/>\n<meta name=\"twitter:card\" content=\"summary_large_image\" \/>\n<meta name=\"twitter:creator\" content=\"@CentroUrbano\" \/>\n<meta name=\"twitter:site\" content=\"@CentroUrbano\" \/>\n<meta name=\"twitter:label1\" content=\"Escrito por\" \/>\n\t<meta name=\"twitter:data1\" content=\"Sofia Osorio\" \/>\n\t<meta name=\"twitter:label2\" content=\"Tiempo de lectura\" \/>\n\t<meta name=\"twitter:data2\" content=\"1 minuto\" \/>\n<script type=\"application\/ld+json\" class=\"yoast-schema-graph\">{\"@context\":\"https:\\\/\\\/schema.org\",\"@graph\":[{\"@type\":\"Article\",\"@id\":\"https:\\\/\\\/centrourbano.com\\\/revista\\\/inmobiliario\\\/analiza-city-express-su-llegada-a-eu\\\/#article\",\"isPartOf\":{\"@id\":\"https:\\\/\\\/centrourbano.com\\\/revista\\\/inmobiliario\\\/analiza-city-express-su-llegada-a-eu\\\/\"},\"author\":{\"name\":\"Sofia Osorio\",\"@id\":\"https:\\\/\\\/centrourbano.com\\\/revista\\\/#\\\/schema\\\/person\\\/e3142244139c9fbcfb78e51eec6b37ce\"},\"headline\":\"#LoMejorDelA\u00f1o: Analiza City Express su llegada a EU\",\"datePublished\":\"2015-12-31T17:14:42+00:00\",\"dateModified\":\"2015-12-31T17:29:53+00:00\",\"mainEntityOfPage\":{\"@id\":\"https:\\\/\\\/centrourbano.com\\\/revista\\\/inmobiliario\\\/analiza-city-express-su-llegada-a-eu\\\/\"},\"wordCount\":200,\"commentCount\":0,\"publisher\":{\"@id\":\"https:\\\/\\\/centrourbano.com\\\/revista\\\/#organization\"},\"image\":{\"@id\":\"https:\\\/\\\/centrourbano.com\\\/revista\\\/inmobiliario\\\/analiza-city-express-su-llegada-a-eu\\\/#primaryimage\"},\"thumbnailUrl\":\"https:\\\/\\\/centrourbano.com\\\/revista\\\/wp-content\\\/uploads\\\/cityexpress.jpg\",\"keywords\":[\"City Express\",\"EUA\",\"M\u00e9xico\"],\"articleSection\":[\"Inmobiliario\"],\"inLanguage\":\"es\",\"potentialAction\":[{\"@type\":\"CommentAction\",\"name\":\"Comment\",\"target\":[\"https:\\\/\\\/centrourbano.com\\\/revista\\\/inmobiliario\\\/analiza-city-express-su-llegada-a-eu\\\/#respond\"]}]},{\"@type\":\"WebPage\",\"@id\":\"https:\\\/\\\/centrourbano.com\\\/revista\\\/inmobiliario\\\/analiza-city-express-su-llegada-a-eu\\\/\",\"url\":\"https:\\\/\\\/centrourbano.com\\\/revista\\\/inmobiliario\\\/analiza-city-express-su-llegada-a-eu\\\/\",\"name\":\"#LoMejorDelA\u00f1o: Analiza City Express su llegada a EU -\",\"isPartOf\":{\"@id\":\"https:\\\/\\\/centrourbano.com\\\/revista\\\/#website\"},\"primaryImageOfPage\":{\"@id\":\"https:\\\/\\\/centrourbano.com\\\/revista\\\/inmobiliario\\\/analiza-city-express-su-llegada-a-eu\\\/#primaryimage\"},\"image\":{\"@id\":\"https:\\\/\\\/centrourbano.com\\\/revista\\\/inmobiliario\\\/analiza-city-express-su-llegada-a-eu\\\/#primaryimage\"},\"thumbnailUrl\":\"https:\\\/\\\/centrourbano.com\\\/revista\\\/wp-content\\\/uploads\\\/cityexpress.jpg\",\"datePublished\":\"2015-12-31T17:14:42+00:00\",\"dateModified\":\"2015-12-31T17:29:53+00:00\",\"description\":\"Agosto&nbsp; Texas podr\u00eda ser el primer destino de la cadena y se sumar\u00eda a los planes de expansi\u00f3n internacional La cadena especializada en hospedaje de\",\"breadcrumb\":{\"@id\":\"https:\\\/\\\/centrourbano.com\\\/revista\\\/inmobiliario\\\/analiza-city-express-su-llegada-a-eu\\\/#breadcrumb\"},\"inLanguage\":\"es\",\"potentialAction\":[{\"@type\":\"ReadAction\",\"target\":[\"https:\\\/\\\/centrourbano.com\\\/revista\\\/inmobiliario\\\/analiza-city-express-su-llegada-a-eu\\\/\"]}]},{\"@type\":\"ImageObject\",\"inLanguage\":\"es\",\"@id\":\"https:\\\/\\\/centrourbano.com\\\/revista\\\/inmobiliario\\\/analiza-city-express-su-llegada-a-eu\\\/#primaryimage\",\"url\":\"https:\\\/\\\/centrourbano.com\\\/revista\\\/wp-content\\\/uploads\\\/cityexpress.jpg\",\"contentUrl\":\"https:\\\/\\\/centrourbano.com\\\/revista\\\/wp-content\\\/uploads\\\/cityexpress.jpg\",\"width\":700,\"height\":424,\"caption\":\"City Express Rosarito es el s\u00e9ptimo inmueble de la compa\u00f1\u00eda en Baja California\"},{\"@type\":\"BreadcrumbList\",\"@id\":\"https:\\\/\\\/centrourbano.com\\\/revista\\\/inmobiliario\\\/analiza-city-express-su-llegada-a-eu\\\/#breadcrumb\",\"itemListElement\":[{\"@type\":\"ListItem\",\"position\":1,\"name\":\"Portada\",\"item\":\"https:\\\/\\\/centrourbano.com\\\/revista\\\/\"},{\"@type\":\"ListItem\",\"position\":2,\"name\":\"#LoMejorDelA\u00f1o: Analiza City Express su llegada a EU\"}]},{\"@type\":\"WebSite\",\"@id\":\"https:\\\/\\\/centrourbano.com\\\/revista\\\/#website\",\"url\":\"https:\\\/\\\/centrourbano.com\\\/revista\\\/\",\"name\":\"Centro Urbano\",\"description\":\"Medio especializado en los sectores vivienda, inmobiliario, construcci\u00f3n, arquitectura y urbanismo.\",\"publisher\":{\"@id\":\"https:\\\/\\\/centrourbano.com\\\/revista\\\/#organization\"},\"potentialAction\":[{\"@type\":\"SearchAction\",\"target\":{\"@type\":\"EntryPoint\",\"urlTemplate\":\"https:\\\/\\\/centrourbano.com\\\/revista\\\/?s={search_term_string}\"},\"query-input\":{\"@type\":\"PropertyValueSpecification\",\"valueRequired\":true,\"valueName\":\"search_term_string\"}}],\"inLanguage\":\"es\"},{\"@type\":\"Organization\",\"@id\":\"https:\\\/\\\/centrourbano.com\\\/revista\\\/#organization\",\"name\":\"Centro Urbano\",\"url\":\"https:\\\/\\\/centrourbano.com\\\/revista\\\/\",\"logo\":{\"@type\":\"ImageObject\",\"inLanguage\":\"es\",\"@id\":\"https:\\\/\\\/centrourbano.com\\\/revista\\\/#\\\/schema\\\/logo\\\/image\\\/\",\"url\":\"https:\\\/\\\/centrourbano.com\\\/revista\\\/wp-content\\\/uploads\\\/web_CU_logo-1.png\",\"contentUrl\":\"https:\\\/\\\/centrourbano.com\\\/revista\\\/wp-content\\\/uploads\\\/web_CU_logo-1.png\",\"width\":350,\"height\":91,\"caption\":\"Centro Urbano\"},\"image\":{\"@id\":\"https:\\\/\\\/centrourbano.com\\\/revista\\\/#\\\/schema\\\/logo\\\/image\\\/\"},\"sameAs\":[\"https:\\\/\\\/www.facebook.com\\\/portalcentrourbano\",\"https:\\\/\\\/x.com\\\/CentroUrbano\",\"https:\\\/\\\/www.instagram.com\\\/centro_urbano\\\/\",\"https:\\\/\\\/www.linkedin.com\\\/company\\\/centro-urbano\\\/\",\"http:\\\/\\\/www.youtube.com\\\/user\\\/portalcentrourbano\"]},{\"@type\":\"Person\",\"@id\":\"https:\\\/\\\/centrourbano.com\\\/revista\\\/#\\\/schema\\\/person\\\/e3142244139c9fbcfb78e51eec6b37ce\",\"name\":\"Sofia Osorio\",\"image\":{\"@type\":\"ImageObject\",\"inLanguage\":\"es\",\"@id\":\"https:\\\/\\\/secure.gravatar.com\\\/avatar\\\/540346885009217f50383aeae8f93738fea6ce04c37c93d6be2d0515d1be354c?s=96&d=mm&r=g\",\"url\":\"https:\\\/\\\/secure.gravatar.com\\\/avatar\\\/540346885009217f50383aeae8f93738fea6ce04c37c93d6be2d0515d1be354c?s=96&d=mm&r=g\",\"contentUrl\":\"https:\\\/\\\/secure.gravatar.com\\\/avatar\\\/540346885009217f50383aeae8f93738fea6ce04c37c93d6be2d0515d1be354c?s=96&d=mm&r=g\",\"caption\":\"Sofia Osorio\"},\"description\":\"Egresada de la Facultad de Estudios Superiores Arag\u00f3n. Comunicaci\u00f3n y Periodismo. Loca y feliz. Suele re\u00edrse de todo, dormir en el transporte p\u00fablico y terminar corriendo para llegar a cualquier lugar. Cantante de regadera, bailarina frustrada y chiva de coraz\u00f3n, apasionada por lo que hay que hacer. Enojona, gritona y medio amable con la gente. Su primera oportunidad laboral la tuvo como becaria en la revista Klika y fungi\u00f3 como community manager en Grupo Radio Centro. Actualmente explora nuevos campos del periodismo en Centro Urbano.\",\"url\":\"https:\\\/\\\/centrourbano.com\\\/revista\\\/author\\\/sofia-osorio\\\/\"}]}<\/script>\n<!-- \/ Yoast SEO plugin. -->","yoast_head_json":{"title":"#LoMejorDelA\u00f1o: Analiza City Express su llegada a EU -","description":"Agosto&nbsp; Texas podr\u00eda ser el primer destino de la cadena y se sumar\u00eda a los planes de expansi\u00f3n internacional La cadena especializada en hospedaje de","robots":{"index":"index","follow":"follow","max-snippet":"max-snippet:-1","max-image-preview":"max-image-preview:large","max-video-preview":"max-video-preview:-1"},"canonical":"https:\/\/centrourbano.com\/revista\/inmobiliario\/analiza-city-express-su-llegada-a-eu\/","og_locale":"es_ES","og_type":"article","og_title":"#LoMejorDelA\u00f1o: Analiza City Express su llegada a EU -","og_description":"Agosto&nbsp; Texas podr\u00eda ser el primer destino de la cadena y se sumar\u00eda a los planes de expansi\u00f3n internacional La cadena especializada en hospedaje de","og_url":"https:\/\/centrourbano.com\/revista\/inmobiliario\/analiza-city-express-su-llegada-a-eu\/","og_site_name":"Centro Urbano","article_publisher":"https:\/\/www.facebook.com\/portalcentrourbano","article_published_time":"2015-12-31T17:14:42+00:00","article_modified_time":"2015-12-31T17:29:53+00:00","og_image":[{"width":700,"height":424,"url":"https:\/\/centrourbano.com\/revista\/wp-content\/uploads\/cityexpress.jpg","type":"image\/jpeg"}],"author":"Sofia Osorio","twitter_card":"summary_large_image","twitter_creator":"@CentroUrbano","twitter_site":"@CentroUrbano","twitter_misc":{"Escrito por":"Sofia Osorio","Tiempo de lectura":"1 minuto"},"schema":{"@context":"https:\/\/schema.org","@graph":[{"@type":"Article","@id":"https:\/\/centrourbano.com\/revista\/inmobiliario\/analiza-city-express-su-llegada-a-eu\/#article","isPartOf":{"@id":"https:\/\/centrourbano.com\/revista\/inmobiliario\/analiza-city-express-su-llegada-a-eu\/"},"author":{"name":"Sofia Osorio","@id":"https:\/\/centrourbano.com\/revista\/#\/schema\/person\/e3142244139c9fbcfb78e51eec6b37ce"},"headline":"#LoMejorDelA\u00f1o: Analiza City Express su llegada a EU","datePublished":"2015-12-31T17:14:42+00:00","dateModified":"2015-12-31T17:29:53+00:00","mainEntityOfPage":{"@id":"https:\/\/centrourbano.com\/revista\/inmobiliario\/analiza-city-express-su-llegada-a-eu\/"},"wordCount":200,"commentCount":0,"publisher":{"@id":"https:\/\/centrourbano.com\/revista\/#organization"},"image":{"@id":"https:\/\/centrourbano.com\/revista\/inmobiliario\/analiza-city-express-su-llegada-a-eu\/#primaryimage"},"thumbnailUrl":"https:\/\/centrourbano.com\/revista\/wp-content\/uploads\/cityexpress.jpg","keywords":["City Express","EUA","M\u00e9xico"],"articleSection":["Inmobiliario"],"inLanguage":"es","potentialAction":[{"@type":"CommentAction","name":"Comment","target":["https:\/\/centrourbano.com\/revista\/inmobiliario\/analiza-city-express-su-llegada-a-eu\/#respond"]}]},{"@type":"WebPage","@id":"https:\/\/centrourbano.com\/revista\/inmobiliario\/analiza-city-express-su-llegada-a-eu\/","url":"https:\/\/centrourbano.com\/revista\/inmobiliario\/analiza-city-express-su-llegada-a-eu\/","name":"#LoMejorDelA\u00f1o: Analiza City Express su llegada a EU -","isPartOf":{"@id":"https:\/\/centrourbano.com\/revista\/#website"},"primaryImageOfPage":{"@id":"https:\/\/centrourbano.com\/revista\/inmobiliario\/analiza-city-express-su-llegada-a-eu\/#primaryimage"},"image":{"@id":"https:\/\/centrourbano.com\/revista\/inmobiliario\/analiza-city-express-su-llegada-a-eu\/#primaryimage"},"thumbnailUrl":"https:\/\/centrourbano.com\/revista\/wp-content\/uploads\/cityexpress.jpg","datePublished":"2015-12-31T17:14:42+00:00","dateModified":"2015-12-31T17:29:53+00:00","description":"Agosto&nbsp; Texas podr\u00eda ser el primer destino de la cadena y se sumar\u00eda a los planes de expansi\u00f3n internacional La cadena especializada en hospedaje de","breadcrumb":{"@id":"https:\/\/centrourbano.com\/revista\/inmobiliario\/analiza-city-express-su-llegada-a-eu\/#breadcrumb"},"inLanguage":"es","potentialAction":[{"@type":"ReadAction","target":["https:\/\/centrourbano.com\/revista\/inmobiliario\/analiza-city-express-su-llegada-a-eu\/"]}]},{"@type":"ImageObject","inLanguage":"es","@id":"https:\/\/centrourbano.com\/revista\/inmobiliario\/analiza-city-express-su-llegada-a-eu\/#primaryimage","url":"https:\/\/centrourbano.com\/revista\/wp-content\/uploads\/cityexpress.jpg","contentUrl":"https:\/\/centrourbano.com\/revista\/wp-content\/uploads\/cityexpress.jpg","width":700,"height":424,"caption":"City Express Rosarito es el s\u00e9ptimo inmueble de la compa\u00f1\u00eda en Baja California"},{"@type":"BreadcrumbList","@id":"https:\/\/centrourbano.com\/revista\/inmobiliario\/analiza-city-express-su-llegada-a-eu\/#breadcrumb","itemListElement":[{"@type":"ListItem","position":1,"name":"Portada","item":"https:\/\/centrourbano.com\/revista\/"},{"@type":"ListItem","position":2,"name":"#LoMejorDelA\u00f1o: Analiza City Express su llegada a EU"}]},{"@type":"WebSite","@id":"https:\/\/centrourbano.com\/revista\/#website","url":"https:\/\/centrourbano.com\/revista\/","name":"Centro Urbano","description":"Medio especializado en los sectores vivienda, inmobiliario, construcci\u00f3n, arquitectura y urbanismo.","publisher":{"@id":"https:\/\/centrourbano.com\/revista\/#organization"},"potentialAction":[{"@type":"SearchAction","target":{"@type":"EntryPoint","urlTemplate":"https:\/\/centrourbano.com\/revista\/?s={search_term_string}"},"query-input":{"@type":"PropertyValueSpecification","valueRequired":true,"valueName":"search_term_string"}}],"inLanguage":"es"},{"@type":"Organization","@id":"https:\/\/centrourbano.com\/revista\/#organization","name":"Centro Urbano","url":"https:\/\/centrourbano.com\/revista\/","logo":{"@type":"ImageObject","inLanguage":"es","@id":"https:\/\/centrourbano.com\/revista\/#\/schema\/logo\/image\/","url":"https:\/\/centrourbano.com\/revista\/wp-content\/uploads\/web_CU_logo-1.png","contentUrl":"https:\/\/centrourbano.com\/revista\/wp-content\/uploads\/web_CU_logo-1.png","width":350,"height":91,"caption":"Centro Urbano"},"image":{"@id":"https:\/\/centrourbano.com\/revista\/#\/schema\/logo\/image\/"},"sameAs":["https:\/\/www.facebook.com\/portalcentrourbano","https:\/\/x.com\/CentroUrbano","https:\/\/www.instagram.com\/centro_urbano\/","https:\/\/www.linkedin.com\/company\/centro-urbano\/","http:\/\/www.youtube.com\/user\/portalcentrourbano"]},{"@type":"Person","@id":"https:\/\/centrourbano.com\/revista\/#\/schema\/person\/e3142244139c9fbcfb78e51eec6b37ce","name":"Sofia Osorio","image":{"@type":"ImageObject","inLanguage":"es","@id":"https:\/\/secure.gravatar.com\/avatar\/540346885009217f50383aeae8f93738fea6ce04c37c93d6be2d0515d1be354c?s=96&d=mm&r=g","url":"https:\/\/secure.gravatar.com\/avatar\/540346885009217f50383aeae8f93738fea6ce04c37c93d6be2d0515d1be354c?s=96&d=mm&r=g","contentUrl":"https:\/\/secure.gravatar.com\/avatar\/540346885009217f50383aeae8f93738fea6ce04c37c93d6be2d0515d1be354c?s=96&d=mm&r=g","caption":"Sofia Osorio"},"description":"Egresada de la Facultad de Estudios Superiores Arag\u00f3n. Comunicaci\u00f3n y Periodismo. Loca y feliz. Suele re\u00edrse de todo, dormir en el transporte p\u00fablico y terminar corriendo para llegar a cualquier lugar. Cantante de regadera, bailarina frustrada y chiva de coraz\u00f3n, apasionada por lo que hay que hacer. Enojona, gritona y medio amable con la gente. Su primera oportunidad laboral la tuvo como becaria en la revista Klika y fungi\u00f3 como community manager en Grupo Radio Centro. Actualmente explora nuevos campos del periodismo en Centro Urbano.","url":"https:\/\/centrourbano.com\/revista\/author\/sofia-osorio\/"}]}},"_links":{"self":[{"href":"https:\/\/centrourbano.com\/revista\/wp-json\/wp\/v2\/posts\/22360","targetHints":{"allow":["GET"]}}],"collection":[{"href":"https:\/\/centrourbano.com\/revista\/wp-json\/wp\/v2\/posts"}],"about":[{"href":"https:\/\/centrourbano.com\/revista\/wp-json\/wp\/v2\/types\/post"}],"author":[{"embeddable":true,"href":"https:\/\/centrourbano.com\/revista\/wp-json\/wp\/v2\/users\/19"}],"replies":[{"embeddable":true,"href":"https:\/\/centrourbano.com\/revista\/wp-json\/wp\/v2\/comments?post=22360"}],"version-history":[{"count":0,"href":"https:\/\/centrourbano.com\/revista\/wp-json\/wp\/v2\/posts\/22360\/revisions"}],"wp:featuredmedia":[{"embeddable":true,"href":"https:\/\/centrourbano.com\/revista\/wp-json\/wp\/v2\/media\/22361"}],"wp:attachment":[{"href":"https:\/\/centrourbano.com\/revista\/wp-json\/wp\/v2\/media?parent=22360"}],"wp:term":[{"taxonomy":"category","embeddable":true,"href":"https:\/\/centrourbano.com\/revista\/wp-json\/wp\/v2\/categories?post=22360"},{"taxonomy":"post_tag","embeddable":true,"href":"https:\/\/centrourbano.com\/revista\/wp-json\/wp\/v2\/tags?post=22360"}],"curies":[{"name":"wp","href":"https:\/\/api.w.org\/{rel}","templated":true}]}}