{"id":22201,"date":"2015-08-12T09:57:44","date_gmt":"2015-08-12T14:57:44","guid":{"rendered":"http:\/\/centrourbano.com\/?p=22201"},"modified":"2015-08-12T09:57:44","modified_gmt":"2015-08-12T14:57:44","slug":"abriran-primer-holiday-inn-en-santa-fe","status":"publish","type":"post","link":"https:\/\/centrourbano.com\/revista\/inmobiliario\/abriran-primer-holiday-inn-en-santa-fe\/","title":{"rendered":"Abrir\u00e1n primer Holiday Inn en Santa Fe"},"content":{"rendered":"<p>&nbsp;<\/p>\n<p><em>Contar\u00e1 con 95 habitaciones, es el primero de la marca en esta zona de la ciudad<\/em><!--more--><\/p>\n<p>InterContinental Hotels Group (IHG) anunci\u00f3 la pr\u00f3xima apertura del primer hotel de la marca Holiday Inn en Santa F\u00e9, el cual se sumar\u00e1 a las dos propiedades con las que ya cuenta la empresa en la zona: el Hotel Presidente InterContinental Santa Fe y el hotel Holiday Inn Express M\u00e9xico Santa Fe.<\/p>\n<p>El inmueble contar\u00e1 con 95 habitaciones y ser\u00e1 administrado por Operadora e Estancias Tur\u00edsticas S.C, contar\u00e1 adem\u00e1s con amenidades como alberca, gimnasio equipado, centro de negocios y diversos salones para eventos o reuniones con capacidad m\u00e1xima de 500 personas; se incluye tambi\u00e9n lobby bar y el restaurante L\u2019Etoile, de comida mexicana.<\/p>\n<p>Esta nueva propiedad tambi\u00e9n se suma al programa de recompensas IHG Rewards Club. Con esto, IHG consolida sus planes de crecimiento en el pa\u00eds, donde se hace presente con marcas como InterContinental, Indigo, Crowne Plaza, Holiday Inn, Holiday Inn Express y las suites Staybridge<\/p>\n","protected":false},"excerpt":{"rendered":"<p>&nbsp; Contar\u00e1 con 95 habitaciones, es el primero de la marca en esta zona de la ciudad<\/p>\n","protected":false},"author":77,"featured_media":22202,"comment_status":"open","ping_status":"closed","sticky":false,"template":"","format":"standard","meta":{"inline_featured_image":false,"footnotes":""},"categories":[15],"tags":[6048,1626,424,4861,6047,6046,255],"class_list":["post-22201","post","type-post","status-publish","format-standard","has-post-thumbnail","hentry","category-inmobiliario","tag-crowne-plaza","tag-holiday-inn","tag-holiday-inn-express","tag-ihg","tag-indigo","tag-intercontinental","tag-santa-fe"],"yoast_head":"<!-- This site is optimized with the Yoast SEO plugin v28.4 - https:\/\/yoast.com\/product\/yoast-seo-wordpress\/ -->\n<title>Abrir\u00e1n primer Holiday Inn en Santa Fe -<\/title>\n<meta name=\"description\" content=\"&nbsp; Contar\u00e1 con 95 habitaciones, es el primero de la marca en esta zona de la ciudad InterContinental Hotels Group (IHG) anunci\u00f3 la pr\u00f3xima apertura\" \/>\n<meta name=\"robots\" content=\"index, follow, max-snippet:-1, max-image-preview:large, max-video-preview:-1\" \/>\n<link rel=\"canonical\" href=\"https:\/\/centrourbano.com\/revista\/inmobiliario\/abriran-primer-holiday-inn-en-santa-fe\/\" \/>\n<meta property=\"og:locale\" content=\"es_ES\" \/>\n<meta property=\"og:type\" content=\"article\" \/>\n<meta property=\"og:title\" content=\"Abrir\u00e1n primer Holiday Inn en Santa Fe -\" \/>\n<meta property=\"og:description\" content=\"&nbsp; Contar\u00e1 con 95 habitaciones, es el primero de la marca en esta zona de la ciudad InterContinental Hotels Group (IHG) anunci\u00f3 la pr\u00f3xima apertura\" \/>\n<meta property=\"og:url\" content=\"https:\/\/centrourbano.com\/revista\/inmobiliario\/abriran-primer-holiday-inn-en-santa-fe\/\" \/>\n<meta property=\"og:site_name\" content=\"Centro Urbano\" \/>\n<meta property=\"article:publisher\" content=\"https:\/\/www.facebook.com\/portalcentrourbano\" \/>\n<meta property=\"article:published_time\" content=\"2015-08-12T14:57:44+00:00\" \/>\n<meta property=\"og:image\" content=\"https:\/\/centrourbano.com\/revista\/wp-content\/uploads\/HolidayInn1.jpg\" \/>\n\t<meta property=\"og:image:width\" content=\"800\" \/>\n\t<meta property=\"og:image:height\" content=\"450\" \/>\n\t<meta property=\"og:image:type\" content=\"image\/jpeg\" \/>\n<meta name=\"author\" content=\"G4A\" \/>\n<meta name=\"twitter:card\" content=\"summary_large_image\" \/>\n<meta name=\"twitter:creator\" content=\"@CentroUrbano\" \/>\n<meta name=\"twitter:site\" content=\"@CentroUrbano\" \/>\n<meta name=\"twitter:label1\" content=\"Escrito por\" \/>\n\t<meta name=\"twitter:data1\" content=\"G4A\" \/>\n\t<meta name=\"twitter:label2\" content=\"Tiempo de lectura\" \/>\n\t<meta name=\"twitter:data2\" content=\"1 minuto\" \/>\n<script type=\"application\/ld+json\" class=\"yoast-schema-graph\">{\"@context\":\"https:\\\/\\\/schema.org\",\"@graph\":[{\"@type\":\"Article\",\"@id\":\"https:\\\/\\\/centrourbano.com\\\/revista\\\/inmobiliario\\\/abriran-primer-holiday-inn-en-santa-fe\\\/#article\",\"isPartOf\":{\"@id\":\"https:\\\/\\\/centrourbano.com\\\/revista\\\/inmobiliario\\\/abriran-primer-holiday-inn-en-santa-fe\\\/\"},\"author\":{\"name\":\"G4A\",\"@id\":\"https:\\\/\\\/centrourbano.com\\\/revista\\\/#\\\/schema\\\/person\\\/370fa0ba2d8dd5bde3fdb8b62ad360aa\"},\"headline\":\"Abrir\u00e1n primer Holiday Inn en Santa Fe\",\"datePublished\":\"2015-08-12T14:57:44+00:00\",\"mainEntityOfPage\":{\"@id\":\"https:\\\/\\\/centrourbano.com\\\/revista\\\/inmobiliario\\\/abriran-primer-holiday-inn-en-santa-fe\\\/\"},\"wordCount\":179,\"commentCount\":0,\"publisher\":{\"@id\":\"https:\\\/\\\/centrourbano.com\\\/revista\\\/#organization\"},\"image\":{\"@id\":\"https:\\\/\\\/centrourbano.com\\\/revista\\\/inmobiliario\\\/abriran-primer-holiday-inn-en-santa-fe\\\/#primaryimage\"},\"thumbnailUrl\":\"https:\\\/\\\/centrourbano.com\\\/revista\\\/wp-content\\\/uploads\\\/HolidayInn1.jpg\",\"keywords\":[\"Crowne Plaza\",\"holiday inn\",\"Holiday Inn Express\",\"IHG\",\"Indigo\",\"InterContinental\",\"Santa Fe\"],\"articleSection\":[\"Inmobiliario\"],\"inLanguage\":\"es\"},{\"@type\":\"WebPage\",\"@id\":\"https:\\\/\\\/centrourbano.com\\\/revista\\\/inmobiliario\\\/abriran-primer-holiday-inn-en-santa-fe\\\/\",\"url\":\"https:\\\/\\\/centrourbano.com\\\/revista\\\/inmobiliario\\\/abriran-primer-holiday-inn-en-santa-fe\\\/\",\"name\":\"Abrir\u00e1n primer Holiday Inn en Santa Fe -\",\"isPartOf\":{\"@id\":\"https:\\\/\\\/centrourbano.com\\\/revista\\\/#website\"},\"primaryImageOfPage\":{\"@id\":\"https:\\\/\\\/centrourbano.com\\\/revista\\\/inmobiliario\\\/abriran-primer-holiday-inn-en-santa-fe\\\/#primaryimage\"},\"image\":{\"@id\":\"https:\\\/\\\/centrourbano.com\\\/revista\\\/inmobiliario\\\/abriran-primer-holiday-inn-en-santa-fe\\\/#primaryimage\"},\"thumbnailUrl\":\"https:\\\/\\\/centrourbano.com\\\/revista\\\/wp-content\\\/uploads\\\/HolidayInn1.jpg\",\"datePublished\":\"2015-08-12T14:57:44+00:00\",\"description\":\"&nbsp; Contar\u00e1 con 95 habitaciones, es el primero de la marca en esta zona de la ciudad InterContinental Hotels Group (IHG) anunci\u00f3 la pr\u00f3xima apertura\",\"breadcrumb\":{\"@id\":\"https:\\\/\\\/centrourbano.com\\\/revista\\\/inmobiliario\\\/abriran-primer-holiday-inn-en-santa-fe\\\/#breadcrumb\"},\"inLanguage\":\"es\",\"potentialAction\":[{\"@type\":\"ReadAction\",\"target\":[\"https:\\\/\\\/centrourbano.com\\\/revista\\\/inmobiliario\\\/abriran-primer-holiday-inn-en-santa-fe\\\/\"]}]},{\"@type\":\"ImageObject\",\"inLanguage\":\"es\",\"@id\":\"https:\\\/\\\/centrourbano.com\\\/revista\\\/inmobiliario\\\/abriran-primer-holiday-inn-en-santa-fe\\\/#primaryimage\",\"url\":\"https:\\\/\\\/centrourbano.com\\\/revista\\\/wp-content\\\/uploads\\\/HolidayInn1.jpg\",\"contentUrl\":\"https:\\\/\\\/centrourbano.com\\\/revista\\\/wp-content\\\/uploads\\\/HolidayInn1.jpg\",\"width\":800,\"height\":450},{\"@type\":\"BreadcrumbList\",\"@id\":\"https:\\\/\\\/centrourbano.com\\\/revista\\\/inmobiliario\\\/abriran-primer-holiday-inn-en-santa-fe\\\/#breadcrumb\",\"itemListElement\":[{\"@type\":\"ListItem\",\"position\":1,\"name\":\"Portada\",\"item\":\"https:\\\/\\\/centrourbano.com\\\/revista\\\/\"},{\"@type\":\"ListItem\",\"position\":2,\"name\":\"Abrir\u00e1n primer Holiday Inn en Santa Fe\"}]},{\"@type\":\"WebSite\",\"@id\":\"https:\\\/\\\/centrourbano.com\\\/revista\\\/#website\",\"url\":\"https:\\\/\\\/centrourbano.com\\\/revista\\\/\",\"name\":\"Centro Urbano\",\"description\":\"Medio especializado en los sectores vivienda, inmobiliario, construcci\u00f3n, arquitectura y urbanismo.\",\"publisher\":{\"@id\":\"https:\\\/\\\/centrourbano.com\\\/revista\\\/#organization\"},\"potentialAction\":[{\"@type\":\"SearchAction\",\"target\":{\"@type\":\"EntryPoint\",\"urlTemplate\":\"https:\\\/\\\/centrourbano.com\\\/revista\\\/?s={search_term_string}\"},\"query-input\":{\"@type\":\"PropertyValueSpecification\",\"valueRequired\":true,\"valueName\":\"search_term_string\"}}],\"inLanguage\":\"es\"},{\"@type\":\"Organization\",\"@id\":\"https:\\\/\\\/centrourbano.com\\\/revista\\\/#organization\",\"name\":\"Centro Urbano\",\"url\":\"https:\\\/\\\/centrourbano.com\\\/revista\\\/\",\"logo\":{\"@type\":\"ImageObject\",\"inLanguage\":\"es\",\"@id\":\"https:\\\/\\\/centrourbano.com\\\/revista\\\/#\\\/schema\\\/logo\\\/image\\\/\",\"url\":\"https:\\\/\\\/centrourbano.com\\\/revista\\\/wp-content\\\/uploads\\\/web_CU_logo-1.png\",\"contentUrl\":\"https:\\\/\\\/centrourbano.com\\\/revista\\\/wp-content\\\/uploads\\\/web_CU_logo-1.png\",\"width\":350,\"height\":91,\"caption\":\"Centro Urbano\"},\"image\":{\"@id\":\"https:\\\/\\\/centrourbano.com\\\/revista\\\/#\\\/schema\\\/logo\\\/image\\\/\"},\"sameAs\":[\"https:\\\/\\\/www.facebook.com\\\/portalcentrourbano\",\"https:\\\/\\\/x.com\\\/CentroUrbano\",\"https:\\\/\\\/www.instagram.com\\\/centro_urbano\\\/\",\"https:\\\/\\\/www.linkedin.com\\\/company\\\/centro-urbano\\\/\",\"http:\\\/\\\/www.youtube.com\\\/user\\\/portalcentrourbano\"]},{\"@type\":\"Person\",\"@id\":\"https:\\\/\\\/centrourbano.com\\\/revista\\\/#\\\/schema\\\/person\\\/370fa0ba2d8dd5bde3fdb8b62ad360aa\",\"name\":\"G4A\",\"image\":{\"@type\":\"ImageObject\",\"inLanguage\":\"es\",\"@id\":\"https:\\\/\\\/secure.gravatar.com\\\/avatar\\\/932a97121b13d5de5bbd8193c6c83d3b92c9eda0f39623607d4280e7a5778d97?s=96&d=mm&r=g\",\"url\":\"https:\\\/\\\/secure.gravatar.com\\\/avatar\\\/932a97121b13d5de5bbd8193c6c83d3b92c9eda0f39623607d4280e7a5778d97?s=96&d=mm&r=g\",\"contentUrl\":\"https:\\\/\\\/secure.gravatar.com\\\/avatar\\\/932a97121b13d5de5bbd8193c6c83d3b92c9eda0f39623607d4280e7a5778d97?s=96&d=mm&r=g\",\"caption\":\"G4A\"},\"url\":\"https:\\\/\\\/centrourbano.com\\\/revista\\\/author\\\/admin-g4a\\\/\"}]}<\/script>\n<!-- \/ Yoast SEO plugin. -->","yoast_head_json":{"title":"Abrir\u00e1n primer Holiday Inn en Santa Fe -","description":"&nbsp; Contar\u00e1 con 95 habitaciones, es el primero de la marca en esta zona de la ciudad InterContinental Hotels Group (IHG) anunci\u00f3 la pr\u00f3xima apertura","robots":{"index":"index","follow":"follow","max-snippet":"max-snippet:-1","max-image-preview":"max-image-preview:large","max-video-preview":"max-video-preview:-1"},"canonical":"https:\/\/centrourbano.com\/revista\/inmobiliario\/abriran-primer-holiday-inn-en-santa-fe\/","og_locale":"es_ES","og_type":"article","og_title":"Abrir\u00e1n primer Holiday Inn en Santa Fe -","og_description":"&nbsp; Contar\u00e1 con 95 habitaciones, es el primero de la marca en esta zona de la ciudad InterContinental Hotels Group (IHG) anunci\u00f3 la pr\u00f3xima apertura","og_url":"https:\/\/centrourbano.com\/revista\/inmobiliario\/abriran-primer-holiday-inn-en-santa-fe\/","og_site_name":"Centro Urbano","article_publisher":"https:\/\/www.facebook.com\/portalcentrourbano","article_published_time":"2015-08-12T14:57:44+00:00","og_image":[{"width":800,"height":450,"url":"https:\/\/centrourbano.com\/revista\/wp-content\/uploads\/HolidayInn1.jpg","type":"image\/jpeg"}],"author":"G4A","twitter_card":"summary_large_image","twitter_creator":"@CentroUrbano","twitter_site":"@CentroUrbano","twitter_misc":{"Escrito por":"G4A","Tiempo de lectura":"1 minuto"},"schema":{"@context":"https:\/\/schema.org","@graph":[{"@type":"Article","@id":"https:\/\/centrourbano.com\/revista\/inmobiliario\/abriran-primer-holiday-inn-en-santa-fe\/#article","isPartOf":{"@id":"https:\/\/centrourbano.com\/revista\/inmobiliario\/abriran-primer-holiday-inn-en-santa-fe\/"},"author":{"name":"G4A","@id":"https:\/\/centrourbano.com\/revista\/#\/schema\/person\/370fa0ba2d8dd5bde3fdb8b62ad360aa"},"headline":"Abrir\u00e1n primer Holiday Inn en Santa Fe","datePublished":"2015-08-12T14:57:44+00:00","mainEntityOfPage":{"@id":"https:\/\/centrourbano.com\/revista\/inmobiliario\/abriran-primer-holiday-inn-en-santa-fe\/"},"wordCount":179,"commentCount":0,"publisher":{"@id":"https:\/\/centrourbano.com\/revista\/#organization"},"image":{"@id":"https:\/\/centrourbano.com\/revista\/inmobiliario\/abriran-primer-holiday-inn-en-santa-fe\/#primaryimage"},"thumbnailUrl":"https:\/\/centrourbano.com\/revista\/wp-content\/uploads\/HolidayInn1.jpg","keywords":["Crowne Plaza","holiday inn","Holiday Inn Express","IHG","Indigo","InterContinental","Santa Fe"],"articleSection":["Inmobiliario"],"inLanguage":"es"},{"@type":"WebPage","@id":"https:\/\/centrourbano.com\/revista\/inmobiliario\/abriran-primer-holiday-inn-en-santa-fe\/","url":"https:\/\/centrourbano.com\/revista\/inmobiliario\/abriran-primer-holiday-inn-en-santa-fe\/","name":"Abrir\u00e1n primer Holiday Inn en Santa Fe -","isPartOf":{"@id":"https:\/\/centrourbano.com\/revista\/#website"},"primaryImageOfPage":{"@id":"https:\/\/centrourbano.com\/revista\/inmobiliario\/abriran-primer-holiday-inn-en-santa-fe\/#primaryimage"},"image":{"@id":"https:\/\/centrourbano.com\/revista\/inmobiliario\/abriran-primer-holiday-inn-en-santa-fe\/#primaryimage"},"thumbnailUrl":"https:\/\/centrourbano.com\/revista\/wp-content\/uploads\/HolidayInn1.jpg","datePublished":"2015-08-12T14:57:44+00:00","description":"&nbsp; Contar\u00e1 con 95 habitaciones, es el primero de la marca en esta zona de la ciudad InterContinental Hotels Group (IHG) anunci\u00f3 la pr\u00f3xima apertura","breadcrumb":{"@id":"https:\/\/centrourbano.com\/revista\/inmobiliario\/abriran-primer-holiday-inn-en-santa-fe\/#breadcrumb"},"inLanguage":"es","potentialAction":[{"@type":"ReadAction","target":["https:\/\/centrourbano.com\/revista\/inmobiliario\/abriran-primer-holiday-inn-en-santa-fe\/"]}]},{"@type":"ImageObject","inLanguage":"es","@id":"https:\/\/centrourbano.com\/revista\/inmobiliario\/abriran-primer-holiday-inn-en-santa-fe\/#primaryimage","url":"https:\/\/centrourbano.com\/revista\/wp-content\/uploads\/HolidayInn1.jpg","contentUrl":"https:\/\/centrourbano.com\/revista\/wp-content\/uploads\/HolidayInn1.jpg","width":800,"height":450},{"@type":"BreadcrumbList","@id":"https:\/\/centrourbano.com\/revista\/inmobiliario\/abriran-primer-holiday-inn-en-santa-fe\/#breadcrumb","itemListElement":[{"@type":"ListItem","position":1,"name":"Portada","item":"https:\/\/centrourbano.com\/revista\/"},{"@type":"ListItem","position":2,"name":"Abrir\u00e1n primer Holiday Inn en Santa Fe"}]},{"@type":"WebSite","@id":"https:\/\/centrourbano.com\/revista\/#website","url":"https:\/\/centrourbano.com\/revista\/","name":"Centro Urbano","description":"Medio especializado en los sectores vivienda, inmobiliario, construcci\u00f3n, arquitectura y urbanismo.","publisher":{"@id":"https:\/\/centrourbano.com\/revista\/#organization"},"potentialAction":[{"@type":"SearchAction","target":{"@type":"EntryPoint","urlTemplate":"https:\/\/centrourbano.com\/revista\/?s={search_term_string}"},"query-input":{"@type":"PropertyValueSpecification","valueRequired":true,"valueName":"search_term_string"}}],"inLanguage":"es"},{"@type":"Organization","@id":"https:\/\/centrourbano.com\/revista\/#organization","name":"Centro Urbano","url":"https:\/\/centrourbano.com\/revista\/","logo":{"@type":"ImageObject","inLanguage":"es","@id":"https:\/\/centrourbano.com\/revista\/#\/schema\/logo\/image\/","url":"https:\/\/centrourbano.com\/revista\/wp-content\/uploads\/web_CU_logo-1.png","contentUrl":"https:\/\/centrourbano.com\/revista\/wp-content\/uploads\/web_CU_logo-1.png","width":350,"height":91,"caption":"Centro Urbano"},"image":{"@id":"https:\/\/centrourbano.com\/revista\/#\/schema\/logo\/image\/"},"sameAs":["https:\/\/www.facebook.com\/portalcentrourbano","https:\/\/x.com\/CentroUrbano","https:\/\/www.instagram.com\/centro_urbano\/","https:\/\/www.linkedin.com\/company\/centro-urbano\/","http:\/\/www.youtube.com\/user\/portalcentrourbano"]},{"@type":"Person","@id":"https:\/\/centrourbano.com\/revista\/#\/schema\/person\/370fa0ba2d8dd5bde3fdb8b62ad360aa","name":"G4A","image":{"@type":"ImageObject","inLanguage":"es","@id":"https:\/\/secure.gravatar.com\/avatar\/932a97121b13d5de5bbd8193c6c83d3b92c9eda0f39623607d4280e7a5778d97?s=96&d=mm&r=g","url":"https:\/\/secure.gravatar.com\/avatar\/932a97121b13d5de5bbd8193c6c83d3b92c9eda0f39623607d4280e7a5778d97?s=96&d=mm&r=g","contentUrl":"https:\/\/secure.gravatar.com\/avatar\/932a97121b13d5de5bbd8193c6c83d3b92c9eda0f39623607d4280e7a5778d97?s=96&d=mm&r=g","caption":"G4A"},"url":"https:\/\/centrourbano.com\/revista\/author\/admin-g4a\/"}]}},"_links":{"self":[{"href":"https:\/\/centrourbano.com\/revista\/wp-json\/wp\/v2\/posts\/22201","targetHints":{"allow":["GET"]}}],"collection":[{"href":"https:\/\/centrourbano.com\/revista\/wp-json\/wp\/v2\/posts"}],"about":[{"href":"https:\/\/centrourbano.com\/revista\/wp-json\/wp\/v2\/types\/post"}],"author":[{"embeddable":true,"href":"https:\/\/centrourbano.com\/revista\/wp-json\/wp\/v2\/users\/77"}],"replies":[{"embeddable":true,"href":"https:\/\/centrourbano.com\/revista\/wp-json\/wp\/v2\/comments?post=22201"}],"version-history":[{"count":0,"href":"https:\/\/centrourbano.com\/revista\/wp-json\/wp\/v2\/posts\/22201\/revisions"}],"wp:featuredmedia":[{"embeddable":true,"href":"https:\/\/centrourbano.com\/revista\/wp-json\/wp\/v2\/media\/22202"}],"wp:attachment":[{"href":"https:\/\/centrourbano.com\/revista\/wp-json\/wp\/v2\/media?parent=22201"}],"wp:term":[{"taxonomy":"category","embeddable":true,"href":"https:\/\/centrourbano.com\/revista\/wp-json\/wp\/v2\/categories?post=22201"},{"taxonomy":"post_tag","embeddable":true,"href":"https:\/\/centrourbano.com\/revista\/wp-json\/wp\/v2\/tags?post=22201"}],"curies":[{"name":"wp","href":"https:\/\/api.w.org\/{rel}","templated":true}]}}