{"id":2220,"date":"2013-12-31T12:27:27","date_gmt":"2013-12-31T18:27:27","guid":{"rendered":"http:\/\/centrourbano.com\/?p=2220"},"modified":"2014-03-20T09:46:40","modified_gmt":"2014-03-20T15:46:40","slug":"garantizan-cobertura-universal-en-servicios-de-telecomunicaciones","status":"publish","type":"post","link":"https:\/\/centrourbano.com\/revista\/construccion\/garantizan-cobertura-universal-en-servicios-de-telecomunicaciones\/","title":{"rendered":"Habr\u00e1 cobertura universal en servicios de telecomunicaciones"},"content":{"rendered":"<p><i>A fin de democratizar su acceso garantizar\u00e1n buenos precios para todos los niveles socioecon\u00f3micos y con calidad<\/i><\/p>\n<p>&nbsp;<\/p>\n<p><i><!--more--><\/i><\/p>\n<p>El\u00a0Programa Sectorial de Comunicaciones y Transportes 2013-2018 publicado recientemente por la Secretar\u00eda de Comunicaciones y Transportes en el\u00a0Diario Oficial de la Federaci\u00f3n, asegura la cobertura universal en servicios de telecomunicaciones, con buenos precios para todos los niveles socioecon\u00f3micos y con calidad, a fin de democratizar su acceso.<\/p>\n<p>&nbsp;<\/p>\n<p>En dicha Reforma se promueven seis ejes de actuaci\u00f3n: ampliaci\u00f3n de derechos fundamentales, como el acceso a las Tecnolog\u00edas de la Informaci\u00f3n y la Comunicaci\u00f3n\u00a0(TICs), as\u00ed como a la banda ancha.<\/p>\n<p>&nbsp;<\/p>\n<p>Asimismo, el fortalecimiento del marco institucional con la creaci\u00f3n del\u00a0Instituto Federal de Telecomunicaciones\u00a0(IFT), la\u00a0Comisi\u00f3n Federal\u00a0de Competencia Econ\u00f3mica,\u00a0tribunales especializados y un organismo p\u00fablico de radiodifusi\u00f3n, sin fines de lucro.<\/p>\n<p>&nbsp;<\/p>\n<p>Estas medidas permiten promover la competencia, entre las que destacan la apertura al 100 % para la inversi\u00f3n extranjera directa en telecomunicaciones y 49 % en radiodifusi\u00f3n. Definici\u00f3n de una pol\u00edtica de inclusi\u00f3n digital universal y agenda digital nacional, a fin de dar acceso al 70 % de los hogares y 85 % de las micro, peque\u00f1as y medianas empresas (Mipymes) a la conectividad de Internet, con apego a est\u00e1ndares internacionales.<\/p>\n<p>&nbsp;<\/p>\n<p>En tanto, impulsar\u00e1n a nueva infraestructura de banda ancha mediante el despliegue de red troncal robusta de fibra \u00f3ptica por todo el territorio nacional, as\u00ed como de otra compartida de acceso inal\u00e1mbrico al mayoreo, mediante el uso del espectro radioel\u00e9ctrico en la banda de 700 megahertz.<\/p>\n<p>&nbsp;<\/p>\n<p>De esta manera, la\u00a0SCT\u00a0atiende el sector de comunicaciones en dos rubros: aumentar la cobertura e incrementar la penetraci\u00f3n de los servicios, destaca el Programa.<\/p>\n<p>&nbsp;<\/p>\n<p>Hasta 2012\u00a0M\u00e9xico\u00a0contaba con 306 mil kil\u00f3metros de fibra \u00f3ptica de los cuales 22 mil kil\u00f3metros son de la\u00a0Comisi\u00f3n Federal\u00a0de Electricidad; un sat\u00e9lite en \u00f3rbita de los tres que conformar\u00e1n el nuevo sistema satelital en construcci\u00f3n, redes inal\u00e1mbricas con cobertura del 93 % de la poblaci\u00f3n y espectro radioel\u00e9ctrico que puede ser asignado para incrementar la capacidad de acceso.<\/p>\n","protected":false},"excerpt":{"rendered":"<p>A fin de democratizar su acceso garantizar\u00e1n buenos precios para todos los niveles socioecon\u00f3micos y con calidad &nbsp;<\/p>\n","protected":false},"author":9,"featured_media":16851,"comment_status":"open","ping_status":"closed","sticky":false,"template":"","format":"standard","meta":{"om_disable_all_campaigns":false,"inline_featured_image":false,"_monsterinsights_skip_tracking":false,"_monsterinsights_sitenote_active":false,"_monsterinsights_sitenote_note":"","_monsterinsights_sitenote_category":0,"footnotes":""},"categories":[14],"tags":[681,29,680],"class_list":["post-2220","post","type-post","status-publish","format-standard","has-post-thumbnail","hentry","category-construccion","tag-programa-sectorial-de-comunicaciones-y-transportes","tag-sct","tag-telecomunicaciones"],"yoast_head":"<!-- This site is optimized with the Yoast SEO plugin v27.5 - https:\/\/yoast.com\/product\/yoast-seo-wordpress\/ -->\n<title>Habr\u00e1 cobertura universal en servicios de telecomunicaciones -<\/title>\n<meta name=\"description\" content=\"A fin de democratizar su acceso garantizar\u00e1n buenos precios para todos los niveles socioecon\u00f3micos y con calidad &nbsp; El\u00a0Programa Sectorial de\" \/>\n<meta name=\"robots\" content=\"index, follow, max-snippet:-1, max-image-preview:large, max-video-preview:-1\" \/>\n<link rel=\"canonical\" href=\"https:\/\/centrourbano.com\/revista\/construccion\/garantizan-cobertura-universal-en-servicios-de-telecomunicaciones\/\" \/>\n<meta property=\"og:locale\" content=\"es_ES\" \/>\n<meta property=\"og:type\" content=\"article\" \/>\n<meta property=\"og:title\" content=\"Habr\u00e1 cobertura universal en servicios de telecomunicaciones -\" \/>\n<meta property=\"og:description\" content=\"A fin de democratizar su acceso garantizar\u00e1n buenos precios para todos los niveles socioecon\u00f3micos y con calidad &nbsp; El\u00a0Programa Sectorial de\" \/>\n<meta property=\"og:url\" content=\"https:\/\/centrourbano.com\/revista\/construccion\/garantizan-cobertura-universal-en-servicios-de-telecomunicaciones\/\" \/>\n<meta property=\"og:site_name\" content=\"Centro Urbano\" \/>\n<meta property=\"article:publisher\" content=\"https:\/\/www.facebook.com\/portalcentrourbano\" \/>\n<meta property=\"article:published_time\" content=\"2013-12-31T18:27:27+00:00\" \/>\n<meta property=\"article:modified_time\" content=\"2014-03-20T15:46:40+00:00\" \/>\n<meta property=\"og:image\" content=\"https:\/\/centrourbano.com\/revista\/wp-content\/uploads\/Telecom1.jpg\" \/>\n\t<meta property=\"og:image:width\" content=\"510\" \/>\n\t<meta property=\"og:image:height\" content=\"382\" \/>\n\t<meta property=\"og:image:type\" content=\"image\/jpeg\" \/>\n<meta name=\"author\" content=\"Dinorah Nava\" \/>\n<meta name=\"twitter:card\" content=\"summary_large_image\" \/>\n<meta name=\"twitter:creator\" content=\"@https:\/\/twitter.com\/Dinorah_Nava28\" \/>\n<meta name=\"twitter:site\" content=\"@CentroUrbano\" \/>\n<meta name=\"twitter:label1\" content=\"Escrito por\" \/>\n\t<meta name=\"twitter:data1\" content=\"Dinorah Nava\" \/>\n\t<meta name=\"twitter:label2\" content=\"Tiempo de lectura\" \/>\n\t<meta name=\"twitter:data2\" content=\"2 minutos\" \/>\n<script type=\"application\/ld+json\" class=\"yoast-schema-graph\">{\"@context\":\"https:\\\/\\\/schema.org\",\"@graph\":[{\"@type\":\"Article\",\"@id\":\"https:\\\/\\\/centrourbano.com\\\/revista\\\/construccion\\\/garantizan-cobertura-universal-en-servicios-de-telecomunicaciones\\\/#article\",\"isPartOf\":{\"@id\":\"https:\\\/\\\/centrourbano.com\\\/revista\\\/construccion\\\/garantizan-cobertura-universal-en-servicios-de-telecomunicaciones\\\/\"},\"author\":{\"name\":\"Dinorah Nava\",\"@id\":\"https:\\\/\\\/centrourbano.com\\\/revista\\\/#\\\/schema\\\/person\\\/baa9e569588d5544150642a11ad28b8b\"},\"headline\":\"Habr\u00e1 cobertura universal en servicios de telecomunicaciones\",\"datePublished\":\"2013-12-31T18:27:27+00:00\",\"dateModified\":\"2014-03-20T15:46:40+00:00\",\"mainEntityOfPage\":{\"@id\":\"https:\\\/\\\/centrourbano.com\\\/revista\\\/construccion\\\/garantizan-cobertura-universal-en-servicios-de-telecomunicaciones\\\/\"},\"wordCount\":372,\"commentCount\":0,\"publisher\":{\"@id\":\"https:\\\/\\\/centrourbano.com\\\/revista\\\/#organization\"},\"image\":{\"@id\":\"https:\\\/\\\/centrourbano.com\\\/revista\\\/construccion\\\/garantizan-cobertura-universal-en-servicios-de-telecomunicaciones\\\/#primaryimage\"},\"thumbnailUrl\":\"https:\\\/\\\/centrourbano.com\\\/revista\\\/wp-content\\\/uploads\\\/Telecom1.jpg\",\"keywords\":[\"Programa Sectorial de Comunicaciones y Transportes\",\"SCT\",\"telecomunicaciones\"],\"articleSection\":[\"Construcci\u00f3n\"],\"inLanguage\":\"es\",\"potentialAction\":[{\"@type\":\"CommentAction\",\"name\":\"Comment\",\"target\":[\"https:\\\/\\\/centrourbano.com\\\/revista\\\/construccion\\\/garantizan-cobertura-universal-en-servicios-de-telecomunicaciones\\\/#respond\"]}]},{\"@type\":\"WebPage\",\"@id\":\"https:\\\/\\\/centrourbano.com\\\/revista\\\/construccion\\\/garantizan-cobertura-universal-en-servicios-de-telecomunicaciones\\\/\",\"url\":\"https:\\\/\\\/centrourbano.com\\\/revista\\\/construccion\\\/garantizan-cobertura-universal-en-servicios-de-telecomunicaciones\\\/\",\"name\":\"Habr\u00e1 cobertura universal en servicios de telecomunicaciones -\",\"isPartOf\":{\"@id\":\"https:\\\/\\\/centrourbano.com\\\/revista\\\/#website\"},\"primaryImageOfPage\":{\"@id\":\"https:\\\/\\\/centrourbano.com\\\/revista\\\/construccion\\\/garantizan-cobertura-universal-en-servicios-de-telecomunicaciones\\\/#primaryimage\"},\"image\":{\"@id\":\"https:\\\/\\\/centrourbano.com\\\/revista\\\/construccion\\\/garantizan-cobertura-universal-en-servicios-de-telecomunicaciones\\\/#primaryimage\"},\"thumbnailUrl\":\"https:\\\/\\\/centrourbano.com\\\/revista\\\/wp-content\\\/uploads\\\/Telecom1.jpg\",\"datePublished\":\"2013-12-31T18:27:27+00:00\",\"dateModified\":\"2014-03-20T15:46:40+00:00\",\"description\":\"A fin de democratizar su acceso garantizar\u00e1n buenos precios para todos los niveles socioecon\u00f3micos y con calidad &nbsp; El\u00a0Programa Sectorial de\",\"breadcrumb\":{\"@id\":\"https:\\\/\\\/centrourbano.com\\\/revista\\\/construccion\\\/garantizan-cobertura-universal-en-servicios-de-telecomunicaciones\\\/#breadcrumb\"},\"inLanguage\":\"es\",\"potentialAction\":[{\"@type\":\"ReadAction\",\"target\":[\"https:\\\/\\\/centrourbano.com\\\/revista\\\/construccion\\\/garantizan-cobertura-universal-en-servicios-de-telecomunicaciones\\\/\"]}]},{\"@type\":\"ImageObject\",\"inLanguage\":\"es\",\"@id\":\"https:\\\/\\\/centrourbano.com\\\/revista\\\/construccion\\\/garantizan-cobertura-universal-en-servicios-de-telecomunicaciones\\\/#primaryimage\",\"url\":\"https:\\\/\\\/centrourbano.com\\\/revista\\\/wp-content\\\/uploads\\\/Telecom1.jpg\",\"contentUrl\":\"https:\\\/\\\/centrourbano.com\\\/revista\\\/wp-content\\\/uploads\\\/Telecom1.jpg\",\"width\":510,\"height\":382},{\"@type\":\"BreadcrumbList\",\"@id\":\"https:\\\/\\\/centrourbano.com\\\/revista\\\/construccion\\\/garantizan-cobertura-universal-en-servicios-de-telecomunicaciones\\\/#breadcrumb\",\"itemListElement\":[{\"@type\":\"ListItem\",\"position\":1,\"name\":\"Portada\",\"item\":\"https:\\\/\\\/centrourbano.com\\\/revista\\\/\"},{\"@type\":\"ListItem\",\"position\":2,\"name\":\"Habr\u00e1 cobertura universal en servicios de telecomunicaciones\"}]},{\"@type\":\"WebSite\",\"@id\":\"https:\\\/\\\/centrourbano.com\\\/revista\\\/#website\",\"url\":\"https:\\\/\\\/centrourbano.com\\\/revista\\\/\",\"name\":\"Centro Urbano\",\"description\":\"Medio especializado en los sectores vivienda, inmobiliario, construcci\u00f3n, arquitectura y urbanismo.\",\"publisher\":{\"@id\":\"https:\\\/\\\/centrourbano.com\\\/revista\\\/#organization\"},\"potentialAction\":[{\"@type\":\"SearchAction\",\"target\":{\"@type\":\"EntryPoint\",\"urlTemplate\":\"https:\\\/\\\/centrourbano.com\\\/revista\\\/?s={search_term_string}\"},\"query-input\":{\"@type\":\"PropertyValueSpecification\",\"valueRequired\":true,\"valueName\":\"search_term_string\"}}],\"inLanguage\":\"es\"},{\"@type\":\"Organization\",\"@id\":\"https:\\\/\\\/centrourbano.com\\\/revista\\\/#organization\",\"name\":\"Centro Urbano\",\"url\":\"https:\\\/\\\/centrourbano.com\\\/revista\\\/\",\"logo\":{\"@type\":\"ImageObject\",\"inLanguage\":\"es\",\"@id\":\"https:\\\/\\\/centrourbano.com\\\/revista\\\/#\\\/schema\\\/logo\\\/image\\\/\",\"url\":\"https:\\\/\\\/centrourbano.com\\\/revista\\\/wp-content\\\/uploads\\\/web_CU_logo-1.png\",\"contentUrl\":\"https:\\\/\\\/centrourbano.com\\\/revista\\\/wp-content\\\/uploads\\\/web_CU_logo-1.png\",\"width\":350,\"height\":91,\"caption\":\"Centro Urbano\"},\"image\":{\"@id\":\"https:\\\/\\\/centrourbano.com\\\/revista\\\/#\\\/schema\\\/logo\\\/image\\\/\"},\"sameAs\":[\"https:\\\/\\\/www.facebook.com\\\/portalcentrourbano\",\"https:\\\/\\\/x.com\\\/CentroUrbano\",\"https:\\\/\\\/www.instagram.com\\\/centro_urbano\\\/\",\"https:\\\/\\\/www.linkedin.com\\\/company\\\/centro-urbano\\\/\",\"http:\\\/\\\/www.youtube.com\\\/user\\\/portalcentrourbano\"]},{\"@type\":\"Person\",\"@id\":\"https:\\\/\\\/centrourbano.com\\\/revista\\\/#\\\/schema\\\/person\\\/baa9e569588d5544150642a11ad28b8b\",\"name\":\"Dinorah Nava\",\"image\":{\"@type\":\"ImageObject\",\"inLanguage\":\"es\",\"@id\":\"https:\\\/\\\/secure.gravatar.com\\\/avatar\\\/f6ca6430c51d147f363940f84e1225aa4b8183885c11802cc3b042305a4ecc1a?s=96&d=mm&r=g\",\"url\":\"https:\\\/\\\/secure.gravatar.com\\\/avatar\\\/f6ca6430c51d147f363940f84e1225aa4b8183885c11802cc3b042305a4ecc1a?s=96&d=mm&r=g\",\"contentUrl\":\"https:\\\/\\\/secure.gravatar.com\\\/avatar\\\/f6ca6430c51d147f363940f84e1225aa4b8183885c11802cc3b042305a4ecc1a?s=96&d=mm&r=g\",\"caption\":\"Dinorah Nava\"},\"description\":\"Editora de Contenidos y Estrategias Digitales en Centro Urbano y Coeditora en Peri\u00f3dico Mi Casa. Egresada de la licenciatura en Comunicaci\u00f3n y Periodismo de la Facultad de Estudios Superiores Arag\u00f3n (UNAM). Amante de la edici\u00f3n y correcci\u00f3n de estilo, las redes sociales y el mundo digital. Especialista en temas son arquitectura, inmobiliario y urbanismo.\",\"sameAs\":[\"linkedin.com\\\/in\\\/dinorah-nava\",\"https:\\\/\\\/x.com\\\/https:\\\/\\\/twitter.com\\\/Dinorah_Nava28\"],\"url\":\"https:\\\/\\\/centrourbano.com\\\/revista\\\/author\\\/dinorah-nava\\\/\"}]}<\/script>\n<!-- \/ Yoast SEO plugin. -->","yoast_head_json":{"title":"Habr\u00e1 cobertura universal en servicios de telecomunicaciones -","description":"A fin de democratizar su acceso garantizar\u00e1n buenos precios para todos los niveles socioecon\u00f3micos y con calidad &nbsp; El\u00a0Programa Sectorial de","robots":{"index":"index","follow":"follow","max-snippet":"max-snippet:-1","max-image-preview":"max-image-preview:large","max-video-preview":"max-video-preview:-1"},"canonical":"https:\/\/centrourbano.com\/revista\/construccion\/garantizan-cobertura-universal-en-servicios-de-telecomunicaciones\/","og_locale":"es_ES","og_type":"article","og_title":"Habr\u00e1 cobertura universal en servicios de telecomunicaciones -","og_description":"A fin de democratizar su acceso garantizar\u00e1n buenos precios para todos los niveles socioecon\u00f3micos y con calidad &nbsp; El\u00a0Programa Sectorial de","og_url":"https:\/\/centrourbano.com\/revista\/construccion\/garantizan-cobertura-universal-en-servicios-de-telecomunicaciones\/","og_site_name":"Centro Urbano","article_publisher":"https:\/\/www.facebook.com\/portalcentrourbano","article_published_time":"2013-12-31T18:27:27+00:00","article_modified_time":"2014-03-20T15:46:40+00:00","og_image":[{"width":510,"height":382,"url":"https:\/\/centrourbano.com\/revista\/wp-content\/uploads\/Telecom1.jpg","type":"image\/jpeg"}],"author":"Dinorah Nava","twitter_card":"summary_large_image","twitter_creator":"@https:\/\/twitter.com\/Dinorah_Nava28","twitter_site":"@CentroUrbano","twitter_misc":{"Escrito por":"Dinorah Nava","Tiempo de lectura":"2 minutos"},"schema":{"@context":"https:\/\/schema.org","@graph":[{"@type":"Article","@id":"https:\/\/centrourbano.com\/revista\/construccion\/garantizan-cobertura-universal-en-servicios-de-telecomunicaciones\/#article","isPartOf":{"@id":"https:\/\/centrourbano.com\/revista\/construccion\/garantizan-cobertura-universal-en-servicios-de-telecomunicaciones\/"},"author":{"name":"Dinorah Nava","@id":"https:\/\/centrourbano.com\/revista\/#\/schema\/person\/baa9e569588d5544150642a11ad28b8b"},"headline":"Habr\u00e1 cobertura universal en servicios de telecomunicaciones","datePublished":"2013-12-31T18:27:27+00:00","dateModified":"2014-03-20T15:46:40+00:00","mainEntityOfPage":{"@id":"https:\/\/centrourbano.com\/revista\/construccion\/garantizan-cobertura-universal-en-servicios-de-telecomunicaciones\/"},"wordCount":372,"commentCount":0,"publisher":{"@id":"https:\/\/centrourbano.com\/revista\/#organization"},"image":{"@id":"https:\/\/centrourbano.com\/revista\/construccion\/garantizan-cobertura-universal-en-servicios-de-telecomunicaciones\/#primaryimage"},"thumbnailUrl":"https:\/\/centrourbano.com\/revista\/wp-content\/uploads\/Telecom1.jpg","keywords":["Programa Sectorial de Comunicaciones y Transportes","SCT","telecomunicaciones"],"articleSection":["Construcci\u00f3n"],"inLanguage":"es","potentialAction":[{"@type":"CommentAction","name":"Comment","target":["https:\/\/centrourbano.com\/revista\/construccion\/garantizan-cobertura-universal-en-servicios-de-telecomunicaciones\/#respond"]}]},{"@type":"WebPage","@id":"https:\/\/centrourbano.com\/revista\/construccion\/garantizan-cobertura-universal-en-servicios-de-telecomunicaciones\/","url":"https:\/\/centrourbano.com\/revista\/construccion\/garantizan-cobertura-universal-en-servicios-de-telecomunicaciones\/","name":"Habr\u00e1 cobertura universal en servicios de telecomunicaciones -","isPartOf":{"@id":"https:\/\/centrourbano.com\/revista\/#website"},"primaryImageOfPage":{"@id":"https:\/\/centrourbano.com\/revista\/construccion\/garantizan-cobertura-universal-en-servicios-de-telecomunicaciones\/#primaryimage"},"image":{"@id":"https:\/\/centrourbano.com\/revista\/construccion\/garantizan-cobertura-universal-en-servicios-de-telecomunicaciones\/#primaryimage"},"thumbnailUrl":"https:\/\/centrourbano.com\/revista\/wp-content\/uploads\/Telecom1.jpg","datePublished":"2013-12-31T18:27:27+00:00","dateModified":"2014-03-20T15:46:40+00:00","description":"A fin de democratizar su acceso garantizar\u00e1n buenos precios para todos los niveles socioecon\u00f3micos y con calidad &nbsp; El\u00a0Programa Sectorial de","breadcrumb":{"@id":"https:\/\/centrourbano.com\/revista\/construccion\/garantizan-cobertura-universal-en-servicios-de-telecomunicaciones\/#breadcrumb"},"inLanguage":"es","potentialAction":[{"@type":"ReadAction","target":["https:\/\/centrourbano.com\/revista\/construccion\/garantizan-cobertura-universal-en-servicios-de-telecomunicaciones\/"]}]},{"@type":"ImageObject","inLanguage":"es","@id":"https:\/\/centrourbano.com\/revista\/construccion\/garantizan-cobertura-universal-en-servicios-de-telecomunicaciones\/#primaryimage","url":"https:\/\/centrourbano.com\/revista\/wp-content\/uploads\/Telecom1.jpg","contentUrl":"https:\/\/centrourbano.com\/revista\/wp-content\/uploads\/Telecom1.jpg","width":510,"height":382},{"@type":"BreadcrumbList","@id":"https:\/\/centrourbano.com\/revista\/construccion\/garantizan-cobertura-universal-en-servicios-de-telecomunicaciones\/#breadcrumb","itemListElement":[{"@type":"ListItem","position":1,"name":"Portada","item":"https:\/\/centrourbano.com\/revista\/"},{"@type":"ListItem","position":2,"name":"Habr\u00e1 cobertura universal en servicios de telecomunicaciones"}]},{"@type":"WebSite","@id":"https:\/\/centrourbano.com\/revista\/#website","url":"https:\/\/centrourbano.com\/revista\/","name":"Centro Urbano","description":"Medio especializado en los sectores vivienda, inmobiliario, construcci\u00f3n, arquitectura y urbanismo.","publisher":{"@id":"https:\/\/centrourbano.com\/revista\/#organization"},"potentialAction":[{"@type":"SearchAction","target":{"@type":"EntryPoint","urlTemplate":"https:\/\/centrourbano.com\/revista\/?s={search_term_string}"},"query-input":{"@type":"PropertyValueSpecification","valueRequired":true,"valueName":"search_term_string"}}],"inLanguage":"es"},{"@type":"Organization","@id":"https:\/\/centrourbano.com\/revista\/#organization","name":"Centro Urbano","url":"https:\/\/centrourbano.com\/revista\/","logo":{"@type":"ImageObject","inLanguage":"es","@id":"https:\/\/centrourbano.com\/revista\/#\/schema\/logo\/image\/","url":"https:\/\/centrourbano.com\/revista\/wp-content\/uploads\/web_CU_logo-1.png","contentUrl":"https:\/\/centrourbano.com\/revista\/wp-content\/uploads\/web_CU_logo-1.png","width":350,"height":91,"caption":"Centro Urbano"},"image":{"@id":"https:\/\/centrourbano.com\/revista\/#\/schema\/logo\/image\/"},"sameAs":["https:\/\/www.facebook.com\/portalcentrourbano","https:\/\/x.com\/CentroUrbano","https:\/\/www.instagram.com\/centro_urbano\/","https:\/\/www.linkedin.com\/company\/centro-urbano\/","http:\/\/www.youtube.com\/user\/portalcentrourbano"]},{"@type":"Person","@id":"https:\/\/centrourbano.com\/revista\/#\/schema\/person\/baa9e569588d5544150642a11ad28b8b","name":"Dinorah Nava","image":{"@type":"ImageObject","inLanguage":"es","@id":"https:\/\/secure.gravatar.com\/avatar\/f6ca6430c51d147f363940f84e1225aa4b8183885c11802cc3b042305a4ecc1a?s=96&d=mm&r=g","url":"https:\/\/secure.gravatar.com\/avatar\/f6ca6430c51d147f363940f84e1225aa4b8183885c11802cc3b042305a4ecc1a?s=96&d=mm&r=g","contentUrl":"https:\/\/secure.gravatar.com\/avatar\/f6ca6430c51d147f363940f84e1225aa4b8183885c11802cc3b042305a4ecc1a?s=96&d=mm&r=g","caption":"Dinorah Nava"},"description":"Editora de Contenidos y Estrategias Digitales en Centro Urbano y Coeditora en Peri\u00f3dico Mi Casa. Egresada de la licenciatura en Comunicaci\u00f3n y Periodismo de la Facultad de Estudios Superiores Arag\u00f3n (UNAM). Amante de la edici\u00f3n y correcci\u00f3n de estilo, las redes sociales y el mundo digital. Especialista en temas son arquitectura, inmobiliario y urbanismo.","sameAs":["linkedin.com\/in\/dinorah-nava","https:\/\/x.com\/https:\/\/twitter.com\/Dinorah_Nava28"],"url":"https:\/\/centrourbano.com\/revista\/author\/dinorah-nava\/"}]}},"_links":{"self":[{"href":"https:\/\/centrourbano.com\/revista\/wp-json\/wp\/v2\/posts\/2220","targetHints":{"allow":["GET"]}}],"collection":[{"href":"https:\/\/centrourbano.com\/revista\/wp-json\/wp\/v2\/posts"}],"about":[{"href":"https:\/\/centrourbano.com\/revista\/wp-json\/wp\/v2\/types\/post"}],"author":[{"embeddable":true,"href":"https:\/\/centrourbano.com\/revista\/wp-json\/wp\/v2\/users\/9"}],"replies":[{"embeddable":true,"href":"https:\/\/centrourbano.com\/revista\/wp-json\/wp\/v2\/comments?post=2220"}],"version-history":[{"count":0,"href":"https:\/\/centrourbano.com\/revista\/wp-json\/wp\/v2\/posts\/2220\/revisions"}],"wp:featuredmedia":[{"embeddable":true,"href":"https:\/\/centrourbano.com\/revista\/wp-json\/wp\/v2\/media\/16851"}],"wp:attachment":[{"href":"https:\/\/centrourbano.com\/revista\/wp-json\/wp\/v2\/media?parent=2220"}],"wp:term":[{"taxonomy":"category","embeddable":true,"href":"https:\/\/centrourbano.com\/revista\/wp-json\/wp\/v2\/categories?post=2220"},{"taxonomy":"post_tag","embeddable":true,"href":"https:\/\/centrourbano.com\/revista\/wp-json\/wp\/v2\/tags?post=2220"}],"curies":[{"name":"wp","href":"https:\/\/api.w.org\/{rel}","templated":true}]}}