{"id":22163,"date":"2015-08-11T13:47:54","date_gmt":"2015-08-11T18:47:54","guid":{"rendered":"http:\/\/centrourbano.com\/?p=22163"},"modified":"2015-08-11T17:50:02","modified_gmt":"2015-08-11T22:50:02","slug":"impulsa-sector-automotriz-al-bajio","status":"publish","type":"post","link":"https:\/\/centrourbano.com\/revista\/inmobiliario\/impulsa-sector-automotriz-al-bajio\/","title":{"rendered":"Impulsa sector automotriz a la zona del Baj\u00edo"},"content":{"rendered":"<p>&nbsp;<\/p>\n<p><em>La zona cerr\u00f3 el primer semestre del a\u00f1o con 285 mil nuevos metros cuadrados de construcci\u00f3n<\/em><!--more--><\/p>\n<p>La actividad de la construcci\u00f3n en el Baj\u00edo se mantiene por encima del mill\u00f3n de metros cuadrados, con el principal impulso de desarrollos ubicados principalmente en Guanajuato, donde diversas empresas han puesto en marcha proyectos de granes dimensiones, mientras que Aguascalientes, Quer\u00e9taro y San Luis Potos\u00ed contin\u00faan en proceso de expansi\u00f3n,\u00a0seg\u00fan datos del reporte correspondiente al segundo trimestre del a\u00f1o de\u00a0CBRE, sobre oficinas e industriales.<\/p>\n<p>Durante el segundo trimestre del a\u00f1o se agregaron 24 nuevas naves al inventario y que suman poco m\u00e1s de 285 mil metros cuadrados al inventario, de los cuales m\u00e1s de 100 mil fueron de espacios especulativo, provenientes principalmente de Quer\u00e9taro, donde la construcci\u00f3n de este tipo es la m\u00e1s desarrollada de toda la regi\u00f3n.<\/p>\n<p>Adem\u00e1s, se iniciaron m\u00e1s de 250 mil metros de construcci\u00f3n, de los cuales 80% son espacios hechos a la medida, principalmente en Guanajuato donde se report\u00f3 m\u00e1s de 50% de la cifra total.<\/p>\n<p>Al cierre del segundo semestre de 2015, el inventario sum\u00f3 6.84 millones de metros cuadrados, 4.4% respecto al periodo anterior y se proyecta que al cierre del tercer trimestre del a\u00f1o se alcanzar\u00e1n alrededor de 300 mil nuevos metros en el inventario.<\/p>\n<p>Mientras que se report\u00f3 un total de 455 mil metros cuadrados vacantes, con un incremento de poco m\u00e1s de 67 mil metros respecto al mismo periodo del a\u00f1o anterior. Y aunque se contin\u00faa con una estabilidad en los precios, el incremento de la oferta de espacio especulativo, el aumento de la tasa de vacancia y el n\u00famero de metros en construcci\u00f3n han presionado los precios ligeramente a la baja, cerrando en 3.95 d\u00f3lares por metro cuadrado.<\/p>\n","protected":false},"excerpt":{"rendered":"<p>&nbsp; La zona cerr\u00f3 el primer semestre del a\u00f1o con 285 mil nuevos metros cuadrados de construcci\u00f3n<\/p>\n","protected":false},"author":77,"featured_media":22164,"comment_status":"open","ping_status":"closed","sticky":false,"template":"","format":"standard","meta":{"inline_featured_image":false,"footnotes":""},"categories":[15],"tags":[1437,53,221,1012],"class_list":["post-22163","post","type-post","status-publish","format-standard","has-post-thumbnail","hentry","category-inmobiliario","tag-bajio","tag-guanajuato","tag-queretaro","tag-san-luis-potosi"],"yoast_head":"<!-- This site is optimized with the Yoast SEO plugin v28.4 - https:\/\/yoast.com\/product\/yoast-seo-wordpress\/ -->\n<title>Impulsa sector automotriz a la zona del Baj\u00edo -<\/title>\n<meta name=\"description\" content=\"&nbsp; La zona cerr\u00f3 el primer semestre del a\u00f1o con 285 mil nuevos metros cuadrados de construcci\u00f3n La actividad de la construcci\u00f3n en el Baj\u00edo se\" \/>\n<meta name=\"robots\" content=\"index, follow, max-snippet:-1, max-image-preview:large, max-video-preview:-1\" \/>\n<link rel=\"canonical\" href=\"https:\/\/centrourbano.com\/revista\/inmobiliario\/impulsa-sector-automotriz-al-bajio\/\" \/>\n<meta property=\"og:locale\" content=\"es_ES\" \/>\n<meta property=\"og:type\" content=\"article\" \/>\n<meta property=\"og:title\" content=\"Impulsa sector automotriz a la zona del Baj\u00edo -\" \/>\n<meta property=\"og:description\" content=\"&nbsp; La zona cerr\u00f3 el primer semestre del a\u00f1o con 285 mil nuevos metros cuadrados de construcci\u00f3n La actividad de la construcci\u00f3n en el Baj\u00edo se\" \/>\n<meta property=\"og:url\" content=\"https:\/\/centrourbano.com\/revista\/inmobiliario\/impulsa-sector-automotriz-al-bajio\/\" \/>\n<meta property=\"og:site_name\" content=\"Centro Urbano\" \/>\n<meta property=\"article:publisher\" content=\"https:\/\/www.facebook.com\/portalcentrourbano\" \/>\n<meta property=\"article:published_time\" content=\"2015-08-11T18:47:54+00:00\" \/>\n<meta property=\"article:modified_time\" content=\"2015-08-11T22:50:02+00:00\" \/>\n<meta property=\"og:image\" content=\"https:\/\/centrourbano.com\/revista\/wp-content\/uploads\/imagenes-de-guanajuato.jpg\" \/>\n\t<meta property=\"og:image:width\" content=\"1728\" \/>\n\t<meta property=\"og:image:height\" content=\"1152\" \/>\n\t<meta property=\"og:image:type\" content=\"image\/jpeg\" \/>\n<meta name=\"author\" content=\"G4A\" \/>\n<meta name=\"twitter:card\" content=\"summary_large_image\" \/>\n<meta name=\"twitter:creator\" content=\"@CentroUrbano\" \/>\n<meta name=\"twitter:site\" content=\"@CentroUrbano\" \/>\n<meta name=\"twitter:label1\" content=\"Escrito por\" \/>\n\t<meta name=\"twitter:data1\" content=\"G4A\" \/>\n\t<meta name=\"twitter:label2\" content=\"Tiempo de lectura\" \/>\n\t<meta name=\"twitter:data2\" content=\"2 minutos\" \/>\n<script type=\"application\/ld+json\" class=\"yoast-schema-graph\">{\"@context\":\"https:\\\/\\\/schema.org\",\"@graph\":[{\"@type\":\"Article\",\"@id\":\"https:\\\/\\\/centrourbano.com\\\/revista\\\/inmobiliario\\\/impulsa-sector-automotriz-al-bajio\\\/#article\",\"isPartOf\":{\"@id\":\"https:\\\/\\\/centrourbano.com\\\/revista\\\/inmobiliario\\\/impulsa-sector-automotriz-al-bajio\\\/\"},\"author\":{\"name\":\"G4A\",\"@id\":\"https:\\\/\\\/centrourbano.com\\\/revista\\\/#\\\/schema\\\/person\\\/370fa0ba2d8dd5bde3fdb8b62ad360aa\"},\"headline\":\"Impulsa sector automotriz a la zona del Baj\u00edo\",\"datePublished\":\"2015-08-11T18:47:54+00:00\",\"dateModified\":\"2015-08-11T22:50:02+00:00\",\"mainEntityOfPage\":{\"@id\":\"https:\\\/\\\/centrourbano.com\\\/revista\\\/inmobiliario\\\/impulsa-sector-automotriz-al-bajio\\\/\"},\"wordCount\":313,\"commentCount\":0,\"publisher\":{\"@id\":\"https:\\\/\\\/centrourbano.com\\\/revista\\\/#organization\"},\"image\":{\"@id\":\"https:\\\/\\\/centrourbano.com\\\/revista\\\/inmobiliario\\\/impulsa-sector-automotriz-al-bajio\\\/#primaryimage\"},\"thumbnailUrl\":\"https:\\\/\\\/centrourbano.com\\\/revista\\\/wp-content\\\/uploads\\\/imagenes-de-guanajuato.jpg\",\"keywords\":[\"BAj\u00edo\",\"Guanajuato\",\"Quer\u00e9taro\",\"San Luis Potos\u00ed\"],\"articleSection\":[\"Inmobiliario\"],\"inLanguage\":\"es\"},{\"@type\":\"WebPage\",\"@id\":\"https:\\\/\\\/centrourbano.com\\\/revista\\\/inmobiliario\\\/impulsa-sector-automotriz-al-bajio\\\/\",\"url\":\"https:\\\/\\\/centrourbano.com\\\/revista\\\/inmobiliario\\\/impulsa-sector-automotriz-al-bajio\\\/\",\"name\":\"Impulsa sector automotriz a la zona del Baj\u00edo -\",\"isPartOf\":{\"@id\":\"https:\\\/\\\/centrourbano.com\\\/revista\\\/#website\"},\"primaryImageOfPage\":{\"@id\":\"https:\\\/\\\/centrourbano.com\\\/revista\\\/inmobiliario\\\/impulsa-sector-automotriz-al-bajio\\\/#primaryimage\"},\"image\":{\"@id\":\"https:\\\/\\\/centrourbano.com\\\/revista\\\/inmobiliario\\\/impulsa-sector-automotriz-al-bajio\\\/#primaryimage\"},\"thumbnailUrl\":\"https:\\\/\\\/centrourbano.com\\\/revista\\\/wp-content\\\/uploads\\\/imagenes-de-guanajuato.jpg\",\"datePublished\":\"2015-08-11T18:47:54+00:00\",\"dateModified\":\"2015-08-11T22:50:02+00:00\",\"description\":\"&nbsp; La zona cerr\u00f3 el primer semestre del a\u00f1o con 285 mil nuevos metros cuadrados de construcci\u00f3n La actividad de la construcci\u00f3n en el Baj\u00edo se\",\"breadcrumb\":{\"@id\":\"https:\\\/\\\/centrourbano.com\\\/revista\\\/inmobiliario\\\/impulsa-sector-automotriz-al-bajio\\\/#breadcrumb\"},\"inLanguage\":\"es\",\"potentialAction\":[{\"@type\":\"ReadAction\",\"target\":[\"https:\\\/\\\/centrourbano.com\\\/revista\\\/inmobiliario\\\/impulsa-sector-automotriz-al-bajio\\\/\"]}]},{\"@type\":\"ImageObject\",\"inLanguage\":\"es\",\"@id\":\"https:\\\/\\\/centrourbano.com\\\/revista\\\/inmobiliario\\\/impulsa-sector-automotriz-al-bajio\\\/#primaryimage\",\"url\":\"https:\\\/\\\/centrourbano.com\\\/revista\\\/wp-content\\\/uploads\\\/imagenes-de-guanajuato.jpg\",\"contentUrl\":\"https:\\\/\\\/centrourbano.com\\\/revista\\\/wp-content\\\/uploads\\\/imagenes-de-guanajuato.jpg\",\"width\":1728,\"height\":1152},{\"@type\":\"BreadcrumbList\",\"@id\":\"https:\\\/\\\/centrourbano.com\\\/revista\\\/inmobiliario\\\/impulsa-sector-automotriz-al-bajio\\\/#breadcrumb\",\"itemListElement\":[{\"@type\":\"ListItem\",\"position\":1,\"name\":\"Portada\",\"item\":\"https:\\\/\\\/centrourbano.com\\\/revista\\\/\"},{\"@type\":\"ListItem\",\"position\":2,\"name\":\"Impulsa sector automotriz a la zona del Baj\u00edo\"}]},{\"@type\":\"WebSite\",\"@id\":\"https:\\\/\\\/centrourbano.com\\\/revista\\\/#website\",\"url\":\"https:\\\/\\\/centrourbano.com\\\/revista\\\/\",\"name\":\"Centro Urbano\",\"description\":\"Medio especializado en los sectores vivienda, inmobiliario, construcci\u00f3n, arquitectura y urbanismo.\",\"publisher\":{\"@id\":\"https:\\\/\\\/centrourbano.com\\\/revista\\\/#organization\"},\"potentialAction\":[{\"@type\":\"SearchAction\",\"target\":{\"@type\":\"EntryPoint\",\"urlTemplate\":\"https:\\\/\\\/centrourbano.com\\\/revista\\\/?s={search_term_string}\"},\"query-input\":{\"@type\":\"PropertyValueSpecification\",\"valueRequired\":true,\"valueName\":\"search_term_string\"}}],\"inLanguage\":\"es\"},{\"@type\":\"Organization\",\"@id\":\"https:\\\/\\\/centrourbano.com\\\/revista\\\/#organization\",\"name\":\"Centro Urbano\",\"url\":\"https:\\\/\\\/centrourbano.com\\\/revista\\\/\",\"logo\":{\"@type\":\"ImageObject\",\"inLanguage\":\"es\",\"@id\":\"https:\\\/\\\/centrourbano.com\\\/revista\\\/#\\\/schema\\\/logo\\\/image\\\/\",\"url\":\"https:\\\/\\\/centrourbano.com\\\/revista\\\/wp-content\\\/uploads\\\/web_CU_logo-1.png\",\"contentUrl\":\"https:\\\/\\\/centrourbano.com\\\/revista\\\/wp-content\\\/uploads\\\/web_CU_logo-1.png\",\"width\":350,\"height\":91,\"caption\":\"Centro Urbano\"},\"image\":{\"@id\":\"https:\\\/\\\/centrourbano.com\\\/revista\\\/#\\\/schema\\\/logo\\\/image\\\/\"},\"sameAs\":[\"https:\\\/\\\/www.facebook.com\\\/portalcentrourbano\",\"https:\\\/\\\/x.com\\\/CentroUrbano\",\"https:\\\/\\\/www.instagram.com\\\/centro_urbano\\\/\",\"https:\\\/\\\/www.linkedin.com\\\/company\\\/centro-urbano\\\/\",\"http:\\\/\\\/www.youtube.com\\\/user\\\/portalcentrourbano\"]},{\"@type\":\"Person\",\"@id\":\"https:\\\/\\\/centrourbano.com\\\/revista\\\/#\\\/schema\\\/person\\\/370fa0ba2d8dd5bde3fdb8b62ad360aa\",\"name\":\"G4A\",\"image\":{\"@type\":\"ImageObject\",\"inLanguage\":\"es\",\"@id\":\"https:\\\/\\\/secure.gravatar.com\\\/avatar\\\/932a97121b13d5de5bbd8193c6c83d3b92c9eda0f39623607d4280e7a5778d97?s=96&d=mm&r=g\",\"url\":\"https:\\\/\\\/secure.gravatar.com\\\/avatar\\\/932a97121b13d5de5bbd8193c6c83d3b92c9eda0f39623607d4280e7a5778d97?s=96&d=mm&r=g\",\"contentUrl\":\"https:\\\/\\\/secure.gravatar.com\\\/avatar\\\/932a97121b13d5de5bbd8193c6c83d3b92c9eda0f39623607d4280e7a5778d97?s=96&d=mm&r=g\",\"caption\":\"G4A\"},\"url\":\"https:\\\/\\\/centrourbano.com\\\/revista\\\/author\\\/admin-g4a\\\/\"}]}<\/script>\n<!-- \/ Yoast SEO plugin. -->","yoast_head_json":{"title":"Impulsa sector automotriz a la zona del Baj\u00edo -","description":"&nbsp; La zona cerr\u00f3 el primer semestre del a\u00f1o con 285 mil nuevos metros cuadrados de construcci\u00f3n La actividad de la construcci\u00f3n en el Baj\u00edo se","robots":{"index":"index","follow":"follow","max-snippet":"max-snippet:-1","max-image-preview":"max-image-preview:large","max-video-preview":"max-video-preview:-1"},"canonical":"https:\/\/centrourbano.com\/revista\/inmobiliario\/impulsa-sector-automotriz-al-bajio\/","og_locale":"es_ES","og_type":"article","og_title":"Impulsa sector automotriz a la zona del Baj\u00edo -","og_description":"&nbsp; La zona cerr\u00f3 el primer semestre del a\u00f1o con 285 mil nuevos metros cuadrados de construcci\u00f3n La actividad de la construcci\u00f3n en el Baj\u00edo se","og_url":"https:\/\/centrourbano.com\/revista\/inmobiliario\/impulsa-sector-automotriz-al-bajio\/","og_site_name":"Centro Urbano","article_publisher":"https:\/\/www.facebook.com\/portalcentrourbano","article_published_time":"2015-08-11T18:47:54+00:00","article_modified_time":"2015-08-11T22:50:02+00:00","og_image":[{"width":1728,"height":1152,"url":"https:\/\/centrourbano.com\/revista\/wp-content\/uploads\/imagenes-de-guanajuato.jpg","type":"image\/jpeg"}],"author":"G4A","twitter_card":"summary_large_image","twitter_creator":"@CentroUrbano","twitter_site":"@CentroUrbano","twitter_misc":{"Escrito por":"G4A","Tiempo de lectura":"2 minutos"},"schema":{"@context":"https:\/\/schema.org","@graph":[{"@type":"Article","@id":"https:\/\/centrourbano.com\/revista\/inmobiliario\/impulsa-sector-automotriz-al-bajio\/#article","isPartOf":{"@id":"https:\/\/centrourbano.com\/revista\/inmobiliario\/impulsa-sector-automotriz-al-bajio\/"},"author":{"name":"G4A","@id":"https:\/\/centrourbano.com\/revista\/#\/schema\/person\/370fa0ba2d8dd5bde3fdb8b62ad360aa"},"headline":"Impulsa sector automotriz a la zona del Baj\u00edo","datePublished":"2015-08-11T18:47:54+00:00","dateModified":"2015-08-11T22:50:02+00:00","mainEntityOfPage":{"@id":"https:\/\/centrourbano.com\/revista\/inmobiliario\/impulsa-sector-automotriz-al-bajio\/"},"wordCount":313,"commentCount":0,"publisher":{"@id":"https:\/\/centrourbano.com\/revista\/#organization"},"image":{"@id":"https:\/\/centrourbano.com\/revista\/inmobiliario\/impulsa-sector-automotriz-al-bajio\/#primaryimage"},"thumbnailUrl":"https:\/\/centrourbano.com\/revista\/wp-content\/uploads\/imagenes-de-guanajuato.jpg","keywords":["BAj\u00edo","Guanajuato","Quer\u00e9taro","San Luis Potos\u00ed"],"articleSection":["Inmobiliario"],"inLanguage":"es"},{"@type":"WebPage","@id":"https:\/\/centrourbano.com\/revista\/inmobiliario\/impulsa-sector-automotriz-al-bajio\/","url":"https:\/\/centrourbano.com\/revista\/inmobiliario\/impulsa-sector-automotriz-al-bajio\/","name":"Impulsa sector automotriz a la zona del Baj\u00edo -","isPartOf":{"@id":"https:\/\/centrourbano.com\/revista\/#website"},"primaryImageOfPage":{"@id":"https:\/\/centrourbano.com\/revista\/inmobiliario\/impulsa-sector-automotriz-al-bajio\/#primaryimage"},"image":{"@id":"https:\/\/centrourbano.com\/revista\/inmobiliario\/impulsa-sector-automotriz-al-bajio\/#primaryimage"},"thumbnailUrl":"https:\/\/centrourbano.com\/revista\/wp-content\/uploads\/imagenes-de-guanajuato.jpg","datePublished":"2015-08-11T18:47:54+00:00","dateModified":"2015-08-11T22:50:02+00:00","description":"&nbsp; La zona cerr\u00f3 el primer semestre del a\u00f1o con 285 mil nuevos metros cuadrados de construcci\u00f3n La actividad de la construcci\u00f3n en el Baj\u00edo se","breadcrumb":{"@id":"https:\/\/centrourbano.com\/revista\/inmobiliario\/impulsa-sector-automotriz-al-bajio\/#breadcrumb"},"inLanguage":"es","potentialAction":[{"@type":"ReadAction","target":["https:\/\/centrourbano.com\/revista\/inmobiliario\/impulsa-sector-automotriz-al-bajio\/"]}]},{"@type":"ImageObject","inLanguage":"es","@id":"https:\/\/centrourbano.com\/revista\/inmobiliario\/impulsa-sector-automotriz-al-bajio\/#primaryimage","url":"https:\/\/centrourbano.com\/revista\/wp-content\/uploads\/imagenes-de-guanajuato.jpg","contentUrl":"https:\/\/centrourbano.com\/revista\/wp-content\/uploads\/imagenes-de-guanajuato.jpg","width":1728,"height":1152},{"@type":"BreadcrumbList","@id":"https:\/\/centrourbano.com\/revista\/inmobiliario\/impulsa-sector-automotriz-al-bajio\/#breadcrumb","itemListElement":[{"@type":"ListItem","position":1,"name":"Portada","item":"https:\/\/centrourbano.com\/revista\/"},{"@type":"ListItem","position":2,"name":"Impulsa sector automotriz a la zona del Baj\u00edo"}]},{"@type":"WebSite","@id":"https:\/\/centrourbano.com\/revista\/#website","url":"https:\/\/centrourbano.com\/revista\/","name":"Centro Urbano","description":"Medio especializado en los sectores vivienda, inmobiliario, construcci\u00f3n, arquitectura y urbanismo.","publisher":{"@id":"https:\/\/centrourbano.com\/revista\/#organization"},"potentialAction":[{"@type":"SearchAction","target":{"@type":"EntryPoint","urlTemplate":"https:\/\/centrourbano.com\/revista\/?s={search_term_string}"},"query-input":{"@type":"PropertyValueSpecification","valueRequired":true,"valueName":"search_term_string"}}],"inLanguage":"es"},{"@type":"Organization","@id":"https:\/\/centrourbano.com\/revista\/#organization","name":"Centro Urbano","url":"https:\/\/centrourbano.com\/revista\/","logo":{"@type":"ImageObject","inLanguage":"es","@id":"https:\/\/centrourbano.com\/revista\/#\/schema\/logo\/image\/","url":"https:\/\/centrourbano.com\/revista\/wp-content\/uploads\/web_CU_logo-1.png","contentUrl":"https:\/\/centrourbano.com\/revista\/wp-content\/uploads\/web_CU_logo-1.png","width":350,"height":91,"caption":"Centro Urbano"},"image":{"@id":"https:\/\/centrourbano.com\/revista\/#\/schema\/logo\/image\/"},"sameAs":["https:\/\/www.facebook.com\/portalcentrourbano","https:\/\/x.com\/CentroUrbano","https:\/\/www.instagram.com\/centro_urbano\/","https:\/\/www.linkedin.com\/company\/centro-urbano\/","http:\/\/www.youtube.com\/user\/portalcentrourbano"]},{"@type":"Person","@id":"https:\/\/centrourbano.com\/revista\/#\/schema\/person\/370fa0ba2d8dd5bde3fdb8b62ad360aa","name":"G4A","image":{"@type":"ImageObject","inLanguage":"es","@id":"https:\/\/secure.gravatar.com\/avatar\/932a97121b13d5de5bbd8193c6c83d3b92c9eda0f39623607d4280e7a5778d97?s=96&d=mm&r=g","url":"https:\/\/secure.gravatar.com\/avatar\/932a97121b13d5de5bbd8193c6c83d3b92c9eda0f39623607d4280e7a5778d97?s=96&d=mm&r=g","contentUrl":"https:\/\/secure.gravatar.com\/avatar\/932a97121b13d5de5bbd8193c6c83d3b92c9eda0f39623607d4280e7a5778d97?s=96&d=mm&r=g","caption":"G4A"},"url":"https:\/\/centrourbano.com\/revista\/author\/admin-g4a\/"}]}},"_links":{"self":[{"href":"https:\/\/centrourbano.com\/revista\/wp-json\/wp\/v2\/posts\/22163","targetHints":{"allow":["GET"]}}],"collection":[{"href":"https:\/\/centrourbano.com\/revista\/wp-json\/wp\/v2\/posts"}],"about":[{"href":"https:\/\/centrourbano.com\/revista\/wp-json\/wp\/v2\/types\/post"}],"author":[{"embeddable":true,"href":"https:\/\/centrourbano.com\/revista\/wp-json\/wp\/v2\/users\/77"}],"replies":[{"embeddable":true,"href":"https:\/\/centrourbano.com\/revista\/wp-json\/wp\/v2\/comments?post=22163"}],"version-history":[{"count":0,"href":"https:\/\/centrourbano.com\/revista\/wp-json\/wp\/v2\/posts\/22163\/revisions"}],"wp:featuredmedia":[{"embeddable":true,"href":"https:\/\/centrourbano.com\/revista\/wp-json\/wp\/v2\/media\/22164"}],"wp:attachment":[{"href":"https:\/\/centrourbano.com\/revista\/wp-json\/wp\/v2\/media?parent=22163"}],"wp:term":[{"taxonomy":"category","embeddable":true,"href":"https:\/\/centrourbano.com\/revista\/wp-json\/wp\/v2\/categories?post=22163"},{"taxonomy":"post_tag","embeddable":true,"href":"https:\/\/centrourbano.com\/revista\/wp-json\/wp\/v2\/tags?post=22163"}],"curies":[{"name":"wp","href":"https:\/\/api.w.org\/{rel}","templated":true}]}}