{"id":2211,"date":"2013-12-31T10:16:24","date_gmt":"2013-12-31T16:16:24","guid":{"rendered":"http:\/\/centrourbano.com\/?p=2211"},"modified":"2014-03-21T12:27:28","modified_gmt":"2014-03-21T18:27:28","slug":"falta-de-movilidad-frena-crecimiento-en-cuajimalpa","status":"publish","type":"post","link":"https:\/\/centrourbano.com\/revista\/urbanismo\/falta-de-movilidad-frena-crecimiento-en-cuajimalpa\/","title":{"rendered":"Falta de movilidad frena crecimiento en Cuajimalpa"},"content":{"rendered":"<p><i>Santa Fe es un \u00e1rea que ha sido rebasada por el crecimiento sin planeaci\u00f3n y servicios insuficientes, una de las razones por las cuales algunos corporativos decidieron mudarse por el tr\u00e1nsito y falta de transporte p\u00fablico<\/i><\/p>\n<p><i><!--more--><\/i><\/p>\n<p>&nbsp;<\/p>\n<p>El problema de movilidad en el poniente de la ciudad es la causa por la cual varios inversionistas abandonan esta zona financiera, pues mencion\u00f3 Adri\u00e1n Rubalcava, jefe delegacional de Cuajimalpa, que Santa Fe es un territorio rebasado por el crecimiento, sin planeaci\u00f3n e insuficientes servicios.<\/p>\n<p>&nbsp;<\/p>\n<p>Tambi\u00e9n reconoci\u00f3 que algunos corporativos decidieron mudarse por la problem\u00e1tica que genera el tr\u00e1nsito y la falta de sistema de transporte p\u00fablico, aspectos que repercuten en el desempe\u00f1o de sus empleados y el desarrollo de sus empresas.<\/p>\n<p>&nbsp;<\/p>\n<p>Asegur\u00f3 que su postura de evitar que sigan construy\u00e9ndose m\u00e1s desarrollos inmobiliarios porque no cuentan con infraestructura y servicios b\u00e1sicos como drenaje, no es la raz\u00f3n por la cual se presenta este fen\u00f3meno.<\/p>\n<p>&nbsp;<\/p>\n<p>\u201cHoy en d\u00eda se han ido corporativos enteros que daban empleo de forma importante en la zona; dec\u00edan: \u2018ya no podemos trabajar aqu\u00ed, nuestros empleados no llegan, no hay el transporte que les permita estar aqu\u00ed, est\u00e1 muy bonito; pero nosotros necesitamos movilidad, que los empleados lleguen, que haya un ejercicio econ\u00f3mico en esa zona\u2019\u201d, dijo Rubalcava.<\/p>\n","protected":false},"excerpt":{"rendered":"<p>Santa Fe es un \u00e1rea que ha sido rebasada por el crecimiento sin planeaci\u00f3n y servicios insuficientes, una de las razones por las cuales algunos corporativos decidieron mudarse por el tr\u00e1nsito y falta de transporte p\u00fablico<\/p>\n","protected":false},"author":7,"featured_media":16849,"comment_status":"open","ping_status":"closed","sticky":false,"template":"","format":"standard","meta":{"om_disable_all_campaigns":false,"inline_featured_image":false,"_monsterinsights_skip_tracking":false,"_monsterinsights_sitenote_active":false,"_monsterinsights_sitenote_note":"","_monsterinsights_sitenote_category":0,"footnotes":""},"categories":[82],"tags":[679,678,487,255],"class_list":["post-2211","post","type-post","status-publish","format-standard","has-post-thumbnail","hentry","category-urbanismo","tag-cuajimalpa","tag-falta-de-movilidad","tag-movilidad","tag-santa-fe"],"yoast_head":"<!-- This site is optimized with the Yoast SEO plugin v27.5 - https:\/\/yoast.com\/product\/yoast-seo-wordpress\/ -->\n<title>Falta de movilidad frena crecimiento en Cuajimalpa -<\/title>\n<meta name=\"description\" content=\"Santa Fe es un \u00e1rea que ha sido rebasada por el crecimiento sin planeaci\u00f3n y servicios insuficientes, una de las razones por las cuales algunos\" \/>\n<meta name=\"robots\" content=\"index, follow, max-snippet:-1, max-image-preview:large, max-video-preview:-1\" \/>\n<link rel=\"canonical\" href=\"https:\/\/centrourbano.com\/revista\/urbanismo\/falta-de-movilidad-frena-crecimiento-en-cuajimalpa\/\" \/>\n<meta property=\"og:locale\" content=\"es_ES\" \/>\n<meta property=\"og:type\" content=\"article\" \/>\n<meta property=\"og:title\" content=\"Falta de movilidad frena crecimiento en Cuajimalpa -\" \/>\n<meta property=\"og:description\" content=\"Santa Fe es un \u00e1rea que ha sido rebasada por el crecimiento sin planeaci\u00f3n y servicios insuficientes, una de las razones por las cuales algunos\" \/>\n<meta property=\"og:url\" content=\"https:\/\/centrourbano.com\/revista\/urbanismo\/falta-de-movilidad-frena-crecimiento-en-cuajimalpa\/\" \/>\n<meta property=\"og:site_name\" content=\"Centro Urbano\" \/>\n<meta property=\"article:publisher\" content=\"https:\/\/www.facebook.com\/portalcentrourbano\" \/>\n<meta property=\"article:published_time\" content=\"2013-12-31T16:16:24+00:00\" \/>\n<meta property=\"article:modified_time\" content=\"2014-03-21T18:27:28+00:00\" \/>\n<meta property=\"og:image\" content=\"https:\/\/centrourbano.com\/revista\/wp-content\/uploads\/santa-fe11-e1509648931896.jpg\" \/>\n\t<meta property=\"og:image:width\" content=\"800\" \/>\n\t<meta property=\"og:image:height\" content=\"535\" \/>\n\t<meta property=\"og:image:type\" content=\"image\/jpeg\" \/>\n<meta name=\"author\" content=\"Yuriko Barrera\" \/>\n<meta name=\"twitter:card\" content=\"summary_large_image\" \/>\n<meta name=\"twitter:creator\" content=\"@CentroUrbano\" \/>\n<meta name=\"twitter:site\" content=\"@CentroUrbano\" \/>\n<meta name=\"twitter:label1\" content=\"Escrito por\" \/>\n\t<meta name=\"twitter:data1\" content=\"Yuriko Barrera\" \/>\n\t<meta name=\"twitter:label2\" content=\"Tiempo de lectura\" \/>\n\t<meta name=\"twitter:data2\" content=\"1 minuto\" \/>\n<script type=\"application\/ld+json\" class=\"yoast-schema-graph\">{\"@context\":\"https:\\\/\\\/schema.org\",\"@graph\":[{\"@type\":\"Article\",\"@id\":\"https:\\\/\\\/centrourbano.com\\\/revista\\\/urbanismo\\\/falta-de-movilidad-frena-crecimiento-en-cuajimalpa\\\/#article\",\"isPartOf\":{\"@id\":\"https:\\\/\\\/centrourbano.com\\\/revista\\\/urbanismo\\\/falta-de-movilidad-frena-crecimiento-en-cuajimalpa\\\/\"},\"author\":{\"name\":\"Yuriko Barrera\",\"@id\":\"https:\\\/\\\/centrourbano.com\\\/revista\\\/#\\\/schema\\\/person\\\/5d7b2fca27b2d2e91ac8257e072ba973\"},\"headline\":\"Falta de movilidad frena crecimiento en Cuajimalpa\",\"datePublished\":\"2013-12-31T16:16:24+00:00\",\"dateModified\":\"2014-03-21T18:27:28+00:00\",\"mainEntityOfPage\":{\"@id\":\"https:\\\/\\\/centrourbano.com\\\/revista\\\/urbanismo\\\/falta-de-movilidad-frena-crecimiento-en-cuajimalpa\\\/\"},\"wordCount\":237,\"commentCount\":0,\"publisher\":{\"@id\":\"https:\\\/\\\/centrourbano.com\\\/revista\\\/#organization\"},\"image\":{\"@id\":\"https:\\\/\\\/centrourbano.com\\\/revista\\\/urbanismo\\\/falta-de-movilidad-frena-crecimiento-en-cuajimalpa\\\/#primaryimage\"},\"thumbnailUrl\":\"https:\\\/\\\/centrourbano.com\\\/revista\\\/wp-content\\\/uploads\\\/santa-fe11-e1509648931896.jpg\",\"keywords\":[\"Cuajimalpa\",\"Falta de movilidad\",\"movilidad\",\"Santa Fe\"],\"articleSection\":[\"Urbanismo\"],\"inLanguage\":\"es\",\"potentialAction\":[{\"@type\":\"CommentAction\",\"name\":\"Comment\",\"target\":[\"https:\\\/\\\/centrourbano.com\\\/revista\\\/urbanismo\\\/falta-de-movilidad-frena-crecimiento-en-cuajimalpa\\\/#respond\"]}]},{\"@type\":\"WebPage\",\"@id\":\"https:\\\/\\\/centrourbano.com\\\/revista\\\/urbanismo\\\/falta-de-movilidad-frena-crecimiento-en-cuajimalpa\\\/\",\"url\":\"https:\\\/\\\/centrourbano.com\\\/revista\\\/urbanismo\\\/falta-de-movilidad-frena-crecimiento-en-cuajimalpa\\\/\",\"name\":\"Falta de movilidad frena crecimiento en Cuajimalpa -\",\"isPartOf\":{\"@id\":\"https:\\\/\\\/centrourbano.com\\\/revista\\\/#website\"},\"primaryImageOfPage\":{\"@id\":\"https:\\\/\\\/centrourbano.com\\\/revista\\\/urbanismo\\\/falta-de-movilidad-frena-crecimiento-en-cuajimalpa\\\/#primaryimage\"},\"image\":{\"@id\":\"https:\\\/\\\/centrourbano.com\\\/revista\\\/urbanismo\\\/falta-de-movilidad-frena-crecimiento-en-cuajimalpa\\\/#primaryimage\"},\"thumbnailUrl\":\"https:\\\/\\\/centrourbano.com\\\/revista\\\/wp-content\\\/uploads\\\/santa-fe11-e1509648931896.jpg\",\"datePublished\":\"2013-12-31T16:16:24+00:00\",\"dateModified\":\"2014-03-21T18:27:28+00:00\",\"description\":\"Santa Fe es un \u00e1rea que ha sido rebasada por el crecimiento sin planeaci\u00f3n y servicios insuficientes, una de las razones por las cuales algunos\",\"breadcrumb\":{\"@id\":\"https:\\\/\\\/centrourbano.com\\\/revista\\\/urbanismo\\\/falta-de-movilidad-frena-crecimiento-en-cuajimalpa\\\/#breadcrumb\"},\"inLanguage\":\"es\",\"potentialAction\":[{\"@type\":\"ReadAction\",\"target\":[\"https:\\\/\\\/centrourbano.com\\\/revista\\\/urbanismo\\\/falta-de-movilidad-frena-crecimiento-en-cuajimalpa\\\/\"]}]},{\"@type\":\"ImageObject\",\"inLanguage\":\"es\",\"@id\":\"https:\\\/\\\/centrourbano.com\\\/revista\\\/urbanismo\\\/falta-de-movilidad-frena-crecimiento-en-cuajimalpa\\\/#primaryimage\",\"url\":\"https:\\\/\\\/centrourbano.com\\\/revista\\\/wp-content\\\/uploads\\\/santa-fe11-e1509648931896.jpg\",\"contentUrl\":\"https:\\\/\\\/centrourbano.com\\\/revista\\\/wp-content\\\/uploads\\\/santa-fe11-e1509648931896.jpg\",\"width\":800,\"height\":535},{\"@type\":\"BreadcrumbList\",\"@id\":\"https:\\\/\\\/centrourbano.com\\\/revista\\\/urbanismo\\\/falta-de-movilidad-frena-crecimiento-en-cuajimalpa\\\/#breadcrumb\",\"itemListElement\":[{\"@type\":\"ListItem\",\"position\":1,\"name\":\"Portada\",\"item\":\"https:\\\/\\\/centrourbano.com\\\/revista\\\/\"},{\"@type\":\"ListItem\",\"position\":2,\"name\":\"Falta de movilidad frena crecimiento en Cuajimalpa\"}]},{\"@type\":\"WebSite\",\"@id\":\"https:\\\/\\\/centrourbano.com\\\/revista\\\/#website\",\"url\":\"https:\\\/\\\/centrourbano.com\\\/revista\\\/\",\"name\":\"Centro Urbano\",\"description\":\"Medio especializado en los sectores vivienda, inmobiliario, construcci\u00f3n, arquitectura y urbanismo.\",\"publisher\":{\"@id\":\"https:\\\/\\\/centrourbano.com\\\/revista\\\/#organization\"},\"potentialAction\":[{\"@type\":\"SearchAction\",\"target\":{\"@type\":\"EntryPoint\",\"urlTemplate\":\"https:\\\/\\\/centrourbano.com\\\/revista\\\/?s={search_term_string}\"},\"query-input\":{\"@type\":\"PropertyValueSpecification\",\"valueRequired\":true,\"valueName\":\"search_term_string\"}}],\"inLanguage\":\"es\"},{\"@type\":\"Organization\",\"@id\":\"https:\\\/\\\/centrourbano.com\\\/revista\\\/#organization\",\"name\":\"Centro Urbano\",\"url\":\"https:\\\/\\\/centrourbano.com\\\/revista\\\/\",\"logo\":{\"@type\":\"ImageObject\",\"inLanguage\":\"es\",\"@id\":\"https:\\\/\\\/centrourbano.com\\\/revista\\\/#\\\/schema\\\/logo\\\/image\\\/\",\"url\":\"https:\\\/\\\/centrourbano.com\\\/revista\\\/wp-content\\\/uploads\\\/web_CU_logo-1.png\",\"contentUrl\":\"https:\\\/\\\/centrourbano.com\\\/revista\\\/wp-content\\\/uploads\\\/web_CU_logo-1.png\",\"width\":350,\"height\":91,\"caption\":\"Centro Urbano\"},\"image\":{\"@id\":\"https:\\\/\\\/centrourbano.com\\\/revista\\\/#\\\/schema\\\/logo\\\/image\\\/\"},\"sameAs\":[\"https:\\\/\\\/www.facebook.com\\\/portalcentrourbano\",\"https:\\\/\\\/x.com\\\/CentroUrbano\",\"https:\\\/\\\/www.instagram.com\\\/centro_urbano\\\/\",\"https:\\\/\\\/www.linkedin.com\\\/company\\\/centro-urbano\\\/\",\"http:\\\/\\\/www.youtube.com\\\/user\\\/portalcentrourbano\"]},{\"@type\":\"Person\",\"@id\":\"https:\\\/\\\/centrourbano.com\\\/revista\\\/#\\\/schema\\\/person\\\/5d7b2fca27b2d2e91ac8257e072ba973\",\"name\":\"Yuriko Barrera\",\"image\":{\"@type\":\"ImageObject\",\"inLanguage\":\"es\",\"@id\":\"https:\\\/\\\/secure.gravatar.com\\\/avatar\\\/134d0d2b59080428f5a714c59baa8306f3f3d3a3083bd6efeff035d884a8bf97?s=96&d=mm&r=g\",\"url\":\"https:\\\/\\\/secure.gravatar.com\\\/avatar\\\/134d0d2b59080428f5a714c59baa8306f3f3d3a3083bd6efeff035d884a8bf97?s=96&d=mm&r=g\",\"contentUrl\":\"https:\\\/\\\/secure.gravatar.com\\\/avatar\\\/134d0d2b59080428f5a714c59baa8306f3f3d3a3083bd6efeff035d884a8bf97?s=96&d=mm&r=g\",\"caption\":\"Yuriko Barrera\"},\"description\":\"Egresada de la Facultad de Ciencias Pol\u00edticas y Sociales de la UNAM. Boxeadora, tragona, cocinera y bailadora. Gusto de las m\u00e1scaras t\u00e9tricas, los cuervos, el cine de terror y la m\u00fasica. Escribo en mi blog, Me divierto con lo que hago. Reportera porque amo y twittera porque quiero.\",\"url\":\"https:\\\/\\\/centrourbano.com\\\/revista\\\/author\\\/yuriko-barrera\\\/\"}]}<\/script>\n<!-- \/ Yoast SEO plugin. -->","yoast_head_json":{"title":"Falta de movilidad frena crecimiento en Cuajimalpa -","description":"Santa Fe es un \u00e1rea que ha sido rebasada por el crecimiento sin planeaci\u00f3n y servicios insuficientes, una de las razones por las cuales algunos","robots":{"index":"index","follow":"follow","max-snippet":"max-snippet:-1","max-image-preview":"max-image-preview:large","max-video-preview":"max-video-preview:-1"},"canonical":"https:\/\/centrourbano.com\/revista\/urbanismo\/falta-de-movilidad-frena-crecimiento-en-cuajimalpa\/","og_locale":"es_ES","og_type":"article","og_title":"Falta de movilidad frena crecimiento en Cuajimalpa -","og_description":"Santa Fe es un \u00e1rea que ha sido rebasada por el crecimiento sin planeaci\u00f3n y servicios insuficientes, una de las razones por las cuales algunos","og_url":"https:\/\/centrourbano.com\/revista\/urbanismo\/falta-de-movilidad-frena-crecimiento-en-cuajimalpa\/","og_site_name":"Centro Urbano","article_publisher":"https:\/\/www.facebook.com\/portalcentrourbano","article_published_time":"2013-12-31T16:16:24+00:00","article_modified_time":"2014-03-21T18:27:28+00:00","og_image":[{"width":800,"height":535,"url":"https:\/\/centrourbano.com\/revista\/wp-content\/uploads\/santa-fe11-e1509648931896.jpg","type":"image\/jpeg"}],"author":"Yuriko Barrera","twitter_card":"summary_large_image","twitter_creator":"@CentroUrbano","twitter_site":"@CentroUrbano","twitter_misc":{"Escrito por":"Yuriko Barrera","Tiempo de lectura":"1 minuto"},"schema":{"@context":"https:\/\/schema.org","@graph":[{"@type":"Article","@id":"https:\/\/centrourbano.com\/revista\/urbanismo\/falta-de-movilidad-frena-crecimiento-en-cuajimalpa\/#article","isPartOf":{"@id":"https:\/\/centrourbano.com\/revista\/urbanismo\/falta-de-movilidad-frena-crecimiento-en-cuajimalpa\/"},"author":{"name":"Yuriko Barrera","@id":"https:\/\/centrourbano.com\/revista\/#\/schema\/person\/5d7b2fca27b2d2e91ac8257e072ba973"},"headline":"Falta de movilidad frena crecimiento en Cuajimalpa","datePublished":"2013-12-31T16:16:24+00:00","dateModified":"2014-03-21T18:27:28+00:00","mainEntityOfPage":{"@id":"https:\/\/centrourbano.com\/revista\/urbanismo\/falta-de-movilidad-frena-crecimiento-en-cuajimalpa\/"},"wordCount":237,"commentCount":0,"publisher":{"@id":"https:\/\/centrourbano.com\/revista\/#organization"},"image":{"@id":"https:\/\/centrourbano.com\/revista\/urbanismo\/falta-de-movilidad-frena-crecimiento-en-cuajimalpa\/#primaryimage"},"thumbnailUrl":"https:\/\/centrourbano.com\/revista\/wp-content\/uploads\/santa-fe11-e1509648931896.jpg","keywords":["Cuajimalpa","Falta de movilidad","movilidad","Santa Fe"],"articleSection":["Urbanismo"],"inLanguage":"es","potentialAction":[{"@type":"CommentAction","name":"Comment","target":["https:\/\/centrourbano.com\/revista\/urbanismo\/falta-de-movilidad-frena-crecimiento-en-cuajimalpa\/#respond"]}]},{"@type":"WebPage","@id":"https:\/\/centrourbano.com\/revista\/urbanismo\/falta-de-movilidad-frena-crecimiento-en-cuajimalpa\/","url":"https:\/\/centrourbano.com\/revista\/urbanismo\/falta-de-movilidad-frena-crecimiento-en-cuajimalpa\/","name":"Falta de movilidad frena crecimiento en Cuajimalpa -","isPartOf":{"@id":"https:\/\/centrourbano.com\/revista\/#website"},"primaryImageOfPage":{"@id":"https:\/\/centrourbano.com\/revista\/urbanismo\/falta-de-movilidad-frena-crecimiento-en-cuajimalpa\/#primaryimage"},"image":{"@id":"https:\/\/centrourbano.com\/revista\/urbanismo\/falta-de-movilidad-frena-crecimiento-en-cuajimalpa\/#primaryimage"},"thumbnailUrl":"https:\/\/centrourbano.com\/revista\/wp-content\/uploads\/santa-fe11-e1509648931896.jpg","datePublished":"2013-12-31T16:16:24+00:00","dateModified":"2014-03-21T18:27:28+00:00","description":"Santa Fe es un \u00e1rea que ha sido rebasada por el crecimiento sin planeaci\u00f3n y servicios insuficientes, una de las razones por las cuales algunos","breadcrumb":{"@id":"https:\/\/centrourbano.com\/revista\/urbanismo\/falta-de-movilidad-frena-crecimiento-en-cuajimalpa\/#breadcrumb"},"inLanguage":"es","potentialAction":[{"@type":"ReadAction","target":["https:\/\/centrourbano.com\/revista\/urbanismo\/falta-de-movilidad-frena-crecimiento-en-cuajimalpa\/"]}]},{"@type":"ImageObject","inLanguage":"es","@id":"https:\/\/centrourbano.com\/revista\/urbanismo\/falta-de-movilidad-frena-crecimiento-en-cuajimalpa\/#primaryimage","url":"https:\/\/centrourbano.com\/revista\/wp-content\/uploads\/santa-fe11-e1509648931896.jpg","contentUrl":"https:\/\/centrourbano.com\/revista\/wp-content\/uploads\/santa-fe11-e1509648931896.jpg","width":800,"height":535},{"@type":"BreadcrumbList","@id":"https:\/\/centrourbano.com\/revista\/urbanismo\/falta-de-movilidad-frena-crecimiento-en-cuajimalpa\/#breadcrumb","itemListElement":[{"@type":"ListItem","position":1,"name":"Portada","item":"https:\/\/centrourbano.com\/revista\/"},{"@type":"ListItem","position":2,"name":"Falta de movilidad frena crecimiento en Cuajimalpa"}]},{"@type":"WebSite","@id":"https:\/\/centrourbano.com\/revista\/#website","url":"https:\/\/centrourbano.com\/revista\/","name":"Centro Urbano","description":"Medio especializado en los sectores vivienda, inmobiliario, construcci\u00f3n, arquitectura y urbanismo.","publisher":{"@id":"https:\/\/centrourbano.com\/revista\/#organization"},"potentialAction":[{"@type":"SearchAction","target":{"@type":"EntryPoint","urlTemplate":"https:\/\/centrourbano.com\/revista\/?s={search_term_string}"},"query-input":{"@type":"PropertyValueSpecification","valueRequired":true,"valueName":"search_term_string"}}],"inLanguage":"es"},{"@type":"Organization","@id":"https:\/\/centrourbano.com\/revista\/#organization","name":"Centro Urbano","url":"https:\/\/centrourbano.com\/revista\/","logo":{"@type":"ImageObject","inLanguage":"es","@id":"https:\/\/centrourbano.com\/revista\/#\/schema\/logo\/image\/","url":"https:\/\/centrourbano.com\/revista\/wp-content\/uploads\/web_CU_logo-1.png","contentUrl":"https:\/\/centrourbano.com\/revista\/wp-content\/uploads\/web_CU_logo-1.png","width":350,"height":91,"caption":"Centro Urbano"},"image":{"@id":"https:\/\/centrourbano.com\/revista\/#\/schema\/logo\/image\/"},"sameAs":["https:\/\/www.facebook.com\/portalcentrourbano","https:\/\/x.com\/CentroUrbano","https:\/\/www.instagram.com\/centro_urbano\/","https:\/\/www.linkedin.com\/company\/centro-urbano\/","http:\/\/www.youtube.com\/user\/portalcentrourbano"]},{"@type":"Person","@id":"https:\/\/centrourbano.com\/revista\/#\/schema\/person\/5d7b2fca27b2d2e91ac8257e072ba973","name":"Yuriko Barrera","image":{"@type":"ImageObject","inLanguage":"es","@id":"https:\/\/secure.gravatar.com\/avatar\/134d0d2b59080428f5a714c59baa8306f3f3d3a3083bd6efeff035d884a8bf97?s=96&d=mm&r=g","url":"https:\/\/secure.gravatar.com\/avatar\/134d0d2b59080428f5a714c59baa8306f3f3d3a3083bd6efeff035d884a8bf97?s=96&d=mm&r=g","contentUrl":"https:\/\/secure.gravatar.com\/avatar\/134d0d2b59080428f5a714c59baa8306f3f3d3a3083bd6efeff035d884a8bf97?s=96&d=mm&r=g","caption":"Yuriko Barrera"},"description":"Egresada de la Facultad de Ciencias Pol\u00edticas y Sociales de la UNAM. Boxeadora, tragona, cocinera y bailadora. Gusto de las m\u00e1scaras t\u00e9tricas, los cuervos, el cine de terror y la m\u00fasica. Escribo en mi blog, Me divierto con lo que hago. Reportera porque amo y twittera porque quiero.","url":"https:\/\/centrourbano.com\/revista\/author\/yuriko-barrera\/"}]}},"_links":{"self":[{"href":"https:\/\/centrourbano.com\/revista\/wp-json\/wp\/v2\/posts\/2211","targetHints":{"allow":["GET"]}}],"collection":[{"href":"https:\/\/centrourbano.com\/revista\/wp-json\/wp\/v2\/posts"}],"about":[{"href":"https:\/\/centrourbano.com\/revista\/wp-json\/wp\/v2\/types\/post"}],"author":[{"embeddable":true,"href":"https:\/\/centrourbano.com\/revista\/wp-json\/wp\/v2\/users\/7"}],"replies":[{"embeddable":true,"href":"https:\/\/centrourbano.com\/revista\/wp-json\/wp\/v2\/comments?post=2211"}],"version-history":[{"count":0,"href":"https:\/\/centrourbano.com\/revista\/wp-json\/wp\/v2\/posts\/2211\/revisions"}],"wp:featuredmedia":[{"embeddable":true,"href":"https:\/\/centrourbano.com\/revista\/wp-json\/wp\/v2\/media\/16849"}],"wp:attachment":[{"href":"https:\/\/centrourbano.com\/revista\/wp-json\/wp\/v2\/media?parent=2211"}],"wp:term":[{"taxonomy":"category","embeddable":true,"href":"https:\/\/centrourbano.com\/revista\/wp-json\/wp\/v2\/categories?post=2211"},{"taxonomy":"post_tag","embeddable":true,"href":"https:\/\/centrourbano.com\/revista\/wp-json\/wp\/v2\/tags?post=2211"}],"curies":[{"name":"wp","href":"https:\/\/api.w.org\/{rel}","templated":true}]}}