{"id":22079,"date":"2015-08-10T09:17:55","date_gmt":"2015-08-10T14:17:55","guid":{"rendered":"http:\/\/centrourbano.com\/?p=22079"},"modified":"2015-08-10T11:46:44","modified_gmt":"2015-08-10T16:46:44","slug":"ponen-en-marcha-hospital-general-de-torreon","status":"publish","type":"post","link":"https:\/\/centrourbano.com\/revista\/construccion\/ponen-en-marcha-hospital-general-de-torreon\/","title":{"rendered":"Ponen en marcha Hospital General de Torre\u00f3n"},"content":{"rendered":"<p class=\"p1\"><em>Cuenta con \u00e1rea de terapia intensiva, 18 consultorios de diferentes especialidades, 10 laboratorios, cinco quir\u00f3fanos, as\u00ed como cuatro salas de expulsi\u00f3n<\/em><!--more--><\/p>\n<p>Una inversi\u00f3n de 420,000,000 de pesos fue destinada para llevar a cabo el Hospital General de Torre\u00f3n, mismo que ayudar\u00e1 a fortalecer la infraestructura hospitalaria del estado de Coahuila.<\/p>\n<p>Este nosocomio, que beneficiar\u00e1 directamente a los habitantes de la Regi\u00f3n Laguna, cuenta con \u00e1rea de terapia intensiva con UCIN (Unidad de Cuidados Intensivos Neonatales), adem\u00e1s de 18 consultorios de diferentes especialidades, 10 laboratorios, 5 quir\u00f3fanos y 4 salas de expulsi\u00f3n.<\/p>\n<p>Asimismo, ofrece \u00e1rea de imagenolog\u00eda (TAC, Rayos X, telemando, mastograf\u00eda, densit\u00f3metro), banco de sangre, central de esterilizaci\u00f3n y equipo (CEYE), adem\u00e1s de \u00e1rea de urgencias (\u00e1rea de shock), salas de espera, \u00e1rea administrativa, sanitarios para personal, sanitarios para p\u00fablico, comedor, cocina, lavander\u00eda, morgue.<\/p>\n<p>El \u00e1rea exterior cuenta con caseta de vigilancia, acceso para ambulancia, cuarto de m\u00e1quinas, dep\u00f3sito para RPBI (Residuos Peligrosos Biol\u00f3gicos Infecciosos),\u00a0almac\u00e9n general, barda perimetral, iluminaci\u00f3n, \u00e1rea verde de 9,600 m\u00b2, planta tratadora de aguas grises para riego, estacionamiento para visitantes y personal m\u00e9dico.<\/p>\n<p>De la inversi\u00f3n total, 186.94 millones de pesos se destinaron a la adquisici\u00f3n de equipo e instrumental m\u00e9dico y tecnolog\u00eda de punta, mientras que poco m\u00e1s de 233,000,000 de pesos se ejercieron en obra, lo cual excedi\u00f3 47.26 millones del presupuesto planteado inicialmente.<\/p>\n<p>El monto excedido atiende a que este nuevo hospital cuente con las acreditaciones hospitalarias en gastos catastr\u00f3ficos en cumplimiento de casi 700 conceptos de equipamiento, obra, insumos, normativas, servicios, capacitaci\u00f3n y personal especializado que garantizan la alta calidad en el otorgamiento de la atenci\u00f3n m\u00e9dica.<\/p>\n<p>Al respecto, el Gobernador Rub\u00e9n Moreira Valdez, destac\u00f3 que gracias al apoyo del Presidente Enrique Pe\u00f1a Nieto, Coahuila ha recibido una inversi\u00f3n para infraestructura hospitalaria de aproximadamente 920,000,000 de pesos, los cuales se han destinado a los diversos nosocomios de la Secretar\u00eda Salud en todo el Estado.<\/p>\n<p>Para el Centro Oncol\u00f3gico de Saltillo recibi\u00f3 360,000,000 millones de pesos, la Unidad de Quemados Saltillo 5,000,000 de pesos y para el tom\u00f3grafo del Hospital General de Piedras Negras fueron 12,000,000 de pesos.<\/p>\n<p>Los recursos otorgados por la federaci\u00f3n a Coahuila contemplan 1.5 millones de pesos para la Unidad de Quimioterapia Piedras Negras; 125,000,000 millones de pesos para Fortalecimiento y ampliaci\u00f3n de Hospitales Generales y Centros de Salud en el Estado as\u00ed como la remodelaci\u00f3n de quir\u00f3fanos, compra de equipo diversos y mejora en \u00e1reas de atenci\u00f3n m\u00e9dica.<\/p>\n","protected":false},"excerpt":{"rendered":"<p>Cuenta con \u00e1rea de terapia intensiva, 18 consultorios de diferentes especialidades, 10 laboratorios, cinco quir\u00f3fanos, as\u00ed como cuatro salas de expulsi\u00f3n<\/p>\n","protected":false},"author":9,"featured_media":22080,"comment_status":"open","ping_status":"closed","sticky":false,"template":"","format":"standard","meta":{"om_disable_all_campaigns":false,"inline_featured_image":false,"_monsterinsights_skip_tracking":false,"_monsterinsights_sitenote_active":false,"_monsterinsights_sitenote_note":"","_monsterinsights_sitenote_category":0,"footnotes":""},"categories":[14],"tags":[544,488,6009,1146,4382],"class_list":["post-22079","post","type-post","status-publish","format-standard","has-post-thumbnail","hentry","category-construccion","tag-coahuila","tag-hospital","tag-hospital-general-de-torreon","tag-infraestructura-hospitalaria","tag-torreon"],"yoast_head":"<!-- This site is optimized with the Yoast SEO plugin v27.4 - https:\/\/yoast.com\/product\/yoast-seo-wordpress\/ -->\n<title>Ponen en marcha Hospital General de Torre\u00f3n -<\/title>\n<meta name=\"description\" content=\"Cuenta con \u00e1rea de terapia intensiva, 18 consultorios de diferentes especialidades, 10 laboratorios, cinco quir\u00f3fanos, as\u00ed como cuatro salas de expulsi\u00f3n\" \/>\n<meta name=\"robots\" content=\"index, follow, max-snippet:-1, max-image-preview:large, max-video-preview:-1\" \/>\n<link rel=\"canonical\" href=\"https:\/\/centrourbano.com\/revista\/construccion\/ponen-en-marcha-hospital-general-de-torreon\/\" \/>\n<meta property=\"og:locale\" content=\"es_ES\" \/>\n<meta property=\"og:type\" content=\"article\" \/>\n<meta property=\"og:title\" content=\"Ponen en marcha Hospital General de Torre\u00f3n -\" \/>\n<meta property=\"og:description\" content=\"Cuenta con \u00e1rea de terapia intensiva, 18 consultorios de diferentes especialidades, 10 laboratorios, cinco quir\u00f3fanos, as\u00ed como cuatro salas de expulsi\u00f3n\" \/>\n<meta property=\"og:url\" content=\"https:\/\/centrourbano.com\/revista\/construccion\/ponen-en-marcha-hospital-general-de-torreon\/\" \/>\n<meta property=\"og:site_name\" content=\"Centro Urbano\" \/>\n<meta property=\"article:publisher\" content=\"https:\/\/www.facebook.com\/portalcentrourbano\" \/>\n<meta property=\"article:published_time\" content=\"2015-08-10T14:17:55+00:00\" \/>\n<meta property=\"article:modified_time\" content=\"2015-08-10T16:46:44+00:00\" \/>\n<meta property=\"og:image\" content=\"https:\/\/centrourbano.com\/revista\/wp-content\/uploads\/Hospital-General-de-Torre\u00f3n-.jpg\" \/>\n\t<meta property=\"og:image:width\" content=\"611\" \/>\n\t<meta property=\"og:image:height\" content=\"384\" \/>\n\t<meta property=\"og:image:type\" content=\"image\/jpeg\" \/>\n<meta name=\"author\" content=\"Dinorah Nava\" \/>\n<meta name=\"twitter:card\" content=\"summary_large_image\" \/>\n<meta name=\"twitter:creator\" content=\"@https:\/\/twitter.com\/Dinorah_Nava28\" \/>\n<meta name=\"twitter:site\" content=\"@CentroUrbano\" \/>\n<meta name=\"twitter:label1\" content=\"Escrito por\" \/>\n\t<meta name=\"twitter:data1\" content=\"Dinorah Nava\" \/>\n\t<meta name=\"twitter:label2\" content=\"Tiempo de lectura\" \/>\n\t<meta name=\"twitter:data2\" content=\"2 minutos\" \/>\n<script type=\"application\/ld+json\" class=\"yoast-schema-graph\">{\"@context\":\"https:\\\/\\\/schema.org\",\"@graph\":[{\"@type\":\"Article\",\"@id\":\"https:\\\/\\\/centrourbano.com\\\/revista\\\/construccion\\\/ponen-en-marcha-hospital-general-de-torreon\\\/#article\",\"isPartOf\":{\"@id\":\"https:\\\/\\\/centrourbano.com\\\/revista\\\/construccion\\\/ponen-en-marcha-hospital-general-de-torreon\\\/\"},\"author\":{\"name\":\"Dinorah Nava\",\"@id\":\"https:\\\/\\\/centrourbano.com\\\/revista\\\/#\\\/schema\\\/person\\\/b45db815d96831257ba428a3d5a5fbdc\"},\"headline\":\"Ponen en marcha Hospital General de Torre\u00f3n\",\"datePublished\":\"2015-08-10T14:17:55+00:00\",\"dateModified\":\"2015-08-10T16:46:44+00:00\",\"mainEntityOfPage\":{\"@id\":\"https:\\\/\\\/centrourbano.com\\\/revista\\\/construccion\\\/ponen-en-marcha-hospital-general-de-torreon\\\/\"},\"wordCount\":433,\"commentCount\":0,\"publisher\":{\"@id\":\"https:\\\/\\\/centrourbano.com\\\/revista\\\/#organization\"},\"image\":{\"@id\":\"https:\\\/\\\/centrourbano.com\\\/revista\\\/construccion\\\/ponen-en-marcha-hospital-general-de-torreon\\\/#primaryimage\"},\"thumbnailUrl\":\"https:\\\/\\\/centrourbano.com\\\/revista\\\/wp-content\\\/uploads\\\/Hospital-General-de-Torre\u00f3n-.jpg\",\"keywords\":[\"Coahuila\",\"hospital\",\"Hospital General de Torre\u00f3n\",\"infraestructura hospitalaria\",\"Torre\u00f3n\"],\"articleSection\":[\"Construcci\u00f3n\"],\"inLanguage\":\"es\",\"potentialAction\":[{\"@type\":\"CommentAction\",\"name\":\"Comment\",\"target\":[\"https:\\\/\\\/centrourbano.com\\\/revista\\\/construccion\\\/ponen-en-marcha-hospital-general-de-torreon\\\/#respond\"]}]},{\"@type\":\"WebPage\",\"@id\":\"https:\\\/\\\/centrourbano.com\\\/revista\\\/construccion\\\/ponen-en-marcha-hospital-general-de-torreon\\\/\",\"url\":\"https:\\\/\\\/centrourbano.com\\\/revista\\\/construccion\\\/ponen-en-marcha-hospital-general-de-torreon\\\/\",\"name\":\"Ponen en marcha Hospital General de Torre\u00f3n -\",\"isPartOf\":{\"@id\":\"https:\\\/\\\/centrourbano.com\\\/revista\\\/#website\"},\"primaryImageOfPage\":{\"@id\":\"https:\\\/\\\/centrourbano.com\\\/revista\\\/construccion\\\/ponen-en-marcha-hospital-general-de-torreon\\\/#primaryimage\"},\"image\":{\"@id\":\"https:\\\/\\\/centrourbano.com\\\/revista\\\/construccion\\\/ponen-en-marcha-hospital-general-de-torreon\\\/#primaryimage\"},\"thumbnailUrl\":\"https:\\\/\\\/centrourbano.com\\\/revista\\\/wp-content\\\/uploads\\\/Hospital-General-de-Torre\u00f3n-.jpg\",\"datePublished\":\"2015-08-10T14:17:55+00:00\",\"dateModified\":\"2015-08-10T16:46:44+00:00\",\"description\":\"Cuenta con \u00e1rea de terapia intensiva, 18 consultorios de diferentes especialidades, 10 laboratorios, cinco quir\u00f3fanos, as\u00ed como cuatro salas de expulsi\u00f3n\",\"breadcrumb\":{\"@id\":\"https:\\\/\\\/centrourbano.com\\\/revista\\\/construccion\\\/ponen-en-marcha-hospital-general-de-torreon\\\/#breadcrumb\"},\"inLanguage\":\"es\",\"potentialAction\":[{\"@type\":\"ReadAction\",\"target\":[\"https:\\\/\\\/centrourbano.com\\\/revista\\\/construccion\\\/ponen-en-marcha-hospital-general-de-torreon\\\/\"]}]},{\"@type\":\"ImageObject\",\"inLanguage\":\"es\",\"@id\":\"https:\\\/\\\/centrourbano.com\\\/revista\\\/construccion\\\/ponen-en-marcha-hospital-general-de-torreon\\\/#primaryimage\",\"url\":\"https:\\\/\\\/centrourbano.com\\\/revista\\\/wp-content\\\/uploads\\\/Hospital-General-de-Torre\u00f3n-.jpg\",\"contentUrl\":\"https:\\\/\\\/centrourbano.com\\\/revista\\\/wp-content\\\/uploads\\\/Hospital-General-de-Torre\u00f3n-.jpg\",\"width\":611,\"height\":384},{\"@type\":\"BreadcrumbList\",\"@id\":\"https:\\\/\\\/centrourbano.com\\\/revista\\\/construccion\\\/ponen-en-marcha-hospital-general-de-torreon\\\/#breadcrumb\",\"itemListElement\":[{\"@type\":\"ListItem\",\"position\":1,\"name\":\"Portada\",\"item\":\"https:\\\/\\\/centrourbano.com\\\/revista\\\/\"},{\"@type\":\"ListItem\",\"position\":2,\"name\":\"Ponen en marcha Hospital General de Torre\u00f3n\"}]},{\"@type\":\"WebSite\",\"@id\":\"https:\\\/\\\/centrourbano.com\\\/revista\\\/#website\",\"url\":\"https:\\\/\\\/centrourbano.com\\\/revista\\\/\",\"name\":\"Centro Urbano\",\"description\":\"Medio especializado en los sectores vivienda, inmobiliario, construcci\u00f3n, arquitectura y urbanismo.\",\"publisher\":{\"@id\":\"https:\\\/\\\/centrourbano.com\\\/revista\\\/#organization\"},\"potentialAction\":[{\"@type\":\"SearchAction\",\"target\":{\"@type\":\"EntryPoint\",\"urlTemplate\":\"https:\\\/\\\/centrourbano.com\\\/revista\\\/?s={search_term_string}\"},\"query-input\":{\"@type\":\"PropertyValueSpecification\",\"valueRequired\":true,\"valueName\":\"search_term_string\"}}],\"inLanguage\":\"es\"},{\"@type\":\"Organization\",\"@id\":\"https:\\\/\\\/centrourbano.com\\\/revista\\\/#organization\",\"name\":\"Centro Urbano\",\"url\":\"https:\\\/\\\/centrourbano.com\\\/revista\\\/\",\"logo\":{\"@type\":\"ImageObject\",\"inLanguage\":\"es\",\"@id\":\"https:\\\/\\\/centrourbano.com\\\/revista\\\/#\\\/schema\\\/logo\\\/image\\\/\",\"url\":\"https:\\\/\\\/centrourbano.com\\\/revista\\\/wp-content\\\/uploads\\\/web_CU_logo-1.png\",\"contentUrl\":\"https:\\\/\\\/centrourbano.com\\\/revista\\\/wp-content\\\/uploads\\\/web_CU_logo-1.png\",\"width\":350,\"height\":91,\"caption\":\"Centro Urbano\"},\"image\":{\"@id\":\"https:\\\/\\\/centrourbano.com\\\/revista\\\/#\\\/schema\\\/logo\\\/image\\\/\"},\"sameAs\":[\"https:\\\/\\\/www.facebook.com\\\/portalcentrourbano\",\"https:\\\/\\\/x.com\\\/CentroUrbano\",\"https:\\\/\\\/www.instagram.com\\\/centro_urbano\\\/\",\"https:\\\/\\\/www.linkedin.com\\\/company\\\/centro-urbano\\\/\",\"http:\\\/\\\/www.youtube.com\\\/user\\\/portalcentrourbano\"]},{\"@type\":\"Person\",\"@id\":\"https:\\\/\\\/centrourbano.com\\\/revista\\\/#\\\/schema\\\/person\\\/b45db815d96831257ba428a3d5a5fbdc\",\"name\":\"Dinorah Nava\",\"image\":{\"@type\":\"ImageObject\",\"inLanguage\":\"es\",\"@id\":\"https:\\\/\\\/secure.gravatar.com\\\/avatar\\\/f6ca6430c51d147f363940f84e1225aa4b8183885c11802cc3b042305a4ecc1a?s=96&d=mm&r=g\",\"url\":\"https:\\\/\\\/secure.gravatar.com\\\/avatar\\\/f6ca6430c51d147f363940f84e1225aa4b8183885c11802cc3b042305a4ecc1a?s=96&d=mm&r=g\",\"contentUrl\":\"https:\\\/\\\/secure.gravatar.com\\\/avatar\\\/f6ca6430c51d147f363940f84e1225aa4b8183885c11802cc3b042305a4ecc1a?s=96&d=mm&r=g\",\"caption\":\"Dinorah Nava\"},\"description\":\"Editora de Contenidos y Estrategias Digitales en Centro Urbano y Coeditora en Peri\u00f3dico Mi Casa. Egresada de la licenciatura en Comunicaci\u00f3n y Periodismo de la Facultad de Estudios Superiores Arag\u00f3n (UNAM). Amante de la edici\u00f3n y correcci\u00f3n de estilo, las redes sociales y el mundo digital. Especialista en temas son arquitectura, inmobiliario y urbanismo.\",\"sameAs\":[\"linkedin.com\\\/in\\\/dinorah-nava\",\"https:\\\/\\\/x.com\\\/https:\\\/\\\/twitter.com\\\/Dinorah_Nava28\"],\"url\":\"https:\\\/\\\/centrourbano.com\\\/revista\\\/author\\\/dinorah-nava\\\/\"}]}<\/script>\n<!-- \/ Yoast SEO plugin. -->","yoast_head_json":{"title":"Ponen en marcha Hospital General de Torre\u00f3n -","description":"Cuenta con \u00e1rea de terapia intensiva, 18 consultorios de diferentes especialidades, 10 laboratorios, cinco quir\u00f3fanos, as\u00ed como cuatro salas de expulsi\u00f3n","robots":{"index":"index","follow":"follow","max-snippet":"max-snippet:-1","max-image-preview":"max-image-preview:large","max-video-preview":"max-video-preview:-1"},"canonical":"https:\/\/centrourbano.com\/revista\/construccion\/ponen-en-marcha-hospital-general-de-torreon\/","og_locale":"es_ES","og_type":"article","og_title":"Ponen en marcha Hospital General de Torre\u00f3n -","og_description":"Cuenta con \u00e1rea de terapia intensiva, 18 consultorios de diferentes especialidades, 10 laboratorios, cinco quir\u00f3fanos, as\u00ed como cuatro salas de expulsi\u00f3n","og_url":"https:\/\/centrourbano.com\/revista\/construccion\/ponen-en-marcha-hospital-general-de-torreon\/","og_site_name":"Centro Urbano","article_publisher":"https:\/\/www.facebook.com\/portalcentrourbano","article_published_time":"2015-08-10T14:17:55+00:00","article_modified_time":"2015-08-10T16:46:44+00:00","og_image":[{"width":611,"height":384,"url":"https:\/\/centrourbano.com\/revista\/wp-content\/uploads\/Hospital-General-de-Torre\u00f3n-.jpg","type":"image\/jpeg"}],"author":"Dinorah Nava","twitter_card":"summary_large_image","twitter_creator":"@https:\/\/twitter.com\/Dinorah_Nava28","twitter_site":"@CentroUrbano","twitter_misc":{"Escrito por":"Dinorah Nava","Tiempo de lectura":"2 minutos"},"schema":{"@context":"https:\/\/schema.org","@graph":[{"@type":"Article","@id":"https:\/\/centrourbano.com\/revista\/construccion\/ponen-en-marcha-hospital-general-de-torreon\/#article","isPartOf":{"@id":"https:\/\/centrourbano.com\/revista\/construccion\/ponen-en-marcha-hospital-general-de-torreon\/"},"author":{"name":"Dinorah Nava","@id":"https:\/\/centrourbano.com\/revista\/#\/schema\/person\/b45db815d96831257ba428a3d5a5fbdc"},"headline":"Ponen en marcha Hospital General de Torre\u00f3n","datePublished":"2015-08-10T14:17:55+00:00","dateModified":"2015-08-10T16:46:44+00:00","mainEntityOfPage":{"@id":"https:\/\/centrourbano.com\/revista\/construccion\/ponen-en-marcha-hospital-general-de-torreon\/"},"wordCount":433,"commentCount":0,"publisher":{"@id":"https:\/\/centrourbano.com\/revista\/#organization"},"image":{"@id":"https:\/\/centrourbano.com\/revista\/construccion\/ponen-en-marcha-hospital-general-de-torreon\/#primaryimage"},"thumbnailUrl":"https:\/\/centrourbano.com\/revista\/wp-content\/uploads\/Hospital-General-de-Torre\u00f3n-.jpg","keywords":["Coahuila","hospital","Hospital General de Torre\u00f3n","infraestructura hospitalaria","Torre\u00f3n"],"articleSection":["Construcci\u00f3n"],"inLanguage":"es","potentialAction":[{"@type":"CommentAction","name":"Comment","target":["https:\/\/centrourbano.com\/revista\/construccion\/ponen-en-marcha-hospital-general-de-torreon\/#respond"]}]},{"@type":"WebPage","@id":"https:\/\/centrourbano.com\/revista\/construccion\/ponen-en-marcha-hospital-general-de-torreon\/","url":"https:\/\/centrourbano.com\/revista\/construccion\/ponen-en-marcha-hospital-general-de-torreon\/","name":"Ponen en marcha Hospital General de Torre\u00f3n -","isPartOf":{"@id":"https:\/\/centrourbano.com\/revista\/#website"},"primaryImageOfPage":{"@id":"https:\/\/centrourbano.com\/revista\/construccion\/ponen-en-marcha-hospital-general-de-torreon\/#primaryimage"},"image":{"@id":"https:\/\/centrourbano.com\/revista\/construccion\/ponen-en-marcha-hospital-general-de-torreon\/#primaryimage"},"thumbnailUrl":"https:\/\/centrourbano.com\/revista\/wp-content\/uploads\/Hospital-General-de-Torre\u00f3n-.jpg","datePublished":"2015-08-10T14:17:55+00:00","dateModified":"2015-08-10T16:46:44+00:00","description":"Cuenta con \u00e1rea de terapia intensiva, 18 consultorios de diferentes especialidades, 10 laboratorios, cinco quir\u00f3fanos, as\u00ed como cuatro salas de expulsi\u00f3n","breadcrumb":{"@id":"https:\/\/centrourbano.com\/revista\/construccion\/ponen-en-marcha-hospital-general-de-torreon\/#breadcrumb"},"inLanguage":"es","potentialAction":[{"@type":"ReadAction","target":["https:\/\/centrourbano.com\/revista\/construccion\/ponen-en-marcha-hospital-general-de-torreon\/"]}]},{"@type":"ImageObject","inLanguage":"es","@id":"https:\/\/centrourbano.com\/revista\/construccion\/ponen-en-marcha-hospital-general-de-torreon\/#primaryimage","url":"https:\/\/centrourbano.com\/revista\/wp-content\/uploads\/Hospital-General-de-Torre\u00f3n-.jpg","contentUrl":"https:\/\/centrourbano.com\/revista\/wp-content\/uploads\/Hospital-General-de-Torre\u00f3n-.jpg","width":611,"height":384},{"@type":"BreadcrumbList","@id":"https:\/\/centrourbano.com\/revista\/construccion\/ponen-en-marcha-hospital-general-de-torreon\/#breadcrumb","itemListElement":[{"@type":"ListItem","position":1,"name":"Portada","item":"https:\/\/centrourbano.com\/revista\/"},{"@type":"ListItem","position":2,"name":"Ponen en marcha Hospital General de Torre\u00f3n"}]},{"@type":"WebSite","@id":"https:\/\/centrourbano.com\/revista\/#website","url":"https:\/\/centrourbano.com\/revista\/","name":"Centro Urbano","description":"Medio especializado en los sectores vivienda, inmobiliario, construcci\u00f3n, arquitectura y urbanismo.","publisher":{"@id":"https:\/\/centrourbano.com\/revista\/#organization"},"potentialAction":[{"@type":"SearchAction","target":{"@type":"EntryPoint","urlTemplate":"https:\/\/centrourbano.com\/revista\/?s={search_term_string}"},"query-input":{"@type":"PropertyValueSpecification","valueRequired":true,"valueName":"search_term_string"}}],"inLanguage":"es"},{"@type":"Organization","@id":"https:\/\/centrourbano.com\/revista\/#organization","name":"Centro Urbano","url":"https:\/\/centrourbano.com\/revista\/","logo":{"@type":"ImageObject","inLanguage":"es","@id":"https:\/\/centrourbano.com\/revista\/#\/schema\/logo\/image\/","url":"https:\/\/centrourbano.com\/revista\/wp-content\/uploads\/web_CU_logo-1.png","contentUrl":"https:\/\/centrourbano.com\/revista\/wp-content\/uploads\/web_CU_logo-1.png","width":350,"height":91,"caption":"Centro Urbano"},"image":{"@id":"https:\/\/centrourbano.com\/revista\/#\/schema\/logo\/image\/"},"sameAs":["https:\/\/www.facebook.com\/portalcentrourbano","https:\/\/x.com\/CentroUrbano","https:\/\/www.instagram.com\/centro_urbano\/","https:\/\/www.linkedin.com\/company\/centro-urbano\/","http:\/\/www.youtube.com\/user\/portalcentrourbano"]},{"@type":"Person","@id":"https:\/\/centrourbano.com\/revista\/#\/schema\/person\/b45db815d96831257ba428a3d5a5fbdc","name":"Dinorah Nava","image":{"@type":"ImageObject","inLanguage":"es","@id":"https:\/\/secure.gravatar.com\/avatar\/f6ca6430c51d147f363940f84e1225aa4b8183885c11802cc3b042305a4ecc1a?s=96&d=mm&r=g","url":"https:\/\/secure.gravatar.com\/avatar\/f6ca6430c51d147f363940f84e1225aa4b8183885c11802cc3b042305a4ecc1a?s=96&d=mm&r=g","contentUrl":"https:\/\/secure.gravatar.com\/avatar\/f6ca6430c51d147f363940f84e1225aa4b8183885c11802cc3b042305a4ecc1a?s=96&d=mm&r=g","caption":"Dinorah Nava"},"description":"Editora de Contenidos y Estrategias Digitales en Centro Urbano y Coeditora en Peri\u00f3dico Mi Casa. Egresada de la licenciatura en Comunicaci\u00f3n y Periodismo de la Facultad de Estudios Superiores Arag\u00f3n (UNAM). Amante de la edici\u00f3n y correcci\u00f3n de estilo, las redes sociales y el mundo digital. Especialista en temas son arquitectura, inmobiliario y urbanismo.","sameAs":["linkedin.com\/in\/dinorah-nava","https:\/\/x.com\/https:\/\/twitter.com\/Dinorah_Nava28"],"url":"https:\/\/centrourbano.com\/revista\/author\/dinorah-nava\/"}]}},"_links":{"self":[{"href":"https:\/\/centrourbano.com\/revista\/wp-json\/wp\/v2\/posts\/22079","targetHints":{"allow":["GET"]}}],"collection":[{"href":"https:\/\/centrourbano.com\/revista\/wp-json\/wp\/v2\/posts"}],"about":[{"href":"https:\/\/centrourbano.com\/revista\/wp-json\/wp\/v2\/types\/post"}],"author":[{"embeddable":true,"href":"https:\/\/centrourbano.com\/revista\/wp-json\/wp\/v2\/users\/9"}],"replies":[{"embeddable":true,"href":"https:\/\/centrourbano.com\/revista\/wp-json\/wp\/v2\/comments?post=22079"}],"version-history":[{"count":0,"href":"https:\/\/centrourbano.com\/revista\/wp-json\/wp\/v2\/posts\/22079\/revisions"}],"wp:featuredmedia":[{"embeddable":true,"href":"https:\/\/centrourbano.com\/revista\/wp-json\/wp\/v2\/media\/22080"}],"wp:attachment":[{"href":"https:\/\/centrourbano.com\/revista\/wp-json\/wp\/v2\/media?parent=22079"}],"wp:term":[{"taxonomy":"category","embeddable":true,"href":"https:\/\/centrourbano.com\/revista\/wp-json\/wp\/v2\/categories?post=22079"},{"taxonomy":"post_tag","embeddable":true,"href":"https:\/\/centrourbano.com\/revista\/wp-json\/wp\/v2\/tags?post=22079"}],"curies":[{"name":"wp","href":"https:\/\/api.w.org\/{rel}","templated":true}]}}