{"id":2173,"date":"2013-12-30T10:04:53","date_gmt":"2013-12-30T16:04:53","guid":{"rendered":"http:\/\/centrourbano.com\/?p=2173"},"modified":"2014-03-21T12:27:58","modified_gmt":"2014-03-21T18:27:58","slug":"invertiran-76mdp-en-bosque-de-san-juan-de-aragon","status":"publish","type":"post","link":"https:\/\/centrourbano.com\/revista\/urbanismo\/invertiran-76mdp-en-bosque-de-san-juan-de-aragon\/","title":{"rendered":"Invertir\u00e1n 76mdp en Bosque de San Juan de Arag\u00f3n"},"content":{"rendered":"<p><i>La Secretar\u00eda del Medio Ambiente realizar\u00e1 acciones de mantenimiento en infraestructura y saneamiento de vegetaci\u00f3n \u00a0\u00a0<\/i><\/p>\n<p><i><!--more--><\/i><\/p>\n<p>&nbsp;<\/p>\n<p>Durante 2014, la Secretar\u00eda del Medio Ambiente (Sedema) del Distrito Federal invertir\u00e1 76 millones de pesos en trabajos para el rescate del Bosque de San Juan de Arag\u00f3n, segunda \u00e1rea verde m\u00e1s grande de la ciudad de M\u00e9xico, labores que permitir\u00e1n volver a poner en marcha el humedal que cumple la funci\u00f3n de mejorar la calidad del agua del lago que se encuentra al interior del propio bosque.<\/p>\n<p>&nbsp;<\/p>\n<p>Se posibilitar\u00e1 que los visitantes tengan acceso a un espacio p\u00fablico \u00f3ptimo, con la calidad social y ambiental dedicada a la poblaci\u00f3n de la ciudad de M\u00e9xico. El Bosque de San Juan de Arag\u00f3n, ubicado al norte de la capital del pa\u00eds, recibe al a\u00f1o 3.5 millones de visitantes.<\/p>\n<p>&nbsp;<\/p>\n<p>El proyecto en su totalidad es complemento de las acciones de mantenimiento que se han realizado durante el 2013, y que tienen el objetivo de mejorar la imagen de esta importante \u00e1rea ambiental\u00a0 (162.028 hect\u00e1reas) mediante labores de rehabilitaci\u00f3n en infraestructura y saneamiento de vegetaci\u00f3n.<\/p>\n<p>&nbsp;<\/p>\n<p>Los trabajos est\u00e1n enfocados al mejoramiento del suelo forestal, optimizaci\u00f3n de espacios jardinados y la reforestaci\u00f3n de las 114 hect\u00e1reas de \u00e1rea verde del bosque.<\/p>\n<p>&nbsp;<\/p>\n<p>Cabe se\u00f1alar que el humedal que se volver\u00e1 a poner en marcha tiene una superficie de 12 hect\u00e1reas. Mejorar\u00e1 la calidad del agua en el lago, a partir de la puesta en marcha del sistema de recirculaci\u00f3n del humedal, mismo que producir\u00e1 diariamente 2,500 metros c\u00fabicos de agua de calidad.<\/p>\n<p>&nbsp;<\/p>\n<p>El proyecto de infraestructura consiste en rehabilitaci\u00f3n de la trotapista\u00a0 con longitud de 5 kil\u00f3metros, reforzamiento de la reja perimetral, demolici\u00f3n y construcci\u00f3n de 12 palapas, as\u00ed como creaci\u00f3n de un nuevo m\u00f3dulo de juegos infantiles e incorporaci\u00f3n de se\u00f1al\u00e9ticas, bancas, mesabancas y biciestacionamientos en puntos estrat\u00e9gicos del bosque.<\/p>\n<p>&nbsp;<\/p>\n<p>Adem\u00e1s, la rehabilitaci\u00f3n de 145 luminarias, la instalaci\u00f3n de 115 nuevas que funcionar\u00e1n con energ\u00eda solar y la creaci\u00f3n de un programa integral de manejo de \u00e1reas verdes, que consiste en podas sanitarias y limpieza en casi todo el arbolado del bosque.<\/p>\n<p>&nbsp;<\/p>\n<p>Ser\u00e1n retirados todos los \u00e1rboles muertos y aquellos que representen riesgo para los visitantes y se crear\u00e1 un jard\u00edn sensorial.<\/p>\n<p>&nbsp;<\/p>\n<p>Tambi\u00e9n est\u00e1n contempladas acciones de reforestaci\u00f3n con 3,000 \u00e1rboles y m\u00e1s de 200,000 plantas arbustivas y ornamentales.<\/p>\n<p>&nbsp;<\/p>\n<p>En 2013, se llevaron a cabo cinco Paseos Nocturnos dentro del bosque, los cuales reportaron una afluencia total de 2,000 ciclistas. Los trabajos comenzaron en octubre pasado y est\u00e1n proyectados para concluir en el 2014.<\/p>\n","protected":false},"excerpt":{"rendered":"<p>La Secretar\u00eda del Medio Ambiente realizar\u00e1 acciones de mantenimiento en infraestructura y saneamiento de vegetaci\u00f3n \u00a0\u00a0<\/p>\n","protected":false},"author":7,"featured_media":16842,"comment_status":"open","ping_status":"closed","sticky":false,"template":"","format":"standard","meta":{"om_disable_all_campaigns":false,"inline_featured_image":false,"_monsterinsights_skip_tracking":false,"_monsterinsights_sitenote_active":false,"_monsterinsights_sitenote_note":"","_monsterinsights_sitenote_category":0,"footnotes":""},"categories":[82],"tags":[666,664,290,665,167],"class_list":["post-2173","post","type-post","status-publish","format-standard","has-post-thumbnail","hentry","category-urbanismo","tag-areas-verdes","tag-bosque-de-aragon","tag-ciudad-de-mexico","tag-mantenimiento","tag-sedema"],"yoast_head":"<!-- This site is optimized with the Yoast SEO plugin v27.5 - https:\/\/yoast.com\/product\/yoast-seo-wordpress\/ -->\n<title>Invertir\u00e1n 76mdp en Bosque de San Juan de Arag\u00f3n -<\/title>\n<meta name=\"description\" content=\"La Secretar\u00eda del Medio Ambiente realizar\u00e1 acciones de mantenimiento en infraestructura y saneamiento de vegetaci\u00f3n \u00a0\u00a0 &nbsp; Durante 2014, la Secretar\u00eda\" \/>\n<meta name=\"robots\" content=\"index, follow, max-snippet:-1, max-image-preview:large, max-video-preview:-1\" \/>\n<link rel=\"canonical\" href=\"https:\/\/centrourbano.com\/revista\/urbanismo\/invertiran-76mdp-en-bosque-de-san-juan-de-aragon\/\" \/>\n<meta property=\"og:locale\" content=\"es_ES\" \/>\n<meta property=\"og:type\" content=\"article\" \/>\n<meta property=\"og:title\" content=\"Invertir\u00e1n 76mdp en Bosque de San Juan de Arag\u00f3n -\" \/>\n<meta property=\"og:description\" content=\"La Secretar\u00eda del Medio Ambiente realizar\u00e1 acciones de mantenimiento en infraestructura y saneamiento de vegetaci\u00f3n \u00a0\u00a0 &nbsp; Durante 2014, la Secretar\u00eda\" \/>\n<meta property=\"og:url\" content=\"https:\/\/centrourbano.com\/revista\/urbanismo\/invertiran-76mdp-en-bosque-de-san-juan-de-aragon\/\" \/>\n<meta property=\"og:site_name\" content=\"Centro Urbano\" \/>\n<meta property=\"article:publisher\" content=\"https:\/\/www.facebook.com\/portalcentrourbano\" \/>\n<meta property=\"article:published_time\" content=\"2013-12-30T16:04:53+00:00\" \/>\n<meta property=\"article:modified_time\" content=\"2014-03-21T18:27:58+00:00\" \/>\n<meta property=\"og:image\" content=\"https:\/\/centrourbano.com\/revista\/wp-content\/uploads\/bosquearagon1.jpg\" \/>\n\t<meta property=\"og:image:width\" content=\"600\" \/>\n\t<meta property=\"og:image:height\" content=\"450\" \/>\n\t<meta property=\"og:image:type\" content=\"image\/jpeg\" \/>\n<meta name=\"author\" content=\"Yuriko Barrera\" \/>\n<meta name=\"twitter:card\" content=\"summary_large_image\" \/>\n<meta name=\"twitter:creator\" content=\"@CentroUrbano\" \/>\n<meta name=\"twitter:site\" content=\"@CentroUrbano\" \/>\n<meta name=\"twitter:label1\" content=\"Escrito por\" \/>\n\t<meta name=\"twitter:data1\" content=\"Yuriko Barrera\" \/>\n\t<meta name=\"twitter:label2\" content=\"Tiempo de lectura\" \/>\n\t<meta name=\"twitter:data2\" content=\"2 minutos\" \/>\n<script type=\"application\/ld+json\" class=\"yoast-schema-graph\">{\"@context\":\"https:\\\/\\\/schema.org\",\"@graph\":[{\"@type\":\"Article\",\"@id\":\"https:\\\/\\\/centrourbano.com\\\/revista\\\/urbanismo\\\/invertiran-76mdp-en-bosque-de-san-juan-de-aragon\\\/#article\",\"isPartOf\":{\"@id\":\"https:\\\/\\\/centrourbano.com\\\/revista\\\/urbanismo\\\/invertiran-76mdp-en-bosque-de-san-juan-de-aragon\\\/\"},\"author\":{\"name\":\"Yuriko Barrera\",\"@id\":\"https:\\\/\\\/centrourbano.com\\\/revista\\\/#\\\/schema\\\/person\\\/c5bbb779a2487874e965890c32543e7c\"},\"headline\":\"Invertir\u00e1n 76mdp en Bosque de San Juan de Arag\u00f3n\",\"datePublished\":\"2013-12-30T16:04:53+00:00\",\"dateModified\":\"2014-03-21T18:27:58+00:00\",\"mainEntityOfPage\":{\"@id\":\"https:\\\/\\\/centrourbano.com\\\/revista\\\/urbanismo\\\/invertiran-76mdp-en-bosque-de-san-juan-de-aragon\\\/\"},\"wordCount\":467,\"commentCount\":0,\"publisher\":{\"@id\":\"https:\\\/\\\/centrourbano.com\\\/revista\\\/#organization\"},\"image\":{\"@id\":\"https:\\\/\\\/centrourbano.com\\\/revista\\\/urbanismo\\\/invertiran-76mdp-en-bosque-de-san-juan-de-aragon\\\/#primaryimage\"},\"thumbnailUrl\":\"https:\\\/\\\/centrourbano.com\\\/revista\\\/wp-content\\\/uploads\\\/bosquearagon1.jpg\",\"keywords\":[\"\u00c1reas verdes\",\"Bosque de Arag\u00f3n\",\"ciudad de M\u00e9xico\",\"Mantenimiento\",\"Sedema\"],\"articleSection\":[\"Urbanismo\"],\"inLanguage\":\"es\",\"potentialAction\":[{\"@type\":\"CommentAction\",\"name\":\"Comment\",\"target\":[\"https:\\\/\\\/centrourbano.com\\\/revista\\\/urbanismo\\\/invertiran-76mdp-en-bosque-de-san-juan-de-aragon\\\/#respond\"]}]},{\"@type\":\"WebPage\",\"@id\":\"https:\\\/\\\/centrourbano.com\\\/revista\\\/urbanismo\\\/invertiran-76mdp-en-bosque-de-san-juan-de-aragon\\\/\",\"url\":\"https:\\\/\\\/centrourbano.com\\\/revista\\\/urbanismo\\\/invertiran-76mdp-en-bosque-de-san-juan-de-aragon\\\/\",\"name\":\"Invertir\u00e1n 76mdp en Bosque de San Juan de Arag\u00f3n -\",\"isPartOf\":{\"@id\":\"https:\\\/\\\/centrourbano.com\\\/revista\\\/#website\"},\"primaryImageOfPage\":{\"@id\":\"https:\\\/\\\/centrourbano.com\\\/revista\\\/urbanismo\\\/invertiran-76mdp-en-bosque-de-san-juan-de-aragon\\\/#primaryimage\"},\"image\":{\"@id\":\"https:\\\/\\\/centrourbano.com\\\/revista\\\/urbanismo\\\/invertiran-76mdp-en-bosque-de-san-juan-de-aragon\\\/#primaryimage\"},\"thumbnailUrl\":\"https:\\\/\\\/centrourbano.com\\\/revista\\\/wp-content\\\/uploads\\\/bosquearagon1.jpg\",\"datePublished\":\"2013-12-30T16:04:53+00:00\",\"dateModified\":\"2014-03-21T18:27:58+00:00\",\"description\":\"La Secretar\u00eda del Medio Ambiente realizar\u00e1 acciones de mantenimiento en infraestructura y saneamiento de vegetaci\u00f3n \u00a0\u00a0 &nbsp; Durante 2014, la Secretar\u00eda\",\"breadcrumb\":{\"@id\":\"https:\\\/\\\/centrourbano.com\\\/revista\\\/urbanismo\\\/invertiran-76mdp-en-bosque-de-san-juan-de-aragon\\\/#breadcrumb\"},\"inLanguage\":\"es\",\"potentialAction\":[{\"@type\":\"ReadAction\",\"target\":[\"https:\\\/\\\/centrourbano.com\\\/revista\\\/urbanismo\\\/invertiran-76mdp-en-bosque-de-san-juan-de-aragon\\\/\"]}]},{\"@type\":\"ImageObject\",\"inLanguage\":\"es\",\"@id\":\"https:\\\/\\\/centrourbano.com\\\/revista\\\/urbanismo\\\/invertiran-76mdp-en-bosque-de-san-juan-de-aragon\\\/#primaryimage\",\"url\":\"https:\\\/\\\/centrourbano.com\\\/revista\\\/wp-content\\\/uploads\\\/bosquearagon1.jpg\",\"contentUrl\":\"https:\\\/\\\/centrourbano.com\\\/revista\\\/wp-content\\\/uploads\\\/bosquearagon1.jpg\",\"width\":600,\"height\":450},{\"@type\":\"BreadcrumbList\",\"@id\":\"https:\\\/\\\/centrourbano.com\\\/revista\\\/urbanismo\\\/invertiran-76mdp-en-bosque-de-san-juan-de-aragon\\\/#breadcrumb\",\"itemListElement\":[{\"@type\":\"ListItem\",\"position\":1,\"name\":\"Portada\",\"item\":\"https:\\\/\\\/centrourbano.com\\\/revista\\\/\"},{\"@type\":\"ListItem\",\"position\":2,\"name\":\"Invertir\u00e1n 76mdp en Bosque de San Juan de Arag\u00f3n\"}]},{\"@type\":\"WebSite\",\"@id\":\"https:\\\/\\\/centrourbano.com\\\/revista\\\/#website\",\"url\":\"https:\\\/\\\/centrourbano.com\\\/revista\\\/\",\"name\":\"Centro Urbano\",\"description\":\"Medio especializado en los sectores vivienda, inmobiliario, construcci\u00f3n, arquitectura y urbanismo.\",\"publisher\":{\"@id\":\"https:\\\/\\\/centrourbano.com\\\/revista\\\/#organization\"},\"potentialAction\":[{\"@type\":\"SearchAction\",\"target\":{\"@type\":\"EntryPoint\",\"urlTemplate\":\"https:\\\/\\\/centrourbano.com\\\/revista\\\/?s={search_term_string}\"},\"query-input\":{\"@type\":\"PropertyValueSpecification\",\"valueRequired\":true,\"valueName\":\"search_term_string\"}}],\"inLanguage\":\"es\"},{\"@type\":\"Organization\",\"@id\":\"https:\\\/\\\/centrourbano.com\\\/revista\\\/#organization\",\"name\":\"Centro Urbano\",\"url\":\"https:\\\/\\\/centrourbano.com\\\/revista\\\/\",\"logo\":{\"@type\":\"ImageObject\",\"inLanguage\":\"es\",\"@id\":\"https:\\\/\\\/centrourbano.com\\\/revista\\\/#\\\/schema\\\/logo\\\/image\\\/\",\"url\":\"https:\\\/\\\/centrourbano.com\\\/revista\\\/wp-content\\\/uploads\\\/web_CU_logo-1.png\",\"contentUrl\":\"https:\\\/\\\/centrourbano.com\\\/revista\\\/wp-content\\\/uploads\\\/web_CU_logo-1.png\",\"width\":350,\"height\":91,\"caption\":\"Centro Urbano\"},\"image\":{\"@id\":\"https:\\\/\\\/centrourbano.com\\\/revista\\\/#\\\/schema\\\/logo\\\/image\\\/\"},\"sameAs\":[\"https:\\\/\\\/www.facebook.com\\\/portalcentrourbano\",\"https:\\\/\\\/x.com\\\/CentroUrbano\",\"https:\\\/\\\/www.instagram.com\\\/centro_urbano\\\/\",\"https:\\\/\\\/www.linkedin.com\\\/company\\\/centro-urbano\\\/\",\"http:\\\/\\\/www.youtube.com\\\/user\\\/portalcentrourbano\"]},{\"@type\":\"Person\",\"@id\":\"https:\\\/\\\/centrourbano.com\\\/revista\\\/#\\\/schema\\\/person\\\/c5bbb779a2487874e965890c32543e7c\",\"name\":\"Yuriko Barrera\",\"image\":{\"@type\":\"ImageObject\",\"inLanguage\":\"es\",\"@id\":\"https:\\\/\\\/secure.gravatar.com\\\/avatar\\\/134d0d2b59080428f5a714c59baa8306f3f3d3a3083bd6efeff035d884a8bf97?s=96&d=mm&r=g\",\"url\":\"https:\\\/\\\/secure.gravatar.com\\\/avatar\\\/134d0d2b59080428f5a714c59baa8306f3f3d3a3083bd6efeff035d884a8bf97?s=96&d=mm&r=g\",\"contentUrl\":\"https:\\\/\\\/secure.gravatar.com\\\/avatar\\\/134d0d2b59080428f5a714c59baa8306f3f3d3a3083bd6efeff035d884a8bf97?s=96&d=mm&r=g\",\"caption\":\"Yuriko Barrera\"},\"description\":\"Egresada de la Facultad de Ciencias Pol\u00edticas y Sociales de la UNAM. Boxeadora, tragona, cocinera y bailadora. Gusto de las m\u00e1scaras t\u00e9tricas, los cuervos, el cine de terror y la m\u00fasica. Escribo en mi blog, Me divierto con lo que hago. Reportera porque amo y twittera porque quiero.\",\"url\":\"https:\\\/\\\/centrourbano.com\\\/revista\\\/author\\\/yuriko-barrera\\\/\"}]}<\/script>\n<!-- \/ Yoast SEO plugin. -->","yoast_head_json":{"title":"Invertir\u00e1n 76mdp en Bosque de San Juan de Arag\u00f3n -","description":"La Secretar\u00eda del Medio Ambiente realizar\u00e1 acciones de mantenimiento en infraestructura y saneamiento de vegetaci\u00f3n \u00a0\u00a0 &nbsp; Durante 2014, la Secretar\u00eda","robots":{"index":"index","follow":"follow","max-snippet":"max-snippet:-1","max-image-preview":"max-image-preview:large","max-video-preview":"max-video-preview:-1"},"canonical":"https:\/\/centrourbano.com\/revista\/urbanismo\/invertiran-76mdp-en-bosque-de-san-juan-de-aragon\/","og_locale":"es_ES","og_type":"article","og_title":"Invertir\u00e1n 76mdp en Bosque de San Juan de Arag\u00f3n -","og_description":"La Secretar\u00eda del Medio Ambiente realizar\u00e1 acciones de mantenimiento en infraestructura y saneamiento de vegetaci\u00f3n \u00a0\u00a0 &nbsp; Durante 2014, la Secretar\u00eda","og_url":"https:\/\/centrourbano.com\/revista\/urbanismo\/invertiran-76mdp-en-bosque-de-san-juan-de-aragon\/","og_site_name":"Centro Urbano","article_publisher":"https:\/\/www.facebook.com\/portalcentrourbano","article_published_time":"2013-12-30T16:04:53+00:00","article_modified_time":"2014-03-21T18:27:58+00:00","og_image":[{"width":600,"height":450,"url":"https:\/\/centrourbano.com\/revista\/wp-content\/uploads\/bosquearagon1.jpg","type":"image\/jpeg"}],"author":"Yuriko Barrera","twitter_card":"summary_large_image","twitter_creator":"@CentroUrbano","twitter_site":"@CentroUrbano","twitter_misc":{"Escrito por":"Yuriko Barrera","Tiempo de lectura":"2 minutos"},"schema":{"@context":"https:\/\/schema.org","@graph":[{"@type":"Article","@id":"https:\/\/centrourbano.com\/revista\/urbanismo\/invertiran-76mdp-en-bosque-de-san-juan-de-aragon\/#article","isPartOf":{"@id":"https:\/\/centrourbano.com\/revista\/urbanismo\/invertiran-76mdp-en-bosque-de-san-juan-de-aragon\/"},"author":{"name":"Yuriko Barrera","@id":"https:\/\/centrourbano.com\/revista\/#\/schema\/person\/c5bbb779a2487874e965890c32543e7c"},"headline":"Invertir\u00e1n 76mdp en Bosque de San Juan de Arag\u00f3n","datePublished":"2013-12-30T16:04:53+00:00","dateModified":"2014-03-21T18:27:58+00:00","mainEntityOfPage":{"@id":"https:\/\/centrourbano.com\/revista\/urbanismo\/invertiran-76mdp-en-bosque-de-san-juan-de-aragon\/"},"wordCount":467,"commentCount":0,"publisher":{"@id":"https:\/\/centrourbano.com\/revista\/#organization"},"image":{"@id":"https:\/\/centrourbano.com\/revista\/urbanismo\/invertiran-76mdp-en-bosque-de-san-juan-de-aragon\/#primaryimage"},"thumbnailUrl":"https:\/\/centrourbano.com\/revista\/wp-content\/uploads\/bosquearagon1.jpg","keywords":["\u00c1reas verdes","Bosque de Arag\u00f3n","ciudad de M\u00e9xico","Mantenimiento","Sedema"],"articleSection":["Urbanismo"],"inLanguage":"es","potentialAction":[{"@type":"CommentAction","name":"Comment","target":["https:\/\/centrourbano.com\/revista\/urbanismo\/invertiran-76mdp-en-bosque-de-san-juan-de-aragon\/#respond"]}]},{"@type":"WebPage","@id":"https:\/\/centrourbano.com\/revista\/urbanismo\/invertiran-76mdp-en-bosque-de-san-juan-de-aragon\/","url":"https:\/\/centrourbano.com\/revista\/urbanismo\/invertiran-76mdp-en-bosque-de-san-juan-de-aragon\/","name":"Invertir\u00e1n 76mdp en Bosque de San Juan de Arag\u00f3n -","isPartOf":{"@id":"https:\/\/centrourbano.com\/revista\/#website"},"primaryImageOfPage":{"@id":"https:\/\/centrourbano.com\/revista\/urbanismo\/invertiran-76mdp-en-bosque-de-san-juan-de-aragon\/#primaryimage"},"image":{"@id":"https:\/\/centrourbano.com\/revista\/urbanismo\/invertiran-76mdp-en-bosque-de-san-juan-de-aragon\/#primaryimage"},"thumbnailUrl":"https:\/\/centrourbano.com\/revista\/wp-content\/uploads\/bosquearagon1.jpg","datePublished":"2013-12-30T16:04:53+00:00","dateModified":"2014-03-21T18:27:58+00:00","description":"La Secretar\u00eda del Medio Ambiente realizar\u00e1 acciones de mantenimiento en infraestructura y saneamiento de vegetaci\u00f3n \u00a0\u00a0 &nbsp; Durante 2014, la Secretar\u00eda","breadcrumb":{"@id":"https:\/\/centrourbano.com\/revista\/urbanismo\/invertiran-76mdp-en-bosque-de-san-juan-de-aragon\/#breadcrumb"},"inLanguage":"es","potentialAction":[{"@type":"ReadAction","target":["https:\/\/centrourbano.com\/revista\/urbanismo\/invertiran-76mdp-en-bosque-de-san-juan-de-aragon\/"]}]},{"@type":"ImageObject","inLanguage":"es","@id":"https:\/\/centrourbano.com\/revista\/urbanismo\/invertiran-76mdp-en-bosque-de-san-juan-de-aragon\/#primaryimage","url":"https:\/\/centrourbano.com\/revista\/wp-content\/uploads\/bosquearagon1.jpg","contentUrl":"https:\/\/centrourbano.com\/revista\/wp-content\/uploads\/bosquearagon1.jpg","width":600,"height":450},{"@type":"BreadcrumbList","@id":"https:\/\/centrourbano.com\/revista\/urbanismo\/invertiran-76mdp-en-bosque-de-san-juan-de-aragon\/#breadcrumb","itemListElement":[{"@type":"ListItem","position":1,"name":"Portada","item":"https:\/\/centrourbano.com\/revista\/"},{"@type":"ListItem","position":2,"name":"Invertir\u00e1n 76mdp en Bosque de San Juan de Arag\u00f3n"}]},{"@type":"WebSite","@id":"https:\/\/centrourbano.com\/revista\/#website","url":"https:\/\/centrourbano.com\/revista\/","name":"Centro Urbano","description":"Medio especializado en los sectores vivienda, inmobiliario, construcci\u00f3n, arquitectura y urbanismo.","publisher":{"@id":"https:\/\/centrourbano.com\/revista\/#organization"},"potentialAction":[{"@type":"SearchAction","target":{"@type":"EntryPoint","urlTemplate":"https:\/\/centrourbano.com\/revista\/?s={search_term_string}"},"query-input":{"@type":"PropertyValueSpecification","valueRequired":true,"valueName":"search_term_string"}}],"inLanguage":"es"},{"@type":"Organization","@id":"https:\/\/centrourbano.com\/revista\/#organization","name":"Centro Urbano","url":"https:\/\/centrourbano.com\/revista\/","logo":{"@type":"ImageObject","inLanguage":"es","@id":"https:\/\/centrourbano.com\/revista\/#\/schema\/logo\/image\/","url":"https:\/\/centrourbano.com\/revista\/wp-content\/uploads\/web_CU_logo-1.png","contentUrl":"https:\/\/centrourbano.com\/revista\/wp-content\/uploads\/web_CU_logo-1.png","width":350,"height":91,"caption":"Centro Urbano"},"image":{"@id":"https:\/\/centrourbano.com\/revista\/#\/schema\/logo\/image\/"},"sameAs":["https:\/\/www.facebook.com\/portalcentrourbano","https:\/\/x.com\/CentroUrbano","https:\/\/www.instagram.com\/centro_urbano\/","https:\/\/www.linkedin.com\/company\/centro-urbano\/","http:\/\/www.youtube.com\/user\/portalcentrourbano"]},{"@type":"Person","@id":"https:\/\/centrourbano.com\/revista\/#\/schema\/person\/c5bbb779a2487874e965890c32543e7c","name":"Yuriko Barrera","image":{"@type":"ImageObject","inLanguage":"es","@id":"https:\/\/secure.gravatar.com\/avatar\/134d0d2b59080428f5a714c59baa8306f3f3d3a3083bd6efeff035d884a8bf97?s=96&d=mm&r=g","url":"https:\/\/secure.gravatar.com\/avatar\/134d0d2b59080428f5a714c59baa8306f3f3d3a3083bd6efeff035d884a8bf97?s=96&d=mm&r=g","contentUrl":"https:\/\/secure.gravatar.com\/avatar\/134d0d2b59080428f5a714c59baa8306f3f3d3a3083bd6efeff035d884a8bf97?s=96&d=mm&r=g","caption":"Yuriko Barrera"},"description":"Egresada de la Facultad de Ciencias Pol\u00edticas y Sociales de la UNAM. Boxeadora, tragona, cocinera y bailadora. Gusto de las m\u00e1scaras t\u00e9tricas, los cuervos, el cine de terror y la m\u00fasica. Escribo en mi blog, Me divierto con lo que hago. Reportera porque amo y twittera porque quiero.","url":"https:\/\/centrourbano.com\/revista\/author\/yuriko-barrera\/"}]}},"_links":{"self":[{"href":"https:\/\/centrourbano.com\/revista\/wp-json\/wp\/v2\/posts\/2173","targetHints":{"allow":["GET"]}}],"collection":[{"href":"https:\/\/centrourbano.com\/revista\/wp-json\/wp\/v2\/posts"}],"about":[{"href":"https:\/\/centrourbano.com\/revista\/wp-json\/wp\/v2\/types\/post"}],"author":[{"embeddable":true,"href":"https:\/\/centrourbano.com\/revista\/wp-json\/wp\/v2\/users\/7"}],"replies":[{"embeddable":true,"href":"https:\/\/centrourbano.com\/revista\/wp-json\/wp\/v2\/comments?post=2173"}],"version-history":[{"count":0,"href":"https:\/\/centrourbano.com\/revista\/wp-json\/wp\/v2\/posts\/2173\/revisions"}],"wp:featuredmedia":[{"embeddable":true,"href":"https:\/\/centrourbano.com\/revista\/wp-json\/wp\/v2\/media\/16842"}],"wp:attachment":[{"href":"https:\/\/centrourbano.com\/revista\/wp-json\/wp\/v2\/media?parent=2173"}],"wp:term":[{"taxonomy":"category","embeddable":true,"href":"https:\/\/centrourbano.com\/revista\/wp-json\/wp\/v2\/categories?post=2173"},{"taxonomy":"post_tag","embeddable":true,"href":"https:\/\/centrourbano.com\/revista\/wp-json\/wp\/v2\/tags?post=2173"}],"curies":[{"name":"wp","href":"https:\/\/api.w.org\/{rel}","templated":true}]}}