{"id":21404,"date":"2015-07-22T15:39:26","date_gmt":"2015-07-22T20:39:26","guid":{"rendered":"http:\/\/centrourbano.com\/?p=21404"},"modified":"2015-07-22T15:39:26","modified_gmt":"2015-07-22T20:39:26","slug":"mexicanos-competiran-en-el-solar-decathlon","status":"publish","type":"post","link":"https:\/\/centrourbano.com\/revista\/arquitectura-2\/mexicanos-competiran-en-el-solar-decathlon\/","title":{"rendered":"Mexicanos competir\u00e1n en el Solar Decathlon"},"content":{"rendered":"<p><em>Se trata del concurso m\u00e1s importante de arquitectura sustentable, en el cual un grupo de 25 universitarios presentar\u00e1n un proyecto de vivienda vertical <\/em><!--more--><\/p>\n<p>Se llevar\u00e1 a cabo el Solar Decathlon 2015, competencia mundial que retar\u00e1 a los estudiantes universitarios y centros de investigaci\u00f3n, a participar con el dise\u00f1o, construcci\u00f3n y operaci\u00f3n de viviendas que se alimentan de energ\u00eda solar y que resulten rentables, energ\u00e9ticamente eficientes y atractivas en cuanto a dise\u00f1o y distribuci\u00f3n.<\/p>\n<p>Este certamen es considerado el concurso m\u00e1s importante de arquitectura sustentable, el cual se llevar\u00e1 a cabo en diciembre de 2015 y tendr\u00e1 lugar por primera vez en Am\u00e9rica Latina y el Caribe.<\/p>\n<p>Teniendo en cuenta que ser\u00e1 la primera versi\u00f3n para la regi\u00f3n, los proyectos deber\u00e1n adaptarse a las necesidades clim\u00e1ticas del tr\u00f3pico y responder a la necesidad de vivienda social, como soluciones de impacto positivo para la comunidad regional.<\/p>\n<p>En esta ocasi\u00f3n un grupo de 25 universitarios de diversas carreras del Tecnol\u00f3gico de Monterrey Campus Quer\u00e9taro, estar\u00e1 representando a M\u00e9xico, adem\u00e1s de tres asesores.<\/p>\n<p>El equipo mexicano que lleva por nombre \u201cKuxtal\u201d, fue el \u00fanico seleccionado a nivel nacional para participar en este concurso internacional, cuyo objetivo es buscar el modelo de casa que ofrezca mayor sustentabilidad.<\/p>\n<p>Los miembros de \u201cKuxtal\u201d, que en maya significa vida, dise\u00f1aron un proyecto de vivienda autosustentable que competir\u00e1 en el Solar Decathlon, el cual utiliza 60% de la energ\u00eda que se produce en la tierra.<\/p>\n<p>\u00c9ste, consiste en construir tres edificios de vivienda vertical en una superficie de 80 m2, con 120 departamentos, cuyas paredes de las casas est\u00e1n planeadas para poder acomodarse de acuerdo a los requerimientos del usuario, por lo que los cuartos podr\u00e1n tornarse m\u00e1s grandes o peque\u00f1os; adem\u00e1s la casa contar\u00e1 con un cuarto de energ\u00edas.<\/p>\n<p>El proyecto se prev\u00e9 llevar a cabo en Tuxtla Guti\u00e9rrez, en el estado de Chiapas, por lo que los materiales fueron seleccionados con base en las exigencias del clima de la entidad.<\/p>\n<p>En esta edici\u00f3n competir\u00e1n 16 universidades de todo el mundo: Mi House (Colombia) de la Universidad San Buenaventura y Universidad Aut\u00f3noma de Occidente; Kuxtal (M\u00e9xico) del Instituto Tecnol\u00f3gico de Monterrey &#8211; Campus Quer\u00e9taro; PEI (Colombia) de la\u00a0Pontificia Universidad Javeriana Bogot\u00e1; Proyecto AYNI (Per\u00fa) de la Universidad Nacional de Ingenier\u00eda; Calicivita (Colombia) de la Pontificia Universidad Javeriana y Universidad ICESI; Habitec Team (Colombia y Alemania) de la Universidad La Salle y Hochschule Ostwestfalen \u2013 Lippe; Panamass (Panam\u00e1 y USA) de la Universidad Tecnol\u00f3gica de Panam\u00e1 y Western New England University; HelioMet (Inglaterra) de\u00a0London Metropolitan University; VRISSA (Colombia) de SENA Valle del Cauca; Madrid PereirAlive (Colombia y Espa\u00f1a) de la Universidad Polit\u00e9cnica de Madrid, Universidad Tecnol\u00f3gica de Pereira, Universidad Cat\u00f3lica de Pereira y Universidad Libre Seccional Pereira.<\/p>\n<p>Adem\u00e1s, Un Solar (Colombia) de la\u00a0Universidad Nacional Sede Medell\u00edn; H\u00eds Cali (Colombia y Espa\u00f1a) de la\u00a0Universidad de Sevilla y Universidad Santiago de Cali.; Yarumo UPB (Colombia) de la\u00a0Pontificia Universidad Bolivariana.; Casa Uruguaya (Uruguay) de la Universidad ORT de Uruguay; ECCUC &#8211; Casa Solidiaria (Chile) de la Universidad Cat\u00f3lica de Chile; as\u00ed como Huerto + Casa (Colombia) de la Universidad de los Andes.<\/p>\n<p>Cabe destacar que este evento fue creado en 1999 por el Departamento de Energ\u00eda Estadounidense, y hasta ahora se ha realizado en Washington, Madrid, China y Francia.<\/p>\n","protected":false},"excerpt":{"rendered":"<p>Se trata del concurso m\u00e1s importante de arquitectura sustentable, en el cual un grupo de 25 universitarios presentar\u00e1n un proyecto de vivienda vertical<\/p>\n","protected":false},"author":9,"featured_media":21405,"comment_status":"open","ping_status":"closed","sticky":false,"template":"","format":"standard","meta":{"om_disable_all_campaigns":false,"inline_featured_image":false,"_monsterinsights_skip_tracking":false,"_monsterinsights_sitenote_active":false,"_monsterinsights_sitenote_note":"","_monsterinsights_sitenote_category":0,"footnotes":""},"categories":[81],"tags":[20,2849,5816,500,358,5814,5812,5813,5815,2711,582],"class_list":["post-21404","post","type-post","status-publish","format-standard","has-post-thumbnail","hentry","category-arquitectura-2","tag-arquitectura","tag-arquitectura-sustentable","tag-cali","tag-chiapas","tag-colombia","tag-energia-solar","tag-itesm","tag-kuxtal","tag-solar-decathlon","tag-tecnologico-de-monterrey","tag-vivienda-sustentable"],"yoast_head":"<!-- This site is optimized with the Yoast SEO plugin v27.5 - https:\/\/yoast.com\/product\/yoast-seo-wordpress\/ -->\n<title>Mexicanos competir\u00e1n en el Solar Decathlon -<\/title>\n<meta name=\"description\" content=\"Se trata del concurso m\u00e1s importante de arquitectura sustentable, en el cual un grupo de 25 universitarios presentar\u00e1n un proyecto de vivienda vertical Se\" \/>\n<meta name=\"robots\" content=\"index, follow, max-snippet:-1, max-image-preview:large, max-video-preview:-1\" \/>\n<link rel=\"canonical\" href=\"https:\/\/centrourbano.com\/revista\/arquitectura-2\/mexicanos-competiran-en-el-solar-decathlon\/\" \/>\n<meta property=\"og:locale\" content=\"es_ES\" \/>\n<meta property=\"og:type\" content=\"article\" \/>\n<meta property=\"og:title\" content=\"Mexicanos competir\u00e1n en el Solar Decathlon -\" \/>\n<meta property=\"og:description\" content=\"Se trata del concurso m\u00e1s importante de arquitectura sustentable, en el cual un grupo de 25 universitarios presentar\u00e1n un proyecto de vivienda vertical Se\" \/>\n<meta property=\"og:url\" content=\"https:\/\/centrourbano.com\/revista\/arquitectura-2\/mexicanos-competiran-en-el-solar-decathlon\/\" \/>\n<meta property=\"og:site_name\" content=\"Centro Urbano\" \/>\n<meta property=\"article:publisher\" content=\"https:\/\/www.facebook.com\/portalcentrourbano\" \/>\n<meta property=\"article:published_time\" content=\"2015-07-22T20:39:26+00:00\" \/>\n<meta property=\"og:image\" content=\"https:\/\/centrourbano.com\/revista\/wp-content\/uploads\/Solar-Decathlon.jpg\" \/>\n\t<meta property=\"og:image:width\" content=\"700\" \/>\n\t<meta property=\"og:image:height\" content=\"325\" \/>\n\t<meta property=\"og:image:type\" content=\"image\/jpeg\" \/>\n<meta name=\"author\" content=\"Dinorah Nava\" \/>\n<meta name=\"twitter:card\" content=\"summary_large_image\" \/>\n<meta name=\"twitter:creator\" content=\"@https:\/\/twitter.com\/Dinorah_Nava28\" \/>\n<meta name=\"twitter:site\" content=\"@CentroUrbano\" \/>\n<meta name=\"twitter:label1\" content=\"Escrito por\" \/>\n\t<meta name=\"twitter:data1\" content=\"Dinorah Nava\" \/>\n\t<meta name=\"twitter:label2\" content=\"Tiempo de lectura\" \/>\n\t<meta name=\"twitter:data2\" content=\"3 minutos\" \/>\n<script type=\"application\/ld+json\" class=\"yoast-schema-graph\">{\"@context\":\"https:\\\/\\\/schema.org\",\"@graph\":[{\"@type\":\"Article\",\"@id\":\"https:\\\/\\\/centrourbano.com\\\/revista\\\/arquitectura-2\\\/mexicanos-competiran-en-el-solar-decathlon\\\/#article\",\"isPartOf\":{\"@id\":\"https:\\\/\\\/centrourbano.com\\\/revista\\\/arquitectura-2\\\/mexicanos-competiran-en-el-solar-decathlon\\\/\"},\"author\":{\"name\":\"Dinorah Nava\",\"@id\":\"https:\\\/\\\/centrourbano.com\\\/revista\\\/#\\\/schema\\\/person\\\/b45db815d96831257ba428a3d5a5fbdc\"},\"headline\":\"Mexicanos competir\u00e1n en el Solar Decathlon\",\"datePublished\":\"2015-07-22T20:39:26+00:00\",\"mainEntityOfPage\":{\"@id\":\"https:\\\/\\\/centrourbano.com\\\/revista\\\/arquitectura-2\\\/mexicanos-competiran-en-el-solar-decathlon\\\/\"},\"wordCount\":587,\"commentCount\":0,\"publisher\":{\"@id\":\"https:\\\/\\\/centrourbano.com\\\/revista\\\/#organization\"},\"image\":{\"@id\":\"https:\\\/\\\/centrourbano.com\\\/revista\\\/arquitectura-2\\\/mexicanos-competiran-en-el-solar-decathlon\\\/#primaryimage\"},\"thumbnailUrl\":\"https:\\\/\\\/centrourbano.com\\\/revista\\\/wp-content\\\/uploads\\\/Solar-Decathlon.jpg\",\"keywords\":[\"arquitectura\",\"arquitectura sustentable\",\"Cali\",\"Chiapas\",\"Colombia\",\"energ\u00eda solar\",\"ITESM\",\"Kuxtal\",\"Solar Decathlon\",\"Tecnol\u00f3gico de Monterrey\",\"Vivienda sustentable\"],\"articleSection\":[\"Arquitectura\"],\"inLanguage\":\"es\",\"potentialAction\":[{\"@type\":\"CommentAction\",\"name\":\"Comment\",\"target\":[\"https:\\\/\\\/centrourbano.com\\\/revista\\\/arquitectura-2\\\/mexicanos-competiran-en-el-solar-decathlon\\\/#respond\"]}]},{\"@type\":\"WebPage\",\"@id\":\"https:\\\/\\\/centrourbano.com\\\/revista\\\/arquitectura-2\\\/mexicanos-competiran-en-el-solar-decathlon\\\/\",\"url\":\"https:\\\/\\\/centrourbano.com\\\/revista\\\/arquitectura-2\\\/mexicanos-competiran-en-el-solar-decathlon\\\/\",\"name\":\"Mexicanos competir\u00e1n en el Solar Decathlon -\",\"isPartOf\":{\"@id\":\"https:\\\/\\\/centrourbano.com\\\/revista\\\/#website\"},\"primaryImageOfPage\":{\"@id\":\"https:\\\/\\\/centrourbano.com\\\/revista\\\/arquitectura-2\\\/mexicanos-competiran-en-el-solar-decathlon\\\/#primaryimage\"},\"image\":{\"@id\":\"https:\\\/\\\/centrourbano.com\\\/revista\\\/arquitectura-2\\\/mexicanos-competiran-en-el-solar-decathlon\\\/#primaryimage\"},\"thumbnailUrl\":\"https:\\\/\\\/centrourbano.com\\\/revista\\\/wp-content\\\/uploads\\\/Solar-Decathlon.jpg\",\"datePublished\":\"2015-07-22T20:39:26+00:00\",\"description\":\"Se trata del concurso m\u00e1s importante de arquitectura sustentable, en el cual un grupo de 25 universitarios presentar\u00e1n un proyecto de vivienda vertical Se\",\"breadcrumb\":{\"@id\":\"https:\\\/\\\/centrourbano.com\\\/revista\\\/arquitectura-2\\\/mexicanos-competiran-en-el-solar-decathlon\\\/#breadcrumb\"},\"inLanguage\":\"es\",\"potentialAction\":[{\"@type\":\"ReadAction\",\"target\":[\"https:\\\/\\\/centrourbano.com\\\/revista\\\/arquitectura-2\\\/mexicanos-competiran-en-el-solar-decathlon\\\/\"]}]},{\"@type\":\"ImageObject\",\"inLanguage\":\"es\",\"@id\":\"https:\\\/\\\/centrourbano.com\\\/revista\\\/arquitectura-2\\\/mexicanos-competiran-en-el-solar-decathlon\\\/#primaryimage\",\"url\":\"https:\\\/\\\/centrourbano.com\\\/revista\\\/wp-content\\\/uploads\\\/Solar-Decathlon.jpg\",\"contentUrl\":\"https:\\\/\\\/centrourbano.com\\\/revista\\\/wp-content\\\/uploads\\\/Solar-Decathlon.jpg\",\"width\":700,\"height\":325},{\"@type\":\"BreadcrumbList\",\"@id\":\"https:\\\/\\\/centrourbano.com\\\/revista\\\/arquitectura-2\\\/mexicanos-competiran-en-el-solar-decathlon\\\/#breadcrumb\",\"itemListElement\":[{\"@type\":\"ListItem\",\"position\":1,\"name\":\"Portada\",\"item\":\"https:\\\/\\\/centrourbano.com\\\/revista\\\/\"},{\"@type\":\"ListItem\",\"position\":2,\"name\":\"Mexicanos competir\u00e1n en el Solar Decathlon\"}]},{\"@type\":\"WebSite\",\"@id\":\"https:\\\/\\\/centrourbano.com\\\/revista\\\/#website\",\"url\":\"https:\\\/\\\/centrourbano.com\\\/revista\\\/\",\"name\":\"Centro Urbano\",\"description\":\"Medio especializado en los sectores vivienda, inmobiliario, construcci\u00f3n, arquitectura y urbanismo.\",\"publisher\":{\"@id\":\"https:\\\/\\\/centrourbano.com\\\/revista\\\/#organization\"},\"potentialAction\":[{\"@type\":\"SearchAction\",\"target\":{\"@type\":\"EntryPoint\",\"urlTemplate\":\"https:\\\/\\\/centrourbano.com\\\/revista\\\/?s={search_term_string}\"},\"query-input\":{\"@type\":\"PropertyValueSpecification\",\"valueRequired\":true,\"valueName\":\"search_term_string\"}}],\"inLanguage\":\"es\"},{\"@type\":\"Organization\",\"@id\":\"https:\\\/\\\/centrourbano.com\\\/revista\\\/#organization\",\"name\":\"Centro Urbano\",\"url\":\"https:\\\/\\\/centrourbano.com\\\/revista\\\/\",\"logo\":{\"@type\":\"ImageObject\",\"inLanguage\":\"es\",\"@id\":\"https:\\\/\\\/centrourbano.com\\\/revista\\\/#\\\/schema\\\/logo\\\/image\\\/\",\"url\":\"https:\\\/\\\/centrourbano.com\\\/revista\\\/wp-content\\\/uploads\\\/web_CU_logo-1.png\",\"contentUrl\":\"https:\\\/\\\/centrourbano.com\\\/revista\\\/wp-content\\\/uploads\\\/web_CU_logo-1.png\",\"width\":350,\"height\":91,\"caption\":\"Centro Urbano\"},\"image\":{\"@id\":\"https:\\\/\\\/centrourbano.com\\\/revista\\\/#\\\/schema\\\/logo\\\/image\\\/\"},\"sameAs\":[\"https:\\\/\\\/www.facebook.com\\\/portalcentrourbano\",\"https:\\\/\\\/x.com\\\/CentroUrbano\",\"https:\\\/\\\/www.instagram.com\\\/centro_urbano\\\/\",\"https:\\\/\\\/www.linkedin.com\\\/company\\\/centro-urbano\\\/\",\"http:\\\/\\\/www.youtube.com\\\/user\\\/portalcentrourbano\"]},{\"@type\":\"Person\",\"@id\":\"https:\\\/\\\/centrourbano.com\\\/revista\\\/#\\\/schema\\\/person\\\/b45db815d96831257ba428a3d5a5fbdc\",\"name\":\"Dinorah Nava\",\"image\":{\"@type\":\"ImageObject\",\"inLanguage\":\"es\",\"@id\":\"https:\\\/\\\/secure.gravatar.com\\\/avatar\\\/f6ca6430c51d147f363940f84e1225aa4b8183885c11802cc3b042305a4ecc1a?s=96&d=mm&r=g\",\"url\":\"https:\\\/\\\/secure.gravatar.com\\\/avatar\\\/f6ca6430c51d147f363940f84e1225aa4b8183885c11802cc3b042305a4ecc1a?s=96&d=mm&r=g\",\"contentUrl\":\"https:\\\/\\\/secure.gravatar.com\\\/avatar\\\/f6ca6430c51d147f363940f84e1225aa4b8183885c11802cc3b042305a4ecc1a?s=96&d=mm&r=g\",\"caption\":\"Dinorah Nava\"},\"description\":\"Editora de Contenidos y Estrategias Digitales en Centro Urbano y Coeditora en Peri\u00f3dico Mi Casa. Egresada de la licenciatura en Comunicaci\u00f3n y Periodismo de la Facultad de Estudios Superiores Arag\u00f3n (UNAM). Amante de la edici\u00f3n y correcci\u00f3n de estilo, las redes sociales y el mundo digital. Especialista en temas son arquitectura, inmobiliario y urbanismo.\",\"sameAs\":[\"linkedin.com\\\/in\\\/dinorah-nava\",\"https:\\\/\\\/x.com\\\/https:\\\/\\\/twitter.com\\\/Dinorah_Nava28\"],\"url\":\"https:\\\/\\\/centrourbano.com\\\/revista\\\/author\\\/dinorah-nava\\\/\"}]}<\/script>\n<!-- \/ Yoast SEO plugin. -->","yoast_head_json":{"title":"Mexicanos competir\u00e1n en el Solar Decathlon -","description":"Se trata del concurso m\u00e1s importante de arquitectura sustentable, en el cual un grupo de 25 universitarios presentar\u00e1n un proyecto de vivienda vertical Se","robots":{"index":"index","follow":"follow","max-snippet":"max-snippet:-1","max-image-preview":"max-image-preview:large","max-video-preview":"max-video-preview:-1"},"canonical":"https:\/\/centrourbano.com\/revista\/arquitectura-2\/mexicanos-competiran-en-el-solar-decathlon\/","og_locale":"es_ES","og_type":"article","og_title":"Mexicanos competir\u00e1n en el Solar Decathlon -","og_description":"Se trata del concurso m\u00e1s importante de arquitectura sustentable, en el cual un grupo de 25 universitarios presentar\u00e1n un proyecto de vivienda vertical Se","og_url":"https:\/\/centrourbano.com\/revista\/arquitectura-2\/mexicanos-competiran-en-el-solar-decathlon\/","og_site_name":"Centro Urbano","article_publisher":"https:\/\/www.facebook.com\/portalcentrourbano","article_published_time":"2015-07-22T20:39:26+00:00","og_image":[{"width":700,"height":325,"url":"https:\/\/centrourbano.com\/revista\/wp-content\/uploads\/Solar-Decathlon.jpg","type":"image\/jpeg"}],"author":"Dinorah Nava","twitter_card":"summary_large_image","twitter_creator":"@https:\/\/twitter.com\/Dinorah_Nava28","twitter_site":"@CentroUrbano","twitter_misc":{"Escrito por":"Dinorah Nava","Tiempo de lectura":"3 minutos"},"schema":{"@context":"https:\/\/schema.org","@graph":[{"@type":"Article","@id":"https:\/\/centrourbano.com\/revista\/arquitectura-2\/mexicanos-competiran-en-el-solar-decathlon\/#article","isPartOf":{"@id":"https:\/\/centrourbano.com\/revista\/arquitectura-2\/mexicanos-competiran-en-el-solar-decathlon\/"},"author":{"name":"Dinorah Nava","@id":"https:\/\/centrourbano.com\/revista\/#\/schema\/person\/b45db815d96831257ba428a3d5a5fbdc"},"headline":"Mexicanos competir\u00e1n en el Solar Decathlon","datePublished":"2015-07-22T20:39:26+00:00","mainEntityOfPage":{"@id":"https:\/\/centrourbano.com\/revista\/arquitectura-2\/mexicanos-competiran-en-el-solar-decathlon\/"},"wordCount":587,"commentCount":0,"publisher":{"@id":"https:\/\/centrourbano.com\/revista\/#organization"},"image":{"@id":"https:\/\/centrourbano.com\/revista\/arquitectura-2\/mexicanos-competiran-en-el-solar-decathlon\/#primaryimage"},"thumbnailUrl":"https:\/\/centrourbano.com\/revista\/wp-content\/uploads\/Solar-Decathlon.jpg","keywords":["arquitectura","arquitectura sustentable","Cali","Chiapas","Colombia","energ\u00eda solar","ITESM","Kuxtal","Solar Decathlon","Tecnol\u00f3gico de Monterrey","Vivienda sustentable"],"articleSection":["Arquitectura"],"inLanguage":"es","potentialAction":[{"@type":"CommentAction","name":"Comment","target":["https:\/\/centrourbano.com\/revista\/arquitectura-2\/mexicanos-competiran-en-el-solar-decathlon\/#respond"]}]},{"@type":"WebPage","@id":"https:\/\/centrourbano.com\/revista\/arquitectura-2\/mexicanos-competiran-en-el-solar-decathlon\/","url":"https:\/\/centrourbano.com\/revista\/arquitectura-2\/mexicanos-competiran-en-el-solar-decathlon\/","name":"Mexicanos competir\u00e1n en el Solar Decathlon -","isPartOf":{"@id":"https:\/\/centrourbano.com\/revista\/#website"},"primaryImageOfPage":{"@id":"https:\/\/centrourbano.com\/revista\/arquitectura-2\/mexicanos-competiran-en-el-solar-decathlon\/#primaryimage"},"image":{"@id":"https:\/\/centrourbano.com\/revista\/arquitectura-2\/mexicanos-competiran-en-el-solar-decathlon\/#primaryimage"},"thumbnailUrl":"https:\/\/centrourbano.com\/revista\/wp-content\/uploads\/Solar-Decathlon.jpg","datePublished":"2015-07-22T20:39:26+00:00","description":"Se trata del concurso m\u00e1s importante de arquitectura sustentable, en el cual un grupo de 25 universitarios presentar\u00e1n un proyecto de vivienda vertical Se","breadcrumb":{"@id":"https:\/\/centrourbano.com\/revista\/arquitectura-2\/mexicanos-competiran-en-el-solar-decathlon\/#breadcrumb"},"inLanguage":"es","potentialAction":[{"@type":"ReadAction","target":["https:\/\/centrourbano.com\/revista\/arquitectura-2\/mexicanos-competiran-en-el-solar-decathlon\/"]}]},{"@type":"ImageObject","inLanguage":"es","@id":"https:\/\/centrourbano.com\/revista\/arquitectura-2\/mexicanos-competiran-en-el-solar-decathlon\/#primaryimage","url":"https:\/\/centrourbano.com\/revista\/wp-content\/uploads\/Solar-Decathlon.jpg","contentUrl":"https:\/\/centrourbano.com\/revista\/wp-content\/uploads\/Solar-Decathlon.jpg","width":700,"height":325},{"@type":"BreadcrumbList","@id":"https:\/\/centrourbano.com\/revista\/arquitectura-2\/mexicanos-competiran-en-el-solar-decathlon\/#breadcrumb","itemListElement":[{"@type":"ListItem","position":1,"name":"Portada","item":"https:\/\/centrourbano.com\/revista\/"},{"@type":"ListItem","position":2,"name":"Mexicanos competir\u00e1n en el Solar Decathlon"}]},{"@type":"WebSite","@id":"https:\/\/centrourbano.com\/revista\/#website","url":"https:\/\/centrourbano.com\/revista\/","name":"Centro Urbano","description":"Medio especializado en los sectores vivienda, inmobiliario, construcci\u00f3n, arquitectura y urbanismo.","publisher":{"@id":"https:\/\/centrourbano.com\/revista\/#organization"},"potentialAction":[{"@type":"SearchAction","target":{"@type":"EntryPoint","urlTemplate":"https:\/\/centrourbano.com\/revista\/?s={search_term_string}"},"query-input":{"@type":"PropertyValueSpecification","valueRequired":true,"valueName":"search_term_string"}}],"inLanguage":"es"},{"@type":"Organization","@id":"https:\/\/centrourbano.com\/revista\/#organization","name":"Centro Urbano","url":"https:\/\/centrourbano.com\/revista\/","logo":{"@type":"ImageObject","inLanguage":"es","@id":"https:\/\/centrourbano.com\/revista\/#\/schema\/logo\/image\/","url":"https:\/\/centrourbano.com\/revista\/wp-content\/uploads\/web_CU_logo-1.png","contentUrl":"https:\/\/centrourbano.com\/revista\/wp-content\/uploads\/web_CU_logo-1.png","width":350,"height":91,"caption":"Centro Urbano"},"image":{"@id":"https:\/\/centrourbano.com\/revista\/#\/schema\/logo\/image\/"},"sameAs":["https:\/\/www.facebook.com\/portalcentrourbano","https:\/\/x.com\/CentroUrbano","https:\/\/www.instagram.com\/centro_urbano\/","https:\/\/www.linkedin.com\/company\/centro-urbano\/","http:\/\/www.youtube.com\/user\/portalcentrourbano"]},{"@type":"Person","@id":"https:\/\/centrourbano.com\/revista\/#\/schema\/person\/b45db815d96831257ba428a3d5a5fbdc","name":"Dinorah Nava","image":{"@type":"ImageObject","inLanguage":"es","@id":"https:\/\/secure.gravatar.com\/avatar\/f6ca6430c51d147f363940f84e1225aa4b8183885c11802cc3b042305a4ecc1a?s=96&d=mm&r=g","url":"https:\/\/secure.gravatar.com\/avatar\/f6ca6430c51d147f363940f84e1225aa4b8183885c11802cc3b042305a4ecc1a?s=96&d=mm&r=g","contentUrl":"https:\/\/secure.gravatar.com\/avatar\/f6ca6430c51d147f363940f84e1225aa4b8183885c11802cc3b042305a4ecc1a?s=96&d=mm&r=g","caption":"Dinorah Nava"},"description":"Editora de Contenidos y Estrategias Digitales en Centro Urbano y Coeditora en Peri\u00f3dico Mi Casa. Egresada de la licenciatura en Comunicaci\u00f3n y Periodismo de la Facultad de Estudios Superiores Arag\u00f3n (UNAM). Amante de la edici\u00f3n y correcci\u00f3n de estilo, las redes sociales y el mundo digital. Especialista en temas son arquitectura, inmobiliario y urbanismo.","sameAs":["linkedin.com\/in\/dinorah-nava","https:\/\/x.com\/https:\/\/twitter.com\/Dinorah_Nava28"],"url":"https:\/\/centrourbano.com\/revista\/author\/dinorah-nava\/"}]}},"_links":{"self":[{"href":"https:\/\/centrourbano.com\/revista\/wp-json\/wp\/v2\/posts\/21404","targetHints":{"allow":["GET"]}}],"collection":[{"href":"https:\/\/centrourbano.com\/revista\/wp-json\/wp\/v2\/posts"}],"about":[{"href":"https:\/\/centrourbano.com\/revista\/wp-json\/wp\/v2\/types\/post"}],"author":[{"embeddable":true,"href":"https:\/\/centrourbano.com\/revista\/wp-json\/wp\/v2\/users\/9"}],"replies":[{"embeddable":true,"href":"https:\/\/centrourbano.com\/revista\/wp-json\/wp\/v2\/comments?post=21404"}],"version-history":[{"count":0,"href":"https:\/\/centrourbano.com\/revista\/wp-json\/wp\/v2\/posts\/21404\/revisions"}],"wp:featuredmedia":[{"embeddable":true,"href":"https:\/\/centrourbano.com\/revista\/wp-json\/wp\/v2\/media\/21405"}],"wp:attachment":[{"href":"https:\/\/centrourbano.com\/revista\/wp-json\/wp\/v2\/media?parent=21404"}],"wp:term":[{"taxonomy":"category","embeddable":true,"href":"https:\/\/centrourbano.com\/revista\/wp-json\/wp\/v2\/categories?post=21404"},{"taxonomy":"post_tag","embeddable":true,"href":"https:\/\/centrourbano.com\/revista\/wp-json\/wp\/v2\/tags?post=21404"}],"curies":[{"name":"wp","href":"https:\/\/api.w.org\/{rel}","templated":true}]}}