{"id":21244,"date":"2015-07-20T10:07:23","date_gmt":"2015-07-20T15:07:23","guid":{"rendered":"http:\/\/centrourbano.com\/?p=21244"},"modified":"2015-07-20T10:07:44","modified_gmt":"2015-07-20T15:07:44","slug":"firma-sectur-convenio-de-colaboracion-con-wikimedia","status":"publish","type":"post","link":"https:\/\/centrourbano.com\/revista\/actualidad\/firma-sectur-convenio-de-colaboracion-con-wikimedia\/","title":{"rendered":"Firma Sectur Convenio de Colaboraci\u00f3n con Wikimedia"},"content":{"rendered":"<p><em>Contenidos tur\u00edsticos de la CDMX se podr\u00e1n consultar en m\u00e1s de 100 idiomas<\/em><\/p>\n<p><!--more--><\/p>\n<p>Tras la inauguraci\u00f3n de la Reuni\u00f3n Anual Wikiman\u00eda 2015, Miguel Torruco Marqu\u00e9s, titular de la Secretar\u00eda de Turismo de la Ciudad de M\u00e9xico, firm\u00f3 un Convenio de Colaboraci\u00f3n en materia de contenidos con el presidente de Wikimedia M\u00e9xico, Iv\u00e1n Mart\u00ednez, para poner al alcance de viajeros de todo el mundo la oferta tur\u00edstica de la CDMX, de manera gratuita, a trav\u00e9s de esta plataforma de internet.<\/p>\n<p>La p\u00e1gina\u00a0<a href=\"http:\/\/cdmxtravel.com\/es\/\" target=\"_blank\">www.cdmxtravel.com<\/a>\u00a0se tiene a la disposici\u00f3n de viajeros nacionales e internacionales, informaci\u00f3n sobre hoteles, recorridos por museos, paseos nocturnos, restaurantes, bares, ferias, parques, transportaci\u00f3n terrestre, fiestas y tradiciones populares, entre otros servicios. Por ahora se encuentra disponible en espa\u00f1ol e ingl\u00e9s pero gracias a la colaboraci\u00f3n de voluntarios de Wikimedia, pr\u00f3ximamente se podr\u00e1 consultar en m\u00e1s de 100 idiomas.<\/p>\n<p>A la reuni\u00f3n asistieron 1,000 wikipedistas procedentes de 42 naciones de los 5 continentes y directivos de Wikimedia, destacando Lila Tretikov, directora ejecutiva de la Fundaci\u00f3n de Wikimedia y Jimmy Wales, cofundador de Wikipedia.<\/p>\n<p>\u201cEsta ser\u00e1 la primera vez en Latinoam\u00e9rica que Wikimedia, el quinto sitio web m\u00e1s visitado en el mundo, suscribe un convenio de este tipo con una Secretar\u00eda de Turismo, en este caso, con la del Gobierno de la Ciudad de M\u00e9xico, de manera que servir\u00e1 como modelo para que otras ciudades del orbe se sumen a esta iniciativa\u201d mencion\u00f3 Torruco Marqu\u00e9s, durante el evento.<\/p>\n","protected":false},"excerpt":{"rendered":"<p>Contenidos tur\u00edsticos de la CDMX se podr\u00e1n consultar en m\u00e1s de 100 idiomas<\/p>\n","protected":false},"author":1,"featured_media":21245,"comment_status":"open","ping_status":"closed","sticky":false,"template":"","format":"standard","meta":{"om_disable_all_campaigns":false,"inline_featured_image":false,"_monsterinsights_skip_tracking":false,"_monsterinsights_sitenote_active":false,"_monsterinsights_sitenote_note":"","_monsterinsights_sitenote_category":0,"footnotes":""},"categories":[80],"tags":[606,784,5753,5431],"class_list":["post-21244","post","type-post","status-publish","format-standard","has-post-thumbnail","hentry","category-actualidad","tag-cdmx","tag-sectur","tag-wikimedia","tag-wikipedia"],"yoast_head":"<!-- This site is optimized with the Yoast SEO plugin v27.5 - https:\/\/yoast.com\/product\/yoast-seo-wordpress\/ -->\n<title>Firma Sectur Convenio de Colaboraci\u00f3n con Wikimedia -<\/title>\n<meta name=\"description\" content=\"Contenidos tur\u00edsticos de la CDMX se podr\u00e1n consultar en m\u00e1s de 100 idiomas Tras la inauguraci\u00f3n de la Reuni\u00f3n Anual Wikiman\u00eda 2015, Miguel Torruco\" \/>\n<meta name=\"robots\" content=\"index, follow, max-snippet:-1, max-image-preview:large, max-video-preview:-1\" \/>\n<link rel=\"canonical\" href=\"https:\/\/centrourbano.com\/revista\/actualidad\/firma-sectur-convenio-de-colaboracion-con-wikimedia\/\" \/>\n<meta property=\"og:locale\" content=\"es_ES\" \/>\n<meta property=\"og:type\" content=\"article\" \/>\n<meta property=\"og:title\" content=\"Firma Sectur Convenio de Colaboraci\u00f3n con Wikimedia -\" \/>\n<meta property=\"og:description\" content=\"Contenidos tur\u00edsticos de la CDMX se podr\u00e1n consultar en m\u00e1s de 100 idiomas Tras la inauguraci\u00f3n de la Reuni\u00f3n Anual Wikiman\u00eda 2015, Miguel Torruco\" \/>\n<meta property=\"og:url\" content=\"https:\/\/centrourbano.com\/revista\/actualidad\/firma-sectur-convenio-de-colaboracion-con-wikimedia\/\" \/>\n<meta property=\"og:site_name\" content=\"Centro Urbano\" \/>\n<meta property=\"article:publisher\" content=\"https:\/\/www.facebook.com\/portalcentrourbano\" \/>\n<meta property=\"article:published_time\" content=\"2015-07-20T15:07:23+00:00\" \/>\n<meta property=\"article:modified_time\" content=\"2015-07-20T15:07:44+00:00\" \/>\n<meta property=\"og:image\" content=\"https:\/\/centrourbano.com\/revista\/wp-content\/uploads\/SECTUR.jpg\" \/>\n\t<meta property=\"og:image:width\" content=\"750\" \/>\n\t<meta property=\"og:image:height\" content=\"500\" \/>\n\t<meta property=\"og:image:type\" content=\"image\/jpeg\" \/>\n<meta name=\"author\" content=\"BlogCU 2022\" \/>\n<meta name=\"twitter:card\" content=\"summary_large_image\" \/>\n<meta name=\"twitter:creator\" content=\"@CentroUrbano\" \/>\n<meta name=\"twitter:site\" content=\"@CentroUrbano\" \/>\n<meta name=\"twitter:label1\" content=\"Escrito por\" \/>\n\t<meta name=\"twitter:data1\" content=\"BlogCU 2022\" \/>\n\t<meta name=\"twitter:label2\" content=\"Tiempo de lectura\" \/>\n\t<meta name=\"twitter:data2\" content=\"1 minuto\" \/>\n<script type=\"application\/ld+json\" class=\"yoast-schema-graph\">{\"@context\":\"https:\\\/\\\/schema.org\",\"@graph\":[{\"@type\":\"Article\",\"@id\":\"https:\\\/\\\/centrourbano.com\\\/revista\\\/actualidad\\\/firma-sectur-convenio-de-colaboracion-con-wikimedia\\\/#article\",\"isPartOf\":{\"@id\":\"https:\\\/\\\/centrourbano.com\\\/revista\\\/actualidad\\\/firma-sectur-convenio-de-colaboracion-con-wikimedia\\\/\"},\"author\":{\"name\":\"BlogCU 2022\",\"@id\":\"https:\\\/\\\/centrourbano.com\\\/revista\\\/#\\\/schema\\\/person\\\/fe5429a2f790d21ed026561f3309426b\"},\"headline\":\"Firma Sectur Convenio de Colaboraci\u00f3n con Wikimedia\",\"datePublished\":\"2015-07-20T15:07:23+00:00\",\"dateModified\":\"2015-07-20T15:07:44+00:00\",\"mainEntityOfPage\":{\"@id\":\"https:\\\/\\\/centrourbano.com\\\/revista\\\/actualidad\\\/firma-sectur-convenio-de-colaboracion-con-wikimedia\\\/\"},\"wordCount\":273,\"commentCount\":0,\"publisher\":{\"@id\":\"https:\\\/\\\/centrourbano.com\\\/revista\\\/#organization\"},\"image\":{\"@id\":\"https:\\\/\\\/centrourbano.com\\\/revista\\\/actualidad\\\/firma-sectur-convenio-de-colaboracion-con-wikimedia\\\/#primaryimage\"},\"thumbnailUrl\":\"https:\\\/\\\/centrourbano.com\\\/revista\\\/wp-content\\\/uploads\\\/SECTUR.jpg\",\"keywords\":[\"CDMX\",\"Sectur\",\"Wikimedia\",\"Wikipedia\"],\"articleSection\":[\"Actualidad\"],\"inLanguage\":\"es\",\"potentialAction\":[{\"@type\":\"CommentAction\",\"name\":\"Comment\",\"target\":[\"https:\\\/\\\/centrourbano.com\\\/revista\\\/actualidad\\\/firma-sectur-convenio-de-colaboracion-con-wikimedia\\\/#respond\"]}]},{\"@type\":\"WebPage\",\"@id\":\"https:\\\/\\\/centrourbano.com\\\/revista\\\/actualidad\\\/firma-sectur-convenio-de-colaboracion-con-wikimedia\\\/\",\"url\":\"https:\\\/\\\/centrourbano.com\\\/revista\\\/actualidad\\\/firma-sectur-convenio-de-colaboracion-con-wikimedia\\\/\",\"name\":\"Firma Sectur Convenio de Colaboraci\u00f3n con Wikimedia -\",\"isPartOf\":{\"@id\":\"https:\\\/\\\/centrourbano.com\\\/revista\\\/#website\"},\"primaryImageOfPage\":{\"@id\":\"https:\\\/\\\/centrourbano.com\\\/revista\\\/actualidad\\\/firma-sectur-convenio-de-colaboracion-con-wikimedia\\\/#primaryimage\"},\"image\":{\"@id\":\"https:\\\/\\\/centrourbano.com\\\/revista\\\/actualidad\\\/firma-sectur-convenio-de-colaboracion-con-wikimedia\\\/#primaryimage\"},\"thumbnailUrl\":\"https:\\\/\\\/centrourbano.com\\\/revista\\\/wp-content\\\/uploads\\\/SECTUR.jpg\",\"datePublished\":\"2015-07-20T15:07:23+00:00\",\"dateModified\":\"2015-07-20T15:07:44+00:00\",\"description\":\"Contenidos tur\u00edsticos de la CDMX se podr\u00e1n consultar en m\u00e1s de 100 idiomas Tras la inauguraci\u00f3n de la Reuni\u00f3n Anual Wikiman\u00eda 2015, Miguel Torruco\",\"breadcrumb\":{\"@id\":\"https:\\\/\\\/centrourbano.com\\\/revista\\\/actualidad\\\/firma-sectur-convenio-de-colaboracion-con-wikimedia\\\/#breadcrumb\"},\"inLanguage\":\"es\",\"potentialAction\":[{\"@type\":\"ReadAction\",\"target\":[\"https:\\\/\\\/centrourbano.com\\\/revista\\\/actualidad\\\/firma-sectur-convenio-de-colaboracion-con-wikimedia\\\/\"]}]},{\"@type\":\"ImageObject\",\"inLanguage\":\"es\",\"@id\":\"https:\\\/\\\/centrourbano.com\\\/revista\\\/actualidad\\\/firma-sectur-convenio-de-colaboracion-con-wikimedia\\\/#primaryimage\",\"url\":\"https:\\\/\\\/centrourbano.com\\\/revista\\\/wp-content\\\/uploads\\\/SECTUR.jpg\",\"contentUrl\":\"https:\\\/\\\/centrourbano.com\\\/revista\\\/wp-content\\\/uploads\\\/SECTUR.jpg\",\"width\":750,\"height\":500},{\"@type\":\"BreadcrumbList\",\"@id\":\"https:\\\/\\\/centrourbano.com\\\/revista\\\/actualidad\\\/firma-sectur-convenio-de-colaboracion-con-wikimedia\\\/#breadcrumb\",\"itemListElement\":[{\"@type\":\"ListItem\",\"position\":1,\"name\":\"Portada\",\"item\":\"https:\\\/\\\/centrourbano.com\\\/revista\\\/\"},{\"@type\":\"ListItem\",\"position\":2,\"name\":\"Firma Sectur Convenio de Colaboraci\u00f3n con Wikimedia\"}]},{\"@type\":\"WebSite\",\"@id\":\"https:\\\/\\\/centrourbano.com\\\/revista\\\/#website\",\"url\":\"https:\\\/\\\/centrourbano.com\\\/revista\\\/\",\"name\":\"Centro Urbano\",\"description\":\"Medio especializado en los sectores vivienda, inmobiliario, construcci\u00f3n, arquitectura y urbanismo.\",\"publisher\":{\"@id\":\"https:\\\/\\\/centrourbano.com\\\/revista\\\/#organization\"},\"potentialAction\":[{\"@type\":\"SearchAction\",\"target\":{\"@type\":\"EntryPoint\",\"urlTemplate\":\"https:\\\/\\\/centrourbano.com\\\/revista\\\/?s={search_term_string}\"},\"query-input\":{\"@type\":\"PropertyValueSpecification\",\"valueRequired\":true,\"valueName\":\"search_term_string\"}}],\"inLanguage\":\"es\"},{\"@type\":\"Organization\",\"@id\":\"https:\\\/\\\/centrourbano.com\\\/revista\\\/#organization\",\"name\":\"Centro Urbano\",\"url\":\"https:\\\/\\\/centrourbano.com\\\/revista\\\/\",\"logo\":{\"@type\":\"ImageObject\",\"inLanguage\":\"es\",\"@id\":\"https:\\\/\\\/centrourbano.com\\\/revista\\\/#\\\/schema\\\/logo\\\/image\\\/\",\"url\":\"https:\\\/\\\/centrourbano.com\\\/revista\\\/wp-content\\\/uploads\\\/web_CU_logo-1.png\",\"contentUrl\":\"https:\\\/\\\/centrourbano.com\\\/revista\\\/wp-content\\\/uploads\\\/web_CU_logo-1.png\",\"width\":350,\"height\":91,\"caption\":\"Centro Urbano\"},\"image\":{\"@id\":\"https:\\\/\\\/centrourbano.com\\\/revista\\\/#\\\/schema\\\/logo\\\/image\\\/\"},\"sameAs\":[\"https:\\\/\\\/www.facebook.com\\\/portalcentrourbano\",\"https:\\\/\\\/x.com\\\/CentroUrbano\",\"https:\\\/\\\/www.instagram.com\\\/centro_urbano\\\/\",\"https:\\\/\\\/www.linkedin.com\\\/company\\\/centro-urbano\\\/\",\"http:\\\/\\\/www.youtube.com\\\/user\\\/portalcentrourbano\"]},{\"@type\":\"Person\",\"@id\":\"https:\\\/\\\/centrourbano.com\\\/revista\\\/#\\\/schema\\\/person\\\/fe5429a2f790d21ed026561f3309426b\",\"name\":\"BlogCU 2022\",\"image\":{\"@type\":\"ImageObject\",\"inLanguage\":\"es\",\"@id\":\"https:\\\/\\\/secure.gravatar.com\\\/avatar\\\/5ec2975f6d4b1643c723f08ef135c488131c64cba4524740d438f2e04dbeacdc?s=96&d=mm&r=g\",\"url\":\"https:\\\/\\\/secure.gravatar.com\\\/avatar\\\/5ec2975f6d4b1643c723f08ef135c488131c64cba4524740d438f2e04dbeacdc?s=96&d=mm&r=g\",\"contentUrl\":\"https:\\\/\\\/secure.gravatar.com\\\/avatar\\\/5ec2975f6d4b1643c723f08ef135c488131c64cba4524740d438f2e04dbeacdc?s=96&d=mm&r=g\",\"caption\":\"BlogCU 2022\"},\"url\":\"https:\\\/\\\/centrourbano.com\\\/revista\\\/author\\\/BlogCU 2022\\\/\"}]}<\/script>\n<!-- \/ Yoast SEO plugin. -->","yoast_head_json":{"title":"Firma Sectur Convenio de Colaboraci\u00f3n con Wikimedia -","description":"Contenidos tur\u00edsticos de la CDMX se podr\u00e1n consultar en m\u00e1s de 100 idiomas Tras la inauguraci\u00f3n de la Reuni\u00f3n Anual Wikiman\u00eda 2015, Miguel Torruco","robots":{"index":"index","follow":"follow","max-snippet":"max-snippet:-1","max-image-preview":"max-image-preview:large","max-video-preview":"max-video-preview:-1"},"canonical":"https:\/\/centrourbano.com\/revista\/actualidad\/firma-sectur-convenio-de-colaboracion-con-wikimedia\/","og_locale":"es_ES","og_type":"article","og_title":"Firma Sectur Convenio de Colaboraci\u00f3n con Wikimedia -","og_description":"Contenidos tur\u00edsticos de la CDMX se podr\u00e1n consultar en m\u00e1s de 100 idiomas Tras la inauguraci\u00f3n de la Reuni\u00f3n Anual Wikiman\u00eda 2015, Miguel Torruco","og_url":"https:\/\/centrourbano.com\/revista\/actualidad\/firma-sectur-convenio-de-colaboracion-con-wikimedia\/","og_site_name":"Centro Urbano","article_publisher":"https:\/\/www.facebook.com\/portalcentrourbano","article_published_time":"2015-07-20T15:07:23+00:00","article_modified_time":"2015-07-20T15:07:44+00:00","og_image":[{"width":750,"height":500,"url":"https:\/\/centrourbano.com\/revista\/wp-content\/uploads\/SECTUR.jpg","type":"image\/jpeg"}],"author":"BlogCU 2022","twitter_card":"summary_large_image","twitter_creator":"@CentroUrbano","twitter_site":"@CentroUrbano","twitter_misc":{"Escrito por":"BlogCU 2022","Tiempo de lectura":"1 minuto"},"schema":{"@context":"https:\/\/schema.org","@graph":[{"@type":"Article","@id":"https:\/\/centrourbano.com\/revista\/actualidad\/firma-sectur-convenio-de-colaboracion-con-wikimedia\/#article","isPartOf":{"@id":"https:\/\/centrourbano.com\/revista\/actualidad\/firma-sectur-convenio-de-colaboracion-con-wikimedia\/"},"author":{"name":"BlogCU 2022","@id":"https:\/\/centrourbano.com\/revista\/#\/schema\/person\/fe5429a2f790d21ed026561f3309426b"},"headline":"Firma Sectur Convenio de Colaboraci\u00f3n con Wikimedia","datePublished":"2015-07-20T15:07:23+00:00","dateModified":"2015-07-20T15:07:44+00:00","mainEntityOfPage":{"@id":"https:\/\/centrourbano.com\/revista\/actualidad\/firma-sectur-convenio-de-colaboracion-con-wikimedia\/"},"wordCount":273,"commentCount":0,"publisher":{"@id":"https:\/\/centrourbano.com\/revista\/#organization"},"image":{"@id":"https:\/\/centrourbano.com\/revista\/actualidad\/firma-sectur-convenio-de-colaboracion-con-wikimedia\/#primaryimage"},"thumbnailUrl":"https:\/\/centrourbano.com\/revista\/wp-content\/uploads\/SECTUR.jpg","keywords":["CDMX","Sectur","Wikimedia","Wikipedia"],"articleSection":["Actualidad"],"inLanguage":"es","potentialAction":[{"@type":"CommentAction","name":"Comment","target":["https:\/\/centrourbano.com\/revista\/actualidad\/firma-sectur-convenio-de-colaboracion-con-wikimedia\/#respond"]}]},{"@type":"WebPage","@id":"https:\/\/centrourbano.com\/revista\/actualidad\/firma-sectur-convenio-de-colaboracion-con-wikimedia\/","url":"https:\/\/centrourbano.com\/revista\/actualidad\/firma-sectur-convenio-de-colaboracion-con-wikimedia\/","name":"Firma Sectur Convenio de Colaboraci\u00f3n con Wikimedia -","isPartOf":{"@id":"https:\/\/centrourbano.com\/revista\/#website"},"primaryImageOfPage":{"@id":"https:\/\/centrourbano.com\/revista\/actualidad\/firma-sectur-convenio-de-colaboracion-con-wikimedia\/#primaryimage"},"image":{"@id":"https:\/\/centrourbano.com\/revista\/actualidad\/firma-sectur-convenio-de-colaboracion-con-wikimedia\/#primaryimage"},"thumbnailUrl":"https:\/\/centrourbano.com\/revista\/wp-content\/uploads\/SECTUR.jpg","datePublished":"2015-07-20T15:07:23+00:00","dateModified":"2015-07-20T15:07:44+00:00","description":"Contenidos tur\u00edsticos de la CDMX se podr\u00e1n consultar en m\u00e1s de 100 idiomas Tras la inauguraci\u00f3n de la Reuni\u00f3n Anual Wikiman\u00eda 2015, Miguel Torruco","breadcrumb":{"@id":"https:\/\/centrourbano.com\/revista\/actualidad\/firma-sectur-convenio-de-colaboracion-con-wikimedia\/#breadcrumb"},"inLanguage":"es","potentialAction":[{"@type":"ReadAction","target":["https:\/\/centrourbano.com\/revista\/actualidad\/firma-sectur-convenio-de-colaboracion-con-wikimedia\/"]}]},{"@type":"ImageObject","inLanguage":"es","@id":"https:\/\/centrourbano.com\/revista\/actualidad\/firma-sectur-convenio-de-colaboracion-con-wikimedia\/#primaryimage","url":"https:\/\/centrourbano.com\/revista\/wp-content\/uploads\/SECTUR.jpg","contentUrl":"https:\/\/centrourbano.com\/revista\/wp-content\/uploads\/SECTUR.jpg","width":750,"height":500},{"@type":"BreadcrumbList","@id":"https:\/\/centrourbano.com\/revista\/actualidad\/firma-sectur-convenio-de-colaboracion-con-wikimedia\/#breadcrumb","itemListElement":[{"@type":"ListItem","position":1,"name":"Portada","item":"https:\/\/centrourbano.com\/revista\/"},{"@type":"ListItem","position":2,"name":"Firma Sectur Convenio de Colaboraci\u00f3n con Wikimedia"}]},{"@type":"WebSite","@id":"https:\/\/centrourbano.com\/revista\/#website","url":"https:\/\/centrourbano.com\/revista\/","name":"Centro Urbano","description":"Medio especializado en los sectores vivienda, inmobiliario, construcci\u00f3n, arquitectura y urbanismo.","publisher":{"@id":"https:\/\/centrourbano.com\/revista\/#organization"},"potentialAction":[{"@type":"SearchAction","target":{"@type":"EntryPoint","urlTemplate":"https:\/\/centrourbano.com\/revista\/?s={search_term_string}"},"query-input":{"@type":"PropertyValueSpecification","valueRequired":true,"valueName":"search_term_string"}}],"inLanguage":"es"},{"@type":"Organization","@id":"https:\/\/centrourbano.com\/revista\/#organization","name":"Centro Urbano","url":"https:\/\/centrourbano.com\/revista\/","logo":{"@type":"ImageObject","inLanguage":"es","@id":"https:\/\/centrourbano.com\/revista\/#\/schema\/logo\/image\/","url":"https:\/\/centrourbano.com\/revista\/wp-content\/uploads\/web_CU_logo-1.png","contentUrl":"https:\/\/centrourbano.com\/revista\/wp-content\/uploads\/web_CU_logo-1.png","width":350,"height":91,"caption":"Centro Urbano"},"image":{"@id":"https:\/\/centrourbano.com\/revista\/#\/schema\/logo\/image\/"},"sameAs":["https:\/\/www.facebook.com\/portalcentrourbano","https:\/\/x.com\/CentroUrbano","https:\/\/www.instagram.com\/centro_urbano\/","https:\/\/www.linkedin.com\/company\/centro-urbano\/","http:\/\/www.youtube.com\/user\/portalcentrourbano"]},{"@type":"Person","@id":"https:\/\/centrourbano.com\/revista\/#\/schema\/person\/fe5429a2f790d21ed026561f3309426b","name":"BlogCU 2022","image":{"@type":"ImageObject","inLanguage":"es","@id":"https:\/\/secure.gravatar.com\/avatar\/5ec2975f6d4b1643c723f08ef135c488131c64cba4524740d438f2e04dbeacdc?s=96&d=mm&r=g","url":"https:\/\/secure.gravatar.com\/avatar\/5ec2975f6d4b1643c723f08ef135c488131c64cba4524740d438f2e04dbeacdc?s=96&d=mm&r=g","contentUrl":"https:\/\/secure.gravatar.com\/avatar\/5ec2975f6d4b1643c723f08ef135c488131c64cba4524740d438f2e04dbeacdc?s=96&d=mm&r=g","caption":"BlogCU 2022"},"url":"https:\/\/centrourbano.com\/revista\/author\/BlogCU 2022\/"}]}},"_links":{"self":[{"href":"https:\/\/centrourbano.com\/revista\/wp-json\/wp\/v2\/posts\/21244","targetHints":{"allow":["GET"]}}],"collection":[{"href":"https:\/\/centrourbano.com\/revista\/wp-json\/wp\/v2\/posts"}],"about":[{"href":"https:\/\/centrourbano.com\/revista\/wp-json\/wp\/v2\/types\/post"}],"author":[{"embeddable":true,"href":"https:\/\/centrourbano.com\/revista\/wp-json\/wp\/v2\/users\/1"}],"replies":[{"embeddable":true,"href":"https:\/\/centrourbano.com\/revista\/wp-json\/wp\/v2\/comments?post=21244"}],"version-history":[{"count":0,"href":"https:\/\/centrourbano.com\/revista\/wp-json\/wp\/v2\/posts\/21244\/revisions"}],"wp:featuredmedia":[{"embeddable":true,"href":"https:\/\/centrourbano.com\/revista\/wp-json\/wp\/v2\/media\/21245"}],"wp:attachment":[{"href":"https:\/\/centrourbano.com\/revista\/wp-json\/wp\/v2\/media?parent=21244"}],"wp:term":[{"taxonomy":"category","embeddable":true,"href":"https:\/\/centrourbano.com\/revista\/wp-json\/wp\/v2\/categories?post=21244"},{"taxonomy":"post_tag","embeddable":true,"href":"https:\/\/centrourbano.com\/revista\/wp-json\/wp\/v2\/tags?post=21244"}],"curies":[{"name":"wp","href":"https:\/\/api.w.org\/{rel}","templated":true}]}}