{"id":21226,"date":"2015-07-20T09:00:11","date_gmt":"2015-07-20T14:00:11","guid":{"rendered":"http:\/\/centrourbano.com\/?p=21226"},"modified":"2015-07-18T23:57:30","modified_gmt":"2015-07-19T04:57:30","slug":"repunta-el-inventario-nacional-de-centros-comerciales","status":"publish","type":"post","link":"https:\/\/centrourbano.com\/revista\/reportajes\/repunta-el-inventario-nacional-de-centros-comerciales\/","title":{"rendered":"Repunta el inventario nacional de Centros Comerciales"},"content":{"rendered":"<p class=\"p1\"><b><\/b><em><span class=\"s1\">Al segundo trimestre del a\u00f1o la construcci\u00f3n de estos complejos cerr\u00f3 con un total de 2.1 millones de metros cuadrados<\/span><\/em><!--more--><\/p>\n<p class=\"p1\"><b><\/b><span class=\"s1\">Gracias a la situaci\u00f3n inmobiliaria que vive el pa\u00eds, las entradas de capital que se est\u00e1n generado, as\u00ed como la importante tendencia por generar espacios, en M\u00e9xico se ha detonado el desarrollo de nuevos centros comerciales que dan un valor agregado al consumidor.<\/span><\/p>\n<p class=\"p1\"><span class=\"s1\">Con la llegada de nuevas marcas extranjeras al mercado nacional, la expansi\u00f3n de los retailers nacionales, la institucionalizaci\u00f3n y nuevas formas de financiamiento como las Fibras y CKD\u00b4s, as\u00ed como el potencial que ofrece una clase media en crecimiento, se ha impulsado al sector comercial en el pa\u00eds.<\/span><\/p>\n<p class=\"p1\"><span class=\"s1\">Durante el primer trimestre del 2015 la econom\u00eda creci\u00f3 en 2.5%, de acuerdo con cifras del Instituto Nacional de Estad\u00edstica y Geograf\u00eda (Inegi), y se estima que para finales del a\u00f1o el crecimiento ronde en 3% aproximadamente.<\/span><\/p>\n<p class=\"p1\"><span class=\"s1\">Todos estos indicadores impactan directa y positivamente en el comportamiento del sector comercial del pa\u00eds, ya que al segundo trimestre de 2015 el inventario nacional creci\u00f3 significativamente seg\u00fan datos de la compa\u00f1\u00eda especializada en consultor\u00eda, comercializaci\u00f3n y servicios inmobiliarios, CBRE, ya que tan solo la construcci\u00f3n de centros comerciales en el pa\u00eds cerr\u00f3 con un total de 2.1 millones de m2. <\/span><\/p>\n<p class=\"p1\"><span class=\"s1\">Durante la primera mitad del a\u00f1o los precios en centros comerciales de gran formato como los tipo outlet y usos mixtos, presentaron los mayores incrementos con rangos m\u00e1ximos de 580 a 600 pesos por metro cuadrado; mientras que los complejos peque\u00f1os como los centros comunitarios y centros de vecindario han permanecido con precios estables.<\/span><\/p>\n<p class=\"p1\"><span class=\"s1\">Aunado a esto, el inventario que cuenta con un \u00e1rea rentable superior a los 10,000 metros en el pa\u00eds, cerr\u00f3 en el primer semestre del a\u00f1o con 19.4 millones de metros cuadrados.<\/span><\/p>\n<p class=\"p1\"><span class=\"s1\">Actualmente en M\u00e9xico es el pa\u00eds con m\u00e1s centros comerciales, ya que operan alrededor de 580 y se estima que para los pr\u00f3ximos 10 a\u00f1os se construyan m\u00e1s de 200, lo cual resultar\u00e1 en la generaci\u00f3n de medio mill\u00f3n de empleos directos y hasta un mill\u00f3n de empleos indirectos.<\/span><!--more--><\/p>\n<p class=\"p1\">\n<p class=\"p1\"><strong><span class=\"s1\">Encabezan los Centros Comunitarios el mercado retail <\/span><\/strong><\/p>\n<p>CBRE detall\u00f3 que el tipo de inmueble que m\u00e1s espacio ocupa\u00a0 a nivel nacional, con 29.9%, es el Centro Comunitario, espacio que t\u00edpicamente ofrece una gama m\u00e1s amplia de ropa y de otros productos que el centro de vecindario. Entre las tiendas anclas m\u00e1s comunes est\u00e1n los supermercados, farmacias grandes, y tiendas departamentales de descuento.<\/p>\n<p class=\"p1\"><span class=\"s1\">El <i>Power Center<\/i>, con 27.8%, ocupa el segundo lugar de la lista. Se trata de un centro dominado por varias tiendas anclas grandes, incluyendo tiendas departamentales de descuento, tiendas de precios rebajados, clubes de almacenes, o \u201cdominadores de categor\u00eda\u201d. <\/span><\/p>\n<p class=\"p1\"><span class=\"s1\">En tanto, con 20.1% contin\u00faa el <i>Fashion Mall, <\/i>un centro comercial c\u00e9ntrico o ubicado en un buen vecindario, que generalmente no est\u00e1 anclado con tiendas de autoservicio o comida pero posee una mezcla de tiendas tipo boutique de ropa y accesorios, muchas de las cuales son de marcas reconocidas.<\/span><\/p>\n<p class=\"p1\"><span class=\"s1\">El Regional Mall cuenta con 8.7% del espacio nacional, y se trata de centros comerciales cerrados con por lo menos dos tiendas ancla (regularmente se trata de tiendas departamentales), un complejo de cines y un amplio espacio de comida r\u00e1pida; adem\u00e1s, sirve la poblaci\u00f3n de toda una zona o \u00e1rea de una localidad.<\/span><\/p>\n<p class=\"p1\"><span class=\"s1\">Con 7.7% est\u00e1n otros tipos de centros comerciales como pueden ser <i>Centros Tem\u00e1ticos, Centros de Tienda de Venta de F\u00e1brica (Outlets), Lifestyle Center<\/i>, entre otros. <\/span><\/p>\n<p class=\"p1\"><span class=\"s1\">Por \u00faltimo, con 5.8%, le sigue el <i>Centro de Vecindario<\/i>, dise\u00f1ado para proveer productos y servicios de conveniencia para las necesidades diarias de los consumidores del vecindario pr\u00f3ximo, de los cuales aproximadamente la mitad est\u00e1n anclados por un supermercado, mientras que una tercera parte tienen a una farmacia como ancla.<\/span><\/p>\n<p class=\"p1\"><a href=\"http:\/\/centrourbano.com\/revista\/wp-content\/uploads\/Inventario-Nacional-por-tipo-de-Centro-Comercial.png\"><img loading=\"lazy\" decoding=\"async\" class=\"alignnone size-full wp-image-21228\" src=\"http:\/\/centrourbano.com\/revista\/wp-content\/uploads\/Inventario-Nacional-por-tipo-de-Centro-Comercial.png\" alt=\"Inventario Nacional por tipo de Centro Comercial\" width=\"598\" height=\"354\" srcset=\"https:\/\/centrourbano.com\/revista\/wp-content\/uploads\/Inventario-Nacional-por-tipo-de-Centro-Comercial.png 598w, https:\/\/centrourbano.com\/revista\/wp-content\/uploads\/Inventario-Nacional-por-tipo-de-Centro-Comercial-300x178.png 300w\" sizes=\"auto, (max-width: 598px) 100vw, 598px\" \/><\/a><\/p>\n<p class=\"p1\"><!--more--><\/p>\n<p class=\"p1\">\n<p class=\"p1\"><strong><span class=\"s1\">Incrementa la construcci\u00f3n comercial<\/span><\/strong><\/p>\n<p>Durante la primera parte del a\u00f1o, la construcci\u00f3n cerr\u00f3 con un total de 2.1 millones de m2, lo que representa un crecimiento de poco m\u00e1s de 800,000 metros, respecto a lo registrado a finales de 2014.<\/p>\n<p class=\"p1\"><span class=\"s1\">La Ciudad de M\u00e9xico, la Zona Metropolitana, as\u00ed como el Sureste del pa\u00eds, fueron las regiones que reportaron el mayor dinamismo en la construcci\u00f3n al incorporar cada una cinco nuevos centros comerciales.<\/span><\/p>\n<p class=\"p1\"><span class=\"s1\">Hoy en d\u00eda se encuentran en construcci\u00f3n 59 centros comerciales a nivel nacional, siendo que la Zona Metropolitana lidera la lista con 19 inmuebles en proceso, en segundo lugar la Zona Noreste con 15, seguido por la Zona Centro con 10 centros comerciales.<\/span><\/p>\n<p class=\"p1\"><span class=\"s1\">Adem\u00e1s, con el dinamismo que ha presentado en los \u00faltimos a\u00f1os el mercado mexicano, se podr\u00eda estar registrando entre 500,000 y 800,000 m2\u00a0m\u00e1s a la actividad en construcci\u00f3n para el segundo semestre del a\u00f1o.<\/span><\/p>\n<p class=\"p1\"><span class=\"s1\">Un total de 19.4 millones de m2<\/span><span class=\"s1\">\u00a0son con los que culmina el inventario total nacional al segundo trimestre de 2015, esperando que para los pr\u00f3ximos dos a\u00f1os se presente el mayor incremento en la Zona Metropolitana, Noreste y Centro. <\/span><\/p>\n<p class=\"p1\"><span class=\"s1\">La Zona Metropolitana de la Ciudad de M\u00e9xico, aparte de tener el mayor n\u00famero de centros comerciales en construcci\u00f3n, cuenta con casi un tercio del inventario total de centros comerciales en el pa\u00eds.<\/span><\/p>\n<p class=\"p1\"><span class=\"s1\">Del inventario total nacional el 27.5% corresponde a la Zona Metropolitana, el 20% a la Zona Centro, seguido por la Zona Noreste con 14.3%, y las Zonas Sureste, Occidente, Noroeste y Suroeste con 13,% 11%, 9.8% y 4.3%, respectivamente.<\/span><\/p>\n<p class=\"p1\"><span class=\"s1\">En cuanto a la Zona Noreste, tambi\u00e9n presentar\u00e1 un crecimiento destacado en los pr\u00f3ximos periodos, gracias al impulso de los desarrollos que se est\u00e1n dando sobre todo en la Zona Metropolitana de Monterrey.<\/span><\/p>\n<p class=\"p1\"><a href=\"http:\/\/centrourbano.com\/revista\/wp-content\/uploads\/Inventario-Nacional-por-zona.png\"><img loading=\"lazy\" decoding=\"async\" class=\"alignnone size-full wp-image-21229\" src=\"http:\/\/centrourbano.com\/revista\/wp-content\/uploads\/Inventario-Nacional-por-zona.png\" alt=\"Inventario Nacional por zona\" width=\"328\" height=\"264\" srcset=\"https:\/\/centrourbano.com\/revista\/wp-content\/uploads\/Inventario-Nacional-por-zona.png 328w, https:\/\/centrourbano.com\/revista\/wp-content\/uploads\/Inventario-Nacional-por-zona-300x241.png 300w\" sizes=\"auto, (max-width: 328px) 100vw, 328px\" \/><\/a><\/p>\n","protected":false},"excerpt":{"rendered":"<p>Al segundo trimestre del a\u00f1o la construcci\u00f3n de estos complejos cerr\u00f3 con un total de 2.1 millones de metros cuadrados<\/p>\n","protected":false},"author":9,"featured_media":21227,"comment_status":"open","ping_status":"closed","sticky":false,"template":"","format":"standard","meta":{"om_disable_all_campaigns":false,"inline_featured_image":false,"_monsterinsights_skip_tracking":false,"_monsterinsights_sitenote_active":false,"_monsterinsights_sitenote_note":"","_monsterinsights_sitenote_category":0,"footnotes":""},"categories":[16],"tags":[61],"class_list":["post-21226","post","type-post","status-publish","format-standard","has-post-thumbnail","hentry","category-reportajes","tag-centros-comerciales"],"yoast_head":"<!-- This site is optimized with the Yoast SEO plugin v27.4 - https:\/\/yoast.com\/product\/yoast-seo-wordpress\/ -->\n<title>Repunta el inventario nacional de Centros Comerciales -<\/title>\n<meta name=\"description\" content=\"Al segundo trimestre del a\u00f1o la construcci\u00f3n de estos complejos cerr\u00f3 con un total de 2.1 millones de metros cuadrados Gracias a la situaci\u00f3n inmobiliaria\" \/>\n<meta name=\"robots\" content=\"index, follow, max-snippet:-1, max-image-preview:large, max-video-preview:-1\" \/>\n<link rel=\"canonical\" href=\"https:\/\/centrourbano.com\/revista\/reportajes\/repunta-el-inventario-nacional-de-centros-comerciales\/\" \/>\n<meta property=\"og:locale\" content=\"es_ES\" \/>\n<meta property=\"og:type\" content=\"article\" \/>\n<meta property=\"og:title\" content=\"Repunta el inventario nacional de Centros Comerciales -\" \/>\n<meta property=\"og:description\" content=\"Al segundo trimestre del a\u00f1o la construcci\u00f3n de estos complejos cerr\u00f3 con un total de 2.1 millones de metros cuadrados Gracias a la situaci\u00f3n inmobiliaria\" \/>\n<meta property=\"og:url\" content=\"https:\/\/centrourbano.com\/revista\/reportajes\/repunta-el-inventario-nacional-de-centros-comerciales\/\" \/>\n<meta property=\"og:site_name\" content=\"Centro Urbano\" \/>\n<meta property=\"article:publisher\" content=\"https:\/\/www.facebook.com\/portalcentrourbano\" \/>\n<meta property=\"article:published_time\" content=\"2015-07-20T14:00:11+00:00\" \/>\n<meta property=\"og:image\" content=\"https:\/\/centrourbano.com\/revista\/wp-content\/uploads\/Toreo-Parque-Central.jpg\" \/>\n\t<meta property=\"og:image:width\" content=\"600\" \/>\n\t<meta property=\"og:image:height\" content=\"450\" \/>\n\t<meta property=\"og:image:type\" content=\"image\/jpeg\" \/>\n<meta name=\"author\" content=\"Dinorah Nava\" \/>\n<meta name=\"twitter:card\" content=\"summary_large_image\" \/>\n<meta name=\"twitter:creator\" content=\"@https:\/\/twitter.com\/Dinorah_Nava28\" \/>\n<meta name=\"twitter:site\" content=\"@CentroUrbano\" \/>\n<meta name=\"twitter:label1\" content=\"Escrito por\" \/>\n\t<meta name=\"twitter:data1\" content=\"Dinorah Nava\" \/>\n\t<meta name=\"twitter:label2\" content=\"Tiempo de lectura\" \/>\n\t<meta name=\"twitter:data2\" content=\"5 minutos\" \/>\n<script type=\"application\/ld+json\" class=\"yoast-schema-graph\">{\"@context\":\"https:\\\/\\\/schema.org\",\"@graph\":[{\"@type\":\"Article\",\"@id\":\"https:\\\/\\\/centrourbano.com\\\/revista\\\/reportajes\\\/repunta-el-inventario-nacional-de-centros-comerciales\\\/#article\",\"isPartOf\":{\"@id\":\"https:\\\/\\\/centrourbano.com\\\/revista\\\/reportajes\\\/repunta-el-inventario-nacional-de-centros-comerciales\\\/\"},\"author\":{\"name\":\"Dinorah Nava\",\"@id\":\"https:\\\/\\\/centrourbano.com\\\/revista\\\/#\\\/schema\\\/person\\\/b45db815d96831257ba428a3d5a5fbdc\"},\"headline\":\"Repunta el inventario nacional de Centros Comerciales\",\"datePublished\":\"2015-07-20T14:00:11+00:00\",\"mainEntityOfPage\":{\"@id\":\"https:\\\/\\\/centrourbano.com\\\/revista\\\/reportajes\\\/repunta-el-inventario-nacional-de-centros-comerciales\\\/\"},\"wordCount\":963,\"commentCount\":0,\"publisher\":{\"@id\":\"https:\\\/\\\/centrourbano.com\\\/revista\\\/#organization\"},\"image\":{\"@id\":\"https:\\\/\\\/centrourbano.com\\\/revista\\\/reportajes\\\/repunta-el-inventario-nacional-de-centros-comerciales\\\/#primaryimage\"},\"thumbnailUrl\":\"https:\\\/\\\/centrourbano.com\\\/revista\\\/wp-content\\\/uploads\\\/Toreo-Parque-Central.jpg\",\"keywords\":[\"centros comerciales\"],\"articleSection\":[\"Reportajes\"],\"inLanguage\":\"es\",\"potentialAction\":[{\"@type\":\"CommentAction\",\"name\":\"Comment\",\"target\":[\"https:\\\/\\\/centrourbano.com\\\/revista\\\/reportajes\\\/repunta-el-inventario-nacional-de-centros-comerciales\\\/#respond\"]}]},{\"@type\":\"WebPage\",\"@id\":\"https:\\\/\\\/centrourbano.com\\\/revista\\\/reportajes\\\/repunta-el-inventario-nacional-de-centros-comerciales\\\/\",\"url\":\"https:\\\/\\\/centrourbano.com\\\/revista\\\/reportajes\\\/repunta-el-inventario-nacional-de-centros-comerciales\\\/\",\"name\":\"Repunta el inventario nacional de Centros Comerciales -\",\"isPartOf\":{\"@id\":\"https:\\\/\\\/centrourbano.com\\\/revista\\\/#website\"},\"primaryImageOfPage\":{\"@id\":\"https:\\\/\\\/centrourbano.com\\\/revista\\\/reportajes\\\/repunta-el-inventario-nacional-de-centros-comerciales\\\/#primaryimage\"},\"image\":{\"@id\":\"https:\\\/\\\/centrourbano.com\\\/revista\\\/reportajes\\\/repunta-el-inventario-nacional-de-centros-comerciales\\\/#primaryimage\"},\"thumbnailUrl\":\"https:\\\/\\\/centrourbano.com\\\/revista\\\/wp-content\\\/uploads\\\/Toreo-Parque-Central.jpg\",\"datePublished\":\"2015-07-20T14:00:11+00:00\",\"description\":\"Al segundo trimestre del a\u00f1o la construcci\u00f3n de estos complejos cerr\u00f3 con un total de 2.1 millones de metros cuadrados Gracias a la situaci\u00f3n inmobiliaria\",\"breadcrumb\":{\"@id\":\"https:\\\/\\\/centrourbano.com\\\/revista\\\/reportajes\\\/repunta-el-inventario-nacional-de-centros-comerciales\\\/#breadcrumb\"},\"inLanguage\":\"es\",\"potentialAction\":[{\"@type\":\"ReadAction\",\"target\":[\"https:\\\/\\\/centrourbano.com\\\/revista\\\/reportajes\\\/repunta-el-inventario-nacional-de-centros-comerciales\\\/\"]}]},{\"@type\":\"ImageObject\",\"inLanguage\":\"es\",\"@id\":\"https:\\\/\\\/centrourbano.com\\\/revista\\\/reportajes\\\/repunta-el-inventario-nacional-de-centros-comerciales\\\/#primaryimage\",\"url\":\"https:\\\/\\\/centrourbano.com\\\/revista\\\/wp-content\\\/uploads\\\/Toreo-Parque-Central.jpg\",\"contentUrl\":\"https:\\\/\\\/centrourbano.com\\\/revista\\\/wp-content\\\/uploads\\\/Toreo-Parque-Central.jpg\",\"width\":600,\"height\":450},{\"@type\":\"BreadcrumbList\",\"@id\":\"https:\\\/\\\/centrourbano.com\\\/revista\\\/reportajes\\\/repunta-el-inventario-nacional-de-centros-comerciales\\\/#breadcrumb\",\"itemListElement\":[{\"@type\":\"ListItem\",\"position\":1,\"name\":\"Portada\",\"item\":\"https:\\\/\\\/centrourbano.com\\\/revista\\\/\"},{\"@type\":\"ListItem\",\"position\":2,\"name\":\"Repunta el inventario nacional de Centros Comerciales\"}]},{\"@type\":\"WebSite\",\"@id\":\"https:\\\/\\\/centrourbano.com\\\/revista\\\/#website\",\"url\":\"https:\\\/\\\/centrourbano.com\\\/revista\\\/\",\"name\":\"Centro Urbano\",\"description\":\"Medio especializado en los sectores vivienda, inmobiliario, construcci\u00f3n, arquitectura y urbanismo.\",\"publisher\":{\"@id\":\"https:\\\/\\\/centrourbano.com\\\/revista\\\/#organization\"},\"potentialAction\":[{\"@type\":\"SearchAction\",\"target\":{\"@type\":\"EntryPoint\",\"urlTemplate\":\"https:\\\/\\\/centrourbano.com\\\/revista\\\/?s={search_term_string}\"},\"query-input\":{\"@type\":\"PropertyValueSpecification\",\"valueRequired\":true,\"valueName\":\"search_term_string\"}}],\"inLanguage\":\"es\"},{\"@type\":\"Organization\",\"@id\":\"https:\\\/\\\/centrourbano.com\\\/revista\\\/#organization\",\"name\":\"Centro Urbano\",\"url\":\"https:\\\/\\\/centrourbano.com\\\/revista\\\/\",\"logo\":{\"@type\":\"ImageObject\",\"inLanguage\":\"es\",\"@id\":\"https:\\\/\\\/centrourbano.com\\\/revista\\\/#\\\/schema\\\/logo\\\/image\\\/\",\"url\":\"https:\\\/\\\/centrourbano.com\\\/revista\\\/wp-content\\\/uploads\\\/web_CU_logo-1.png\",\"contentUrl\":\"https:\\\/\\\/centrourbano.com\\\/revista\\\/wp-content\\\/uploads\\\/web_CU_logo-1.png\",\"width\":350,\"height\":91,\"caption\":\"Centro Urbano\"},\"image\":{\"@id\":\"https:\\\/\\\/centrourbano.com\\\/revista\\\/#\\\/schema\\\/logo\\\/image\\\/\"},\"sameAs\":[\"https:\\\/\\\/www.facebook.com\\\/portalcentrourbano\",\"https:\\\/\\\/x.com\\\/CentroUrbano\",\"https:\\\/\\\/www.instagram.com\\\/centro_urbano\\\/\",\"https:\\\/\\\/www.linkedin.com\\\/company\\\/centro-urbano\\\/\",\"http:\\\/\\\/www.youtube.com\\\/user\\\/portalcentrourbano\"]},{\"@type\":\"Person\",\"@id\":\"https:\\\/\\\/centrourbano.com\\\/revista\\\/#\\\/schema\\\/person\\\/b45db815d96831257ba428a3d5a5fbdc\",\"name\":\"Dinorah Nava\",\"image\":{\"@type\":\"ImageObject\",\"inLanguage\":\"es\",\"@id\":\"https:\\\/\\\/secure.gravatar.com\\\/avatar\\\/f6ca6430c51d147f363940f84e1225aa4b8183885c11802cc3b042305a4ecc1a?s=96&d=mm&r=g\",\"url\":\"https:\\\/\\\/secure.gravatar.com\\\/avatar\\\/f6ca6430c51d147f363940f84e1225aa4b8183885c11802cc3b042305a4ecc1a?s=96&d=mm&r=g\",\"contentUrl\":\"https:\\\/\\\/secure.gravatar.com\\\/avatar\\\/f6ca6430c51d147f363940f84e1225aa4b8183885c11802cc3b042305a4ecc1a?s=96&d=mm&r=g\",\"caption\":\"Dinorah Nava\"},\"description\":\"Editora de Contenidos y Estrategias Digitales en Centro Urbano y Coeditora en Peri\u00f3dico Mi Casa. Egresada de la licenciatura en Comunicaci\u00f3n y Periodismo de la Facultad de Estudios Superiores Arag\u00f3n (UNAM). Amante de la edici\u00f3n y correcci\u00f3n de estilo, las redes sociales y el mundo digital. Especialista en temas son arquitectura, inmobiliario y urbanismo.\",\"sameAs\":[\"linkedin.com\\\/in\\\/dinorah-nava\",\"https:\\\/\\\/x.com\\\/https:\\\/\\\/twitter.com\\\/Dinorah_Nava28\"],\"url\":\"https:\\\/\\\/centrourbano.com\\\/revista\\\/author\\\/dinorah-nava\\\/\"}]}<\/script>\n<!-- \/ Yoast SEO plugin. -->","yoast_head_json":{"title":"Repunta el inventario nacional de Centros Comerciales -","description":"Al segundo trimestre del a\u00f1o la construcci\u00f3n de estos complejos cerr\u00f3 con un total de 2.1 millones de metros cuadrados Gracias a la situaci\u00f3n inmobiliaria","robots":{"index":"index","follow":"follow","max-snippet":"max-snippet:-1","max-image-preview":"max-image-preview:large","max-video-preview":"max-video-preview:-1"},"canonical":"https:\/\/centrourbano.com\/revista\/reportajes\/repunta-el-inventario-nacional-de-centros-comerciales\/","og_locale":"es_ES","og_type":"article","og_title":"Repunta el inventario nacional de Centros Comerciales -","og_description":"Al segundo trimestre del a\u00f1o la construcci\u00f3n de estos complejos cerr\u00f3 con un total de 2.1 millones de metros cuadrados Gracias a la situaci\u00f3n inmobiliaria","og_url":"https:\/\/centrourbano.com\/revista\/reportajes\/repunta-el-inventario-nacional-de-centros-comerciales\/","og_site_name":"Centro Urbano","article_publisher":"https:\/\/www.facebook.com\/portalcentrourbano","article_published_time":"2015-07-20T14:00:11+00:00","og_image":[{"width":600,"height":450,"url":"https:\/\/centrourbano.com\/revista\/wp-content\/uploads\/Toreo-Parque-Central.jpg","type":"image\/jpeg"}],"author":"Dinorah Nava","twitter_card":"summary_large_image","twitter_creator":"@https:\/\/twitter.com\/Dinorah_Nava28","twitter_site":"@CentroUrbano","twitter_misc":{"Escrito por":"Dinorah Nava","Tiempo de lectura":"5 minutos"},"schema":{"@context":"https:\/\/schema.org","@graph":[{"@type":"Article","@id":"https:\/\/centrourbano.com\/revista\/reportajes\/repunta-el-inventario-nacional-de-centros-comerciales\/#article","isPartOf":{"@id":"https:\/\/centrourbano.com\/revista\/reportajes\/repunta-el-inventario-nacional-de-centros-comerciales\/"},"author":{"name":"Dinorah Nava","@id":"https:\/\/centrourbano.com\/revista\/#\/schema\/person\/b45db815d96831257ba428a3d5a5fbdc"},"headline":"Repunta el inventario nacional de Centros Comerciales","datePublished":"2015-07-20T14:00:11+00:00","mainEntityOfPage":{"@id":"https:\/\/centrourbano.com\/revista\/reportajes\/repunta-el-inventario-nacional-de-centros-comerciales\/"},"wordCount":963,"commentCount":0,"publisher":{"@id":"https:\/\/centrourbano.com\/revista\/#organization"},"image":{"@id":"https:\/\/centrourbano.com\/revista\/reportajes\/repunta-el-inventario-nacional-de-centros-comerciales\/#primaryimage"},"thumbnailUrl":"https:\/\/centrourbano.com\/revista\/wp-content\/uploads\/Toreo-Parque-Central.jpg","keywords":["centros comerciales"],"articleSection":["Reportajes"],"inLanguage":"es","potentialAction":[{"@type":"CommentAction","name":"Comment","target":["https:\/\/centrourbano.com\/revista\/reportajes\/repunta-el-inventario-nacional-de-centros-comerciales\/#respond"]}]},{"@type":"WebPage","@id":"https:\/\/centrourbano.com\/revista\/reportajes\/repunta-el-inventario-nacional-de-centros-comerciales\/","url":"https:\/\/centrourbano.com\/revista\/reportajes\/repunta-el-inventario-nacional-de-centros-comerciales\/","name":"Repunta el inventario nacional de Centros Comerciales -","isPartOf":{"@id":"https:\/\/centrourbano.com\/revista\/#website"},"primaryImageOfPage":{"@id":"https:\/\/centrourbano.com\/revista\/reportajes\/repunta-el-inventario-nacional-de-centros-comerciales\/#primaryimage"},"image":{"@id":"https:\/\/centrourbano.com\/revista\/reportajes\/repunta-el-inventario-nacional-de-centros-comerciales\/#primaryimage"},"thumbnailUrl":"https:\/\/centrourbano.com\/revista\/wp-content\/uploads\/Toreo-Parque-Central.jpg","datePublished":"2015-07-20T14:00:11+00:00","description":"Al segundo trimestre del a\u00f1o la construcci\u00f3n de estos complejos cerr\u00f3 con un total de 2.1 millones de metros cuadrados Gracias a la situaci\u00f3n inmobiliaria","breadcrumb":{"@id":"https:\/\/centrourbano.com\/revista\/reportajes\/repunta-el-inventario-nacional-de-centros-comerciales\/#breadcrumb"},"inLanguage":"es","potentialAction":[{"@type":"ReadAction","target":["https:\/\/centrourbano.com\/revista\/reportajes\/repunta-el-inventario-nacional-de-centros-comerciales\/"]}]},{"@type":"ImageObject","inLanguage":"es","@id":"https:\/\/centrourbano.com\/revista\/reportajes\/repunta-el-inventario-nacional-de-centros-comerciales\/#primaryimage","url":"https:\/\/centrourbano.com\/revista\/wp-content\/uploads\/Toreo-Parque-Central.jpg","contentUrl":"https:\/\/centrourbano.com\/revista\/wp-content\/uploads\/Toreo-Parque-Central.jpg","width":600,"height":450},{"@type":"BreadcrumbList","@id":"https:\/\/centrourbano.com\/revista\/reportajes\/repunta-el-inventario-nacional-de-centros-comerciales\/#breadcrumb","itemListElement":[{"@type":"ListItem","position":1,"name":"Portada","item":"https:\/\/centrourbano.com\/revista\/"},{"@type":"ListItem","position":2,"name":"Repunta el inventario nacional de Centros Comerciales"}]},{"@type":"WebSite","@id":"https:\/\/centrourbano.com\/revista\/#website","url":"https:\/\/centrourbano.com\/revista\/","name":"Centro Urbano","description":"Medio especializado en los sectores vivienda, inmobiliario, construcci\u00f3n, arquitectura y urbanismo.","publisher":{"@id":"https:\/\/centrourbano.com\/revista\/#organization"},"potentialAction":[{"@type":"SearchAction","target":{"@type":"EntryPoint","urlTemplate":"https:\/\/centrourbano.com\/revista\/?s={search_term_string}"},"query-input":{"@type":"PropertyValueSpecification","valueRequired":true,"valueName":"search_term_string"}}],"inLanguage":"es"},{"@type":"Organization","@id":"https:\/\/centrourbano.com\/revista\/#organization","name":"Centro Urbano","url":"https:\/\/centrourbano.com\/revista\/","logo":{"@type":"ImageObject","inLanguage":"es","@id":"https:\/\/centrourbano.com\/revista\/#\/schema\/logo\/image\/","url":"https:\/\/centrourbano.com\/revista\/wp-content\/uploads\/web_CU_logo-1.png","contentUrl":"https:\/\/centrourbano.com\/revista\/wp-content\/uploads\/web_CU_logo-1.png","width":350,"height":91,"caption":"Centro Urbano"},"image":{"@id":"https:\/\/centrourbano.com\/revista\/#\/schema\/logo\/image\/"},"sameAs":["https:\/\/www.facebook.com\/portalcentrourbano","https:\/\/x.com\/CentroUrbano","https:\/\/www.instagram.com\/centro_urbano\/","https:\/\/www.linkedin.com\/company\/centro-urbano\/","http:\/\/www.youtube.com\/user\/portalcentrourbano"]},{"@type":"Person","@id":"https:\/\/centrourbano.com\/revista\/#\/schema\/person\/b45db815d96831257ba428a3d5a5fbdc","name":"Dinorah Nava","image":{"@type":"ImageObject","inLanguage":"es","@id":"https:\/\/secure.gravatar.com\/avatar\/f6ca6430c51d147f363940f84e1225aa4b8183885c11802cc3b042305a4ecc1a?s=96&d=mm&r=g","url":"https:\/\/secure.gravatar.com\/avatar\/f6ca6430c51d147f363940f84e1225aa4b8183885c11802cc3b042305a4ecc1a?s=96&d=mm&r=g","contentUrl":"https:\/\/secure.gravatar.com\/avatar\/f6ca6430c51d147f363940f84e1225aa4b8183885c11802cc3b042305a4ecc1a?s=96&d=mm&r=g","caption":"Dinorah Nava"},"description":"Editora de Contenidos y Estrategias Digitales en Centro Urbano y Coeditora en Peri\u00f3dico Mi Casa. Egresada de la licenciatura en Comunicaci\u00f3n y Periodismo de la Facultad de Estudios Superiores Arag\u00f3n (UNAM). Amante de la edici\u00f3n y correcci\u00f3n de estilo, las redes sociales y el mundo digital. Especialista en temas son arquitectura, inmobiliario y urbanismo.","sameAs":["linkedin.com\/in\/dinorah-nava","https:\/\/x.com\/https:\/\/twitter.com\/Dinorah_Nava28"],"url":"https:\/\/centrourbano.com\/revista\/author\/dinorah-nava\/"}]}},"_links":{"self":[{"href":"https:\/\/centrourbano.com\/revista\/wp-json\/wp\/v2\/posts\/21226","targetHints":{"allow":["GET"]}}],"collection":[{"href":"https:\/\/centrourbano.com\/revista\/wp-json\/wp\/v2\/posts"}],"about":[{"href":"https:\/\/centrourbano.com\/revista\/wp-json\/wp\/v2\/types\/post"}],"author":[{"embeddable":true,"href":"https:\/\/centrourbano.com\/revista\/wp-json\/wp\/v2\/users\/9"}],"replies":[{"embeddable":true,"href":"https:\/\/centrourbano.com\/revista\/wp-json\/wp\/v2\/comments?post=21226"}],"version-history":[{"count":0,"href":"https:\/\/centrourbano.com\/revista\/wp-json\/wp\/v2\/posts\/21226\/revisions"}],"wp:featuredmedia":[{"embeddable":true,"href":"https:\/\/centrourbano.com\/revista\/wp-json\/wp\/v2\/media\/21227"}],"wp:attachment":[{"href":"https:\/\/centrourbano.com\/revista\/wp-json\/wp\/v2\/media?parent=21226"}],"wp:term":[{"taxonomy":"category","embeddable":true,"href":"https:\/\/centrourbano.com\/revista\/wp-json\/wp\/v2\/categories?post=21226"},{"taxonomy":"post_tag","embeddable":true,"href":"https:\/\/centrourbano.com\/revista\/wp-json\/wp\/v2\/tags?post=21226"}],"curies":[{"name":"wp","href":"https:\/\/api.w.org\/{rel}","templated":true}]}}