{"id":21202,"date":"2015-07-17T13:24:41","date_gmt":"2015-07-17T18:24:41","guid":{"rendered":"http:\/\/centrourbano.com\/?p=21202"},"modified":"2015-07-17T13:24:41","modified_gmt":"2015-07-17T18:24:41","slug":"mexico-suma-33-inscripciones-a-la-lista-del-patrimonio-mundial-de-la-unesco","status":"publish","type":"post","link":"https:\/\/centrourbano.com\/revista\/actualidad\/mexico-suma-33-inscripciones-a-la-lista-del-patrimonio-mundial-de-la-unesco\/","title":{"rendered":"M\u00e9xico suma 33 inscripciones a la Lista del Patrimonio Mundial de la Unesco"},"content":{"rendered":"<p><em>Es la \u00fanica naci\u00f3n de todo el Continente Americano con m\u00e1s sitios inscritos<\/em><\/p>\n<p><!--more--><\/p>\n<p>M\u00e9xico se consolida como una potencia cultural y natural, con las 33 inscripciones a la Lista del Patrimonio Mundial de la Organizaci\u00f3n de las Naciones Unidas para la Educaci\u00f3n, la Ciencia y la Cultura (Unesco) llegando a esta cifra durante el evento donde se entreg\u00f3 la certificaci\u00f3n de inscripci\u00f3n al nominado Complejo Hidr\u00e1ulico del Acueducto del Padre Tembleque.<\/p>\n<p>De est\u00e1s 33 inscripciones, 27 corresponden a sitios culturales, 5 a sitios naturales, y 1 a un bien mixto, este \u00faltimo siendo la antigua ciudad Maya y los bosques tropicales de Calakmul, que fueron ratificados como Patrimonio Mundial Mixto en 2014 por su valor universal excepcional. Con estas distinciones, somos el \u00fanico pa\u00eds de todo el Continente Americano con m\u00e1s sitios inscritos a la Lista del Patrimonio Mundial y la sexta a nivel internacional.<\/p>\n<p>A esto se a\u00f1ade que 7 de nuestras tradiciones y festejos son reconocidos en la lista de Patrimonio Cultural Inmaterial, como el mariachi, el D\u00eda de Muertos, la ceremonia ritual de los voladores, entre otros.<\/p>\n<p>\u201cM\u00e9xico posee una gran riqueza cultural, hist\u00f3rica y natural que lo hace ser un pa\u00eds extraordinario. Cada rinc\u00f3n de nuestra naci\u00f3n es un mosaico de paisajes y actividades, de tradiciones y experiencias, de magia, encanto, sabores y colores. Por ello, asumimos con orgullo y pleno compromiso la responsabilidad global de proteger y conservar el patrimonio que es nuestro y del mundo entero\u201d, expres\u00f3 el Presiente Enrique Pe\u00f1a Nieto, al recibir la certificaci\u00f3n.<\/p>\n","protected":false},"excerpt":{"rendered":"<p>Es la \u00fanica naci\u00f3n de todo el Continente Americano con m\u00e1s sitios inscritos<\/p>\n","protected":false},"author":1,"featured_media":21203,"comment_status":"open","ping_status":"closed","sticky":false,"template":"","format":"standard","meta":{"om_disable_all_campaigns":false,"inline_featured_image":false,"_monsterinsights_skip_tracking":false,"_monsterinsights_sitenote_active":false,"_monsterinsights_sitenote_note":"","_monsterinsights_sitenote_category":0,"footnotes":""},"categories":[80],"tags":[5752,334,4983,586],"class_list":["post-21202","post","type-post","status-publish","format-standard","has-post-thumbnail","hentry","category-actualidad","tag-complejo-hidraulico-del-acueducto-del-padre-tembleque","tag-mexico","tag-patrimonio-mundial","tag-unesco"],"yoast_head":"<!-- This site is optimized with the Yoast SEO plugin v27.4 - https:\/\/yoast.com\/product\/yoast-seo-wordpress\/ -->\n<title>M\u00e9xico suma 33 inscripciones a la Lista del Patrimonio Mundial de la Unesco -<\/title>\n<meta name=\"description\" content=\"Es la \u00fanica naci\u00f3n de todo el Continente Americano con m\u00e1s sitios inscritos M\u00e9xico se consolida como una potencia cultural y natural, con las 33\" \/>\n<meta name=\"robots\" content=\"index, follow, max-snippet:-1, max-image-preview:large, max-video-preview:-1\" \/>\n<link rel=\"canonical\" href=\"https:\/\/centrourbano.com\/revista\/actualidad\/mexico-suma-33-inscripciones-a-la-lista-del-patrimonio-mundial-de-la-unesco\/\" \/>\n<meta property=\"og:locale\" content=\"es_ES\" \/>\n<meta property=\"og:type\" content=\"article\" \/>\n<meta property=\"og:title\" content=\"M\u00e9xico suma 33 inscripciones a la Lista del Patrimonio Mundial de la Unesco -\" \/>\n<meta property=\"og:description\" content=\"Es la \u00fanica naci\u00f3n de todo el Continente Americano con m\u00e1s sitios inscritos M\u00e9xico se consolida como una potencia cultural y natural, con las 33\" \/>\n<meta property=\"og:url\" content=\"https:\/\/centrourbano.com\/revista\/actualidad\/mexico-suma-33-inscripciones-a-la-lista-del-patrimonio-mundial-de-la-unesco\/\" \/>\n<meta property=\"og:site_name\" content=\"Centro Urbano\" \/>\n<meta property=\"article:publisher\" content=\"https:\/\/www.facebook.com\/portalcentrourbano\" \/>\n<meta property=\"article:published_time\" content=\"2015-07-17T18:24:41+00:00\" \/>\n<meta property=\"og:image\" content=\"https:\/\/centrourbano.com\/revista\/wp-content\/uploads\/unesco.jpg\" \/>\n\t<meta property=\"og:image:width\" content=\"720\" \/>\n\t<meta property=\"og:image:height\" content=\"396\" \/>\n\t<meta property=\"og:image:type\" content=\"image\/jpeg\" \/>\n<meta name=\"author\" content=\"BlogCU 2022\" \/>\n<meta name=\"twitter:card\" content=\"summary_large_image\" \/>\n<meta name=\"twitter:creator\" content=\"@CentroUrbano\" \/>\n<meta name=\"twitter:site\" content=\"@CentroUrbano\" \/>\n<meta name=\"twitter:label1\" content=\"Escrito por\" \/>\n\t<meta name=\"twitter:data1\" content=\"BlogCU 2022\" \/>\n\t<meta name=\"twitter:label2\" content=\"Tiempo de lectura\" \/>\n\t<meta name=\"twitter:data2\" content=\"1 minuto\" \/>\n<script type=\"application\/ld+json\" class=\"yoast-schema-graph\">{\"@context\":\"https:\\\/\\\/schema.org\",\"@graph\":[{\"@type\":\"Article\",\"@id\":\"https:\\\/\\\/centrourbano.com\\\/revista\\\/actualidad\\\/mexico-suma-33-inscripciones-a-la-lista-del-patrimonio-mundial-de-la-unesco\\\/#article\",\"isPartOf\":{\"@id\":\"https:\\\/\\\/centrourbano.com\\\/revista\\\/actualidad\\\/mexico-suma-33-inscripciones-a-la-lista-del-patrimonio-mundial-de-la-unesco\\\/\"},\"author\":{\"name\":\"BlogCU 2022\",\"@id\":\"https:\\\/\\\/centrourbano.com\\\/revista\\\/#\\\/schema\\\/person\\\/26c0ab2d8952e32eb17ccf62f8e88ce6\"},\"headline\":\"M\u00e9xico suma 33 inscripciones a la Lista del Patrimonio Mundial de la Unesco\",\"datePublished\":\"2015-07-17T18:24:41+00:00\",\"mainEntityOfPage\":{\"@id\":\"https:\\\/\\\/centrourbano.com\\\/revista\\\/actualidad\\\/mexico-suma-33-inscripciones-a-la-lista-del-patrimonio-mundial-de-la-unesco\\\/\"},\"wordCount\":278,\"commentCount\":0,\"publisher\":{\"@id\":\"https:\\\/\\\/centrourbano.com\\\/revista\\\/#organization\"},\"image\":{\"@id\":\"https:\\\/\\\/centrourbano.com\\\/revista\\\/actualidad\\\/mexico-suma-33-inscripciones-a-la-lista-del-patrimonio-mundial-de-la-unesco\\\/#primaryimage\"},\"thumbnailUrl\":\"https:\\\/\\\/centrourbano.com\\\/revista\\\/wp-content\\\/uploads\\\/unesco.jpg\",\"keywords\":[\"Complejo Hidr\u00e1ulico del Acueducto del Padre Tembleque\",\"M\u00e9xico\",\"Patrimonio mundial\",\"Unesco\"],\"articleSection\":[\"Actualidad\"],\"inLanguage\":\"es\",\"potentialAction\":[{\"@type\":\"CommentAction\",\"name\":\"Comment\",\"target\":[\"https:\\\/\\\/centrourbano.com\\\/revista\\\/actualidad\\\/mexico-suma-33-inscripciones-a-la-lista-del-patrimonio-mundial-de-la-unesco\\\/#respond\"]}]},{\"@type\":\"WebPage\",\"@id\":\"https:\\\/\\\/centrourbano.com\\\/revista\\\/actualidad\\\/mexico-suma-33-inscripciones-a-la-lista-del-patrimonio-mundial-de-la-unesco\\\/\",\"url\":\"https:\\\/\\\/centrourbano.com\\\/revista\\\/actualidad\\\/mexico-suma-33-inscripciones-a-la-lista-del-patrimonio-mundial-de-la-unesco\\\/\",\"name\":\"M\u00e9xico suma 33 inscripciones a la Lista del Patrimonio Mundial de la Unesco -\",\"isPartOf\":{\"@id\":\"https:\\\/\\\/centrourbano.com\\\/revista\\\/#website\"},\"primaryImageOfPage\":{\"@id\":\"https:\\\/\\\/centrourbano.com\\\/revista\\\/actualidad\\\/mexico-suma-33-inscripciones-a-la-lista-del-patrimonio-mundial-de-la-unesco\\\/#primaryimage\"},\"image\":{\"@id\":\"https:\\\/\\\/centrourbano.com\\\/revista\\\/actualidad\\\/mexico-suma-33-inscripciones-a-la-lista-del-patrimonio-mundial-de-la-unesco\\\/#primaryimage\"},\"thumbnailUrl\":\"https:\\\/\\\/centrourbano.com\\\/revista\\\/wp-content\\\/uploads\\\/unesco.jpg\",\"datePublished\":\"2015-07-17T18:24:41+00:00\",\"description\":\"Es la \u00fanica naci\u00f3n de todo el Continente Americano con m\u00e1s sitios inscritos M\u00e9xico se consolida como una potencia cultural y natural, con las 33\",\"breadcrumb\":{\"@id\":\"https:\\\/\\\/centrourbano.com\\\/revista\\\/actualidad\\\/mexico-suma-33-inscripciones-a-la-lista-del-patrimonio-mundial-de-la-unesco\\\/#breadcrumb\"},\"inLanguage\":\"es\",\"potentialAction\":[{\"@type\":\"ReadAction\",\"target\":[\"https:\\\/\\\/centrourbano.com\\\/revista\\\/actualidad\\\/mexico-suma-33-inscripciones-a-la-lista-del-patrimonio-mundial-de-la-unesco\\\/\"]}]},{\"@type\":\"ImageObject\",\"inLanguage\":\"es\",\"@id\":\"https:\\\/\\\/centrourbano.com\\\/revista\\\/actualidad\\\/mexico-suma-33-inscripciones-a-la-lista-del-patrimonio-mundial-de-la-unesco\\\/#primaryimage\",\"url\":\"https:\\\/\\\/centrourbano.com\\\/revista\\\/wp-content\\\/uploads\\\/unesco.jpg\",\"contentUrl\":\"https:\\\/\\\/centrourbano.com\\\/revista\\\/wp-content\\\/uploads\\\/unesco.jpg\",\"width\":720,\"height\":396},{\"@type\":\"BreadcrumbList\",\"@id\":\"https:\\\/\\\/centrourbano.com\\\/revista\\\/actualidad\\\/mexico-suma-33-inscripciones-a-la-lista-del-patrimonio-mundial-de-la-unesco\\\/#breadcrumb\",\"itemListElement\":[{\"@type\":\"ListItem\",\"position\":1,\"name\":\"Portada\",\"item\":\"https:\\\/\\\/centrourbano.com\\\/revista\\\/\"},{\"@type\":\"ListItem\",\"position\":2,\"name\":\"M\u00e9xico suma 33 inscripciones a la Lista del Patrimonio Mundial de la Unesco\"}]},{\"@type\":\"WebSite\",\"@id\":\"https:\\\/\\\/centrourbano.com\\\/revista\\\/#website\",\"url\":\"https:\\\/\\\/centrourbano.com\\\/revista\\\/\",\"name\":\"Centro Urbano\",\"description\":\"Medio especializado en los sectores vivienda, inmobiliario, construcci\u00f3n, arquitectura y urbanismo.\",\"publisher\":{\"@id\":\"https:\\\/\\\/centrourbano.com\\\/revista\\\/#organization\"},\"potentialAction\":[{\"@type\":\"SearchAction\",\"target\":{\"@type\":\"EntryPoint\",\"urlTemplate\":\"https:\\\/\\\/centrourbano.com\\\/revista\\\/?s={search_term_string}\"},\"query-input\":{\"@type\":\"PropertyValueSpecification\",\"valueRequired\":true,\"valueName\":\"search_term_string\"}}],\"inLanguage\":\"es\"},{\"@type\":\"Organization\",\"@id\":\"https:\\\/\\\/centrourbano.com\\\/revista\\\/#organization\",\"name\":\"Centro Urbano\",\"url\":\"https:\\\/\\\/centrourbano.com\\\/revista\\\/\",\"logo\":{\"@type\":\"ImageObject\",\"inLanguage\":\"es\",\"@id\":\"https:\\\/\\\/centrourbano.com\\\/revista\\\/#\\\/schema\\\/logo\\\/image\\\/\",\"url\":\"https:\\\/\\\/centrourbano.com\\\/revista\\\/wp-content\\\/uploads\\\/web_CU_logo-1.png\",\"contentUrl\":\"https:\\\/\\\/centrourbano.com\\\/revista\\\/wp-content\\\/uploads\\\/web_CU_logo-1.png\",\"width\":350,\"height\":91,\"caption\":\"Centro Urbano\"},\"image\":{\"@id\":\"https:\\\/\\\/centrourbano.com\\\/revista\\\/#\\\/schema\\\/logo\\\/image\\\/\"},\"sameAs\":[\"https:\\\/\\\/www.facebook.com\\\/portalcentrourbano\",\"https:\\\/\\\/x.com\\\/CentroUrbano\",\"https:\\\/\\\/www.instagram.com\\\/centro_urbano\\\/\",\"https:\\\/\\\/www.linkedin.com\\\/company\\\/centro-urbano\\\/\",\"http:\\\/\\\/www.youtube.com\\\/user\\\/portalcentrourbano\"]},{\"@type\":\"Person\",\"@id\":\"https:\\\/\\\/centrourbano.com\\\/revista\\\/#\\\/schema\\\/person\\\/26c0ab2d8952e32eb17ccf62f8e88ce6\",\"name\":\"BlogCU 2022\",\"image\":{\"@type\":\"ImageObject\",\"inLanguage\":\"es\",\"@id\":\"https:\\\/\\\/secure.gravatar.com\\\/avatar\\\/5ec2975f6d4b1643c723f08ef135c488131c64cba4524740d438f2e04dbeacdc?s=96&d=mm&r=g\",\"url\":\"https:\\\/\\\/secure.gravatar.com\\\/avatar\\\/5ec2975f6d4b1643c723f08ef135c488131c64cba4524740d438f2e04dbeacdc?s=96&d=mm&r=g\",\"contentUrl\":\"https:\\\/\\\/secure.gravatar.com\\\/avatar\\\/5ec2975f6d4b1643c723f08ef135c488131c64cba4524740d438f2e04dbeacdc?s=96&d=mm&r=g\",\"caption\":\"BlogCU 2022\"},\"url\":\"https:\\\/\\\/centrourbano.com\\\/revista\\\/author\\\/BlogCU 2022\\\/\"}]}<\/script>\n<!-- \/ Yoast SEO plugin. -->","yoast_head_json":{"title":"M\u00e9xico suma 33 inscripciones a la Lista del Patrimonio Mundial de la Unesco -","description":"Es la \u00fanica naci\u00f3n de todo el Continente Americano con m\u00e1s sitios inscritos M\u00e9xico se consolida como una potencia cultural y natural, con las 33","robots":{"index":"index","follow":"follow","max-snippet":"max-snippet:-1","max-image-preview":"max-image-preview:large","max-video-preview":"max-video-preview:-1"},"canonical":"https:\/\/centrourbano.com\/revista\/actualidad\/mexico-suma-33-inscripciones-a-la-lista-del-patrimonio-mundial-de-la-unesco\/","og_locale":"es_ES","og_type":"article","og_title":"M\u00e9xico suma 33 inscripciones a la Lista del Patrimonio Mundial de la Unesco -","og_description":"Es la \u00fanica naci\u00f3n de todo el Continente Americano con m\u00e1s sitios inscritos M\u00e9xico se consolida como una potencia cultural y natural, con las 33","og_url":"https:\/\/centrourbano.com\/revista\/actualidad\/mexico-suma-33-inscripciones-a-la-lista-del-patrimonio-mundial-de-la-unesco\/","og_site_name":"Centro Urbano","article_publisher":"https:\/\/www.facebook.com\/portalcentrourbano","article_published_time":"2015-07-17T18:24:41+00:00","og_image":[{"width":720,"height":396,"url":"https:\/\/centrourbano.com\/revista\/wp-content\/uploads\/unesco.jpg","type":"image\/jpeg"}],"author":"BlogCU 2022","twitter_card":"summary_large_image","twitter_creator":"@CentroUrbano","twitter_site":"@CentroUrbano","twitter_misc":{"Escrito por":"BlogCU 2022","Tiempo de lectura":"1 minuto"},"schema":{"@context":"https:\/\/schema.org","@graph":[{"@type":"Article","@id":"https:\/\/centrourbano.com\/revista\/actualidad\/mexico-suma-33-inscripciones-a-la-lista-del-patrimonio-mundial-de-la-unesco\/#article","isPartOf":{"@id":"https:\/\/centrourbano.com\/revista\/actualidad\/mexico-suma-33-inscripciones-a-la-lista-del-patrimonio-mundial-de-la-unesco\/"},"author":{"name":"BlogCU 2022","@id":"https:\/\/centrourbano.com\/revista\/#\/schema\/person\/26c0ab2d8952e32eb17ccf62f8e88ce6"},"headline":"M\u00e9xico suma 33 inscripciones a la Lista del Patrimonio Mundial de la Unesco","datePublished":"2015-07-17T18:24:41+00:00","mainEntityOfPage":{"@id":"https:\/\/centrourbano.com\/revista\/actualidad\/mexico-suma-33-inscripciones-a-la-lista-del-patrimonio-mundial-de-la-unesco\/"},"wordCount":278,"commentCount":0,"publisher":{"@id":"https:\/\/centrourbano.com\/revista\/#organization"},"image":{"@id":"https:\/\/centrourbano.com\/revista\/actualidad\/mexico-suma-33-inscripciones-a-la-lista-del-patrimonio-mundial-de-la-unesco\/#primaryimage"},"thumbnailUrl":"https:\/\/centrourbano.com\/revista\/wp-content\/uploads\/unesco.jpg","keywords":["Complejo Hidr\u00e1ulico del Acueducto del Padre Tembleque","M\u00e9xico","Patrimonio mundial","Unesco"],"articleSection":["Actualidad"],"inLanguage":"es","potentialAction":[{"@type":"CommentAction","name":"Comment","target":["https:\/\/centrourbano.com\/revista\/actualidad\/mexico-suma-33-inscripciones-a-la-lista-del-patrimonio-mundial-de-la-unesco\/#respond"]}]},{"@type":"WebPage","@id":"https:\/\/centrourbano.com\/revista\/actualidad\/mexico-suma-33-inscripciones-a-la-lista-del-patrimonio-mundial-de-la-unesco\/","url":"https:\/\/centrourbano.com\/revista\/actualidad\/mexico-suma-33-inscripciones-a-la-lista-del-patrimonio-mundial-de-la-unesco\/","name":"M\u00e9xico suma 33 inscripciones a la Lista del Patrimonio Mundial de la Unesco -","isPartOf":{"@id":"https:\/\/centrourbano.com\/revista\/#website"},"primaryImageOfPage":{"@id":"https:\/\/centrourbano.com\/revista\/actualidad\/mexico-suma-33-inscripciones-a-la-lista-del-patrimonio-mundial-de-la-unesco\/#primaryimage"},"image":{"@id":"https:\/\/centrourbano.com\/revista\/actualidad\/mexico-suma-33-inscripciones-a-la-lista-del-patrimonio-mundial-de-la-unesco\/#primaryimage"},"thumbnailUrl":"https:\/\/centrourbano.com\/revista\/wp-content\/uploads\/unesco.jpg","datePublished":"2015-07-17T18:24:41+00:00","description":"Es la \u00fanica naci\u00f3n de todo el Continente Americano con m\u00e1s sitios inscritos M\u00e9xico se consolida como una potencia cultural y natural, con las 33","breadcrumb":{"@id":"https:\/\/centrourbano.com\/revista\/actualidad\/mexico-suma-33-inscripciones-a-la-lista-del-patrimonio-mundial-de-la-unesco\/#breadcrumb"},"inLanguage":"es","potentialAction":[{"@type":"ReadAction","target":["https:\/\/centrourbano.com\/revista\/actualidad\/mexico-suma-33-inscripciones-a-la-lista-del-patrimonio-mundial-de-la-unesco\/"]}]},{"@type":"ImageObject","inLanguage":"es","@id":"https:\/\/centrourbano.com\/revista\/actualidad\/mexico-suma-33-inscripciones-a-la-lista-del-patrimonio-mundial-de-la-unesco\/#primaryimage","url":"https:\/\/centrourbano.com\/revista\/wp-content\/uploads\/unesco.jpg","contentUrl":"https:\/\/centrourbano.com\/revista\/wp-content\/uploads\/unesco.jpg","width":720,"height":396},{"@type":"BreadcrumbList","@id":"https:\/\/centrourbano.com\/revista\/actualidad\/mexico-suma-33-inscripciones-a-la-lista-del-patrimonio-mundial-de-la-unesco\/#breadcrumb","itemListElement":[{"@type":"ListItem","position":1,"name":"Portada","item":"https:\/\/centrourbano.com\/revista\/"},{"@type":"ListItem","position":2,"name":"M\u00e9xico suma 33 inscripciones a la Lista del Patrimonio Mundial de la Unesco"}]},{"@type":"WebSite","@id":"https:\/\/centrourbano.com\/revista\/#website","url":"https:\/\/centrourbano.com\/revista\/","name":"Centro Urbano","description":"Medio especializado en los sectores vivienda, inmobiliario, construcci\u00f3n, arquitectura y urbanismo.","publisher":{"@id":"https:\/\/centrourbano.com\/revista\/#organization"},"potentialAction":[{"@type":"SearchAction","target":{"@type":"EntryPoint","urlTemplate":"https:\/\/centrourbano.com\/revista\/?s={search_term_string}"},"query-input":{"@type":"PropertyValueSpecification","valueRequired":true,"valueName":"search_term_string"}}],"inLanguage":"es"},{"@type":"Organization","@id":"https:\/\/centrourbano.com\/revista\/#organization","name":"Centro Urbano","url":"https:\/\/centrourbano.com\/revista\/","logo":{"@type":"ImageObject","inLanguage":"es","@id":"https:\/\/centrourbano.com\/revista\/#\/schema\/logo\/image\/","url":"https:\/\/centrourbano.com\/revista\/wp-content\/uploads\/web_CU_logo-1.png","contentUrl":"https:\/\/centrourbano.com\/revista\/wp-content\/uploads\/web_CU_logo-1.png","width":350,"height":91,"caption":"Centro Urbano"},"image":{"@id":"https:\/\/centrourbano.com\/revista\/#\/schema\/logo\/image\/"},"sameAs":["https:\/\/www.facebook.com\/portalcentrourbano","https:\/\/x.com\/CentroUrbano","https:\/\/www.instagram.com\/centro_urbano\/","https:\/\/www.linkedin.com\/company\/centro-urbano\/","http:\/\/www.youtube.com\/user\/portalcentrourbano"]},{"@type":"Person","@id":"https:\/\/centrourbano.com\/revista\/#\/schema\/person\/26c0ab2d8952e32eb17ccf62f8e88ce6","name":"BlogCU 2022","image":{"@type":"ImageObject","inLanguage":"es","@id":"https:\/\/secure.gravatar.com\/avatar\/5ec2975f6d4b1643c723f08ef135c488131c64cba4524740d438f2e04dbeacdc?s=96&d=mm&r=g","url":"https:\/\/secure.gravatar.com\/avatar\/5ec2975f6d4b1643c723f08ef135c488131c64cba4524740d438f2e04dbeacdc?s=96&d=mm&r=g","contentUrl":"https:\/\/secure.gravatar.com\/avatar\/5ec2975f6d4b1643c723f08ef135c488131c64cba4524740d438f2e04dbeacdc?s=96&d=mm&r=g","caption":"BlogCU 2022"},"url":"https:\/\/centrourbano.com\/revista\/author\/BlogCU 2022\/"}]}},"_links":{"self":[{"href":"https:\/\/centrourbano.com\/revista\/wp-json\/wp\/v2\/posts\/21202","targetHints":{"allow":["GET"]}}],"collection":[{"href":"https:\/\/centrourbano.com\/revista\/wp-json\/wp\/v2\/posts"}],"about":[{"href":"https:\/\/centrourbano.com\/revista\/wp-json\/wp\/v2\/types\/post"}],"author":[{"embeddable":true,"href":"https:\/\/centrourbano.com\/revista\/wp-json\/wp\/v2\/users\/1"}],"replies":[{"embeddable":true,"href":"https:\/\/centrourbano.com\/revista\/wp-json\/wp\/v2\/comments?post=21202"}],"version-history":[{"count":0,"href":"https:\/\/centrourbano.com\/revista\/wp-json\/wp\/v2\/posts\/21202\/revisions"}],"wp:featuredmedia":[{"embeddable":true,"href":"https:\/\/centrourbano.com\/revista\/wp-json\/wp\/v2\/media\/21203"}],"wp:attachment":[{"href":"https:\/\/centrourbano.com\/revista\/wp-json\/wp\/v2\/media?parent=21202"}],"wp:term":[{"taxonomy":"category","embeddable":true,"href":"https:\/\/centrourbano.com\/revista\/wp-json\/wp\/v2\/categories?post=21202"},{"taxonomy":"post_tag","embeddable":true,"href":"https:\/\/centrourbano.com\/revista\/wp-json\/wp\/v2\/tags?post=21202"}],"curies":[{"name":"wp","href":"https:\/\/api.w.org\/{rel}","templated":true}]}}