{"id":2102,"date":"2013-12-26T09:27:55","date_gmt":"2013-12-26T15:27:55","guid":{"rendered":"http:\/\/centrourbano.com\/?p=2102"},"modified":"2014-03-21T15:53:35","modified_gmt":"2014-03-21T21:53:35","slug":"otorga-queretaro-18mdp-a-vivienda-social","status":"publish","type":"post","link":"https:\/\/centrourbano.com\/revista\/vivienda\/otorga-queretaro-18mdp-a-vivienda-social\/","title":{"rendered":"Otorga Quer\u00e9taro 18mdp a vivienda social"},"content":{"rendered":"<p><i>Se dieron cr\u00e9ditos a familias con pobreza patrimonial que perciben menos de cinco salarios m\u00ednimos, de los cuales, 40% correspondieron a madres solteras<\/i><\/p>\n<p><i><!--more--><\/i><\/p>\n<p>&nbsp;<\/p>\n<p>Durante el 2013, de acuerdo con cifras del Instituto de Vivienda del Estado de Quer\u00e9taro (IVEQ), se otorgaron cr\u00e9ditos para vivienda a alrededor de 1,000 familias queretanas, por un monto econ\u00f3mico cercano a 18 millones de pesos, inform\u00f3 el director del IVEQ, Roberto Gait\u00e1n Spamer.<\/p>\n<p>&nbsp;<\/p>\n<p>\u201cCerramos con apoyos para 1,000 familias queretanas, que es un poco menos que el a\u00f1o pasado, debido al cambio de administraci\u00f3n, que tom\u00f3 su tiempo. Se trata de personas de escasos recursos con pobreza patrimonial con ingreso por debajo de los cinco salarios m\u00ednimos\u201d, coment\u00f3.<\/p>\n<p>&nbsp;<\/p>\n<p>Explic\u00f3 que se trata de cr\u00e9ditos a familias con pobreza patrimonial que perciben menos de cinco salarios m\u00ednimos, aunque el promedio de quienes se benefician con estos cr\u00e9ditos es de tres salarios; adem\u00e1s de que son personas que no tienen forma de comprobar sus ingresos. Al menos 40% de este grupo corresponde a madres solteras.<\/p>\n<p>&nbsp;<\/p>\n<p>Roberto Gait\u00e1n inform\u00f3 que este a\u00f1o el IVEQ firm\u00f3 un convenio de colaboraci\u00f3n con seis municipios en el estado, entre los que destacan Jalpan, Amealco, Cadereyta y Quer\u00e9taro, con los cuales se acord\u00f3 una participaci\u00f3n tripartita en los cr\u00e9ditos de vivienda (municipio, gobierno del estado y federaci\u00f3n) para la realizaci\u00f3n de obras de mejoramiento y autoproducci\u00f3n de vivienda.<\/p>\n<p>&nbsp;<\/p>\n<p>En una segunda etapa, consider\u00f3 el funcionario estatal, se estar\u00eda integrando a los ayuntamientos de El Marqu\u00e9s y Corregidora, quienes no lograron ingresar a la primera fase de este proyecto interinstitucional.<\/p>\n","protected":false},"excerpt":{"rendered":"<p>Se dieron cr\u00e9ditos a familias con pobreza patrimonial que perciben menos de cinco salarios m\u00ednimos, de los cuales, 40% correspondieron a madres solteras<\/p>\n","protected":false},"author":14,"featured_media":16827,"comment_status":"open","ping_status":"closed","sticky":false,"template":"","format":"standard","meta":{"om_disable_all_campaigns":false,"inline_featured_image":false,"_monsterinsights_skip_tracking":false,"_monsterinsights_sitenote_active":false,"_monsterinsights_sitenote_note":"","_monsterinsights_sitenote_category":0,"footnotes":""},"categories":[12],"tags":[237,107,642,641,221,60],"class_list":["post-2102","post","type-post","status-publish","format-standard","has-post-thumbnail","hentry","category-vivienda","tag-237","tag-casas","tag-creditos","tag-iveq","tag-queretaro","tag-vivienda-2"],"yoast_head":"<!-- This site is optimized with the Yoast SEO plugin v27.5 - https:\/\/yoast.com\/product\/yoast-seo-wordpress\/ -->\n<title>Otorga Quer\u00e9taro 18mdp a vivienda social -<\/title>\n<meta name=\"description\" content=\"Se dieron cr\u00e9ditos a familias con pobreza patrimonial que perciben menos de cinco salarios m\u00ednimos, de los cuales, 40% correspondieron a madres\" \/>\n<meta name=\"robots\" content=\"index, follow, max-snippet:-1, max-image-preview:large, max-video-preview:-1\" \/>\n<link rel=\"canonical\" href=\"https:\/\/centrourbano.com\/revista\/vivienda\/otorga-queretaro-18mdp-a-vivienda-social\/\" \/>\n<meta property=\"og:locale\" content=\"es_ES\" \/>\n<meta property=\"og:type\" content=\"article\" \/>\n<meta property=\"og:title\" content=\"Otorga Quer\u00e9taro 18mdp a vivienda social -\" \/>\n<meta property=\"og:description\" content=\"Se dieron cr\u00e9ditos a familias con pobreza patrimonial que perciben menos de cinco salarios m\u00ednimos, de los cuales, 40% correspondieron a madres\" \/>\n<meta property=\"og:url\" content=\"https:\/\/centrourbano.com\/revista\/vivienda\/otorga-queretaro-18mdp-a-vivienda-social\/\" \/>\n<meta property=\"og:site_name\" content=\"Centro Urbano\" \/>\n<meta property=\"article:publisher\" content=\"https:\/\/www.facebook.com\/portalcentrourbano\" \/>\n<meta property=\"article:published_time\" content=\"2013-12-26T15:27:55+00:00\" \/>\n<meta property=\"article:modified_time\" content=\"2014-03-21T21:53:35+00:00\" \/>\n<meta property=\"og:image\" content=\"https:\/\/centrourbano.com\/revista\/wp-content\/uploads\/viviendas-fraccionamiento11.jpg\" \/>\n\t<meta property=\"og:image:width\" content=\"600\" \/>\n\t<meta property=\"og:image:height\" content=\"400\" \/>\n\t<meta property=\"og:image:type\" content=\"image\/jpeg\" \/>\n<meta name=\"author\" content=\"Redacci\u00f3n Centro Urbano\" \/>\n<meta name=\"twitter:card\" content=\"summary_large_image\" \/>\n<meta name=\"twitter:creator\" content=\"@CentroUrbano\" \/>\n<meta name=\"twitter:site\" content=\"@CentroUrbano\" \/>\n<meta name=\"twitter:label1\" content=\"Escrito por\" \/>\n\t<meta name=\"twitter:data1\" content=\"Redacci\u00f3n Centro Urbano\" \/>\n\t<meta name=\"twitter:label2\" content=\"Tiempo de lectura\" \/>\n\t<meta name=\"twitter:data2\" content=\"1 minuto\" \/>\n<script type=\"application\/ld+json\" class=\"yoast-schema-graph\">{\"@context\":\"https:\\\/\\\/schema.org\",\"@graph\":[{\"@type\":\"Article\",\"@id\":\"https:\\\/\\\/centrourbano.com\\\/revista\\\/vivienda\\\/otorga-queretaro-18mdp-a-vivienda-social\\\/#article\",\"isPartOf\":{\"@id\":\"https:\\\/\\\/centrourbano.com\\\/revista\\\/vivienda\\\/otorga-queretaro-18mdp-a-vivienda-social\\\/\"},\"author\":{\"name\":\"Redacci\u00f3n Centro Urbano\",\"@id\":\"https:\\\/\\\/centrourbano.com\\\/revista\\\/#\\\/schema\\\/person\\\/5259f06e282c59482812d0e9a84a6440\"},\"headline\":\"Otorga Quer\u00e9taro 18mdp a vivienda social\",\"datePublished\":\"2013-12-26T15:27:55+00:00\",\"dateModified\":\"2014-03-21T21:53:35+00:00\",\"mainEntityOfPage\":{\"@id\":\"https:\\\/\\\/centrourbano.com\\\/revista\\\/vivienda\\\/otorga-queretaro-18mdp-a-vivienda-social\\\/\"},\"wordCount\":287,\"commentCount\":0,\"publisher\":{\"@id\":\"https:\\\/\\\/centrourbano.com\\\/revista\\\/#organization\"},\"image\":{\"@id\":\"https:\\\/\\\/centrourbano.com\\\/revista\\\/vivienda\\\/otorga-queretaro-18mdp-a-vivienda-social\\\/#primaryimage\"},\"thumbnailUrl\":\"https:\\\/\\\/centrourbano.com\\\/revista\\\/wp-content\\\/uploads\\\/viviendas-fraccionamiento11.jpg\",\"keywords\":[\"2013\",\"Casas\",\"Cr\u00e9ditos\",\"IVEQ\",\"Quer\u00e9taro\",\"vivienda\"],\"articleSection\":[\"Vivienda\"],\"inLanguage\":\"es\",\"potentialAction\":[{\"@type\":\"CommentAction\",\"name\":\"Comment\",\"target\":[\"https:\\\/\\\/centrourbano.com\\\/revista\\\/vivienda\\\/otorga-queretaro-18mdp-a-vivienda-social\\\/#respond\"]}]},{\"@type\":\"WebPage\",\"@id\":\"https:\\\/\\\/centrourbano.com\\\/revista\\\/vivienda\\\/otorga-queretaro-18mdp-a-vivienda-social\\\/\",\"url\":\"https:\\\/\\\/centrourbano.com\\\/revista\\\/vivienda\\\/otorga-queretaro-18mdp-a-vivienda-social\\\/\",\"name\":\"Otorga Quer\u00e9taro 18mdp a vivienda social -\",\"isPartOf\":{\"@id\":\"https:\\\/\\\/centrourbano.com\\\/revista\\\/#website\"},\"primaryImageOfPage\":{\"@id\":\"https:\\\/\\\/centrourbano.com\\\/revista\\\/vivienda\\\/otorga-queretaro-18mdp-a-vivienda-social\\\/#primaryimage\"},\"image\":{\"@id\":\"https:\\\/\\\/centrourbano.com\\\/revista\\\/vivienda\\\/otorga-queretaro-18mdp-a-vivienda-social\\\/#primaryimage\"},\"thumbnailUrl\":\"https:\\\/\\\/centrourbano.com\\\/revista\\\/wp-content\\\/uploads\\\/viviendas-fraccionamiento11.jpg\",\"datePublished\":\"2013-12-26T15:27:55+00:00\",\"dateModified\":\"2014-03-21T21:53:35+00:00\",\"description\":\"Se dieron cr\u00e9ditos a familias con pobreza patrimonial que perciben menos de cinco salarios m\u00ednimos, de los cuales, 40% correspondieron a madres\",\"breadcrumb\":{\"@id\":\"https:\\\/\\\/centrourbano.com\\\/revista\\\/vivienda\\\/otorga-queretaro-18mdp-a-vivienda-social\\\/#breadcrumb\"},\"inLanguage\":\"es\",\"potentialAction\":[{\"@type\":\"ReadAction\",\"target\":[\"https:\\\/\\\/centrourbano.com\\\/revista\\\/vivienda\\\/otorga-queretaro-18mdp-a-vivienda-social\\\/\"]}]},{\"@type\":\"ImageObject\",\"inLanguage\":\"es\",\"@id\":\"https:\\\/\\\/centrourbano.com\\\/revista\\\/vivienda\\\/otorga-queretaro-18mdp-a-vivienda-social\\\/#primaryimage\",\"url\":\"https:\\\/\\\/centrourbano.com\\\/revista\\\/wp-content\\\/uploads\\\/viviendas-fraccionamiento11.jpg\",\"contentUrl\":\"https:\\\/\\\/centrourbano.com\\\/revista\\\/wp-content\\\/uploads\\\/viviendas-fraccionamiento11.jpg\",\"width\":600,\"height\":400},{\"@type\":\"BreadcrumbList\",\"@id\":\"https:\\\/\\\/centrourbano.com\\\/revista\\\/vivienda\\\/otorga-queretaro-18mdp-a-vivienda-social\\\/#breadcrumb\",\"itemListElement\":[{\"@type\":\"ListItem\",\"position\":1,\"name\":\"Portada\",\"item\":\"https:\\\/\\\/centrourbano.com\\\/revista\\\/\"},{\"@type\":\"ListItem\",\"position\":2,\"name\":\"Otorga Quer\u00e9taro 18mdp a vivienda social\"}]},{\"@type\":\"WebSite\",\"@id\":\"https:\\\/\\\/centrourbano.com\\\/revista\\\/#website\",\"url\":\"https:\\\/\\\/centrourbano.com\\\/revista\\\/\",\"name\":\"Centro Urbano\",\"description\":\"Medio especializado en los sectores vivienda, inmobiliario, construcci\u00f3n, arquitectura y urbanismo.\",\"publisher\":{\"@id\":\"https:\\\/\\\/centrourbano.com\\\/revista\\\/#organization\"},\"potentialAction\":[{\"@type\":\"SearchAction\",\"target\":{\"@type\":\"EntryPoint\",\"urlTemplate\":\"https:\\\/\\\/centrourbano.com\\\/revista\\\/?s={search_term_string}\"},\"query-input\":{\"@type\":\"PropertyValueSpecification\",\"valueRequired\":true,\"valueName\":\"search_term_string\"}}],\"inLanguage\":\"es\"},{\"@type\":\"Organization\",\"@id\":\"https:\\\/\\\/centrourbano.com\\\/revista\\\/#organization\",\"name\":\"Centro Urbano\",\"url\":\"https:\\\/\\\/centrourbano.com\\\/revista\\\/\",\"logo\":{\"@type\":\"ImageObject\",\"inLanguage\":\"es\",\"@id\":\"https:\\\/\\\/centrourbano.com\\\/revista\\\/#\\\/schema\\\/logo\\\/image\\\/\",\"url\":\"https:\\\/\\\/centrourbano.com\\\/revista\\\/wp-content\\\/uploads\\\/web_CU_logo-1.png\",\"contentUrl\":\"https:\\\/\\\/centrourbano.com\\\/revista\\\/wp-content\\\/uploads\\\/web_CU_logo-1.png\",\"width\":350,\"height\":91,\"caption\":\"Centro Urbano\"},\"image\":{\"@id\":\"https:\\\/\\\/centrourbano.com\\\/revista\\\/#\\\/schema\\\/logo\\\/image\\\/\"},\"sameAs\":[\"https:\\\/\\\/www.facebook.com\\\/portalcentrourbano\",\"https:\\\/\\\/x.com\\\/CentroUrbano\",\"https:\\\/\\\/www.instagram.com\\\/centro_urbano\\\/\",\"https:\\\/\\\/www.linkedin.com\\\/company\\\/centro-urbano\\\/\",\"http:\\\/\\\/www.youtube.com\\\/user\\\/portalcentrourbano\"]},{\"@type\":\"Person\",\"@id\":\"https:\\\/\\\/centrourbano.com\\\/revista\\\/#\\\/schema\\\/person\\\/5259f06e282c59482812d0e9a84a6440\",\"name\":\"Redacci\u00f3n Centro Urbano\",\"image\":{\"@type\":\"ImageObject\",\"inLanguage\":\"es\",\"@id\":\"https:\\\/\\\/secure.gravatar.com\\\/avatar\\\/15a789f894398c0f311f3a7a2ee28032bbc0483098539da66b6a045aa810bf35?s=96&d=mm&r=g\",\"url\":\"https:\\\/\\\/secure.gravatar.com\\\/avatar\\\/15a789f894398c0f311f3a7a2ee28032bbc0483098539da66b6a045aa810bf35?s=96&d=mm&r=g\",\"contentUrl\":\"https:\\\/\\\/secure.gravatar.com\\\/avatar\\\/15a789f894398c0f311f3a7a2ee28032bbc0483098539da66b6a045aa810bf35?s=96&d=mm&r=g\",\"caption\":\"Redacci\u00f3n Centro Urbano\"},\"url\":\"https:\\\/\\\/centrourbano.com\\\/revista\\\/author\\\/editorial\\\/\"}]}<\/script>\n<!-- \/ Yoast SEO plugin. -->","yoast_head_json":{"title":"Otorga Quer\u00e9taro 18mdp a vivienda social -","description":"Se dieron cr\u00e9ditos a familias con pobreza patrimonial que perciben menos de cinco salarios m\u00ednimos, de los cuales, 40% correspondieron a madres","robots":{"index":"index","follow":"follow","max-snippet":"max-snippet:-1","max-image-preview":"max-image-preview:large","max-video-preview":"max-video-preview:-1"},"canonical":"https:\/\/centrourbano.com\/revista\/vivienda\/otorga-queretaro-18mdp-a-vivienda-social\/","og_locale":"es_ES","og_type":"article","og_title":"Otorga Quer\u00e9taro 18mdp a vivienda social -","og_description":"Se dieron cr\u00e9ditos a familias con pobreza patrimonial que perciben menos de cinco salarios m\u00ednimos, de los cuales, 40% correspondieron a madres","og_url":"https:\/\/centrourbano.com\/revista\/vivienda\/otorga-queretaro-18mdp-a-vivienda-social\/","og_site_name":"Centro Urbano","article_publisher":"https:\/\/www.facebook.com\/portalcentrourbano","article_published_time":"2013-12-26T15:27:55+00:00","article_modified_time":"2014-03-21T21:53:35+00:00","og_image":[{"width":600,"height":400,"url":"https:\/\/centrourbano.com\/revista\/wp-content\/uploads\/viviendas-fraccionamiento11.jpg","type":"image\/jpeg"}],"author":"Redacci\u00f3n Centro Urbano","twitter_card":"summary_large_image","twitter_creator":"@CentroUrbano","twitter_site":"@CentroUrbano","twitter_misc":{"Escrito por":"Redacci\u00f3n Centro Urbano","Tiempo de lectura":"1 minuto"},"schema":{"@context":"https:\/\/schema.org","@graph":[{"@type":"Article","@id":"https:\/\/centrourbano.com\/revista\/vivienda\/otorga-queretaro-18mdp-a-vivienda-social\/#article","isPartOf":{"@id":"https:\/\/centrourbano.com\/revista\/vivienda\/otorga-queretaro-18mdp-a-vivienda-social\/"},"author":{"name":"Redacci\u00f3n Centro Urbano","@id":"https:\/\/centrourbano.com\/revista\/#\/schema\/person\/5259f06e282c59482812d0e9a84a6440"},"headline":"Otorga Quer\u00e9taro 18mdp a vivienda social","datePublished":"2013-12-26T15:27:55+00:00","dateModified":"2014-03-21T21:53:35+00:00","mainEntityOfPage":{"@id":"https:\/\/centrourbano.com\/revista\/vivienda\/otorga-queretaro-18mdp-a-vivienda-social\/"},"wordCount":287,"commentCount":0,"publisher":{"@id":"https:\/\/centrourbano.com\/revista\/#organization"},"image":{"@id":"https:\/\/centrourbano.com\/revista\/vivienda\/otorga-queretaro-18mdp-a-vivienda-social\/#primaryimage"},"thumbnailUrl":"https:\/\/centrourbano.com\/revista\/wp-content\/uploads\/viviendas-fraccionamiento11.jpg","keywords":["2013","Casas","Cr\u00e9ditos","IVEQ","Quer\u00e9taro","vivienda"],"articleSection":["Vivienda"],"inLanguage":"es","potentialAction":[{"@type":"CommentAction","name":"Comment","target":["https:\/\/centrourbano.com\/revista\/vivienda\/otorga-queretaro-18mdp-a-vivienda-social\/#respond"]}]},{"@type":"WebPage","@id":"https:\/\/centrourbano.com\/revista\/vivienda\/otorga-queretaro-18mdp-a-vivienda-social\/","url":"https:\/\/centrourbano.com\/revista\/vivienda\/otorga-queretaro-18mdp-a-vivienda-social\/","name":"Otorga Quer\u00e9taro 18mdp a vivienda social -","isPartOf":{"@id":"https:\/\/centrourbano.com\/revista\/#website"},"primaryImageOfPage":{"@id":"https:\/\/centrourbano.com\/revista\/vivienda\/otorga-queretaro-18mdp-a-vivienda-social\/#primaryimage"},"image":{"@id":"https:\/\/centrourbano.com\/revista\/vivienda\/otorga-queretaro-18mdp-a-vivienda-social\/#primaryimage"},"thumbnailUrl":"https:\/\/centrourbano.com\/revista\/wp-content\/uploads\/viviendas-fraccionamiento11.jpg","datePublished":"2013-12-26T15:27:55+00:00","dateModified":"2014-03-21T21:53:35+00:00","description":"Se dieron cr\u00e9ditos a familias con pobreza patrimonial que perciben menos de cinco salarios m\u00ednimos, de los cuales, 40% correspondieron a madres","breadcrumb":{"@id":"https:\/\/centrourbano.com\/revista\/vivienda\/otorga-queretaro-18mdp-a-vivienda-social\/#breadcrumb"},"inLanguage":"es","potentialAction":[{"@type":"ReadAction","target":["https:\/\/centrourbano.com\/revista\/vivienda\/otorga-queretaro-18mdp-a-vivienda-social\/"]}]},{"@type":"ImageObject","inLanguage":"es","@id":"https:\/\/centrourbano.com\/revista\/vivienda\/otorga-queretaro-18mdp-a-vivienda-social\/#primaryimage","url":"https:\/\/centrourbano.com\/revista\/wp-content\/uploads\/viviendas-fraccionamiento11.jpg","contentUrl":"https:\/\/centrourbano.com\/revista\/wp-content\/uploads\/viviendas-fraccionamiento11.jpg","width":600,"height":400},{"@type":"BreadcrumbList","@id":"https:\/\/centrourbano.com\/revista\/vivienda\/otorga-queretaro-18mdp-a-vivienda-social\/#breadcrumb","itemListElement":[{"@type":"ListItem","position":1,"name":"Portada","item":"https:\/\/centrourbano.com\/revista\/"},{"@type":"ListItem","position":2,"name":"Otorga Quer\u00e9taro 18mdp a vivienda social"}]},{"@type":"WebSite","@id":"https:\/\/centrourbano.com\/revista\/#website","url":"https:\/\/centrourbano.com\/revista\/","name":"Centro Urbano","description":"Medio especializado en los sectores vivienda, inmobiliario, construcci\u00f3n, arquitectura y urbanismo.","publisher":{"@id":"https:\/\/centrourbano.com\/revista\/#organization"},"potentialAction":[{"@type":"SearchAction","target":{"@type":"EntryPoint","urlTemplate":"https:\/\/centrourbano.com\/revista\/?s={search_term_string}"},"query-input":{"@type":"PropertyValueSpecification","valueRequired":true,"valueName":"search_term_string"}}],"inLanguage":"es"},{"@type":"Organization","@id":"https:\/\/centrourbano.com\/revista\/#organization","name":"Centro Urbano","url":"https:\/\/centrourbano.com\/revista\/","logo":{"@type":"ImageObject","inLanguage":"es","@id":"https:\/\/centrourbano.com\/revista\/#\/schema\/logo\/image\/","url":"https:\/\/centrourbano.com\/revista\/wp-content\/uploads\/web_CU_logo-1.png","contentUrl":"https:\/\/centrourbano.com\/revista\/wp-content\/uploads\/web_CU_logo-1.png","width":350,"height":91,"caption":"Centro Urbano"},"image":{"@id":"https:\/\/centrourbano.com\/revista\/#\/schema\/logo\/image\/"},"sameAs":["https:\/\/www.facebook.com\/portalcentrourbano","https:\/\/x.com\/CentroUrbano","https:\/\/www.instagram.com\/centro_urbano\/","https:\/\/www.linkedin.com\/company\/centro-urbano\/","http:\/\/www.youtube.com\/user\/portalcentrourbano"]},{"@type":"Person","@id":"https:\/\/centrourbano.com\/revista\/#\/schema\/person\/5259f06e282c59482812d0e9a84a6440","name":"Redacci\u00f3n Centro Urbano","image":{"@type":"ImageObject","inLanguage":"es","@id":"https:\/\/secure.gravatar.com\/avatar\/15a789f894398c0f311f3a7a2ee28032bbc0483098539da66b6a045aa810bf35?s=96&d=mm&r=g","url":"https:\/\/secure.gravatar.com\/avatar\/15a789f894398c0f311f3a7a2ee28032bbc0483098539da66b6a045aa810bf35?s=96&d=mm&r=g","contentUrl":"https:\/\/secure.gravatar.com\/avatar\/15a789f894398c0f311f3a7a2ee28032bbc0483098539da66b6a045aa810bf35?s=96&d=mm&r=g","caption":"Redacci\u00f3n Centro Urbano"},"url":"https:\/\/centrourbano.com\/revista\/author\/editorial\/"}]}},"_links":{"self":[{"href":"https:\/\/centrourbano.com\/revista\/wp-json\/wp\/v2\/posts\/2102","targetHints":{"allow":["GET"]}}],"collection":[{"href":"https:\/\/centrourbano.com\/revista\/wp-json\/wp\/v2\/posts"}],"about":[{"href":"https:\/\/centrourbano.com\/revista\/wp-json\/wp\/v2\/types\/post"}],"author":[{"embeddable":true,"href":"https:\/\/centrourbano.com\/revista\/wp-json\/wp\/v2\/users\/14"}],"replies":[{"embeddable":true,"href":"https:\/\/centrourbano.com\/revista\/wp-json\/wp\/v2\/comments?post=2102"}],"version-history":[{"count":0,"href":"https:\/\/centrourbano.com\/revista\/wp-json\/wp\/v2\/posts\/2102\/revisions"}],"wp:featuredmedia":[{"embeddable":true,"href":"https:\/\/centrourbano.com\/revista\/wp-json\/wp\/v2\/media\/16827"}],"wp:attachment":[{"href":"https:\/\/centrourbano.com\/revista\/wp-json\/wp\/v2\/media?parent=2102"}],"wp:term":[{"taxonomy":"category","embeddable":true,"href":"https:\/\/centrourbano.com\/revista\/wp-json\/wp\/v2\/categories?post=2102"},{"taxonomy":"post_tag","embeddable":true,"href":"https:\/\/centrourbano.com\/revista\/wp-json\/wp\/v2\/tags?post=2102"}],"curies":[{"name":"wp","href":"https:\/\/api.w.org\/{rel}","templated":true}]}}