{"id":20998,"date":"2015-07-14T09:20:17","date_gmt":"2015-07-14T14:20:17","guid":{"rendered":"http:\/\/centrourbano.com\/?p=20998"},"modified":"2015-07-13T17:30:03","modified_gmt":"2015-07-13T22:30:03","slug":"habitat-y-conavi-realizan-jornada-de-construccion","status":"publish","type":"post","link":"https:\/\/centrourbano.com\/revista\/vivienda\/habitat-y-conavi-realizan-jornada-de-construccion\/","title":{"rendered":"H\u00e1bitat y Conavi realizan  jornada de construcci\u00f3n"},"content":{"rendered":"<p>&nbsp;<\/p>\n<p><em>En M\u00e9xico el 65% de viviendas han sido construidas por autoconstrucci\u00f3n<\/em><\/p>\n<p><!--more--><\/p>\n<p>H\u00e1bitat para la Humanidad M\u00e9xico y la Comisi\u00f3n Nacional de Vivienda (Conavi) realizaron el 10 de julio una jornada de construcci\u00f3n en Tianguismanalco, Puebla, donde Paloma Silva de Anzorena, Directora General de Conavi, su equipo directivo y 100 colaboradores de la dependencia apoyaron a la construcci\u00f3n de seis viviendas de la comunidad a trav\u00e9s de la realizaci\u00f3n de una jornada comunitaria.<\/p>\n<p>El evento fue concebido para que personal de Conavi conociera directamente el trabajo que se realiza para hacer posible el acceso a viviendas para personas de escasos recursos econ\u00f3micos, a trav\u00e9s del ejercicio de subsidios para vivienda y bajo el modelo de autoconstrucci\u00f3n asistida. Durante la jornada tuvieron la oportunidad de conocer familias y condiciones de vida.<\/p>\n<p>\u201cDesde el 2008, H\u00e1bitat para la Humanidad M\u00e9xico ha colaborado con Conavi como organismo ejecutor de obra, lo que ha permitido bajar subsidios para apoyar a m\u00e1s de 15,500 familias en la construcci\u00f3n de su vivienda. As\u00ed mismo en la organizaci\u00f3n, tenemos como objetivo ofrecer la asistencia necesaria para que las viviendas sean de calidad y habitables\u201d, mencion\u00f3 Gustavo Guti\u00e9rrez Lee, director nacional de H\u00e1bitat para la Humanidad M\u00e9xico.<\/p>\n<p>Guti\u00e9rrez Lee coment\u00f3 que en conjunto con las familias se logra obtener una vivienda en promedio de un a\u00f1o, en comparaci\u00f3n con los 20 a\u00f1os que le lleva a las familias hacerlo solas; adem\u00e1s del aprovechamiento de los materiales y mejoramiento de las instalaciones por la asistencia t\u00e9cnica que se otorga.<\/p>\n<p>Por su parte, el equipo de Conavi tuvo la oportunidad de participar en una actividad que les permiti\u00f3, adem\u00e1s de reforzar el trabajo en el equipo, conocer el impacto y resultados de la aportaci\u00f3n que realizan para apoyar a H\u00e1bitat para la Humanidad y las familias beneficiadas.\u00a0 Cabe destacar que esta jornada es el resultado de diversas actividades que han realizado los colaboradores para recaudar el recurso y poder ser ellos los patrocinadores directos.<\/p>\n<p>\u201cEn Conavi estamos convencidos que realizar alianzas con organizaciones como H\u00e1bitat para la Humanidad nos permite hacer efectivo el derecho a la vivienda de familias de escasos recursos econ\u00f3micos al ofrecer viviendas m\u00e1s accesibles\u201d mencion\u00f3 Paloma Silva de Anzorena.<\/p>\n<p>Durante la brigada se cont\u00f3 con la presencia de las principales autoridades de H\u00e1bitat para la Humanidad M\u00e9xico como Gustavo Guti\u00e9rrez Lee, director ejecutivo Nacional; Luis Armenta, subdirector Nacional, M\u00f3nica Balmori, directora de Finanzas; Cayetano Torres, director de Operaciones y personal de la organizaci\u00f3n y en representaci\u00f3n de Conavi acudieron\u00a0Paloma Silva de Anzorena, directora general; Oscar Grajales, subdirector general de Fomento de Esquemas de Financiamiento y Soluciones de Vivienda y Minerva Lopezlugo Tovar, directora de Autoproducci\u00f3n, entre otros.<\/p>\n<p>&nbsp;<\/p>\n","protected":false},"excerpt":{"rendered":"<p>&nbsp; En M\u00e9xico el 65% de viviendas han sido construidas por autoconstrucci\u00f3n<\/p>\n","protected":false},"author":28,"featured_media":20999,"comment_status":"open","ping_status":"closed","sticky":false,"template":"","format":"standard","meta":{"om_disable_all_campaigns":false,"inline_featured_image":false,"_monsterinsights_skip_tracking":false,"_monsterinsights_sitenote_active":false,"_monsterinsights_sitenote_note":"","_monsterinsights_sitenote_category":0,"footnotes":""},"categories":[12],"tags":[376,4999,537],"class_list":["post-20998","post","type-post","status-publish","format-standard","has-post-thumbnail","hentry","category-vivienda","tag-conavi","tag-habitat-para-la-humanidad","tag-paloma-silva-de-anzorena"],"yoast_head":"<!-- This site is optimized with the Yoast SEO plugin v27.4 - https:\/\/yoast.com\/product\/yoast-seo-wordpress\/ -->\n<title>H\u00e1bitat y Conavi realizan jornada de construcci\u00f3n -<\/title>\n<meta name=\"description\" content=\"&nbsp; En M\u00e9xico el 65% de viviendas han sido construidas por autoconstrucci\u00f3n H\u00e1bitat para la Humanidad M\u00e9xico y la Comisi\u00f3n Nacional de Vivienda\" \/>\n<meta name=\"robots\" content=\"index, follow, max-snippet:-1, max-image-preview:large, max-video-preview:-1\" \/>\n<link rel=\"canonical\" href=\"https:\/\/centrourbano.com\/revista\/vivienda\/habitat-y-conavi-realizan-jornada-de-construccion\/\" \/>\n<meta property=\"og:locale\" content=\"es_ES\" \/>\n<meta property=\"og:type\" content=\"article\" \/>\n<meta property=\"og:title\" content=\"H\u00e1bitat y Conavi realizan jornada de construcci\u00f3n -\" \/>\n<meta property=\"og:description\" content=\"&nbsp; En M\u00e9xico el 65% de viviendas han sido construidas por autoconstrucci\u00f3n H\u00e1bitat para la Humanidad M\u00e9xico y la Comisi\u00f3n Nacional de Vivienda\" \/>\n<meta property=\"og:url\" content=\"https:\/\/centrourbano.com\/revista\/vivienda\/habitat-y-conavi-realizan-jornada-de-construccion\/\" \/>\n<meta property=\"og:site_name\" content=\"Centro Urbano\" \/>\n<meta property=\"article:publisher\" content=\"https:\/\/www.facebook.com\/portalcentrourbano\" \/>\n<meta property=\"article:published_time\" content=\"2015-07-14T14:20:17+00:00\" \/>\n<meta property=\"og:image\" content=\"https:\/\/centrourbano.com\/revista\/wp-content\/uploads\/Joranda-de-construccion-HPHM_CONAVI2-3-scaled.jpg\" \/>\n\t<meta property=\"og:image:width\" content=\"2560\" \/>\n\t<meta property=\"og:image:height\" content=\"1920\" \/>\n\t<meta property=\"og:image:type\" content=\"image\/jpeg\" \/>\n<meta name=\"author\" content=\"Mario V\u00e1zquez Barrios\" \/>\n<meta name=\"twitter:card\" content=\"summary_large_image\" \/>\n<meta name=\"twitter:creator\" content=\"@MarioDeNiro\" \/>\n<meta name=\"twitter:site\" content=\"@CentroUrbano\" \/>\n<meta name=\"twitter:label1\" content=\"Escrito por\" \/>\n\t<meta name=\"twitter:data1\" content=\"Mario V\u00e1zquez Barrios\" \/>\n\t<meta name=\"twitter:label2\" content=\"Tiempo de lectura\" \/>\n\t<meta name=\"twitter:data2\" content=\"2 minutos\" \/>\n<script type=\"application\/ld+json\" class=\"yoast-schema-graph\">{\"@context\":\"https:\\\/\\\/schema.org\",\"@graph\":[{\"@type\":\"Article\",\"@id\":\"https:\\\/\\\/centrourbano.com\\\/revista\\\/vivienda\\\/habitat-y-conavi-realizan-jornada-de-construccion\\\/#article\",\"isPartOf\":{\"@id\":\"https:\\\/\\\/centrourbano.com\\\/revista\\\/vivienda\\\/habitat-y-conavi-realizan-jornada-de-construccion\\\/\"},\"author\":{\"name\":\"Mario V\u00e1zquez Barrios\",\"@id\":\"https:\\\/\\\/centrourbano.com\\\/revista\\\/#\\\/schema\\\/person\\\/71e020a5b63ca4230c0f1228a36cde93\"},\"headline\":\"H\u00e1bitat y Conavi realizan jornada de construcci\u00f3n\",\"datePublished\":\"2015-07-14T14:20:17+00:00\",\"mainEntityOfPage\":{\"@id\":\"https:\\\/\\\/centrourbano.com\\\/revista\\\/vivienda\\\/habitat-y-conavi-realizan-jornada-de-construccion\\\/\"},\"wordCount\":485,\"commentCount\":0,\"publisher\":{\"@id\":\"https:\\\/\\\/centrourbano.com\\\/revista\\\/#organization\"},\"image\":{\"@id\":\"https:\\\/\\\/centrourbano.com\\\/revista\\\/vivienda\\\/habitat-y-conavi-realizan-jornada-de-construccion\\\/#primaryimage\"},\"thumbnailUrl\":\"https:\\\/\\\/centrourbano.com\\\/revista\\\/wp-content\\\/uploads\\\/Joranda-de-construccion-HPHM_CONAVI2-3-scaled.jpg\",\"keywords\":[\"Conavi\",\"H\u00e1bitat para la Humanidad\",\"Paloma Silva de Anzorena\"],\"articleSection\":[\"Vivienda\"],\"inLanguage\":\"es\",\"potentialAction\":[{\"@type\":\"CommentAction\",\"name\":\"Comment\",\"target\":[\"https:\\\/\\\/centrourbano.com\\\/revista\\\/vivienda\\\/habitat-y-conavi-realizan-jornada-de-construccion\\\/#respond\"]}]},{\"@type\":\"WebPage\",\"@id\":\"https:\\\/\\\/centrourbano.com\\\/revista\\\/vivienda\\\/habitat-y-conavi-realizan-jornada-de-construccion\\\/\",\"url\":\"https:\\\/\\\/centrourbano.com\\\/revista\\\/vivienda\\\/habitat-y-conavi-realizan-jornada-de-construccion\\\/\",\"name\":\"H\u00e1bitat y Conavi realizan jornada de construcci\u00f3n -\",\"isPartOf\":{\"@id\":\"https:\\\/\\\/centrourbano.com\\\/revista\\\/#website\"},\"primaryImageOfPage\":{\"@id\":\"https:\\\/\\\/centrourbano.com\\\/revista\\\/vivienda\\\/habitat-y-conavi-realizan-jornada-de-construccion\\\/#primaryimage\"},\"image\":{\"@id\":\"https:\\\/\\\/centrourbano.com\\\/revista\\\/vivienda\\\/habitat-y-conavi-realizan-jornada-de-construccion\\\/#primaryimage\"},\"thumbnailUrl\":\"https:\\\/\\\/centrourbano.com\\\/revista\\\/wp-content\\\/uploads\\\/Joranda-de-construccion-HPHM_CONAVI2-3-scaled.jpg\",\"datePublished\":\"2015-07-14T14:20:17+00:00\",\"description\":\"&nbsp; En M\u00e9xico el 65% de viviendas han sido construidas por autoconstrucci\u00f3n H\u00e1bitat para la Humanidad M\u00e9xico y la Comisi\u00f3n Nacional de Vivienda\",\"breadcrumb\":{\"@id\":\"https:\\\/\\\/centrourbano.com\\\/revista\\\/vivienda\\\/habitat-y-conavi-realizan-jornada-de-construccion\\\/#breadcrumb\"},\"inLanguage\":\"es\",\"potentialAction\":[{\"@type\":\"ReadAction\",\"target\":[\"https:\\\/\\\/centrourbano.com\\\/revista\\\/vivienda\\\/habitat-y-conavi-realizan-jornada-de-construccion\\\/\"]}]},{\"@type\":\"ImageObject\",\"inLanguage\":\"es\",\"@id\":\"https:\\\/\\\/centrourbano.com\\\/revista\\\/vivienda\\\/habitat-y-conavi-realizan-jornada-de-construccion\\\/#primaryimage\",\"url\":\"https:\\\/\\\/centrourbano.com\\\/revista\\\/wp-content\\\/uploads\\\/Joranda-de-construccion-HPHM_CONAVI2-3-scaled.jpg\",\"contentUrl\":\"https:\\\/\\\/centrourbano.com\\\/revista\\\/wp-content\\\/uploads\\\/Joranda-de-construccion-HPHM_CONAVI2-3-scaled.jpg\",\"width\":2560,\"height\":1920},{\"@type\":\"BreadcrumbList\",\"@id\":\"https:\\\/\\\/centrourbano.com\\\/revista\\\/vivienda\\\/habitat-y-conavi-realizan-jornada-de-construccion\\\/#breadcrumb\",\"itemListElement\":[{\"@type\":\"ListItem\",\"position\":1,\"name\":\"Portada\",\"item\":\"https:\\\/\\\/centrourbano.com\\\/revista\\\/\"},{\"@type\":\"ListItem\",\"position\":2,\"name\":\"H\u00e1bitat y Conavi realizan jornada de construcci\u00f3n\"}]},{\"@type\":\"WebSite\",\"@id\":\"https:\\\/\\\/centrourbano.com\\\/revista\\\/#website\",\"url\":\"https:\\\/\\\/centrourbano.com\\\/revista\\\/\",\"name\":\"Centro Urbano\",\"description\":\"Medio especializado en los sectores vivienda, inmobiliario, construcci\u00f3n, arquitectura y urbanismo.\",\"publisher\":{\"@id\":\"https:\\\/\\\/centrourbano.com\\\/revista\\\/#organization\"},\"potentialAction\":[{\"@type\":\"SearchAction\",\"target\":{\"@type\":\"EntryPoint\",\"urlTemplate\":\"https:\\\/\\\/centrourbano.com\\\/revista\\\/?s={search_term_string}\"},\"query-input\":{\"@type\":\"PropertyValueSpecification\",\"valueRequired\":true,\"valueName\":\"search_term_string\"}}],\"inLanguage\":\"es\"},{\"@type\":\"Organization\",\"@id\":\"https:\\\/\\\/centrourbano.com\\\/revista\\\/#organization\",\"name\":\"Centro Urbano\",\"url\":\"https:\\\/\\\/centrourbano.com\\\/revista\\\/\",\"logo\":{\"@type\":\"ImageObject\",\"inLanguage\":\"es\",\"@id\":\"https:\\\/\\\/centrourbano.com\\\/revista\\\/#\\\/schema\\\/logo\\\/image\\\/\",\"url\":\"https:\\\/\\\/centrourbano.com\\\/revista\\\/wp-content\\\/uploads\\\/web_CU_logo-1.png\",\"contentUrl\":\"https:\\\/\\\/centrourbano.com\\\/revista\\\/wp-content\\\/uploads\\\/web_CU_logo-1.png\",\"width\":350,\"height\":91,\"caption\":\"Centro Urbano\"},\"image\":{\"@id\":\"https:\\\/\\\/centrourbano.com\\\/revista\\\/#\\\/schema\\\/logo\\\/image\\\/\"},\"sameAs\":[\"https:\\\/\\\/www.facebook.com\\\/portalcentrourbano\",\"https:\\\/\\\/x.com\\\/CentroUrbano\",\"https:\\\/\\\/www.instagram.com\\\/centro_urbano\\\/\",\"https:\\\/\\\/www.linkedin.com\\\/company\\\/centro-urbano\\\/\",\"http:\\\/\\\/www.youtube.com\\\/user\\\/portalcentrourbano\"]},{\"@type\":\"Person\",\"@id\":\"https:\\\/\\\/centrourbano.com\\\/revista\\\/#\\\/schema\\\/person\\\/71e020a5b63ca4230c0f1228a36cde93\",\"name\":\"Mario V\u00e1zquez Barrios\",\"image\":{\"@type\":\"ImageObject\",\"inLanguage\":\"es\",\"@id\":\"https:\\\/\\\/secure.gravatar.com\\\/avatar\\\/347e6d9c0b04f0194ca244ba64b0fe62752d716a3a93d1713bd259eb87aad5b6?s=96&d=mm&r=g\",\"url\":\"https:\\\/\\\/secure.gravatar.com\\\/avatar\\\/347e6d9c0b04f0194ca244ba64b0fe62752d716a3a93d1713bd259eb87aad5b6?s=96&d=mm&r=g\",\"contentUrl\":\"https:\\\/\\\/secure.gravatar.com\\\/avatar\\\/347e6d9c0b04f0194ca244ba64b0fe62752d716a3a93d1713bd259eb87aad5b6?s=96&d=mm&r=g\",\"caption\":\"Mario V\u00e1zquez Barrios\"},\"description\":\"Me inici\u00e9 en El Financiero haciendo reportajes; en MegaNoticias Televisi\u00f3n fui reportero titular; en EMedios, control de calidad; y Radio 13 Noticias me acogi\u00f3 como colaborador. Me gusta encontrar en las banquetas la nota, una entrevista y el inicio de un reportaje.\",\"sameAs\":[\"https:\\\/\\\/x.com\\\/@MarioDeNiro\"],\"url\":\"https:\\\/\\\/centrourbano.com\\\/revista\\\/author\\\/mario-vazquez\\\/\"}]}<\/script>\n<!-- \/ Yoast SEO plugin. -->","yoast_head_json":{"title":"H\u00e1bitat y Conavi realizan jornada de construcci\u00f3n -","description":"&nbsp; En M\u00e9xico el 65% de viviendas han sido construidas por autoconstrucci\u00f3n H\u00e1bitat para la Humanidad M\u00e9xico y la Comisi\u00f3n Nacional de Vivienda","robots":{"index":"index","follow":"follow","max-snippet":"max-snippet:-1","max-image-preview":"max-image-preview:large","max-video-preview":"max-video-preview:-1"},"canonical":"https:\/\/centrourbano.com\/revista\/vivienda\/habitat-y-conavi-realizan-jornada-de-construccion\/","og_locale":"es_ES","og_type":"article","og_title":"H\u00e1bitat y Conavi realizan jornada de construcci\u00f3n -","og_description":"&nbsp; En M\u00e9xico el 65% de viviendas han sido construidas por autoconstrucci\u00f3n H\u00e1bitat para la Humanidad M\u00e9xico y la Comisi\u00f3n Nacional de Vivienda","og_url":"https:\/\/centrourbano.com\/revista\/vivienda\/habitat-y-conavi-realizan-jornada-de-construccion\/","og_site_name":"Centro Urbano","article_publisher":"https:\/\/www.facebook.com\/portalcentrourbano","article_published_time":"2015-07-14T14:20:17+00:00","og_image":[{"width":2560,"height":1920,"url":"https:\/\/centrourbano.com\/revista\/wp-content\/uploads\/Joranda-de-construccion-HPHM_CONAVI2-3-scaled.jpg","type":"image\/jpeg"}],"author":"Mario V\u00e1zquez Barrios","twitter_card":"summary_large_image","twitter_creator":"@MarioDeNiro","twitter_site":"@CentroUrbano","twitter_misc":{"Escrito por":"Mario V\u00e1zquez Barrios","Tiempo de lectura":"2 minutos"},"schema":{"@context":"https:\/\/schema.org","@graph":[{"@type":"Article","@id":"https:\/\/centrourbano.com\/revista\/vivienda\/habitat-y-conavi-realizan-jornada-de-construccion\/#article","isPartOf":{"@id":"https:\/\/centrourbano.com\/revista\/vivienda\/habitat-y-conavi-realizan-jornada-de-construccion\/"},"author":{"name":"Mario V\u00e1zquez Barrios","@id":"https:\/\/centrourbano.com\/revista\/#\/schema\/person\/71e020a5b63ca4230c0f1228a36cde93"},"headline":"H\u00e1bitat y Conavi realizan jornada de construcci\u00f3n","datePublished":"2015-07-14T14:20:17+00:00","mainEntityOfPage":{"@id":"https:\/\/centrourbano.com\/revista\/vivienda\/habitat-y-conavi-realizan-jornada-de-construccion\/"},"wordCount":485,"commentCount":0,"publisher":{"@id":"https:\/\/centrourbano.com\/revista\/#organization"},"image":{"@id":"https:\/\/centrourbano.com\/revista\/vivienda\/habitat-y-conavi-realizan-jornada-de-construccion\/#primaryimage"},"thumbnailUrl":"https:\/\/centrourbano.com\/revista\/wp-content\/uploads\/Joranda-de-construccion-HPHM_CONAVI2-3-scaled.jpg","keywords":["Conavi","H\u00e1bitat para la Humanidad","Paloma Silva de Anzorena"],"articleSection":["Vivienda"],"inLanguage":"es","potentialAction":[{"@type":"CommentAction","name":"Comment","target":["https:\/\/centrourbano.com\/revista\/vivienda\/habitat-y-conavi-realizan-jornada-de-construccion\/#respond"]}]},{"@type":"WebPage","@id":"https:\/\/centrourbano.com\/revista\/vivienda\/habitat-y-conavi-realizan-jornada-de-construccion\/","url":"https:\/\/centrourbano.com\/revista\/vivienda\/habitat-y-conavi-realizan-jornada-de-construccion\/","name":"H\u00e1bitat y Conavi realizan jornada de construcci\u00f3n -","isPartOf":{"@id":"https:\/\/centrourbano.com\/revista\/#website"},"primaryImageOfPage":{"@id":"https:\/\/centrourbano.com\/revista\/vivienda\/habitat-y-conavi-realizan-jornada-de-construccion\/#primaryimage"},"image":{"@id":"https:\/\/centrourbano.com\/revista\/vivienda\/habitat-y-conavi-realizan-jornada-de-construccion\/#primaryimage"},"thumbnailUrl":"https:\/\/centrourbano.com\/revista\/wp-content\/uploads\/Joranda-de-construccion-HPHM_CONAVI2-3-scaled.jpg","datePublished":"2015-07-14T14:20:17+00:00","description":"&nbsp; En M\u00e9xico el 65% de viviendas han sido construidas por autoconstrucci\u00f3n H\u00e1bitat para la Humanidad M\u00e9xico y la Comisi\u00f3n Nacional de Vivienda","breadcrumb":{"@id":"https:\/\/centrourbano.com\/revista\/vivienda\/habitat-y-conavi-realizan-jornada-de-construccion\/#breadcrumb"},"inLanguage":"es","potentialAction":[{"@type":"ReadAction","target":["https:\/\/centrourbano.com\/revista\/vivienda\/habitat-y-conavi-realizan-jornada-de-construccion\/"]}]},{"@type":"ImageObject","inLanguage":"es","@id":"https:\/\/centrourbano.com\/revista\/vivienda\/habitat-y-conavi-realizan-jornada-de-construccion\/#primaryimage","url":"https:\/\/centrourbano.com\/revista\/wp-content\/uploads\/Joranda-de-construccion-HPHM_CONAVI2-3-scaled.jpg","contentUrl":"https:\/\/centrourbano.com\/revista\/wp-content\/uploads\/Joranda-de-construccion-HPHM_CONAVI2-3-scaled.jpg","width":2560,"height":1920},{"@type":"BreadcrumbList","@id":"https:\/\/centrourbano.com\/revista\/vivienda\/habitat-y-conavi-realizan-jornada-de-construccion\/#breadcrumb","itemListElement":[{"@type":"ListItem","position":1,"name":"Portada","item":"https:\/\/centrourbano.com\/revista\/"},{"@type":"ListItem","position":2,"name":"H\u00e1bitat y Conavi realizan jornada de construcci\u00f3n"}]},{"@type":"WebSite","@id":"https:\/\/centrourbano.com\/revista\/#website","url":"https:\/\/centrourbano.com\/revista\/","name":"Centro Urbano","description":"Medio especializado en los sectores vivienda, inmobiliario, construcci\u00f3n, arquitectura y urbanismo.","publisher":{"@id":"https:\/\/centrourbano.com\/revista\/#organization"},"potentialAction":[{"@type":"SearchAction","target":{"@type":"EntryPoint","urlTemplate":"https:\/\/centrourbano.com\/revista\/?s={search_term_string}"},"query-input":{"@type":"PropertyValueSpecification","valueRequired":true,"valueName":"search_term_string"}}],"inLanguage":"es"},{"@type":"Organization","@id":"https:\/\/centrourbano.com\/revista\/#organization","name":"Centro Urbano","url":"https:\/\/centrourbano.com\/revista\/","logo":{"@type":"ImageObject","inLanguage":"es","@id":"https:\/\/centrourbano.com\/revista\/#\/schema\/logo\/image\/","url":"https:\/\/centrourbano.com\/revista\/wp-content\/uploads\/web_CU_logo-1.png","contentUrl":"https:\/\/centrourbano.com\/revista\/wp-content\/uploads\/web_CU_logo-1.png","width":350,"height":91,"caption":"Centro Urbano"},"image":{"@id":"https:\/\/centrourbano.com\/revista\/#\/schema\/logo\/image\/"},"sameAs":["https:\/\/www.facebook.com\/portalcentrourbano","https:\/\/x.com\/CentroUrbano","https:\/\/www.instagram.com\/centro_urbano\/","https:\/\/www.linkedin.com\/company\/centro-urbano\/","http:\/\/www.youtube.com\/user\/portalcentrourbano"]},{"@type":"Person","@id":"https:\/\/centrourbano.com\/revista\/#\/schema\/person\/71e020a5b63ca4230c0f1228a36cde93","name":"Mario V\u00e1zquez Barrios","image":{"@type":"ImageObject","inLanguage":"es","@id":"https:\/\/secure.gravatar.com\/avatar\/347e6d9c0b04f0194ca244ba64b0fe62752d716a3a93d1713bd259eb87aad5b6?s=96&d=mm&r=g","url":"https:\/\/secure.gravatar.com\/avatar\/347e6d9c0b04f0194ca244ba64b0fe62752d716a3a93d1713bd259eb87aad5b6?s=96&d=mm&r=g","contentUrl":"https:\/\/secure.gravatar.com\/avatar\/347e6d9c0b04f0194ca244ba64b0fe62752d716a3a93d1713bd259eb87aad5b6?s=96&d=mm&r=g","caption":"Mario V\u00e1zquez Barrios"},"description":"Me inici\u00e9 en El Financiero haciendo reportajes; en MegaNoticias Televisi\u00f3n fui reportero titular; en EMedios, control de calidad; y Radio 13 Noticias me acogi\u00f3 como colaborador. Me gusta encontrar en las banquetas la nota, una entrevista y el inicio de un reportaje.","sameAs":["https:\/\/x.com\/@MarioDeNiro"],"url":"https:\/\/centrourbano.com\/revista\/author\/mario-vazquez\/"}]}},"_links":{"self":[{"href":"https:\/\/centrourbano.com\/revista\/wp-json\/wp\/v2\/posts\/20998","targetHints":{"allow":["GET"]}}],"collection":[{"href":"https:\/\/centrourbano.com\/revista\/wp-json\/wp\/v2\/posts"}],"about":[{"href":"https:\/\/centrourbano.com\/revista\/wp-json\/wp\/v2\/types\/post"}],"author":[{"embeddable":true,"href":"https:\/\/centrourbano.com\/revista\/wp-json\/wp\/v2\/users\/28"}],"replies":[{"embeddable":true,"href":"https:\/\/centrourbano.com\/revista\/wp-json\/wp\/v2\/comments?post=20998"}],"version-history":[{"count":0,"href":"https:\/\/centrourbano.com\/revista\/wp-json\/wp\/v2\/posts\/20998\/revisions"}],"wp:featuredmedia":[{"embeddable":true,"href":"https:\/\/centrourbano.com\/revista\/wp-json\/wp\/v2\/media\/20999"}],"wp:attachment":[{"href":"https:\/\/centrourbano.com\/revista\/wp-json\/wp\/v2\/media?parent=20998"}],"wp:term":[{"taxonomy":"category","embeddable":true,"href":"https:\/\/centrourbano.com\/revista\/wp-json\/wp\/v2\/categories?post=20998"},{"taxonomy":"post_tag","embeddable":true,"href":"https:\/\/centrourbano.com\/revista\/wp-json\/wp\/v2\/tags?post=20998"}],"curies":[{"name":"wp","href":"https:\/\/api.w.org\/{rel}","templated":true}]}}