{"id":20945,"date":"2015-07-13T09:00:34","date_gmt":"2015-07-13T14:00:34","guid":{"rendered":"http:\/\/centrourbano.com\/?p=20945"},"modified":"2015-07-13T15:35:11","modified_gmt":"2015-07-13T20:35:11","slug":"completan-fusion-lafarge-y-holcim","status":"publish","type":"post","link":"https:\/\/centrourbano.com\/revista\/construccion\/completan-fusion-lafarge-y-holcim\/","title":{"rendered":"Completan fusi\u00f3n Lafarge y Holcim"},"content":{"rendered":"<p><em>Crean de manera oficial la empresa\u00a0LafargeHolcim, nuevo l\u00edder en la industria de materiales para la construcci\u00f3n<\/em><!--more--><\/p>\n<p>Tras completar exitosamente la oferta p\u00fablica de intercambio y la emisi\u00f3n de nuevas acciones de Holcim a los accionistas de Lafarge, se ha completado la fusi\u00f3n de ambas empresas para crear LafargeHolcim, un nuevo l\u00edder en la industria de materiales para la construcci\u00f3n.<\/p>\n<p>Cabe recordar que durante la Asamblea General Extraordinaria celebrada el 8 de mayo de 2015, los accionistas de Holcim hab\u00edan aprobado previamente las resoluciones relativas a la fusi\u00f3n, y a la fecha se llevaron\u00a0a cabo todas las condiciones para completarla.<\/p>\n<p>Lo anterior ha dado como resultado que el mandato del nuevo Consejo de Administraci\u00f3n y del nuevo Comit\u00e9 Ejecutivo con Eric Olsen como Director General (CEO) haya surtido efectos.<\/p>\n<p>Adem\u00e1s,\u00a0LafargeHolcim revel\u00f3 el nuevo logotipo e identidad corporativa.\u00a0que fue\u00a0dise\u00f1ado para demostrar que Holcim y Lafarge se han unido para formar una sola compa\u00f1\u00eda, expresando el liderazgo y fortaleza del nuevo Grupo.<\/p>\n<p>Al respecto,\u00a0Wolfgang Reitzle, Co-Presidente (Presidente reglamentario, statutory Chairman) del Consejo de Administraci\u00f3n de LafargeHolcim, indic\u00f3 que la nueva empresa\u00a0tiene un portafolio de negocios \u00fanico, es el punto de referencia de la industria en investigaci\u00f3n y desarrollo (R&amp;D) y ofrece a sus clientes la m\u00e1s amplia gama de productos, servicios y soluciones innovadores y con valor agregado.<\/p>\n<p>En tanto, Bruno Lafont, Co-Presidente del Consejo de Administraci\u00f3n de LafargeHolcim, a\u00f1adi\u00f3 que la\u00a0nueva compa\u00f1\u00eda se construye sobre la vasta historia y cultura de Lafarge y Holcim, as\u00ed como de sus equipos.<\/p>\n<p>Se\u00f1al\u00f3 que la fusi\u00f3n no resulta solamente en una compa\u00f1\u00eda m\u00e1s grande y m\u00e1s global, sino que trae consigo un conjunto \u00fanico de capacidades adicionales para ser capitalizadas.<\/p>\n<p>LafargeHolcim estar\u00e1 bajo el liderazgo de Eric Olsen, \u00a0promover\u00e1 un nuevo modelo operativo y crear\u00e1 mayor valor para todos nuestros p\u00fablicos relacionados.Adem\u00e1s, las nuevas acciones de la empresa\u00a0cotizar\u00e1n en el mercado de valores en Suiza, as\u00ed como en el mercado de valores Euronext en Paris el 14 de julio.<\/p>\n<p>Cabe destacar que la compa\u00f1\u00eda\u00a0reabrir\u00e1 la oferta p\u00fablica de intercambio para dar al resto de los accionistas de Lafarge la oportunidad de entregar tambi\u00e9n sus acciones. El nuevo periodo de oferta empezar\u00e1 el 15 de julio de 2015, por un periodo de diez d\u00edas de operaci\u00f3n de mercado hasta el 28 de julio.<\/p>\n<p>Adem\u00e1s, el lanzamiento global de la nueva compa\u00f1\u00eda se celebrar\u00e1 el 15 de julio de 2015. LafargeHolcim convocar\u00e1 a una conferencia de prensa en esa fecha.<\/p>\n<p>LafargeHolcim cuenta con presencia en 90 pa\u00edses y est\u00e1 enfocada en el cemento, agregados y concreto, por lo que se ha convertido en el\u00a0l\u00edder mundial en la industria de materiales para la construcci\u00f3n.<\/p>\n<p>El Grupo tiene 115,000 empleados alrededor del mundo y es el punto de referencia de la industria en investigaci\u00f3n y desarrollo y sirve desde el constructor privado hasta los m\u00e1s grandes y complejos proyectos con la m\u00e1s amplia gama de productos de valor agregado, servicios innovadores y soluciones integrales para la construcci\u00f3n.<\/p>\n","protected":false},"excerpt":{"rendered":"<p>Crean de manera oficial la empresa\u00a0LafargeHolcim, nuevo l\u00edder en la industria de materiales para la construcci\u00f3n<\/p>\n","protected":false},"author":9,"featured_media":20947,"comment_status":"open","ping_status":"closed","sticky":false,"template":"","format":"standard","meta":{"om_disable_all_campaigns":false,"inline_featured_image":false,"_monsterinsights_skip_tracking":false,"_monsterinsights_sitenote_active":false,"_monsterinsights_sitenote_note":"","_monsterinsights_sitenote_category":0,"footnotes":""},"categories":[14],"tags":[27,595,22,378,1385,5676,4494],"class_list":["post-20945","post","type-post","status-publish","format-standard","has-post-thumbnail","hentry","category-construccion","tag-cemento","tag-concreto","tag-construccion-2","tag-holcim","tag-lafarge","tag-lafargeholcim","tag-materiales-de-construccion"],"yoast_head":"<!-- This site is optimized with the Yoast SEO plugin v27.4 - https:\/\/yoast.com\/product\/yoast-seo-wordpress\/ -->\n<title>Completan fusi\u00f3n Lafarge y Holcim -<\/title>\n<meta name=\"description\" content=\"Crean de manera oficial la empresa\u00a0LafargeHolcim, nuevo l\u00edder en la industria de materiales para la construcci\u00f3n Tras completar exitosamente la oferta\" \/>\n<meta name=\"robots\" content=\"index, follow, max-snippet:-1, max-image-preview:large, max-video-preview:-1\" \/>\n<link rel=\"canonical\" href=\"https:\/\/centrourbano.com\/revista\/construccion\/completan-fusion-lafarge-y-holcim\/\" \/>\n<meta property=\"og:locale\" content=\"es_ES\" \/>\n<meta property=\"og:type\" content=\"article\" \/>\n<meta property=\"og:title\" content=\"Completan fusi\u00f3n Lafarge y Holcim -\" \/>\n<meta property=\"og:description\" content=\"Crean de manera oficial la empresa\u00a0LafargeHolcim, nuevo l\u00edder en la industria de materiales para la construcci\u00f3n Tras completar exitosamente la oferta\" \/>\n<meta property=\"og:url\" content=\"https:\/\/centrourbano.com\/revista\/construccion\/completan-fusion-lafarge-y-holcim\/\" \/>\n<meta property=\"og:site_name\" content=\"Centro Urbano\" \/>\n<meta property=\"article:publisher\" content=\"https:\/\/www.facebook.com\/portalcentrourbano\" \/>\n<meta property=\"article:published_time\" content=\"2015-07-13T14:00:34+00:00\" \/>\n<meta property=\"article:modified_time\" content=\"2015-07-13T20:35:11+00:00\" \/>\n<meta property=\"og:image\" content=\"https:\/\/centrourbano.com\/revista\/wp-content\/uploads\/f0e2a87fd36d3ce9f69c0b163b6f911f.jpeg\" \/>\n\t<meta property=\"og:image:width\" content=\"630\" \/>\n\t<meta property=\"og:image:height\" content=\"385\" \/>\n\t<meta property=\"og:image:type\" content=\"image\/jpeg\" \/>\n<meta name=\"author\" content=\"Dinorah Nava\" \/>\n<meta name=\"twitter:card\" content=\"summary_large_image\" \/>\n<meta name=\"twitter:creator\" content=\"@https:\/\/twitter.com\/Dinorah_Nava28\" \/>\n<meta name=\"twitter:site\" content=\"@CentroUrbano\" \/>\n<meta name=\"twitter:label1\" content=\"Escrito por\" \/>\n\t<meta name=\"twitter:data1\" content=\"Dinorah Nava\" \/>\n\t<meta name=\"twitter:label2\" content=\"Tiempo de lectura\" \/>\n\t<meta name=\"twitter:data2\" content=\"3 minutos\" \/>\n<script type=\"application\/ld+json\" class=\"yoast-schema-graph\">{\"@context\":\"https:\\\/\\\/schema.org\",\"@graph\":[{\"@type\":\"Article\",\"@id\":\"https:\\\/\\\/centrourbano.com\\\/revista\\\/construccion\\\/completan-fusion-lafarge-y-holcim\\\/#article\",\"isPartOf\":{\"@id\":\"https:\\\/\\\/centrourbano.com\\\/revista\\\/construccion\\\/completan-fusion-lafarge-y-holcim\\\/\"},\"author\":{\"name\":\"Dinorah Nava\",\"@id\":\"https:\\\/\\\/centrourbano.com\\\/revista\\\/#\\\/schema\\\/person\\\/b45db815d96831257ba428a3d5a5fbdc\"},\"headline\":\"Completan fusi\u00f3n Lafarge y Holcim\",\"datePublished\":\"2015-07-13T14:00:34+00:00\",\"dateModified\":\"2015-07-13T20:35:11+00:00\",\"mainEntityOfPage\":{\"@id\":\"https:\\\/\\\/centrourbano.com\\\/revista\\\/construccion\\\/completan-fusion-lafarge-y-holcim\\\/\"},\"wordCount\":539,\"commentCount\":0,\"publisher\":{\"@id\":\"https:\\\/\\\/centrourbano.com\\\/revista\\\/#organization\"},\"image\":{\"@id\":\"https:\\\/\\\/centrourbano.com\\\/revista\\\/construccion\\\/completan-fusion-lafarge-y-holcim\\\/#primaryimage\"},\"thumbnailUrl\":\"https:\\\/\\\/centrourbano.com\\\/revista\\\/wp-content\\\/uploads\\\/f0e2a87fd36d3ce9f69c0b163b6f911f.jpeg\",\"keywords\":[\"cemento\",\"concreto\",\"construcci\u00f3n\",\"Holcim\",\"Lafarge\",\"LafargeHolcim\",\"materiales de construcci\u00f3n\"],\"articleSection\":[\"Construcci\u00f3n\"],\"inLanguage\":\"es\",\"potentialAction\":[{\"@type\":\"CommentAction\",\"name\":\"Comment\",\"target\":[\"https:\\\/\\\/centrourbano.com\\\/revista\\\/construccion\\\/completan-fusion-lafarge-y-holcim\\\/#respond\"]}]},{\"@type\":\"WebPage\",\"@id\":\"https:\\\/\\\/centrourbano.com\\\/revista\\\/construccion\\\/completan-fusion-lafarge-y-holcim\\\/\",\"url\":\"https:\\\/\\\/centrourbano.com\\\/revista\\\/construccion\\\/completan-fusion-lafarge-y-holcim\\\/\",\"name\":\"Completan fusi\u00f3n Lafarge y Holcim -\",\"isPartOf\":{\"@id\":\"https:\\\/\\\/centrourbano.com\\\/revista\\\/#website\"},\"primaryImageOfPage\":{\"@id\":\"https:\\\/\\\/centrourbano.com\\\/revista\\\/construccion\\\/completan-fusion-lafarge-y-holcim\\\/#primaryimage\"},\"image\":{\"@id\":\"https:\\\/\\\/centrourbano.com\\\/revista\\\/construccion\\\/completan-fusion-lafarge-y-holcim\\\/#primaryimage\"},\"thumbnailUrl\":\"https:\\\/\\\/centrourbano.com\\\/revista\\\/wp-content\\\/uploads\\\/f0e2a87fd36d3ce9f69c0b163b6f911f.jpeg\",\"datePublished\":\"2015-07-13T14:00:34+00:00\",\"dateModified\":\"2015-07-13T20:35:11+00:00\",\"description\":\"Crean de manera oficial la empresa\u00a0LafargeHolcim, nuevo l\u00edder en la industria de materiales para la construcci\u00f3n Tras completar exitosamente la oferta\",\"breadcrumb\":{\"@id\":\"https:\\\/\\\/centrourbano.com\\\/revista\\\/construccion\\\/completan-fusion-lafarge-y-holcim\\\/#breadcrumb\"},\"inLanguage\":\"es\",\"potentialAction\":[{\"@type\":\"ReadAction\",\"target\":[\"https:\\\/\\\/centrourbano.com\\\/revista\\\/construccion\\\/completan-fusion-lafarge-y-holcim\\\/\"]}]},{\"@type\":\"ImageObject\",\"inLanguage\":\"es\",\"@id\":\"https:\\\/\\\/centrourbano.com\\\/revista\\\/construccion\\\/completan-fusion-lafarge-y-holcim\\\/#primaryimage\",\"url\":\"https:\\\/\\\/centrourbano.com\\\/revista\\\/wp-content\\\/uploads\\\/f0e2a87fd36d3ce9f69c0b163b6f911f.jpeg\",\"contentUrl\":\"https:\\\/\\\/centrourbano.com\\\/revista\\\/wp-content\\\/uploads\\\/f0e2a87fd36d3ce9f69c0b163b6f911f.jpeg\",\"width\":630,\"height\":385},{\"@type\":\"BreadcrumbList\",\"@id\":\"https:\\\/\\\/centrourbano.com\\\/revista\\\/construccion\\\/completan-fusion-lafarge-y-holcim\\\/#breadcrumb\",\"itemListElement\":[{\"@type\":\"ListItem\",\"position\":1,\"name\":\"Portada\",\"item\":\"https:\\\/\\\/centrourbano.com\\\/revista\\\/\"},{\"@type\":\"ListItem\",\"position\":2,\"name\":\"Completan fusi\u00f3n Lafarge y Holcim\"}]},{\"@type\":\"WebSite\",\"@id\":\"https:\\\/\\\/centrourbano.com\\\/revista\\\/#website\",\"url\":\"https:\\\/\\\/centrourbano.com\\\/revista\\\/\",\"name\":\"Centro Urbano\",\"description\":\"Medio especializado en los sectores vivienda, inmobiliario, construcci\u00f3n, arquitectura y urbanismo.\",\"publisher\":{\"@id\":\"https:\\\/\\\/centrourbano.com\\\/revista\\\/#organization\"},\"potentialAction\":[{\"@type\":\"SearchAction\",\"target\":{\"@type\":\"EntryPoint\",\"urlTemplate\":\"https:\\\/\\\/centrourbano.com\\\/revista\\\/?s={search_term_string}\"},\"query-input\":{\"@type\":\"PropertyValueSpecification\",\"valueRequired\":true,\"valueName\":\"search_term_string\"}}],\"inLanguage\":\"es\"},{\"@type\":\"Organization\",\"@id\":\"https:\\\/\\\/centrourbano.com\\\/revista\\\/#organization\",\"name\":\"Centro Urbano\",\"url\":\"https:\\\/\\\/centrourbano.com\\\/revista\\\/\",\"logo\":{\"@type\":\"ImageObject\",\"inLanguage\":\"es\",\"@id\":\"https:\\\/\\\/centrourbano.com\\\/revista\\\/#\\\/schema\\\/logo\\\/image\\\/\",\"url\":\"https:\\\/\\\/centrourbano.com\\\/revista\\\/wp-content\\\/uploads\\\/web_CU_logo-1.png\",\"contentUrl\":\"https:\\\/\\\/centrourbano.com\\\/revista\\\/wp-content\\\/uploads\\\/web_CU_logo-1.png\",\"width\":350,\"height\":91,\"caption\":\"Centro Urbano\"},\"image\":{\"@id\":\"https:\\\/\\\/centrourbano.com\\\/revista\\\/#\\\/schema\\\/logo\\\/image\\\/\"},\"sameAs\":[\"https:\\\/\\\/www.facebook.com\\\/portalcentrourbano\",\"https:\\\/\\\/x.com\\\/CentroUrbano\",\"https:\\\/\\\/www.instagram.com\\\/centro_urbano\\\/\",\"https:\\\/\\\/www.linkedin.com\\\/company\\\/centro-urbano\\\/\",\"http:\\\/\\\/www.youtube.com\\\/user\\\/portalcentrourbano\"]},{\"@type\":\"Person\",\"@id\":\"https:\\\/\\\/centrourbano.com\\\/revista\\\/#\\\/schema\\\/person\\\/b45db815d96831257ba428a3d5a5fbdc\",\"name\":\"Dinorah Nava\",\"image\":{\"@type\":\"ImageObject\",\"inLanguage\":\"es\",\"@id\":\"https:\\\/\\\/secure.gravatar.com\\\/avatar\\\/f6ca6430c51d147f363940f84e1225aa4b8183885c11802cc3b042305a4ecc1a?s=96&d=mm&r=g\",\"url\":\"https:\\\/\\\/secure.gravatar.com\\\/avatar\\\/f6ca6430c51d147f363940f84e1225aa4b8183885c11802cc3b042305a4ecc1a?s=96&d=mm&r=g\",\"contentUrl\":\"https:\\\/\\\/secure.gravatar.com\\\/avatar\\\/f6ca6430c51d147f363940f84e1225aa4b8183885c11802cc3b042305a4ecc1a?s=96&d=mm&r=g\",\"caption\":\"Dinorah Nava\"},\"description\":\"Editora de Contenidos y Estrategias Digitales en Centro Urbano y Coeditora en Peri\u00f3dico Mi Casa. Egresada de la licenciatura en Comunicaci\u00f3n y Periodismo de la Facultad de Estudios Superiores Arag\u00f3n (UNAM). Amante de la edici\u00f3n y correcci\u00f3n de estilo, las redes sociales y el mundo digital. Especialista en temas son arquitectura, inmobiliario y urbanismo.\",\"sameAs\":[\"linkedin.com\\\/in\\\/dinorah-nava\",\"https:\\\/\\\/x.com\\\/https:\\\/\\\/twitter.com\\\/Dinorah_Nava28\"],\"url\":\"https:\\\/\\\/centrourbano.com\\\/revista\\\/author\\\/dinorah-nava\\\/\"}]}<\/script>\n<!-- \/ Yoast SEO plugin. -->","yoast_head_json":{"title":"Completan fusi\u00f3n Lafarge y Holcim -","description":"Crean de manera oficial la empresa\u00a0LafargeHolcim, nuevo l\u00edder en la industria de materiales para la construcci\u00f3n Tras completar exitosamente la oferta","robots":{"index":"index","follow":"follow","max-snippet":"max-snippet:-1","max-image-preview":"max-image-preview:large","max-video-preview":"max-video-preview:-1"},"canonical":"https:\/\/centrourbano.com\/revista\/construccion\/completan-fusion-lafarge-y-holcim\/","og_locale":"es_ES","og_type":"article","og_title":"Completan fusi\u00f3n Lafarge y Holcim -","og_description":"Crean de manera oficial la empresa\u00a0LafargeHolcim, nuevo l\u00edder en la industria de materiales para la construcci\u00f3n Tras completar exitosamente la oferta","og_url":"https:\/\/centrourbano.com\/revista\/construccion\/completan-fusion-lafarge-y-holcim\/","og_site_name":"Centro Urbano","article_publisher":"https:\/\/www.facebook.com\/portalcentrourbano","article_published_time":"2015-07-13T14:00:34+00:00","article_modified_time":"2015-07-13T20:35:11+00:00","og_image":[{"width":630,"height":385,"url":"https:\/\/centrourbano.com\/revista\/wp-content\/uploads\/f0e2a87fd36d3ce9f69c0b163b6f911f.jpeg","type":"image\/jpeg"}],"author":"Dinorah Nava","twitter_card":"summary_large_image","twitter_creator":"@https:\/\/twitter.com\/Dinorah_Nava28","twitter_site":"@CentroUrbano","twitter_misc":{"Escrito por":"Dinorah Nava","Tiempo de lectura":"3 minutos"},"schema":{"@context":"https:\/\/schema.org","@graph":[{"@type":"Article","@id":"https:\/\/centrourbano.com\/revista\/construccion\/completan-fusion-lafarge-y-holcim\/#article","isPartOf":{"@id":"https:\/\/centrourbano.com\/revista\/construccion\/completan-fusion-lafarge-y-holcim\/"},"author":{"name":"Dinorah Nava","@id":"https:\/\/centrourbano.com\/revista\/#\/schema\/person\/b45db815d96831257ba428a3d5a5fbdc"},"headline":"Completan fusi\u00f3n Lafarge y Holcim","datePublished":"2015-07-13T14:00:34+00:00","dateModified":"2015-07-13T20:35:11+00:00","mainEntityOfPage":{"@id":"https:\/\/centrourbano.com\/revista\/construccion\/completan-fusion-lafarge-y-holcim\/"},"wordCount":539,"commentCount":0,"publisher":{"@id":"https:\/\/centrourbano.com\/revista\/#organization"},"image":{"@id":"https:\/\/centrourbano.com\/revista\/construccion\/completan-fusion-lafarge-y-holcim\/#primaryimage"},"thumbnailUrl":"https:\/\/centrourbano.com\/revista\/wp-content\/uploads\/f0e2a87fd36d3ce9f69c0b163b6f911f.jpeg","keywords":["cemento","concreto","construcci\u00f3n","Holcim","Lafarge","LafargeHolcim","materiales de construcci\u00f3n"],"articleSection":["Construcci\u00f3n"],"inLanguage":"es","potentialAction":[{"@type":"CommentAction","name":"Comment","target":["https:\/\/centrourbano.com\/revista\/construccion\/completan-fusion-lafarge-y-holcim\/#respond"]}]},{"@type":"WebPage","@id":"https:\/\/centrourbano.com\/revista\/construccion\/completan-fusion-lafarge-y-holcim\/","url":"https:\/\/centrourbano.com\/revista\/construccion\/completan-fusion-lafarge-y-holcim\/","name":"Completan fusi\u00f3n Lafarge y Holcim -","isPartOf":{"@id":"https:\/\/centrourbano.com\/revista\/#website"},"primaryImageOfPage":{"@id":"https:\/\/centrourbano.com\/revista\/construccion\/completan-fusion-lafarge-y-holcim\/#primaryimage"},"image":{"@id":"https:\/\/centrourbano.com\/revista\/construccion\/completan-fusion-lafarge-y-holcim\/#primaryimage"},"thumbnailUrl":"https:\/\/centrourbano.com\/revista\/wp-content\/uploads\/f0e2a87fd36d3ce9f69c0b163b6f911f.jpeg","datePublished":"2015-07-13T14:00:34+00:00","dateModified":"2015-07-13T20:35:11+00:00","description":"Crean de manera oficial la empresa\u00a0LafargeHolcim, nuevo l\u00edder en la industria de materiales para la construcci\u00f3n Tras completar exitosamente la oferta","breadcrumb":{"@id":"https:\/\/centrourbano.com\/revista\/construccion\/completan-fusion-lafarge-y-holcim\/#breadcrumb"},"inLanguage":"es","potentialAction":[{"@type":"ReadAction","target":["https:\/\/centrourbano.com\/revista\/construccion\/completan-fusion-lafarge-y-holcim\/"]}]},{"@type":"ImageObject","inLanguage":"es","@id":"https:\/\/centrourbano.com\/revista\/construccion\/completan-fusion-lafarge-y-holcim\/#primaryimage","url":"https:\/\/centrourbano.com\/revista\/wp-content\/uploads\/f0e2a87fd36d3ce9f69c0b163b6f911f.jpeg","contentUrl":"https:\/\/centrourbano.com\/revista\/wp-content\/uploads\/f0e2a87fd36d3ce9f69c0b163b6f911f.jpeg","width":630,"height":385},{"@type":"BreadcrumbList","@id":"https:\/\/centrourbano.com\/revista\/construccion\/completan-fusion-lafarge-y-holcim\/#breadcrumb","itemListElement":[{"@type":"ListItem","position":1,"name":"Portada","item":"https:\/\/centrourbano.com\/revista\/"},{"@type":"ListItem","position":2,"name":"Completan fusi\u00f3n Lafarge y Holcim"}]},{"@type":"WebSite","@id":"https:\/\/centrourbano.com\/revista\/#website","url":"https:\/\/centrourbano.com\/revista\/","name":"Centro Urbano","description":"Medio especializado en los sectores vivienda, inmobiliario, construcci\u00f3n, arquitectura y urbanismo.","publisher":{"@id":"https:\/\/centrourbano.com\/revista\/#organization"},"potentialAction":[{"@type":"SearchAction","target":{"@type":"EntryPoint","urlTemplate":"https:\/\/centrourbano.com\/revista\/?s={search_term_string}"},"query-input":{"@type":"PropertyValueSpecification","valueRequired":true,"valueName":"search_term_string"}}],"inLanguage":"es"},{"@type":"Organization","@id":"https:\/\/centrourbano.com\/revista\/#organization","name":"Centro Urbano","url":"https:\/\/centrourbano.com\/revista\/","logo":{"@type":"ImageObject","inLanguage":"es","@id":"https:\/\/centrourbano.com\/revista\/#\/schema\/logo\/image\/","url":"https:\/\/centrourbano.com\/revista\/wp-content\/uploads\/web_CU_logo-1.png","contentUrl":"https:\/\/centrourbano.com\/revista\/wp-content\/uploads\/web_CU_logo-1.png","width":350,"height":91,"caption":"Centro Urbano"},"image":{"@id":"https:\/\/centrourbano.com\/revista\/#\/schema\/logo\/image\/"},"sameAs":["https:\/\/www.facebook.com\/portalcentrourbano","https:\/\/x.com\/CentroUrbano","https:\/\/www.instagram.com\/centro_urbano\/","https:\/\/www.linkedin.com\/company\/centro-urbano\/","http:\/\/www.youtube.com\/user\/portalcentrourbano"]},{"@type":"Person","@id":"https:\/\/centrourbano.com\/revista\/#\/schema\/person\/b45db815d96831257ba428a3d5a5fbdc","name":"Dinorah Nava","image":{"@type":"ImageObject","inLanguage":"es","@id":"https:\/\/secure.gravatar.com\/avatar\/f6ca6430c51d147f363940f84e1225aa4b8183885c11802cc3b042305a4ecc1a?s=96&d=mm&r=g","url":"https:\/\/secure.gravatar.com\/avatar\/f6ca6430c51d147f363940f84e1225aa4b8183885c11802cc3b042305a4ecc1a?s=96&d=mm&r=g","contentUrl":"https:\/\/secure.gravatar.com\/avatar\/f6ca6430c51d147f363940f84e1225aa4b8183885c11802cc3b042305a4ecc1a?s=96&d=mm&r=g","caption":"Dinorah Nava"},"description":"Editora de Contenidos y Estrategias Digitales en Centro Urbano y Coeditora en Peri\u00f3dico Mi Casa. Egresada de la licenciatura en Comunicaci\u00f3n y Periodismo de la Facultad de Estudios Superiores Arag\u00f3n (UNAM). Amante de la edici\u00f3n y correcci\u00f3n de estilo, las redes sociales y el mundo digital. Especialista en temas son arquitectura, inmobiliario y urbanismo.","sameAs":["linkedin.com\/in\/dinorah-nava","https:\/\/x.com\/https:\/\/twitter.com\/Dinorah_Nava28"],"url":"https:\/\/centrourbano.com\/revista\/author\/dinorah-nava\/"}]}},"_links":{"self":[{"href":"https:\/\/centrourbano.com\/revista\/wp-json\/wp\/v2\/posts\/20945","targetHints":{"allow":["GET"]}}],"collection":[{"href":"https:\/\/centrourbano.com\/revista\/wp-json\/wp\/v2\/posts"}],"about":[{"href":"https:\/\/centrourbano.com\/revista\/wp-json\/wp\/v2\/types\/post"}],"author":[{"embeddable":true,"href":"https:\/\/centrourbano.com\/revista\/wp-json\/wp\/v2\/users\/9"}],"replies":[{"embeddable":true,"href":"https:\/\/centrourbano.com\/revista\/wp-json\/wp\/v2\/comments?post=20945"}],"version-history":[{"count":0,"href":"https:\/\/centrourbano.com\/revista\/wp-json\/wp\/v2\/posts\/20945\/revisions"}],"wp:featuredmedia":[{"embeddable":true,"href":"https:\/\/centrourbano.com\/revista\/wp-json\/wp\/v2\/media\/20947"}],"wp:attachment":[{"href":"https:\/\/centrourbano.com\/revista\/wp-json\/wp\/v2\/media?parent=20945"}],"wp:term":[{"taxonomy":"category","embeddable":true,"href":"https:\/\/centrourbano.com\/revista\/wp-json\/wp\/v2\/categories?post=20945"},{"taxonomy":"post_tag","embeddable":true,"href":"https:\/\/centrourbano.com\/revista\/wp-json\/wp\/v2\/tags?post=20945"}],"curies":[{"name":"wp","href":"https:\/\/api.w.org\/{rel}","templated":true}]}}