{"id":2085,"date":"2013-12-26T09:00:27","date_gmt":"2013-12-26T15:00:27","guid":{"rendered":"http:\/\/centrourbano.com\/?p=2085"},"modified":"2014-03-20T11:26:24","modified_gmt":"2014-03-20T17:26:24","slug":"vista-desarrollos-edifica-exclusivo-fraccionamiento","status":"publish","type":"post","link":"https:\/\/centrourbano.com\/revista\/entrevistas\/vista-desarrollos-edifica-exclusivo-fraccionamiento\/","title":{"rendered":"Vista Desarrollos edifica exclusivo fraccionamiento"},"content":{"rendered":"<p style=\"text-align: left;\" align=\"center\"><em><span>Juan Carlos Poulat, gerente del proyecto ubicado en el Estado de M\u00e9xico, indic\u00f3 que la inversi\u00f3n proviene de la venta de las unidades a inversionistas, el acceso al cr\u00e9dito puente y capital propio<\/span><\/em><\/p>\n<p><b><!--more--><\/b><\/p>\n<p>&nbsp;<\/p>\n<p>&nbsp;<\/p>\n<p>Con una inversi\u00f3n de 6.5 millones de pesos, la firma Vista Desarrollos expande su marca Vista Sol en un proyecto ubicado en Huixquilucan, Estado de M\u00e9xico, con capacidad para albergar a 38 familias.<\/p>\n<p>&nbsp;<\/p>\n<p>Se trata de un fraccionamiento distribuido en cuatro torres que cuenta con 30 departamentos de lujo, 4 Villas Jardines y 4 Penthouse, en un concepto exclusivo en la zona de Lomas Country Club.<\/p>\n<p><b>\u00a0<\/b><\/p>\n<p>\u201cEs un concepto que ha gustado mucho en el mercado, es el cuarto desarrollo de este tipo, de la familia de Vista Sol de los cuales ya tenemos cuatro desarrollos\u201d, expres\u00f3 Juan Carlos Poulat.<\/p>\n<p>&nbsp;<\/p>\n<p>De acuerdo con el Gerente del desarrollo Vista Sol Lomas Country, parte de la inversi\u00f3n destinada a este proyecto proviene de la venta de las unidades a inversionistas, otra del acceso al cr\u00e9dito puente y finalmente de capital propio.<\/p>\n<p>&nbsp;<\/p>\n<p>Destac\u00f3 que tras 18 meses de trabajo el proyecto reporta un avance de obra a septiembre de este a\u00f1o de 90 por ciento, las primeras torres C y D, se espera est\u00e9n listas a finales de a\u00f1o; mientras que las torres A y B se entregar\u00e1n en junio de 2014.<\/p>\n<p>&nbsp;<\/p>\n<p>Respecto a la demanda que han tenido los inmuebles, indic\u00f3 que la primera entrega se espera realizar en marzo de 2014, sin embargo, en un escenario menos optimista y de acuerdo con las condiciones de mercado y los cambios en la Reforma hacendar\u00eda, la venta del 100% de las unidades podr\u00edan cerrar en el mes de septiembre del pr\u00f3ximo a\u00f1o.<\/p>\n<p>&nbsp;<\/p>\n<p>El fraccionamiento cuenta con 30 unidades de las cuales se tienen 16 de departamentos de lujo de 216 metros cuadrados y 14 m\u00e1s de 245 metros cuadrados.<\/p>\n<p>&nbsp;<\/p>\n<p>En tanto, las denominadas Villas Jardines, cuya caracter\u00edstica principal son sus \u00e1reas verdes, van desde los 244 metros cuadrados hasta los 283 metros cuadrados.<\/p>\n<p>&nbsp;<\/p>\n<p>Finalmente, los Penthouse de dos niveles cuentan con una extensi\u00f3n de 374 hasta 424 metros cuadrados.<\/p>\n<p>&nbsp;<\/p>\n<p>Precis\u00f3 que en cada torre existen tres tipos de departamento, las Villas Jardines se encuentran en la parte inferior, departamentos con acceso a un jard\u00edn privado; le sigue el Departamento Tipo, dotado de una terraza; en tanto que en los \u00faltimos dos pisos se encuentra el Penthouse con vistas hacia el clubs de golf.<\/p>\n<p>&nbsp;<\/p>\n<p>\u201cSon departamentos de lujo con una vista extraordinaria, han gustado mucho por tener una buena iluminaci\u00f3n y una arquitectura de vanguardia\u201d, expres\u00f3 el Gerente del proyecto.<\/p>\n<p>&nbsp;<\/p>\n<p>En este sentido, agreg\u00f3 que el fraccionamiento posee aditamentos en materia de cuidado del agua, por lo que se cuenta con plantas de tratamiento que sirven para reutilizar el l\u00edquido en el riego de las \u00e1reas verdes as\u00ed como del club de golf.<\/p>\n<p>&nbsp;<\/p>\n<p>Asimismo, las instalaciones cuentan con la m\u00e1s alta tecnolog\u00eda, adem\u00e1s de que el dise\u00f1o arquitect\u00f3nico del desarrollo posee una iluminaci\u00f3n y ventilaci\u00f3n natural, lo que permite reducir de manera considerable el consumo de energ\u00eda.<\/p>\n<p>&nbsp;<\/p>\n<p>Para Juan Carlos Poulat uno de los retos que ha enfrentado ha sido la comercializaci\u00f3n del proyecto, esto debido a que al ser uno de los fraccionamientos m\u00e1s seguros no se encuentra a la vista de todos, pues adem\u00e1s tiene acceso restringido.<\/p>\n<p>&nbsp;<\/p>\n<p>El desarrollo no se encuentra \u201cen una calle donde pasa una gran cantidad de coches o mucha gente entonces hay que tener mucha creatividad en como promocionar, nos valimos de una red de asociados que nos ha funcionado para tener ahorita ya el 70% de departamentos vendidos\u201d, refiri\u00f3.<\/p>\n<p>&nbsp;<\/p>\n<p>El precio de los departamentos oscila en los 5 millones de pesos el m\u00e1s econ\u00f3mico, en tanto que el costo de los m\u00e1s exclusivos ronda los 8 millones de pesos.<\/p>\n<p>&nbsp;<\/p>\n<p>Detall\u00f3 que para quienes est\u00e9n interesados en adquirir una propiedad de Vista Sol Lomas Country se puede realizar la compra de contado con un enganche de 70 por ciento, mientras que el resto, es decir el 30 por ciento, ser realiza a la entrega del departamento.<\/p>\n<p>&nbsp;<\/p>\n<p>Otra forma de pago es otorgar el 40 por ciento a la firma del contrato; 30 por ciento durante los meses que dure la obra y, finalmente, 30 por ciento a la entrega del departamento.<\/p>\n<p>&nbsp;<\/p>\n<p>Tras el \u00e9xito de Vista Sol Lomas Country, la firma se encuentra trabajando en el mismo fraccionamiento para desarrollar otro proyecto de este tipo, del cual ya se tiene la reserva territorial que van a ser departamentos un poquito m\u00e1s grandes bajo el mismo concepto.<\/p>\n<p>&nbsp;<\/p>\n<p>Pese a los cambios estructurales que se viven M\u00e9xico, Juan Carlos Poulat dijo que mantiene una perspectiva positiva para el sector de la construcci\u00f3n, el cual aporta un alto porcentaje en materia de empleos y de crecimiento para pa\u00eds.<\/p>\n<p>&nbsp;<\/p>\n<p>\u201cCreo que tanto para la ciudad de M\u00e9xico como para otras ciudades el crecimiento es alto, el mercado inmobiliario va a seguir creciendo porque hay muchos sectores desatendidos y porque se est\u00e1 generando muchas oportunidades en este pa\u00eds para seguir desarrollando, el pa\u00eds es una econom\u00eda emergente que tiene todav\u00eda mucho potencial\u201d, finaliz\u00f3.<\/p>\n<p>&nbsp;<\/p>\n<p><b>CIFRAS:<\/b><\/p>\n<p>6.5 millones de pesos es la inversi\u00f3n destinada al proyecto<\/p>\n<p>30 departamentos de lujo lo componen<\/p>\n<p>4 Villas Jardines y 4 Penthouse tendr\u00e1<\/p>\n","protected":false},"excerpt":{"rendered":"<p>Juan Carlos Poulat, gerente del proyecto ubicado en el Estado de M\u00e9xico, indic\u00f3 que la inversi\u00f3n proviene de la venta de las unidades a inversionistas, el acceso al cr\u00e9dito puente y capital propio<\/p>\n","protected":false},"author":8,"featured_media":16826,"comment_status":"open","ping_status":"closed","sticky":false,"template":"","format":"standard","meta":{"om_disable_all_campaigns":false,"inline_featured_image":false,"_monsterinsights_skip_tracking":false,"_monsterinsights_sitenote_active":false,"_monsterinsights_sitenote_note":"","_monsterinsights_sitenote_category":0,"footnotes":""},"categories":[13],"tags":[],"class_list":["post-2085","post","type-post","status-publish","format-standard","has-post-thumbnail","hentry","category-entrevistas"],"yoast_head":"<!-- This site is optimized with the Yoast SEO plugin v27.4 - https:\/\/yoast.com\/product\/yoast-seo-wordpress\/ -->\n<title>Vista Desarrollos edifica exclusivo fraccionamiento -<\/title>\n<meta name=\"description\" content=\"Juan Carlos Poulat, gerente del proyecto ubicado en el Estado de M\u00e9xico, indic\u00f3 que la inversi\u00f3n proviene de la venta de las unidades a inversionistas, el\" \/>\n<meta name=\"robots\" content=\"index, follow, max-snippet:-1, max-image-preview:large, max-video-preview:-1\" \/>\n<link rel=\"canonical\" href=\"https:\/\/centrourbano.com\/revista\/entrevistas\/vista-desarrollos-edifica-exclusivo-fraccionamiento\/\" \/>\n<meta property=\"og:locale\" content=\"es_ES\" \/>\n<meta property=\"og:type\" content=\"article\" \/>\n<meta property=\"og:title\" content=\"Vista Desarrollos edifica exclusivo fraccionamiento -\" \/>\n<meta property=\"og:description\" content=\"Juan Carlos Poulat, gerente del proyecto ubicado en el Estado de M\u00e9xico, indic\u00f3 que la inversi\u00f3n proviene de la venta de las unidades a inversionistas, el\" \/>\n<meta property=\"og:url\" content=\"https:\/\/centrourbano.com\/revista\/entrevistas\/vista-desarrollos-edifica-exclusivo-fraccionamiento\/\" \/>\n<meta property=\"og:site_name\" content=\"Centro Urbano\" \/>\n<meta property=\"article:publisher\" content=\"https:\/\/www.facebook.com\/portalcentrourbano\" \/>\n<meta property=\"article:published_time\" content=\"2013-12-26T15:00:27+00:00\" \/>\n<meta property=\"article:modified_time\" content=\"2014-03-20T17:26:24+00:00\" \/>\n<meta property=\"og:image\" content=\"https:\/\/centrourbano.com\/revista\/wp-content\/uploads\/Juan-Carlos-Poulat-gerente-del-Proyecto-de-Vista-Sol-Lomas-Country1.jpg\" \/>\n\t<meta property=\"og:image:width\" content=\"270\" \/>\n\t<meta property=\"og:image:height\" content=\"200\" \/>\n\t<meta property=\"og:image:type\" content=\"image\/jpeg\" \/>\n<meta name=\"author\" content=\"Miriam Ram\u00edrez\" \/>\n<meta name=\"twitter:card\" content=\"summary_large_image\" \/>\n<meta name=\"twitter:creator\" content=\"@CentroUrbano\" \/>\n<meta name=\"twitter:site\" content=\"@CentroUrbano\" \/>\n<meta name=\"twitter:label1\" content=\"Escrito por\" \/>\n\t<meta name=\"twitter:data1\" content=\"Miriam Ram\u00edrez\" \/>\n\t<meta name=\"twitter:label2\" content=\"Tiempo de lectura\" \/>\n\t<meta name=\"twitter:data2\" content=\"5 minutos\" \/>\n<script type=\"application\/ld+json\" class=\"yoast-schema-graph\">{\"@context\":\"https:\\\/\\\/schema.org\",\"@graph\":[{\"@type\":\"Article\",\"@id\":\"https:\\\/\\\/centrourbano.com\\\/revista\\\/entrevistas\\\/vista-desarrollos-edifica-exclusivo-fraccionamiento\\\/#article\",\"isPartOf\":{\"@id\":\"https:\\\/\\\/centrourbano.com\\\/revista\\\/entrevistas\\\/vista-desarrollos-edifica-exclusivo-fraccionamiento\\\/\"},\"author\":{\"name\":\"Miriam Ram\u00edrez\",\"@id\":\"https:\\\/\\\/centrourbano.com\\\/revista\\\/#\\\/schema\\\/person\\\/8e96e5650a1f301864840f24693d98b6\"},\"headline\":\"Vista Desarrollos edifica exclusivo fraccionamiento\",\"datePublished\":\"2013-12-26T15:00:27+00:00\",\"dateModified\":\"2014-03-20T17:26:24+00:00\",\"mainEntityOfPage\":{\"@id\":\"https:\\\/\\\/centrourbano.com\\\/revista\\\/entrevistas\\\/vista-desarrollos-edifica-exclusivo-fraccionamiento\\\/\"},\"wordCount\":910,\"commentCount\":0,\"publisher\":{\"@id\":\"https:\\\/\\\/centrourbano.com\\\/revista\\\/#organization\"},\"image\":{\"@id\":\"https:\\\/\\\/centrourbano.com\\\/revista\\\/entrevistas\\\/vista-desarrollos-edifica-exclusivo-fraccionamiento\\\/#primaryimage\"},\"thumbnailUrl\":\"https:\\\/\\\/centrourbano.com\\\/revista\\\/wp-content\\\/uploads\\\/Juan-Carlos-Poulat-gerente-del-Proyecto-de-Vista-Sol-Lomas-Country1.jpg\",\"articleSection\":[\"Entrevistas\"],\"inLanguage\":\"es\",\"potentialAction\":[{\"@type\":\"CommentAction\",\"name\":\"Comment\",\"target\":[\"https:\\\/\\\/centrourbano.com\\\/revista\\\/entrevistas\\\/vista-desarrollos-edifica-exclusivo-fraccionamiento\\\/#respond\"]}]},{\"@type\":\"WebPage\",\"@id\":\"https:\\\/\\\/centrourbano.com\\\/revista\\\/entrevistas\\\/vista-desarrollos-edifica-exclusivo-fraccionamiento\\\/\",\"url\":\"https:\\\/\\\/centrourbano.com\\\/revista\\\/entrevistas\\\/vista-desarrollos-edifica-exclusivo-fraccionamiento\\\/\",\"name\":\"Vista Desarrollos edifica exclusivo fraccionamiento -\",\"isPartOf\":{\"@id\":\"https:\\\/\\\/centrourbano.com\\\/revista\\\/#website\"},\"primaryImageOfPage\":{\"@id\":\"https:\\\/\\\/centrourbano.com\\\/revista\\\/entrevistas\\\/vista-desarrollos-edifica-exclusivo-fraccionamiento\\\/#primaryimage\"},\"image\":{\"@id\":\"https:\\\/\\\/centrourbano.com\\\/revista\\\/entrevistas\\\/vista-desarrollos-edifica-exclusivo-fraccionamiento\\\/#primaryimage\"},\"thumbnailUrl\":\"https:\\\/\\\/centrourbano.com\\\/revista\\\/wp-content\\\/uploads\\\/Juan-Carlos-Poulat-gerente-del-Proyecto-de-Vista-Sol-Lomas-Country1.jpg\",\"datePublished\":\"2013-12-26T15:00:27+00:00\",\"dateModified\":\"2014-03-20T17:26:24+00:00\",\"description\":\"Juan Carlos Poulat, gerente del proyecto ubicado en el Estado de M\u00e9xico, indic\u00f3 que la inversi\u00f3n proviene de la venta de las unidades a inversionistas, el\",\"breadcrumb\":{\"@id\":\"https:\\\/\\\/centrourbano.com\\\/revista\\\/entrevistas\\\/vista-desarrollos-edifica-exclusivo-fraccionamiento\\\/#breadcrumb\"},\"inLanguage\":\"es\",\"potentialAction\":[{\"@type\":\"ReadAction\",\"target\":[\"https:\\\/\\\/centrourbano.com\\\/revista\\\/entrevistas\\\/vista-desarrollos-edifica-exclusivo-fraccionamiento\\\/\"]}]},{\"@type\":\"ImageObject\",\"inLanguage\":\"es\",\"@id\":\"https:\\\/\\\/centrourbano.com\\\/revista\\\/entrevistas\\\/vista-desarrollos-edifica-exclusivo-fraccionamiento\\\/#primaryimage\",\"url\":\"https:\\\/\\\/centrourbano.com\\\/revista\\\/wp-content\\\/uploads\\\/Juan-Carlos-Poulat-gerente-del-Proyecto-de-Vista-Sol-Lomas-Country1.jpg\",\"contentUrl\":\"https:\\\/\\\/centrourbano.com\\\/revista\\\/wp-content\\\/uploads\\\/Juan-Carlos-Poulat-gerente-del-Proyecto-de-Vista-Sol-Lomas-Country1.jpg\",\"width\":270,\"height\":200},{\"@type\":\"BreadcrumbList\",\"@id\":\"https:\\\/\\\/centrourbano.com\\\/revista\\\/entrevistas\\\/vista-desarrollos-edifica-exclusivo-fraccionamiento\\\/#breadcrumb\",\"itemListElement\":[{\"@type\":\"ListItem\",\"position\":1,\"name\":\"Portada\",\"item\":\"https:\\\/\\\/centrourbano.com\\\/revista\\\/\"},{\"@type\":\"ListItem\",\"position\":2,\"name\":\"Vista Desarrollos edifica exclusivo fraccionamiento\"}]},{\"@type\":\"WebSite\",\"@id\":\"https:\\\/\\\/centrourbano.com\\\/revista\\\/#website\",\"url\":\"https:\\\/\\\/centrourbano.com\\\/revista\\\/\",\"name\":\"Centro Urbano\",\"description\":\"Medio especializado en los sectores vivienda, inmobiliario, construcci\u00f3n, arquitectura y urbanismo.\",\"publisher\":{\"@id\":\"https:\\\/\\\/centrourbano.com\\\/revista\\\/#organization\"},\"potentialAction\":[{\"@type\":\"SearchAction\",\"target\":{\"@type\":\"EntryPoint\",\"urlTemplate\":\"https:\\\/\\\/centrourbano.com\\\/revista\\\/?s={search_term_string}\"},\"query-input\":{\"@type\":\"PropertyValueSpecification\",\"valueRequired\":true,\"valueName\":\"search_term_string\"}}],\"inLanguage\":\"es\"},{\"@type\":\"Organization\",\"@id\":\"https:\\\/\\\/centrourbano.com\\\/revista\\\/#organization\",\"name\":\"Centro Urbano\",\"url\":\"https:\\\/\\\/centrourbano.com\\\/revista\\\/\",\"logo\":{\"@type\":\"ImageObject\",\"inLanguage\":\"es\",\"@id\":\"https:\\\/\\\/centrourbano.com\\\/revista\\\/#\\\/schema\\\/logo\\\/image\\\/\",\"url\":\"https:\\\/\\\/centrourbano.com\\\/revista\\\/wp-content\\\/uploads\\\/web_CU_logo-1.png\",\"contentUrl\":\"https:\\\/\\\/centrourbano.com\\\/revista\\\/wp-content\\\/uploads\\\/web_CU_logo-1.png\",\"width\":350,\"height\":91,\"caption\":\"Centro Urbano\"},\"image\":{\"@id\":\"https:\\\/\\\/centrourbano.com\\\/revista\\\/#\\\/schema\\\/logo\\\/image\\\/\"},\"sameAs\":[\"https:\\\/\\\/www.facebook.com\\\/portalcentrourbano\",\"https:\\\/\\\/x.com\\\/CentroUrbano\",\"https:\\\/\\\/www.instagram.com\\\/centro_urbano\\\/\",\"https:\\\/\\\/www.linkedin.com\\\/company\\\/centro-urbano\\\/\",\"http:\\\/\\\/www.youtube.com\\\/user\\\/portalcentrourbano\"]},{\"@type\":\"Person\",\"@id\":\"https:\\\/\\\/centrourbano.com\\\/revista\\\/#\\\/schema\\\/person\\\/8e96e5650a1f301864840f24693d98b6\",\"name\":\"Miriam Ram\u00edrez\",\"image\":{\"@type\":\"ImageObject\",\"inLanguage\":\"es\",\"@id\":\"https:\\\/\\\/secure.gravatar.com\\\/avatar\\\/52e1e49302f0128090863d692f98b177207156043d7f590fa6a3f55395c77a19?s=96&d=mm&r=g\",\"url\":\"https:\\\/\\\/secure.gravatar.com\\\/avatar\\\/52e1e49302f0128090863d692f98b177207156043d7f590fa6a3f55395c77a19?s=96&d=mm&r=g\",\"contentUrl\":\"https:\\\/\\\/secure.gravatar.com\\\/avatar\\\/52e1e49302f0128090863d692f98b177207156043d7f590fa6a3f55395c77a19?s=96&d=mm&r=g\",\"caption\":\"Miriam Ram\u00edrez\"},\"description\":\"Egresada de la FES Arag\u00f3n, UNAM; con experiencia en el ramo agropecuario en el suplemento AgroXXI de Milenio, hoy desde Centro Urbano reporta las noticias con temas que ata\u00f1en a las grandes ramas de la industria habitacional como el sector inmobiliario, hipotecario y vivienda; le apasiona todo aquello que vale la pena: la escritura, la m\u00fasica y la lectura.\",\"sameAs\":[\"http:\\\/\\\/@MiriamR_CU\"],\"url\":\"https:\\\/\\\/centrourbano.com\\\/revista\\\/author\\\/miriam-ramirez\\\/\"}]}<\/script>\n<!-- \/ Yoast SEO plugin. -->","yoast_head_json":{"title":"Vista Desarrollos edifica exclusivo fraccionamiento -","description":"Juan Carlos Poulat, gerente del proyecto ubicado en el Estado de M\u00e9xico, indic\u00f3 que la inversi\u00f3n proviene de la venta de las unidades a inversionistas, el","robots":{"index":"index","follow":"follow","max-snippet":"max-snippet:-1","max-image-preview":"max-image-preview:large","max-video-preview":"max-video-preview:-1"},"canonical":"https:\/\/centrourbano.com\/revista\/entrevistas\/vista-desarrollos-edifica-exclusivo-fraccionamiento\/","og_locale":"es_ES","og_type":"article","og_title":"Vista Desarrollos edifica exclusivo fraccionamiento -","og_description":"Juan Carlos Poulat, gerente del proyecto ubicado en el Estado de M\u00e9xico, indic\u00f3 que la inversi\u00f3n proviene de la venta de las unidades a inversionistas, el","og_url":"https:\/\/centrourbano.com\/revista\/entrevistas\/vista-desarrollos-edifica-exclusivo-fraccionamiento\/","og_site_name":"Centro Urbano","article_publisher":"https:\/\/www.facebook.com\/portalcentrourbano","article_published_time":"2013-12-26T15:00:27+00:00","article_modified_time":"2014-03-20T17:26:24+00:00","og_image":[{"width":270,"height":200,"url":"https:\/\/centrourbano.com\/revista\/wp-content\/uploads\/Juan-Carlos-Poulat-gerente-del-Proyecto-de-Vista-Sol-Lomas-Country1.jpg","type":"image\/jpeg"}],"author":"Miriam Ram\u00edrez","twitter_card":"summary_large_image","twitter_creator":"@CentroUrbano","twitter_site":"@CentroUrbano","twitter_misc":{"Escrito por":"Miriam Ram\u00edrez","Tiempo de lectura":"5 minutos"},"schema":{"@context":"https:\/\/schema.org","@graph":[{"@type":"Article","@id":"https:\/\/centrourbano.com\/revista\/entrevistas\/vista-desarrollos-edifica-exclusivo-fraccionamiento\/#article","isPartOf":{"@id":"https:\/\/centrourbano.com\/revista\/entrevistas\/vista-desarrollos-edifica-exclusivo-fraccionamiento\/"},"author":{"name":"Miriam Ram\u00edrez","@id":"https:\/\/centrourbano.com\/revista\/#\/schema\/person\/8e96e5650a1f301864840f24693d98b6"},"headline":"Vista Desarrollos edifica exclusivo fraccionamiento","datePublished":"2013-12-26T15:00:27+00:00","dateModified":"2014-03-20T17:26:24+00:00","mainEntityOfPage":{"@id":"https:\/\/centrourbano.com\/revista\/entrevistas\/vista-desarrollos-edifica-exclusivo-fraccionamiento\/"},"wordCount":910,"commentCount":0,"publisher":{"@id":"https:\/\/centrourbano.com\/revista\/#organization"},"image":{"@id":"https:\/\/centrourbano.com\/revista\/entrevistas\/vista-desarrollos-edifica-exclusivo-fraccionamiento\/#primaryimage"},"thumbnailUrl":"https:\/\/centrourbano.com\/revista\/wp-content\/uploads\/Juan-Carlos-Poulat-gerente-del-Proyecto-de-Vista-Sol-Lomas-Country1.jpg","articleSection":["Entrevistas"],"inLanguage":"es","potentialAction":[{"@type":"CommentAction","name":"Comment","target":["https:\/\/centrourbano.com\/revista\/entrevistas\/vista-desarrollos-edifica-exclusivo-fraccionamiento\/#respond"]}]},{"@type":"WebPage","@id":"https:\/\/centrourbano.com\/revista\/entrevistas\/vista-desarrollos-edifica-exclusivo-fraccionamiento\/","url":"https:\/\/centrourbano.com\/revista\/entrevistas\/vista-desarrollos-edifica-exclusivo-fraccionamiento\/","name":"Vista Desarrollos edifica exclusivo fraccionamiento -","isPartOf":{"@id":"https:\/\/centrourbano.com\/revista\/#website"},"primaryImageOfPage":{"@id":"https:\/\/centrourbano.com\/revista\/entrevistas\/vista-desarrollos-edifica-exclusivo-fraccionamiento\/#primaryimage"},"image":{"@id":"https:\/\/centrourbano.com\/revista\/entrevistas\/vista-desarrollos-edifica-exclusivo-fraccionamiento\/#primaryimage"},"thumbnailUrl":"https:\/\/centrourbano.com\/revista\/wp-content\/uploads\/Juan-Carlos-Poulat-gerente-del-Proyecto-de-Vista-Sol-Lomas-Country1.jpg","datePublished":"2013-12-26T15:00:27+00:00","dateModified":"2014-03-20T17:26:24+00:00","description":"Juan Carlos Poulat, gerente del proyecto ubicado en el Estado de M\u00e9xico, indic\u00f3 que la inversi\u00f3n proviene de la venta de las unidades a inversionistas, el","breadcrumb":{"@id":"https:\/\/centrourbano.com\/revista\/entrevistas\/vista-desarrollos-edifica-exclusivo-fraccionamiento\/#breadcrumb"},"inLanguage":"es","potentialAction":[{"@type":"ReadAction","target":["https:\/\/centrourbano.com\/revista\/entrevistas\/vista-desarrollos-edifica-exclusivo-fraccionamiento\/"]}]},{"@type":"ImageObject","inLanguage":"es","@id":"https:\/\/centrourbano.com\/revista\/entrevistas\/vista-desarrollos-edifica-exclusivo-fraccionamiento\/#primaryimage","url":"https:\/\/centrourbano.com\/revista\/wp-content\/uploads\/Juan-Carlos-Poulat-gerente-del-Proyecto-de-Vista-Sol-Lomas-Country1.jpg","contentUrl":"https:\/\/centrourbano.com\/revista\/wp-content\/uploads\/Juan-Carlos-Poulat-gerente-del-Proyecto-de-Vista-Sol-Lomas-Country1.jpg","width":270,"height":200},{"@type":"BreadcrumbList","@id":"https:\/\/centrourbano.com\/revista\/entrevistas\/vista-desarrollos-edifica-exclusivo-fraccionamiento\/#breadcrumb","itemListElement":[{"@type":"ListItem","position":1,"name":"Portada","item":"https:\/\/centrourbano.com\/revista\/"},{"@type":"ListItem","position":2,"name":"Vista Desarrollos edifica exclusivo fraccionamiento"}]},{"@type":"WebSite","@id":"https:\/\/centrourbano.com\/revista\/#website","url":"https:\/\/centrourbano.com\/revista\/","name":"Centro Urbano","description":"Medio especializado en los sectores vivienda, inmobiliario, construcci\u00f3n, arquitectura y urbanismo.","publisher":{"@id":"https:\/\/centrourbano.com\/revista\/#organization"},"potentialAction":[{"@type":"SearchAction","target":{"@type":"EntryPoint","urlTemplate":"https:\/\/centrourbano.com\/revista\/?s={search_term_string}"},"query-input":{"@type":"PropertyValueSpecification","valueRequired":true,"valueName":"search_term_string"}}],"inLanguage":"es"},{"@type":"Organization","@id":"https:\/\/centrourbano.com\/revista\/#organization","name":"Centro Urbano","url":"https:\/\/centrourbano.com\/revista\/","logo":{"@type":"ImageObject","inLanguage":"es","@id":"https:\/\/centrourbano.com\/revista\/#\/schema\/logo\/image\/","url":"https:\/\/centrourbano.com\/revista\/wp-content\/uploads\/web_CU_logo-1.png","contentUrl":"https:\/\/centrourbano.com\/revista\/wp-content\/uploads\/web_CU_logo-1.png","width":350,"height":91,"caption":"Centro Urbano"},"image":{"@id":"https:\/\/centrourbano.com\/revista\/#\/schema\/logo\/image\/"},"sameAs":["https:\/\/www.facebook.com\/portalcentrourbano","https:\/\/x.com\/CentroUrbano","https:\/\/www.instagram.com\/centro_urbano\/","https:\/\/www.linkedin.com\/company\/centro-urbano\/","http:\/\/www.youtube.com\/user\/portalcentrourbano"]},{"@type":"Person","@id":"https:\/\/centrourbano.com\/revista\/#\/schema\/person\/8e96e5650a1f301864840f24693d98b6","name":"Miriam Ram\u00edrez","image":{"@type":"ImageObject","inLanguage":"es","@id":"https:\/\/secure.gravatar.com\/avatar\/52e1e49302f0128090863d692f98b177207156043d7f590fa6a3f55395c77a19?s=96&d=mm&r=g","url":"https:\/\/secure.gravatar.com\/avatar\/52e1e49302f0128090863d692f98b177207156043d7f590fa6a3f55395c77a19?s=96&d=mm&r=g","contentUrl":"https:\/\/secure.gravatar.com\/avatar\/52e1e49302f0128090863d692f98b177207156043d7f590fa6a3f55395c77a19?s=96&d=mm&r=g","caption":"Miriam Ram\u00edrez"},"description":"Egresada de la FES Arag\u00f3n, UNAM; con experiencia en el ramo agropecuario en el suplemento AgroXXI de Milenio, hoy desde Centro Urbano reporta las noticias con temas que ata\u00f1en a las grandes ramas de la industria habitacional como el sector inmobiliario, hipotecario y vivienda; le apasiona todo aquello que vale la pena: la escritura, la m\u00fasica y la lectura.","sameAs":["http:\/\/@MiriamR_CU"],"url":"https:\/\/centrourbano.com\/revista\/author\/miriam-ramirez\/"}]}},"_links":{"self":[{"href":"https:\/\/centrourbano.com\/revista\/wp-json\/wp\/v2\/posts\/2085","targetHints":{"allow":["GET"]}}],"collection":[{"href":"https:\/\/centrourbano.com\/revista\/wp-json\/wp\/v2\/posts"}],"about":[{"href":"https:\/\/centrourbano.com\/revista\/wp-json\/wp\/v2\/types\/post"}],"author":[{"embeddable":true,"href":"https:\/\/centrourbano.com\/revista\/wp-json\/wp\/v2\/users\/8"}],"replies":[{"embeddable":true,"href":"https:\/\/centrourbano.com\/revista\/wp-json\/wp\/v2\/comments?post=2085"}],"version-history":[{"count":0,"href":"https:\/\/centrourbano.com\/revista\/wp-json\/wp\/v2\/posts\/2085\/revisions"}],"wp:featuredmedia":[{"embeddable":true,"href":"https:\/\/centrourbano.com\/revista\/wp-json\/wp\/v2\/media\/16826"}],"wp:attachment":[{"href":"https:\/\/centrourbano.com\/revista\/wp-json\/wp\/v2\/media?parent=2085"}],"wp:term":[{"taxonomy":"category","embeddable":true,"href":"https:\/\/centrourbano.com\/revista\/wp-json\/wp\/v2\/categories?post=2085"},{"taxonomy":"post_tag","embeddable":true,"href":"https:\/\/centrourbano.com\/revista\/wp-json\/wp\/v2\/tags?post=2085"}],"curies":[{"name":"wp","href":"https:\/\/api.w.org\/{rel}","templated":true}]}}