{"id":20731,"date":"2015-07-07T15:32:14","date_gmt":"2015-07-07T20:32:14","guid":{"rendered":"http:\/\/centrourbano.com\/?p=20731"},"modified":"2015-07-07T15:40:18","modified_gmt":"2015-07-07T20:40:18","slug":"realizaran-programa-piloto-para-reestructurar-creditos","status":"publish","type":"post","link":"https:\/\/centrourbano.com\/revista\/vivienda\/realizaran-programa-piloto-para-reestructurar-creditos\/","title":{"rendered":"Realizar\u00e1n Programa Piloto para reestructurar cr\u00e9ditos"},"content":{"rendered":"<p><em>Ser\u00e1n 150 mil cr\u00e9ditos los que se trabajar\u00e1n bajo el nuevo esquema en pesos<\/em><\/p>\n<p><!--more--><\/p>\n<p>A partir de hoy, el Instituto del Fondo Nacional de la Vivienda para los Trabajadores (Infonavit) har\u00e1 la implementaci\u00f3n de un programa piloto para que acreditados seleccionados mediante concurso, puedan modificar sus cr\u00e9ditos denominados en VSM (Veces Salarios M\u00ednimos) para que sus saldos y pagos sean denominados en pesos a una tasa de inter\u00e9s fija.<\/p>\n<p>Alejando Murat, titular de la dependencia, inform\u00f3 que es un esquema novedoso dadas las condiciones econ\u00f3micas del pa\u00eds. \u201cEstamos llevando un plan piloto en estos momentos de un proceso aleatorio para que los derechohabientes que tengan cr\u00e9ditos vigentes que puedan acceder a esta reestructura de cr\u00e9ditos en VSM a pesos\u201d.<\/p>\n<p>Dijo que desde 1987 el instituto hab\u00eda dejado de dar cr\u00e9ditos en pesos, pero que gracias a la condici\u00f3n de estabilidad econ\u00f3mica que tiene el pa\u00eds, con su pol\u00edtica fiscal y monetaria exitosa, se han generado condiciones positivas para el pa\u00eds.<\/p>\n<p>Entre los beneficios para los acreditados se cuenta que los saldos insolutos est\u00e1n vigentes en pesos, por lo que el acreditado dejar\u00e1 de estar sujeto a incrementos anuales del salario m\u00ednimo as\u00ed como sus alzas tanto a finales de a\u00f1o como en cada resoluci\u00f3n.<\/p>\n<p>Se mencion\u00f3 que el saldo insoluto disminuir\u00e1 desde el primer pago posterior a la reestructura y por ende, la mensualidad ser\u00e1 una porci\u00f3n cada vez menor de su ingreso, conforme el saldo del pago crezca con el tiempo.<\/p>\n<p>Durante el evento, se realiz\u00f3 el sorteo ante notario p\u00fablico,\u00a0donde los acreditados que tengan en su apellido la letra inicial M y Z o haber nacido en los meses de mayo y junio, de acuerdo con los resultados del sorteo realizado en el evento, ser\u00e1n los primeros incluidos en el plan piloto que contempla por lo pronto trabajar en un esquema de 150 mil cr\u00e9ditos durante el segundo semestre del a\u00f1o.<\/p>\n<p>&nbsp;<\/p>\n<p>&nbsp;<\/p>\n","protected":false},"excerpt":{"rendered":"<p>Ser\u00e1n 150 mil cr\u00e9ditos los que se trabajar\u00e1n bajo el nuevo esquema en pesos<\/p>\n","protected":false},"author":28,"featured_media":20732,"comment_status":"open","ping_status":"closed","sticky":false,"template":"","format":"standard","meta":{"om_disable_all_campaigns":false,"inline_featured_image":false,"_monsterinsights_skip_tracking":false,"_monsterinsights_sitenote_active":false,"_monsterinsights_sitenote_note":"","_monsterinsights_sitenote_category":0,"footnotes":""},"categories":[12],"tags":[454,100],"class_list":["post-20731","post","type-post","status-publish","format-standard","has-post-thumbnail","hentry","category-vivienda","tag-alejandro-murat","tag-infonavit"],"yoast_head":"<!-- This site is optimized with the Yoast SEO plugin v27.5 - https:\/\/yoast.com\/product\/yoast-seo-wordpress\/ -->\n<title>Realizar\u00e1n Programa Piloto para reestructurar cr\u00e9ditos -<\/title>\n<meta name=\"description\" content=\"Ser\u00e1n 150 mil cr\u00e9ditos los que se trabajar\u00e1n bajo el nuevo esquema en pesos A partir de hoy, el Instituto del Fondo Nacional de la Vivienda para los\" \/>\n<meta name=\"robots\" content=\"index, follow, max-snippet:-1, max-image-preview:large, max-video-preview:-1\" \/>\n<link rel=\"canonical\" href=\"https:\/\/centrourbano.com\/revista\/vivienda\/realizaran-programa-piloto-para-reestructurar-creditos\/\" \/>\n<meta property=\"og:locale\" content=\"es_ES\" \/>\n<meta property=\"og:type\" content=\"article\" \/>\n<meta property=\"og:title\" content=\"Realizar\u00e1n Programa Piloto para reestructurar cr\u00e9ditos -\" \/>\n<meta property=\"og:description\" content=\"Ser\u00e1n 150 mil cr\u00e9ditos los que se trabajar\u00e1n bajo el nuevo esquema en pesos A partir de hoy, el Instituto del Fondo Nacional de la Vivienda para los\" \/>\n<meta property=\"og:url\" content=\"https:\/\/centrourbano.com\/revista\/vivienda\/realizaran-programa-piloto-para-reestructurar-creditos\/\" \/>\n<meta property=\"og:site_name\" content=\"Centro Urbano\" \/>\n<meta property=\"article:publisher\" content=\"https:\/\/www.facebook.com\/portalcentrourbano\" \/>\n<meta property=\"article:published_time\" content=\"2015-07-07T20:32:14+00:00\" \/>\n<meta property=\"article:modified_time\" content=\"2015-07-07T20:40:18+00:00\" \/>\n<meta property=\"og:image\" content=\"https:\/\/centrourbano.com\/revista\/wp-content\/uploads\/pesos.jpg\" \/>\n\t<meta property=\"og:image:width\" content=\"2120\" \/>\n\t<meta property=\"og:image:height\" content=\"1590\" \/>\n\t<meta property=\"og:image:type\" content=\"image\/jpeg\" \/>\n<meta name=\"author\" content=\"Mario V\u00e1zquez Barrios\" \/>\n<meta name=\"twitter:card\" content=\"summary_large_image\" \/>\n<meta name=\"twitter:creator\" content=\"@MarioDeNiro\" \/>\n<meta name=\"twitter:site\" content=\"@CentroUrbano\" \/>\n<meta name=\"twitter:label1\" content=\"Escrito por\" \/>\n\t<meta name=\"twitter:data1\" content=\"Mario V\u00e1zquez Barrios\" \/>\n\t<meta name=\"twitter:label2\" content=\"Tiempo de lectura\" \/>\n\t<meta name=\"twitter:data2\" content=\"2 minutos\" \/>\n<script type=\"application\/ld+json\" class=\"yoast-schema-graph\">{\"@context\":\"https:\\\/\\\/schema.org\",\"@graph\":[{\"@type\":\"Article\",\"@id\":\"https:\\\/\\\/centrourbano.com\\\/revista\\\/vivienda\\\/realizaran-programa-piloto-para-reestructurar-creditos\\\/#article\",\"isPartOf\":{\"@id\":\"https:\\\/\\\/centrourbano.com\\\/revista\\\/vivienda\\\/realizaran-programa-piloto-para-reestructurar-creditos\\\/\"},\"author\":{\"name\":\"Mario V\u00e1zquez Barrios\",\"@id\":\"https:\\\/\\\/centrourbano.com\\\/revista\\\/#\\\/schema\\\/person\\\/71e020a5b63ca4230c0f1228a36cde93\"},\"headline\":\"Realizar\u00e1n Programa Piloto para reestructurar cr\u00e9ditos\",\"datePublished\":\"2015-07-07T20:32:14+00:00\",\"dateModified\":\"2015-07-07T20:40:18+00:00\",\"mainEntityOfPage\":{\"@id\":\"https:\\\/\\\/centrourbano.com\\\/revista\\\/vivienda\\\/realizaran-programa-piloto-para-reestructurar-creditos\\\/\"},\"wordCount\":348,\"commentCount\":0,\"publisher\":{\"@id\":\"https:\\\/\\\/centrourbano.com\\\/revista\\\/#organization\"},\"image\":{\"@id\":\"https:\\\/\\\/centrourbano.com\\\/revista\\\/vivienda\\\/realizaran-programa-piloto-para-reestructurar-creditos\\\/#primaryimage\"},\"thumbnailUrl\":\"https:\\\/\\\/centrourbano.com\\\/revista\\\/wp-content\\\/uploads\\\/pesos.jpg\",\"keywords\":[\"Alejandro Murat\",\"Infonavit\"],\"articleSection\":[\"Vivienda\"],\"inLanguage\":\"es\",\"potentialAction\":[{\"@type\":\"CommentAction\",\"name\":\"Comment\",\"target\":[\"https:\\\/\\\/centrourbano.com\\\/revista\\\/vivienda\\\/realizaran-programa-piloto-para-reestructurar-creditos\\\/#respond\"]}]},{\"@type\":\"WebPage\",\"@id\":\"https:\\\/\\\/centrourbano.com\\\/revista\\\/vivienda\\\/realizaran-programa-piloto-para-reestructurar-creditos\\\/\",\"url\":\"https:\\\/\\\/centrourbano.com\\\/revista\\\/vivienda\\\/realizaran-programa-piloto-para-reestructurar-creditos\\\/\",\"name\":\"Realizar\u00e1n Programa Piloto para reestructurar cr\u00e9ditos -\",\"isPartOf\":{\"@id\":\"https:\\\/\\\/centrourbano.com\\\/revista\\\/#website\"},\"primaryImageOfPage\":{\"@id\":\"https:\\\/\\\/centrourbano.com\\\/revista\\\/vivienda\\\/realizaran-programa-piloto-para-reestructurar-creditos\\\/#primaryimage\"},\"image\":{\"@id\":\"https:\\\/\\\/centrourbano.com\\\/revista\\\/vivienda\\\/realizaran-programa-piloto-para-reestructurar-creditos\\\/#primaryimage\"},\"thumbnailUrl\":\"https:\\\/\\\/centrourbano.com\\\/revista\\\/wp-content\\\/uploads\\\/pesos.jpg\",\"datePublished\":\"2015-07-07T20:32:14+00:00\",\"dateModified\":\"2015-07-07T20:40:18+00:00\",\"description\":\"Ser\u00e1n 150 mil cr\u00e9ditos los que se trabajar\u00e1n bajo el nuevo esquema en pesos A partir de hoy, el Instituto del Fondo Nacional de la Vivienda para los\",\"breadcrumb\":{\"@id\":\"https:\\\/\\\/centrourbano.com\\\/revista\\\/vivienda\\\/realizaran-programa-piloto-para-reestructurar-creditos\\\/#breadcrumb\"},\"inLanguage\":\"es\",\"potentialAction\":[{\"@type\":\"ReadAction\",\"target\":[\"https:\\\/\\\/centrourbano.com\\\/revista\\\/vivienda\\\/realizaran-programa-piloto-para-reestructurar-creditos\\\/\"]}]},{\"@type\":\"ImageObject\",\"inLanguage\":\"es\",\"@id\":\"https:\\\/\\\/centrourbano.com\\\/revista\\\/vivienda\\\/realizaran-programa-piloto-para-reestructurar-creditos\\\/#primaryimage\",\"url\":\"https:\\\/\\\/centrourbano.com\\\/revista\\\/wp-content\\\/uploads\\\/pesos.jpg\",\"contentUrl\":\"https:\\\/\\\/centrourbano.com\\\/revista\\\/wp-content\\\/uploads\\\/pesos.jpg\",\"width\":2120,\"height\":1590},{\"@type\":\"BreadcrumbList\",\"@id\":\"https:\\\/\\\/centrourbano.com\\\/revista\\\/vivienda\\\/realizaran-programa-piloto-para-reestructurar-creditos\\\/#breadcrumb\",\"itemListElement\":[{\"@type\":\"ListItem\",\"position\":1,\"name\":\"Portada\",\"item\":\"https:\\\/\\\/centrourbano.com\\\/revista\\\/\"},{\"@type\":\"ListItem\",\"position\":2,\"name\":\"Realizar\u00e1n Programa Piloto para reestructurar cr\u00e9ditos\"}]},{\"@type\":\"WebSite\",\"@id\":\"https:\\\/\\\/centrourbano.com\\\/revista\\\/#website\",\"url\":\"https:\\\/\\\/centrourbano.com\\\/revista\\\/\",\"name\":\"Centro Urbano\",\"description\":\"Medio especializado en los sectores vivienda, inmobiliario, construcci\u00f3n, arquitectura y urbanismo.\",\"publisher\":{\"@id\":\"https:\\\/\\\/centrourbano.com\\\/revista\\\/#organization\"},\"potentialAction\":[{\"@type\":\"SearchAction\",\"target\":{\"@type\":\"EntryPoint\",\"urlTemplate\":\"https:\\\/\\\/centrourbano.com\\\/revista\\\/?s={search_term_string}\"},\"query-input\":{\"@type\":\"PropertyValueSpecification\",\"valueRequired\":true,\"valueName\":\"search_term_string\"}}],\"inLanguage\":\"es\"},{\"@type\":\"Organization\",\"@id\":\"https:\\\/\\\/centrourbano.com\\\/revista\\\/#organization\",\"name\":\"Centro Urbano\",\"url\":\"https:\\\/\\\/centrourbano.com\\\/revista\\\/\",\"logo\":{\"@type\":\"ImageObject\",\"inLanguage\":\"es\",\"@id\":\"https:\\\/\\\/centrourbano.com\\\/revista\\\/#\\\/schema\\\/logo\\\/image\\\/\",\"url\":\"https:\\\/\\\/centrourbano.com\\\/revista\\\/wp-content\\\/uploads\\\/web_CU_logo-1.png\",\"contentUrl\":\"https:\\\/\\\/centrourbano.com\\\/revista\\\/wp-content\\\/uploads\\\/web_CU_logo-1.png\",\"width\":350,\"height\":91,\"caption\":\"Centro Urbano\"},\"image\":{\"@id\":\"https:\\\/\\\/centrourbano.com\\\/revista\\\/#\\\/schema\\\/logo\\\/image\\\/\"},\"sameAs\":[\"https:\\\/\\\/www.facebook.com\\\/portalcentrourbano\",\"https:\\\/\\\/x.com\\\/CentroUrbano\",\"https:\\\/\\\/www.instagram.com\\\/centro_urbano\\\/\",\"https:\\\/\\\/www.linkedin.com\\\/company\\\/centro-urbano\\\/\",\"http:\\\/\\\/www.youtube.com\\\/user\\\/portalcentrourbano\"]},{\"@type\":\"Person\",\"@id\":\"https:\\\/\\\/centrourbano.com\\\/revista\\\/#\\\/schema\\\/person\\\/71e020a5b63ca4230c0f1228a36cde93\",\"name\":\"Mario V\u00e1zquez Barrios\",\"image\":{\"@type\":\"ImageObject\",\"inLanguage\":\"es\",\"@id\":\"https:\\\/\\\/secure.gravatar.com\\\/avatar\\\/347e6d9c0b04f0194ca244ba64b0fe62752d716a3a93d1713bd259eb87aad5b6?s=96&d=mm&r=g\",\"url\":\"https:\\\/\\\/secure.gravatar.com\\\/avatar\\\/347e6d9c0b04f0194ca244ba64b0fe62752d716a3a93d1713bd259eb87aad5b6?s=96&d=mm&r=g\",\"contentUrl\":\"https:\\\/\\\/secure.gravatar.com\\\/avatar\\\/347e6d9c0b04f0194ca244ba64b0fe62752d716a3a93d1713bd259eb87aad5b6?s=96&d=mm&r=g\",\"caption\":\"Mario V\u00e1zquez Barrios\"},\"description\":\"Me inici\u00e9 en El Financiero haciendo reportajes; en MegaNoticias Televisi\u00f3n fui reportero titular; en EMedios, control de calidad; y Radio 13 Noticias me acogi\u00f3 como colaborador. Me gusta encontrar en las banquetas la nota, una entrevista y el inicio de un reportaje.\",\"sameAs\":[\"https:\\\/\\\/x.com\\\/@MarioDeNiro\"],\"url\":\"https:\\\/\\\/centrourbano.com\\\/revista\\\/author\\\/mario-vazquez\\\/\"}]}<\/script>\n<!-- \/ Yoast SEO plugin. -->","yoast_head_json":{"title":"Realizar\u00e1n Programa Piloto para reestructurar cr\u00e9ditos -","description":"Ser\u00e1n 150 mil cr\u00e9ditos los que se trabajar\u00e1n bajo el nuevo esquema en pesos A partir de hoy, el Instituto del Fondo Nacional de la Vivienda para los","robots":{"index":"index","follow":"follow","max-snippet":"max-snippet:-1","max-image-preview":"max-image-preview:large","max-video-preview":"max-video-preview:-1"},"canonical":"https:\/\/centrourbano.com\/revista\/vivienda\/realizaran-programa-piloto-para-reestructurar-creditos\/","og_locale":"es_ES","og_type":"article","og_title":"Realizar\u00e1n Programa Piloto para reestructurar cr\u00e9ditos -","og_description":"Ser\u00e1n 150 mil cr\u00e9ditos los que se trabajar\u00e1n bajo el nuevo esquema en pesos A partir de hoy, el Instituto del Fondo Nacional de la Vivienda para los","og_url":"https:\/\/centrourbano.com\/revista\/vivienda\/realizaran-programa-piloto-para-reestructurar-creditos\/","og_site_name":"Centro Urbano","article_publisher":"https:\/\/www.facebook.com\/portalcentrourbano","article_published_time":"2015-07-07T20:32:14+00:00","article_modified_time":"2015-07-07T20:40:18+00:00","og_image":[{"width":2120,"height":1590,"url":"https:\/\/centrourbano.com\/revista\/wp-content\/uploads\/pesos.jpg","type":"image\/jpeg"}],"author":"Mario V\u00e1zquez Barrios","twitter_card":"summary_large_image","twitter_creator":"@MarioDeNiro","twitter_site":"@CentroUrbano","twitter_misc":{"Escrito por":"Mario V\u00e1zquez Barrios","Tiempo de lectura":"2 minutos"},"schema":{"@context":"https:\/\/schema.org","@graph":[{"@type":"Article","@id":"https:\/\/centrourbano.com\/revista\/vivienda\/realizaran-programa-piloto-para-reestructurar-creditos\/#article","isPartOf":{"@id":"https:\/\/centrourbano.com\/revista\/vivienda\/realizaran-programa-piloto-para-reestructurar-creditos\/"},"author":{"name":"Mario V\u00e1zquez Barrios","@id":"https:\/\/centrourbano.com\/revista\/#\/schema\/person\/71e020a5b63ca4230c0f1228a36cde93"},"headline":"Realizar\u00e1n Programa Piloto para reestructurar cr\u00e9ditos","datePublished":"2015-07-07T20:32:14+00:00","dateModified":"2015-07-07T20:40:18+00:00","mainEntityOfPage":{"@id":"https:\/\/centrourbano.com\/revista\/vivienda\/realizaran-programa-piloto-para-reestructurar-creditos\/"},"wordCount":348,"commentCount":0,"publisher":{"@id":"https:\/\/centrourbano.com\/revista\/#organization"},"image":{"@id":"https:\/\/centrourbano.com\/revista\/vivienda\/realizaran-programa-piloto-para-reestructurar-creditos\/#primaryimage"},"thumbnailUrl":"https:\/\/centrourbano.com\/revista\/wp-content\/uploads\/pesos.jpg","keywords":["Alejandro Murat","Infonavit"],"articleSection":["Vivienda"],"inLanguage":"es","potentialAction":[{"@type":"CommentAction","name":"Comment","target":["https:\/\/centrourbano.com\/revista\/vivienda\/realizaran-programa-piloto-para-reestructurar-creditos\/#respond"]}]},{"@type":"WebPage","@id":"https:\/\/centrourbano.com\/revista\/vivienda\/realizaran-programa-piloto-para-reestructurar-creditos\/","url":"https:\/\/centrourbano.com\/revista\/vivienda\/realizaran-programa-piloto-para-reestructurar-creditos\/","name":"Realizar\u00e1n Programa Piloto para reestructurar cr\u00e9ditos -","isPartOf":{"@id":"https:\/\/centrourbano.com\/revista\/#website"},"primaryImageOfPage":{"@id":"https:\/\/centrourbano.com\/revista\/vivienda\/realizaran-programa-piloto-para-reestructurar-creditos\/#primaryimage"},"image":{"@id":"https:\/\/centrourbano.com\/revista\/vivienda\/realizaran-programa-piloto-para-reestructurar-creditos\/#primaryimage"},"thumbnailUrl":"https:\/\/centrourbano.com\/revista\/wp-content\/uploads\/pesos.jpg","datePublished":"2015-07-07T20:32:14+00:00","dateModified":"2015-07-07T20:40:18+00:00","description":"Ser\u00e1n 150 mil cr\u00e9ditos los que se trabajar\u00e1n bajo el nuevo esquema en pesos A partir de hoy, el Instituto del Fondo Nacional de la Vivienda para los","breadcrumb":{"@id":"https:\/\/centrourbano.com\/revista\/vivienda\/realizaran-programa-piloto-para-reestructurar-creditos\/#breadcrumb"},"inLanguage":"es","potentialAction":[{"@type":"ReadAction","target":["https:\/\/centrourbano.com\/revista\/vivienda\/realizaran-programa-piloto-para-reestructurar-creditos\/"]}]},{"@type":"ImageObject","inLanguage":"es","@id":"https:\/\/centrourbano.com\/revista\/vivienda\/realizaran-programa-piloto-para-reestructurar-creditos\/#primaryimage","url":"https:\/\/centrourbano.com\/revista\/wp-content\/uploads\/pesos.jpg","contentUrl":"https:\/\/centrourbano.com\/revista\/wp-content\/uploads\/pesos.jpg","width":2120,"height":1590},{"@type":"BreadcrumbList","@id":"https:\/\/centrourbano.com\/revista\/vivienda\/realizaran-programa-piloto-para-reestructurar-creditos\/#breadcrumb","itemListElement":[{"@type":"ListItem","position":1,"name":"Portada","item":"https:\/\/centrourbano.com\/revista\/"},{"@type":"ListItem","position":2,"name":"Realizar\u00e1n Programa Piloto para reestructurar cr\u00e9ditos"}]},{"@type":"WebSite","@id":"https:\/\/centrourbano.com\/revista\/#website","url":"https:\/\/centrourbano.com\/revista\/","name":"Centro Urbano","description":"Medio especializado en los sectores vivienda, inmobiliario, construcci\u00f3n, arquitectura y urbanismo.","publisher":{"@id":"https:\/\/centrourbano.com\/revista\/#organization"},"potentialAction":[{"@type":"SearchAction","target":{"@type":"EntryPoint","urlTemplate":"https:\/\/centrourbano.com\/revista\/?s={search_term_string}"},"query-input":{"@type":"PropertyValueSpecification","valueRequired":true,"valueName":"search_term_string"}}],"inLanguage":"es"},{"@type":"Organization","@id":"https:\/\/centrourbano.com\/revista\/#organization","name":"Centro Urbano","url":"https:\/\/centrourbano.com\/revista\/","logo":{"@type":"ImageObject","inLanguage":"es","@id":"https:\/\/centrourbano.com\/revista\/#\/schema\/logo\/image\/","url":"https:\/\/centrourbano.com\/revista\/wp-content\/uploads\/web_CU_logo-1.png","contentUrl":"https:\/\/centrourbano.com\/revista\/wp-content\/uploads\/web_CU_logo-1.png","width":350,"height":91,"caption":"Centro Urbano"},"image":{"@id":"https:\/\/centrourbano.com\/revista\/#\/schema\/logo\/image\/"},"sameAs":["https:\/\/www.facebook.com\/portalcentrourbano","https:\/\/x.com\/CentroUrbano","https:\/\/www.instagram.com\/centro_urbano\/","https:\/\/www.linkedin.com\/company\/centro-urbano\/","http:\/\/www.youtube.com\/user\/portalcentrourbano"]},{"@type":"Person","@id":"https:\/\/centrourbano.com\/revista\/#\/schema\/person\/71e020a5b63ca4230c0f1228a36cde93","name":"Mario V\u00e1zquez Barrios","image":{"@type":"ImageObject","inLanguage":"es","@id":"https:\/\/secure.gravatar.com\/avatar\/347e6d9c0b04f0194ca244ba64b0fe62752d716a3a93d1713bd259eb87aad5b6?s=96&d=mm&r=g","url":"https:\/\/secure.gravatar.com\/avatar\/347e6d9c0b04f0194ca244ba64b0fe62752d716a3a93d1713bd259eb87aad5b6?s=96&d=mm&r=g","contentUrl":"https:\/\/secure.gravatar.com\/avatar\/347e6d9c0b04f0194ca244ba64b0fe62752d716a3a93d1713bd259eb87aad5b6?s=96&d=mm&r=g","caption":"Mario V\u00e1zquez Barrios"},"description":"Me inici\u00e9 en El Financiero haciendo reportajes; en MegaNoticias Televisi\u00f3n fui reportero titular; en EMedios, control de calidad; y Radio 13 Noticias me acogi\u00f3 como colaborador. Me gusta encontrar en las banquetas la nota, una entrevista y el inicio de un reportaje.","sameAs":["https:\/\/x.com\/@MarioDeNiro"],"url":"https:\/\/centrourbano.com\/revista\/author\/mario-vazquez\/"}]}},"_links":{"self":[{"href":"https:\/\/centrourbano.com\/revista\/wp-json\/wp\/v2\/posts\/20731","targetHints":{"allow":["GET"]}}],"collection":[{"href":"https:\/\/centrourbano.com\/revista\/wp-json\/wp\/v2\/posts"}],"about":[{"href":"https:\/\/centrourbano.com\/revista\/wp-json\/wp\/v2\/types\/post"}],"author":[{"embeddable":true,"href":"https:\/\/centrourbano.com\/revista\/wp-json\/wp\/v2\/users\/28"}],"replies":[{"embeddable":true,"href":"https:\/\/centrourbano.com\/revista\/wp-json\/wp\/v2\/comments?post=20731"}],"version-history":[{"count":0,"href":"https:\/\/centrourbano.com\/revista\/wp-json\/wp\/v2\/posts\/20731\/revisions"}],"wp:featuredmedia":[{"embeddable":true,"href":"https:\/\/centrourbano.com\/revista\/wp-json\/wp\/v2\/media\/20732"}],"wp:attachment":[{"href":"https:\/\/centrourbano.com\/revista\/wp-json\/wp\/v2\/media?parent=20731"}],"wp:term":[{"taxonomy":"category","embeddable":true,"href":"https:\/\/centrourbano.com\/revista\/wp-json\/wp\/v2\/categories?post=20731"},{"taxonomy":"post_tag","embeddable":true,"href":"https:\/\/centrourbano.com\/revista\/wp-json\/wp\/v2\/tags?post=20731"}],"curies":[{"name":"wp","href":"https:\/\/api.w.org\/{rel}","templated":true}]}}