{"id":20606,"date":"2015-07-03T15:47:10","date_gmt":"2015-07-03T20:47:10","guid":{"rendered":"http:\/\/centrourbano.com\/?p=20606"},"modified":"2015-07-06T12:49:47","modified_gmt":"2015-07-06T17:49:47","slug":"inauguran-exposicion-de-diaz-infante-en-el-museo-nacional-de-arquitectura","status":"publish","type":"post","link":"https:\/\/centrourbano.com\/revista\/arquitectura-2\/inauguran-exposicion-de-diaz-infante-en-el-museo-nacional-de-arquitectura\/","title":{"rendered":"Inauguran\u00a0exposici\u00f3n de D\u00edaz Infante\u00a0en el Museo Nacional de Arquitectura"},"content":{"rendered":"<p><em>La muestra titulada \u201cLas Pieles del Espacio\u201d ofrece\u00a0un panorama de la vida multifac\u00e9tica del arquitecto<\/em><!--more--><\/p>\n<p>El d\u00eda de ayer fue inaugurada en el Museo Nacional de Arquitectura la exposici\u00f3n \u201cLas Pieles del Espacio\u201d de Juan Jos\u00e9 D\u00edaz Infante N\u00fa\u00f1ez, en donde se muestra la vida multifac\u00e9tica del arquitecto, quien se desarroll\u00f3 como arquitecto, portero, acad\u00e9mico e inventor.<\/p>\n<p>Cabe destacar que a tres a\u00f1os del fallecimiento, el Instituto Nacional de Bellas Artes (INBA) reconoce a trav\u00e9s de esta exposici\u00f3n de pensamiento arquitect\u00f3nico, la obra y las aportaciones que hizo el arquitecto en vida.<\/p>\n<p>La muestra, que cont\u00f3 con la curadur\u00eda de Juan Jos\u00e9 D\u00edaz Infante Casas\u00fas, hijo del reconocido arquitecto, permanecer\u00e1 abierta hasta el d\u00eda 20 de septiembre en el Museo Nacional de Arquitectura del Palacio de Bellas Artes.<\/p>\n<p>En esta exposici\u00f3n, que llev\u00f3 un proceso de tres a\u00f1os de gestaci\u00f3n, se recopilan 50 a\u00f1os del arquitecto Juan Jos\u00e9 D\u00edaz Infante N\u00fa\u00f1ez, por lo que incluye cerca de 100 l\u00e1minas, maquetas y videos.<\/p>\n<p>En ella destacan dos puntos fundamentales: las ideas que forjaron el pensamiento de D\u00edaz Infante N\u00fa\u00f1ez en torno a la arquitectura como ciencia del espacio y la geometr\u00eda como base de la arquitectura.<\/p>\n<p>Juan Jos\u00e9 D\u00edaz Infante N\u00fa\u00f1ez\u00a0fue fundador y director de la Escuela de Arquitectura Universidad An\u00e1huac; maestro de dise\u00f1o y educaci\u00f3n visual de la Universidad Iberoamericana, Universidad Aut\u00f3noma de M\u00e9xico, Universidad An\u00e1huac, as\u00ed como maestro fundador de la Universidad La Salle.<\/p>\n<p>Dentro de sus obras destacan el edifico de la delegaci\u00f3n Venustiano Carranza, el centro comercial Insurgentes Minimax, el centro comercial Col\u00f3n en M\u00e9rida, las terminales de autobuses Paraderos 140, Central Oriente (TAPO, terminal Central, entre otras.<\/p>\n<p>Adem\u00e1s, el Injuve en la delegaci\u00f3n V. Carranza, la pista de hielo Insurgentes (Instalaci\u00f3n Ol\u00edmpica de Luchas), el Club N\u00e1utico Tequesquitengo, el hotel Emporio de M\u00e9xico, Liverpool Insurgentes, entro muchas otras m\u00e1s.<\/p>\n","protected":false},"excerpt":{"rendered":"<p>La muestra titulada \u201cLas Pieles del Espacio\u201d ofrece\u00a0un panorama de la vida multifac\u00e9tica del arquitecto<\/p>\n","protected":false},"author":9,"featured_media":20607,"comment_status":"open","ping_status":"closed","sticky":false,"template":"","format":"standard","meta":{"om_disable_all_campaigns":false,"inline_featured_image":false,"_monsterinsights_skip_tracking":false,"_monsterinsights_sitenote_active":false,"_monsterinsights_sitenote_note":"","_monsterinsights_sitenote_category":0,"footnotes":""},"categories":[81],"tags":[20,180,388,5515,940],"class_list":["post-20606","post","type-post","status-publish","format-standard","has-post-thumbnail","hentry","category-arquitectura-2","tag-arquitectura","tag-bellas-artes","tag-inba","tag-juan-jose-diaz-infante","tag-museo-nacional-de-arquitectura"],"yoast_head":"<!-- This site is optimized with the Yoast SEO plugin v27.5 - https:\/\/yoast.com\/product\/yoast-seo-wordpress\/ -->\n<title>Inauguran\u00a0exposici\u00f3n de D\u00edaz Infante\u00a0en el Museo Nacional de Arquitectura -<\/title>\n<meta name=\"description\" content=\"La muestra titulada \u201cLas Pieles del Espacio\u201d ofrece\u00a0un panorama de la vida multifac\u00e9tica del arquitecto El d\u00eda de ayer fue inaugurada en el Museo Nacional\" \/>\n<meta name=\"robots\" content=\"index, follow, max-snippet:-1, max-image-preview:large, max-video-preview:-1\" \/>\n<link rel=\"canonical\" href=\"https:\/\/centrourbano.com\/revista\/arquitectura-2\/inauguran-exposicion-de-diaz-infante-en-el-museo-nacional-de-arquitectura\/\" \/>\n<meta property=\"og:locale\" content=\"es_ES\" \/>\n<meta property=\"og:type\" content=\"article\" \/>\n<meta property=\"og:title\" content=\"Inauguran\u00a0exposici\u00f3n de D\u00edaz Infante\u00a0en el Museo Nacional de Arquitectura -\" \/>\n<meta property=\"og:description\" content=\"La muestra titulada \u201cLas Pieles del Espacio\u201d ofrece\u00a0un panorama de la vida multifac\u00e9tica del arquitecto El d\u00eda de ayer fue inaugurada en el Museo Nacional\" \/>\n<meta property=\"og:url\" content=\"https:\/\/centrourbano.com\/revista\/arquitectura-2\/inauguran-exposicion-de-diaz-infante-en-el-museo-nacional-de-arquitectura\/\" \/>\n<meta property=\"og:site_name\" content=\"Centro Urbano\" \/>\n<meta property=\"article:publisher\" content=\"https:\/\/www.facebook.com\/portalcentrourbano\" \/>\n<meta property=\"article:published_time\" content=\"2015-07-03T20:47:10+00:00\" \/>\n<meta property=\"article:modified_time\" content=\"2015-07-06T17:49:47+00:00\" \/>\n<meta property=\"og:image\" content=\"https:\/\/centrourbano.com\/revista\/wp-content\/uploads\/Las-pieles-del-espacio.jpg\" \/>\n\t<meta property=\"og:image:width\" content=\"588\" \/>\n\t<meta property=\"og:image:height\" content=\"366\" \/>\n\t<meta property=\"og:image:type\" content=\"image\/jpeg\" \/>\n<meta name=\"author\" content=\"Dinorah Nava\" \/>\n<meta name=\"twitter:card\" content=\"summary_large_image\" \/>\n<meta name=\"twitter:creator\" content=\"@https:\/\/twitter.com\/Dinorah_Nava28\" \/>\n<meta name=\"twitter:site\" content=\"@CentroUrbano\" \/>\n<meta name=\"twitter:label1\" content=\"Escrito por\" \/>\n\t<meta name=\"twitter:data1\" content=\"Dinorah Nava\" \/>\n\t<meta name=\"twitter:label2\" content=\"Tiempo de lectura\" \/>\n\t<meta name=\"twitter:data2\" content=\"2 minutos\" \/>\n<script type=\"application\/ld+json\" class=\"yoast-schema-graph\">{\"@context\":\"https:\\\/\\\/schema.org\",\"@graph\":[{\"@type\":\"Article\",\"@id\":\"https:\\\/\\\/centrourbano.com\\\/revista\\\/arquitectura-2\\\/inauguran-exposicion-de-diaz-infante-en-el-museo-nacional-de-arquitectura\\\/#article\",\"isPartOf\":{\"@id\":\"https:\\\/\\\/centrourbano.com\\\/revista\\\/arquitectura-2\\\/inauguran-exposicion-de-diaz-infante-en-el-museo-nacional-de-arquitectura\\\/\"},\"author\":{\"name\":\"Dinorah Nava\",\"@id\":\"https:\\\/\\\/centrourbano.com\\\/revista\\\/#\\\/schema\\\/person\\\/baa9e569588d5544150642a11ad28b8b\"},\"headline\":\"Inauguran\u00a0exposici\u00f3n de D\u00edaz Infante\u00a0en el Museo Nacional de Arquitectura\",\"datePublished\":\"2015-07-03T20:47:10+00:00\",\"dateModified\":\"2015-07-06T17:49:47+00:00\",\"mainEntityOfPage\":{\"@id\":\"https:\\\/\\\/centrourbano.com\\\/revista\\\/arquitectura-2\\\/inauguran-exposicion-de-diaz-infante-en-el-museo-nacional-de-arquitectura\\\/\"},\"wordCount\":357,\"commentCount\":0,\"publisher\":{\"@id\":\"https:\\\/\\\/centrourbano.com\\\/revista\\\/#organization\"},\"image\":{\"@id\":\"https:\\\/\\\/centrourbano.com\\\/revista\\\/arquitectura-2\\\/inauguran-exposicion-de-diaz-infante-en-el-museo-nacional-de-arquitectura\\\/#primaryimage\"},\"thumbnailUrl\":\"https:\\\/\\\/centrourbano.com\\\/revista\\\/wp-content\\\/uploads\\\/Las-pieles-del-espacio.jpg\",\"keywords\":[\"arquitectura\",\"bellas artes\",\"INBA\",\"Juan Jos\u00e9 D\u00edaz Infante\",\"Museo Nacional de Arquitectura\"],\"articleSection\":[\"Arquitectura\"],\"inLanguage\":\"es\",\"potentialAction\":[{\"@type\":\"CommentAction\",\"name\":\"Comment\",\"target\":[\"https:\\\/\\\/centrourbano.com\\\/revista\\\/arquitectura-2\\\/inauguran-exposicion-de-diaz-infante-en-el-museo-nacional-de-arquitectura\\\/#respond\"]}]},{\"@type\":\"WebPage\",\"@id\":\"https:\\\/\\\/centrourbano.com\\\/revista\\\/arquitectura-2\\\/inauguran-exposicion-de-diaz-infante-en-el-museo-nacional-de-arquitectura\\\/\",\"url\":\"https:\\\/\\\/centrourbano.com\\\/revista\\\/arquitectura-2\\\/inauguran-exposicion-de-diaz-infante-en-el-museo-nacional-de-arquitectura\\\/\",\"name\":\"Inauguran\u00a0exposici\u00f3n de D\u00edaz Infante\u00a0en el Museo Nacional de Arquitectura -\",\"isPartOf\":{\"@id\":\"https:\\\/\\\/centrourbano.com\\\/revista\\\/#website\"},\"primaryImageOfPage\":{\"@id\":\"https:\\\/\\\/centrourbano.com\\\/revista\\\/arquitectura-2\\\/inauguran-exposicion-de-diaz-infante-en-el-museo-nacional-de-arquitectura\\\/#primaryimage\"},\"image\":{\"@id\":\"https:\\\/\\\/centrourbano.com\\\/revista\\\/arquitectura-2\\\/inauguran-exposicion-de-diaz-infante-en-el-museo-nacional-de-arquitectura\\\/#primaryimage\"},\"thumbnailUrl\":\"https:\\\/\\\/centrourbano.com\\\/revista\\\/wp-content\\\/uploads\\\/Las-pieles-del-espacio.jpg\",\"datePublished\":\"2015-07-03T20:47:10+00:00\",\"dateModified\":\"2015-07-06T17:49:47+00:00\",\"description\":\"La muestra titulada \u201cLas Pieles del Espacio\u201d ofrece\u00a0un panorama de la vida multifac\u00e9tica del arquitecto El d\u00eda de ayer fue inaugurada en el Museo Nacional\",\"breadcrumb\":{\"@id\":\"https:\\\/\\\/centrourbano.com\\\/revista\\\/arquitectura-2\\\/inauguran-exposicion-de-diaz-infante-en-el-museo-nacional-de-arquitectura\\\/#breadcrumb\"},\"inLanguage\":\"es\",\"potentialAction\":[{\"@type\":\"ReadAction\",\"target\":[\"https:\\\/\\\/centrourbano.com\\\/revista\\\/arquitectura-2\\\/inauguran-exposicion-de-diaz-infante-en-el-museo-nacional-de-arquitectura\\\/\"]}]},{\"@type\":\"ImageObject\",\"inLanguage\":\"es\",\"@id\":\"https:\\\/\\\/centrourbano.com\\\/revista\\\/arquitectura-2\\\/inauguran-exposicion-de-diaz-infante-en-el-museo-nacional-de-arquitectura\\\/#primaryimage\",\"url\":\"https:\\\/\\\/centrourbano.com\\\/revista\\\/wp-content\\\/uploads\\\/Las-pieles-del-espacio.jpg\",\"contentUrl\":\"https:\\\/\\\/centrourbano.com\\\/revista\\\/wp-content\\\/uploads\\\/Las-pieles-del-espacio.jpg\",\"width\":588,\"height\":366},{\"@type\":\"BreadcrumbList\",\"@id\":\"https:\\\/\\\/centrourbano.com\\\/revista\\\/arquitectura-2\\\/inauguran-exposicion-de-diaz-infante-en-el-museo-nacional-de-arquitectura\\\/#breadcrumb\",\"itemListElement\":[{\"@type\":\"ListItem\",\"position\":1,\"name\":\"Portada\",\"item\":\"https:\\\/\\\/centrourbano.com\\\/revista\\\/\"},{\"@type\":\"ListItem\",\"position\":2,\"name\":\"Inauguran\u00a0exposici\u00f3n de D\u00edaz Infante\u00a0en el Museo Nacional de Arquitectura\"}]},{\"@type\":\"WebSite\",\"@id\":\"https:\\\/\\\/centrourbano.com\\\/revista\\\/#website\",\"url\":\"https:\\\/\\\/centrourbano.com\\\/revista\\\/\",\"name\":\"Centro Urbano\",\"description\":\"Medio especializado en los sectores vivienda, inmobiliario, construcci\u00f3n, arquitectura y urbanismo.\",\"publisher\":{\"@id\":\"https:\\\/\\\/centrourbano.com\\\/revista\\\/#organization\"},\"potentialAction\":[{\"@type\":\"SearchAction\",\"target\":{\"@type\":\"EntryPoint\",\"urlTemplate\":\"https:\\\/\\\/centrourbano.com\\\/revista\\\/?s={search_term_string}\"},\"query-input\":{\"@type\":\"PropertyValueSpecification\",\"valueRequired\":true,\"valueName\":\"search_term_string\"}}],\"inLanguage\":\"es\"},{\"@type\":\"Organization\",\"@id\":\"https:\\\/\\\/centrourbano.com\\\/revista\\\/#organization\",\"name\":\"Centro Urbano\",\"url\":\"https:\\\/\\\/centrourbano.com\\\/revista\\\/\",\"logo\":{\"@type\":\"ImageObject\",\"inLanguage\":\"es\",\"@id\":\"https:\\\/\\\/centrourbano.com\\\/revista\\\/#\\\/schema\\\/logo\\\/image\\\/\",\"url\":\"https:\\\/\\\/centrourbano.com\\\/revista\\\/wp-content\\\/uploads\\\/web_CU_logo-1.png\",\"contentUrl\":\"https:\\\/\\\/centrourbano.com\\\/revista\\\/wp-content\\\/uploads\\\/web_CU_logo-1.png\",\"width\":350,\"height\":91,\"caption\":\"Centro Urbano\"},\"image\":{\"@id\":\"https:\\\/\\\/centrourbano.com\\\/revista\\\/#\\\/schema\\\/logo\\\/image\\\/\"},\"sameAs\":[\"https:\\\/\\\/www.facebook.com\\\/portalcentrourbano\",\"https:\\\/\\\/x.com\\\/CentroUrbano\",\"https:\\\/\\\/www.instagram.com\\\/centro_urbano\\\/\",\"https:\\\/\\\/www.linkedin.com\\\/company\\\/centro-urbano\\\/\",\"http:\\\/\\\/www.youtube.com\\\/user\\\/portalcentrourbano\"]},{\"@type\":\"Person\",\"@id\":\"https:\\\/\\\/centrourbano.com\\\/revista\\\/#\\\/schema\\\/person\\\/baa9e569588d5544150642a11ad28b8b\",\"name\":\"Dinorah Nava\",\"image\":{\"@type\":\"ImageObject\",\"inLanguage\":\"es\",\"@id\":\"https:\\\/\\\/secure.gravatar.com\\\/avatar\\\/f6ca6430c51d147f363940f84e1225aa4b8183885c11802cc3b042305a4ecc1a?s=96&d=mm&r=g\",\"url\":\"https:\\\/\\\/secure.gravatar.com\\\/avatar\\\/f6ca6430c51d147f363940f84e1225aa4b8183885c11802cc3b042305a4ecc1a?s=96&d=mm&r=g\",\"contentUrl\":\"https:\\\/\\\/secure.gravatar.com\\\/avatar\\\/f6ca6430c51d147f363940f84e1225aa4b8183885c11802cc3b042305a4ecc1a?s=96&d=mm&r=g\",\"caption\":\"Dinorah Nava\"},\"description\":\"Editora de Contenidos y Estrategias Digitales en Centro Urbano y Coeditora en Peri\u00f3dico Mi Casa. Egresada de la licenciatura en Comunicaci\u00f3n y Periodismo de la Facultad de Estudios Superiores Arag\u00f3n (UNAM). Amante de la edici\u00f3n y correcci\u00f3n de estilo, las redes sociales y el mundo digital. Especialista en temas son arquitectura, inmobiliario y urbanismo.\",\"sameAs\":[\"linkedin.com\\\/in\\\/dinorah-nava\",\"https:\\\/\\\/x.com\\\/https:\\\/\\\/twitter.com\\\/Dinorah_Nava28\"],\"url\":\"https:\\\/\\\/centrourbano.com\\\/revista\\\/author\\\/dinorah-nava\\\/\"}]}<\/script>\n<!-- \/ Yoast SEO plugin. -->","yoast_head_json":{"title":"Inauguran\u00a0exposici\u00f3n de D\u00edaz Infante\u00a0en el Museo Nacional de Arquitectura -","description":"La muestra titulada \u201cLas Pieles del Espacio\u201d ofrece\u00a0un panorama de la vida multifac\u00e9tica del arquitecto El d\u00eda de ayer fue inaugurada en el Museo Nacional","robots":{"index":"index","follow":"follow","max-snippet":"max-snippet:-1","max-image-preview":"max-image-preview:large","max-video-preview":"max-video-preview:-1"},"canonical":"https:\/\/centrourbano.com\/revista\/arquitectura-2\/inauguran-exposicion-de-diaz-infante-en-el-museo-nacional-de-arquitectura\/","og_locale":"es_ES","og_type":"article","og_title":"Inauguran\u00a0exposici\u00f3n de D\u00edaz Infante\u00a0en el Museo Nacional de Arquitectura -","og_description":"La muestra titulada \u201cLas Pieles del Espacio\u201d ofrece\u00a0un panorama de la vida multifac\u00e9tica del arquitecto El d\u00eda de ayer fue inaugurada en el Museo Nacional","og_url":"https:\/\/centrourbano.com\/revista\/arquitectura-2\/inauguran-exposicion-de-diaz-infante-en-el-museo-nacional-de-arquitectura\/","og_site_name":"Centro Urbano","article_publisher":"https:\/\/www.facebook.com\/portalcentrourbano","article_published_time":"2015-07-03T20:47:10+00:00","article_modified_time":"2015-07-06T17:49:47+00:00","og_image":[{"width":588,"height":366,"url":"https:\/\/centrourbano.com\/revista\/wp-content\/uploads\/Las-pieles-del-espacio.jpg","type":"image\/jpeg"}],"author":"Dinorah Nava","twitter_card":"summary_large_image","twitter_creator":"@https:\/\/twitter.com\/Dinorah_Nava28","twitter_site":"@CentroUrbano","twitter_misc":{"Escrito por":"Dinorah Nava","Tiempo de lectura":"2 minutos"},"schema":{"@context":"https:\/\/schema.org","@graph":[{"@type":"Article","@id":"https:\/\/centrourbano.com\/revista\/arquitectura-2\/inauguran-exposicion-de-diaz-infante-en-el-museo-nacional-de-arquitectura\/#article","isPartOf":{"@id":"https:\/\/centrourbano.com\/revista\/arquitectura-2\/inauguran-exposicion-de-diaz-infante-en-el-museo-nacional-de-arquitectura\/"},"author":{"name":"Dinorah Nava","@id":"https:\/\/centrourbano.com\/revista\/#\/schema\/person\/baa9e569588d5544150642a11ad28b8b"},"headline":"Inauguran\u00a0exposici\u00f3n de D\u00edaz Infante\u00a0en el Museo Nacional de Arquitectura","datePublished":"2015-07-03T20:47:10+00:00","dateModified":"2015-07-06T17:49:47+00:00","mainEntityOfPage":{"@id":"https:\/\/centrourbano.com\/revista\/arquitectura-2\/inauguran-exposicion-de-diaz-infante-en-el-museo-nacional-de-arquitectura\/"},"wordCount":357,"commentCount":0,"publisher":{"@id":"https:\/\/centrourbano.com\/revista\/#organization"},"image":{"@id":"https:\/\/centrourbano.com\/revista\/arquitectura-2\/inauguran-exposicion-de-diaz-infante-en-el-museo-nacional-de-arquitectura\/#primaryimage"},"thumbnailUrl":"https:\/\/centrourbano.com\/revista\/wp-content\/uploads\/Las-pieles-del-espacio.jpg","keywords":["arquitectura","bellas artes","INBA","Juan Jos\u00e9 D\u00edaz Infante","Museo Nacional de Arquitectura"],"articleSection":["Arquitectura"],"inLanguage":"es","potentialAction":[{"@type":"CommentAction","name":"Comment","target":["https:\/\/centrourbano.com\/revista\/arquitectura-2\/inauguran-exposicion-de-diaz-infante-en-el-museo-nacional-de-arquitectura\/#respond"]}]},{"@type":"WebPage","@id":"https:\/\/centrourbano.com\/revista\/arquitectura-2\/inauguran-exposicion-de-diaz-infante-en-el-museo-nacional-de-arquitectura\/","url":"https:\/\/centrourbano.com\/revista\/arquitectura-2\/inauguran-exposicion-de-diaz-infante-en-el-museo-nacional-de-arquitectura\/","name":"Inauguran\u00a0exposici\u00f3n de D\u00edaz Infante\u00a0en el Museo Nacional de Arquitectura -","isPartOf":{"@id":"https:\/\/centrourbano.com\/revista\/#website"},"primaryImageOfPage":{"@id":"https:\/\/centrourbano.com\/revista\/arquitectura-2\/inauguran-exposicion-de-diaz-infante-en-el-museo-nacional-de-arquitectura\/#primaryimage"},"image":{"@id":"https:\/\/centrourbano.com\/revista\/arquitectura-2\/inauguran-exposicion-de-diaz-infante-en-el-museo-nacional-de-arquitectura\/#primaryimage"},"thumbnailUrl":"https:\/\/centrourbano.com\/revista\/wp-content\/uploads\/Las-pieles-del-espacio.jpg","datePublished":"2015-07-03T20:47:10+00:00","dateModified":"2015-07-06T17:49:47+00:00","description":"La muestra titulada \u201cLas Pieles del Espacio\u201d ofrece\u00a0un panorama de la vida multifac\u00e9tica del arquitecto El d\u00eda de ayer fue inaugurada en el Museo Nacional","breadcrumb":{"@id":"https:\/\/centrourbano.com\/revista\/arquitectura-2\/inauguran-exposicion-de-diaz-infante-en-el-museo-nacional-de-arquitectura\/#breadcrumb"},"inLanguage":"es","potentialAction":[{"@type":"ReadAction","target":["https:\/\/centrourbano.com\/revista\/arquitectura-2\/inauguran-exposicion-de-diaz-infante-en-el-museo-nacional-de-arquitectura\/"]}]},{"@type":"ImageObject","inLanguage":"es","@id":"https:\/\/centrourbano.com\/revista\/arquitectura-2\/inauguran-exposicion-de-diaz-infante-en-el-museo-nacional-de-arquitectura\/#primaryimage","url":"https:\/\/centrourbano.com\/revista\/wp-content\/uploads\/Las-pieles-del-espacio.jpg","contentUrl":"https:\/\/centrourbano.com\/revista\/wp-content\/uploads\/Las-pieles-del-espacio.jpg","width":588,"height":366},{"@type":"BreadcrumbList","@id":"https:\/\/centrourbano.com\/revista\/arquitectura-2\/inauguran-exposicion-de-diaz-infante-en-el-museo-nacional-de-arquitectura\/#breadcrumb","itemListElement":[{"@type":"ListItem","position":1,"name":"Portada","item":"https:\/\/centrourbano.com\/revista\/"},{"@type":"ListItem","position":2,"name":"Inauguran\u00a0exposici\u00f3n de D\u00edaz Infante\u00a0en el Museo Nacional de Arquitectura"}]},{"@type":"WebSite","@id":"https:\/\/centrourbano.com\/revista\/#website","url":"https:\/\/centrourbano.com\/revista\/","name":"Centro Urbano","description":"Medio especializado en los sectores vivienda, inmobiliario, construcci\u00f3n, arquitectura y urbanismo.","publisher":{"@id":"https:\/\/centrourbano.com\/revista\/#organization"},"potentialAction":[{"@type":"SearchAction","target":{"@type":"EntryPoint","urlTemplate":"https:\/\/centrourbano.com\/revista\/?s={search_term_string}"},"query-input":{"@type":"PropertyValueSpecification","valueRequired":true,"valueName":"search_term_string"}}],"inLanguage":"es"},{"@type":"Organization","@id":"https:\/\/centrourbano.com\/revista\/#organization","name":"Centro Urbano","url":"https:\/\/centrourbano.com\/revista\/","logo":{"@type":"ImageObject","inLanguage":"es","@id":"https:\/\/centrourbano.com\/revista\/#\/schema\/logo\/image\/","url":"https:\/\/centrourbano.com\/revista\/wp-content\/uploads\/web_CU_logo-1.png","contentUrl":"https:\/\/centrourbano.com\/revista\/wp-content\/uploads\/web_CU_logo-1.png","width":350,"height":91,"caption":"Centro Urbano"},"image":{"@id":"https:\/\/centrourbano.com\/revista\/#\/schema\/logo\/image\/"},"sameAs":["https:\/\/www.facebook.com\/portalcentrourbano","https:\/\/x.com\/CentroUrbano","https:\/\/www.instagram.com\/centro_urbano\/","https:\/\/www.linkedin.com\/company\/centro-urbano\/","http:\/\/www.youtube.com\/user\/portalcentrourbano"]},{"@type":"Person","@id":"https:\/\/centrourbano.com\/revista\/#\/schema\/person\/baa9e569588d5544150642a11ad28b8b","name":"Dinorah Nava","image":{"@type":"ImageObject","inLanguage":"es","@id":"https:\/\/secure.gravatar.com\/avatar\/f6ca6430c51d147f363940f84e1225aa4b8183885c11802cc3b042305a4ecc1a?s=96&d=mm&r=g","url":"https:\/\/secure.gravatar.com\/avatar\/f6ca6430c51d147f363940f84e1225aa4b8183885c11802cc3b042305a4ecc1a?s=96&d=mm&r=g","contentUrl":"https:\/\/secure.gravatar.com\/avatar\/f6ca6430c51d147f363940f84e1225aa4b8183885c11802cc3b042305a4ecc1a?s=96&d=mm&r=g","caption":"Dinorah Nava"},"description":"Editora de Contenidos y Estrategias Digitales en Centro Urbano y Coeditora en Peri\u00f3dico Mi Casa. Egresada de la licenciatura en Comunicaci\u00f3n y Periodismo de la Facultad de Estudios Superiores Arag\u00f3n (UNAM). Amante de la edici\u00f3n y correcci\u00f3n de estilo, las redes sociales y el mundo digital. Especialista en temas son arquitectura, inmobiliario y urbanismo.","sameAs":["linkedin.com\/in\/dinorah-nava","https:\/\/x.com\/https:\/\/twitter.com\/Dinorah_Nava28"],"url":"https:\/\/centrourbano.com\/revista\/author\/dinorah-nava\/"}]}},"_links":{"self":[{"href":"https:\/\/centrourbano.com\/revista\/wp-json\/wp\/v2\/posts\/20606","targetHints":{"allow":["GET"]}}],"collection":[{"href":"https:\/\/centrourbano.com\/revista\/wp-json\/wp\/v2\/posts"}],"about":[{"href":"https:\/\/centrourbano.com\/revista\/wp-json\/wp\/v2\/types\/post"}],"author":[{"embeddable":true,"href":"https:\/\/centrourbano.com\/revista\/wp-json\/wp\/v2\/users\/9"}],"replies":[{"embeddable":true,"href":"https:\/\/centrourbano.com\/revista\/wp-json\/wp\/v2\/comments?post=20606"}],"version-history":[{"count":0,"href":"https:\/\/centrourbano.com\/revista\/wp-json\/wp\/v2\/posts\/20606\/revisions"}],"wp:featuredmedia":[{"embeddable":true,"href":"https:\/\/centrourbano.com\/revista\/wp-json\/wp\/v2\/media\/20607"}],"wp:attachment":[{"href":"https:\/\/centrourbano.com\/revista\/wp-json\/wp\/v2\/media?parent=20606"}],"wp:term":[{"taxonomy":"category","embeddable":true,"href":"https:\/\/centrourbano.com\/revista\/wp-json\/wp\/v2\/categories?post=20606"},{"taxonomy":"post_tag","embeddable":true,"href":"https:\/\/centrourbano.com\/revista\/wp-json\/wp\/v2\/tags?post=20606"}],"curies":[{"name":"wp","href":"https:\/\/api.w.org\/{rel}","templated":true}]}}