{"id":20462,"date":"2015-06-30T14:06:08","date_gmt":"2015-06-30T19:06:08","guid":{"rendered":"http:\/\/centrourbano.com\/?p=20462"},"modified":"2015-06-30T14:06:08","modified_gmt":"2015-06-30T19:06:08","slug":"rehabilitaran-deportivos-en-la-venustiano-carranza","status":"publish","type":"post","link":"https:\/\/centrourbano.com\/revista\/urbanismo\/rehabilitaran-deportivos-en-la-venustiano-carranza\/","title":{"rendered":"Rehabilitar\u00e1n deportivos en la Venustiano Carranza"},"content":{"rendered":"<p>&nbsp;<\/p>\n<p><em>M\u00e1s de 27 millones de pesos han sido destinados para rehabilitar y modernizar centros deportivos con m\u00e1s de 50 a\u00f1os de servicio<\/em><!--more--><\/p>\n<p>Los deportivos Ocean\u00eda, Eduardo Molina, Venustiano Carranza y Plutarco El\u00edas Calles, recibir\u00e1n una inversi\u00f3n de m\u00e1s de 27 millones de pesos, por parte de la delegaci\u00f3n Venustiano Carranza, para dar inicio con los trabajos de remodelaci\u00f3n y modernizaci\u00f3n de sus instalaciones, pues tienen m\u00e1s de 50 a\u00f1os en servicio y, en conjunto con otros seis que se encuentran dentro de la demarcaci\u00f3n, generan talento deportivo en distintas competencias de la ciudad.<\/p>\n<p>Los trabajos ya dieron inicio e incluyen la construcci\u00f3n de una cancha multifuncional con pasto sint\u00e9tico, rehabilitaci\u00f3n de canchas, gimnasio, pintura en general, trabajos de impermeabilizaci\u00f3n, reparaci\u00f3n de ba\u00f1os, implementaci\u00f3n de instalaci\u00f3n el\u00e9ctrica, entre otros.<\/p>\n<p>En el Deportivo Venustiano Carranza, uno de los m\u00e1s antiguos de la ciudad, se realizan trabajos de rehabilitaci\u00f3n en sus fachadas, canceler\u00eda, implementaci\u00f3n de nuevo mobiliario en ba\u00f1os, cambio de iluminaci\u00f3n, pintura en general e impermeabilizaci\u00f3n. Mientras que el Deportivo Ocean\u00eda ser\u00e1 quien albergue la cancha multifuncional para practicar futbol y americano, adem\u00e1s de otras disciplinas.<\/p>\n<p>En tanto, en el Deportivo Eduardo Molina se rehabilitar\u00e1 el techo del gimnasio central, tambi\u00e9n se le implementar\u00e1n bajadas de agua, impermeabilizaci\u00f3n y se le efectuar\u00e1n trabajos de pintura en general. Al Deportivo Plutarco El\u00edas Calles, se le rehabilitar\u00e1n sus canchas deportivas.<\/p>\n","protected":false},"excerpt":{"rendered":"<p>&nbsp; M\u00e1s de 27 millones de pesos han sido destinados para rehabilitar y modernizar centros deportivos con m\u00e1s de 50 a\u00f1os de servicio<\/p>\n","protected":false},"author":77,"featured_media":20463,"comment_status":"open","ping_status":"closed","sticky":false,"template":"","format":"standard","meta":{"inline_featured_image":false,"footnotes":""},"categories":[82],"tags":[3229,5541,5540,5543,5542,5539],"class_list":["post-20462","post","type-post","status-publish","format-standard","has-post-thumbnail","hentry","category-urbanismo","tag-delegacion-venustiano-carranza","tag-deportivo-eduardo-molina","tag-deportivo-oceania","tag-deportivo-plutarco-elias-calles","tag-deportivo-venustiano-carranza","tag-deportivos"],"yoast_head":"<!-- This site is optimized with the Yoast SEO plugin v28.4 - https:\/\/yoast.com\/product\/yoast-seo-wordpress\/ -->\n<title>Rehabilitar\u00e1n deportivos en la Venustiano Carranza -<\/title>\n<meta name=\"description\" content=\"&nbsp; M\u00e1s de 27 millones de pesos han sido destinados para rehabilitar y modernizar centros deportivos con m\u00e1s de 50 a\u00f1os de servicio Los deportivos\" \/>\n<meta name=\"robots\" content=\"index, follow, max-snippet:-1, max-image-preview:large, max-video-preview:-1\" \/>\n<link rel=\"canonical\" href=\"https:\/\/centrourbano.com\/revista\/urbanismo\/rehabilitaran-deportivos-en-la-venustiano-carranza\/\" \/>\n<meta property=\"og:locale\" content=\"es_ES\" \/>\n<meta property=\"og:type\" content=\"article\" \/>\n<meta property=\"og:title\" content=\"Rehabilitar\u00e1n deportivos en la Venustiano Carranza -\" \/>\n<meta property=\"og:description\" content=\"&nbsp; M\u00e1s de 27 millones de pesos han sido destinados para rehabilitar y modernizar centros deportivos con m\u00e1s de 50 a\u00f1os de servicio Los deportivos\" \/>\n<meta property=\"og:url\" content=\"https:\/\/centrourbano.com\/revista\/urbanismo\/rehabilitaran-deportivos-en-la-venustiano-carranza\/\" \/>\n<meta property=\"og:site_name\" content=\"Centro Urbano\" \/>\n<meta property=\"article:publisher\" content=\"https:\/\/www.facebook.com\/portalcentrourbano\" \/>\n<meta property=\"article:published_time\" content=\"2015-06-30T19:06:08+00:00\" \/>\n<meta property=\"og:image\" content=\"https:\/\/centrourbano.com\/revista\/wp-content\/uploads\/oceania1.jpg\" \/>\n\t<meta property=\"og:image:width\" content=\"600\" \/>\n\t<meta property=\"og:image:height\" content=\"440\" \/>\n\t<meta property=\"og:image:type\" content=\"image\/jpeg\" \/>\n<meta name=\"author\" content=\"G4A\" \/>\n<meta name=\"twitter:card\" content=\"summary_large_image\" \/>\n<meta name=\"twitter:creator\" content=\"@CentroUrbano\" \/>\n<meta name=\"twitter:site\" content=\"@CentroUrbano\" \/>\n<meta name=\"twitter:label1\" content=\"Escrito por\" \/>\n\t<meta name=\"twitter:data1\" content=\"G4A\" \/>\n\t<meta name=\"twitter:label2\" content=\"Tiempo de lectura\" \/>\n\t<meta name=\"twitter:data2\" content=\"1 minuto\" \/>\n<script type=\"application\/ld+json\" class=\"yoast-schema-graph\">{\"@context\":\"https:\\\/\\\/schema.org\",\"@graph\":[{\"@type\":\"Article\",\"@id\":\"https:\\\/\\\/centrourbano.com\\\/revista\\\/urbanismo\\\/rehabilitaran-deportivos-en-la-venustiano-carranza\\\/#article\",\"isPartOf\":{\"@id\":\"https:\\\/\\\/centrourbano.com\\\/revista\\\/urbanismo\\\/rehabilitaran-deportivos-en-la-venustiano-carranza\\\/\"},\"author\":{\"name\":\"G4A\",\"@id\":\"https:\\\/\\\/centrourbano.com\\\/revista\\\/#\\\/schema\\\/person\\\/370fa0ba2d8dd5bde3fdb8b62ad360aa\"},\"headline\":\"Rehabilitar\u00e1n deportivos en la Venustiano Carranza\",\"datePublished\":\"2015-06-30T19:06:08+00:00\",\"mainEntityOfPage\":{\"@id\":\"https:\\\/\\\/centrourbano.com\\\/revista\\\/urbanismo\\\/rehabilitaran-deportivos-en-la-venustiano-carranza\\\/\"},\"wordCount\":268,\"commentCount\":0,\"publisher\":{\"@id\":\"https:\\\/\\\/centrourbano.com\\\/revista\\\/#organization\"},\"image\":{\"@id\":\"https:\\\/\\\/centrourbano.com\\\/revista\\\/urbanismo\\\/rehabilitaran-deportivos-en-la-venustiano-carranza\\\/#primaryimage\"},\"thumbnailUrl\":\"https:\\\/\\\/centrourbano.com\\\/revista\\\/wp-content\\\/uploads\\\/oceania1.jpg\",\"keywords\":[\"Delegaci\u00f3n Venustiano Carranza\",\"Deportivo Eduardo Molina\",\"Deportivo Ocean\u00eda\",\"deportivo Plutarco El\u00edas Calles\",\"Deportivo Venustiano Carranza\",\"Deportivos\"],\"articleSection\":[\"Urbanismo\"],\"inLanguage\":\"es\"},{\"@type\":\"WebPage\",\"@id\":\"https:\\\/\\\/centrourbano.com\\\/revista\\\/urbanismo\\\/rehabilitaran-deportivos-en-la-venustiano-carranza\\\/\",\"url\":\"https:\\\/\\\/centrourbano.com\\\/revista\\\/urbanismo\\\/rehabilitaran-deportivos-en-la-venustiano-carranza\\\/\",\"name\":\"Rehabilitar\u00e1n deportivos en la Venustiano Carranza -\",\"isPartOf\":{\"@id\":\"https:\\\/\\\/centrourbano.com\\\/revista\\\/#website\"},\"primaryImageOfPage\":{\"@id\":\"https:\\\/\\\/centrourbano.com\\\/revista\\\/urbanismo\\\/rehabilitaran-deportivos-en-la-venustiano-carranza\\\/#primaryimage\"},\"image\":{\"@id\":\"https:\\\/\\\/centrourbano.com\\\/revista\\\/urbanismo\\\/rehabilitaran-deportivos-en-la-venustiano-carranza\\\/#primaryimage\"},\"thumbnailUrl\":\"https:\\\/\\\/centrourbano.com\\\/revista\\\/wp-content\\\/uploads\\\/oceania1.jpg\",\"datePublished\":\"2015-06-30T19:06:08+00:00\",\"description\":\"&nbsp; M\u00e1s de 27 millones de pesos han sido destinados para rehabilitar y modernizar centros deportivos con m\u00e1s de 50 a\u00f1os de servicio Los deportivos\",\"breadcrumb\":{\"@id\":\"https:\\\/\\\/centrourbano.com\\\/revista\\\/urbanismo\\\/rehabilitaran-deportivos-en-la-venustiano-carranza\\\/#breadcrumb\"},\"inLanguage\":\"es\",\"potentialAction\":[{\"@type\":\"ReadAction\",\"target\":[\"https:\\\/\\\/centrourbano.com\\\/revista\\\/urbanismo\\\/rehabilitaran-deportivos-en-la-venustiano-carranza\\\/\"]}]},{\"@type\":\"ImageObject\",\"inLanguage\":\"es\",\"@id\":\"https:\\\/\\\/centrourbano.com\\\/revista\\\/urbanismo\\\/rehabilitaran-deportivos-en-la-venustiano-carranza\\\/#primaryimage\",\"url\":\"https:\\\/\\\/centrourbano.com\\\/revista\\\/wp-content\\\/uploads\\\/oceania1.jpg\",\"contentUrl\":\"https:\\\/\\\/centrourbano.com\\\/revista\\\/wp-content\\\/uploads\\\/oceania1.jpg\",\"width\":600,\"height\":440},{\"@type\":\"BreadcrumbList\",\"@id\":\"https:\\\/\\\/centrourbano.com\\\/revista\\\/urbanismo\\\/rehabilitaran-deportivos-en-la-venustiano-carranza\\\/#breadcrumb\",\"itemListElement\":[{\"@type\":\"ListItem\",\"position\":1,\"name\":\"Portada\",\"item\":\"https:\\\/\\\/centrourbano.com\\\/revista\\\/\"},{\"@type\":\"ListItem\",\"position\":2,\"name\":\"Rehabilitar\u00e1n deportivos en la Venustiano Carranza\"}]},{\"@type\":\"WebSite\",\"@id\":\"https:\\\/\\\/centrourbano.com\\\/revista\\\/#website\",\"url\":\"https:\\\/\\\/centrourbano.com\\\/revista\\\/\",\"name\":\"Centro Urbano\",\"description\":\"Medio especializado en los sectores vivienda, inmobiliario, construcci\u00f3n, arquitectura y urbanismo.\",\"publisher\":{\"@id\":\"https:\\\/\\\/centrourbano.com\\\/revista\\\/#organization\"},\"potentialAction\":[{\"@type\":\"SearchAction\",\"target\":{\"@type\":\"EntryPoint\",\"urlTemplate\":\"https:\\\/\\\/centrourbano.com\\\/revista\\\/?s={search_term_string}\"},\"query-input\":{\"@type\":\"PropertyValueSpecification\",\"valueRequired\":true,\"valueName\":\"search_term_string\"}}],\"inLanguage\":\"es\"},{\"@type\":\"Organization\",\"@id\":\"https:\\\/\\\/centrourbano.com\\\/revista\\\/#organization\",\"name\":\"Centro Urbano\",\"url\":\"https:\\\/\\\/centrourbano.com\\\/revista\\\/\",\"logo\":{\"@type\":\"ImageObject\",\"inLanguage\":\"es\",\"@id\":\"https:\\\/\\\/centrourbano.com\\\/revista\\\/#\\\/schema\\\/logo\\\/image\\\/\",\"url\":\"https:\\\/\\\/centrourbano.com\\\/revista\\\/wp-content\\\/uploads\\\/web_CU_logo-1.png\",\"contentUrl\":\"https:\\\/\\\/centrourbano.com\\\/revista\\\/wp-content\\\/uploads\\\/web_CU_logo-1.png\",\"width\":350,\"height\":91,\"caption\":\"Centro Urbano\"},\"image\":{\"@id\":\"https:\\\/\\\/centrourbano.com\\\/revista\\\/#\\\/schema\\\/logo\\\/image\\\/\"},\"sameAs\":[\"https:\\\/\\\/www.facebook.com\\\/portalcentrourbano\",\"https:\\\/\\\/x.com\\\/CentroUrbano\",\"https:\\\/\\\/www.instagram.com\\\/centro_urbano\\\/\",\"https:\\\/\\\/www.linkedin.com\\\/company\\\/centro-urbano\\\/\",\"http:\\\/\\\/www.youtube.com\\\/user\\\/portalcentrourbano\"]},{\"@type\":\"Person\",\"@id\":\"https:\\\/\\\/centrourbano.com\\\/revista\\\/#\\\/schema\\\/person\\\/370fa0ba2d8dd5bde3fdb8b62ad360aa\",\"name\":\"G4A\",\"image\":{\"@type\":\"ImageObject\",\"inLanguage\":\"es\",\"@id\":\"https:\\\/\\\/secure.gravatar.com\\\/avatar\\\/932a97121b13d5de5bbd8193c6c83d3b92c9eda0f39623607d4280e7a5778d97?s=96&d=mm&r=g\",\"url\":\"https:\\\/\\\/secure.gravatar.com\\\/avatar\\\/932a97121b13d5de5bbd8193c6c83d3b92c9eda0f39623607d4280e7a5778d97?s=96&d=mm&r=g\",\"contentUrl\":\"https:\\\/\\\/secure.gravatar.com\\\/avatar\\\/932a97121b13d5de5bbd8193c6c83d3b92c9eda0f39623607d4280e7a5778d97?s=96&d=mm&r=g\",\"caption\":\"G4A\"},\"url\":\"https:\\\/\\\/centrourbano.com\\\/revista\\\/author\\\/admin-g4a\\\/\"}]}<\/script>\n<!-- \/ Yoast SEO plugin. -->","yoast_head_json":{"title":"Rehabilitar\u00e1n deportivos en la Venustiano Carranza -","description":"&nbsp; M\u00e1s de 27 millones de pesos han sido destinados para rehabilitar y modernizar centros deportivos con m\u00e1s de 50 a\u00f1os de servicio Los deportivos","robots":{"index":"index","follow":"follow","max-snippet":"max-snippet:-1","max-image-preview":"max-image-preview:large","max-video-preview":"max-video-preview:-1"},"canonical":"https:\/\/centrourbano.com\/revista\/urbanismo\/rehabilitaran-deportivos-en-la-venustiano-carranza\/","og_locale":"es_ES","og_type":"article","og_title":"Rehabilitar\u00e1n deportivos en la Venustiano Carranza -","og_description":"&nbsp; M\u00e1s de 27 millones de pesos han sido destinados para rehabilitar y modernizar centros deportivos con m\u00e1s de 50 a\u00f1os de servicio Los deportivos","og_url":"https:\/\/centrourbano.com\/revista\/urbanismo\/rehabilitaran-deportivos-en-la-venustiano-carranza\/","og_site_name":"Centro Urbano","article_publisher":"https:\/\/www.facebook.com\/portalcentrourbano","article_published_time":"2015-06-30T19:06:08+00:00","og_image":[{"width":600,"height":440,"url":"https:\/\/centrourbano.com\/revista\/wp-content\/uploads\/oceania1.jpg","type":"image\/jpeg"}],"author":"G4A","twitter_card":"summary_large_image","twitter_creator":"@CentroUrbano","twitter_site":"@CentroUrbano","twitter_misc":{"Escrito por":"G4A","Tiempo de lectura":"1 minuto"},"schema":{"@context":"https:\/\/schema.org","@graph":[{"@type":"Article","@id":"https:\/\/centrourbano.com\/revista\/urbanismo\/rehabilitaran-deportivos-en-la-venustiano-carranza\/#article","isPartOf":{"@id":"https:\/\/centrourbano.com\/revista\/urbanismo\/rehabilitaran-deportivos-en-la-venustiano-carranza\/"},"author":{"name":"G4A","@id":"https:\/\/centrourbano.com\/revista\/#\/schema\/person\/370fa0ba2d8dd5bde3fdb8b62ad360aa"},"headline":"Rehabilitar\u00e1n deportivos en la Venustiano Carranza","datePublished":"2015-06-30T19:06:08+00:00","mainEntityOfPage":{"@id":"https:\/\/centrourbano.com\/revista\/urbanismo\/rehabilitaran-deportivos-en-la-venustiano-carranza\/"},"wordCount":268,"commentCount":0,"publisher":{"@id":"https:\/\/centrourbano.com\/revista\/#organization"},"image":{"@id":"https:\/\/centrourbano.com\/revista\/urbanismo\/rehabilitaran-deportivos-en-la-venustiano-carranza\/#primaryimage"},"thumbnailUrl":"https:\/\/centrourbano.com\/revista\/wp-content\/uploads\/oceania1.jpg","keywords":["Delegaci\u00f3n Venustiano Carranza","Deportivo Eduardo Molina","Deportivo Ocean\u00eda","deportivo Plutarco El\u00edas Calles","Deportivo Venustiano Carranza","Deportivos"],"articleSection":["Urbanismo"],"inLanguage":"es"},{"@type":"WebPage","@id":"https:\/\/centrourbano.com\/revista\/urbanismo\/rehabilitaran-deportivos-en-la-venustiano-carranza\/","url":"https:\/\/centrourbano.com\/revista\/urbanismo\/rehabilitaran-deportivos-en-la-venustiano-carranza\/","name":"Rehabilitar\u00e1n deportivos en la Venustiano Carranza -","isPartOf":{"@id":"https:\/\/centrourbano.com\/revista\/#website"},"primaryImageOfPage":{"@id":"https:\/\/centrourbano.com\/revista\/urbanismo\/rehabilitaran-deportivos-en-la-venustiano-carranza\/#primaryimage"},"image":{"@id":"https:\/\/centrourbano.com\/revista\/urbanismo\/rehabilitaran-deportivos-en-la-venustiano-carranza\/#primaryimage"},"thumbnailUrl":"https:\/\/centrourbano.com\/revista\/wp-content\/uploads\/oceania1.jpg","datePublished":"2015-06-30T19:06:08+00:00","description":"&nbsp; M\u00e1s de 27 millones de pesos han sido destinados para rehabilitar y modernizar centros deportivos con m\u00e1s de 50 a\u00f1os de servicio Los deportivos","breadcrumb":{"@id":"https:\/\/centrourbano.com\/revista\/urbanismo\/rehabilitaran-deportivos-en-la-venustiano-carranza\/#breadcrumb"},"inLanguage":"es","potentialAction":[{"@type":"ReadAction","target":["https:\/\/centrourbano.com\/revista\/urbanismo\/rehabilitaran-deportivos-en-la-venustiano-carranza\/"]}]},{"@type":"ImageObject","inLanguage":"es","@id":"https:\/\/centrourbano.com\/revista\/urbanismo\/rehabilitaran-deportivos-en-la-venustiano-carranza\/#primaryimage","url":"https:\/\/centrourbano.com\/revista\/wp-content\/uploads\/oceania1.jpg","contentUrl":"https:\/\/centrourbano.com\/revista\/wp-content\/uploads\/oceania1.jpg","width":600,"height":440},{"@type":"BreadcrumbList","@id":"https:\/\/centrourbano.com\/revista\/urbanismo\/rehabilitaran-deportivos-en-la-venustiano-carranza\/#breadcrumb","itemListElement":[{"@type":"ListItem","position":1,"name":"Portada","item":"https:\/\/centrourbano.com\/revista\/"},{"@type":"ListItem","position":2,"name":"Rehabilitar\u00e1n deportivos en la Venustiano Carranza"}]},{"@type":"WebSite","@id":"https:\/\/centrourbano.com\/revista\/#website","url":"https:\/\/centrourbano.com\/revista\/","name":"Centro Urbano","description":"Medio especializado en los sectores vivienda, inmobiliario, construcci\u00f3n, arquitectura y urbanismo.","publisher":{"@id":"https:\/\/centrourbano.com\/revista\/#organization"},"potentialAction":[{"@type":"SearchAction","target":{"@type":"EntryPoint","urlTemplate":"https:\/\/centrourbano.com\/revista\/?s={search_term_string}"},"query-input":{"@type":"PropertyValueSpecification","valueRequired":true,"valueName":"search_term_string"}}],"inLanguage":"es"},{"@type":"Organization","@id":"https:\/\/centrourbano.com\/revista\/#organization","name":"Centro Urbano","url":"https:\/\/centrourbano.com\/revista\/","logo":{"@type":"ImageObject","inLanguage":"es","@id":"https:\/\/centrourbano.com\/revista\/#\/schema\/logo\/image\/","url":"https:\/\/centrourbano.com\/revista\/wp-content\/uploads\/web_CU_logo-1.png","contentUrl":"https:\/\/centrourbano.com\/revista\/wp-content\/uploads\/web_CU_logo-1.png","width":350,"height":91,"caption":"Centro Urbano"},"image":{"@id":"https:\/\/centrourbano.com\/revista\/#\/schema\/logo\/image\/"},"sameAs":["https:\/\/www.facebook.com\/portalcentrourbano","https:\/\/x.com\/CentroUrbano","https:\/\/www.instagram.com\/centro_urbano\/","https:\/\/www.linkedin.com\/company\/centro-urbano\/","http:\/\/www.youtube.com\/user\/portalcentrourbano"]},{"@type":"Person","@id":"https:\/\/centrourbano.com\/revista\/#\/schema\/person\/370fa0ba2d8dd5bde3fdb8b62ad360aa","name":"G4A","image":{"@type":"ImageObject","inLanguage":"es","@id":"https:\/\/secure.gravatar.com\/avatar\/932a97121b13d5de5bbd8193c6c83d3b92c9eda0f39623607d4280e7a5778d97?s=96&d=mm&r=g","url":"https:\/\/secure.gravatar.com\/avatar\/932a97121b13d5de5bbd8193c6c83d3b92c9eda0f39623607d4280e7a5778d97?s=96&d=mm&r=g","contentUrl":"https:\/\/secure.gravatar.com\/avatar\/932a97121b13d5de5bbd8193c6c83d3b92c9eda0f39623607d4280e7a5778d97?s=96&d=mm&r=g","caption":"G4A"},"url":"https:\/\/centrourbano.com\/revista\/author\/admin-g4a\/"}]}},"_links":{"self":[{"href":"https:\/\/centrourbano.com\/revista\/wp-json\/wp\/v2\/posts\/20462","targetHints":{"allow":["GET"]}}],"collection":[{"href":"https:\/\/centrourbano.com\/revista\/wp-json\/wp\/v2\/posts"}],"about":[{"href":"https:\/\/centrourbano.com\/revista\/wp-json\/wp\/v2\/types\/post"}],"author":[{"embeddable":true,"href":"https:\/\/centrourbano.com\/revista\/wp-json\/wp\/v2\/users\/77"}],"replies":[{"embeddable":true,"href":"https:\/\/centrourbano.com\/revista\/wp-json\/wp\/v2\/comments?post=20462"}],"version-history":[{"count":0,"href":"https:\/\/centrourbano.com\/revista\/wp-json\/wp\/v2\/posts\/20462\/revisions"}],"wp:featuredmedia":[{"embeddable":true,"href":"https:\/\/centrourbano.com\/revista\/wp-json\/wp\/v2\/media\/20463"}],"wp:attachment":[{"href":"https:\/\/centrourbano.com\/revista\/wp-json\/wp\/v2\/media?parent=20462"}],"wp:term":[{"taxonomy":"category","embeddable":true,"href":"https:\/\/centrourbano.com\/revista\/wp-json\/wp\/v2\/categories?post=20462"},{"taxonomy":"post_tag","embeddable":true,"href":"https:\/\/centrourbano.com\/revista\/wp-json\/wp\/v2\/tags?post=20462"}],"curies":[{"name":"wp","href":"https:\/\/api.w.org\/{rel}","templated":true}]}}