{"id":20444,"date":"2015-06-30T12:57:20","date_gmt":"2015-06-30T17:57:20","guid":{"rendered":"http:\/\/centrourbano.com\/?p=20444"},"modified":"2015-06-30T13:33:22","modified_gmt":"2015-06-30T18:33:22","slug":"presentan-la-primera-bienal-nacional-del-paisaje","status":"publish","type":"post","link":"https:\/\/centrourbano.com\/revista\/arquitectura-2\/presentan-la-primera-bienal-nacional-del-paisaje\/","title":{"rendered":"Presentan la Primera Bienal Nacional del Paisaje"},"content":{"rendered":"<p><em>La muestra en el Museo de Arte Carrillo Gil est\u00e1 conformada por 51 artistas que representan dicho tema\u00a0a trav\u00e9s de\u00a0pintura, escultura, gr\u00e1fica, fotograf\u00eda, video e instalaci\u00f3n<\/em><!--more--><\/p>\n<p>El Museo de Arte Carrillo Gil present\u00f3 la Primera Bienal Nacional del Paisaje, conformada por 51 artistas que\u00a0muestran y representan el paisaje a trav\u00e9s de diferentes medios, como pintura, escultura, gr\u00e1fica, fotograf\u00eda, video e instalaci\u00f3n.<\/p>\n<p>Esta muestra estar\u00e1 disponible hasta el pr\u00f3ximo 13 de septiembre de 2015 en este recinto que busca establecerse como un corredor capitalino para proyectos expositivos generados en los estados de la Rep\u00fablica El Instituto Nacional de Bellas Artes (INBA).<\/p>\n<p>Cabe destacar que\u00a0el Instituto Sonorense de Cultura (ISC)\u00a0convoc\u00f3 en mayo de 2014 a artistas mexicanos y extranjeros residentes en el pa\u00eds a participar en un certamen en torno a un eje tem\u00e1tico: el paisaje.<\/p>\n<p>La convocatoria incluy\u00f3 distintos medios, como pintura, escultura, gr\u00e1fica, fotograf\u00eda, video e instalaci\u00f3n, y un jurado especializado en artes visuales, integrado por los curadores Gerardo Mosquera, Itzel Vargas Plata y Carlos E. Palacios, revis\u00f3 un total de 1,406 propuestas de 637 participantes y seleccion\u00f3 52 piezas de 51 creadores.<\/p>\n<p>La muestra fue\u00a0exhibida por primera vez en el Museo de Arte de Sonora,\u00a0en Hermosillo, en donde el\u00a0jurado eligi\u00f3 a Herna\u00edn Bravo, con el video Nueva cartograf\u00eda (2014) y a Pablo L\u00f3pez Luz, con la fotograf\u00eda Desierto de Coahuila III. Proyecto Frontera (2014), como los ganadores de los premios de adquisici\u00f3n.<\/p>\n<p>Asimismo, fue otorgada una menci\u00f3n honor\u00edfica a Fernando Brito por sus fotograf\u00edas Tus pasos se perdieron en el paisaje y El campo, suicidio en Balbuena (2013).<\/p>\n<p>En las obras se pueden apreciar varias preocupaciones, unas relacionadas con el territorio y sus implicaciones econ\u00f3micas, sociales y pol\u00edticas; otras, con problemas ambientales y la necesidad de sustentabilidad; unas m\u00e1s, con el concepto mismo de paisaje y su representaci\u00f3n, y hay tambi\u00e9n las que abordan el paisaje urbano y las que lo prefiguran desde la memoria y la imaginaci\u00f3n.<\/p>\n<p>La Primera Bienal Nacional del Paisaje fue inaugurada el pasado 26 de junio a las 19:30 horas en el segundo piso del MACG, donde permanecer\u00e1 abierta al p\u00fablico hasta el 13 de septiembre.<\/p>\n<p>La Primera Bienal Nacional del Paisaje incluye la obra de los artistas: Pablo L\u00f3pez Luz, Herna\u00edn Bravo, Fernando Brito, Francisco Westendarp, Walter Shintani, Joaqu\u00edn Segura, Saulo Cisneros, Colectivo Est\u00e9tica Unisex, Natalia Ludmila, Wendy Ayala Bandala, \u00d3scar Farf\u00e1n, Ling Sep\u00falveda, \u00d3scar Garc\u00eda, Adela Goldbard, Javier Hinojosa, Oliver Yocupicio, Sebasti\u00e1n Beltr\u00e1n, Alfredo De Stefano, Claudia Pe\u00f1a, Nelson Gerardo Hern\u00e1ndez, Xat\u00e9 Tzitziki Aguilar, Morelos Le\u00f3n Celis, Alfredo K\u00e1ram, Le\u00f3n Armando Mart\u00ednez, Alejandra Dessens, Tania Ximena Ruiz, Fritzia Irizar, Carlos C\u00e9sar D\u00edaz Castro, \u00c1lvaro Verduzo, Abraham Palafox, Alejandro Almanza, Rafael Uriegas, Bruno Miguel Viruete, Miguel \u00c1ngel Ortega, Antonio Ibarra, Calixto Ram\u00edrez, David Corona, Alejandro Cartagena, Sof\u00eda Echeverri, Y\u00f3llotl G\u00f3mez Alvarado, Celia Moreschi, Carlos Mar\u00eda Flores, Alex Dorfsman, Rafael Casas-Garza, Guillermo \u00c1lvarez Charvel, Yanieb Fabre, Alejandra Espa\u00f1a, N\u00e9stor Jim\u00e9nez, Alma Irene Albineda, Dulce Chac\u00f3n y Julieta Olalde.<\/p>\n","protected":false},"excerpt":{"rendered":"<p>La muestra en el Museo de Arte Carrillo Gil est\u00e1 conformada por 51 artistas que representan dicho tema\u00a0a trav\u00e9s de\u00a0pintura, escultura, gr\u00e1fica, fotograf\u00eda, video e instalaci\u00f3n<\/p>\n","protected":false},"author":9,"featured_media":20445,"comment_status":"open","ping_status":"closed","sticky":false,"template":"","format":"standard","meta":{"om_disable_all_campaigns":false,"inline_featured_image":false,"_monsterinsights_skip_tracking":false,"_monsterinsights_sitenote_active":false,"_monsterinsights_sitenote_note":"","_monsterinsights_sitenote_category":0,"footnotes":""},"categories":[81],"tags":[20,2176,180,389,388,5535,5534,5533],"class_list":["post-20444","post","type-post","status-publish","format-standard","has-post-thumbnail","hentry","category-arquitectura-2","tag-arquitectura","tag-arte","tag-bellas-artes","tag-conaculta","tag-inba","tag-museo-de-arte-carrillo-gil","tag-museo-de-arte-de-sonora","tag-primera-bienal-del-paisaje"],"yoast_head":"<!-- This site is optimized with the Yoast SEO plugin v27.4 - https:\/\/yoast.com\/product\/yoast-seo-wordpress\/ -->\n<title>Presentan la Primera Bienal Nacional del Paisaje -<\/title>\n<meta name=\"description\" content=\"La muestra en el Museo de Arte Carrillo Gil est\u00e1 conformada por 51 artistas que representan dicho tema\u00a0a trav\u00e9s de\u00a0pintura, escultura, gr\u00e1fica,\" \/>\n<meta name=\"robots\" content=\"index, follow, max-snippet:-1, max-image-preview:large, max-video-preview:-1\" \/>\n<link rel=\"canonical\" href=\"https:\/\/centrourbano.com\/revista\/arquitectura-2\/presentan-la-primera-bienal-nacional-del-paisaje\/\" \/>\n<meta property=\"og:locale\" content=\"es_ES\" \/>\n<meta property=\"og:type\" content=\"article\" \/>\n<meta property=\"og:title\" content=\"Presentan la Primera Bienal Nacional del Paisaje -\" \/>\n<meta property=\"og:description\" content=\"La muestra en el Museo de Arte Carrillo Gil est\u00e1 conformada por 51 artistas que representan dicho tema\u00a0a trav\u00e9s de\u00a0pintura, escultura, gr\u00e1fica,\" \/>\n<meta property=\"og:url\" content=\"https:\/\/centrourbano.com\/revista\/arquitectura-2\/presentan-la-primera-bienal-nacional-del-paisaje\/\" \/>\n<meta property=\"og:site_name\" content=\"Centro Urbano\" \/>\n<meta property=\"article:publisher\" content=\"https:\/\/www.facebook.com\/portalcentrourbano\" \/>\n<meta property=\"article:published_time\" content=\"2015-06-30T17:57:20+00:00\" \/>\n<meta property=\"article:modified_time\" content=\"2015-06-30T18:33:22+00:00\" \/>\n<meta property=\"og:image\" content=\"https:\/\/centrourbano.com\/revista\/wp-content\/uploads\/museoacerca.jpg\" \/>\n\t<meta property=\"og:image:width\" content=\"480\" \/>\n\t<meta property=\"og:image:height\" content=\"320\" \/>\n\t<meta property=\"og:image:type\" content=\"image\/jpeg\" \/>\n<meta name=\"author\" content=\"Dinorah Nava\" \/>\n<meta name=\"twitter:card\" content=\"summary_large_image\" \/>\n<meta name=\"twitter:creator\" content=\"@https:\/\/twitter.com\/Dinorah_Nava28\" \/>\n<meta name=\"twitter:site\" content=\"@CentroUrbano\" \/>\n<meta name=\"twitter:label1\" content=\"Escrito por\" \/>\n\t<meta name=\"twitter:data1\" content=\"Dinorah Nava\" \/>\n\t<meta name=\"twitter:label2\" content=\"Tiempo de lectura\" \/>\n\t<meta name=\"twitter:data2\" content=\"3 minutos\" \/>\n<script type=\"application\/ld+json\" class=\"yoast-schema-graph\">{\"@context\":\"https:\\\/\\\/schema.org\",\"@graph\":[{\"@type\":\"Article\",\"@id\":\"https:\\\/\\\/centrourbano.com\\\/revista\\\/arquitectura-2\\\/presentan-la-primera-bienal-nacional-del-paisaje\\\/#article\",\"isPartOf\":{\"@id\":\"https:\\\/\\\/centrourbano.com\\\/revista\\\/arquitectura-2\\\/presentan-la-primera-bienal-nacional-del-paisaje\\\/\"},\"author\":{\"name\":\"Dinorah Nava\",\"@id\":\"https:\\\/\\\/centrourbano.com\\\/revista\\\/#\\\/schema\\\/person\\\/b45db815d96831257ba428a3d5a5fbdc\"},\"headline\":\"Presentan la Primera Bienal Nacional del Paisaje\",\"datePublished\":\"2015-06-30T17:57:20+00:00\",\"dateModified\":\"2015-06-30T18:33:22+00:00\",\"mainEntityOfPage\":{\"@id\":\"https:\\\/\\\/centrourbano.com\\\/revista\\\/arquitectura-2\\\/presentan-la-primera-bienal-nacional-del-paisaje\\\/\"},\"wordCount\":540,\"commentCount\":0,\"publisher\":{\"@id\":\"https:\\\/\\\/centrourbano.com\\\/revista\\\/#organization\"},\"image\":{\"@id\":\"https:\\\/\\\/centrourbano.com\\\/revista\\\/arquitectura-2\\\/presentan-la-primera-bienal-nacional-del-paisaje\\\/#primaryimage\"},\"thumbnailUrl\":\"https:\\\/\\\/centrourbano.com\\\/revista\\\/wp-content\\\/uploads\\\/museoacerca.jpg\",\"keywords\":[\"arquitectura\",\"arte\",\"bellas artes\",\"Conaculta\",\"INBA\",\"Museo de Arte Carrillo Gil\",\"Museo de Arte de Sonora\",\"Primera Bienal del Paisaje\"],\"articleSection\":[\"Arquitectura\"],\"inLanguage\":\"es\",\"potentialAction\":[{\"@type\":\"CommentAction\",\"name\":\"Comment\",\"target\":[\"https:\\\/\\\/centrourbano.com\\\/revista\\\/arquitectura-2\\\/presentan-la-primera-bienal-nacional-del-paisaje\\\/#respond\"]}]},{\"@type\":\"WebPage\",\"@id\":\"https:\\\/\\\/centrourbano.com\\\/revista\\\/arquitectura-2\\\/presentan-la-primera-bienal-nacional-del-paisaje\\\/\",\"url\":\"https:\\\/\\\/centrourbano.com\\\/revista\\\/arquitectura-2\\\/presentan-la-primera-bienal-nacional-del-paisaje\\\/\",\"name\":\"Presentan la Primera Bienal Nacional del Paisaje -\",\"isPartOf\":{\"@id\":\"https:\\\/\\\/centrourbano.com\\\/revista\\\/#website\"},\"primaryImageOfPage\":{\"@id\":\"https:\\\/\\\/centrourbano.com\\\/revista\\\/arquitectura-2\\\/presentan-la-primera-bienal-nacional-del-paisaje\\\/#primaryimage\"},\"image\":{\"@id\":\"https:\\\/\\\/centrourbano.com\\\/revista\\\/arquitectura-2\\\/presentan-la-primera-bienal-nacional-del-paisaje\\\/#primaryimage\"},\"thumbnailUrl\":\"https:\\\/\\\/centrourbano.com\\\/revista\\\/wp-content\\\/uploads\\\/museoacerca.jpg\",\"datePublished\":\"2015-06-30T17:57:20+00:00\",\"dateModified\":\"2015-06-30T18:33:22+00:00\",\"description\":\"La muestra en el Museo de Arte Carrillo Gil est\u00e1 conformada por 51 artistas que representan dicho tema\u00a0a trav\u00e9s de\u00a0pintura, escultura, gr\u00e1fica,\",\"breadcrumb\":{\"@id\":\"https:\\\/\\\/centrourbano.com\\\/revista\\\/arquitectura-2\\\/presentan-la-primera-bienal-nacional-del-paisaje\\\/#breadcrumb\"},\"inLanguage\":\"es\",\"potentialAction\":[{\"@type\":\"ReadAction\",\"target\":[\"https:\\\/\\\/centrourbano.com\\\/revista\\\/arquitectura-2\\\/presentan-la-primera-bienal-nacional-del-paisaje\\\/\"]}]},{\"@type\":\"ImageObject\",\"inLanguage\":\"es\",\"@id\":\"https:\\\/\\\/centrourbano.com\\\/revista\\\/arquitectura-2\\\/presentan-la-primera-bienal-nacional-del-paisaje\\\/#primaryimage\",\"url\":\"https:\\\/\\\/centrourbano.com\\\/revista\\\/wp-content\\\/uploads\\\/museoacerca.jpg\",\"contentUrl\":\"https:\\\/\\\/centrourbano.com\\\/revista\\\/wp-content\\\/uploads\\\/museoacerca.jpg\",\"width\":480,\"height\":320},{\"@type\":\"BreadcrumbList\",\"@id\":\"https:\\\/\\\/centrourbano.com\\\/revista\\\/arquitectura-2\\\/presentan-la-primera-bienal-nacional-del-paisaje\\\/#breadcrumb\",\"itemListElement\":[{\"@type\":\"ListItem\",\"position\":1,\"name\":\"Portada\",\"item\":\"https:\\\/\\\/centrourbano.com\\\/revista\\\/\"},{\"@type\":\"ListItem\",\"position\":2,\"name\":\"Presentan la Primera Bienal Nacional del Paisaje\"}]},{\"@type\":\"WebSite\",\"@id\":\"https:\\\/\\\/centrourbano.com\\\/revista\\\/#website\",\"url\":\"https:\\\/\\\/centrourbano.com\\\/revista\\\/\",\"name\":\"Centro Urbano\",\"description\":\"Medio especializado en los sectores vivienda, inmobiliario, construcci\u00f3n, arquitectura y urbanismo.\",\"publisher\":{\"@id\":\"https:\\\/\\\/centrourbano.com\\\/revista\\\/#organization\"},\"potentialAction\":[{\"@type\":\"SearchAction\",\"target\":{\"@type\":\"EntryPoint\",\"urlTemplate\":\"https:\\\/\\\/centrourbano.com\\\/revista\\\/?s={search_term_string}\"},\"query-input\":{\"@type\":\"PropertyValueSpecification\",\"valueRequired\":true,\"valueName\":\"search_term_string\"}}],\"inLanguage\":\"es\"},{\"@type\":\"Organization\",\"@id\":\"https:\\\/\\\/centrourbano.com\\\/revista\\\/#organization\",\"name\":\"Centro Urbano\",\"url\":\"https:\\\/\\\/centrourbano.com\\\/revista\\\/\",\"logo\":{\"@type\":\"ImageObject\",\"inLanguage\":\"es\",\"@id\":\"https:\\\/\\\/centrourbano.com\\\/revista\\\/#\\\/schema\\\/logo\\\/image\\\/\",\"url\":\"https:\\\/\\\/centrourbano.com\\\/revista\\\/wp-content\\\/uploads\\\/web_CU_logo-1.png\",\"contentUrl\":\"https:\\\/\\\/centrourbano.com\\\/revista\\\/wp-content\\\/uploads\\\/web_CU_logo-1.png\",\"width\":350,\"height\":91,\"caption\":\"Centro Urbano\"},\"image\":{\"@id\":\"https:\\\/\\\/centrourbano.com\\\/revista\\\/#\\\/schema\\\/logo\\\/image\\\/\"},\"sameAs\":[\"https:\\\/\\\/www.facebook.com\\\/portalcentrourbano\",\"https:\\\/\\\/x.com\\\/CentroUrbano\",\"https:\\\/\\\/www.instagram.com\\\/centro_urbano\\\/\",\"https:\\\/\\\/www.linkedin.com\\\/company\\\/centro-urbano\\\/\",\"http:\\\/\\\/www.youtube.com\\\/user\\\/portalcentrourbano\"]},{\"@type\":\"Person\",\"@id\":\"https:\\\/\\\/centrourbano.com\\\/revista\\\/#\\\/schema\\\/person\\\/b45db815d96831257ba428a3d5a5fbdc\",\"name\":\"Dinorah Nava\",\"image\":{\"@type\":\"ImageObject\",\"inLanguage\":\"es\",\"@id\":\"https:\\\/\\\/secure.gravatar.com\\\/avatar\\\/f6ca6430c51d147f363940f84e1225aa4b8183885c11802cc3b042305a4ecc1a?s=96&d=mm&r=g\",\"url\":\"https:\\\/\\\/secure.gravatar.com\\\/avatar\\\/f6ca6430c51d147f363940f84e1225aa4b8183885c11802cc3b042305a4ecc1a?s=96&d=mm&r=g\",\"contentUrl\":\"https:\\\/\\\/secure.gravatar.com\\\/avatar\\\/f6ca6430c51d147f363940f84e1225aa4b8183885c11802cc3b042305a4ecc1a?s=96&d=mm&r=g\",\"caption\":\"Dinorah Nava\"},\"description\":\"Editora de Contenidos y Estrategias Digitales en Centro Urbano y Coeditora en Peri\u00f3dico Mi Casa. Egresada de la licenciatura en Comunicaci\u00f3n y Periodismo de la Facultad de Estudios Superiores Arag\u00f3n (UNAM). Amante de la edici\u00f3n y correcci\u00f3n de estilo, las redes sociales y el mundo digital. Especialista en temas son arquitectura, inmobiliario y urbanismo.\",\"sameAs\":[\"linkedin.com\\\/in\\\/dinorah-nava\",\"https:\\\/\\\/x.com\\\/https:\\\/\\\/twitter.com\\\/Dinorah_Nava28\"],\"url\":\"https:\\\/\\\/centrourbano.com\\\/revista\\\/author\\\/dinorah-nava\\\/\"}]}<\/script>\n<!-- \/ Yoast SEO plugin. -->","yoast_head_json":{"title":"Presentan la Primera Bienal Nacional del Paisaje -","description":"La muestra en el Museo de Arte Carrillo Gil est\u00e1 conformada por 51 artistas que representan dicho tema\u00a0a trav\u00e9s de\u00a0pintura, escultura, gr\u00e1fica,","robots":{"index":"index","follow":"follow","max-snippet":"max-snippet:-1","max-image-preview":"max-image-preview:large","max-video-preview":"max-video-preview:-1"},"canonical":"https:\/\/centrourbano.com\/revista\/arquitectura-2\/presentan-la-primera-bienal-nacional-del-paisaje\/","og_locale":"es_ES","og_type":"article","og_title":"Presentan la Primera Bienal Nacional del Paisaje -","og_description":"La muestra en el Museo de Arte Carrillo Gil est\u00e1 conformada por 51 artistas que representan dicho tema\u00a0a trav\u00e9s de\u00a0pintura, escultura, gr\u00e1fica,","og_url":"https:\/\/centrourbano.com\/revista\/arquitectura-2\/presentan-la-primera-bienal-nacional-del-paisaje\/","og_site_name":"Centro Urbano","article_publisher":"https:\/\/www.facebook.com\/portalcentrourbano","article_published_time":"2015-06-30T17:57:20+00:00","article_modified_time":"2015-06-30T18:33:22+00:00","og_image":[{"width":480,"height":320,"url":"https:\/\/centrourbano.com\/revista\/wp-content\/uploads\/museoacerca.jpg","type":"image\/jpeg"}],"author":"Dinorah Nava","twitter_card":"summary_large_image","twitter_creator":"@https:\/\/twitter.com\/Dinorah_Nava28","twitter_site":"@CentroUrbano","twitter_misc":{"Escrito por":"Dinorah Nava","Tiempo de lectura":"3 minutos"},"schema":{"@context":"https:\/\/schema.org","@graph":[{"@type":"Article","@id":"https:\/\/centrourbano.com\/revista\/arquitectura-2\/presentan-la-primera-bienal-nacional-del-paisaje\/#article","isPartOf":{"@id":"https:\/\/centrourbano.com\/revista\/arquitectura-2\/presentan-la-primera-bienal-nacional-del-paisaje\/"},"author":{"name":"Dinorah Nava","@id":"https:\/\/centrourbano.com\/revista\/#\/schema\/person\/b45db815d96831257ba428a3d5a5fbdc"},"headline":"Presentan la Primera Bienal Nacional del Paisaje","datePublished":"2015-06-30T17:57:20+00:00","dateModified":"2015-06-30T18:33:22+00:00","mainEntityOfPage":{"@id":"https:\/\/centrourbano.com\/revista\/arquitectura-2\/presentan-la-primera-bienal-nacional-del-paisaje\/"},"wordCount":540,"commentCount":0,"publisher":{"@id":"https:\/\/centrourbano.com\/revista\/#organization"},"image":{"@id":"https:\/\/centrourbano.com\/revista\/arquitectura-2\/presentan-la-primera-bienal-nacional-del-paisaje\/#primaryimage"},"thumbnailUrl":"https:\/\/centrourbano.com\/revista\/wp-content\/uploads\/museoacerca.jpg","keywords":["arquitectura","arte","bellas artes","Conaculta","INBA","Museo de Arte Carrillo Gil","Museo de Arte de Sonora","Primera Bienal del Paisaje"],"articleSection":["Arquitectura"],"inLanguage":"es","potentialAction":[{"@type":"CommentAction","name":"Comment","target":["https:\/\/centrourbano.com\/revista\/arquitectura-2\/presentan-la-primera-bienal-nacional-del-paisaje\/#respond"]}]},{"@type":"WebPage","@id":"https:\/\/centrourbano.com\/revista\/arquitectura-2\/presentan-la-primera-bienal-nacional-del-paisaje\/","url":"https:\/\/centrourbano.com\/revista\/arquitectura-2\/presentan-la-primera-bienal-nacional-del-paisaje\/","name":"Presentan la Primera Bienal Nacional del Paisaje -","isPartOf":{"@id":"https:\/\/centrourbano.com\/revista\/#website"},"primaryImageOfPage":{"@id":"https:\/\/centrourbano.com\/revista\/arquitectura-2\/presentan-la-primera-bienal-nacional-del-paisaje\/#primaryimage"},"image":{"@id":"https:\/\/centrourbano.com\/revista\/arquitectura-2\/presentan-la-primera-bienal-nacional-del-paisaje\/#primaryimage"},"thumbnailUrl":"https:\/\/centrourbano.com\/revista\/wp-content\/uploads\/museoacerca.jpg","datePublished":"2015-06-30T17:57:20+00:00","dateModified":"2015-06-30T18:33:22+00:00","description":"La muestra en el Museo de Arte Carrillo Gil est\u00e1 conformada por 51 artistas que representan dicho tema\u00a0a trav\u00e9s de\u00a0pintura, escultura, gr\u00e1fica,","breadcrumb":{"@id":"https:\/\/centrourbano.com\/revista\/arquitectura-2\/presentan-la-primera-bienal-nacional-del-paisaje\/#breadcrumb"},"inLanguage":"es","potentialAction":[{"@type":"ReadAction","target":["https:\/\/centrourbano.com\/revista\/arquitectura-2\/presentan-la-primera-bienal-nacional-del-paisaje\/"]}]},{"@type":"ImageObject","inLanguage":"es","@id":"https:\/\/centrourbano.com\/revista\/arquitectura-2\/presentan-la-primera-bienal-nacional-del-paisaje\/#primaryimage","url":"https:\/\/centrourbano.com\/revista\/wp-content\/uploads\/museoacerca.jpg","contentUrl":"https:\/\/centrourbano.com\/revista\/wp-content\/uploads\/museoacerca.jpg","width":480,"height":320},{"@type":"BreadcrumbList","@id":"https:\/\/centrourbano.com\/revista\/arquitectura-2\/presentan-la-primera-bienal-nacional-del-paisaje\/#breadcrumb","itemListElement":[{"@type":"ListItem","position":1,"name":"Portada","item":"https:\/\/centrourbano.com\/revista\/"},{"@type":"ListItem","position":2,"name":"Presentan la Primera Bienal Nacional del Paisaje"}]},{"@type":"WebSite","@id":"https:\/\/centrourbano.com\/revista\/#website","url":"https:\/\/centrourbano.com\/revista\/","name":"Centro Urbano","description":"Medio especializado en los sectores vivienda, inmobiliario, construcci\u00f3n, arquitectura y urbanismo.","publisher":{"@id":"https:\/\/centrourbano.com\/revista\/#organization"},"potentialAction":[{"@type":"SearchAction","target":{"@type":"EntryPoint","urlTemplate":"https:\/\/centrourbano.com\/revista\/?s={search_term_string}"},"query-input":{"@type":"PropertyValueSpecification","valueRequired":true,"valueName":"search_term_string"}}],"inLanguage":"es"},{"@type":"Organization","@id":"https:\/\/centrourbano.com\/revista\/#organization","name":"Centro Urbano","url":"https:\/\/centrourbano.com\/revista\/","logo":{"@type":"ImageObject","inLanguage":"es","@id":"https:\/\/centrourbano.com\/revista\/#\/schema\/logo\/image\/","url":"https:\/\/centrourbano.com\/revista\/wp-content\/uploads\/web_CU_logo-1.png","contentUrl":"https:\/\/centrourbano.com\/revista\/wp-content\/uploads\/web_CU_logo-1.png","width":350,"height":91,"caption":"Centro Urbano"},"image":{"@id":"https:\/\/centrourbano.com\/revista\/#\/schema\/logo\/image\/"},"sameAs":["https:\/\/www.facebook.com\/portalcentrourbano","https:\/\/x.com\/CentroUrbano","https:\/\/www.instagram.com\/centro_urbano\/","https:\/\/www.linkedin.com\/company\/centro-urbano\/","http:\/\/www.youtube.com\/user\/portalcentrourbano"]},{"@type":"Person","@id":"https:\/\/centrourbano.com\/revista\/#\/schema\/person\/b45db815d96831257ba428a3d5a5fbdc","name":"Dinorah Nava","image":{"@type":"ImageObject","inLanguage":"es","@id":"https:\/\/secure.gravatar.com\/avatar\/f6ca6430c51d147f363940f84e1225aa4b8183885c11802cc3b042305a4ecc1a?s=96&d=mm&r=g","url":"https:\/\/secure.gravatar.com\/avatar\/f6ca6430c51d147f363940f84e1225aa4b8183885c11802cc3b042305a4ecc1a?s=96&d=mm&r=g","contentUrl":"https:\/\/secure.gravatar.com\/avatar\/f6ca6430c51d147f363940f84e1225aa4b8183885c11802cc3b042305a4ecc1a?s=96&d=mm&r=g","caption":"Dinorah Nava"},"description":"Editora de Contenidos y Estrategias Digitales en Centro Urbano y Coeditora en Peri\u00f3dico Mi Casa. Egresada de la licenciatura en Comunicaci\u00f3n y Periodismo de la Facultad de Estudios Superiores Arag\u00f3n (UNAM). Amante de la edici\u00f3n y correcci\u00f3n de estilo, las redes sociales y el mundo digital. Especialista en temas son arquitectura, inmobiliario y urbanismo.","sameAs":["linkedin.com\/in\/dinorah-nava","https:\/\/x.com\/https:\/\/twitter.com\/Dinorah_Nava28"],"url":"https:\/\/centrourbano.com\/revista\/author\/dinorah-nava\/"}]}},"_links":{"self":[{"href":"https:\/\/centrourbano.com\/revista\/wp-json\/wp\/v2\/posts\/20444","targetHints":{"allow":["GET"]}}],"collection":[{"href":"https:\/\/centrourbano.com\/revista\/wp-json\/wp\/v2\/posts"}],"about":[{"href":"https:\/\/centrourbano.com\/revista\/wp-json\/wp\/v2\/types\/post"}],"author":[{"embeddable":true,"href":"https:\/\/centrourbano.com\/revista\/wp-json\/wp\/v2\/users\/9"}],"replies":[{"embeddable":true,"href":"https:\/\/centrourbano.com\/revista\/wp-json\/wp\/v2\/comments?post=20444"}],"version-history":[{"count":0,"href":"https:\/\/centrourbano.com\/revista\/wp-json\/wp\/v2\/posts\/20444\/revisions"}],"wp:featuredmedia":[{"embeddable":true,"href":"https:\/\/centrourbano.com\/revista\/wp-json\/wp\/v2\/media\/20445"}],"wp:attachment":[{"href":"https:\/\/centrourbano.com\/revista\/wp-json\/wp\/v2\/media?parent=20444"}],"wp:term":[{"taxonomy":"category","embeddable":true,"href":"https:\/\/centrourbano.com\/revista\/wp-json\/wp\/v2\/categories?post=20444"},{"taxonomy":"post_tag","embeddable":true,"href":"https:\/\/centrourbano.com\/revista\/wp-json\/wp\/v2\/tags?post=20444"}],"curies":[{"name":"wp","href":"https:\/\/api.w.org\/{rel}","templated":true}]}}