{"id":20268,"date":"2015-06-24T16:15:07","date_gmt":"2015-06-24T21:15:07","guid":{"rendered":"http:\/\/centrourbano.com\/?p=20268"},"modified":"2015-06-24T16:17:10","modified_gmt":"2015-06-24T21:17:10","slug":"preven-crecimiento-de-2-5-del-pib","status":"publish","type":"post","link":"https:\/\/centrourbano.com\/revista\/actualidad\/preven-crecimiento-de-2-5-del-pib\/","title":{"rendered":"Prev\u00e9n crecimiento de 2.5% del PIB"},"content":{"rendered":"<p>&nbsp;<\/p>\n<p><em>Las cifras estimadas por BBVA Bancomer son menores a las consideradas previamente<\/em><br \/>\n<!--more--><\/p>\n<p>BBVA Bancomer dio a conocer su Informe de la Situaci\u00f3n econ\u00f3mica en M\u00e9xico para el segundo semestre del 2015, en el que informa que, aunque se espera un mayor dinamismo de la actividad econ\u00f3mica con respecto al periodo 2013-2014, en el que el crecimiento fue de 1.8% en promedio, se estima que este a\u00f1o el aumento del Producto Interno Bruto (PIB) ser\u00e1 de 2.5% desde el 3.5% considerado previamente.<\/p>\n<p>Adem\u00e1s, advierte que el motor principal del crecimiento seguir\u00e1 siendo el impulso de la demanda externa por el mayor ritmo de aumento de la actividad econ\u00f3mica de Estados Unidos.<\/p>\n<p>En el informe tambi\u00e9n se presentan tres factores que explican la revisi\u00f3n a la baja en la previsi\u00f3n de crecimiento: la tendencia decreciente de la producci\u00f3n de petr\u00f3leo; a pesar de la depreciaci\u00f3n del peso, las exportaciones manufactureras han mostrado un menor dinamismo al esperado por la relativa debilidad del sector manufacturero estadounidense; y el consumo e inversi\u00f3n p\u00fablicos tienen una contribuci\u00f3n al crecimiento m\u00e1s baja a la espera.<\/p>\n<p>Esto en parte debido a la demora o reprogramaci\u00f3n de diversos proyectos de infraestructura y a la reducci\u00f3n del gasto p\u00fablico esperada para el segundo semestre de 2015 a fin de cumplir con el recorte presupuestario anunciado (0.7% del PIB). Se estima que estos factores poco propicios para el crecimiento seguir\u00e1n presentes en 2016 con lo que el crecimiento del PIB en ese a\u00f1o se situar\u00eda en torno a 2.7% anual.<\/p>\n<p>Las perspectivas de mediano plazo del crecimiento econ\u00f3mico no cambian. Las reformas podr\u00edan contribuir a alcanzar un crecimiento en torno\u00a0\u00a0a 4.0% en el mediano plazo toda vez que se estima una recuperaci\u00f3n del precio del petr\u00f3leo que permitir\u00eda que la reforma energ\u00e9tica siguiera su curso y el sector p\u00fablico continuara con su importante plan de infraestructura.<\/p>\n<p>La inflaci\u00f3n general ha alcanzado su m\u00ednimo hist\u00f3rico en 2.88%, el cual se encuentra en l\u00ednea con el objetivo del banco central de 3.0% +\/- 1.0%, mientras que la inflaci\u00f3n subyacente se encuentra claramente por debajo de dicho nivel en torno a 2.30%. A la baja inflaci\u00f3n han contribuido la holgura en la econom\u00eda, la reforma del sector telecomunicaciones que ha eliminado ciertas tarifas, la diluci\u00f3n del efecto del aumento de impuestos, y un desempe\u00f1o favorable de los precios de los productos agr\u00edcolas. En este entorno se observa un muy bajo traspaso del tipo de cambio a los precios. De esta manera, se estima que la inflaci\u00f3n permanecer\u00e1 por debajo de 3.0% el resto del a\u00f1o.<\/p>\n<p>En relaci\u00f3n con el peso mexicano, a pesar de que se estima se encuentra subvaluado en el nivel actual de 15.4 pesos por d\u00f3lar (ppd), su alta persistencia alrededor de este valor, y\u00a0\u00a0el contexto de futuros aumentos en la tasa de fondos federales en EE.UU. hacen prever solo una ligera apreciaci\u00f3n (hacia 14.8-15.0 pesos por d\u00f3lar) en la medida que la incertidumbre sobre la subida monetaria de la Reserva Federal se diluya y el mercado perciba que el ciclo de subidas ser\u00e1 lento.<\/p>\n","protected":false},"excerpt":{"rendered":"<p>&nbsp; Las cifras estimadas por BBVA Bancomer son menores a las consideradas previamente<\/p>\n","protected":false},"author":19,"featured_media":20269,"comment_status":"open","ping_status":"closed","sticky":false,"template":"","format":"standard","meta":{"om_disable_all_campaigns":false,"inline_featured_image":false,"_monsterinsights_skip_tracking":false,"_monsterinsights_sitenote_active":false,"_monsterinsights_sitenote_note":"","_monsterinsights_sitenote_category":0,"footnotes":""},"categories":[80],"tags":[1749,936,5499,938],"class_list":["post-20268","post","type-post","status-publish","format-standard","has-post-thumbnail","hentry","category-actualidad","tag-bbva-bancomer","tag-economia","tag-inflacion","tag-pib"],"yoast_head":"<!-- This site is optimized with the Yoast SEO plugin v27.4 - https:\/\/yoast.com\/product\/yoast-seo-wordpress\/ -->\n<title>Prev\u00e9n crecimiento de 2.5% del PIB -<\/title>\n<meta name=\"description\" content=\"&nbsp; Las cifras estimadas por BBVA Bancomer son menores a las consideradas previamente BBVA Bancomer dio a conocer su Informe de la Situaci\u00f3n econ\u00f3mica\" \/>\n<meta name=\"robots\" content=\"index, follow, max-snippet:-1, max-image-preview:large, max-video-preview:-1\" \/>\n<link rel=\"canonical\" href=\"https:\/\/centrourbano.com\/revista\/actualidad\/preven-crecimiento-de-2-5-del-pib\/\" \/>\n<meta property=\"og:locale\" content=\"es_ES\" \/>\n<meta property=\"og:type\" content=\"article\" \/>\n<meta property=\"og:title\" content=\"Prev\u00e9n crecimiento de 2.5% del PIB -\" \/>\n<meta property=\"og:description\" content=\"&nbsp; Las cifras estimadas por BBVA Bancomer son menores a las consideradas previamente BBVA Bancomer dio a conocer su Informe de la Situaci\u00f3n econ\u00f3mica\" \/>\n<meta property=\"og:url\" content=\"https:\/\/centrourbano.com\/revista\/actualidad\/preven-crecimiento-de-2-5-del-pib\/\" \/>\n<meta property=\"og:site_name\" content=\"Centro Urbano\" \/>\n<meta property=\"article:publisher\" content=\"https:\/\/www.facebook.com\/portalcentrourbano\" \/>\n<meta property=\"article:published_time\" content=\"2015-06-24T21:15:07+00:00\" \/>\n<meta property=\"article:modified_time\" content=\"2015-06-24T21:17:10+00:00\" \/>\n<meta property=\"og:image\" content=\"https:\/\/centrourbano.com\/revista\/wp-content\/uploads\/economiamexico.jpg\" \/>\n\t<meta property=\"og:image:width\" content=\"800\" \/>\n\t<meta property=\"og:image:height\" content=\"561\" \/>\n\t<meta property=\"og:image:type\" content=\"image\/jpeg\" \/>\n<meta name=\"author\" content=\"Sofia Osorio\" \/>\n<meta name=\"twitter:card\" content=\"summary_large_image\" \/>\n<meta name=\"twitter:creator\" content=\"@CentroUrbano\" \/>\n<meta name=\"twitter:site\" content=\"@CentroUrbano\" \/>\n<meta name=\"twitter:label1\" content=\"Escrito por\" \/>\n\t<meta name=\"twitter:data1\" content=\"Sofia Osorio\" \/>\n\t<meta name=\"twitter:label2\" content=\"Tiempo de lectura\" \/>\n\t<meta name=\"twitter:data2\" content=\"3 minutos\" \/>\n<script type=\"application\/ld+json\" class=\"yoast-schema-graph\">{\"@context\":\"https:\\\/\\\/schema.org\",\"@graph\":[{\"@type\":\"Article\",\"@id\":\"https:\\\/\\\/centrourbano.com\\\/revista\\\/actualidad\\\/preven-crecimiento-de-2-5-del-pib\\\/#article\",\"isPartOf\":{\"@id\":\"https:\\\/\\\/centrourbano.com\\\/revista\\\/actualidad\\\/preven-crecimiento-de-2-5-del-pib\\\/\"},\"author\":{\"name\":\"Sofia Osorio\",\"@id\":\"https:\\\/\\\/centrourbano.com\\\/revista\\\/#\\\/schema\\\/person\\\/04f16f4cd5d20c119240fb9164874cec\"},\"headline\":\"Prev\u00e9n crecimiento de 2.5% del PIB\",\"datePublished\":\"2015-06-24T21:15:07+00:00\",\"dateModified\":\"2015-06-24T21:17:10+00:00\",\"mainEntityOfPage\":{\"@id\":\"https:\\\/\\\/centrourbano.com\\\/revista\\\/actualidad\\\/preven-crecimiento-de-2-5-del-pib\\\/\"},\"wordCount\":546,\"commentCount\":0,\"publisher\":{\"@id\":\"https:\\\/\\\/centrourbano.com\\\/revista\\\/#organization\"},\"image\":{\"@id\":\"https:\\\/\\\/centrourbano.com\\\/revista\\\/actualidad\\\/preven-crecimiento-de-2-5-del-pib\\\/#primaryimage\"},\"thumbnailUrl\":\"https:\\\/\\\/centrourbano.com\\\/revista\\\/wp-content\\\/uploads\\\/economiamexico.jpg\",\"keywords\":[\"BBVA Bancomer\",\"econom\u00eda\",\"Inflaci\u00f3n\",\"PIB\"],\"articleSection\":[\"Actualidad\"],\"inLanguage\":\"es\",\"potentialAction\":[{\"@type\":\"CommentAction\",\"name\":\"Comment\",\"target\":[\"https:\\\/\\\/centrourbano.com\\\/revista\\\/actualidad\\\/preven-crecimiento-de-2-5-del-pib\\\/#respond\"]}]},{\"@type\":\"WebPage\",\"@id\":\"https:\\\/\\\/centrourbano.com\\\/revista\\\/actualidad\\\/preven-crecimiento-de-2-5-del-pib\\\/\",\"url\":\"https:\\\/\\\/centrourbano.com\\\/revista\\\/actualidad\\\/preven-crecimiento-de-2-5-del-pib\\\/\",\"name\":\"Prev\u00e9n crecimiento de 2.5% del PIB -\",\"isPartOf\":{\"@id\":\"https:\\\/\\\/centrourbano.com\\\/revista\\\/#website\"},\"primaryImageOfPage\":{\"@id\":\"https:\\\/\\\/centrourbano.com\\\/revista\\\/actualidad\\\/preven-crecimiento-de-2-5-del-pib\\\/#primaryimage\"},\"image\":{\"@id\":\"https:\\\/\\\/centrourbano.com\\\/revista\\\/actualidad\\\/preven-crecimiento-de-2-5-del-pib\\\/#primaryimage\"},\"thumbnailUrl\":\"https:\\\/\\\/centrourbano.com\\\/revista\\\/wp-content\\\/uploads\\\/economiamexico.jpg\",\"datePublished\":\"2015-06-24T21:15:07+00:00\",\"dateModified\":\"2015-06-24T21:17:10+00:00\",\"description\":\"&nbsp; Las cifras estimadas por BBVA Bancomer son menores a las consideradas previamente BBVA Bancomer dio a conocer su Informe de la Situaci\u00f3n econ\u00f3mica\",\"breadcrumb\":{\"@id\":\"https:\\\/\\\/centrourbano.com\\\/revista\\\/actualidad\\\/preven-crecimiento-de-2-5-del-pib\\\/#breadcrumb\"},\"inLanguage\":\"es\",\"potentialAction\":[{\"@type\":\"ReadAction\",\"target\":[\"https:\\\/\\\/centrourbano.com\\\/revista\\\/actualidad\\\/preven-crecimiento-de-2-5-del-pib\\\/\"]}]},{\"@type\":\"ImageObject\",\"inLanguage\":\"es\",\"@id\":\"https:\\\/\\\/centrourbano.com\\\/revista\\\/actualidad\\\/preven-crecimiento-de-2-5-del-pib\\\/#primaryimage\",\"url\":\"https:\\\/\\\/centrourbano.com\\\/revista\\\/wp-content\\\/uploads\\\/economiamexico.jpg\",\"contentUrl\":\"https:\\\/\\\/centrourbano.com\\\/revista\\\/wp-content\\\/uploads\\\/economiamexico.jpg\",\"width\":800,\"height\":561,\"caption\":\"In this Friday, Dec. 27, 2013 photo, Marcos Godoy of Mexico City manufactures car dash mats at a maquiladora belonging to the TECMA group in Ciudad Juarez, Mexico. TECMA currently has 14 maquiladora plants in Ciudad Juarez. While there is undoubtedly a larger middle class today, Mexico is the only major Latin American country where poverty also has grown in recent years. (AP Photo\\\/Ivan Pierre Aguirre)\"},{\"@type\":\"BreadcrumbList\",\"@id\":\"https:\\\/\\\/centrourbano.com\\\/revista\\\/actualidad\\\/preven-crecimiento-de-2-5-del-pib\\\/#breadcrumb\",\"itemListElement\":[{\"@type\":\"ListItem\",\"position\":1,\"name\":\"Portada\",\"item\":\"https:\\\/\\\/centrourbano.com\\\/revista\\\/\"},{\"@type\":\"ListItem\",\"position\":2,\"name\":\"Prev\u00e9n crecimiento de 2.5% del PIB\"}]},{\"@type\":\"WebSite\",\"@id\":\"https:\\\/\\\/centrourbano.com\\\/revista\\\/#website\",\"url\":\"https:\\\/\\\/centrourbano.com\\\/revista\\\/\",\"name\":\"Centro Urbano\",\"description\":\"Medio especializado en los sectores vivienda, inmobiliario, construcci\u00f3n, arquitectura y urbanismo.\",\"publisher\":{\"@id\":\"https:\\\/\\\/centrourbano.com\\\/revista\\\/#organization\"},\"potentialAction\":[{\"@type\":\"SearchAction\",\"target\":{\"@type\":\"EntryPoint\",\"urlTemplate\":\"https:\\\/\\\/centrourbano.com\\\/revista\\\/?s={search_term_string}\"},\"query-input\":{\"@type\":\"PropertyValueSpecification\",\"valueRequired\":true,\"valueName\":\"search_term_string\"}}],\"inLanguage\":\"es\"},{\"@type\":\"Organization\",\"@id\":\"https:\\\/\\\/centrourbano.com\\\/revista\\\/#organization\",\"name\":\"Centro Urbano\",\"url\":\"https:\\\/\\\/centrourbano.com\\\/revista\\\/\",\"logo\":{\"@type\":\"ImageObject\",\"inLanguage\":\"es\",\"@id\":\"https:\\\/\\\/centrourbano.com\\\/revista\\\/#\\\/schema\\\/logo\\\/image\\\/\",\"url\":\"https:\\\/\\\/centrourbano.com\\\/revista\\\/wp-content\\\/uploads\\\/web_CU_logo-1.png\",\"contentUrl\":\"https:\\\/\\\/centrourbano.com\\\/revista\\\/wp-content\\\/uploads\\\/web_CU_logo-1.png\",\"width\":350,\"height\":91,\"caption\":\"Centro Urbano\"},\"image\":{\"@id\":\"https:\\\/\\\/centrourbano.com\\\/revista\\\/#\\\/schema\\\/logo\\\/image\\\/\"},\"sameAs\":[\"https:\\\/\\\/www.facebook.com\\\/portalcentrourbano\",\"https:\\\/\\\/x.com\\\/CentroUrbano\",\"https:\\\/\\\/www.instagram.com\\\/centro_urbano\\\/\",\"https:\\\/\\\/www.linkedin.com\\\/company\\\/centro-urbano\\\/\",\"http:\\\/\\\/www.youtube.com\\\/user\\\/portalcentrourbano\"]},{\"@type\":\"Person\",\"@id\":\"https:\\\/\\\/centrourbano.com\\\/revista\\\/#\\\/schema\\\/person\\\/04f16f4cd5d20c119240fb9164874cec\",\"name\":\"Sofia Osorio\",\"image\":{\"@type\":\"ImageObject\",\"inLanguage\":\"es\",\"@id\":\"https:\\\/\\\/secure.gravatar.com\\\/avatar\\\/540346885009217f50383aeae8f93738fea6ce04c37c93d6be2d0515d1be354c?s=96&d=mm&r=g\",\"url\":\"https:\\\/\\\/secure.gravatar.com\\\/avatar\\\/540346885009217f50383aeae8f93738fea6ce04c37c93d6be2d0515d1be354c?s=96&d=mm&r=g\",\"contentUrl\":\"https:\\\/\\\/secure.gravatar.com\\\/avatar\\\/540346885009217f50383aeae8f93738fea6ce04c37c93d6be2d0515d1be354c?s=96&d=mm&r=g\",\"caption\":\"Sofia Osorio\"},\"description\":\"Egresada de la Facultad de Estudios Superiores Arag\u00f3n. Comunicaci\u00f3n y Periodismo. Loca y feliz. Suele re\u00edrse de todo, dormir en el transporte p\u00fablico y terminar corriendo para llegar a cualquier lugar. Cantante de regadera, bailarina frustrada y chiva de coraz\u00f3n, apasionada por lo que hay que hacer. Enojona, gritona y medio amable con la gente. Su primera oportunidad laboral la tuvo como becaria en la revista Klika y fungi\u00f3 como community manager en Grupo Radio Centro. Actualmente explora nuevos campos del periodismo en Centro Urbano.\",\"url\":\"https:\\\/\\\/centrourbano.com\\\/revista\\\/author\\\/sofia-osorio\\\/\"}]}<\/script>\n<!-- \/ Yoast SEO plugin. -->","yoast_head_json":{"title":"Prev\u00e9n crecimiento de 2.5% del PIB -","description":"&nbsp; Las cifras estimadas por BBVA Bancomer son menores a las consideradas previamente BBVA Bancomer dio a conocer su Informe de la Situaci\u00f3n econ\u00f3mica","robots":{"index":"index","follow":"follow","max-snippet":"max-snippet:-1","max-image-preview":"max-image-preview:large","max-video-preview":"max-video-preview:-1"},"canonical":"https:\/\/centrourbano.com\/revista\/actualidad\/preven-crecimiento-de-2-5-del-pib\/","og_locale":"es_ES","og_type":"article","og_title":"Prev\u00e9n crecimiento de 2.5% del PIB -","og_description":"&nbsp; Las cifras estimadas por BBVA Bancomer son menores a las consideradas previamente BBVA Bancomer dio a conocer su Informe de la Situaci\u00f3n econ\u00f3mica","og_url":"https:\/\/centrourbano.com\/revista\/actualidad\/preven-crecimiento-de-2-5-del-pib\/","og_site_name":"Centro Urbano","article_publisher":"https:\/\/www.facebook.com\/portalcentrourbano","article_published_time":"2015-06-24T21:15:07+00:00","article_modified_time":"2015-06-24T21:17:10+00:00","og_image":[{"width":800,"height":561,"url":"https:\/\/centrourbano.com\/revista\/wp-content\/uploads\/economiamexico.jpg","type":"image\/jpeg"}],"author":"Sofia Osorio","twitter_card":"summary_large_image","twitter_creator":"@CentroUrbano","twitter_site":"@CentroUrbano","twitter_misc":{"Escrito por":"Sofia Osorio","Tiempo de lectura":"3 minutos"},"schema":{"@context":"https:\/\/schema.org","@graph":[{"@type":"Article","@id":"https:\/\/centrourbano.com\/revista\/actualidad\/preven-crecimiento-de-2-5-del-pib\/#article","isPartOf":{"@id":"https:\/\/centrourbano.com\/revista\/actualidad\/preven-crecimiento-de-2-5-del-pib\/"},"author":{"name":"Sofia Osorio","@id":"https:\/\/centrourbano.com\/revista\/#\/schema\/person\/04f16f4cd5d20c119240fb9164874cec"},"headline":"Prev\u00e9n crecimiento de 2.5% del PIB","datePublished":"2015-06-24T21:15:07+00:00","dateModified":"2015-06-24T21:17:10+00:00","mainEntityOfPage":{"@id":"https:\/\/centrourbano.com\/revista\/actualidad\/preven-crecimiento-de-2-5-del-pib\/"},"wordCount":546,"commentCount":0,"publisher":{"@id":"https:\/\/centrourbano.com\/revista\/#organization"},"image":{"@id":"https:\/\/centrourbano.com\/revista\/actualidad\/preven-crecimiento-de-2-5-del-pib\/#primaryimage"},"thumbnailUrl":"https:\/\/centrourbano.com\/revista\/wp-content\/uploads\/economiamexico.jpg","keywords":["BBVA Bancomer","econom\u00eda","Inflaci\u00f3n","PIB"],"articleSection":["Actualidad"],"inLanguage":"es","potentialAction":[{"@type":"CommentAction","name":"Comment","target":["https:\/\/centrourbano.com\/revista\/actualidad\/preven-crecimiento-de-2-5-del-pib\/#respond"]}]},{"@type":"WebPage","@id":"https:\/\/centrourbano.com\/revista\/actualidad\/preven-crecimiento-de-2-5-del-pib\/","url":"https:\/\/centrourbano.com\/revista\/actualidad\/preven-crecimiento-de-2-5-del-pib\/","name":"Prev\u00e9n crecimiento de 2.5% del PIB -","isPartOf":{"@id":"https:\/\/centrourbano.com\/revista\/#website"},"primaryImageOfPage":{"@id":"https:\/\/centrourbano.com\/revista\/actualidad\/preven-crecimiento-de-2-5-del-pib\/#primaryimage"},"image":{"@id":"https:\/\/centrourbano.com\/revista\/actualidad\/preven-crecimiento-de-2-5-del-pib\/#primaryimage"},"thumbnailUrl":"https:\/\/centrourbano.com\/revista\/wp-content\/uploads\/economiamexico.jpg","datePublished":"2015-06-24T21:15:07+00:00","dateModified":"2015-06-24T21:17:10+00:00","description":"&nbsp; Las cifras estimadas por BBVA Bancomer son menores a las consideradas previamente BBVA Bancomer dio a conocer su Informe de la Situaci\u00f3n econ\u00f3mica","breadcrumb":{"@id":"https:\/\/centrourbano.com\/revista\/actualidad\/preven-crecimiento-de-2-5-del-pib\/#breadcrumb"},"inLanguage":"es","potentialAction":[{"@type":"ReadAction","target":["https:\/\/centrourbano.com\/revista\/actualidad\/preven-crecimiento-de-2-5-del-pib\/"]}]},{"@type":"ImageObject","inLanguage":"es","@id":"https:\/\/centrourbano.com\/revista\/actualidad\/preven-crecimiento-de-2-5-del-pib\/#primaryimage","url":"https:\/\/centrourbano.com\/revista\/wp-content\/uploads\/economiamexico.jpg","contentUrl":"https:\/\/centrourbano.com\/revista\/wp-content\/uploads\/economiamexico.jpg","width":800,"height":561,"caption":"In this Friday, Dec. 27, 2013 photo, Marcos Godoy of Mexico City manufactures car dash mats at a maquiladora belonging to the TECMA group in Ciudad Juarez, Mexico. TECMA currently has 14 maquiladora plants in Ciudad Juarez. While there is undoubtedly a larger middle class today, Mexico is the only major Latin American country where poverty also has grown in recent years. (AP Photo\/Ivan Pierre Aguirre)"},{"@type":"BreadcrumbList","@id":"https:\/\/centrourbano.com\/revista\/actualidad\/preven-crecimiento-de-2-5-del-pib\/#breadcrumb","itemListElement":[{"@type":"ListItem","position":1,"name":"Portada","item":"https:\/\/centrourbano.com\/revista\/"},{"@type":"ListItem","position":2,"name":"Prev\u00e9n crecimiento de 2.5% del PIB"}]},{"@type":"WebSite","@id":"https:\/\/centrourbano.com\/revista\/#website","url":"https:\/\/centrourbano.com\/revista\/","name":"Centro Urbano","description":"Medio especializado en los sectores vivienda, inmobiliario, construcci\u00f3n, arquitectura y urbanismo.","publisher":{"@id":"https:\/\/centrourbano.com\/revista\/#organization"},"potentialAction":[{"@type":"SearchAction","target":{"@type":"EntryPoint","urlTemplate":"https:\/\/centrourbano.com\/revista\/?s={search_term_string}"},"query-input":{"@type":"PropertyValueSpecification","valueRequired":true,"valueName":"search_term_string"}}],"inLanguage":"es"},{"@type":"Organization","@id":"https:\/\/centrourbano.com\/revista\/#organization","name":"Centro Urbano","url":"https:\/\/centrourbano.com\/revista\/","logo":{"@type":"ImageObject","inLanguage":"es","@id":"https:\/\/centrourbano.com\/revista\/#\/schema\/logo\/image\/","url":"https:\/\/centrourbano.com\/revista\/wp-content\/uploads\/web_CU_logo-1.png","contentUrl":"https:\/\/centrourbano.com\/revista\/wp-content\/uploads\/web_CU_logo-1.png","width":350,"height":91,"caption":"Centro Urbano"},"image":{"@id":"https:\/\/centrourbano.com\/revista\/#\/schema\/logo\/image\/"},"sameAs":["https:\/\/www.facebook.com\/portalcentrourbano","https:\/\/x.com\/CentroUrbano","https:\/\/www.instagram.com\/centro_urbano\/","https:\/\/www.linkedin.com\/company\/centro-urbano\/","http:\/\/www.youtube.com\/user\/portalcentrourbano"]},{"@type":"Person","@id":"https:\/\/centrourbano.com\/revista\/#\/schema\/person\/04f16f4cd5d20c119240fb9164874cec","name":"Sofia Osorio","image":{"@type":"ImageObject","inLanguage":"es","@id":"https:\/\/secure.gravatar.com\/avatar\/540346885009217f50383aeae8f93738fea6ce04c37c93d6be2d0515d1be354c?s=96&d=mm&r=g","url":"https:\/\/secure.gravatar.com\/avatar\/540346885009217f50383aeae8f93738fea6ce04c37c93d6be2d0515d1be354c?s=96&d=mm&r=g","contentUrl":"https:\/\/secure.gravatar.com\/avatar\/540346885009217f50383aeae8f93738fea6ce04c37c93d6be2d0515d1be354c?s=96&d=mm&r=g","caption":"Sofia Osorio"},"description":"Egresada de la Facultad de Estudios Superiores Arag\u00f3n. Comunicaci\u00f3n y Periodismo. Loca y feliz. Suele re\u00edrse de todo, dormir en el transporte p\u00fablico y terminar corriendo para llegar a cualquier lugar. Cantante de regadera, bailarina frustrada y chiva de coraz\u00f3n, apasionada por lo que hay que hacer. Enojona, gritona y medio amable con la gente. Su primera oportunidad laboral la tuvo como becaria en la revista Klika y fungi\u00f3 como community manager en Grupo Radio Centro. Actualmente explora nuevos campos del periodismo en Centro Urbano.","url":"https:\/\/centrourbano.com\/revista\/author\/sofia-osorio\/"}]}},"_links":{"self":[{"href":"https:\/\/centrourbano.com\/revista\/wp-json\/wp\/v2\/posts\/20268","targetHints":{"allow":["GET"]}}],"collection":[{"href":"https:\/\/centrourbano.com\/revista\/wp-json\/wp\/v2\/posts"}],"about":[{"href":"https:\/\/centrourbano.com\/revista\/wp-json\/wp\/v2\/types\/post"}],"author":[{"embeddable":true,"href":"https:\/\/centrourbano.com\/revista\/wp-json\/wp\/v2\/users\/19"}],"replies":[{"embeddable":true,"href":"https:\/\/centrourbano.com\/revista\/wp-json\/wp\/v2\/comments?post=20268"}],"version-history":[{"count":0,"href":"https:\/\/centrourbano.com\/revista\/wp-json\/wp\/v2\/posts\/20268\/revisions"}],"wp:featuredmedia":[{"embeddable":true,"href":"https:\/\/centrourbano.com\/revista\/wp-json\/wp\/v2\/media\/20269"}],"wp:attachment":[{"href":"https:\/\/centrourbano.com\/revista\/wp-json\/wp\/v2\/media?parent=20268"}],"wp:term":[{"taxonomy":"category","embeddable":true,"href":"https:\/\/centrourbano.com\/revista\/wp-json\/wp\/v2\/categories?post=20268"},{"taxonomy":"post_tag","embeddable":true,"href":"https:\/\/centrourbano.com\/revista\/wp-json\/wp\/v2\/tags?post=20268"}],"curies":[{"name":"wp","href":"https:\/\/api.w.org\/{rel}","templated":true}]}}