{"id":20258,"date":"2015-06-24T14:40:49","date_gmt":"2015-06-24T19:40:49","guid":{"rendered":"http:\/\/centrourbano.com\/?p=20258"},"modified":"2015-06-24T14:40:49","modified_gmt":"2015-06-24T19:40:49","slug":"infonavit-y-fovissste-inician-el-programa-de-creditos-mancomunados","status":"publish","type":"post","link":"https:\/\/centrourbano.com\/revista\/vivienda\/infonavit-y-fovissste-inician-el-programa-de-creditos-mancomunados\/","title":{"rendered":"Infonavit y Fovissste, inician el programa de cr\u00e9ditos mancomunados"},"content":{"rendered":"<p><em>Los financiamientos depender\u00e1n de los montos m\u00e1ximos de cada organismo de vivienda<\/em><!--more--><\/p>\n<p>Los trabajadores con subcuentas en el Instituto del Fondo Nacional de la Vivienda para los Trabajadores (Infonavit) y Fondo de la Vivienda del Instituto de Seguridad y Servicios Sociales de los Trabajadores del Estado (Fovissste), podr\u00e1n solicitar un cr\u00e9dito mancomunado con el objetivo de acceder a un financiamiento mayor, as\u00ed lo inform\u00f3, Alejandro Murat Hinojosa, director del Infonavit.<\/p>\n<p>Esta nueva v\u00eda de financiamiento, beneficia a los conyugues que cotizan en diferentes institutos; siendo uno del Infonavit y otro del Fovissste, podr\u00e1n sumar sus subcuentas de vivienda para solicitar un cr\u00e9dito; tambi\u00e9n, este esquema beneficiar\u00e1 a los trabajadores que tienen dos subcuentas de vivienda, al haber laborado en el sector p\u00fablico y privado, sin importar que alguna de \u00e9stas se encuentre inactiva.<\/p>\n<p>Durante el homenaje a Jes\u00fas Silva-Herzog, fundador del Infonavit, Murat Hinojosa se\u00f1alo que \u201ceste programa ya est\u00e1 vigente\u201d, sin embargo, todav\u00eda se encuentra en una fase piloto.<\/p>\n<p>\u201cLo vamos a estar piloteando, todav\u00eda no tenemos una proyecci\u00f3n sobre la meta, el primer paso es apoyarnos en los medios para informar r\u00e1pidamente tanto a los derechohabientes del Infonavit como del Fovissste que hoy se encuentren en ese escenario\u201d, precis\u00f3.<\/p>\n<p>Los financiamientos depender\u00e1n de los montos m\u00e1ximos de cada organismo de vivienda, al que podr\u00e1n acceder los solicitantes. Infonavit otorga un financiamiento de 840,000 pesos, en el Fovissste el cr\u00e9dito es mayor, y con la participaci\u00f3n de la banca comercial se puede llegar hasta 1.5 millones de pesos.<\/p>\n<p>El Infonavit tiene un crecimiento del 25%, con respecto a la primera mitad del 2014, es uno de los mejores semestres de su actual administraci\u00f3n, as\u00ed lo reconoci\u00f3 Alejando Murat, director del instituto.<\/p>\n<p>\u201cSin duda es uno de los mejores semestres comparado con el a\u00f1o pasado vamos en paso ascendente\u201d, dijo al destacar que la partida adicional al esquema de subsidios tendr\u00e1 un impacto muy positivo, lo que contribuir\u00e1 a superar las metas para 2015, de 350 mil cr\u00e9ditos.<\/p>\n","protected":false},"excerpt":{"rendered":"<p>Los financiamientos depender\u00e1n de los montos m\u00e1ximos de cada organismo de vivienda<\/p>\n","protected":false},"author":1,"featured_media":20259,"comment_status":"open","ping_status":"closed","sticky":false,"template":"","format":"standard","meta":{"om_disable_all_campaigns":false,"inline_featured_image":false,"_monsterinsights_skip_tracking":false,"_monsterinsights_sitenote_active":false,"_monsterinsights_sitenote_note":"","_monsterinsights_sitenote_category":0,"footnotes":""},"categories":[12],"tags":[5496,482,155,100,5495],"class_list":["post-20258","post","type-post","status-publish","format-standard","has-post-thumbnail","hentry","category-vivienda","tag-credito-mancomunado","tag-financiamiento","tag-fovissste","tag-infonavit","tag-trabajdores"],"yoast_head":"<!-- This site is optimized with the Yoast SEO plugin v27.5 - https:\/\/yoast.com\/product\/yoast-seo-wordpress\/ -->\n<title>Infonavit y Fovissste, inician el programa de cr\u00e9ditos mancomunados -<\/title>\n<meta name=\"description\" content=\"Los financiamientos depender\u00e1n de los montos m\u00e1ximos de cada organismo de vivienda Los trabajadores con subcuentas en el Instituto del Fondo Nacional de\" \/>\n<meta name=\"robots\" content=\"index, follow, max-snippet:-1, max-image-preview:large, max-video-preview:-1\" \/>\n<link rel=\"canonical\" href=\"https:\/\/centrourbano.com\/revista\/vivienda\/infonavit-y-fovissste-inician-el-programa-de-creditos-mancomunados\/\" \/>\n<meta property=\"og:locale\" content=\"es_ES\" \/>\n<meta property=\"og:type\" content=\"article\" \/>\n<meta property=\"og:title\" content=\"Infonavit y Fovissste, inician el programa de cr\u00e9ditos mancomunados -\" \/>\n<meta property=\"og:description\" content=\"Los financiamientos depender\u00e1n de los montos m\u00e1ximos de cada organismo de vivienda Los trabajadores con subcuentas en el Instituto del Fondo Nacional de\" \/>\n<meta property=\"og:url\" content=\"https:\/\/centrourbano.com\/revista\/vivienda\/infonavit-y-fovissste-inician-el-programa-de-creditos-mancomunados\/\" \/>\n<meta property=\"og:site_name\" content=\"Centro Urbano\" \/>\n<meta property=\"article:publisher\" content=\"https:\/\/www.facebook.com\/portalcentrourbano\" \/>\n<meta property=\"article:published_time\" content=\"2015-06-24T19:40:49+00:00\" \/>\n<meta property=\"og:image\" content=\"https:\/\/centrourbano.com\/revista\/wp-content\/uploads\/creditos-mancomunados.jpg\" \/>\n\t<meta property=\"og:image:width\" content=\"800\" \/>\n\t<meta property=\"og:image:height\" content=\"600\" \/>\n\t<meta property=\"og:image:type\" content=\"image\/jpeg\" \/>\n<meta name=\"author\" content=\"BlogCU 2022\" \/>\n<meta name=\"twitter:card\" content=\"summary_large_image\" \/>\n<meta name=\"twitter:creator\" content=\"@CentroUrbano\" \/>\n<meta name=\"twitter:site\" content=\"@CentroUrbano\" \/>\n<meta name=\"twitter:label1\" content=\"Escrito por\" \/>\n\t<meta name=\"twitter:data1\" content=\"BlogCU 2022\" \/>\n\t<meta name=\"twitter:label2\" content=\"Tiempo de lectura\" \/>\n\t<meta name=\"twitter:data2\" content=\"2 minutos\" \/>\n<script type=\"application\/ld+json\" class=\"yoast-schema-graph\">{\"@context\":\"https:\\\/\\\/schema.org\",\"@graph\":[{\"@type\":\"Article\",\"@id\":\"https:\\\/\\\/centrourbano.com\\\/revista\\\/vivienda\\\/infonavit-y-fovissste-inician-el-programa-de-creditos-mancomunados\\\/#article\",\"isPartOf\":{\"@id\":\"https:\\\/\\\/centrourbano.com\\\/revista\\\/vivienda\\\/infonavit-y-fovissste-inician-el-programa-de-creditos-mancomunados\\\/\"},\"author\":{\"name\":\"BlogCU 2022\",\"@id\":\"https:\\\/\\\/centrourbano.com\\\/revista\\\/#\\\/schema\\\/person\\\/26c0ab2d8952e32eb17ccf62f8e88ce6\"},\"headline\":\"Infonavit y Fovissste, inician el programa de cr\u00e9ditos mancomunados\",\"datePublished\":\"2015-06-24T19:40:49+00:00\",\"mainEntityOfPage\":{\"@id\":\"https:\\\/\\\/centrourbano.com\\\/revista\\\/vivienda\\\/infonavit-y-fovissste-inician-el-programa-de-creditos-mancomunados\\\/\"},\"wordCount\":355,\"commentCount\":0,\"publisher\":{\"@id\":\"https:\\\/\\\/centrourbano.com\\\/revista\\\/#organization\"},\"image\":{\"@id\":\"https:\\\/\\\/centrourbano.com\\\/revista\\\/vivienda\\\/infonavit-y-fovissste-inician-el-programa-de-creditos-mancomunados\\\/#primaryimage\"},\"thumbnailUrl\":\"https:\\\/\\\/centrourbano.com\\\/revista\\\/wp-content\\\/uploads\\\/creditos-mancomunados.jpg\",\"keywords\":[\"cr\u00e9dito mancomunado\",\"financiamiento\",\"Fovissste\",\"Infonavit\",\"trabajdores\"],\"articleSection\":[\"Vivienda\"],\"inLanguage\":\"es\",\"potentialAction\":[{\"@type\":\"CommentAction\",\"name\":\"Comment\",\"target\":[\"https:\\\/\\\/centrourbano.com\\\/revista\\\/vivienda\\\/infonavit-y-fovissste-inician-el-programa-de-creditos-mancomunados\\\/#respond\"]}]},{\"@type\":\"WebPage\",\"@id\":\"https:\\\/\\\/centrourbano.com\\\/revista\\\/vivienda\\\/infonavit-y-fovissste-inician-el-programa-de-creditos-mancomunados\\\/\",\"url\":\"https:\\\/\\\/centrourbano.com\\\/revista\\\/vivienda\\\/infonavit-y-fovissste-inician-el-programa-de-creditos-mancomunados\\\/\",\"name\":\"Infonavit y Fovissste, inician el programa de cr\u00e9ditos mancomunados -\",\"isPartOf\":{\"@id\":\"https:\\\/\\\/centrourbano.com\\\/revista\\\/#website\"},\"primaryImageOfPage\":{\"@id\":\"https:\\\/\\\/centrourbano.com\\\/revista\\\/vivienda\\\/infonavit-y-fovissste-inician-el-programa-de-creditos-mancomunados\\\/#primaryimage\"},\"image\":{\"@id\":\"https:\\\/\\\/centrourbano.com\\\/revista\\\/vivienda\\\/infonavit-y-fovissste-inician-el-programa-de-creditos-mancomunados\\\/#primaryimage\"},\"thumbnailUrl\":\"https:\\\/\\\/centrourbano.com\\\/revista\\\/wp-content\\\/uploads\\\/creditos-mancomunados.jpg\",\"datePublished\":\"2015-06-24T19:40:49+00:00\",\"description\":\"Los financiamientos depender\u00e1n de los montos m\u00e1ximos de cada organismo de vivienda Los trabajadores con subcuentas en el Instituto del Fondo Nacional de\",\"breadcrumb\":{\"@id\":\"https:\\\/\\\/centrourbano.com\\\/revista\\\/vivienda\\\/infonavit-y-fovissste-inician-el-programa-de-creditos-mancomunados\\\/#breadcrumb\"},\"inLanguage\":\"es\",\"potentialAction\":[{\"@type\":\"ReadAction\",\"target\":[\"https:\\\/\\\/centrourbano.com\\\/revista\\\/vivienda\\\/infonavit-y-fovissste-inician-el-programa-de-creditos-mancomunados\\\/\"]}]},{\"@type\":\"ImageObject\",\"inLanguage\":\"es\",\"@id\":\"https:\\\/\\\/centrourbano.com\\\/revista\\\/vivienda\\\/infonavit-y-fovissste-inician-el-programa-de-creditos-mancomunados\\\/#primaryimage\",\"url\":\"https:\\\/\\\/centrourbano.com\\\/revista\\\/wp-content\\\/uploads\\\/creditos-mancomunados.jpg\",\"contentUrl\":\"https:\\\/\\\/centrourbano.com\\\/revista\\\/wp-content\\\/uploads\\\/creditos-mancomunados.jpg\",\"width\":800,\"height\":600},{\"@type\":\"BreadcrumbList\",\"@id\":\"https:\\\/\\\/centrourbano.com\\\/revista\\\/vivienda\\\/infonavit-y-fovissste-inician-el-programa-de-creditos-mancomunados\\\/#breadcrumb\",\"itemListElement\":[{\"@type\":\"ListItem\",\"position\":1,\"name\":\"Portada\",\"item\":\"https:\\\/\\\/centrourbano.com\\\/revista\\\/\"},{\"@type\":\"ListItem\",\"position\":2,\"name\":\"Infonavit y Fovissste, inician el programa de cr\u00e9ditos mancomunados\"}]},{\"@type\":\"WebSite\",\"@id\":\"https:\\\/\\\/centrourbano.com\\\/revista\\\/#website\",\"url\":\"https:\\\/\\\/centrourbano.com\\\/revista\\\/\",\"name\":\"Centro Urbano\",\"description\":\"Medio especializado en los sectores vivienda, inmobiliario, construcci\u00f3n, arquitectura y urbanismo.\",\"publisher\":{\"@id\":\"https:\\\/\\\/centrourbano.com\\\/revista\\\/#organization\"},\"potentialAction\":[{\"@type\":\"SearchAction\",\"target\":{\"@type\":\"EntryPoint\",\"urlTemplate\":\"https:\\\/\\\/centrourbano.com\\\/revista\\\/?s={search_term_string}\"},\"query-input\":{\"@type\":\"PropertyValueSpecification\",\"valueRequired\":true,\"valueName\":\"search_term_string\"}}],\"inLanguage\":\"es\"},{\"@type\":\"Organization\",\"@id\":\"https:\\\/\\\/centrourbano.com\\\/revista\\\/#organization\",\"name\":\"Centro Urbano\",\"url\":\"https:\\\/\\\/centrourbano.com\\\/revista\\\/\",\"logo\":{\"@type\":\"ImageObject\",\"inLanguage\":\"es\",\"@id\":\"https:\\\/\\\/centrourbano.com\\\/revista\\\/#\\\/schema\\\/logo\\\/image\\\/\",\"url\":\"https:\\\/\\\/centrourbano.com\\\/revista\\\/wp-content\\\/uploads\\\/web_CU_logo-1.png\",\"contentUrl\":\"https:\\\/\\\/centrourbano.com\\\/revista\\\/wp-content\\\/uploads\\\/web_CU_logo-1.png\",\"width\":350,\"height\":91,\"caption\":\"Centro Urbano\"},\"image\":{\"@id\":\"https:\\\/\\\/centrourbano.com\\\/revista\\\/#\\\/schema\\\/logo\\\/image\\\/\"},\"sameAs\":[\"https:\\\/\\\/www.facebook.com\\\/portalcentrourbano\",\"https:\\\/\\\/x.com\\\/CentroUrbano\",\"https:\\\/\\\/www.instagram.com\\\/centro_urbano\\\/\",\"https:\\\/\\\/www.linkedin.com\\\/company\\\/centro-urbano\\\/\",\"http:\\\/\\\/www.youtube.com\\\/user\\\/portalcentrourbano\"]},{\"@type\":\"Person\",\"@id\":\"https:\\\/\\\/centrourbano.com\\\/revista\\\/#\\\/schema\\\/person\\\/26c0ab2d8952e32eb17ccf62f8e88ce6\",\"name\":\"BlogCU 2022\",\"image\":{\"@type\":\"ImageObject\",\"inLanguage\":\"es\",\"@id\":\"https:\\\/\\\/secure.gravatar.com\\\/avatar\\\/5ec2975f6d4b1643c723f08ef135c488131c64cba4524740d438f2e04dbeacdc?s=96&d=mm&r=g\",\"url\":\"https:\\\/\\\/secure.gravatar.com\\\/avatar\\\/5ec2975f6d4b1643c723f08ef135c488131c64cba4524740d438f2e04dbeacdc?s=96&d=mm&r=g\",\"contentUrl\":\"https:\\\/\\\/secure.gravatar.com\\\/avatar\\\/5ec2975f6d4b1643c723f08ef135c488131c64cba4524740d438f2e04dbeacdc?s=96&d=mm&r=g\",\"caption\":\"BlogCU 2022\"},\"url\":\"https:\\\/\\\/centrourbano.com\\\/revista\\\/author\\\/BlogCU 2022\\\/\"}]}<\/script>\n<!-- \/ Yoast SEO plugin. -->","yoast_head_json":{"title":"Infonavit y Fovissste, inician el programa de cr\u00e9ditos mancomunados -","description":"Los financiamientos depender\u00e1n de los montos m\u00e1ximos de cada organismo de vivienda Los trabajadores con subcuentas en el Instituto del Fondo Nacional de","robots":{"index":"index","follow":"follow","max-snippet":"max-snippet:-1","max-image-preview":"max-image-preview:large","max-video-preview":"max-video-preview:-1"},"canonical":"https:\/\/centrourbano.com\/revista\/vivienda\/infonavit-y-fovissste-inician-el-programa-de-creditos-mancomunados\/","og_locale":"es_ES","og_type":"article","og_title":"Infonavit y Fovissste, inician el programa de cr\u00e9ditos mancomunados -","og_description":"Los financiamientos depender\u00e1n de los montos m\u00e1ximos de cada organismo de vivienda Los trabajadores con subcuentas en el Instituto del Fondo Nacional de","og_url":"https:\/\/centrourbano.com\/revista\/vivienda\/infonavit-y-fovissste-inician-el-programa-de-creditos-mancomunados\/","og_site_name":"Centro Urbano","article_publisher":"https:\/\/www.facebook.com\/portalcentrourbano","article_published_time":"2015-06-24T19:40:49+00:00","og_image":[{"width":800,"height":600,"url":"https:\/\/centrourbano.com\/revista\/wp-content\/uploads\/creditos-mancomunados.jpg","type":"image\/jpeg"}],"author":"BlogCU 2022","twitter_card":"summary_large_image","twitter_creator":"@CentroUrbano","twitter_site":"@CentroUrbano","twitter_misc":{"Escrito por":"BlogCU 2022","Tiempo de lectura":"2 minutos"},"schema":{"@context":"https:\/\/schema.org","@graph":[{"@type":"Article","@id":"https:\/\/centrourbano.com\/revista\/vivienda\/infonavit-y-fovissste-inician-el-programa-de-creditos-mancomunados\/#article","isPartOf":{"@id":"https:\/\/centrourbano.com\/revista\/vivienda\/infonavit-y-fovissste-inician-el-programa-de-creditos-mancomunados\/"},"author":{"name":"BlogCU 2022","@id":"https:\/\/centrourbano.com\/revista\/#\/schema\/person\/26c0ab2d8952e32eb17ccf62f8e88ce6"},"headline":"Infonavit y Fovissste, inician el programa de cr\u00e9ditos mancomunados","datePublished":"2015-06-24T19:40:49+00:00","mainEntityOfPage":{"@id":"https:\/\/centrourbano.com\/revista\/vivienda\/infonavit-y-fovissste-inician-el-programa-de-creditos-mancomunados\/"},"wordCount":355,"commentCount":0,"publisher":{"@id":"https:\/\/centrourbano.com\/revista\/#organization"},"image":{"@id":"https:\/\/centrourbano.com\/revista\/vivienda\/infonavit-y-fovissste-inician-el-programa-de-creditos-mancomunados\/#primaryimage"},"thumbnailUrl":"https:\/\/centrourbano.com\/revista\/wp-content\/uploads\/creditos-mancomunados.jpg","keywords":["cr\u00e9dito mancomunado","financiamiento","Fovissste","Infonavit","trabajdores"],"articleSection":["Vivienda"],"inLanguage":"es","potentialAction":[{"@type":"CommentAction","name":"Comment","target":["https:\/\/centrourbano.com\/revista\/vivienda\/infonavit-y-fovissste-inician-el-programa-de-creditos-mancomunados\/#respond"]}]},{"@type":"WebPage","@id":"https:\/\/centrourbano.com\/revista\/vivienda\/infonavit-y-fovissste-inician-el-programa-de-creditos-mancomunados\/","url":"https:\/\/centrourbano.com\/revista\/vivienda\/infonavit-y-fovissste-inician-el-programa-de-creditos-mancomunados\/","name":"Infonavit y Fovissste, inician el programa de cr\u00e9ditos mancomunados -","isPartOf":{"@id":"https:\/\/centrourbano.com\/revista\/#website"},"primaryImageOfPage":{"@id":"https:\/\/centrourbano.com\/revista\/vivienda\/infonavit-y-fovissste-inician-el-programa-de-creditos-mancomunados\/#primaryimage"},"image":{"@id":"https:\/\/centrourbano.com\/revista\/vivienda\/infonavit-y-fovissste-inician-el-programa-de-creditos-mancomunados\/#primaryimage"},"thumbnailUrl":"https:\/\/centrourbano.com\/revista\/wp-content\/uploads\/creditos-mancomunados.jpg","datePublished":"2015-06-24T19:40:49+00:00","description":"Los financiamientos depender\u00e1n de los montos m\u00e1ximos de cada organismo de vivienda Los trabajadores con subcuentas en el Instituto del Fondo Nacional de","breadcrumb":{"@id":"https:\/\/centrourbano.com\/revista\/vivienda\/infonavit-y-fovissste-inician-el-programa-de-creditos-mancomunados\/#breadcrumb"},"inLanguage":"es","potentialAction":[{"@type":"ReadAction","target":["https:\/\/centrourbano.com\/revista\/vivienda\/infonavit-y-fovissste-inician-el-programa-de-creditos-mancomunados\/"]}]},{"@type":"ImageObject","inLanguage":"es","@id":"https:\/\/centrourbano.com\/revista\/vivienda\/infonavit-y-fovissste-inician-el-programa-de-creditos-mancomunados\/#primaryimage","url":"https:\/\/centrourbano.com\/revista\/wp-content\/uploads\/creditos-mancomunados.jpg","contentUrl":"https:\/\/centrourbano.com\/revista\/wp-content\/uploads\/creditos-mancomunados.jpg","width":800,"height":600},{"@type":"BreadcrumbList","@id":"https:\/\/centrourbano.com\/revista\/vivienda\/infonavit-y-fovissste-inician-el-programa-de-creditos-mancomunados\/#breadcrumb","itemListElement":[{"@type":"ListItem","position":1,"name":"Portada","item":"https:\/\/centrourbano.com\/revista\/"},{"@type":"ListItem","position":2,"name":"Infonavit y Fovissste, inician el programa de cr\u00e9ditos mancomunados"}]},{"@type":"WebSite","@id":"https:\/\/centrourbano.com\/revista\/#website","url":"https:\/\/centrourbano.com\/revista\/","name":"Centro Urbano","description":"Medio especializado en los sectores vivienda, inmobiliario, construcci\u00f3n, arquitectura y urbanismo.","publisher":{"@id":"https:\/\/centrourbano.com\/revista\/#organization"},"potentialAction":[{"@type":"SearchAction","target":{"@type":"EntryPoint","urlTemplate":"https:\/\/centrourbano.com\/revista\/?s={search_term_string}"},"query-input":{"@type":"PropertyValueSpecification","valueRequired":true,"valueName":"search_term_string"}}],"inLanguage":"es"},{"@type":"Organization","@id":"https:\/\/centrourbano.com\/revista\/#organization","name":"Centro Urbano","url":"https:\/\/centrourbano.com\/revista\/","logo":{"@type":"ImageObject","inLanguage":"es","@id":"https:\/\/centrourbano.com\/revista\/#\/schema\/logo\/image\/","url":"https:\/\/centrourbano.com\/revista\/wp-content\/uploads\/web_CU_logo-1.png","contentUrl":"https:\/\/centrourbano.com\/revista\/wp-content\/uploads\/web_CU_logo-1.png","width":350,"height":91,"caption":"Centro Urbano"},"image":{"@id":"https:\/\/centrourbano.com\/revista\/#\/schema\/logo\/image\/"},"sameAs":["https:\/\/www.facebook.com\/portalcentrourbano","https:\/\/x.com\/CentroUrbano","https:\/\/www.instagram.com\/centro_urbano\/","https:\/\/www.linkedin.com\/company\/centro-urbano\/","http:\/\/www.youtube.com\/user\/portalcentrourbano"]},{"@type":"Person","@id":"https:\/\/centrourbano.com\/revista\/#\/schema\/person\/26c0ab2d8952e32eb17ccf62f8e88ce6","name":"BlogCU 2022","image":{"@type":"ImageObject","inLanguage":"es","@id":"https:\/\/secure.gravatar.com\/avatar\/5ec2975f6d4b1643c723f08ef135c488131c64cba4524740d438f2e04dbeacdc?s=96&d=mm&r=g","url":"https:\/\/secure.gravatar.com\/avatar\/5ec2975f6d4b1643c723f08ef135c488131c64cba4524740d438f2e04dbeacdc?s=96&d=mm&r=g","contentUrl":"https:\/\/secure.gravatar.com\/avatar\/5ec2975f6d4b1643c723f08ef135c488131c64cba4524740d438f2e04dbeacdc?s=96&d=mm&r=g","caption":"BlogCU 2022"},"url":"https:\/\/centrourbano.com\/revista\/author\/BlogCU 2022\/"}]}},"_links":{"self":[{"href":"https:\/\/centrourbano.com\/revista\/wp-json\/wp\/v2\/posts\/20258","targetHints":{"allow":["GET"]}}],"collection":[{"href":"https:\/\/centrourbano.com\/revista\/wp-json\/wp\/v2\/posts"}],"about":[{"href":"https:\/\/centrourbano.com\/revista\/wp-json\/wp\/v2\/types\/post"}],"author":[{"embeddable":true,"href":"https:\/\/centrourbano.com\/revista\/wp-json\/wp\/v2\/users\/1"}],"replies":[{"embeddable":true,"href":"https:\/\/centrourbano.com\/revista\/wp-json\/wp\/v2\/comments?post=20258"}],"version-history":[{"count":0,"href":"https:\/\/centrourbano.com\/revista\/wp-json\/wp\/v2\/posts\/20258\/revisions"}],"wp:featuredmedia":[{"embeddable":true,"href":"https:\/\/centrourbano.com\/revista\/wp-json\/wp\/v2\/media\/20259"}],"wp:attachment":[{"href":"https:\/\/centrourbano.com\/revista\/wp-json\/wp\/v2\/media?parent=20258"}],"wp:term":[{"taxonomy":"category","embeddable":true,"href":"https:\/\/centrourbano.com\/revista\/wp-json\/wp\/v2\/categories?post=20258"},{"taxonomy":"post_tag","embeddable":true,"href":"https:\/\/centrourbano.com\/revista\/wp-json\/wp\/v2\/tags?post=20258"}],"curies":[{"name":"wp","href":"https:\/\/api.w.org\/{rel}","templated":true}]}}