{"id":20226,"date":"2015-06-24T10:00:10","date_gmt":"2015-06-24T15:00:10","guid":{"rendered":"http:\/\/centrourbano.com\/?p=20226"},"modified":"2015-06-23T17:53:52","modified_gmt":"2015-06-23T22:53:52","slug":"conmina-ai-a-espana-a-elevar-vivienda-social","status":"publish","type":"post","link":"https:\/\/centrourbano.com\/revista\/vivienda\/conmina-ai-a-espana-a-elevar-vivienda-social\/","title":{"rendered":"Conmina AI a Espa\u00f1a a elevar vivienda social"},"content":{"rendered":"<p><em>Espa\u00f1a cuenta con\u00a01,1% de vivienda social,\u00a0frente a 32% de Pa\u00edses Bajos, 23% de Austria, 18% del Reino Unido\u00a0 y \u00a017% de Francia<\/em><\/p>\n<p><!--more--><\/p>\n<p>Los datos se recogen en el\u00a0 informe \u201cDerechos desalojados. Derecho a la vivienda y desalojos hipotecarios en Espa\u00f1a\u201d, donde argumentan que cientos de miles de personas han perdido su vivienda o corren el riesgo de perderla en ejecuciones hipotecarias, debido al desempleo y al sobreendeudamiento que comenz\u00f3 la crisis en el 2008.<\/p>\n<p>Durante la presentaci\u00f3n del estudio, el director de Amnist\u00eda Internacional en Espa\u00f1a, Esteban Beltr\u00e1n, se\u00f1al\u00f3 que el derecho a la vivienda corre peligro en Espa\u00f1a y que las autoridades no han adoptado medidas suficientes para proteger y hacer efectivo ese derecho.<\/p>\n<p>Los desahucios hipotecarios est\u00e1n entre las manifestaciones m\u00e1s graves del perjuicio que la austeridad causa en el disfrute de los derechos humanos por parte de las personas que sufren las peores consecuencias de la crisis econ\u00f3mica, afirm\u00f3 la organizaci\u00f3n.<\/p>\n<p>La organizaci\u00f3n pide se paralicen todos los desalojos hipotecarios en Espa\u00f1a hasta que no se adopten garant\u00edas de protecci\u00f3n, como la modificaci\u00f3n de la Ley de Enjuiciamiento Civil para que los jueces analicen caso por caso la razonabilidad y la proporcionalidad de un desalojo, y un mecanismo obligatorio para supervisar las negociaciones entre las entidades financieras y las personas en el que las autoridades exijan a aqu\u00e9llas que el desalojo sea la \u00faltima alternativa.<\/p>\n<p>La organizaci\u00f3n sostiene que las autoridades han invisibilizado la gravedad de la situaci\u00f3n al no ofrecer datos de cu\u00e1ntas personas se han visto afectadas por los desahucios ni realizar evaluaciones de impacto en derechos humanos de las pol\u00edticas de vivienda, incluido el de g\u00e9nero.<\/p>\n<p><strong>Reducen gasto p\u00fablico en vivienda<\/strong><\/p>\n<p>Por otro lado, Amnist\u00eda Internacional se\u00f1ala que, en un momento de crisis econ\u00f3mica, cuando las personas necesitan de mayor protecci\u00f3n, las autoridades han adoptado medidas regresivas injustificadas y contrarias al derecho internacional, como la reducci\u00f3n del gasto p\u00fablico en vivienda en m\u00e1s del 50% entre 2008 y 2015.<\/p>\n<p>Espa\u00f1a cuenta con uno de los porcentajes de vivienda social m\u00e1s bajos de la UE (1,1%), s\u00f3lo superado por Grecia y est\u00e1 lejos de otros pa\u00edses como Holanda (32%), Austria (23%), Reino Unido (18%) o Francia (17%).<\/p>\n<p>Subraya tambi\u00e9n que en lugar de hacer frente a la cifra, las autoridades de dos de las comunidades aut\u00f3nomas donde existen m\u00e1s desalojos y viviendas vac\u00edas, como Catalu\u00f1a y Madrid, han vendido vivienda social obviando as\u00ed sus obligaciones en materia del acceso a la vivienda.<\/p>\n<p>&nbsp;<\/p>\n","protected":false},"excerpt":{"rendered":"<p>Espa\u00f1a cuenta con\u00a01,1% de vivienda social,\u00a0frente a 32% de Pa\u00edses Bajos, 23% de Austria, 18% del Reino Unido\u00a0 y \u00a017% de Francia<\/p>\n","protected":false},"author":28,"featured_media":20230,"comment_status":"open","ping_status":"closed","sticky":false,"template":"","format":"standard","meta":{"om_disable_all_campaigns":false,"inline_featured_image":false,"_monsterinsights_skip_tracking":false,"_monsterinsights_sitenote_active":false,"_monsterinsights_sitenote_note":"","_monsterinsights_sitenote_category":0,"footnotes":""},"categories":[12],"tags":[5484,46,60],"class_list":["post-20226","post","type-post","status-publish","format-standard","has-post-thumbnail","hentry","category-vivienda","tag-amnistia-internacional","tag-espana","tag-vivienda-2"],"yoast_head":"<!-- This site is optimized with the Yoast SEO plugin v27.4 - https:\/\/yoast.com\/product\/yoast-seo-wordpress\/ -->\n<title>Conmina AI a Espa\u00f1a a elevar vivienda social -<\/title>\n<meta name=\"description\" content=\"Espa\u00f1a cuenta con\u00a01,1% de vivienda social,\u00a0frente a 32% de Pa\u00edses Bajos, 23% de Austria, 18% del Reino Unido\u00a0 y \u00a017% de Francia Los datos se recogen en\" \/>\n<meta name=\"robots\" content=\"index, follow, max-snippet:-1, max-image-preview:large, max-video-preview:-1\" \/>\n<link rel=\"canonical\" href=\"https:\/\/centrourbano.com\/revista\/vivienda\/conmina-ai-a-espana-a-elevar-vivienda-social\/\" \/>\n<meta property=\"og:locale\" content=\"es_ES\" \/>\n<meta property=\"og:type\" content=\"article\" \/>\n<meta property=\"og:title\" content=\"Conmina AI a Espa\u00f1a a elevar vivienda social -\" \/>\n<meta property=\"og:description\" content=\"Espa\u00f1a cuenta con\u00a01,1% de vivienda social,\u00a0frente a 32% de Pa\u00edses Bajos, 23% de Austria, 18% del Reino Unido\u00a0 y \u00a017% de Francia Los datos se recogen en\" \/>\n<meta property=\"og:url\" content=\"https:\/\/centrourbano.com\/revista\/vivienda\/conmina-ai-a-espana-a-elevar-vivienda-social\/\" \/>\n<meta property=\"og:site_name\" content=\"Centro Urbano\" \/>\n<meta property=\"article:publisher\" content=\"https:\/\/www.facebook.com\/portalcentrourbano\" \/>\n<meta property=\"article:published_time\" content=\"2015-06-24T15:00:10+00:00\" \/>\n<meta property=\"og:image\" content=\"https:\/\/centrourbano.com\/revista\/wp-content\/uploads\/vivienda-social-espa\u00f1aa-.jpg\" \/>\n\t<meta property=\"og:image:width\" content=\"1988\" \/>\n\t<meta property=\"og:image:height\" content=\"1106\" \/>\n\t<meta property=\"og:image:type\" content=\"image\/jpeg\" \/>\n<meta name=\"author\" content=\"Mario V\u00e1zquez Barrios\" \/>\n<meta name=\"twitter:card\" content=\"summary_large_image\" \/>\n<meta name=\"twitter:creator\" content=\"@MarioDeNiro\" \/>\n<meta name=\"twitter:site\" content=\"@CentroUrbano\" \/>\n<meta name=\"twitter:label1\" content=\"Escrito por\" \/>\n\t<meta name=\"twitter:data1\" content=\"Mario V\u00e1zquez Barrios\" \/>\n\t<meta name=\"twitter:label2\" content=\"Tiempo de lectura\" \/>\n\t<meta name=\"twitter:data2\" content=\"2 minutos\" \/>\n<script type=\"application\/ld+json\" class=\"yoast-schema-graph\">{\"@context\":\"https:\\\/\\\/schema.org\",\"@graph\":[{\"@type\":\"Article\",\"@id\":\"https:\\\/\\\/centrourbano.com\\\/revista\\\/vivienda\\\/conmina-ai-a-espana-a-elevar-vivienda-social\\\/#article\",\"isPartOf\":{\"@id\":\"https:\\\/\\\/centrourbano.com\\\/revista\\\/vivienda\\\/conmina-ai-a-espana-a-elevar-vivienda-social\\\/\"},\"author\":{\"name\":\"Mario V\u00e1zquez Barrios\",\"@id\":\"https:\\\/\\\/centrourbano.com\\\/revista\\\/#\\\/schema\\\/person\\\/71e020a5b63ca4230c0f1228a36cde93\"},\"headline\":\"Conmina AI a Espa\u00f1a a elevar vivienda social\",\"datePublished\":\"2015-06-24T15:00:10+00:00\",\"mainEntityOfPage\":{\"@id\":\"https:\\\/\\\/centrourbano.com\\\/revista\\\/vivienda\\\/conmina-ai-a-espana-a-elevar-vivienda-social\\\/\"},\"wordCount\":446,\"commentCount\":0,\"publisher\":{\"@id\":\"https:\\\/\\\/centrourbano.com\\\/revista\\\/#organization\"},\"image\":{\"@id\":\"https:\\\/\\\/centrourbano.com\\\/revista\\\/vivienda\\\/conmina-ai-a-espana-a-elevar-vivienda-social\\\/#primaryimage\"},\"thumbnailUrl\":\"https:\\\/\\\/centrourbano.com\\\/revista\\\/wp-content\\\/uploads\\\/vivienda-social-espa\u00f1aa-.jpg\",\"keywords\":[\"Amnist\u00eda Internacional\",\"Espa\u00f1a\",\"vivienda\"],\"articleSection\":[\"Vivienda\"],\"inLanguage\":\"es\",\"potentialAction\":[{\"@type\":\"CommentAction\",\"name\":\"Comment\",\"target\":[\"https:\\\/\\\/centrourbano.com\\\/revista\\\/vivienda\\\/conmina-ai-a-espana-a-elevar-vivienda-social\\\/#respond\"]}]},{\"@type\":\"WebPage\",\"@id\":\"https:\\\/\\\/centrourbano.com\\\/revista\\\/vivienda\\\/conmina-ai-a-espana-a-elevar-vivienda-social\\\/\",\"url\":\"https:\\\/\\\/centrourbano.com\\\/revista\\\/vivienda\\\/conmina-ai-a-espana-a-elevar-vivienda-social\\\/\",\"name\":\"Conmina AI a Espa\u00f1a a elevar vivienda social -\",\"isPartOf\":{\"@id\":\"https:\\\/\\\/centrourbano.com\\\/revista\\\/#website\"},\"primaryImageOfPage\":{\"@id\":\"https:\\\/\\\/centrourbano.com\\\/revista\\\/vivienda\\\/conmina-ai-a-espana-a-elevar-vivienda-social\\\/#primaryimage\"},\"image\":{\"@id\":\"https:\\\/\\\/centrourbano.com\\\/revista\\\/vivienda\\\/conmina-ai-a-espana-a-elevar-vivienda-social\\\/#primaryimage\"},\"thumbnailUrl\":\"https:\\\/\\\/centrourbano.com\\\/revista\\\/wp-content\\\/uploads\\\/vivienda-social-espa\u00f1aa-.jpg\",\"datePublished\":\"2015-06-24T15:00:10+00:00\",\"description\":\"Espa\u00f1a cuenta con\u00a01,1% de vivienda social,\u00a0frente a 32% de Pa\u00edses Bajos, 23% de Austria, 18% del Reino Unido\u00a0 y \u00a017% de Francia Los datos se recogen en\",\"breadcrumb\":{\"@id\":\"https:\\\/\\\/centrourbano.com\\\/revista\\\/vivienda\\\/conmina-ai-a-espana-a-elevar-vivienda-social\\\/#breadcrumb\"},\"inLanguage\":\"es\",\"potentialAction\":[{\"@type\":\"ReadAction\",\"target\":[\"https:\\\/\\\/centrourbano.com\\\/revista\\\/vivienda\\\/conmina-ai-a-espana-a-elevar-vivienda-social\\\/\"]}]},{\"@type\":\"ImageObject\",\"inLanguage\":\"es\",\"@id\":\"https:\\\/\\\/centrourbano.com\\\/revista\\\/vivienda\\\/conmina-ai-a-espana-a-elevar-vivienda-social\\\/#primaryimage\",\"url\":\"https:\\\/\\\/centrourbano.com\\\/revista\\\/wp-content\\\/uploads\\\/vivienda-social-espa\u00f1aa-.jpg\",\"contentUrl\":\"https:\\\/\\\/centrourbano.com\\\/revista\\\/wp-content\\\/uploads\\\/vivienda-social-espa\u00f1aa-.jpg\",\"width\":1988,\"height\":1106},{\"@type\":\"BreadcrumbList\",\"@id\":\"https:\\\/\\\/centrourbano.com\\\/revista\\\/vivienda\\\/conmina-ai-a-espana-a-elevar-vivienda-social\\\/#breadcrumb\",\"itemListElement\":[{\"@type\":\"ListItem\",\"position\":1,\"name\":\"Portada\",\"item\":\"https:\\\/\\\/centrourbano.com\\\/revista\\\/\"},{\"@type\":\"ListItem\",\"position\":2,\"name\":\"Conmina AI a Espa\u00f1a a elevar vivienda social\"}]},{\"@type\":\"WebSite\",\"@id\":\"https:\\\/\\\/centrourbano.com\\\/revista\\\/#website\",\"url\":\"https:\\\/\\\/centrourbano.com\\\/revista\\\/\",\"name\":\"Centro Urbano\",\"description\":\"Medio especializado en los sectores vivienda, inmobiliario, construcci\u00f3n, arquitectura y urbanismo.\",\"publisher\":{\"@id\":\"https:\\\/\\\/centrourbano.com\\\/revista\\\/#organization\"},\"potentialAction\":[{\"@type\":\"SearchAction\",\"target\":{\"@type\":\"EntryPoint\",\"urlTemplate\":\"https:\\\/\\\/centrourbano.com\\\/revista\\\/?s={search_term_string}\"},\"query-input\":{\"@type\":\"PropertyValueSpecification\",\"valueRequired\":true,\"valueName\":\"search_term_string\"}}],\"inLanguage\":\"es\"},{\"@type\":\"Organization\",\"@id\":\"https:\\\/\\\/centrourbano.com\\\/revista\\\/#organization\",\"name\":\"Centro Urbano\",\"url\":\"https:\\\/\\\/centrourbano.com\\\/revista\\\/\",\"logo\":{\"@type\":\"ImageObject\",\"inLanguage\":\"es\",\"@id\":\"https:\\\/\\\/centrourbano.com\\\/revista\\\/#\\\/schema\\\/logo\\\/image\\\/\",\"url\":\"https:\\\/\\\/centrourbano.com\\\/revista\\\/wp-content\\\/uploads\\\/web_CU_logo-1.png\",\"contentUrl\":\"https:\\\/\\\/centrourbano.com\\\/revista\\\/wp-content\\\/uploads\\\/web_CU_logo-1.png\",\"width\":350,\"height\":91,\"caption\":\"Centro Urbano\"},\"image\":{\"@id\":\"https:\\\/\\\/centrourbano.com\\\/revista\\\/#\\\/schema\\\/logo\\\/image\\\/\"},\"sameAs\":[\"https:\\\/\\\/www.facebook.com\\\/portalcentrourbano\",\"https:\\\/\\\/x.com\\\/CentroUrbano\",\"https:\\\/\\\/www.instagram.com\\\/centro_urbano\\\/\",\"https:\\\/\\\/www.linkedin.com\\\/company\\\/centro-urbano\\\/\",\"http:\\\/\\\/www.youtube.com\\\/user\\\/portalcentrourbano\"]},{\"@type\":\"Person\",\"@id\":\"https:\\\/\\\/centrourbano.com\\\/revista\\\/#\\\/schema\\\/person\\\/71e020a5b63ca4230c0f1228a36cde93\",\"name\":\"Mario V\u00e1zquez Barrios\",\"image\":{\"@type\":\"ImageObject\",\"inLanguage\":\"es\",\"@id\":\"https:\\\/\\\/secure.gravatar.com\\\/avatar\\\/347e6d9c0b04f0194ca244ba64b0fe62752d716a3a93d1713bd259eb87aad5b6?s=96&d=mm&r=g\",\"url\":\"https:\\\/\\\/secure.gravatar.com\\\/avatar\\\/347e6d9c0b04f0194ca244ba64b0fe62752d716a3a93d1713bd259eb87aad5b6?s=96&d=mm&r=g\",\"contentUrl\":\"https:\\\/\\\/secure.gravatar.com\\\/avatar\\\/347e6d9c0b04f0194ca244ba64b0fe62752d716a3a93d1713bd259eb87aad5b6?s=96&d=mm&r=g\",\"caption\":\"Mario V\u00e1zquez Barrios\"},\"description\":\"Me inici\u00e9 en El Financiero haciendo reportajes; en MegaNoticias Televisi\u00f3n fui reportero titular; en EMedios, control de calidad; y Radio 13 Noticias me acogi\u00f3 como colaborador. Me gusta encontrar en las banquetas la nota, una entrevista y el inicio de un reportaje.\",\"sameAs\":[\"https:\\\/\\\/x.com\\\/@MarioDeNiro\"],\"url\":\"https:\\\/\\\/centrourbano.com\\\/revista\\\/author\\\/mario-vazquez\\\/\"}]}<\/script>\n<!-- \/ Yoast SEO plugin. -->","yoast_head_json":{"title":"Conmina AI a Espa\u00f1a a elevar vivienda social -","description":"Espa\u00f1a cuenta con\u00a01,1% de vivienda social,\u00a0frente a 32% de Pa\u00edses Bajos, 23% de Austria, 18% del Reino Unido\u00a0 y \u00a017% de Francia Los datos se recogen en","robots":{"index":"index","follow":"follow","max-snippet":"max-snippet:-1","max-image-preview":"max-image-preview:large","max-video-preview":"max-video-preview:-1"},"canonical":"https:\/\/centrourbano.com\/revista\/vivienda\/conmina-ai-a-espana-a-elevar-vivienda-social\/","og_locale":"es_ES","og_type":"article","og_title":"Conmina AI a Espa\u00f1a a elevar vivienda social -","og_description":"Espa\u00f1a cuenta con\u00a01,1% de vivienda social,\u00a0frente a 32% de Pa\u00edses Bajos, 23% de Austria, 18% del Reino Unido\u00a0 y \u00a017% de Francia Los datos se recogen en","og_url":"https:\/\/centrourbano.com\/revista\/vivienda\/conmina-ai-a-espana-a-elevar-vivienda-social\/","og_site_name":"Centro Urbano","article_publisher":"https:\/\/www.facebook.com\/portalcentrourbano","article_published_time":"2015-06-24T15:00:10+00:00","og_image":[{"width":1988,"height":1106,"url":"https:\/\/centrourbano.com\/revista\/wp-content\/uploads\/vivienda-social-espa\u00f1aa-.jpg","type":"image\/jpeg"}],"author":"Mario V\u00e1zquez Barrios","twitter_card":"summary_large_image","twitter_creator":"@MarioDeNiro","twitter_site":"@CentroUrbano","twitter_misc":{"Escrito por":"Mario V\u00e1zquez Barrios","Tiempo de lectura":"2 minutos"},"schema":{"@context":"https:\/\/schema.org","@graph":[{"@type":"Article","@id":"https:\/\/centrourbano.com\/revista\/vivienda\/conmina-ai-a-espana-a-elevar-vivienda-social\/#article","isPartOf":{"@id":"https:\/\/centrourbano.com\/revista\/vivienda\/conmina-ai-a-espana-a-elevar-vivienda-social\/"},"author":{"name":"Mario V\u00e1zquez Barrios","@id":"https:\/\/centrourbano.com\/revista\/#\/schema\/person\/71e020a5b63ca4230c0f1228a36cde93"},"headline":"Conmina AI a Espa\u00f1a a elevar vivienda social","datePublished":"2015-06-24T15:00:10+00:00","mainEntityOfPage":{"@id":"https:\/\/centrourbano.com\/revista\/vivienda\/conmina-ai-a-espana-a-elevar-vivienda-social\/"},"wordCount":446,"commentCount":0,"publisher":{"@id":"https:\/\/centrourbano.com\/revista\/#organization"},"image":{"@id":"https:\/\/centrourbano.com\/revista\/vivienda\/conmina-ai-a-espana-a-elevar-vivienda-social\/#primaryimage"},"thumbnailUrl":"https:\/\/centrourbano.com\/revista\/wp-content\/uploads\/vivienda-social-espa\u00f1aa-.jpg","keywords":["Amnist\u00eda Internacional","Espa\u00f1a","vivienda"],"articleSection":["Vivienda"],"inLanguage":"es","potentialAction":[{"@type":"CommentAction","name":"Comment","target":["https:\/\/centrourbano.com\/revista\/vivienda\/conmina-ai-a-espana-a-elevar-vivienda-social\/#respond"]}]},{"@type":"WebPage","@id":"https:\/\/centrourbano.com\/revista\/vivienda\/conmina-ai-a-espana-a-elevar-vivienda-social\/","url":"https:\/\/centrourbano.com\/revista\/vivienda\/conmina-ai-a-espana-a-elevar-vivienda-social\/","name":"Conmina AI a Espa\u00f1a a elevar vivienda social -","isPartOf":{"@id":"https:\/\/centrourbano.com\/revista\/#website"},"primaryImageOfPage":{"@id":"https:\/\/centrourbano.com\/revista\/vivienda\/conmina-ai-a-espana-a-elevar-vivienda-social\/#primaryimage"},"image":{"@id":"https:\/\/centrourbano.com\/revista\/vivienda\/conmina-ai-a-espana-a-elevar-vivienda-social\/#primaryimage"},"thumbnailUrl":"https:\/\/centrourbano.com\/revista\/wp-content\/uploads\/vivienda-social-espa\u00f1aa-.jpg","datePublished":"2015-06-24T15:00:10+00:00","description":"Espa\u00f1a cuenta con\u00a01,1% de vivienda social,\u00a0frente a 32% de Pa\u00edses Bajos, 23% de Austria, 18% del Reino Unido\u00a0 y \u00a017% de Francia Los datos se recogen en","breadcrumb":{"@id":"https:\/\/centrourbano.com\/revista\/vivienda\/conmina-ai-a-espana-a-elevar-vivienda-social\/#breadcrumb"},"inLanguage":"es","potentialAction":[{"@type":"ReadAction","target":["https:\/\/centrourbano.com\/revista\/vivienda\/conmina-ai-a-espana-a-elevar-vivienda-social\/"]}]},{"@type":"ImageObject","inLanguage":"es","@id":"https:\/\/centrourbano.com\/revista\/vivienda\/conmina-ai-a-espana-a-elevar-vivienda-social\/#primaryimage","url":"https:\/\/centrourbano.com\/revista\/wp-content\/uploads\/vivienda-social-espa\u00f1aa-.jpg","contentUrl":"https:\/\/centrourbano.com\/revista\/wp-content\/uploads\/vivienda-social-espa\u00f1aa-.jpg","width":1988,"height":1106},{"@type":"BreadcrumbList","@id":"https:\/\/centrourbano.com\/revista\/vivienda\/conmina-ai-a-espana-a-elevar-vivienda-social\/#breadcrumb","itemListElement":[{"@type":"ListItem","position":1,"name":"Portada","item":"https:\/\/centrourbano.com\/revista\/"},{"@type":"ListItem","position":2,"name":"Conmina AI a Espa\u00f1a a elevar vivienda social"}]},{"@type":"WebSite","@id":"https:\/\/centrourbano.com\/revista\/#website","url":"https:\/\/centrourbano.com\/revista\/","name":"Centro Urbano","description":"Medio especializado en los sectores vivienda, inmobiliario, construcci\u00f3n, arquitectura y urbanismo.","publisher":{"@id":"https:\/\/centrourbano.com\/revista\/#organization"},"potentialAction":[{"@type":"SearchAction","target":{"@type":"EntryPoint","urlTemplate":"https:\/\/centrourbano.com\/revista\/?s={search_term_string}"},"query-input":{"@type":"PropertyValueSpecification","valueRequired":true,"valueName":"search_term_string"}}],"inLanguage":"es"},{"@type":"Organization","@id":"https:\/\/centrourbano.com\/revista\/#organization","name":"Centro Urbano","url":"https:\/\/centrourbano.com\/revista\/","logo":{"@type":"ImageObject","inLanguage":"es","@id":"https:\/\/centrourbano.com\/revista\/#\/schema\/logo\/image\/","url":"https:\/\/centrourbano.com\/revista\/wp-content\/uploads\/web_CU_logo-1.png","contentUrl":"https:\/\/centrourbano.com\/revista\/wp-content\/uploads\/web_CU_logo-1.png","width":350,"height":91,"caption":"Centro Urbano"},"image":{"@id":"https:\/\/centrourbano.com\/revista\/#\/schema\/logo\/image\/"},"sameAs":["https:\/\/www.facebook.com\/portalcentrourbano","https:\/\/x.com\/CentroUrbano","https:\/\/www.instagram.com\/centro_urbano\/","https:\/\/www.linkedin.com\/company\/centro-urbano\/","http:\/\/www.youtube.com\/user\/portalcentrourbano"]},{"@type":"Person","@id":"https:\/\/centrourbano.com\/revista\/#\/schema\/person\/71e020a5b63ca4230c0f1228a36cde93","name":"Mario V\u00e1zquez Barrios","image":{"@type":"ImageObject","inLanguage":"es","@id":"https:\/\/secure.gravatar.com\/avatar\/347e6d9c0b04f0194ca244ba64b0fe62752d716a3a93d1713bd259eb87aad5b6?s=96&d=mm&r=g","url":"https:\/\/secure.gravatar.com\/avatar\/347e6d9c0b04f0194ca244ba64b0fe62752d716a3a93d1713bd259eb87aad5b6?s=96&d=mm&r=g","contentUrl":"https:\/\/secure.gravatar.com\/avatar\/347e6d9c0b04f0194ca244ba64b0fe62752d716a3a93d1713bd259eb87aad5b6?s=96&d=mm&r=g","caption":"Mario V\u00e1zquez Barrios"},"description":"Me inici\u00e9 en El Financiero haciendo reportajes; en MegaNoticias Televisi\u00f3n fui reportero titular; en EMedios, control de calidad; y Radio 13 Noticias me acogi\u00f3 como colaborador. Me gusta encontrar en las banquetas la nota, una entrevista y el inicio de un reportaje.","sameAs":["https:\/\/x.com\/@MarioDeNiro"],"url":"https:\/\/centrourbano.com\/revista\/author\/mario-vazquez\/"}]}},"_links":{"self":[{"href":"https:\/\/centrourbano.com\/revista\/wp-json\/wp\/v2\/posts\/20226","targetHints":{"allow":["GET"]}}],"collection":[{"href":"https:\/\/centrourbano.com\/revista\/wp-json\/wp\/v2\/posts"}],"about":[{"href":"https:\/\/centrourbano.com\/revista\/wp-json\/wp\/v2\/types\/post"}],"author":[{"embeddable":true,"href":"https:\/\/centrourbano.com\/revista\/wp-json\/wp\/v2\/users\/28"}],"replies":[{"embeddable":true,"href":"https:\/\/centrourbano.com\/revista\/wp-json\/wp\/v2\/comments?post=20226"}],"version-history":[{"count":0,"href":"https:\/\/centrourbano.com\/revista\/wp-json\/wp\/v2\/posts\/20226\/revisions"}],"wp:featuredmedia":[{"embeddable":true,"href":"https:\/\/centrourbano.com\/revista\/wp-json\/wp\/v2\/media\/20230"}],"wp:attachment":[{"href":"https:\/\/centrourbano.com\/revista\/wp-json\/wp\/v2\/media?parent=20226"}],"wp:term":[{"taxonomy":"category","embeddable":true,"href":"https:\/\/centrourbano.com\/revista\/wp-json\/wp\/v2\/categories?post=20226"},{"taxonomy":"post_tag","embeddable":true,"href":"https:\/\/centrourbano.com\/revista\/wp-json\/wp\/v2\/tags?post=20226"}],"curies":[{"name":"wp","href":"https:\/\/api.w.org\/{rel}","templated":true}]}}