{"id":20089,"date":"2015-06-22T09:00:44","date_gmt":"2015-06-22T14:00:44","guid":{"rendered":"http:\/\/centrourbano.com\/?p=20089"},"modified":"2015-06-23T13:19:38","modified_gmt":"2015-06-23T18:19:38","slug":"presentan-departamento-muestra-virtual-interactivo","status":"publish","type":"post","link":"https:\/\/centrourbano.com\/revista\/entrevistas\/presentan-departamento-muestra-virtual-interactivo\/","title":{"rendered":"Presentan departamento muestra virtual interactivo"},"content":{"rendered":"<p>&nbsp;<\/p>\n<p><em>El producto es una combinaci\u00f3n de marketing emocional con tecnolog\u00eda digital, donde se puede caminar y cambiar las decoraciones del inmueble<\/em><\/p>\n<p><!--more--><\/p>\n<p>En la situaci\u00f3n actual es muy dif\u00edcil enamorar y retener a un cliente con un producto en cualquier segmento, ya que el p\u00fablico se ha vuelto m\u00e1s exigente y el nuevo componente que se busca ahora es la conexi\u00f3n emocional a trav\u00e9s de una empat\u00eda que utilice las nuevas tecnolog\u00edas.<\/p>\n<p>Basados en esa informaci\u00f3n, se realizaron investigaciones y se encontr\u00f3 que cuando alguien quiere adquirir un departamento, al ver la muestra, \u00e9ste se puede convertir en uno de los momentos clave en todo el proceso de compra. Es cuando tienen el nivel afectivo en el punto m\u00e1s alto, porque la compra de una casa es una de las decisiones m\u00e1s importantes en la vida de una persona, exponen para <strong>Centro Urbano<\/strong>\u00a0Laura Campuzano Ponce de Le\u00f3n y Mateo Turanzas Alas, de Quiero Casa.<\/p>\n<p>\u201cEs el momento donde ves a tu familia disfrutando una pel\u00edcula en la sala, conviviendo en el comedor durante la cena y ves a los ni\u00f1os en la rec\u00e1mara jugando, y es donde queremos conectar las emociones porque buscan la generaci\u00f3n de esa experiencia. La compra de una casa es la decisi\u00f3n m\u00e1s importante en la vida de una persona y consideramos clave ese momento; c\u00f3mo lo sienten y viven\u201d, explic\u00f3 la tambi\u00e9n subdirectora de Mercadotecnia.<\/p>\n<p>Dijo que el proyecto naci\u00f3 cuando detectaron que en uno de sus desarrollos no contaba con departamento muestra, porque en el proceso de construcci\u00f3n \u00a0a veces se lleva tiempo realizarlo y no quer\u00edan que nada m\u00e1s se quedaran con la experiencia de ver una maqueta f\u00edsicamente.<\/p>\n<p>Por su parte, Mateo Turanzas Alas, director de Tecnolog\u00eda e Innovaci\u00f3n destac\u00f3 la primicia y avances del producto en M\u00e9xico. \u201cEs interesante este proyecto porque logramos conjugar marketing y tecnolog\u00eda. Hicimos muchs sesiones de brainstorming y fuimos poco a poco haciendo el research hasta encontramos con nuestro partner tecnol\u00f3gico CoDesign, con qui\u00e9n lo desarrollamos\u201d.<\/p>\n<p><strong>Tecnolog\u00eda digital de 360 grados<\/strong><\/p>\n<p>\u201cLa tecnolog\u00eda Oculus consiste en un visor con sensaci\u00f3n de 360 grados totalmente virtual y de inmersi\u00f3n completa. Aqu\u00ed usamos todos nuestros recursos en 3D junto con el \u00e1rea de proyectos de dise\u00f1os de interiores, y nos enfrentamos al primer reto, que fue donde requer\u00edamos tener detalle exacto del departamento muestra, \u00a0pero que al mismo tiempo tuviera un peso de aplicaci\u00f3n ligero para que el programa pudiese correr r\u00e1pido y esa experiencia atractiva se da al caminar por el departamento\u201d, explic\u00f3.<\/p>\n<p>Expuso que se usaron modelos de pol\u00edgonos bajos con diversos temas de texturizados, temas de iluminaci\u00f3n y perspectiva, que conjuntaron con trabajo de espacios cercanos y en tama\u00f1os ajustados a la realidad. \u201cHicimos una interfaz para controlar la experiencia a trav\u00e9s de controles de consola y para hacerla multisensorial, le colocamos m\u00fasica a cada \u00e1rea del departamento, lo que nos permite desconectemos del mundo real y entrar en el digital. Eso lo palpas cuando tienes la posibilidad de jugar con los tres estilos de decoraci\u00f3n\u201d.<\/p>\n<p>Turanzas, qui\u00e9n es originario de Venezuela\u00a0 e ingeniero en sistemas y mercadotecnia, dijo que el desarrollo lo lograron poner a punto en dos meses, porque hicieron muchos montajes en decoraci\u00f3n donde tuvieron que ir desarrollando la velocidad del programa, ya que al principio detectaron detalles de mareo en las personas, sobre todo en el giros y al caminar, pero que el programa ya lo tiene en su punto \u00f3ptimo de presentaci\u00f3n.<\/p>\n<p>\u201cEn M\u00e9xico no hay implementaciones de Oculus, por lo que somos punta de lanza en esta herramienta en el ramo inmobiliario. Al desarrollar el programa primero se ten\u00edan que rodear los muebles y entrar por la puerta, pero al atravesar las paredes y enseres se hace m\u00e1s sencillo y divertido el proceso\u201d.<\/p>\n<p>Dijo que el programa, que es propiedad actualmente de Facebook, se utiliza para videojuegos y para aspectos en medicina en Estados Unidos, pero que no se conocen otras experiencias similares en Latinoam\u00e9rica ni en el sector vivienda.<\/p>\n<p><strong>Campa\u00f1a discreta<\/strong><\/p>\n<p>Laura Campuzano coment\u00f3 por su parte que por el momento s\u00f3lo se contempla una campa\u00f1a discrecional en redes sociales por ser una prueba piloto, pero que seg\u00fan los resultados analizar\u00e1n implementarlo a lo largo de los 20 proyectos que tienen en el Distrito Federal, en tanto que el prototipo se presentar\u00e1 en su proyecto Marsella que se ubica en Perif\u00e9rico Sur a partir del 27 de junio.<\/p>\n<p>Destac\u00f3 que a nivel Distrito Federal nadie en el sector inmobiliario lo est\u00e1 haciendo, en tanto que a nivel nacional no han tenido noticias sobre un caso de marketing similar, pero al que auguran \u00e9xito ya que normalmente la tecnolog\u00eda se detona medi\u00e1ticamente y de forma inmediata. \u201cPor el sondeo que estuvimos haciendo a\u00fan no lo hemos visto, hablando a nivel pa\u00eds M\u00e9xico; en Latinoam\u00e9rica no lo s\u00e9 a\u00fan, pero s\u00ed somos punta de lanza en este proyecto\u201d.<\/p>\n<p>\u201cLa implementaci\u00f3n la vamos a estar monitoreando in situ durante un mes con los propios clientes y de ah\u00ed vamos a tomar las decisiones para ir a los siguientes proyectos, y ver c\u00f3mo funciona la tecnolog\u00eda con los prospectos, pero creemos que esto va a ser un hit y estar\u00e1 en todos los desarrollos donde no tengamos departamento muestra\u201d, finaliz\u00f3.<\/p>\n","protected":false},"excerpt":{"rendered":"<p>&nbsp; El producto es una combinaci\u00f3n de marketing emocional con tecnolog\u00eda digital, donde se puede caminar y cambiar las decoraciones del inmueble<\/p>\n","protected":false},"author":28,"featured_media":20169,"comment_status":"open","ping_status":"closed","sticky":false,"template":"","format":"standard","meta":{"om_disable_all_campaigns":false,"inline_featured_image":false,"_monsterinsights_skip_tracking":false,"_monsterinsights_sitenote_active":false,"_monsterinsights_sitenote_note":"","_monsterinsights_sitenote_category":0,"footnotes":""},"categories":[13],"tags":[2426],"class_list":["post-20089","post","type-post","status-publish","format-standard","has-post-thumbnail","hentry","category-entrevistas","tag-quiero-casa"],"yoast_head":"<!-- This site is optimized with the Yoast SEO plugin v27.5 - https:\/\/yoast.com\/product\/yoast-seo-wordpress\/ -->\n<title>Presentan departamento muestra virtual interactivo -<\/title>\n<meta name=\"description\" content=\"&nbsp; El producto es una combinaci\u00f3n de marketing emocional con tecnolog\u00eda digital, donde se puede caminar y cambiar las decoraciones del inmueble En la\" \/>\n<meta name=\"robots\" content=\"index, follow, max-snippet:-1, max-image-preview:large, max-video-preview:-1\" \/>\n<link rel=\"canonical\" href=\"https:\/\/centrourbano.com\/revista\/entrevistas\/presentan-departamento-muestra-virtual-interactivo\/\" \/>\n<meta property=\"og:locale\" content=\"es_ES\" \/>\n<meta property=\"og:type\" content=\"article\" \/>\n<meta property=\"og:title\" content=\"Presentan departamento muestra virtual interactivo -\" \/>\n<meta property=\"og:description\" content=\"&nbsp; El producto es una combinaci\u00f3n de marketing emocional con tecnolog\u00eda digital, donde se puede caminar y cambiar las decoraciones del inmueble En la\" \/>\n<meta property=\"og:url\" content=\"https:\/\/centrourbano.com\/revista\/entrevistas\/presentan-departamento-muestra-virtual-interactivo\/\" \/>\n<meta property=\"og:site_name\" content=\"Centro Urbano\" \/>\n<meta property=\"article:publisher\" content=\"https:\/\/www.facebook.com\/portalcentrourbano\" \/>\n<meta property=\"article:published_time\" content=\"2015-06-22T14:00:44+00:00\" \/>\n<meta property=\"article:modified_time\" content=\"2015-06-23T18:19:38+00:00\" \/>\n<meta property=\"og:image\" content=\"https:\/\/centrourbano.com\/revista\/wp-content\/uploads\/unnamed38.jpg\" \/>\n\t<meta property=\"og:image:width\" content=\"821\" \/>\n\t<meta property=\"og:image:height\" content=\"547\" \/>\n\t<meta property=\"og:image:type\" content=\"image\/jpeg\" \/>\n<meta name=\"author\" content=\"Mario V\u00e1zquez Barrios\" \/>\n<meta name=\"twitter:card\" content=\"summary_large_image\" \/>\n<meta name=\"twitter:creator\" content=\"@MarioDeNiro\" \/>\n<meta name=\"twitter:site\" content=\"@CentroUrbano\" \/>\n<meta name=\"twitter:label1\" content=\"Escrito por\" \/>\n\t<meta name=\"twitter:data1\" content=\"Mario V\u00e1zquez Barrios\" \/>\n\t<meta name=\"twitter:label2\" content=\"Tiempo de lectura\" \/>\n\t<meta name=\"twitter:data2\" content=\"5 minutos\" \/>\n<script type=\"application\/ld+json\" class=\"yoast-schema-graph\">{\"@context\":\"https:\\\/\\\/schema.org\",\"@graph\":[{\"@type\":\"Article\",\"@id\":\"https:\\\/\\\/centrourbano.com\\\/revista\\\/entrevistas\\\/presentan-departamento-muestra-virtual-interactivo\\\/#article\",\"isPartOf\":{\"@id\":\"https:\\\/\\\/centrourbano.com\\\/revista\\\/entrevistas\\\/presentan-departamento-muestra-virtual-interactivo\\\/\"},\"author\":{\"name\":\"Mario V\u00e1zquez Barrios\",\"@id\":\"https:\\\/\\\/centrourbano.com\\\/revista\\\/#\\\/schema\\\/person\\\/45e1c041fc3bb6068a3502be717d44df\"},\"headline\":\"Presentan departamento muestra virtual interactivo\",\"datePublished\":\"2015-06-22T14:00:44+00:00\",\"dateModified\":\"2015-06-23T18:19:38+00:00\",\"mainEntityOfPage\":{\"@id\":\"https:\\\/\\\/centrourbano.com\\\/revista\\\/entrevistas\\\/presentan-departamento-muestra-virtual-interactivo\\\/\"},\"wordCount\":939,\"commentCount\":0,\"publisher\":{\"@id\":\"https:\\\/\\\/centrourbano.com\\\/revista\\\/#organization\"},\"image\":{\"@id\":\"https:\\\/\\\/centrourbano.com\\\/revista\\\/entrevistas\\\/presentan-departamento-muestra-virtual-interactivo\\\/#primaryimage\"},\"thumbnailUrl\":\"https:\\\/\\\/centrourbano.com\\\/revista\\\/wp-content\\\/uploads\\\/unnamed38.jpg\",\"keywords\":[\"Quiero Casa\"],\"articleSection\":[\"Entrevistas\"],\"inLanguage\":\"es\",\"potentialAction\":[{\"@type\":\"CommentAction\",\"name\":\"Comment\",\"target\":[\"https:\\\/\\\/centrourbano.com\\\/revista\\\/entrevistas\\\/presentan-departamento-muestra-virtual-interactivo\\\/#respond\"]}]},{\"@type\":\"WebPage\",\"@id\":\"https:\\\/\\\/centrourbano.com\\\/revista\\\/entrevistas\\\/presentan-departamento-muestra-virtual-interactivo\\\/\",\"url\":\"https:\\\/\\\/centrourbano.com\\\/revista\\\/entrevistas\\\/presentan-departamento-muestra-virtual-interactivo\\\/\",\"name\":\"Presentan departamento muestra virtual interactivo -\",\"isPartOf\":{\"@id\":\"https:\\\/\\\/centrourbano.com\\\/revista\\\/#website\"},\"primaryImageOfPage\":{\"@id\":\"https:\\\/\\\/centrourbano.com\\\/revista\\\/entrevistas\\\/presentan-departamento-muestra-virtual-interactivo\\\/#primaryimage\"},\"image\":{\"@id\":\"https:\\\/\\\/centrourbano.com\\\/revista\\\/entrevistas\\\/presentan-departamento-muestra-virtual-interactivo\\\/#primaryimage\"},\"thumbnailUrl\":\"https:\\\/\\\/centrourbano.com\\\/revista\\\/wp-content\\\/uploads\\\/unnamed38.jpg\",\"datePublished\":\"2015-06-22T14:00:44+00:00\",\"dateModified\":\"2015-06-23T18:19:38+00:00\",\"description\":\"&nbsp; El producto es una combinaci\u00f3n de marketing emocional con tecnolog\u00eda digital, donde se puede caminar y cambiar las decoraciones del inmueble En la\",\"breadcrumb\":{\"@id\":\"https:\\\/\\\/centrourbano.com\\\/revista\\\/entrevistas\\\/presentan-departamento-muestra-virtual-interactivo\\\/#breadcrumb\"},\"inLanguage\":\"es\",\"potentialAction\":[{\"@type\":\"ReadAction\",\"target\":[\"https:\\\/\\\/centrourbano.com\\\/revista\\\/entrevistas\\\/presentan-departamento-muestra-virtual-interactivo\\\/\"]}]},{\"@type\":\"ImageObject\",\"inLanguage\":\"es\",\"@id\":\"https:\\\/\\\/centrourbano.com\\\/revista\\\/entrevistas\\\/presentan-departamento-muestra-virtual-interactivo\\\/#primaryimage\",\"url\":\"https:\\\/\\\/centrourbano.com\\\/revista\\\/wp-content\\\/uploads\\\/unnamed38.jpg\",\"contentUrl\":\"https:\\\/\\\/centrourbano.com\\\/revista\\\/wp-content\\\/uploads\\\/unnamed38.jpg\",\"width\":821,\"height\":547},{\"@type\":\"BreadcrumbList\",\"@id\":\"https:\\\/\\\/centrourbano.com\\\/revista\\\/entrevistas\\\/presentan-departamento-muestra-virtual-interactivo\\\/#breadcrumb\",\"itemListElement\":[{\"@type\":\"ListItem\",\"position\":1,\"name\":\"Portada\",\"item\":\"https:\\\/\\\/centrourbano.com\\\/revista\\\/\"},{\"@type\":\"ListItem\",\"position\":2,\"name\":\"Presentan departamento muestra virtual interactivo\"}]},{\"@type\":\"WebSite\",\"@id\":\"https:\\\/\\\/centrourbano.com\\\/revista\\\/#website\",\"url\":\"https:\\\/\\\/centrourbano.com\\\/revista\\\/\",\"name\":\"Centro Urbano\",\"description\":\"Medio especializado en los sectores vivienda, inmobiliario, construcci\u00f3n, arquitectura y urbanismo.\",\"publisher\":{\"@id\":\"https:\\\/\\\/centrourbano.com\\\/revista\\\/#organization\"},\"potentialAction\":[{\"@type\":\"SearchAction\",\"target\":{\"@type\":\"EntryPoint\",\"urlTemplate\":\"https:\\\/\\\/centrourbano.com\\\/revista\\\/?s={search_term_string}\"},\"query-input\":{\"@type\":\"PropertyValueSpecification\",\"valueRequired\":true,\"valueName\":\"search_term_string\"}}],\"inLanguage\":\"es\"},{\"@type\":\"Organization\",\"@id\":\"https:\\\/\\\/centrourbano.com\\\/revista\\\/#organization\",\"name\":\"Centro Urbano\",\"url\":\"https:\\\/\\\/centrourbano.com\\\/revista\\\/\",\"logo\":{\"@type\":\"ImageObject\",\"inLanguage\":\"es\",\"@id\":\"https:\\\/\\\/centrourbano.com\\\/revista\\\/#\\\/schema\\\/logo\\\/image\\\/\",\"url\":\"https:\\\/\\\/centrourbano.com\\\/revista\\\/wp-content\\\/uploads\\\/web_CU_logo-1.png\",\"contentUrl\":\"https:\\\/\\\/centrourbano.com\\\/revista\\\/wp-content\\\/uploads\\\/web_CU_logo-1.png\",\"width\":350,\"height\":91,\"caption\":\"Centro Urbano\"},\"image\":{\"@id\":\"https:\\\/\\\/centrourbano.com\\\/revista\\\/#\\\/schema\\\/logo\\\/image\\\/\"},\"sameAs\":[\"https:\\\/\\\/www.facebook.com\\\/portalcentrourbano\",\"https:\\\/\\\/x.com\\\/CentroUrbano\",\"https:\\\/\\\/www.instagram.com\\\/centro_urbano\\\/\",\"https:\\\/\\\/www.linkedin.com\\\/company\\\/centro-urbano\\\/\",\"http:\\\/\\\/www.youtube.com\\\/user\\\/portalcentrourbano\"]},{\"@type\":\"Person\",\"@id\":\"https:\\\/\\\/centrourbano.com\\\/revista\\\/#\\\/schema\\\/person\\\/45e1c041fc3bb6068a3502be717d44df\",\"name\":\"Mario V\u00e1zquez Barrios\",\"image\":{\"@type\":\"ImageObject\",\"inLanguage\":\"es\",\"@id\":\"https:\\\/\\\/secure.gravatar.com\\\/avatar\\\/347e6d9c0b04f0194ca244ba64b0fe62752d716a3a93d1713bd259eb87aad5b6?s=96&d=mm&r=g\",\"url\":\"https:\\\/\\\/secure.gravatar.com\\\/avatar\\\/347e6d9c0b04f0194ca244ba64b0fe62752d716a3a93d1713bd259eb87aad5b6?s=96&d=mm&r=g\",\"contentUrl\":\"https:\\\/\\\/secure.gravatar.com\\\/avatar\\\/347e6d9c0b04f0194ca244ba64b0fe62752d716a3a93d1713bd259eb87aad5b6?s=96&d=mm&r=g\",\"caption\":\"Mario V\u00e1zquez Barrios\"},\"description\":\"Me inici\u00e9 en El Financiero haciendo reportajes; en MegaNoticias Televisi\u00f3n fui reportero titular; en EMedios, control de calidad; y Radio 13 Noticias me acogi\u00f3 como colaborador. Me gusta encontrar en las banquetas la nota, una entrevista y el inicio de un reportaje.\",\"sameAs\":[\"https:\\\/\\\/x.com\\\/@MarioDeNiro\"],\"url\":\"https:\\\/\\\/centrourbano.com\\\/revista\\\/author\\\/mario-vazquez\\\/\"}]}<\/script>\n<!-- \/ Yoast SEO plugin. -->","yoast_head_json":{"title":"Presentan departamento muestra virtual interactivo -","description":"&nbsp; El producto es una combinaci\u00f3n de marketing emocional con tecnolog\u00eda digital, donde se puede caminar y cambiar las decoraciones del inmueble En la","robots":{"index":"index","follow":"follow","max-snippet":"max-snippet:-1","max-image-preview":"max-image-preview:large","max-video-preview":"max-video-preview:-1"},"canonical":"https:\/\/centrourbano.com\/revista\/entrevistas\/presentan-departamento-muestra-virtual-interactivo\/","og_locale":"es_ES","og_type":"article","og_title":"Presentan departamento muestra virtual interactivo -","og_description":"&nbsp; El producto es una combinaci\u00f3n de marketing emocional con tecnolog\u00eda digital, donde se puede caminar y cambiar las decoraciones del inmueble En la","og_url":"https:\/\/centrourbano.com\/revista\/entrevistas\/presentan-departamento-muestra-virtual-interactivo\/","og_site_name":"Centro Urbano","article_publisher":"https:\/\/www.facebook.com\/portalcentrourbano","article_published_time":"2015-06-22T14:00:44+00:00","article_modified_time":"2015-06-23T18:19:38+00:00","og_image":[{"width":821,"height":547,"url":"https:\/\/centrourbano.com\/revista\/wp-content\/uploads\/unnamed38.jpg","type":"image\/jpeg"}],"author":"Mario V\u00e1zquez Barrios","twitter_card":"summary_large_image","twitter_creator":"@MarioDeNiro","twitter_site":"@CentroUrbano","twitter_misc":{"Escrito por":"Mario V\u00e1zquez Barrios","Tiempo de lectura":"5 minutos"},"schema":{"@context":"https:\/\/schema.org","@graph":[{"@type":"Article","@id":"https:\/\/centrourbano.com\/revista\/entrevistas\/presentan-departamento-muestra-virtual-interactivo\/#article","isPartOf":{"@id":"https:\/\/centrourbano.com\/revista\/entrevistas\/presentan-departamento-muestra-virtual-interactivo\/"},"author":{"name":"Mario V\u00e1zquez Barrios","@id":"https:\/\/centrourbano.com\/revista\/#\/schema\/person\/45e1c041fc3bb6068a3502be717d44df"},"headline":"Presentan departamento muestra virtual interactivo","datePublished":"2015-06-22T14:00:44+00:00","dateModified":"2015-06-23T18:19:38+00:00","mainEntityOfPage":{"@id":"https:\/\/centrourbano.com\/revista\/entrevistas\/presentan-departamento-muestra-virtual-interactivo\/"},"wordCount":939,"commentCount":0,"publisher":{"@id":"https:\/\/centrourbano.com\/revista\/#organization"},"image":{"@id":"https:\/\/centrourbano.com\/revista\/entrevistas\/presentan-departamento-muestra-virtual-interactivo\/#primaryimage"},"thumbnailUrl":"https:\/\/centrourbano.com\/revista\/wp-content\/uploads\/unnamed38.jpg","keywords":["Quiero Casa"],"articleSection":["Entrevistas"],"inLanguage":"es","potentialAction":[{"@type":"CommentAction","name":"Comment","target":["https:\/\/centrourbano.com\/revista\/entrevistas\/presentan-departamento-muestra-virtual-interactivo\/#respond"]}]},{"@type":"WebPage","@id":"https:\/\/centrourbano.com\/revista\/entrevistas\/presentan-departamento-muestra-virtual-interactivo\/","url":"https:\/\/centrourbano.com\/revista\/entrevistas\/presentan-departamento-muestra-virtual-interactivo\/","name":"Presentan departamento muestra virtual interactivo -","isPartOf":{"@id":"https:\/\/centrourbano.com\/revista\/#website"},"primaryImageOfPage":{"@id":"https:\/\/centrourbano.com\/revista\/entrevistas\/presentan-departamento-muestra-virtual-interactivo\/#primaryimage"},"image":{"@id":"https:\/\/centrourbano.com\/revista\/entrevistas\/presentan-departamento-muestra-virtual-interactivo\/#primaryimage"},"thumbnailUrl":"https:\/\/centrourbano.com\/revista\/wp-content\/uploads\/unnamed38.jpg","datePublished":"2015-06-22T14:00:44+00:00","dateModified":"2015-06-23T18:19:38+00:00","description":"&nbsp; El producto es una combinaci\u00f3n de marketing emocional con tecnolog\u00eda digital, donde se puede caminar y cambiar las decoraciones del inmueble En la","breadcrumb":{"@id":"https:\/\/centrourbano.com\/revista\/entrevistas\/presentan-departamento-muestra-virtual-interactivo\/#breadcrumb"},"inLanguage":"es","potentialAction":[{"@type":"ReadAction","target":["https:\/\/centrourbano.com\/revista\/entrevistas\/presentan-departamento-muestra-virtual-interactivo\/"]}]},{"@type":"ImageObject","inLanguage":"es","@id":"https:\/\/centrourbano.com\/revista\/entrevistas\/presentan-departamento-muestra-virtual-interactivo\/#primaryimage","url":"https:\/\/centrourbano.com\/revista\/wp-content\/uploads\/unnamed38.jpg","contentUrl":"https:\/\/centrourbano.com\/revista\/wp-content\/uploads\/unnamed38.jpg","width":821,"height":547},{"@type":"BreadcrumbList","@id":"https:\/\/centrourbano.com\/revista\/entrevistas\/presentan-departamento-muestra-virtual-interactivo\/#breadcrumb","itemListElement":[{"@type":"ListItem","position":1,"name":"Portada","item":"https:\/\/centrourbano.com\/revista\/"},{"@type":"ListItem","position":2,"name":"Presentan departamento muestra virtual interactivo"}]},{"@type":"WebSite","@id":"https:\/\/centrourbano.com\/revista\/#website","url":"https:\/\/centrourbano.com\/revista\/","name":"Centro Urbano","description":"Medio especializado en los sectores vivienda, inmobiliario, construcci\u00f3n, arquitectura y urbanismo.","publisher":{"@id":"https:\/\/centrourbano.com\/revista\/#organization"},"potentialAction":[{"@type":"SearchAction","target":{"@type":"EntryPoint","urlTemplate":"https:\/\/centrourbano.com\/revista\/?s={search_term_string}"},"query-input":{"@type":"PropertyValueSpecification","valueRequired":true,"valueName":"search_term_string"}}],"inLanguage":"es"},{"@type":"Organization","@id":"https:\/\/centrourbano.com\/revista\/#organization","name":"Centro Urbano","url":"https:\/\/centrourbano.com\/revista\/","logo":{"@type":"ImageObject","inLanguage":"es","@id":"https:\/\/centrourbano.com\/revista\/#\/schema\/logo\/image\/","url":"https:\/\/centrourbano.com\/revista\/wp-content\/uploads\/web_CU_logo-1.png","contentUrl":"https:\/\/centrourbano.com\/revista\/wp-content\/uploads\/web_CU_logo-1.png","width":350,"height":91,"caption":"Centro Urbano"},"image":{"@id":"https:\/\/centrourbano.com\/revista\/#\/schema\/logo\/image\/"},"sameAs":["https:\/\/www.facebook.com\/portalcentrourbano","https:\/\/x.com\/CentroUrbano","https:\/\/www.instagram.com\/centro_urbano\/","https:\/\/www.linkedin.com\/company\/centro-urbano\/","http:\/\/www.youtube.com\/user\/portalcentrourbano"]},{"@type":"Person","@id":"https:\/\/centrourbano.com\/revista\/#\/schema\/person\/45e1c041fc3bb6068a3502be717d44df","name":"Mario V\u00e1zquez Barrios","image":{"@type":"ImageObject","inLanguage":"es","@id":"https:\/\/secure.gravatar.com\/avatar\/347e6d9c0b04f0194ca244ba64b0fe62752d716a3a93d1713bd259eb87aad5b6?s=96&d=mm&r=g","url":"https:\/\/secure.gravatar.com\/avatar\/347e6d9c0b04f0194ca244ba64b0fe62752d716a3a93d1713bd259eb87aad5b6?s=96&d=mm&r=g","contentUrl":"https:\/\/secure.gravatar.com\/avatar\/347e6d9c0b04f0194ca244ba64b0fe62752d716a3a93d1713bd259eb87aad5b6?s=96&d=mm&r=g","caption":"Mario V\u00e1zquez Barrios"},"description":"Me inici\u00e9 en El Financiero haciendo reportajes; en MegaNoticias Televisi\u00f3n fui reportero titular; en EMedios, control de calidad; y Radio 13 Noticias me acogi\u00f3 como colaborador. Me gusta encontrar en las banquetas la nota, una entrevista y el inicio de un reportaje.","sameAs":["https:\/\/x.com\/@MarioDeNiro"],"url":"https:\/\/centrourbano.com\/revista\/author\/mario-vazquez\/"}]}},"_links":{"self":[{"href":"https:\/\/centrourbano.com\/revista\/wp-json\/wp\/v2\/posts\/20089","targetHints":{"allow":["GET"]}}],"collection":[{"href":"https:\/\/centrourbano.com\/revista\/wp-json\/wp\/v2\/posts"}],"about":[{"href":"https:\/\/centrourbano.com\/revista\/wp-json\/wp\/v2\/types\/post"}],"author":[{"embeddable":true,"href":"https:\/\/centrourbano.com\/revista\/wp-json\/wp\/v2\/users\/28"}],"replies":[{"embeddable":true,"href":"https:\/\/centrourbano.com\/revista\/wp-json\/wp\/v2\/comments?post=20089"}],"version-history":[{"count":0,"href":"https:\/\/centrourbano.com\/revista\/wp-json\/wp\/v2\/posts\/20089\/revisions"}],"wp:featuredmedia":[{"embeddable":true,"href":"https:\/\/centrourbano.com\/revista\/wp-json\/wp\/v2\/media\/20169"}],"wp:attachment":[{"href":"https:\/\/centrourbano.com\/revista\/wp-json\/wp\/v2\/media?parent=20089"}],"wp:term":[{"taxonomy":"category","embeddable":true,"href":"https:\/\/centrourbano.com\/revista\/wp-json\/wp\/v2\/categories?post=20089"},{"taxonomy":"post_tag","embeddable":true,"href":"https:\/\/centrourbano.com\/revista\/wp-json\/wp\/v2\/tags?post=20089"}],"curies":[{"name":"wp","href":"https:\/\/api.w.org\/{rel}","templated":true}]}}