{"id":20004,"date":"2015-06-18T11:00:45","date_gmt":"2015-06-18T16:00:45","guid":{"rendered":"http:\/\/centrourbano.com\/?p=20004"},"modified":"2015-06-18T11:42:37","modified_gmt":"2015-06-18T16:42:37","slug":"arranca-con-exito-la-reunion-nacional-del-sector-empresarial","status":"publish","type":"post","link":"https:\/\/centrourbano.com\/revista\/vivienda\/arranca-con-exito-la-reunion-nacional-del-sector-empresarial\/","title":{"rendered":"Arranca con \u00e9xito la Reuni\u00f3n Nacional del Sector Empresarial"},"content":{"rendered":"<p><em>El titular de la Sedatu destac\u00f3 que la vivienda es un elemento fundamental para construir ciudad ya que \u00e9sta da tranquilidad y futuro<\/em><!--more--><\/p>\n<p>Representantes del sector vivienda estuvieron presentes durante el evento de inauguraci\u00f3n de la Reuni\u00f3n Nacional del Sector Empresarial, en Canc\u00fan, Quintana Roo, la cual fue presidida por\u00a0el Secretario de Desarrollo Agrario, Territorial y Urbano, Jes\u00fas Murillo Karam.<\/p>\n<p>El titular de la Sedatu destac\u00f3 que la vivienda es un elemento fundamental para construir ciudad ya que \u00e9sta da tranquilidad y futuro, por lo que dijo, se debe trabajar a\u00fan m\u00e1s para que la industria contin\u00fae creciendo y pidi\u00f3 a empresarios analizar hacia d\u00f3nde va el sector.<\/p>\n<p>Durante el evento, el director general del Infonavit, Alejandro Murat, mostr\u00f3 un video sobre las acciones que el instituto emprende en coordinaci\u00f3n con la Sedatu para apoyar a las personas afectadas en Ciudad Acu\u00f1a, Coahuila.<\/p>\n<p>Adem\u00e1s, celebr\u00f3 la reestructura de Casas Geo, esperando en que pronto regrese a la actividad, ya que eso da certidumbre a la industria de la vivienda, la cual presenta n\u00fameros muy alentadores por lo que hay compromiso.<\/p>\n<p>Cabe recordar que el\u00a0objetivo de este encuentro es analizar las innovaciones para el desarrollo de las zonas metropolitanas y ciudades del pa\u00eds, las innovaciones en materia de financiamiento a la vivienda y el futuro del Infonavit.<\/p>\n<p>&nbsp;<\/p>\n","protected":false},"excerpt":{"rendered":"<p>El titular de la Sedatu destac\u00f3 que la vivienda es un elemento fundamental para construir ciudad ya que \u00e9sta da tranquilidad y futuro<\/p>\n","protected":false},"author":77,"featured_media":20009,"comment_status":"open","ping_status":"closed","sticky":false,"template":"","format":"standard","meta":{"inline_featured_image":false,"footnotes":""},"categories":[12],"tags":[100,1815],"class_list":["post-20004","post","type-post","status-publish","format-standard","has-post-thumbnail","hentry","category-vivienda","tag-infonavit","tag-reunion-nacional-del-sector-empresarial"],"yoast_head":"<!-- This site is optimized with the Yoast SEO plugin v28.4 - https:\/\/yoast.com\/product\/yoast-seo-wordpress\/ -->\n<title>Arranca con \u00e9xito la Reuni\u00f3n Nacional del Sector Empresarial -<\/title>\n<meta name=\"description\" content=\"El titular de la Sedatu destac\u00f3 que la vivienda es un elemento fundamental para construir ciudad ya que \u00e9sta da tranquilidad y futuro Representantes del\" \/>\n<meta name=\"robots\" content=\"index, follow, max-snippet:-1, max-image-preview:large, max-video-preview:-1\" \/>\n<link rel=\"canonical\" href=\"https:\/\/centrourbano.com\/revista\/vivienda\/arranca-con-exito-la-reunion-nacional-del-sector-empresarial\/\" \/>\n<meta property=\"og:locale\" content=\"es_ES\" \/>\n<meta property=\"og:type\" content=\"article\" \/>\n<meta property=\"og:title\" content=\"Arranca con \u00e9xito la Reuni\u00f3n Nacional del Sector Empresarial -\" \/>\n<meta property=\"og:description\" content=\"El titular de la Sedatu destac\u00f3 que la vivienda es un elemento fundamental para construir ciudad ya que \u00e9sta da tranquilidad y futuro Representantes del\" \/>\n<meta property=\"og:url\" content=\"https:\/\/centrourbano.com\/revista\/vivienda\/arranca-con-exito-la-reunion-nacional-del-sector-empresarial\/\" \/>\n<meta property=\"og:site_name\" content=\"Centro Urbano\" \/>\n<meta property=\"article:publisher\" content=\"https:\/\/www.facebook.com\/portalcentrourbano\" \/>\n<meta property=\"article:published_time\" content=\"2015-06-18T16:00:45+00:00\" \/>\n<meta property=\"article:modified_time\" content=\"2015-06-18T16:42:37+00:00\" \/>\n<meta property=\"og:image\" content=\"https:\/\/centrourbano.com\/revista\/wp-content\/uploads\/13.png\" \/>\n\t<meta property=\"og:image:width\" content=\"791\" \/>\n\t<meta property=\"og:image:height\" content=\"496\" \/>\n\t<meta property=\"og:image:type\" content=\"image\/png\" \/>\n<meta name=\"author\" content=\"G4A\" \/>\n<meta name=\"twitter:card\" content=\"summary_large_image\" \/>\n<meta name=\"twitter:creator\" content=\"@CentroUrbano\" \/>\n<meta name=\"twitter:site\" content=\"@CentroUrbano\" \/>\n<meta name=\"twitter:label1\" content=\"Escrito por\" \/>\n\t<meta name=\"twitter:data1\" content=\"G4A\" \/>\n\t<meta name=\"twitter:label2\" content=\"Tiempo de lectura\" \/>\n\t<meta name=\"twitter:data2\" content=\"1 minuto\" \/>\n<script type=\"application\/ld+json\" class=\"yoast-schema-graph\">{\"@context\":\"https:\\\/\\\/schema.org\",\"@graph\":[{\"@type\":\"Article\",\"@id\":\"https:\\\/\\\/centrourbano.com\\\/revista\\\/vivienda\\\/arranca-con-exito-la-reunion-nacional-del-sector-empresarial\\\/#article\",\"isPartOf\":{\"@id\":\"https:\\\/\\\/centrourbano.com\\\/revista\\\/vivienda\\\/arranca-con-exito-la-reunion-nacional-del-sector-empresarial\\\/\"},\"author\":{\"name\":\"G4A\",\"@id\":\"https:\\\/\\\/centrourbano.com\\\/revista\\\/#\\\/schema\\\/person\\\/370fa0ba2d8dd5bde3fdb8b62ad360aa\"},\"headline\":\"Arranca con \u00e9xito la Reuni\u00f3n Nacional del Sector Empresarial\",\"datePublished\":\"2015-06-18T16:00:45+00:00\",\"dateModified\":\"2015-06-18T16:42:37+00:00\",\"mainEntityOfPage\":{\"@id\":\"https:\\\/\\\/centrourbano.com\\\/revista\\\/vivienda\\\/arranca-con-exito-la-reunion-nacional-del-sector-empresarial\\\/\"},\"wordCount\":242,\"commentCount\":0,\"publisher\":{\"@id\":\"https:\\\/\\\/centrourbano.com\\\/revista\\\/#organization\"},\"image\":{\"@id\":\"https:\\\/\\\/centrourbano.com\\\/revista\\\/vivienda\\\/arranca-con-exito-la-reunion-nacional-del-sector-empresarial\\\/#primaryimage\"},\"thumbnailUrl\":\"https:\\\/\\\/centrourbano.com\\\/revista\\\/wp-content\\\/uploads\\\/13.png\",\"keywords\":[\"Infonavit\",\"Reuni\u00f3n Nacional del Sector Empresarial\"],\"articleSection\":[\"Vivienda\"],\"inLanguage\":\"es\"},{\"@type\":\"WebPage\",\"@id\":\"https:\\\/\\\/centrourbano.com\\\/revista\\\/vivienda\\\/arranca-con-exito-la-reunion-nacional-del-sector-empresarial\\\/\",\"url\":\"https:\\\/\\\/centrourbano.com\\\/revista\\\/vivienda\\\/arranca-con-exito-la-reunion-nacional-del-sector-empresarial\\\/\",\"name\":\"Arranca con \u00e9xito la Reuni\u00f3n Nacional del Sector Empresarial -\",\"isPartOf\":{\"@id\":\"https:\\\/\\\/centrourbano.com\\\/revista\\\/#website\"},\"primaryImageOfPage\":{\"@id\":\"https:\\\/\\\/centrourbano.com\\\/revista\\\/vivienda\\\/arranca-con-exito-la-reunion-nacional-del-sector-empresarial\\\/#primaryimage\"},\"image\":{\"@id\":\"https:\\\/\\\/centrourbano.com\\\/revista\\\/vivienda\\\/arranca-con-exito-la-reunion-nacional-del-sector-empresarial\\\/#primaryimage\"},\"thumbnailUrl\":\"https:\\\/\\\/centrourbano.com\\\/revista\\\/wp-content\\\/uploads\\\/13.png\",\"datePublished\":\"2015-06-18T16:00:45+00:00\",\"dateModified\":\"2015-06-18T16:42:37+00:00\",\"description\":\"El titular de la Sedatu destac\u00f3 que la vivienda es un elemento fundamental para construir ciudad ya que \u00e9sta da tranquilidad y futuro Representantes del\",\"breadcrumb\":{\"@id\":\"https:\\\/\\\/centrourbano.com\\\/revista\\\/vivienda\\\/arranca-con-exito-la-reunion-nacional-del-sector-empresarial\\\/#breadcrumb\"},\"inLanguage\":\"es\",\"potentialAction\":[{\"@type\":\"ReadAction\",\"target\":[\"https:\\\/\\\/centrourbano.com\\\/revista\\\/vivienda\\\/arranca-con-exito-la-reunion-nacional-del-sector-empresarial\\\/\"]}]},{\"@type\":\"ImageObject\",\"inLanguage\":\"es\",\"@id\":\"https:\\\/\\\/centrourbano.com\\\/revista\\\/vivienda\\\/arranca-con-exito-la-reunion-nacional-del-sector-empresarial\\\/#primaryimage\",\"url\":\"https:\\\/\\\/centrourbano.com\\\/revista\\\/wp-content\\\/uploads\\\/13.png\",\"contentUrl\":\"https:\\\/\\\/centrourbano.com\\\/revista\\\/wp-content\\\/uploads\\\/13.png\",\"width\":791,\"height\":496},{\"@type\":\"BreadcrumbList\",\"@id\":\"https:\\\/\\\/centrourbano.com\\\/revista\\\/vivienda\\\/arranca-con-exito-la-reunion-nacional-del-sector-empresarial\\\/#breadcrumb\",\"itemListElement\":[{\"@type\":\"ListItem\",\"position\":1,\"name\":\"Portada\",\"item\":\"https:\\\/\\\/centrourbano.com\\\/revista\\\/\"},{\"@type\":\"ListItem\",\"position\":2,\"name\":\"Arranca con \u00e9xito la Reuni\u00f3n Nacional del Sector Empresarial\"}]},{\"@type\":\"WebSite\",\"@id\":\"https:\\\/\\\/centrourbano.com\\\/revista\\\/#website\",\"url\":\"https:\\\/\\\/centrourbano.com\\\/revista\\\/\",\"name\":\"Centro Urbano\",\"description\":\"Medio especializado en los sectores vivienda, inmobiliario, construcci\u00f3n, arquitectura y urbanismo.\",\"publisher\":{\"@id\":\"https:\\\/\\\/centrourbano.com\\\/revista\\\/#organization\"},\"potentialAction\":[{\"@type\":\"SearchAction\",\"target\":{\"@type\":\"EntryPoint\",\"urlTemplate\":\"https:\\\/\\\/centrourbano.com\\\/revista\\\/?s={search_term_string}\"},\"query-input\":{\"@type\":\"PropertyValueSpecification\",\"valueRequired\":true,\"valueName\":\"search_term_string\"}}],\"inLanguage\":\"es\"},{\"@type\":\"Organization\",\"@id\":\"https:\\\/\\\/centrourbano.com\\\/revista\\\/#organization\",\"name\":\"Centro Urbano\",\"url\":\"https:\\\/\\\/centrourbano.com\\\/revista\\\/\",\"logo\":{\"@type\":\"ImageObject\",\"inLanguage\":\"es\",\"@id\":\"https:\\\/\\\/centrourbano.com\\\/revista\\\/#\\\/schema\\\/logo\\\/image\\\/\",\"url\":\"https:\\\/\\\/centrourbano.com\\\/revista\\\/wp-content\\\/uploads\\\/web_CU_logo-1.png\",\"contentUrl\":\"https:\\\/\\\/centrourbano.com\\\/revista\\\/wp-content\\\/uploads\\\/web_CU_logo-1.png\",\"width\":350,\"height\":91,\"caption\":\"Centro Urbano\"},\"image\":{\"@id\":\"https:\\\/\\\/centrourbano.com\\\/revista\\\/#\\\/schema\\\/logo\\\/image\\\/\"},\"sameAs\":[\"https:\\\/\\\/www.facebook.com\\\/portalcentrourbano\",\"https:\\\/\\\/x.com\\\/CentroUrbano\",\"https:\\\/\\\/www.instagram.com\\\/centro_urbano\\\/\",\"https:\\\/\\\/www.linkedin.com\\\/company\\\/centro-urbano\\\/\",\"http:\\\/\\\/www.youtube.com\\\/user\\\/portalcentrourbano\"]},{\"@type\":\"Person\",\"@id\":\"https:\\\/\\\/centrourbano.com\\\/revista\\\/#\\\/schema\\\/person\\\/370fa0ba2d8dd5bde3fdb8b62ad360aa\",\"name\":\"G4A\",\"image\":{\"@type\":\"ImageObject\",\"inLanguage\":\"es\",\"@id\":\"https:\\\/\\\/secure.gravatar.com\\\/avatar\\\/932a97121b13d5de5bbd8193c6c83d3b92c9eda0f39623607d4280e7a5778d97?s=96&d=mm&r=g\",\"url\":\"https:\\\/\\\/secure.gravatar.com\\\/avatar\\\/932a97121b13d5de5bbd8193c6c83d3b92c9eda0f39623607d4280e7a5778d97?s=96&d=mm&r=g\",\"contentUrl\":\"https:\\\/\\\/secure.gravatar.com\\\/avatar\\\/932a97121b13d5de5bbd8193c6c83d3b92c9eda0f39623607d4280e7a5778d97?s=96&d=mm&r=g\",\"caption\":\"G4A\"},\"url\":\"https:\\\/\\\/centrourbano.com\\\/revista\\\/author\\\/admin-g4a\\\/\"}]}<\/script>\n<!-- \/ Yoast SEO plugin. -->","yoast_head_json":{"title":"Arranca con \u00e9xito la Reuni\u00f3n Nacional del Sector Empresarial -","description":"El titular de la Sedatu destac\u00f3 que la vivienda es un elemento fundamental para construir ciudad ya que \u00e9sta da tranquilidad y futuro Representantes del","robots":{"index":"index","follow":"follow","max-snippet":"max-snippet:-1","max-image-preview":"max-image-preview:large","max-video-preview":"max-video-preview:-1"},"canonical":"https:\/\/centrourbano.com\/revista\/vivienda\/arranca-con-exito-la-reunion-nacional-del-sector-empresarial\/","og_locale":"es_ES","og_type":"article","og_title":"Arranca con \u00e9xito la Reuni\u00f3n Nacional del Sector Empresarial -","og_description":"El titular de la Sedatu destac\u00f3 que la vivienda es un elemento fundamental para construir ciudad ya que \u00e9sta da tranquilidad y futuro Representantes del","og_url":"https:\/\/centrourbano.com\/revista\/vivienda\/arranca-con-exito-la-reunion-nacional-del-sector-empresarial\/","og_site_name":"Centro Urbano","article_publisher":"https:\/\/www.facebook.com\/portalcentrourbano","article_published_time":"2015-06-18T16:00:45+00:00","article_modified_time":"2015-06-18T16:42:37+00:00","og_image":[{"width":791,"height":496,"url":"https:\/\/centrourbano.com\/revista\/wp-content\/uploads\/13.png","type":"image\/png"}],"author":"G4A","twitter_card":"summary_large_image","twitter_creator":"@CentroUrbano","twitter_site":"@CentroUrbano","twitter_misc":{"Escrito por":"G4A","Tiempo de lectura":"1 minuto"},"schema":{"@context":"https:\/\/schema.org","@graph":[{"@type":"Article","@id":"https:\/\/centrourbano.com\/revista\/vivienda\/arranca-con-exito-la-reunion-nacional-del-sector-empresarial\/#article","isPartOf":{"@id":"https:\/\/centrourbano.com\/revista\/vivienda\/arranca-con-exito-la-reunion-nacional-del-sector-empresarial\/"},"author":{"name":"G4A","@id":"https:\/\/centrourbano.com\/revista\/#\/schema\/person\/370fa0ba2d8dd5bde3fdb8b62ad360aa"},"headline":"Arranca con \u00e9xito la Reuni\u00f3n Nacional del Sector Empresarial","datePublished":"2015-06-18T16:00:45+00:00","dateModified":"2015-06-18T16:42:37+00:00","mainEntityOfPage":{"@id":"https:\/\/centrourbano.com\/revista\/vivienda\/arranca-con-exito-la-reunion-nacional-del-sector-empresarial\/"},"wordCount":242,"commentCount":0,"publisher":{"@id":"https:\/\/centrourbano.com\/revista\/#organization"},"image":{"@id":"https:\/\/centrourbano.com\/revista\/vivienda\/arranca-con-exito-la-reunion-nacional-del-sector-empresarial\/#primaryimage"},"thumbnailUrl":"https:\/\/centrourbano.com\/revista\/wp-content\/uploads\/13.png","keywords":["Infonavit","Reuni\u00f3n Nacional del Sector Empresarial"],"articleSection":["Vivienda"],"inLanguage":"es"},{"@type":"WebPage","@id":"https:\/\/centrourbano.com\/revista\/vivienda\/arranca-con-exito-la-reunion-nacional-del-sector-empresarial\/","url":"https:\/\/centrourbano.com\/revista\/vivienda\/arranca-con-exito-la-reunion-nacional-del-sector-empresarial\/","name":"Arranca con \u00e9xito la Reuni\u00f3n Nacional del Sector Empresarial -","isPartOf":{"@id":"https:\/\/centrourbano.com\/revista\/#website"},"primaryImageOfPage":{"@id":"https:\/\/centrourbano.com\/revista\/vivienda\/arranca-con-exito-la-reunion-nacional-del-sector-empresarial\/#primaryimage"},"image":{"@id":"https:\/\/centrourbano.com\/revista\/vivienda\/arranca-con-exito-la-reunion-nacional-del-sector-empresarial\/#primaryimage"},"thumbnailUrl":"https:\/\/centrourbano.com\/revista\/wp-content\/uploads\/13.png","datePublished":"2015-06-18T16:00:45+00:00","dateModified":"2015-06-18T16:42:37+00:00","description":"El titular de la Sedatu destac\u00f3 que la vivienda es un elemento fundamental para construir ciudad ya que \u00e9sta da tranquilidad y futuro Representantes del","breadcrumb":{"@id":"https:\/\/centrourbano.com\/revista\/vivienda\/arranca-con-exito-la-reunion-nacional-del-sector-empresarial\/#breadcrumb"},"inLanguage":"es","potentialAction":[{"@type":"ReadAction","target":["https:\/\/centrourbano.com\/revista\/vivienda\/arranca-con-exito-la-reunion-nacional-del-sector-empresarial\/"]}]},{"@type":"ImageObject","inLanguage":"es","@id":"https:\/\/centrourbano.com\/revista\/vivienda\/arranca-con-exito-la-reunion-nacional-del-sector-empresarial\/#primaryimage","url":"https:\/\/centrourbano.com\/revista\/wp-content\/uploads\/13.png","contentUrl":"https:\/\/centrourbano.com\/revista\/wp-content\/uploads\/13.png","width":791,"height":496},{"@type":"BreadcrumbList","@id":"https:\/\/centrourbano.com\/revista\/vivienda\/arranca-con-exito-la-reunion-nacional-del-sector-empresarial\/#breadcrumb","itemListElement":[{"@type":"ListItem","position":1,"name":"Portada","item":"https:\/\/centrourbano.com\/revista\/"},{"@type":"ListItem","position":2,"name":"Arranca con \u00e9xito la Reuni\u00f3n Nacional del Sector Empresarial"}]},{"@type":"WebSite","@id":"https:\/\/centrourbano.com\/revista\/#website","url":"https:\/\/centrourbano.com\/revista\/","name":"Centro Urbano","description":"Medio especializado en los sectores vivienda, inmobiliario, construcci\u00f3n, arquitectura y urbanismo.","publisher":{"@id":"https:\/\/centrourbano.com\/revista\/#organization"},"potentialAction":[{"@type":"SearchAction","target":{"@type":"EntryPoint","urlTemplate":"https:\/\/centrourbano.com\/revista\/?s={search_term_string}"},"query-input":{"@type":"PropertyValueSpecification","valueRequired":true,"valueName":"search_term_string"}}],"inLanguage":"es"},{"@type":"Organization","@id":"https:\/\/centrourbano.com\/revista\/#organization","name":"Centro Urbano","url":"https:\/\/centrourbano.com\/revista\/","logo":{"@type":"ImageObject","inLanguage":"es","@id":"https:\/\/centrourbano.com\/revista\/#\/schema\/logo\/image\/","url":"https:\/\/centrourbano.com\/revista\/wp-content\/uploads\/web_CU_logo-1.png","contentUrl":"https:\/\/centrourbano.com\/revista\/wp-content\/uploads\/web_CU_logo-1.png","width":350,"height":91,"caption":"Centro Urbano"},"image":{"@id":"https:\/\/centrourbano.com\/revista\/#\/schema\/logo\/image\/"},"sameAs":["https:\/\/www.facebook.com\/portalcentrourbano","https:\/\/x.com\/CentroUrbano","https:\/\/www.instagram.com\/centro_urbano\/","https:\/\/www.linkedin.com\/company\/centro-urbano\/","http:\/\/www.youtube.com\/user\/portalcentrourbano"]},{"@type":"Person","@id":"https:\/\/centrourbano.com\/revista\/#\/schema\/person\/370fa0ba2d8dd5bde3fdb8b62ad360aa","name":"G4A","image":{"@type":"ImageObject","inLanguage":"es","@id":"https:\/\/secure.gravatar.com\/avatar\/932a97121b13d5de5bbd8193c6c83d3b92c9eda0f39623607d4280e7a5778d97?s=96&d=mm&r=g","url":"https:\/\/secure.gravatar.com\/avatar\/932a97121b13d5de5bbd8193c6c83d3b92c9eda0f39623607d4280e7a5778d97?s=96&d=mm&r=g","contentUrl":"https:\/\/secure.gravatar.com\/avatar\/932a97121b13d5de5bbd8193c6c83d3b92c9eda0f39623607d4280e7a5778d97?s=96&d=mm&r=g","caption":"G4A"},"url":"https:\/\/centrourbano.com\/revista\/author\/admin-g4a\/"}]}},"_links":{"self":[{"href":"https:\/\/centrourbano.com\/revista\/wp-json\/wp\/v2\/posts\/20004","targetHints":{"allow":["GET"]}}],"collection":[{"href":"https:\/\/centrourbano.com\/revista\/wp-json\/wp\/v2\/posts"}],"about":[{"href":"https:\/\/centrourbano.com\/revista\/wp-json\/wp\/v2\/types\/post"}],"author":[{"embeddable":true,"href":"https:\/\/centrourbano.com\/revista\/wp-json\/wp\/v2\/users\/77"}],"replies":[{"embeddable":true,"href":"https:\/\/centrourbano.com\/revista\/wp-json\/wp\/v2\/comments?post=20004"}],"version-history":[{"count":0,"href":"https:\/\/centrourbano.com\/revista\/wp-json\/wp\/v2\/posts\/20004\/revisions"}],"wp:featuredmedia":[{"embeddable":true,"href":"https:\/\/centrourbano.com\/revista\/wp-json\/wp\/v2\/media\/20009"}],"wp:attachment":[{"href":"https:\/\/centrourbano.com\/revista\/wp-json\/wp\/v2\/media?parent=20004"}],"wp:term":[{"taxonomy":"category","embeddable":true,"href":"https:\/\/centrourbano.com\/revista\/wp-json\/wp\/v2\/categories?post=20004"},{"taxonomy":"post_tag","embeddable":true,"href":"https:\/\/centrourbano.com\/revista\/wp-json\/wp\/v2\/tags?post=20004"}],"curies":[{"name":"wp","href":"https:\/\/api.w.org\/{rel}","templated":true}]}}