{"id":19845,"date":"2015-06-12T14:18:46","date_gmt":"2015-06-12T19:18:46","guid":{"rendered":"http:\/\/centrourbano.com\/?p=19845"},"modified":"2015-06-12T14:18:46","modified_gmt":"2015-06-12T19:18:46","slug":"otorgan-a-mexicano-el-mas-alto-reconociendo-a-la-arquitectura-paisajista","status":"publish","type":"post","link":"https:\/\/centrourbano.com\/revista\/arquitectura-2\/otorgan-a-mexicano-el-mas-alto-reconociendo-a-la-arquitectura-paisajista\/","title":{"rendered":"Otorgan a mexicano el m\u00e1s alto reconociendo a la Arquitectura Paisajista \u00a0"},"content":{"rendered":"<p><em>Mario Schjetnan es el primer arquitecto latinoamericano que obtiene el\u00a0\u00abSir Geoffrey Jellicoe Award\u00bb <\/em><!--more--><\/p>\n<p>El arquitecto mexicano\u00a0Mario Schjetnan fue galardonado con el \u00abSir Geoffrey Jellicoe Award\u00bb, reconocimiento m\u00e1s alto e importante que la Federaci\u00f3n Internacional de Arquitectos Paisajistas (IFLA) puede otorgar a un Arquitecto Paisajista en vida por su trayectoria.<\/p>\n<p>La entrega se realiz\u00f3 en d\u00edas pasados por Kathryn Moore, presidenta de la IFLA, a bordo del barco Radisson-Scarlet durante un recorrido por el r\u00edo Mosc\u00fa, en donde se cont\u00f3 adem\u00e1s con la presencia de Rub\u00e9n Beltr\u00e1n, embajador de M\u00e9xico en la Federaci\u00f3n de Rusia.<\/p>\n<p>Gracias a las contribuciones \u00fanicas que han tenido un efecto duradero en el mejoramiento de la vida de la sociedad y del medio ambiente, as\u00ed como su promoci\u00f3n y apoyo a la profesi\u00f3n de la arquitectura del paisaje a un nivel internacional, el fundador de la firma Grupo de Dise\u00f1o Urbano se convierte en el primer arquitecto latinoamericano en obtener esta honrosa distinci\u00f3n.<\/p>\n<p>Cabe destacar que Mario Schjetnan, tambi\u00e9n ha sido reconocido por\u00a0dedicarse al mejoramiento de la Ciudad y el Medio Ambiente y al Desarrollo Integral del Paisaje Urbano.<\/p>\n<p>El premio Sir Geoffrey Jellicoe se entreg\u00f3 por primera vez en el a\u00f1o 2004, siendo el primer galardonado Peter Walker, y desde entonces hasta la fecha lo han recibido: el Prof. Bernard Lassus (Francia), Cornelia Hahn Oberlander (Canad\u00e1), Mihaly Mocsenyi (Hungr\u00eda), Gon\u00e7alo Ribeiro Telles (Portugal), as\u00ed como Sun Xiao Xiang (China).<\/p>\n<p>Mario Schjetnan\u00a0naci\u00f3 en la Ciudad de M\u00e9xico en 1945 y es egresado de la Facultad de Arquitectura de la Universidad Nacional Aut\u00f3noma de M\u00e9xico de la generaci\u00f3n 1968; un par de a\u00f1os m\u00e1s tarde obtuvo la Maestr\u00eda en Arquitectura de Paisaje con \u00e9nfasis en Dise\u00f1o Urbano de la Universidad de California, en Berkeley.<\/p>\n<p>&nbsp;<\/p>\n","protected":false},"excerpt":{"rendered":"<p>Mario Schjetnan es el primer arquitecto latinoamericano que obtiene el\u00a0\u00abSir Geoffrey Jellicoe Award\u00bb<\/p>\n","protected":false},"author":9,"featured_media":19848,"comment_status":"open","ping_status":"closed","sticky":false,"template":"","format":"standard","meta":{"om_disable_all_campaigns":false,"inline_featured_image":false,"_monsterinsights_skip_tracking":false,"_monsterinsights_sitenote_active":false,"_monsterinsights_sitenote_note":"","_monsterinsights_sitenote_category":0,"footnotes":""},"categories":[81],"tags":[5392,5396,4531,5393,5397,5394,5395],"class_list":["post-19845","post","type-post","status-publish","format-standard","has-post-thumbnail","hentry","category-arquitectura-2","tag-arquitctura","tag-arquitectos-paisajistas","tag-arquitectura-del-paisaje","tag-arquitectura-paisajista","tag-federacion-internacional-de-arquitectos-paisajistas","tag-mario-schjetnan","tag-sir-geoffrey-jellicoe-award"],"yoast_head":"<!-- This site is optimized with the Yoast SEO plugin v27.4 - https:\/\/yoast.com\/product\/yoast-seo-wordpress\/ -->\n<title>Otorgan a mexicano el m\u00e1s alto reconociendo a la Arquitectura Paisajista \u00a0 -<\/title>\n<meta name=\"description\" content=\"Mario Schjetnan es el primer arquitecto latinoamericano que obtiene el\u00a0&quot;Sir Geoffrey Jellicoe Award&quot; El arquitecto mexicano\u00a0Mario Schjetnan fue\" \/>\n<meta name=\"robots\" content=\"index, follow, max-snippet:-1, max-image-preview:large, max-video-preview:-1\" \/>\n<link rel=\"canonical\" href=\"https:\/\/centrourbano.com\/revista\/arquitectura-2\/otorgan-a-mexicano-el-mas-alto-reconociendo-a-la-arquitectura-paisajista\/\" \/>\n<meta property=\"og:locale\" content=\"es_ES\" \/>\n<meta property=\"og:type\" content=\"article\" \/>\n<meta property=\"og:title\" content=\"Otorgan a mexicano el m\u00e1s alto reconociendo a la Arquitectura Paisajista \u00a0 -\" \/>\n<meta property=\"og:description\" content=\"Mario Schjetnan es el primer arquitecto latinoamericano que obtiene el\u00a0&quot;Sir Geoffrey Jellicoe Award&quot; El arquitecto mexicano\u00a0Mario Schjetnan fue\" \/>\n<meta property=\"og:url\" content=\"https:\/\/centrourbano.com\/revista\/arquitectura-2\/otorgan-a-mexicano-el-mas-alto-reconociendo-a-la-arquitectura-paisajista\/\" \/>\n<meta property=\"og:site_name\" content=\"Centro Urbano\" \/>\n<meta property=\"article:publisher\" content=\"https:\/\/www.facebook.com\/portalcentrourbano\" \/>\n<meta property=\"article:published_time\" content=\"2015-06-12T19:18:46+00:00\" \/>\n<meta property=\"og:image\" content=\"https:\/\/centrourbano.com\/revista\/wp-content\/uploads\/mario-schjetnan.jpg\" \/>\n\t<meta property=\"og:image:width\" content=\"659\" \/>\n\t<meta property=\"og:image:height\" content=\"472\" \/>\n\t<meta property=\"og:image:type\" content=\"image\/jpeg\" \/>\n<meta name=\"author\" content=\"Dinorah Nava\" \/>\n<meta name=\"twitter:card\" content=\"summary_large_image\" \/>\n<meta name=\"twitter:creator\" content=\"@https:\/\/twitter.com\/Dinorah_Nava28\" \/>\n<meta name=\"twitter:site\" content=\"@CentroUrbano\" \/>\n<meta name=\"twitter:label1\" content=\"Escrito por\" \/>\n\t<meta name=\"twitter:data1\" content=\"Dinorah Nava\" \/>\n\t<meta name=\"twitter:label2\" content=\"Tiempo de lectura\" \/>\n\t<meta name=\"twitter:data2\" content=\"2 minutos\" \/>\n<script type=\"application\/ld+json\" class=\"yoast-schema-graph\">{\"@context\":\"https:\\\/\\\/schema.org\",\"@graph\":[{\"@type\":\"Article\",\"@id\":\"https:\\\/\\\/centrourbano.com\\\/revista\\\/arquitectura-2\\\/otorgan-a-mexicano-el-mas-alto-reconociendo-a-la-arquitectura-paisajista\\\/#article\",\"isPartOf\":{\"@id\":\"https:\\\/\\\/centrourbano.com\\\/revista\\\/arquitectura-2\\\/otorgan-a-mexicano-el-mas-alto-reconociendo-a-la-arquitectura-paisajista\\\/\"},\"author\":{\"name\":\"Dinorah Nava\",\"@id\":\"https:\\\/\\\/centrourbano.com\\\/revista\\\/#\\\/schema\\\/person\\\/b45db815d96831257ba428a3d5a5fbdc\"},\"headline\":\"Otorgan a mexicano el m\u00e1s alto reconociendo a la Arquitectura Paisajista \u00a0\",\"datePublished\":\"2015-06-12T19:18:46+00:00\",\"mainEntityOfPage\":{\"@id\":\"https:\\\/\\\/centrourbano.com\\\/revista\\\/arquitectura-2\\\/otorgan-a-mexicano-el-mas-alto-reconociendo-a-la-arquitectura-paisajista\\\/\"},\"wordCount\":326,\"commentCount\":0,\"publisher\":{\"@id\":\"https:\\\/\\\/centrourbano.com\\\/revista\\\/#organization\"},\"image\":{\"@id\":\"https:\\\/\\\/centrourbano.com\\\/revista\\\/arquitectura-2\\\/otorgan-a-mexicano-el-mas-alto-reconociendo-a-la-arquitectura-paisajista\\\/#primaryimage\"},\"thumbnailUrl\":\"https:\\\/\\\/centrourbano.com\\\/revista\\\/wp-content\\\/uploads\\\/mario-schjetnan.jpg\",\"keywords\":[\"Arquitctura\",\"Arquitectos Paisajistas\",\"Arquitectura del Paisaje\",\"Arquitectura Paisajista\",\"Federaci\u00f3n Internacional de Arquitectos Paisajistas\",\"Mario Schjetnan\",\"Sir Geoffrey Jellicoe Award\"],\"articleSection\":[\"Arquitectura\"],\"inLanguage\":\"es\",\"potentialAction\":[{\"@type\":\"CommentAction\",\"name\":\"Comment\",\"target\":[\"https:\\\/\\\/centrourbano.com\\\/revista\\\/arquitectura-2\\\/otorgan-a-mexicano-el-mas-alto-reconociendo-a-la-arquitectura-paisajista\\\/#respond\"]}]},{\"@type\":\"WebPage\",\"@id\":\"https:\\\/\\\/centrourbano.com\\\/revista\\\/arquitectura-2\\\/otorgan-a-mexicano-el-mas-alto-reconociendo-a-la-arquitectura-paisajista\\\/\",\"url\":\"https:\\\/\\\/centrourbano.com\\\/revista\\\/arquitectura-2\\\/otorgan-a-mexicano-el-mas-alto-reconociendo-a-la-arquitectura-paisajista\\\/\",\"name\":\"Otorgan a mexicano el m\u00e1s alto reconociendo a la Arquitectura Paisajista \u00a0 -\",\"isPartOf\":{\"@id\":\"https:\\\/\\\/centrourbano.com\\\/revista\\\/#website\"},\"primaryImageOfPage\":{\"@id\":\"https:\\\/\\\/centrourbano.com\\\/revista\\\/arquitectura-2\\\/otorgan-a-mexicano-el-mas-alto-reconociendo-a-la-arquitectura-paisajista\\\/#primaryimage\"},\"image\":{\"@id\":\"https:\\\/\\\/centrourbano.com\\\/revista\\\/arquitectura-2\\\/otorgan-a-mexicano-el-mas-alto-reconociendo-a-la-arquitectura-paisajista\\\/#primaryimage\"},\"thumbnailUrl\":\"https:\\\/\\\/centrourbano.com\\\/revista\\\/wp-content\\\/uploads\\\/mario-schjetnan.jpg\",\"datePublished\":\"2015-06-12T19:18:46+00:00\",\"description\":\"Mario Schjetnan es el primer arquitecto latinoamericano que obtiene el\u00a0\\\"Sir Geoffrey Jellicoe Award\\\" El arquitecto mexicano\u00a0Mario Schjetnan fue\",\"breadcrumb\":{\"@id\":\"https:\\\/\\\/centrourbano.com\\\/revista\\\/arquitectura-2\\\/otorgan-a-mexicano-el-mas-alto-reconociendo-a-la-arquitectura-paisajista\\\/#breadcrumb\"},\"inLanguage\":\"es\",\"potentialAction\":[{\"@type\":\"ReadAction\",\"target\":[\"https:\\\/\\\/centrourbano.com\\\/revista\\\/arquitectura-2\\\/otorgan-a-mexicano-el-mas-alto-reconociendo-a-la-arquitectura-paisajista\\\/\"]}]},{\"@type\":\"ImageObject\",\"inLanguage\":\"es\",\"@id\":\"https:\\\/\\\/centrourbano.com\\\/revista\\\/arquitectura-2\\\/otorgan-a-mexicano-el-mas-alto-reconociendo-a-la-arquitectura-paisajista\\\/#primaryimage\",\"url\":\"https:\\\/\\\/centrourbano.com\\\/revista\\\/wp-content\\\/uploads\\\/mario-schjetnan.jpg\",\"contentUrl\":\"https:\\\/\\\/centrourbano.com\\\/revista\\\/wp-content\\\/uploads\\\/mario-schjetnan.jpg\",\"width\":659,\"height\":472},{\"@type\":\"BreadcrumbList\",\"@id\":\"https:\\\/\\\/centrourbano.com\\\/revista\\\/arquitectura-2\\\/otorgan-a-mexicano-el-mas-alto-reconociendo-a-la-arquitectura-paisajista\\\/#breadcrumb\",\"itemListElement\":[{\"@type\":\"ListItem\",\"position\":1,\"name\":\"Portada\",\"item\":\"https:\\\/\\\/centrourbano.com\\\/revista\\\/\"},{\"@type\":\"ListItem\",\"position\":2,\"name\":\"Otorgan a mexicano el m\u00e1s alto reconociendo a la Arquitectura Paisajista \u00a0\"}]},{\"@type\":\"WebSite\",\"@id\":\"https:\\\/\\\/centrourbano.com\\\/revista\\\/#website\",\"url\":\"https:\\\/\\\/centrourbano.com\\\/revista\\\/\",\"name\":\"Centro Urbano\",\"description\":\"Medio especializado en los sectores vivienda, inmobiliario, construcci\u00f3n, arquitectura y urbanismo.\",\"publisher\":{\"@id\":\"https:\\\/\\\/centrourbano.com\\\/revista\\\/#organization\"},\"potentialAction\":[{\"@type\":\"SearchAction\",\"target\":{\"@type\":\"EntryPoint\",\"urlTemplate\":\"https:\\\/\\\/centrourbano.com\\\/revista\\\/?s={search_term_string}\"},\"query-input\":{\"@type\":\"PropertyValueSpecification\",\"valueRequired\":true,\"valueName\":\"search_term_string\"}}],\"inLanguage\":\"es\"},{\"@type\":\"Organization\",\"@id\":\"https:\\\/\\\/centrourbano.com\\\/revista\\\/#organization\",\"name\":\"Centro Urbano\",\"url\":\"https:\\\/\\\/centrourbano.com\\\/revista\\\/\",\"logo\":{\"@type\":\"ImageObject\",\"inLanguage\":\"es\",\"@id\":\"https:\\\/\\\/centrourbano.com\\\/revista\\\/#\\\/schema\\\/logo\\\/image\\\/\",\"url\":\"https:\\\/\\\/centrourbano.com\\\/revista\\\/wp-content\\\/uploads\\\/web_CU_logo-1.png\",\"contentUrl\":\"https:\\\/\\\/centrourbano.com\\\/revista\\\/wp-content\\\/uploads\\\/web_CU_logo-1.png\",\"width\":350,\"height\":91,\"caption\":\"Centro Urbano\"},\"image\":{\"@id\":\"https:\\\/\\\/centrourbano.com\\\/revista\\\/#\\\/schema\\\/logo\\\/image\\\/\"},\"sameAs\":[\"https:\\\/\\\/www.facebook.com\\\/portalcentrourbano\",\"https:\\\/\\\/x.com\\\/CentroUrbano\",\"https:\\\/\\\/www.instagram.com\\\/centro_urbano\\\/\",\"https:\\\/\\\/www.linkedin.com\\\/company\\\/centro-urbano\\\/\",\"http:\\\/\\\/www.youtube.com\\\/user\\\/portalcentrourbano\"]},{\"@type\":\"Person\",\"@id\":\"https:\\\/\\\/centrourbano.com\\\/revista\\\/#\\\/schema\\\/person\\\/b45db815d96831257ba428a3d5a5fbdc\",\"name\":\"Dinorah Nava\",\"image\":{\"@type\":\"ImageObject\",\"inLanguage\":\"es\",\"@id\":\"https:\\\/\\\/secure.gravatar.com\\\/avatar\\\/f6ca6430c51d147f363940f84e1225aa4b8183885c11802cc3b042305a4ecc1a?s=96&d=mm&r=g\",\"url\":\"https:\\\/\\\/secure.gravatar.com\\\/avatar\\\/f6ca6430c51d147f363940f84e1225aa4b8183885c11802cc3b042305a4ecc1a?s=96&d=mm&r=g\",\"contentUrl\":\"https:\\\/\\\/secure.gravatar.com\\\/avatar\\\/f6ca6430c51d147f363940f84e1225aa4b8183885c11802cc3b042305a4ecc1a?s=96&d=mm&r=g\",\"caption\":\"Dinorah Nava\"},\"description\":\"Editora de Contenidos y Estrategias Digitales en Centro Urbano y Coeditora en Peri\u00f3dico Mi Casa. Egresada de la licenciatura en Comunicaci\u00f3n y Periodismo de la Facultad de Estudios Superiores Arag\u00f3n (UNAM). Amante de la edici\u00f3n y correcci\u00f3n de estilo, las redes sociales y el mundo digital. Especialista en temas son arquitectura, inmobiliario y urbanismo.\",\"sameAs\":[\"linkedin.com\\\/in\\\/dinorah-nava\",\"https:\\\/\\\/x.com\\\/https:\\\/\\\/twitter.com\\\/Dinorah_Nava28\"],\"url\":\"https:\\\/\\\/centrourbano.com\\\/revista\\\/author\\\/dinorah-nava\\\/\"}]}<\/script>\n<!-- \/ Yoast SEO plugin. -->","yoast_head_json":{"title":"Otorgan a mexicano el m\u00e1s alto reconociendo a la Arquitectura Paisajista \u00a0 -","description":"Mario Schjetnan es el primer arquitecto latinoamericano que obtiene el\u00a0\"Sir Geoffrey Jellicoe Award\" El arquitecto mexicano\u00a0Mario Schjetnan fue","robots":{"index":"index","follow":"follow","max-snippet":"max-snippet:-1","max-image-preview":"max-image-preview:large","max-video-preview":"max-video-preview:-1"},"canonical":"https:\/\/centrourbano.com\/revista\/arquitectura-2\/otorgan-a-mexicano-el-mas-alto-reconociendo-a-la-arquitectura-paisajista\/","og_locale":"es_ES","og_type":"article","og_title":"Otorgan a mexicano el m\u00e1s alto reconociendo a la Arquitectura Paisajista \u00a0 -","og_description":"Mario Schjetnan es el primer arquitecto latinoamericano que obtiene el\u00a0\"Sir Geoffrey Jellicoe Award\" El arquitecto mexicano\u00a0Mario Schjetnan fue","og_url":"https:\/\/centrourbano.com\/revista\/arquitectura-2\/otorgan-a-mexicano-el-mas-alto-reconociendo-a-la-arquitectura-paisajista\/","og_site_name":"Centro Urbano","article_publisher":"https:\/\/www.facebook.com\/portalcentrourbano","article_published_time":"2015-06-12T19:18:46+00:00","og_image":[{"width":659,"height":472,"url":"https:\/\/centrourbano.com\/revista\/wp-content\/uploads\/mario-schjetnan.jpg","type":"image\/jpeg"}],"author":"Dinorah Nava","twitter_card":"summary_large_image","twitter_creator":"@https:\/\/twitter.com\/Dinorah_Nava28","twitter_site":"@CentroUrbano","twitter_misc":{"Escrito por":"Dinorah Nava","Tiempo de lectura":"2 minutos"},"schema":{"@context":"https:\/\/schema.org","@graph":[{"@type":"Article","@id":"https:\/\/centrourbano.com\/revista\/arquitectura-2\/otorgan-a-mexicano-el-mas-alto-reconociendo-a-la-arquitectura-paisajista\/#article","isPartOf":{"@id":"https:\/\/centrourbano.com\/revista\/arquitectura-2\/otorgan-a-mexicano-el-mas-alto-reconociendo-a-la-arquitectura-paisajista\/"},"author":{"name":"Dinorah Nava","@id":"https:\/\/centrourbano.com\/revista\/#\/schema\/person\/b45db815d96831257ba428a3d5a5fbdc"},"headline":"Otorgan a mexicano el m\u00e1s alto reconociendo a la Arquitectura Paisajista \u00a0","datePublished":"2015-06-12T19:18:46+00:00","mainEntityOfPage":{"@id":"https:\/\/centrourbano.com\/revista\/arquitectura-2\/otorgan-a-mexicano-el-mas-alto-reconociendo-a-la-arquitectura-paisajista\/"},"wordCount":326,"commentCount":0,"publisher":{"@id":"https:\/\/centrourbano.com\/revista\/#organization"},"image":{"@id":"https:\/\/centrourbano.com\/revista\/arquitectura-2\/otorgan-a-mexicano-el-mas-alto-reconociendo-a-la-arquitectura-paisajista\/#primaryimage"},"thumbnailUrl":"https:\/\/centrourbano.com\/revista\/wp-content\/uploads\/mario-schjetnan.jpg","keywords":["Arquitctura","Arquitectos Paisajistas","Arquitectura del Paisaje","Arquitectura Paisajista","Federaci\u00f3n Internacional de Arquitectos Paisajistas","Mario Schjetnan","Sir Geoffrey Jellicoe Award"],"articleSection":["Arquitectura"],"inLanguage":"es","potentialAction":[{"@type":"CommentAction","name":"Comment","target":["https:\/\/centrourbano.com\/revista\/arquitectura-2\/otorgan-a-mexicano-el-mas-alto-reconociendo-a-la-arquitectura-paisajista\/#respond"]}]},{"@type":"WebPage","@id":"https:\/\/centrourbano.com\/revista\/arquitectura-2\/otorgan-a-mexicano-el-mas-alto-reconociendo-a-la-arquitectura-paisajista\/","url":"https:\/\/centrourbano.com\/revista\/arquitectura-2\/otorgan-a-mexicano-el-mas-alto-reconociendo-a-la-arquitectura-paisajista\/","name":"Otorgan a mexicano el m\u00e1s alto reconociendo a la Arquitectura Paisajista \u00a0 -","isPartOf":{"@id":"https:\/\/centrourbano.com\/revista\/#website"},"primaryImageOfPage":{"@id":"https:\/\/centrourbano.com\/revista\/arquitectura-2\/otorgan-a-mexicano-el-mas-alto-reconociendo-a-la-arquitectura-paisajista\/#primaryimage"},"image":{"@id":"https:\/\/centrourbano.com\/revista\/arquitectura-2\/otorgan-a-mexicano-el-mas-alto-reconociendo-a-la-arquitectura-paisajista\/#primaryimage"},"thumbnailUrl":"https:\/\/centrourbano.com\/revista\/wp-content\/uploads\/mario-schjetnan.jpg","datePublished":"2015-06-12T19:18:46+00:00","description":"Mario Schjetnan es el primer arquitecto latinoamericano que obtiene el\u00a0\"Sir Geoffrey Jellicoe Award\" El arquitecto mexicano\u00a0Mario Schjetnan fue","breadcrumb":{"@id":"https:\/\/centrourbano.com\/revista\/arquitectura-2\/otorgan-a-mexicano-el-mas-alto-reconociendo-a-la-arquitectura-paisajista\/#breadcrumb"},"inLanguage":"es","potentialAction":[{"@type":"ReadAction","target":["https:\/\/centrourbano.com\/revista\/arquitectura-2\/otorgan-a-mexicano-el-mas-alto-reconociendo-a-la-arquitectura-paisajista\/"]}]},{"@type":"ImageObject","inLanguage":"es","@id":"https:\/\/centrourbano.com\/revista\/arquitectura-2\/otorgan-a-mexicano-el-mas-alto-reconociendo-a-la-arquitectura-paisajista\/#primaryimage","url":"https:\/\/centrourbano.com\/revista\/wp-content\/uploads\/mario-schjetnan.jpg","contentUrl":"https:\/\/centrourbano.com\/revista\/wp-content\/uploads\/mario-schjetnan.jpg","width":659,"height":472},{"@type":"BreadcrumbList","@id":"https:\/\/centrourbano.com\/revista\/arquitectura-2\/otorgan-a-mexicano-el-mas-alto-reconociendo-a-la-arquitectura-paisajista\/#breadcrumb","itemListElement":[{"@type":"ListItem","position":1,"name":"Portada","item":"https:\/\/centrourbano.com\/revista\/"},{"@type":"ListItem","position":2,"name":"Otorgan a mexicano el m\u00e1s alto reconociendo a la Arquitectura Paisajista \u00a0"}]},{"@type":"WebSite","@id":"https:\/\/centrourbano.com\/revista\/#website","url":"https:\/\/centrourbano.com\/revista\/","name":"Centro Urbano","description":"Medio especializado en los sectores vivienda, inmobiliario, construcci\u00f3n, arquitectura y urbanismo.","publisher":{"@id":"https:\/\/centrourbano.com\/revista\/#organization"},"potentialAction":[{"@type":"SearchAction","target":{"@type":"EntryPoint","urlTemplate":"https:\/\/centrourbano.com\/revista\/?s={search_term_string}"},"query-input":{"@type":"PropertyValueSpecification","valueRequired":true,"valueName":"search_term_string"}}],"inLanguage":"es"},{"@type":"Organization","@id":"https:\/\/centrourbano.com\/revista\/#organization","name":"Centro Urbano","url":"https:\/\/centrourbano.com\/revista\/","logo":{"@type":"ImageObject","inLanguage":"es","@id":"https:\/\/centrourbano.com\/revista\/#\/schema\/logo\/image\/","url":"https:\/\/centrourbano.com\/revista\/wp-content\/uploads\/web_CU_logo-1.png","contentUrl":"https:\/\/centrourbano.com\/revista\/wp-content\/uploads\/web_CU_logo-1.png","width":350,"height":91,"caption":"Centro Urbano"},"image":{"@id":"https:\/\/centrourbano.com\/revista\/#\/schema\/logo\/image\/"},"sameAs":["https:\/\/www.facebook.com\/portalcentrourbano","https:\/\/x.com\/CentroUrbano","https:\/\/www.instagram.com\/centro_urbano\/","https:\/\/www.linkedin.com\/company\/centro-urbano\/","http:\/\/www.youtube.com\/user\/portalcentrourbano"]},{"@type":"Person","@id":"https:\/\/centrourbano.com\/revista\/#\/schema\/person\/b45db815d96831257ba428a3d5a5fbdc","name":"Dinorah Nava","image":{"@type":"ImageObject","inLanguage":"es","@id":"https:\/\/secure.gravatar.com\/avatar\/f6ca6430c51d147f363940f84e1225aa4b8183885c11802cc3b042305a4ecc1a?s=96&d=mm&r=g","url":"https:\/\/secure.gravatar.com\/avatar\/f6ca6430c51d147f363940f84e1225aa4b8183885c11802cc3b042305a4ecc1a?s=96&d=mm&r=g","contentUrl":"https:\/\/secure.gravatar.com\/avatar\/f6ca6430c51d147f363940f84e1225aa4b8183885c11802cc3b042305a4ecc1a?s=96&d=mm&r=g","caption":"Dinorah Nava"},"description":"Editora de Contenidos y Estrategias Digitales en Centro Urbano y Coeditora en Peri\u00f3dico Mi Casa. Egresada de la licenciatura en Comunicaci\u00f3n y Periodismo de la Facultad de Estudios Superiores Arag\u00f3n (UNAM). Amante de la edici\u00f3n y correcci\u00f3n de estilo, las redes sociales y el mundo digital. Especialista en temas son arquitectura, inmobiliario y urbanismo.","sameAs":["linkedin.com\/in\/dinorah-nava","https:\/\/x.com\/https:\/\/twitter.com\/Dinorah_Nava28"],"url":"https:\/\/centrourbano.com\/revista\/author\/dinorah-nava\/"}]}},"_links":{"self":[{"href":"https:\/\/centrourbano.com\/revista\/wp-json\/wp\/v2\/posts\/19845","targetHints":{"allow":["GET"]}}],"collection":[{"href":"https:\/\/centrourbano.com\/revista\/wp-json\/wp\/v2\/posts"}],"about":[{"href":"https:\/\/centrourbano.com\/revista\/wp-json\/wp\/v2\/types\/post"}],"author":[{"embeddable":true,"href":"https:\/\/centrourbano.com\/revista\/wp-json\/wp\/v2\/users\/9"}],"replies":[{"embeddable":true,"href":"https:\/\/centrourbano.com\/revista\/wp-json\/wp\/v2\/comments?post=19845"}],"version-history":[{"count":0,"href":"https:\/\/centrourbano.com\/revista\/wp-json\/wp\/v2\/posts\/19845\/revisions"}],"wp:featuredmedia":[{"embeddable":true,"href":"https:\/\/centrourbano.com\/revista\/wp-json\/wp\/v2\/media\/19848"}],"wp:attachment":[{"href":"https:\/\/centrourbano.com\/revista\/wp-json\/wp\/v2\/media?parent=19845"}],"wp:term":[{"taxonomy":"category","embeddable":true,"href":"https:\/\/centrourbano.com\/revista\/wp-json\/wp\/v2\/categories?post=19845"},{"taxonomy":"post_tag","embeddable":true,"href":"https:\/\/centrourbano.com\/revista\/wp-json\/wp\/v2\/tags?post=19845"}],"curies":[{"name":"wp","href":"https:\/\/api.w.org\/{rel}","templated":true}]}}