{"id":1975,"date":"2013-12-20T12:51:59","date_gmt":"2013-12-20T18:51:59","guid":{"rendered":"http:\/\/centrourbano.com\/?p=1975"},"modified":"2014-03-21T15:56:35","modified_gmt":"2014-03-21T21:56:35","slug":"concluyen-modelo-de-vivienda-sustentable","status":"publish","type":"post","link":"https:\/\/centrourbano.com\/revista\/vivienda\/concluyen-modelo-de-vivienda-sustentable\/","title":{"rendered":"Concluyen modelo de vivienda sustentable"},"content":{"rendered":"<p>La casa tiene una vida \u00fatil de hasta 500 a\u00f1os y cuenta con foto celdas y sistema de reciclaje<\/p>\n<p><!--more--><\/p>\n<p>&nbsp;<\/p>\n<p>En el municipio de Tanganc\u00edcuaro, ubicado en el estado de Michoac\u00e1n, se finaliz\u00f3 la construcci\u00f3n y entrega de la primera vivienda sustentable del lugar, la cual se busca se convierta en un modelo para otros puntos de la entidad.<\/p>\n<p>&nbsp;<\/p>\n<p>La construcci\u00f3n del inmueble comenz\u00f3 en el mes de a\u00f1o, con materiales como pacas de paja, tierra, arena, cementante, piedra y madera; y se calcula que tiene una vida \u00fatil de 300 a 500 a\u00f1os.<\/p>\n<p>&nbsp;<\/p>\n<p>Entre las ecotecnolog\u00edas con las que cuenta est\u00e1 el calentador solar, foto celdas y sistema de reciclaje con filtros org\u00e1nicos y anaer\u00f3bicos, por lo que a decir del dirigente estatal del Partido Verde Ecologista de M\u00e9xico (PVEM), Jonathan Sanata Gonz\u00e1lez, reduce el impacto ambiental\u00a0 ya que opera a base de energ\u00eda solar, lo que genera un ahorro en la energ\u00eda el\u00e9ctrica y tendr\u00e1 un sistema de filtraci\u00f3n de agua de lluvia que permitir\u00e1 la recaudaci\u00f3n de la misma en un pozo.<\/p>\n<p>&nbsp;<\/p>\n<p>Adem\u00e1s de los beneficios ambientales, este proyecto de la Direcci\u00f3n de Desarrollo Sustentable del Ayuntamiento local representa un ahorro econ\u00f3mico, por lo cual, se buscar\u00e1 llevarlo a la capital del estado para su difusi\u00f3n y posteriormente, se pretende que el modelo se aplique en todo el estado.<\/p>\n<p>&nbsp;<\/p>\n<p>Este tipo de inmueble estar\u00e1 destinado a apoyar a familias de bajos recursos para que puedan acceder a una vivienda, prueba de ello es que esta primera casa fue entregada a una mujer indigente y su hijo.<\/p>\n","protected":false},"excerpt":{"rendered":"<p>La casa tiene una vida \u00fatil de hasta 500 a\u00f1os y cuenta con foto celdas y sistema de reciclaje<\/p>\n","protected":false},"author":14,"featured_media":16804,"comment_status":"open","ping_status":"closed","sticky":false,"template":"","format":"standard","meta":{"om_disable_all_campaigns":false,"inline_featured_image":false,"_monsterinsights_skip_tracking":false,"_monsterinsights_sitenote_active":false,"_monsterinsights_sitenote_note":"","_monsterinsights_sitenote_category":0,"footnotes":""},"categories":[12],"tags":[56],"class_list":["post-1975","post","type-post","status-publish","format-standard","has-post-thumbnail","hentry","category-vivienda","tag-sustentable"],"yoast_head":"<!-- This site is optimized with the Yoast SEO plugin v27.5 - https:\/\/yoast.com\/product\/yoast-seo-wordpress\/ -->\n<title>Concluyen modelo de vivienda sustentable  -<\/title>\n<meta name=\"description\" content=\"La casa tiene una vida \u00fatil de hasta 500 a\u00f1os y cuenta con foto celdas y sistema de reciclaje &nbsp; En el municipio de Tanganc\u00edcuaro, ubicado en el\" \/>\n<meta name=\"robots\" content=\"index, follow, max-snippet:-1, max-image-preview:large, max-video-preview:-1\" \/>\n<link rel=\"canonical\" href=\"https:\/\/centrourbano.com\/revista\/vivienda\/concluyen-modelo-de-vivienda-sustentable\/\" \/>\n<meta property=\"og:locale\" content=\"es_ES\" \/>\n<meta property=\"og:type\" content=\"article\" \/>\n<meta property=\"og:title\" content=\"Concluyen modelo de vivienda sustentable  -\" \/>\n<meta property=\"og:description\" content=\"La casa tiene una vida \u00fatil de hasta 500 a\u00f1os y cuenta con foto celdas y sistema de reciclaje &nbsp; En el municipio de Tanganc\u00edcuaro, ubicado en el\" \/>\n<meta property=\"og:url\" content=\"https:\/\/centrourbano.com\/revista\/vivienda\/concluyen-modelo-de-vivienda-sustentable\/\" \/>\n<meta property=\"og:site_name\" content=\"Centro Urbano\" \/>\n<meta property=\"article:publisher\" content=\"https:\/\/www.facebook.com\/portalcentrourbano\" \/>\n<meta property=\"article:published_time\" content=\"2013-12-20T18:51:59+00:00\" \/>\n<meta property=\"article:modified_time\" content=\"2014-03-21T21:56:35+00:00\" \/>\n<meta property=\"og:image\" content=\"https:\/\/centrourbano.com\/revista\/wp-content\/uploads\/casasustentable1.jpg\" \/>\n\t<meta property=\"og:image:width\" content=\"1000\" \/>\n\t<meta property=\"og:image:height\" content=\"666\" \/>\n\t<meta property=\"og:image:type\" content=\"image\/jpeg\" \/>\n<meta name=\"author\" content=\"Redacci\u00f3n Centro Urbano\" \/>\n<meta name=\"twitter:card\" content=\"summary_large_image\" \/>\n<meta name=\"twitter:creator\" content=\"@CentroUrbano\" \/>\n<meta name=\"twitter:site\" content=\"@CentroUrbano\" \/>\n<meta name=\"twitter:label1\" content=\"Escrito por\" \/>\n\t<meta name=\"twitter:data1\" content=\"Redacci\u00f3n Centro Urbano\" \/>\n\t<meta name=\"twitter:label2\" content=\"Tiempo de lectura\" \/>\n\t<meta name=\"twitter:data2\" content=\"1 minuto\" \/>\n<script type=\"application\/ld+json\" class=\"yoast-schema-graph\">{\"@context\":\"https:\\\/\\\/schema.org\",\"@graph\":[{\"@type\":\"Article\",\"@id\":\"https:\\\/\\\/centrourbano.com\\\/revista\\\/vivienda\\\/concluyen-modelo-de-vivienda-sustentable\\\/#article\",\"isPartOf\":{\"@id\":\"https:\\\/\\\/centrourbano.com\\\/revista\\\/vivienda\\\/concluyen-modelo-de-vivienda-sustentable\\\/\"},\"author\":{\"name\":\"Redacci\u00f3n Centro Urbano\",\"@id\":\"https:\\\/\\\/centrourbano.com\\\/revista\\\/#\\\/schema\\\/person\\\/680e7c50f9d6e917e416c9efdc26f996\"},\"headline\":\"Concluyen modelo de vivienda sustentable\",\"datePublished\":\"2013-12-20T18:51:59+00:00\",\"dateModified\":\"2014-03-21T21:56:35+00:00\",\"mainEntityOfPage\":{\"@id\":\"https:\\\/\\\/centrourbano.com\\\/revista\\\/vivienda\\\/concluyen-modelo-de-vivienda-sustentable\\\/\"},\"wordCount\":286,\"commentCount\":0,\"publisher\":{\"@id\":\"https:\\\/\\\/centrourbano.com\\\/revista\\\/#organization\"},\"image\":{\"@id\":\"https:\\\/\\\/centrourbano.com\\\/revista\\\/vivienda\\\/concluyen-modelo-de-vivienda-sustentable\\\/#primaryimage\"},\"thumbnailUrl\":\"https:\\\/\\\/centrourbano.com\\\/revista\\\/wp-content\\\/uploads\\\/casasustentable1.jpg\",\"keywords\":[\"sustentable\"],\"articleSection\":[\"Vivienda\"],\"inLanguage\":\"es\",\"potentialAction\":[{\"@type\":\"CommentAction\",\"name\":\"Comment\",\"target\":[\"https:\\\/\\\/centrourbano.com\\\/revista\\\/vivienda\\\/concluyen-modelo-de-vivienda-sustentable\\\/#respond\"]}]},{\"@type\":\"WebPage\",\"@id\":\"https:\\\/\\\/centrourbano.com\\\/revista\\\/vivienda\\\/concluyen-modelo-de-vivienda-sustentable\\\/\",\"url\":\"https:\\\/\\\/centrourbano.com\\\/revista\\\/vivienda\\\/concluyen-modelo-de-vivienda-sustentable\\\/\",\"name\":\"Concluyen modelo de vivienda sustentable -\",\"isPartOf\":{\"@id\":\"https:\\\/\\\/centrourbano.com\\\/revista\\\/#website\"},\"primaryImageOfPage\":{\"@id\":\"https:\\\/\\\/centrourbano.com\\\/revista\\\/vivienda\\\/concluyen-modelo-de-vivienda-sustentable\\\/#primaryimage\"},\"image\":{\"@id\":\"https:\\\/\\\/centrourbano.com\\\/revista\\\/vivienda\\\/concluyen-modelo-de-vivienda-sustentable\\\/#primaryimage\"},\"thumbnailUrl\":\"https:\\\/\\\/centrourbano.com\\\/revista\\\/wp-content\\\/uploads\\\/casasustentable1.jpg\",\"datePublished\":\"2013-12-20T18:51:59+00:00\",\"dateModified\":\"2014-03-21T21:56:35+00:00\",\"description\":\"La casa tiene una vida \u00fatil de hasta 500 a\u00f1os y cuenta con foto celdas y sistema de reciclaje &nbsp; En el municipio de Tanganc\u00edcuaro, ubicado en el\",\"breadcrumb\":{\"@id\":\"https:\\\/\\\/centrourbano.com\\\/revista\\\/vivienda\\\/concluyen-modelo-de-vivienda-sustentable\\\/#breadcrumb\"},\"inLanguage\":\"es\",\"potentialAction\":[{\"@type\":\"ReadAction\",\"target\":[\"https:\\\/\\\/centrourbano.com\\\/revista\\\/vivienda\\\/concluyen-modelo-de-vivienda-sustentable\\\/\"]}]},{\"@type\":\"ImageObject\",\"inLanguage\":\"es\",\"@id\":\"https:\\\/\\\/centrourbano.com\\\/revista\\\/vivienda\\\/concluyen-modelo-de-vivienda-sustentable\\\/#primaryimage\",\"url\":\"https:\\\/\\\/centrourbano.com\\\/revista\\\/wp-content\\\/uploads\\\/casasustentable1.jpg\",\"contentUrl\":\"https:\\\/\\\/centrourbano.com\\\/revista\\\/wp-content\\\/uploads\\\/casasustentable1.jpg\",\"width\":1000,\"height\":666},{\"@type\":\"BreadcrumbList\",\"@id\":\"https:\\\/\\\/centrourbano.com\\\/revista\\\/vivienda\\\/concluyen-modelo-de-vivienda-sustentable\\\/#breadcrumb\",\"itemListElement\":[{\"@type\":\"ListItem\",\"position\":1,\"name\":\"Portada\",\"item\":\"https:\\\/\\\/centrourbano.com\\\/revista\\\/\"},{\"@type\":\"ListItem\",\"position\":2,\"name\":\"Concluyen modelo de vivienda sustentable\"}]},{\"@type\":\"WebSite\",\"@id\":\"https:\\\/\\\/centrourbano.com\\\/revista\\\/#website\",\"url\":\"https:\\\/\\\/centrourbano.com\\\/revista\\\/\",\"name\":\"Centro Urbano\",\"description\":\"Medio especializado en los sectores vivienda, inmobiliario, construcci\u00f3n, arquitectura y urbanismo.\",\"publisher\":{\"@id\":\"https:\\\/\\\/centrourbano.com\\\/revista\\\/#organization\"},\"potentialAction\":[{\"@type\":\"SearchAction\",\"target\":{\"@type\":\"EntryPoint\",\"urlTemplate\":\"https:\\\/\\\/centrourbano.com\\\/revista\\\/?s={search_term_string}\"},\"query-input\":{\"@type\":\"PropertyValueSpecification\",\"valueRequired\":true,\"valueName\":\"search_term_string\"}}],\"inLanguage\":\"es\"},{\"@type\":\"Organization\",\"@id\":\"https:\\\/\\\/centrourbano.com\\\/revista\\\/#organization\",\"name\":\"Centro Urbano\",\"url\":\"https:\\\/\\\/centrourbano.com\\\/revista\\\/\",\"logo\":{\"@type\":\"ImageObject\",\"inLanguage\":\"es\",\"@id\":\"https:\\\/\\\/centrourbano.com\\\/revista\\\/#\\\/schema\\\/logo\\\/image\\\/\",\"url\":\"https:\\\/\\\/centrourbano.com\\\/revista\\\/wp-content\\\/uploads\\\/web_CU_logo-1.png\",\"contentUrl\":\"https:\\\/\\\/centrourbano.com\\\/revista\\\/wp-content\\\/uploads\\\/web_CU_logo-1.png\",\"width\":350,\"height\":91,\"caption\":\"Centro Urbano\"},\"image\":{\"@id\":\"https:\\\/\\\/centrourbano.com\\\/revista\\\/#\\\/schema\\\/logo\\\/image\\\/\"},\"sameAs\":[\"https:\\\/\\\/www.facebook.com\\\/portalcentrourbano\",\"https:\\\/\\\/x.com\\\/CentroUrbano\",\"https:\\\/\\\/www.instagram.com\\\/centro_urbano\\\/\",\"https:\\\/\\\/www.linkedin.com\\\/company\\\/centro-urbano\\\/\",\"http:\\\/\\\/www.youtube.com\\\/user\\\/portalcentrourbano\"]},{\"@type\":\"Person\",\"@id\":\"https:\\\/\\\/centrourbano.com\\\/revista\\\/#\\\/schema\\\/person\\\/680e7c50f9d6e917e416c9efdc26f996\",\"name\":\"Redacci\u00f3n Centro Urbano\",\"image\":{\"@type\":\"ImageObject\",\"inLanguage\":\"es\",\"@id\":\"https:\\\/\\\/secure.gravatar.com\\\/avatar\\\/15a789f894398c0f311f3a7a2ee28032bbc0483098539da66b6a045aa810bf35?s=96&d=mm&r=g\",\"url\":\"https:\\\/\\\/secure.gravatar.com\\\/avatar\\\/15a789f894398c0f311f3a7a2ee28032bbc0483098539da66b6a045aa810bf35?s=96&d=mm&r=g\",\"contentUrl\":\"https:\\\/\\\/secure.gravatar.com\\\/avatar\\\/15a789f894398c0f311f3a7a2ee28032bbc0483098539da66b6a045aa810bf35?s=96&d=mm&r=g\",\"caption\":\"Redacci\u00f3n Centro Urbano\"},\"url\":\"https:\\\/\\\/centrourbano.com\\\/revista\\\/author\\\/editorial\\\/\"}]}<\/script>\n<!-- \/ Yoast SEO plugin. -->","yoast_head_json":{"title":"Concluyen modelo de vivienda sustentable  -","description":"La casa tiene una vida \u00fatil de hasta 500 a\u00f1os y cuenta con foto celdas y sistema de reciclaje &nbsp; En el municipio de Tanganc\u00edcuaro, ubicado en el","robots":{"index":"index","follow":"follow","max-snippet":"max-snippet:-1","max-image-preview":"max-image-preview:large","max-video-preview":"max-video-preview:-1"},"canonical":"https:\/\/centrourbano.com\/revista\/vivienda\/concluyen-modelo-de-vivienda-sustentable\/","og_locale":"es_ES","og_type":"article","og_title":"Concluyen modelo de vivienda sustentable  -","og_description":"La casa tiene una vida \u00fatil de hasta 500 a\u00f1os y cuenta con foto celdas y sistema de reciclaje &nbsp; En el municipio de Tanganc\u00edcuaro, ubicado en el","og_url":"https:\/\/centrourbano.com\/revista\/vivienda\/concluyen-modelo-de-vivienda-sustentable\/","og_site_name":"Centro Urbano","article_publisher":"https:\/\/www.facebook.com\/portalcentrourbano","article_published_time":"2013-12-20T18:51:59+00:00","article_modified_time":"2014-03-21T21:56:35+00:00","og_image":[{"width":1000,"height":666,"url":"https:\/\/centrourbano.com\/revista\/wp-content\/uploads\/casasustentable1.jpg","type":"image\/jpeg"}],"author":"Redacci\u00f3n Centro Urbano","twitter_card":"summary_large_image","twitter_creator":"@CentroUrbano","twitter_site":"@CentroUrbano","twitter_misc":{"Escrito por":"Redacci\u00f3n Centro Urbano","Tiempo de lectura":"1 minuto"},"schema":{"@context":"https:\/\/schema.org","@graph":[{"@type":"Article","@id":"https:\/\/centrourbano.com\/revista\/vivienda\/concluyen-modelo-de-vivienda-sustentable\/#article","isPartOf":{"@id":"https:\/\/centrourbano.com\/revista\/vivienda\/concluyen-modelo-de-vivienda-sustentable\/"},"author":{"name":"Redacci\u00f3n Centro Urbano","@id":"https:\/\/centrourbano.com\/revista\/#\/schema\/person\/680e7c50f9d6e917e416c9efdc26f996"},"headline":"Concluyen modelo de vivienda sustentable","datePublished":"2013-12-20T18:51:59+00:00","dateModified":"2014-03-21T21:56:35+00:00","mainEntityOfPage":{"@id":"https:\/\/centrourbano.com\/revista\/vivienda\/concluyen-modelo-de-vivienda-sustentable\/"},"wordCount":286,"commentCount":0,"publisher":{"@id":"https:\/\/centrourbano.com\/revista\/#organization"},"image":{"@id":"https:\/\/centrourbano.com\/revista\/vivienda\/concluyen-modelo-de-vivienda-sustentable\/#primaryimage"},"thumbnailUrl":"https:\/\/centrourbano.com\/revista\/wp-content\/uploads\/casasustentable1.jpg","keywords":["sustentable"],"articleSection":["Vivienda"],"inLanguage":"es","potentialAction":[{"@type":"CommentAction","name":"Comment","target":["https:\/\/centrourbano.com\/revista\/vivienda\/concluyen-modelo-de-vivienda-sustentable\/#respond"]}]},{"@type":"WebPage","@id":"https:\/\/centrourbano.com\/revista\/vivienda\/concluyen-modelo-de-vivienda-sustentable\/","url":"https:\/\/centrourbano.com\/revista\/vivienda\/concluyen-modelo-de-vivienda-sustentable\/","name":"Concluyen modelo de vivienda sustentable -","isPartOf":{"@id":"https:\/\/centrourbano.com\/revista\/#website"},"primaryImageOfPage":{"@id":"https:\/\/centrourbano.com\/revista\/vivienda\/concluyen-modelo-de-vivienda-sustentable\/#primaryimage"},"image":{"@id":"https:\/\/centrourbano.com\/revista\/vivienda\/concluyen-modelo-de-vivienda-sustentable\/#primaryimage"},"thumbnailUrl":"https:\/\/centrourbano.com\/revista\/wp-content\/uploads\/casasustentable1.jpg","datePublished":"2013-12-20T18:51:59+00:00","dateModified":"2014-03-21T21:56:35+00:00","description":"La casa tiene una vida \u00fatil de hasta 500 a\u00f1os y cuenta con foto celdas y sistema de reciclaje &nbsp; En el municipio de Tanganc\u00edcuaro, ubicado en el","breadcrumb":{"@id":"https:\/\/centrourbano.com\/revista\/vivienda\/concluyen-modelo-de-vivienda-sustentable\/#breadcrumb"},"inLanguage":"es","potentialAction":[{"@type":"ReadAction","target":["https:\/\/centrourbano.com\/revista\/vivienda\/concluyen-modelo-de-vivienda-sustentable\/"]}]},{"@type":"ImageObject","inLanguage":"es","@id":"https:\/\/centrourbano.com\/revista\/vivienda\/concluyen-modelo-de-vivienda-sustentable\/#primaryimage","url":"https:\/\/centrourbano.com\/revista\/wp-content\/uploads\/casasustentable1.jpg","contentUrl":"https:\/\/centrourbano.com\/revista\/wp-content\/uploads\/casasustentable1.jpg","width":1000,"height":666},{"@type":"BreadcrumbList","@id":"https:\/\/centrourbano.com\/revista\/vivienda\/concluyen-modelo-de-vivienda-sustentable\/#breadcrumb","itemListElement":[{"@type":"ListItem","position":1,"name":"Portada","item":"https:\/\/centrourbano.com\/revista\/"},{"@type":"ListItem","position":2,"name":"Concluyen modelo de vivienda sustentable"}]},{"@type":"WebSite","@id":"https:\/\/centrourbano.com\/revista\/#website","url":"https:\/\/centrourbano.com\/revista\/","name":"Centro Urbano","description":"Medio especializado en los sectores vivienda, inmobiliario, construcci\u00f3n, arquitectura y urbanismo.","publisher":{"@id":"https:\/\/centrourbano.com\/revista\/#organization"},"potentialAction":[{"@type":"SearchAction","target":{"@type":"EntryPoint","urlTemplate":"https:\/\/centrourbano.com\/revista\/?s={search_term_string}"},"query-input":{"@type":"PropertyValueSpecification","valueRequired":true,"valueName":"search_term_string"}}],"inLanguage":"es"},{"@type":"Organization","@id":"https:\/\/centrourbano.com\/revista\/#organization","name":"Centro Urbano","url":"https:\/\/centrourbano.com\/revista\/","logo":{"@type":"ImageObject","inLanguage":"es","@id":"https:\/\/centrourbano.com\/revista\/#\/schema\/logo\/image\/","url":"https:\/\/centrourbano.com\/revista\/wp-content\/uploads\/web_CU_logo-1.png","contentUrl":"https:\/\/centrourbano.com\/revista\/wp-content\/uploads\/web_CU_logo-1.png","width":350,"height":91,"caption":"Centro Urbano"},"image":{"@id":"https:\/\/centrourbano.com\/revista\/#\/schema\/logo\/image\/"},"sameAs":["https:\/\/www.facebook.com\/portalcentrourbano","https:\/\/x.com\/CentroUrbano","https:\/\/www.instagram.com\/centro_urbano\/","https:\/\/www.linkedin.com\/company\/centro-urbano\/","http:\/\/www.youtube.com\/user\/portalcentrourbano"]},{"@type":"Person","@id":"https:\/\/centrourbano.com\/revista\/#\/schema\/person\/680e7c50f9d6e917e416c9efdc26f996","name":"Redacci\u00f3n Centro Urbano","image":{"@type":"ImageObject","inLanguage":"es","@id":"https:\/\/secure.gravatar.com\/avatar\/15a789f894398c0f311f3a7a2ee28032bbc0483098539da66b6a045aa810bf35?s=96&d=mm&r=g","url":"https:\/\/secure.gravatar.com\/avatar\/15a789f894398c0f311f3a7a2ee28032bbc0483098539da66b6a045aa810bf35?s=96&d=mm&r=g","contentUrl":"https:\/\/secure.gravatar.com\/avatar\/15a789f894398c0f311f3a7a2ee28032bbc0483098539da66b6a045aa810bf35?s=96&d=mm&r=g","caption":"Redacci\u00f3n Centro Urbano"},"url":"https:\/\/centrourbano.com\/revista\/author\/editorial\/"}]}},"_links":{"self":[{"href":"https:\/\/centrourbano.com\/revista\/wp-json\/wp\/v2\/posts\/1975","targetHints":{"allow":["GET"]}}],"collection":[{"href":"https:\/\/centrourbano.com\/revista\/wp-json\/wp\/v2\/posts"}],"about":[{"href":"https:\/\/centrourbano.com\/revista\/wp-json\/wp\/v2\/types\/post"}],"author":[{"embeddable":true,"href":"https:\/\/centrourbano.com\/revista\/wp-json\/wp\/v2\/users\/14"}],"replies":[{"embeddable":true,"href":"https:\/\/centrourbano.com\/revista\/wp-json\/wp\/v2\/comments?post=1975"}],"version-history":[{"count":0,"href":"https:\/\/centrourbano.com\/revista\/wp-json\/wp\/v2\/posts\/1975\/revisions"}],"wp:featuredmedia":[{"embeddable":true,"href":"https:\/\/centrourbano.com\/revista\/wp-json\/wp\/v2\/media\/16804"}],"wp:attachment":[{"href":"https:\/\/centrourbano.com\/revista\/wp-json\/wp\/v2\/media?parent=1975"}],"wp:term":[{"taxonomy":"category","embeddable":true,"href":"https:\/\/centrourbano.com\/revista\/wp-json\/wp\/v2\/categories?post=1975"},{"taxonomy":"post_tag","embeddable":true,"href":"https:\/\/centrourbano.com\/revista\/wp-json\/wp\/v2\/tags?post=1975"}],"curies":[{"name":"wp","href":"https:\/\/api.w.org\/{rel}","templated":true}]}}