{"id":19621,"date":"2015-06-08T13:36:48","date_gmt":"2015-06-08T18:36:48","guid":{"rendered":"http:\/\/centrourbano.com\/?p=19621"},"modified":"2015-06-08T13:36:48","modified_gmt":"2015-06-08T18:36:48","slug":"concluye-con-coctel-el-encuentro-de-negocios-mexico-espana","status":"publish","type":"post","link":"https:\/\/centrourbano.com\/revista\/actualidad\/concluye-con-coctel-el-encuentro-de-negocios-mexico-espana\/","title":{"rendered":"Concluye con coctel el Encuentro de Negocios M\u00e9xico &#8211; Espa\u00f1a"},"content":{"rendered":"<p><em>La Embajadora Roberta Lajous recibi\u00f3 a la delegaci\u00f3n mexicana\u00a0<\/em><!--more--><\/p>\n<p>Como cierre del Encuentro de Negocios M\u00e9xico Espa\u00f1a, se celebr\u00f3 un coctel en la Residencia Oficial de la Embajadora de M\u00e9xico en Espa\u00f1a, Do\u00f1a Roberta Lajous Vargas, quien recibi\u00f3 a la delegaci\u00f3n mexicana e invitados del mercado espa\u00f1ol.<\/p>\n<p>Entre los funcionarios y empresarios mexicanos que estuvieron presentes en el evento destaca la presencia de Paloma Silva de Anzorena, directora general de la Conavi; Jaime Alverde Losada, presidente de la Asociaci\u00f3n de Desarrolladores Inmobiliarios; Jes\u00fas Sandoval, director general de Ruba; Jos\u00e9 \u00c1ngel Borbolla, director general de Tinsa M\u00e9xico; Guillermo Jaime, presidente de Convives; Alejandro Vargas, director general de Esphabit; Mario Marqu\u00e9s, director general de Valuaci\u00f3n Organizada; Eduardo Viesca, Managing Director de Alsis Founds, entre otros.<\/p>\n<p>Por la parte espa\u00f1ola asistieron, Alfonso Vegara, presidente de Fundaci\u00f3n Metr\u00f3poli; Alberto Pulido Rica, Director Negocio Hipotecario de Santander; entre otras personalidades.<\/p>\n<p>Los invitados disfrutaron de la hospitalidad de la embajadora, adem\u00e1s de degustar con todos los asistentes al evento.<\/p>\n<p>Los participantes tuvieron la oportunidad de platicar de los diversos proyectos que realizan en M\u00e9xico y de c\u00f3mo este tipo de encuentros generan no s\u00f3lo una nueva visi\u00f3n de negocios para M\u00e9xico, sino tambi\u00e9n de las distintas oportunidades que se tienen en M\u00e9xico en el sector vivienda e inmobiliario.<\/p>\n<p>&nbsp;<\/p>\n<p>&nbsp;<\/p>\n","protected":false},"excerpt":{"rendered":"<p>La Embajadora Roberta Lajous recibi\u00f3 a la delegaci\u00f3n mexicana\u00a0<\/p>\n","protected":false},"author":26,"featured_media":19622,"comment_status":"open","ping_status":"closed","sticky":false,"template":"","format":"standard","meta":{"om_disable_all_campaigns":false,"inline_featured_image":false,"_monsterinsights_skip_tracking":false,"_monsterinsights_sitenote_active":false,"_monsterinsights_sitenote_note":"","_monsterinsights_sitenote_category":0,"footnotes":""},"categories":[80],"tags":[5090,46,334,5323,1529],"class_list":["post-19621","post","type-post","status-publish","format-standard","has-post-thumbnail","hentry","category-actualidad","tag-embajada","tag-espana","tag-mexico","tag-roberta-lajous-vargas","tag-sima"],"yoast_head":"<!-- This site is optimized with the Yoast SEO plugin v27.4 - https:\/\/yoast.com\/product\/yoast-seo-wordpress\/ -->\n<title>Concluye con coctel el Encuentro de Negocios M\u00e9xico - Espa\u00f1a -<\/title>\n<meta name=\"description\" content=\"La Embajadora Roberta Lajous recibi\u00f3 a la delegaci\u00f3n mexicana\u00a0 Como cierre del Encuentro de Negocios M\u00e9xico Espa\u00f1a, se celebr\u00f3 un coctel en la Residencia\" \/>\n<meta name=\"robots\" content=\"index, follow, max-snippet:-1, max-image-preview:large, max-video-preview:-1\" \/>\n<link rel=\"canonical\" href=\"https:\/\/centrourbano.com\/revista\/actualidad\/concluye-con-coctel-el-encuentro-de-negocios-mexico-espana\/\" \/>\n<meta property=\"og:locale\" content=\"es_ES\" \/>\n<meta property=\"og:type\" content=\"article\" \/>\n<meta property=\"og:title\" content=\"Concluye con coctel el Encuentro de Negocios M\u00e9xico - Espa\u00f1a -\" \/>\n<meta property=\"og:description\" content=\"La Embajadora Roberta Lajous recibi\u00f3 a la delegaci\u00f3n mexicana\u00a0 Como cierre del Encuentro de Negocios M\u00e9xico Espa\u00f1a, se celebr\u00f3 un coctel en la Residencia\" \/>\n<meta property=\"og:url\" content=\"https:\/\/centrourbano.com\/revista\/actualidad\/concluye-con-coctel-el-encuentro-de-negocios-mexico-espana\/\" \/>\n<meta property=\"og:site_name\" content=\"Centro Urbano\" \/>\n<meta property=\"article:publisher\" content=\"https:\/\/www.facebook.com\/portalcentrourbano\" \/>\n<meta property=\"article:published_time\" content=\"2015-06-08T18:36:48+00:00\" \/>\n<meta property=\"og:image\" content=\"https:\/\/centrourbano.com\/revista\/wp-content\/uploads\/Foto-coctel-embajadora_ok.jpg\" \/>\n\t<meta property=\"og:image:width\" content=\"800\" \/>\n\t<meta property=\"og:image:height\" content=\"600\" \/>\n\t<meta property=\"og:image:type\" content=\"image\/jpeg\" \/>\n<meta name=\"author\" content=\"Maribel Mat\u00edas\" \/>\n<meta name=\"twitter:card\" content=\"summary_large_image\" \/>\n<meta name=\"twitter:creator\" content=\"@CentroUrbano\" \/>\n<meta name=\"twitter:site\" content=\"@CentroUrbano\" \/>\n<meta name=\"twitter:label1\" content=\"Escrito por\" \/>\n\t<meta name=\"twitter:data1\" content=\"Maribel Mat\u00edas\" \/>\n\t<meta name=\"twitter:label2\" content=\"Tiempo de lectura\" \/>\n\t<meta name=\"twitter:data2\" content=\"1 minuto\" \/>\n<script type=\"application\/ld+json\" class=\"yoast-schema-graph\">{\"@context\":\"https:\\\/\\\/schema.org\",\"@graph\":[{\"@type\":\"Article\",\"@id\":\"https:\\\/\\\/centrourbano.com\\\/revista\\\/actualidad\\\/concluye-con-coctel-el-encuentro-de-negocios-mexico-espana\\\/#article\",\"isPartOf\":{\"@id\":\"https:\\\/\\\/centrourbano.com\\\/revista\\\/actualidad\\\/concluye-con-coctel-el-encuentro-de-negocios-mexico-espana\\\/\"},\"author\":{\"name\":\"Maribel Mat\u00edas\",\"@id\":\"https:\\\/\\\/centrourbano.com\\\/revista\\\/#\\\/schema\\\/person\\\/a047562143967f163bb12c820d0dc644\"},\"headline\":\"Concluye con coctel el Encuentro de Negocios M\u00e9xico &#8211; Espa\u00f1a\",\"datePublished\":\"2015-06-08T18:36:48+00:00\",\"mainEntityOfPage\":{\"@id\":\"https:\\\/\\\/centrourbano.com\\\/revista\\\/actualidad\\\/concluye-con-coctel-el-encuentro-de-negocios-mexico-espana\\\/\"},\"wordCount\":250,\"commentCount\":0,\"publisher\":{\"@id\":\"https:\\\/\\\/centrourbano.com\\\/revista\\\/#organization\"},\"image\":{\"@id\":\"https:\\\/\\\/centrourbano.com\\\/revista\\\/actualidad\\\/concluye-con-coctel-el-encuentro-de-negocios-mexico-espana\\\/#primaryimage\"},\"thumbnailUrl\":\"https:\\\/\\\/centrourbano.com\\\/revista\\\/wp-content\\\/uploads\\\/Foto-coctel-embajadora_ok.jpg\",\"keywords\":[\"embajada\",\"Espa\u00f1a\",\"M\u00e9xico\",\"Roberta Lajous Vargas\",\"SIMA\"],\"articleSection\":[\"Actualidad\"],\"inLanguage\":\"es\",\"potentialAction\":[{\"@type\":\"CommentAction\",\"name\":\"Comment\",\"target\":[\"https:\\\/\\\/centrourbano.com\\\/revista\\\/actualidad\\\/concluye-con-coctel-el-encuentro-de-negocios-mexico-espana\\\/#respond\"]}]},{\"@type\":\"WebPage\",\"@id\":\"https:\\\/\\\/centrourbano.com\\\/revista\\\/actualidad\\\/concluye-con-coctel-el-encuentro-de-negocios-mexico-espana\\\/\",\"url\":\"https:\\\/\\\/centrourbano.com\\\/revista\\\/actualidad\\\/concluye-con-coctel-el-encuentro-de-negocios-mexico-espana\\\/\",\"name\":\"Concluye con coctel el Encuentro de Negocios M\u00e9xico - Espa\u00f1a -\",\"isPartOf\":{\"@id\":\"https:\\\/\\\/centrourbano.com\\\/revista\\\/#website\"},\"primaryImageOfPage\":{\"@id\":\"https:\\\/\\\/centrourbano.com\\\/revista\\\/actualidad\\\/concluye-con-coctel-el-encuentro-de-negocios-mexico-espana\\\/#primaryimage\"},\"image\":{\"@id\":\"https:\\\/\\\/centrourbano.com\\\/revista\\\/actualidad\\\/concluye-con-coctel-el-encuentro-de-negocios-mexico-espana\\\/#primaryimage\"},\"thumbnailUrl\":\"https:\\\/\\\/centrourbano.com\\\/revista\\\/wp-content\\\/uploads\\\/Foto-coctel-embajadora_ok.jpg\",\"datePublished\":\"2015-06-08T18:36:48+00:00\",\"description\":\"La Embajadora Roberta Lajous recibi\u00f3 a la delegaci\u00f3n mexicana\u00a0 Como cierre del Encuentro de Negocios M\u00e9xico Espa\u00f1a, se celebr\u00f3 un coctel en la Residencia\",\"breadcrumb\":{\"@id\":\"https:\\\/\\\/centrourbano.com\\\/revista\\\/actualidad\\\/concluye-con-coctel-el-encuentro-de-negocios-mexico-espana\\\/#breadcrumb\"},\"inLanguage\":\"es\",\"potentialAction\":[{\"@type\":\"ReadAction\",\"target\":[\"https:\\\/\\\/centrourbano.com\\\/revista\\\/actualidad\\\/concluye-con-coctel-el-encuentro-de-negocios-mexico-espana\\\/\"]}]},{\"@type\":\"ImageObject\",\"inLanguage\":\"es\",\"@id\":\"https:\\\/\\\/centrourbano.com\\\/revista\\\/actualidad\\\/concluye-con-coctel-el-encuentro-de-negocios-mexico-espana\\\/#primaryimage\",\"url\":\"https:\\\/\\\/centrourbano.com\\\/revista\\\/wp-content\\\/uploads\\\/Foto-coctel-embajadora_ok.jpg\",\"contentUrl\":\"https:\\\/\\\/centrourbano.com\\\/revista\\\/wp-content\\\/uploads\\\/Foto-coctel-embajadora_ok.jpg\",\"width\":800,\"height\":600},{\"@type\":\"BreadcrumbList\",\"@id\":\"https:\\\/\\\/centrourbano.com\\\/revista\\\/actualidad\\\/concluye-con-coctel-el-encuentro-de-negocios-mexico-espana\\\/#breadcrumb\",\"itemListElement\":[{\"@type\":\"ListItem\",\"position\":1,\"name\":\"Portada\",\"item\":\"https:\\\/\\\/centrourbano.com\\\/revista\\\/\"},{\"@type\":\"ListItem\",\"position\":2,\"name\":\"Concluye con coctel el Encuentro de Negocios M\u00e9xico &#8211; Espa\u00f1a\"}]},{\"@type\":\"WebSite\",\"@id\":\"https:\\\/\\\/centrourbano.com\\\/revista\\\/#website\",\"url\":\"https:\\\/\\\/centrourbano.com\\\/revista\\\/\",\"name\":\"Centro Urbano\",\"description\":\"Medio especializado en los sectores vivienda, inmobiliario, construcci\u00f3n, arquitectura y urbanismo.\",\"publisher\":{\"@id\":\"https:\\\/\\\/centrourbano.com\\\/revista\\\/#organization\"},\"potentialAction\":[{\"@type\":\"SearchAction\",\"target\":{\"@type\":\"EntryPoint\",\"urlTemplate\":\"https:\\\/\\\/centrourbano.com\\\/revista\\\/?s={search_term_string}\"},\"query-input\":{\"@type\":\"PropertyValueSpecification\",\"valueRequired\":true,\"valueName\":\"search_term_string\"}}],\"inLanguage\":\"es\"},{\"@type\":\"Organization\",\"@id\":\"https:\\\/\\\/centrourbano.com\\\/revista\\\/#organization\",\"name\":\"Centro Urbano\",\"url\":\"https:\\\/\\\/centrourbano.com\\\/revista\\\/\",\"logo\":{\"@type\":\"ImageObject\",\"inLanguage\":\"es\",\"@id\":\"https:\\\/\\\/centrourbano.com\\\/revista\\\/#\\\/schema\\\/logo\\\/image\\\/\",\"url\":\"https:\\\/\\\/centrourbano.com\\\/revista\\\/wp-content\\\/uploads\\\/web_CU_logo-1.png\",\"contentUrl\":\"https:\\\/\\\/centrourbano.com\\\/revista\\\/wp-content\\\/uploads\\\/web_CU_logo-1.png\",\"width\":350,\"height\":91,\"caption\":\"Centro Urbano\"},\"image\":{\"@id\":\"https:\\\/\\\/centrourbano.com\\\/revista\\\/#\\\/schema\\\/logo\\\/image\\\/\"},\"sameAs\":[\"https:\\\/\\\/www.facebook.com\\\/portalcentrourbano\",\"https:\\\/\\\/x.com\\\/CentroUrbano\",\"https:\\\/\\\/www.instagram.com\\\/centro_urbano\\\/\",\"https:\\\/\\\/www.linkedin.com\\\/company\\\/centro-urbano\\\/\",\"http:\\\/\\\/www.youtube.com\\\/user\\\/portalcentrourbano\"]},{\"@type\":\"Person\",\"@id\":\"https:\\\/\\\/centrourbano.com\\\/revista\\\/#\\\/schema\\\/person\\\/a047562143967f163bb12c820d0dc644\",\"name\":\"Maribel Mat\u00edas\",\"image\":{\"@type\":\"ImageObject\",\"inLanguage\":\"es\",\"@id\":\"https:\\\/\\\/secure.gravatar.com\\\/avatar\\\/74aa50b11992e5a88d61272f60392cf75c122d4460728fe49b70f9be27aa721e?s=96&d=mm&r=g\",\"url\":\"https:\\\/\\\/secure.gravatar.com\\\/avatar\\\/74aa50b11992e5a88d61272f60392cf75c122d4460728fe49b70f9be27aa721e?s=96&d=mm&r=g\",\"contentUrl\":\"https:\\\/\\\/secure.gravatar.com\\\/avatar\\\/74aa50b11992e5a88d61272f60392cf75c122d4460728fe49b70f9be27aa721e?s=96&d=mm&r=g\",\"caption\":\"Maribel Mat\u00edas\"},\"url\":\"https:\\\/\\\/centrourbano.com\\\/revista\\\/author\\\/maribel-matias\\\/\"}]}<\/script>\n<!-- \/ Yoast SEO plugin. -->","yoast_head_json":{"title":"Concluye con coctel el Encuentro de Negocios M\u00e9xico - Espa\u00f1a -","description":"La Embajadora Roberta Lajous recibi\u00f3 a la delegaci\u00f3n mexicana\u00a0 Como cierre del Encuentro de Negocios M\u00e9xico Espa\u00f1a, se celebr\u00f3 un coctel en la Residencia","robots":{"index":"index","follow":"follow","max-snippet":"max-snippet:-1","max-image-preview":"max-image-preview:large","max-video-preview":"max-video-preview:-1"},"canonical":"https:\/\/centrourbano.com\/revista\/actualidad\/concluye-con-coctel-el-encuentro-de-negocios-mexico-espana\/","og_locale":"es_ES","og_type":"article","og_title":"Concluye con coctel el Encuentro de Negocios M\u00e9xico - Espa\u00f1a -","og_description":"La Embajadora Roberta Lajous recibi\u00f3 a la delegaci\u00f3n mexicana\u00a0 Como cierre del Encuentro de Negocios M\u00e9xico Espa\u00f1a, se celebr\u00f3 un coctel en la Residencia","og_url":"https:\/\/centrourbano.com\/revista\/actualidad\/concluye-con-coctel-el-encuentro-de-negocios-mexico-espana\/","og_site_name":"Centro Urbano","article_publisher":"https:\/\/www.facebook.com\/portalcentrourbano","article_published_time":"2015-06-08T18:36:48+00:00","og_image":[{"width":800,"height":600,"url":"https:\/\/centrourbano.com\/revista\/wp-content\/uploads\/Foto-coctel-embajadora_ok.jpg","type":"image\/jpeg"}],"author":"Maribel Mat\u00edas","twitter_card":"summary_large_image","twitter_creator":"@CentroUrbano","twitter_site":"@CentroUrbano","twitter_misc":{"Escrito por":"Maribel Mat\u00edas","Tiempo de lectura":"1 minuto"},"schema":{"@context":"https:\/\/schema.org","@graph":[{"@type":"Article","@id":"https:\/\/centrourbano.com\/revista\/actualidad\/concluye-con-coctel-el-encuentro-de-negocios-mexico-espana\/#article","isPartOf":{"@id":"https:\/\/centrourbano.com\/revista\/actualidad\/concluye-con-coctel-el-encuentro-de-negocios-mexico-espana\/"},"author":{"name":"Maribel Mat\u00edas","@id":"https:\/\/centrourbano.com\/revista\/#\/schema\/person\/a047562143967f163bb12c820d0dc644"},"headline":"Concluye con coctel el Encuentro de Negocios M\u00e9xico &#8211; Espa\u00f1a","datePublished":"2015-06-08T18:36:48+00:00","mainEntityOfPage":{"@id":"https:\/\/centrourbano.com\/revista\/actualidad\/concluye-con-coctel-el-encuentro-de-negocios-mexico-espana\/"},"wordCount":250,"commentCount":0,"publisher":{"@id":"https:\/\/centrourbano.com\/revista\/#organization"},"image":{"@id":"https:\/\/centrourbano.com\/revista\/actualidad\/concluye-con-coctel-el-encuentro-de-negocios-mexico-espana\/#primaryimage"},"thumbnailUrl":"https:\/\/centrourbano.com\/revista\/wp-content\/uploads\/Foto-coctel-embajadora_ok.jpg","keywords":["embajada","Espa\u00f1a","M\u00e9xico","Roberta Lajous Vargas","SIMA"],"articleSection":["Actualidad"],"inLanguage":"es","potentialAction":[{"@type":"CommentAction","name":"Comment","target":["https:\/\/centrourbano.com\/revista\/actualidad\/concluye-con-coctel-el-encuentro-de-negocios-mexico-espana\/#respond"]}]},{"@type":"WebPage","@id":"https:\/\/centrourbano.com\/revista\/actualidad\/concluye-con-coctel-el-encuentro-de-negocios-mexico-espana\/","url":"https:\/\/centrourbano.com\/revista\/actualidad\/concluye-con-coctel-el-encuentro-de-negocios-mexico-espana\/","name":"Concluye con coctel el Encuentro de Negocios M\u00e9xico - Espa\u00f1a -","isPartOf":{"@id":"https:\/\/centrourbano.com\/revista\/#website"},"primaryImageOfPage":{"@id":"https:\/\/centrourbano.com\/revista\/actualidad\/concluye-con-coctel-el-encuentro-de-negocios-mexico-espana\/#primaryimage"},"image":{"@id":"https:\/\/centrourbano.com\/revista\/actualidad\/concluye-con-coctel-el-encuentro-de-negocios-mexico-espana\/#primaryimage"},"thumbnailUrl":"https:\/\/centrourbano.com\/revista\/wp-content\/uploads\/Foto-coctel-embajadora_ok.jpg","datePublished":"2015-06-08T18:36:48+00:00","description":"La Embajadora Roberta Lajous recibi\u00f3 a la delegaci\u00f3n mexicana\u00a0 Como cierre del Encuentro de Negocios M\u00e9xico Espa\u00f1a, se celebr\u00f3 un coctel en la Residencia","breadcrumb":{"@id":"https:\/\/centrourbano.com\/revista\/actualidad\/concluye-con-coctel-el-encuentro-de-negocios-mexico-espana\/#breadcrumb"},"inLanguage":"es","potentialAction":[{"@type":"ReadAction","target":["https:\/\/centrourbano.com\/revista\/actualidad\/concluye-con-coctel-el-encuentro-de-negocios-mexico-espana\/"]}]},{"@type":"ImageObject","inLanguage":"es","@id":"https:\/\/centrourbano.com\/revista\/actualidad\/concluye-con-coctel-el-encuentro-de-negocios-mexico-espana\/#primaryimage","url":"https:\/\/centrourbano.com\/revista\/wp-content\/uploads\/Foto-coctel-embajadora_ok.jpg","contentUrl":"https:\/\/centrourbano.com\/revista\/wp-content\/uploads\/Foto-coctel-embajadora_ok.jpg","width":800,"height":600},{"@type":"BreadcrumbList","@id":"https:\/\/centrourbano.com\/revista\/actualidad\/concluye-con-coctel-el-encuentro-de-negocios-mexico-espana\/#breadcrumb","itemListElement":[{"@type":"ListItem","position":1,"name":"Portada","item":"https:\/\/centrourbano.com\/revista\/"},{"@type":"ListItem","position":2,"name":"Concluye con coctel el Encuentro de Negocios M\u00e9xico &#8211; Espa\u00f1a"}]},{"@type":"WebSite","@id":"https:\/\/centrourbano.com\/revista\/#website","url":"https:\/\/centrourbano.com\/revista\/","name":"Centro Urbano","description":"Medio especializado en los sectores vivienda, inmobiliario, construcci\u00f3n, arquitectura y urbanismo.","publisher":{"@id":"https:\/\/centrourbano.com\/revista\/#organization"},"potentialAction":[{"@type":"SearchAction","target":{"@type":"EntryPoint","urlTemplate":"https:\/\/centrourbano.com\/revista\/?s={search_term_string}"},"query-input":{"@type":"PropertyValueSpecification","valueRequired":true,"valueName":"search_term_string"}}],"inLanguage":"es"},{"@type":"Organization","@id":"https:\/\/centrourbano.com\/revista\/#organization","name":"Centro Urbano","url":"https:\/\/centrourbano.com\/revista\/","logo":{"@type":"ImageObject","inLanguage":"es","@id":"https:\/\/centrourbano.com\/revista\/#\/schema\/logo\/image\/","url":"https:\/\/centrourbano.com\/revista\/wp-content\/uploads\/web_CU_logo-1.png","contentUrl":"https:\/\/centrourbano.com\/revista\/wp-content\/uploads\/web_CU_logo-1.png","width":350,"height":91,"caption":"Centro Urbano"},"image":{"@id":"https:\/\/centrourbano.com\/revista\/#\/schema\/logo\/image\/"},"sameAs":["https:\/\/www.facebook.com\/portalcentrourbano","https:\/\/x.com\/CentroUrbano","https:\/\/www.instagram.com\/centro_urbano\/","https:\/\/www.linkedin.com\/company\/centro-urbano\/","http:\/\/www.youtube.com\/user\/portalcentrourbano"]},{"@type":"Person","@id":"https:\/\/centrourbano.com\/revista\/#\/schema\/person\/a047562143967f163bb12c820d0dc644","name":"Maribel Mat\u00edas","image":{"@type":"ImageObject","inLanguage":"es","@id":"https:\/\/secure.gravatar.com\/avatar\/74aa50b11992e5a88d61272f60392cf75c122d4460728fe49b70f9be27aa721e?s=96&d=mm&r=g","url":"https:\/\/secure.gravatar.com\/avatar\/74aa50b11992e5a88d61272f60392cf75c122d4460728fe49b70f9be27aa721e?s=96&d=mm&r=g","contentUrl":"https:\/\/secure.gravatar.com\/avatar\/74aa50b11992e5a88d61272f60392cf75c122d4460728fe49b70f9be27aa721e?s=96&d=mm&r=g","caption":"Maribel Mat\u00edas"},"url":"https:\/\/centrourbano.com\/revista\/author\/maribel-matias\/"}]}},"_links":{"self":[{"href":"https:\/\/centrourbano.com\/revista\/wp-json\/wp\/v2\/posts\/19621","targetHints":{"allow":["GET"]}}],"collection":[{"href":"https:\/\/centrourbano.com\/revista\/wp-json\/wp\/v2\/posts"}],"about":[{"href":"https:\/\/centrourbano.com\/revista\/wp-json\/wp\/v2\/types\/post"}],"author":[{"embeddable":true,"href":"https:\/\/centrourbano.com\/revista\/wp-json\/wp\/v2\/users\/26"}],"replies":[{"embeddable":true,"href":"https:\/\/centrourbano.com\/revista\/wp-json\/wp\/v2\/comments?post=19621"}],"version-history":[{"count":0,"href":"https:\/\/centrourbano.com\/revista\/wp-json\/wp\/v2\/posts\/19621\/revisions"}],"wp:featuredmedia":[{"embeddable":true,"href":"https:\/\/centrourbano.com\/revista\/wp-json\/wp\/v2\/media\/19622"}],"wp:attachment":[{"href":"https:\/\/centrourbano.com\/revista\/wp-json\/wp\/v2\/media?parent=19621"}],"wp:term":[{"taxonomy":"category","embeddable":true,"href":"https:\/\/centrourbano.com\/revista\/wp-json\/wp\/v2\/categories?post=19621"},{"taxonomy":"post_tag","embeddable":true,"href":"https:\/\/centrourbano.com\/revista\/wp-json\/wp\/v2\/tags?post=19621"}],"curies":[{"name":"wp","href":"https:\/\/api.w.org\/{rel}","templated":true}]}}