{"id":19620,"date":"2015-06-08T11:00:56","date_gmt":"2015-06-08T16:00:56","guid":{"rendered":"http:\/\/centrourbano.com\/?p=19620"},"modified":"2015-06-08T13:40:38","modified_gmt":"2015-06-08T18:40:38","slug":"se-inaugura-pabellon-de-mexico-en-salon-inmobiliario-de-madrid-2015","status":"publish","type":"post","link":"https:\/\/centrourbano.com\/revista\/vivienda\/se-inaugura-pabellon-de-mexico-en-salon-inmobiliario-de-madrid-2015\/","title":{"rendered":"Se inaugura pabell\u00f3n de M\u00e9xico en Sal\u00f3n Inmobiliario de Madrid 2015"},"content":{"rendered":"<p>&nbsp;<\/p>\n<p><em>M\u00e9xico destac\u00f3 como pa\u00eds invitado, se habl\u00f3 de la labor que realiza cada uno de los organismos de vivienda del pa\u00eds<\/em><!--more--><\/p>\n<p>&nbsp;<\/p>\n<p>En esta edici\u00f3n de Sima 2015, M\u00e9xico fue el pa\u00eds invitado, con el tema M\u00e9xico, Destino de Inversi\u00f3n, como parte de la presencia de nuestro pa\u00eds en el evento hubo un pabell\u00f3n para esta promoci\u00f3n.<\/p>\n<p>La inauguraci\u00f3n del Sal\u00f3n Inmobiliario fue presidida por Ana Pastor, ministra de Fomento de Espa\u00f1a, Ana Botella, alcaldesa de Madrid y Paloma Silva de Anzorena, directora general de la Comisi\u00f3n Nacional de Vivienda en M\u00e9xico.<\/p>\n<p>Por su parte, la inauguraci\u00f3n del pabell\u00f3n de M\u00e9xico estuvo a cargo de Paloma Silva de, directora general de la Comisi\u00f3n Nacional de Vivienda; Roberta Lajous Vargas, embajadora de M\u00e9xico en Espa\u00f1a y Fernando Abusaid, presidente de la C\u00e1mara Nacional de Vivienda (Canadevi) acompa\u00f1ados de Jos\u00e9 Reyes Baeza, vocal ejecutivo de Fovissste, Jes\u00fas Cano V\u00e9lez, director general de Sociedad Hipotecaria Federal, Alejandro Murat Hinojosa, director general del Infonavit y asociaciones y empresarios del sector.<\/p>\n<p>Durante el corte de list\u00f3n Paloma Silva hablo sobre la labor que est\u00e1n realizando cada uno de los organismos de vivienda.<\/p>\n<p>\u201cSociedad Hipotecaria Federal est\u00e1 haciendo una labor important\u00edsima para tener el financiamiento contin\u00fao que necesitan los desarrolladores; Fovissste con los diferentes productos que maneja para los trabajadores al servicio del estado y, en el caso del Infonavit, la transformaci\u00f3n que hizo de salarios m\u00ednimos a pesos, es la instituci\u00f3n donde se siguen generando el mayor n\u00famero de cr\u00e9ditos hipotecarios, todo esto ha hecho que la industria prospere\u201d, coment\u00f3.<\/p>\n<p>Resalt\u00f3 que este tipo de acciones han colaborado para que M\u00e9xico sea considerado como pa\u00eds invitado a eventos de esta magnitud, adem\u00e1s de que es una excelente oportunidad para crear grandes lazos.<\/p>\n<p>\u201cAdem\u00e1s con la presencia de la embajadora quien promueve muy bien todos los temas de M\u00e9xico apoyada por Pro M\u00e9xico que tambi\u00e9n nos ayuda a trav\u00e9s de la embajada\u201d, finaliz\u00f3.<\/p>\n<p>Silva agreg\u00f3 que las desarrolladoras de vivienda en M\u00e9xico han mostrado buenos indicadores y expres\u00f3 su reconocimiento a los empresarios presentes en el evento.<\/p>\n<p>Por su parte, la embajadora de M\u00e9xico en Espa\u00f1a, Roberta Lajous Vargas expres\u00f3 el gusto que le dio ver nuevamente a la delegaci\u00f3n mexicana en el Sal\u00f3n Inmobiliario de Madrid.<\/p>\n<p>Fernando Abusaid dijo \u201cquiero agradecer el apoyo de Conavi, Infonavit y Fovissste y la confianza de los desarrolladores, agradezco tambi\u00e9n la asistencia de nuestros directores y de los profesionales inmobiliarios que nos acompa\u00f1an\u201d.<\/p>\n<p>Durante los cuatro d\u00edas que dur\u00f3 la exposici\u00f3n, en el pabell\u00f3n se recibieron a empresarios y brokers interesados en realizar inversiones en M\u00e9xico, as\u00ed como empresas que buscan que nuestro pa\u00eds invierta en proyectos en Espa\u00f1a.<\/p>\n","protected":false},"excerpt":{"rendered":"<p>&nbsp; M\u00e9xico destac\u00f3 como pa\u00eds invitado, se habl\u00f3 de la labor que realiza cada uno de los organismos de vivienda del pa\u00eds<\/p>\n","protected":false},"author":26,"featured_media":19626,"comment_status":"open","ping_status":"closed","sticky":false,"template":"","format":"standard","meta":{"om_disable_all_campaigns":false,"inline_featured_image":false,"_monsterinsights_skip_tracking":false,"_monsterinsights_sitenote_active":false,"_monsterinsights_sitenote_note":"","_monsterinsights_sitenote_category":0,"footnotes":""},"categories":[12],"tags":[99,376,46,155,100,334,1765],"class_list":["post-19620","post","type-post","status-publish","format-standard","has-post-thumbnail","hentry","category-vivienda","tag-canadevi","tag-conavi","tag-espana","tag-fovissste","tag-infonavit","tag-mexico","tag-sima-2015"],"yoast_head":"<!-- This site is optimized with the Yoast SEO plugin v27.4 - https:\/\/yoast.com\/product\/yoast-seo-wordpress\/ -->\n<title>Se inaugura pabell\u00f3n de M\u00e9xico en Sal\u00f3n Inmobiliario de Madrid 2015 -<\/title>\n<meta name=\"description\" content=\"&nbsp; M\u00e9xico destac\u00f3 como pa\u00eds invitado, se habl\u00f3 de la labor que realiza cada uno de los organismos de vivienda del pa\u00eds &nbsp; En esta edici\u00f3n de Sima\" \/>\n<meta name=\"robots\" content=\"index, follow, max-snippet:-1, max-image-preview:large, max-video-preview:-1\" \/>\n<link rel=\"canonical\" href=\"https:\/\/centrourbano.com\/revista\/vivienda\/se-inaugura-pabellon-de-mexico-en-salon-inmobiliario-de-madrid-2015\/\" \/>\n<meta property=\"og:locale\" content=\"es_ES\" \/>\n<meta property=\"og:type\" content=\"article\" \/>\n<meta property=\"og:title\" content=\"Se inaugura pabell\u00f3n de M\u00e9xico en Sal\u00f3n Inmobiliario de Madrid 2015 -\" \/>\n<meta property=\"og:description\" content=\"&nbsp; M\u00e9xico destac\u00f3 como pa\u00eds invitado, se habl\u00f3 de la labor que realiza cada uno de los organismos de vivienda del pa\u00eds &nbsp; En esta edici\u00f3n de Sima\" \/>\n<meta property=\"og:url\" content=\"https:\/\/centrourbano.com\/revista\/vivienda\/se-inaugura-pabellon-de-mexico-en-salon-inmobiliario-de-madrid-2015\/\" \/>\n<meta property=\"og:site_name\" content=\"Centro Urbano\" \/>\n<meta property=\"article:publisher\" content=\"https:\/\/www.facebook.com\/portalcentrourbano\" \/>\n<meta property=\"article:published_time\" content=\"2015-06-08T16:00:56+00:00\" \/>\n<meta property=\"article:modified_time\" content=\"2015-06-08T18:40:38+00:00\" \/>\n<meta property=\"og:image\" content=\"https:\/\/centrourbano.com\/revista\/wp-content\/uploads\/Inauguraci\u00f3n-Stand.jpg\" \/>\n\t<meta property=\"og:image:width\" content=\"800\" \/>\n\t<meta property=\"og:image:height\" content=\"600\" \/>\n\t<meta property=\"og:image:type\" content=\"image\/jpeg\" \/>\n<meta name=\"author\" content=\"Maribel Mat\u00edas\" \/>\n<meta name=\"twitter:card\" content=\"summary_large_image\" \/>\n<meta name=\"twitter:creator\" content=\"@CentroUrbano\" \/>\n<meta name=\"twitter:site\" content=\"@CentroUrbano\" \/>\n<meta name=\"twitter:label1\" content=\"Escrito por\" \/>\n\t<meta name=\"twitter:data1\" content=\"Maribel Mat\u00edas\" \/>\n\t<meta name=\"twitter:label2\" content=\"Tiempo de lectura\" \/>\n\t<meta name=\"twitter:data2\" content=\"2 minutos\" \/>\n<script type=\"application\/ld+json\" class=\"yoast-schema-graph\">{\"@context\":\"https:\\\/\\\/schema.org\",\"@graph\":[{\"@type\":\"Article\",\"@id\":\"https:\\\/\\\/centrourbano.com\\\/revista\\\/vivienda\\\/se-inaugura-pabellon-de-mexico-en-salon-inmobiliario-de-madrid-2015\\\/#article\",\"isPartOf\":{\"@id\":\"https:\\\/\\\/centrourbano.com\\\/revista\\\/vivienda\\\/se-inaugura-pabellon-de-mexico-en-salon-inmobiliario-de-madrid-2015\\\/\"},\"author\":{\"name\":\"Maribel Mat\u00edas\",\"@id\":\"https:\\\/\\\/centrourbano.com\\\/revista\\\/#\\\/schema\\\/person\\\/a047562143967f163bb12c820d0dc644\"},\"headline\":\"Se inaugura pabell\u00f3n de M\u00e9xico en Sal\u00f3n Inmobiliario de Madrid 2015\",\"datePublished\":\"2015-06-08T16:00:56+00:00\",\"dateModified\":\"2015-06-08T18:40:38+00:00\",\"mainEntityOfPage\":{\"@id\":\"https:\\\/\\\/centrourbano.com\\\/revista\\\/vivienda\\\/se-inaugura-pabellon-de-mexico-en-salon-inmobiliario-de-madrid-2015\\\/\"},\"wordCount\":509,\"commentCount\":0,\"publisher\":{\"@id\":\"https:\\\/\\\/centrourbano.com\\\/revista\\\/#organization\"},\"image\":{\"@id\":\"https:\\\/\\\/centrourbano.com\\\/revista\\\/vivienda\\\/se-inaugura-pabellon-de-mexico-en-salon-inmobiliario-de-madrid-2015\\\/#primaryimage\"},\"thumbnailUrl\":\"https:\\\/\\\/centrourbano.com\\\/revista\\\/wp-content\\\/uploads\\\/Inauguraci\u00f3n-Stand.jpg\",\"keywords\":[\"Canadevi\",\"Conavi\",\"Espa\u00f1a\",\"Fovissste\",\"Infonavit\",\"M\u00e9xico\",\"SIMA 2015\"],\"articleSection\":[\"Vivienda\"],\"inLanguage\":\"es\",\"potentialAction\":[{\"@type\":\"CommentAction\",\"name\":\"Comment\",\"target\":[\"https:\\\/\\\/centrourbano.com\\\/revista\\\/vivienda\\\/se-inaugura-pabellon-de-mexico-en-salon-inmobiliario-de-madrid-2015\\\/#respond\"]}]},{\"@type\":\"WebPage\",\"@id\":\"https:\\\/\\\/centrourbano.com\\\/revista\\\/vivienda\\\/se-inaugura-pabellon-de-mexico-en-salon-inmobiliario-de-madrid-2015\\\/\",\"url\":\"https:\\\/\\\/centrourbano.com\\\/revista\\\/vivienda\\\/se-inaugura-pabellon-de-mexico-en-salon-inmobiliario-de-madrid-2015\\\/\",\"name\":\"Se inaugura pabell\u00f3n de M\u00e9xico en Sal\u00f3n Inmobiliario de Madrid 2015 -\",\"isPartOf\":{\"@id\":\"https:\\\/\\\/centrourbano.com\\\/revista\\\/#website\"},\"primaryImageOfPage\":{\"@id\":\"https:\\\/\\\/centrourbano.com\\\/revista\\\/vivienda\\\/se-inaugura-pabellon-de-mexico-en-salon-inmobiliario-de-madrid-2015\\\/#primaryimage\"},\"image\":{\"@id\":\"https:\\\/\\\/centrourbano.com\\\/revista\\\/vivienda\\\/se-inaugura-pabellon-de-mexico-en-salon-inmobiliario-de-madrid-2015\\\/#primaryimage\"},\"thumbnailUrl\":\"https:\\\/\\\/centrourbano.com\\\/revista\\\/wp-content\\\/uploads\\\/Inauguraci\u00f3n-Stand.jpg\",\"datePublished\":\"2015-06-08T16:00:56+00:00\",\"dateModified\":\"2015-06-08T18:40:38+00:00\",\"description\":\"&nbsp; M\u00e9xico destac\u00f3 como pa\u00eds invitado, se habl\u00f3 de la labor que realiza cada uno de los organismos de vivienda del pa\u00eds &nbsp; En esta edici\u00f3n de Sima\",\"breadcrumb\":{\"@id\":\"https:\\\/\\\/centrourbano.com\\\/revista\\\/vivienda\\\/se-inaugura-pabellon-de-mexico-en-salon-inmobiliario-de-madrid-2015\\\/#breadcrumb\"},\"inLanguage\":\"es\",\"potentialAction\":[{\"@type\":\"ReadAction\",\"target\":[\"https:\\\/\\\/centrourbano.com\\\/revista\\\/vivienda\\\/se-inaugura-pabellon-de-mexico-en-salon-inmobiliario-de-madrid-2015\\\/\"]}]},{\"@type\":\"ImageObject\",\"inLanguage\":\"es\",\"@id\":\"https:\\\/\\\/centrourbano.com\\\/revista\\\/vivienda\\\/se-inaugura-pabellon-de-mexico-en-salon-inmobiliario-de-madrid-2015\\\/#primaryimage\",\"url\":\"https:\\\/\\\/centrourbano.com\\\/revista\\\/wp-content\\\/uploads\\\/Inauguraci\u00f3n-Stand.jpg\",\"contentUrl\":\"https:\\\/\\\/centrourbano.com\\\/revista\\\/wp-content\\\/uploads\\\/Inauguraci\u00f3n-Stand.jpg\",\"width\":800,\"height\":600},{\"@type\":\"BreadcrumbList\",\"@id\":\"https:\\\/\\\/centrourbano.com\\\/revista\\\/vivienda\\\/se-inaugura-pabellon-de-mexico-en-salon-inmobiliario-de-madrid-2015\\\/#breadcrumb\",\"itemListElement\":[{\"@type\":\"ListItem\",\"position\":1,\"name\":\"Portada\",\"item\":\"https:\\\/\\\/centrourbano.com\\\/revista\\\/\"},{\"@type\":\"ListItem\",\"position\":2,\"name\":\"Se inaugura pabell\u00f3n de M\u00e9xico en Sal\u00f3n Inmobiliario de Madrid 2015\"}]},{\"@type\":\"WebSite\",\"@id\":\"https:\\\/\\\/centrourbano.com\\\/revista\\\/#website\",\"url\":\"https:\\\/\\\/centrourbano.com\\\/revista\\\/\",\"name\":\"Centro Urbano\",\"description\":\"Medio especializado en los sectores vivienda, inmobiliario, construcci\u00f3n, arquitectura y urbanismo.\",\"publisher\":{\"@id\":\"https:\\\/\\\/centrourbano.com\\\/revista\\\/#organization\"},\"potentialAction\":[{\"@type\":\"SearchAction\",\"target\":{\"@type\":\"EntryPoint\",\"urlTemplate\":\"https:\\\/\\\/centrourbano.com\\\/revista\\\/?s={search_term_string}\"},\"query-input\":{\"@type\":\"PropertyValueSpecification\",\"valueRequired\":true,\"valueName\":\"search_term_string\"}}],\"inLanguage\":\"es\"},{\"@type\":\"Organization\",\"@id\":\"https:\\\/\\\/centrourbano.com\\\/revista\\\/#organization\",\"name\":\"Centro Urbano\",\"url\":\"https:\\\/\\\/centrourbano.com\\\/revista\\\/\",\"logo\":{\"@type\":\"ImageObject\",\"inLanguage\":\"es\",\"@id\":\"https:\\\/\\\/centrourbano.com\\\/revista\\\/#\\\/schema\\\/logo\\\/image\\\/\",\"url\":\"https:\\\/\\\/centrourbano.com\\\/revista\\\/wp-content\\\/uploads\\\/web_CU_logo-1.png\",\"contentUrl\":\"https:\\\/\\\/centrourbano.com\\\/revista\\\/wp-content\\\/uploads\\\/web_CU_logo-1.png\",\"width\":350,\"height\":91,\"caption\":\"Centro Urbano\"},\"image\":{\"@id\":\"https:\\\/\\\/centrourbano.com\\\/revista\\\/#\\\/schema\\\/logo\\\/image\\\/\"},\"sameAs\":[\"https:\\\/\\\/www.facebook.com\\\/portalcentrourbano\",\"https:\\\/\\\/x.com\\\/CentroUrbano\",\"https:\\\/\\\/www.instagram.com\\\/centro_urbano\\\/\",\"https:\\\/\\\/www.linkedin.com\\\/company\\\/centro-urbano\\\/\",\"http:\\\/\\\/www.youtube.com\\\/user\\\/portalcentrourbano\"]},{\"@type\":\"Person\",\"@id\":\"https:\\\/\\\/centrourbano.com\\\/revista\\\/#\\\/schema\\\/person\\\/a047562143967f163bb12c820d0dc644\",\"name\":\"Maribel Mat\u00edas\",\"image\":{\"@type\":\"ImageObject\",\"inLanguage\":\"es\",\"@id\":\"https:\\\/\\\/secure.gravatar.com\\\/avatar\\\/74aa50b11992e5a88d61272f60392cf75c122d4460728fe49b70f9be27aa721e?s=96&d=mm&r=g\",\"url\":\"https:\\\/\\\/secure.gravatar.com\\\/avatar\\\/74aa50b11992e5a88d61272f60392cf75c122d4460728fe49b70f9be27aa721e?s=96&d=mm&r=g\",\"contentUrl\":\"https:\\\/\\\/secure.gravatar.com\\\/avatar\\\/74aa50b11992e5a88d61272f60392cf75c122d4460728fe49b70f9be27aa721e?s=96&d=mm&r=g\",\"caption\":\"Maribel Mat\u00edas\"},\"url\":\"https:\\\/\\\/centrourbano.com\\\/revista\\\/author\\\/maribel-matias\\\/\"}]}<\/script>\n<!-- \/ Yoast SEO plugin. -->","yoast_head_json":{"title":"Se inaugura pabell\u00f3n de M\u00e9xico en Sal\u00f3n Inmobiliario de Madrid 2015 -","description":"&nbsp; M\u00e9xico destac\u00f3 como pa\u00eds invitado, se habl\u00f3 de la labor que realiza cada uno de los organismos de vivienda del pa\u00eds &nbsp; En esta edici\u00f3n de Sima","robots":{"index":"index","follow":"follow","max-snippet":"max-snippet:-1","max-image-preview":"max-image-preview:large","max-video-preview":"max-video-preview:-1"},"canonical":"https:\/\/centrourbano.com\/revista\/vivienda\/se-inaugura-pabellon-de-mexico-en-salon-inmobiliario-de-madrid-2015\/","og_locale":"es_ES","og_type":"article","og_title":"Se inaugura pabell\u00f3n de M\u00e9xico en Sal\u00f3n Inmobiliario de Madrid 2015 -","og_description":"&nbsp; M\u00e9xico destac\u00f3 como pa\u00eds invitado, se habl\u00f3 de la labor que realiza cada uno de los organismos de vivienda del pa\u00eds &nbsp; En esta edici\u00f3n de Sima","og_url":"https:\/\/centrourbano.com\/revista\/vivienda\/se-inaugura-pabellon-de-mexico-en-salon-inmobiliario-de-madrid-2015\/","og_site_name":"Centro Urbano","article_publisher":"https:\/\/www.facebook.com\/portalcentrourbano","article_published_time":"2015-06-08T16:00:56+00:00","article_modified_time":"2015-06-08T18:40:38+00:00","og_image":[{"width":800,"height":600,"url":"https:\/\/centrourbano.com\/revista\/wp-content\/uploads\/Inauguraci\u00f3n-Stand.jpg","type":"image\/jpeg"}],"author":"Maribel Mat\u00edas","twitter_card":"summary_large_image","twitter_creator":"@CentroUrbano","twitter_site":"@CentroUrbano","twitter_misc":{"Escrito por":"Maribel Mat\u00edas","Tiempo de lectura":"2 minutos"},"schema":{"@context":"https:\/\/schema.org","@graph":[{"@type":"Article","@id":"https:\/\/centrourbano.com\/revista\/vivienda\/se-inaugura-pabellon-de-mexico-en-salon-inmobiliario-de-madrid-2015\/#article","isPartOf":{"@id":"https:\/\/centrourbano.com\/revista\/vivienda\/se-inaugura-pabellon-de-mexico-en-salon-inmobiliario-de-madrid-2015\/"},"author":{"name":"Maribel Mat\u00edas","@id":"https:\/\/centrourbano.com\/revista\/#\/schema\/person\/a047562143967f163bb12c820d0dc644"},"headline":"Se inaugura pabell\u00f3n de M\u00e9xico en Sal\u00f3n Inmobiliario de Madrid 2015","datePublished":"2015-06-08T16:00:56+00:00","dateModified":"2015-06-08T18:40:38+00:00","mainEntityOfPage":{"@id":"https:\/\/centrourbano.com\/revista\/vivienda\/se-inaugura-pabellon-de-mexico-en-salon-inmobiliario-de-madrid-2015\/"},"wordCount":509,"commentCount":0,"publisher":{"@id":"https:\/\/centrourbano.com\/revista\/#organization"},"image":{"@id":"https:\/\/centrourbano.com\/revista\/vivienda\/se-inaugura-pabellon-de-mexico-en-salon-inmobiliario-de-madrid-2015\/#primaryimage"},"thumbnailUrl":"https:\/\/centrourbano.com\/revista\/wp-content\/uploads\/Inauguraci\u00f3n-Stand.jpg","keywords":["Canadevi","Conavi","Espa\u00f1a","Fovissste","Infonavit","M\u00e9xico","SIMA 2015"],"articleSection":["Vivienda"],"inLanguage":"es","potentialAction":[{"@type":"CommentAction","name":"Comment","target":["https:\/\/centrourbano.com\/revista\/vivienda\/se-inaugura-pabellon-de-mexico-en-salon-inmobiliario-de-madrid-2015\/#respond"]}]},{"@type":"WebPage","@id":"https:\/\/centrourbano.com\/revista\/vivienda\/se-inaugura-pabellon-de-mexico-en-salon-inmobiliario-de-madrid-2015\/","url":"https:\/\/centrourbano.com\/revista\/vivienda\/se-inaugura-pabellon-de-mexico-en-salon-inmobiliario-de-madrid-2015\/","name":"Se inaugura pabell\u00f3n de M\u00e9xico en Sal\u00f3n Inmobiliario de Madrid 2015 -","isPartOf":{"@id":"https:\/\/centrourbano.com\/revista\/#website"},"primaryImageOfPage":{"@id":"https:\/\/centrourbano.com\/revista\/vivienda\/se-inaugura-pabellon-de-mexico-en-salon-inmobiliario-de-madrid-2015\/#primaryimage"},"image":{"@id":"https:\/\/centrourbano.com\/revista\/vivienda\/se-inaugura-pabellon-de-mexico-en-salon-inmobiliario-de-madrid-2015\/#primaryimage"},"thumbnailUrl":"https:\/\/centrourbano.com\/revista\/wp-content\/uploads\/Inauguraci\u00f3n-Stand.jpg","datePublished":"2015-06-08T16:00:56+00:00","dateModified":"2015-06-08T18:40:38+00:00","description":"&nbsp; M\u00e9xico destac\u00f3 como pa\u00eds invitado, se habl\u00f3 de la labor que realiza cada uno de los organismos de vivienda del pa\u00eds &nbsp; En esta edici\u00f3n de Sima","breadcrumb":{"@id":"https:\/\/centrourbano.com\/revista\/vivienda\/se-inaugura-pabellon-de-mexico-en-salon-inmobiliario-de-madrid-2015\/#breadcrumb"},"inLanguage":"es","potentialAction":[{"@type":"ReadAction","target":["https:\/\/centrourbano.com\/revista\/vivienda\/se-inaugura-pabellon-de-mexico-en-salon-inmobiliario-de-madrid-2015\/"]}]},{"@type":"ImageObject","inLanguage":"es","@id":"https:\/\/centrourbano.com\/revista\/vivienda\/se-inaugura-pabellon-de-mexico-en-salon-inmobiliario-de-madrid-2015\/#primaryimage","url":"https:\/\/centrourbano.com\/revista\/wp-content\/uploads\/Inauguraci\u00f3n-Stand.jpg","contentUrl":"https:\/\/centrourbano.com\/revista\/wp-content\/uploads\/Inauguraci\u00f3n-Stand.jpg","width":800,"height":600},{"@type":"BreadcrumbList","@id":"https:\/\/centrourbano.com\/revista\/vivienda\/se-inaugura-pabellon-de-mexico-en-salon-inmobiliario-de-madrid-2015\/#breadcrumb","itemListElement":[{"@type":"ListItem","position":1,"name":"Portada","item":"https:\/\/centrourbano.com\/revista\/"},{"@type":"ListItem","position":2,"name":"Se inaugura pabell\u00f3n de M\u00e9xico en Sal\u00f3n Inmobiliario de Madrid 2015"}]},{"@type":"WebSite","@id":"https:\/\/centrourbano.com\/revista\/#website","url":"https:\/\/centrourbano.com\/revista\/","name":"Centro Urbano","description":"Medio especializado en los sectores vivienda, inmobiliario, construcci\u00f3n, arquitectura y urbanismo.","publisher":{"@id":"https:\/\/centrourbano.com\/revista\/#organization"},"potentialAction":[{"@type":"SearchAction","target":{"@type":"EntryPoint","urlTemplate":"https:\/\/centrourbano.com\/revista\/?s={search_term_string}"},"query-input":{"@type":"PropertyValueSpecification","valueRequired":true,"valueName":"search_term_string"}}],"inLanguage":"es"},{"@type":"Organization","@id":"https:\/\/centrourbano.com\/revista\/#organization","name":"Centro Urbano","url":"https:\/\/centrourbano.com\/revista\/","logo":{"@type":"ImageObject","inLanguage":"es","@id":"https:\/\/centrourbano.com\/revista\/#\/schema\/logo\/image\/","url":"https:\/\/centrourbano.com\/revista\/wp-content\/uploads\/web_CU_logo-1.png","contentUrl":"https:\/\/centrourbano.com\/revista\/wp-content\/uploads\/web_CU_logo-1.png","width":350,"height":91,"caption":"Centro Urbano"},"image":{"@id":"https:\/\/centrourbano.com\/revista\/#\/schema\/logo\/image\/"},"sameAs":["https:\/\/www.facebook.com\/portalcentrourbano","https:\/\/x.com\/CentroUrbano","https:\/\/www.instagram.com\/centro_urbano\/","https:\/\/www.linkedin.com\/company\/centro-urbano\/","http:\/\/www.youtube.com\/user\/portalcentrourbano"]},{"@type":"Person","@id":"https:\/\/centrourbano.com\/revista\/#\/schema\/person\/a047562143967f163bb12c820d0dc644","name":"Maribel Mat\u00edas","image":{"@type":"ImageObject","inLanguage":"es","@id":"https:\/\/secure.gravatar.com\/avatar\/74aa50b11992e5a88d61272f60392cf75c122d4460728fe49b70f9be27aa721e?s=96&d=mm&r=g","url":"https:\/\/secure.gravatar.com\/avatar\/74aa50b11992e5a88d61272f60392cf75c122d4460728fe49b70f9be27aa721e?s=96&d=mm&r=g","contentUrl":"https:\/\/secure.gravatar.com\/avatar\/74aa50b11992e5a88d61272f60392cf75c122d4460728fe49b70f9be27aa721e?s=96&d=mm&r=g","caption":"Maribel Mat\u00edas"},"url":"https:\/\/centrourbano.com\/revista\/author\/maribel-matias\/"}]}},"_links":{"self":[{"href":"https:\/\/centrourbano.com\/revista\/wp-json\/wp\/v2\/posts\/19620","targetHints":{"allow":["GET"]}}],"collection":[{"href":"https:\/\/centrourbano.com\/revista\/wp-json\/wp\/v2\/posts"}],"about":[{"href":"https:\/\/centrourbano.com\/revista\/wp-json\/wp\/v2\/types\/post"}],"author":[{"embeddable":true,"href":"https:\/\/centrourbano.com\/revista\/wp-json\/wp\/v2\/users\/26"}],"replies":[{"embeddable":true,"href":"https:\/\/centrourbano.com\/revista\/wp-json\/wp\/v2\/comments?post=19620"}],"version-history":[{"count":0,"href":"https:\/\/centrourbano.com\/revista\/wp-json\/wp\/v2\/posts\/19620\/revisions"}],"wp:featuredmedia":[{"embeddable":true,"href":"https:\/\/centrourbano.com\/revista\/wp-json\/wp\/v2\/media\/19626"}],"wp:attachment":[{"href":"https:\/\/centrourbano.com\/revista\/wp-json\/wp\/v2\/media?parent=19620"}],"wp:term":[{"taxonomy":"category","embeddable":true,"href":"https:\/\/centrourbano.com\/revista\/wp-json\/wp\/v2\/categories?post=19620"},{"taxonomy":"post_tag","embeddable":true,"href":"https:\/\/centrourbano.com\/revista\/wp-json\/wp\/v2\/tags?post=19620"}],"curies":[{"name":"wp","href":"https:\/\/api.w.org\/{rel}","templated":true}]}}