{"id":19617,"date":"2015-06-08T13:19:21","date_gmt":"2015-06-08T18:19:21","guid":{"rendered":"http:\/\/centrourbano.com\/?p=19617"},"modified":"2015-06-08T13:19:21","modified_gmt":"2015-06-08T18:19:21","slug":"se-prepara-fibra-hd-para-ingresar-a-la-bmv","status":"publish","type":"post","link":"https:\/\/centrourbano.com\/revista\/inmobiliario\/se-prepara-fibra-hd-para-ingresar-a-la-bmv\/","title":{"rendered":"Se prepara Fibra HD para ingresar a la BMV"},"content":{"rendered":"<p>&nbsp;<\/p>\n<p><em>La empresa se convertir\u00e1 en el tercer fideicomiso en entrar a la bolsa de valores este a\u00f1o<\/em><!--more--><\/p>\n<p>El Fideicomiso de Inversi\u00f3n en Bienes Ra\u00edces (Fibra) HD, est\u00e1 lista para lanzar su Oferta P\u00fablica Inicial (OPI) en la Bolsa Mexicana de Valores (BMV), con lo que se convertir\u00e1 en el d\u00e9cimo fideicomiso en ingresar a la bolsa, y se convertir\u00e1 en el primer veh\u00edculo de su tipo en llegar al mercado este a\u00f1o.<\/p>\n<p>De acuerdo con su prospecto de colocaci\u00f3n, se realizar\u00e1 una oferta p\u00fablica en M\u00e9xico por 105.75 millones de Certificados Burs\u00e1tiles Fiduciarios Inmobiliarios (CBFI), con valor de diez pesos, y con los que buscan obtener hasta mil 500 millones de pesos de los inversionistas esta semana.<\/p>\n<p>Los ejecutivos del fideicomiso, encabezados por Javier Lomel\u00edn Anaya, reconocieron que la oferta inicial es peque\u00f1a, sin embargo, esto se debe a su estrategia de crecimiento, la cual consta de tres etapas: La creaci\u00f3n del veh\u00edculo, concretando la oferta p\u00fablica; la b\u00fasqueda del incremento del tama\u00f1o de la cartera mediante rondas de suscripci\u00f3n subsecuente; y la tercera, que llegar\u00e1 en el momento en el que la Fibra haya alcanzado un tama\u00f1o adecuado para hacer una oferta internacional, con lo que se har\u00eda el primer Follow-On con escala y formato que permita una amplia participaci\u00f3n de inversionistas nacionales y extranjeros.<\/p>\n<p>\u201cFibra HD estima que se encuentra bien posicionada como un veh\u00edculo de inversi\u00f3n capaz de tomar ventajas de las oportunidades en el mercado de peque\u00f1os y medianos inmuebles en M\u00e9xico, que espera aumenten conforme la econom\u00eda mexicana vaya creciendo\u201d, destac\u00f3 el fideicomiso.<\/p>\n<p>Lomel\u00edn Ayala agreg\u00f3 que fuera de las unidades comerciales, generalmente conocidas como Fashion Malls, la mayor parte de los conjuntos comerciales en el pa\u00eds son relativamente peque\u00f1os, y constituyen el eje m\u00e1s importante del plan de negocios de la Fibra.<\/p>\n<p>La cartera inicial de Fibra HD constar\u00e1 de seis activos: Plaza Carmen Center, Plaza Las Ramblas, Plaza Lomas Verdes, el parque industrial Aeroespacial Nogales y Nuevo Nogales, as\u00ed como el campus Guadalajara de la Universidad del Valle de M\u00e9xico.<\/p>\n<p>Cabe recordar que ya se han registrados dos ofertas in\u00edciales en el mercado de capitales: Unifin y GICSA, por lo que Fibra HD se convertir\u00eda en la tercera firma en debutar en la Bolsa este a\u00f1o.<\/p>\n","protected":false},"excerpt":{"rendered":"<p>&nbsp; La empresa se convertir\u00e1 en el tercer fideicomiso en entrar a la bolsa de valores este a\u00f1o<\/p>\n","protected":false},"author":19,"featured_media":19618,"comment_status":"open","ping_status":"closed","sticky":false,"template":"","format":"standard","meta":{"om_disable_all_campaigns":false,"inline_featured_image":false,"_monsterinsights_skip_tracking":false,"_monsterinsights_sitenote_active":false,"_monsterinsights_sitenote_note":"","_monsterinsights_sitenote_category":0,"footnotes":""},"categories":[15],"tags":[407,5319,5320,5321,5322],"class_list":["post-19617","post","type-post","status-publish","format-standard","has-post-thumbnail","hentry","category-inmobiliario","tag-bmv","tag-fibra-hd","tag-plaza-carmen-center","tag-plaza-las-ramblas","tag-plaza-lomas-verdes"],"yoast_head":"<!-- This site is optimized with the Yoast SEO plugin v27.4 - https:\/\/yoast.com\/product\/yoast-seo-wordpress\/ -->\n<title>Se prepara Fibra HD para ingresar a la BMV -<\/title>\n<meta name=\"description\" content=\"&nbsp; La empresa se convertir\u00e1 en el tercer fideicomiso en entrar a la bolsa de valores este a\u00f1o El Fideicomiso de Inversi\u00f3n en Bienes Ra\u00edces (Fibra) HD,\" \/>\n<meta name=\"robots\" content=\"index, follow, max-snippet:-1, max-image-preview:large, max-video-preview:-1\" \/>\n<link rel=\"canonical\" href=\"https:\/\/centrourbano.com\/revista\/inmobiliario\/se-prepara-fibra-hd-para-ingresar-a-la-bmv\/\" \/>\n<meta property=\"og:locale\" content=\"es_ES\" \/>\n<meta property=\"og:type\" content=\"article\" \/>\n<meta property=\"og:title\" content=\"Se prepara Fibra HD para ingresar a la BMV -\" \/>\n<meta property=\"og:description\" content=\"&nbsp; La empresa se convertir\u00e1 en el tercer fideicomiso en entrar a la bolsa de valores este a\u00f1o El Fideicomiso de Inversi\u00f3n en Bienes Ra\u00edces (Fibra) HD,\" \/>\n<meta property=\"og:url\" content=\"https:\/\/centrourbano.com\/revista\/inmobiliario\/se-prepara-fibra-hd-para-ingresar-a-la-bmv\/\" \/>\n<meta property=\"og:site_name\" content=\"Centro Urbano\" \/>\n<meta property=\"article:publisher\" content=\"https:\/\/www.facebook.com\/portalcentrourbano\" \/>\n<meta property=\"article:published_time\" content=\"2015-06-08T18:19:21+00:00\" \/>\n<meta property=\"og:image\" content=\"https:\/\/centrourbano.com\/revista\/wp-content\/uploads\/Bolsa-Mexicana-de-Valores-cae-063.jpg\" \/>\n\t<meta property=\"og:image:width\" content=\"680\" \/>\n\t<meta property=\"og:image:height\" content=\"510\" \/>\n\t<meta property=\"og:image:type\" content=\"image\/jpeg\" \/>\n<meta name=\"author\" content=\"Sofia Osorio\" \/>\n<meta name=\"twitter:card\" content=\"summary_large_image\" \/>\n<meta name=\"twitter:creator\" content=\"@CentroUrbano\" \/>\n<meta name=\"twitter:site\" content=\"@CentroUrbano\" \/>\n<meta name=\"twitter:label1\" content=\"Escrito por\" \/>\n\t<meta name=\"twitter:data1\" content=\"Sofia Osorio\" \/>\n\t<meta name=\"twitter:label2\" content=\"Tiempo de lectura\" \/>\n\t<meta name=\"twitter:data2\" content=\"2 minutos\" \/>\n<script type=\"application\/ld+json\" class=\"yoast-schema-graph\">{\"@context\":\"https:\\\/\\\/schema.org\",\"@graph\":[{\"@type\":\"Article\",\"@id\":\"https:\\\/\\\/centrourbano.com\\\/revista\\\/inmobiliario\\\/se-prepara-fibra-hd-para-ingresar-a-la-bmv\\\/#article\",\"isPartOf\":{\"@id\":\"https:\\\/\\\/centrourbano.com\\\/revista\\\/inmobiliario\\\/se-prepara-fibra-hd-para-ingresar-a-la-bmv\\\/\"},\"author\":{\"name\":\"Sofia Osorio\",\"@id\":\"https:\\\/\\\/centrourbano.com\\\/revista\\\/#\\\/schema\\\/person\\\/04f16f4cd5d20c119240fb9164874cec\"},\"headline\":\"Se prepara Fibra HD para ingresar a la BMV\",\"datePublished\":\"2015-06-08T18:19:21+00:00\",\"mainEntityOfPage\":{\"@id\":\"https:\\\/\\\/centrourbano.com\\\/revista\\\/inmobiliario\\\/se-prepara-fibra-hd-para-ingresar-a-la-bmv\\\/\"},\"wordCount\":416,\"commentCount\":0,\"publisher\":{\"@id\":\"https:\\\/\\\/centrourbano.com\\\/revista\\\/#organization\"},\"image\":{\"@id\":\"https:\\\/\\\/centrourbano.com\\\/revista\\\/inmobiliario\\\/se-prepara-fibra-hd-para-ingresar-a-la-bmv\\\/#primaryimage\"},\"thumbnailUrl\":\"https:\\\/\\\/centrourbano.com\\\/revista\\\/wp-content\\\/uploads\\\/Bolsa-Mexicana-de-Valores-cae-063.jpg\",\"keywords\":[\"BMV\",\"Fibra HD\",\"Plaza Carmen Center\",\"Plaza Las Ramblas\",\"Plaza Lomas Verdes\"],\"articleSection\":[\"Inmobiliario\"],\"inLanguage\":\"es\",\"potentialAction\":[{\"@type\":\"CommentAction\",\"name\":\"Comment\",\"target\":[\"https:\\\/\\\/centrourbano.com\\\/revista\\\/inmobiliario\\\/se-prepara-fibra-hd-para-ingresar-a-la-bmv\\\/#respond\"]}]},{\"@type\":\"WebPage\",\"@id\":\"https:\\\/\\\/centrourbano.com\\\/revista\\\/inmobiliario\\\/se-prepara-fibra-hd-para-ingresar-a-la-bmv\\\/\",\"url\":\"https:\\\/\\\/centrourbano.com\\\/revista\\\/inmobiliario\\\/se-prepara-fibra-hd-para-ingresar-a-la-bmv\\\/\",\"name\":\"Se prepara Fibra HD para ingresar a la BMV -\",\"isPartOf\":{\"@id\":\"https:\\\/\\\/centrourbano.com\\\/revista\\\/#website\"},\"primaryImageOfPage\":{\"@id\":\"https:\\\/\\\/centrourbano.com\\\/revista\\\/inmobiliario\\\/se-prepara-fibra-hd-para-ingresar-a-la-bmv\\\/#primaryimage\"},\"image\":{\"@id\":\"https:\\\/\\\/centrourbano.com\\\/revista\\\/inmobiliario\\\/se-prepara-fibra-hd-para-ingresar-a-la-bmv\\\/#primaryimage\"},\"thumbnailUrl\":\"https:\\\/\\\/centrourbano.com\\\/revista\\\/wp-content\\\/uploads\\\/Bolsa-Mexicana-de-Valores-cae-063.jpg\",\"datePublished\":\"2015-06-08T18:19:21+00:00\",\"description\":\"&nbsp; La empresa se convertir\u00e1 en el tercer fideicomiso en entrar a la bolsa de valores este a\u00f1o El Fideicomiso de Inversi\u00f3n en Bienes Ra\u00edces (Fibra) HD,\",\"breadcrumb\":{\"@id\":\"https:\\\/\\\/centrourbano.com\\\/revista\\\/inmobiliario\\\/se-prepara-fibra-hd-para-ingresar-a-la-bmv\\\/#breadcrumb\"},\"inLanguage\":\"es\",\"potentialAction\":[{\"@type\":\"ReadAction\",\"target\":[\"https:\\\/\\\/centrourbano.com\\\/revista\\\/inmobiliario\\\/se-prepara-fibra-hd-para-ingresar-a-la-bmv\\\/\"]}]},{\"@type\":\"ImageObject\",\"inLanguage\":\"es\",\"@id\":\"https:\\\/\\\/centrourbano.com\\\/revista\\\/inmobiliario\\\/se-prepara-fibra-hd-para-ingresar-a-la-bmv\\\/#primaryimage\",\"url\":\"https:\\\/\\\/centrourbano.com\\\/revista\\\/wp-content\\\/uploads\\\/Bolsa-Mexicana-de-Valores-cae-063.jpg\",\"contentUrl\":\"https:\\\/\\\/centrourbano.com\\\/revista\\\/wp-content\\\/uploads\\\/Bolsa-Mexicana-de-Valores-cae-063.jpg\",\"width\":680,\"height\":510},{\"@type\":\"BreadcrumbList\",\"@id\":\"https:\\\/\\\/centrourbano.com\\\/revista\\\/inmobiliario\\\/se-prepara-fibra-hd-para-ingresar-a-la-bmv\\\/#breadcrumb\",\"itemListElement\":[{\"@type\":\"ListItem\",\"position\":1,\"name\":\"Portada\",\"item\":\"https:\\\/\\\/centrourbano.com\\\/revista\\\/\"},{\"@type\":\"ListItem\",\"position\":2,\"name\":\"Se prepara Fibra HD para ingresar a la BMV\"}]},{\"@type\":\"WebSite\",\"@id\":\"https:\\\/\\\/centrourbano.com\\\/revista\\\/#website\",\"url\":\"https:\\\/\\\/centrourbano.com\\\/revista\\\/\",\"name\":\"Centro Urbano\",\"description\":\"Medio especializado en los sectores vivienda, inmobiliario, construcci\u00f3n, arquitectura y urbanismo.\",\"publisher\":{\"@id\":\"https:\\\/\\\/centrourbano.com\\\/revista\\\/#organization\"},\"potentialAction\":[{\"@type\":\"SearchAction\",\"target\":{\"@type\":\"EntryPoint\",\"urlTemplate\":\"https:\\\/\\\/centrourbano.com\\\/revista\\\/?s={search_term_string}\"},\"query-input\":{\"@type\":\"PropertyValueSpecification\",\"valueRequired\":true,\"valueName\":\"search_term_string\"}}],\"inLanguage\":\"es\"},{\"@type\":\"Organization\",\"@id\":\"https:\\\/\\\/centrourbano.com\\\/revista\\\/#organization\",\"name\":\"Centro Urbano\",\"url\":\"https:\\\/\\\/centrourbano.com\\\/revista\\\/\",\"logo\":{\"@type\":\"ImageObject\",\"inLanguage\":\"es\",\"@id\":\"https:\\\/\\\/centrourbano.com\\\/revista\\\/#\\\/schema\\\/logo\\\/image\\\/\",\"url\":\"https:\\\/\\\/centrourbano.com\\\/revista\\\/wp-content\\\/uploads\\\/web_CU_logo-1.png\",\"contentUrl\":\"https:\\\/\\\/centrourbano.com\\\/revista\\\/wp-content\\\/uploads\\\/web_CU_logo-1.png\",\"width\":350,\"height\":91,\"caption\":\"Centro Urbano\"},\"image\":{\"@id\":\"https:\\\/\\\/centrourbano.com\\\/revista\\\/#\\\/schema\\\/logo\\\/image\\\/\"},\"sameAs\":[\"https:\\\/\\\/www.facebook.com\\\/portalcentrourbano\",\"https:\\\/\\\/x.com\\\/CentroUrbano\",\"https:\\\/\\\/www.instagram.com\\\/centro_urbano\\\/\",\"https:\\\/\\\/www.linkedin.com\\\/company\\\/centro-urbano\\\/\",\"http:\\\/\\\/www.youtube.com\\\/user\\\/portalcentrourbano\"]},{\"@type\":\"Person\",\"@id\":\"https:\\\/\\\/centrourbano.com\\\/revista\\\/#\\\/schema\\\/person\\\/04f16f4cd5d20c119240fb9164874cec\",\"name\":\"Sofia Osorio\",\"image\":{\"@type\":\"ImageObject\",\"inLanguage\":\"es\",\"@id\":\"https:\\\/\\\/secure.gravatar.com\\\/avatar\\\/540346885009217f50383aeae8f93738fea6ce04c37c93d6be2d0515d1be354c?s=96&d=mm&r=g\",\"url\":\"https:\\\/\\\/secure.gravatar.com\\\/avatar\\\/540346885009217f50383aeae8f93738fea6ce04c37c93d6be2d0515d1be354c?s=96&d=mm&r=g\",\"contentUrl\":\"https:\\\/\\\/secure.gravatar.com\\\/avatar\\\/540346885009217f50383aeae8f93738fea6ce04c37c93d6be2d0515d1be354c?s=96&d=mm&r=g\",\"caption\":\"Sofia Osorio\"},\"description\":\"Egresada de la Facultad de Estudios Superiores Arag\u00f3n. Comunicaci\u00f3n y Periodismo. Loca y feliz. Suele re\u00edrse de todo, dormir en el transporte p\u00fablico y terminar corriendo para llegar a cualquier lugar. Cantante de regadera, bailarina frustrada y chiva de coraz\u00f3n, apasionada por lo que hay que hacer. Enojona, gritona y medio amable con la gente. Su primera oportunidad laboral la tuvo como becaria en la revista Klika y fungi\u00f3 como community manager en Grupo Radio Centro. Actualmente explora nuevos campos del periodismo en Centro Urbano.\",\"url\":\"https:\\\/\\\/centrourbano.com\\\/revista\\\/author\\\/sofia-osorio\\\/\"}]}<\/script>\n<!-- \/ Yoast SEO plugin. -->","yoast_head_json":{"title":"Se prepara Fibra HD para ingresar a la BMV -","description":"&nbsp; La empresa se convertir\u00e1 en el tercer fideicomiso en entrar a la bolsa de valores este a\u00f1o El Fideicomiso de Inversi\u00f3n en Bienes Ra\u00edces (Fibra) HD,","robots":{"index":"index","follow":"follow","max-snippet":"max-snippet:-1","max-image-preview":"max-image-preview:large","max-video-preview":"max-video-preview:-1"},"canonical":"https:\/\/centrourbano.com\/revista\/inmobiliario\/se-prepara-fibra-hd-para-ingresar-a-la-bmv\/","og_locale":"es_ES","og_type":"article","og_title":"Se prepara Fibra HD para ingresar a la BMV -","og_description":"&nbsp; La empresa se convertir\u00e1 en el tercer fideicomiso en entrar a la bolsa de valores este a\u00f1o El Fideicomiso de Inversi\u00f3n en Bienes Ra\u00edces (Fibra) HD,","og_url":"https:\/\/centrourbano.com\/revista\/inmobiliario\/se-prepara-fibra-hd-para-ingresar-a-la-bmv\/","og_site_name":"Centro Urbano","article_publisher":"https:\/\/www.facebook.com\/portalcentrourbano","article_published_time":"2015-06-08T18:19:21+00:00","og_image":[{"width":680,"height":510,"url":"https:\/\/centrourbano.com\/revista\/wp-content\/uploads\/Bolsa-Mexicana-de-Valores-cae-063.jpg","type":"image\/jpeg"}],"author":"Sofia Osorio","twitter_card":"summary_large_image","twitter_creator":"@CentroUrbano","twitter_site":"@CentroUrbano","twitter_misc":{"Escrito por":"Sofia Osorio","Tiempo de lectura":"2 minutos"},"schema":{"@context":"https:\/\/schema.org","@graph":[{"@type":"Article","@id":"https:\/\/centrourbano.com\/revista\/inmobiliario\/se-prepara-fibra-hd-para-ingresar-a-la-bmv\/#article","isPartOf":{"@id":"https:\/\/centrourbano.com\/revista\/inmobiliario\/se-prepara-fibra-hd-para-ingresar-a-la-bmv\/"},"author":{"name":"Sofia Osorio","@id":"https:\/\/centrourbano.com\/revista\/#\/schema\/person\/04f16f4cd5d20c119240fb9164874cec"},"headline":"Se prepara Fibra HD para ingresar a la BMV","datePublished":"2015-06-08T18:19:21+00:00","mainEntityOfPage":{"@id":"https:\/\/centrourbano.com\/revista\/inmobiliario\/se-prepara-fibra-hd-para-ingresar-a-la-bmv\/"},"wordCount":416,"commentCount":0,"publisher":{"@id":"https:\/\/centrourbano.com\/revista\/#organization"},"image":{"@id":"https:\/\/centrourbano.com\/revista\/inmobiliario\/se-prepara-fibra-hd-para-ingresar-a-la-bmv\/#primaryimage"},"thumbnailUrl":"https:\/\/centrourbano.com\/revista\/wp-content\/uploads\/Bolsa-Mexicana-de-Valores-cae-063.jpg","keywords":["BMV","Fibra HD","Plaza Carmen Center","Plaza Las Ramblas","Plaza Lomas Verdes"],"articleSection":["Inmobiliario"],"inLanguage":"es","potentialAction":[{"@type":"CommentAction","name":"Comment","target":["https:\/\/centrourbano.com\/revista\/inmobiliario\/se-prepara-fibra-hd-para-ingresar-a-la-bmv\/#respond"]}]},{"@type":"WebPage","@id":"https:\/\/centrourbano.com\/revista\/inmobiliario\/se-prepara-fibra-hd-para-ingresar-a-la-bmv\/","url":"https:\/\/centrourbano.com\/revista\/inmobiliario\/se-prepara-fibra-hd-para-ingresar-a-la-bmv\/","name":"Se prepara Fibra HD para ingresar a la BMV -","isPartOf":{"@id":"https:\/\/centrourbano.com\/revista\/#website"},"primaryImageOfPage":{"@id":"https:\/\/centrourbano.com\/revista\/inmobiliario\/se-prepara-fibra-hd-para-ingresar-a-la-bmv\/#primaryimage"},"image":{"@id":"https:\/\/centrourbano.com\/revista\/inmobiliario\/se-prepara-fibra-hd-para-ingresar-a-la-bmv\/#primaryimage"},"thumbnailUrl":"https:\/\/centrourbano.com\/revista\/wp-content\/uploads\/Bolsa-Mexicana-de-Valores-cae-063.jpg","datePublished":"2015-06-08T18:19:21+00:00","description":"&nbsp; La empresa se convertir\u00e1 en el tercer fideicomiso en entrar a la bolsa de valores este a\u00f1o El Fideicomiso de Inversi\u00f3n en Bienes Ra\u00edces (Fibra) HD,","breadcrumb":{"@id":"https:\/\/centrourbano.com\/revista\/inmobiliario\/se-prepara-fibra-hd-para-ingresar-a-la-bmv\/#breadcrumb"},"inLanguage":"es","potentialAction":[{"@type":"ReadAction","target":["https:\/\/centrourbano.com\/revista\/inmobiliario\/se-prepara-fibra-hd-para-ingresar-a-la-bmv\/"]}]},{"@type":"ImageObject","inLanguage":"es","@id":"https:\/\/centrourbano.com\/revista\/inmobiliario\/se-prepara-fibra-hd-para-ingresar-a-la-bmv\/#primaryimage","url":"https:\/\/centrourbano.com\/revista\/wp-content\/uploads\/Bolsa-Mexicana-de-Valores-cae-063.jpg","contentUrl":"https:\/\/centrourbano.com\/revista\/wp-content\/uploads\/Bolsa-Mexicana-de-Valores-cae-063.jpg","width":680,"height":510},{"@type":"BreadcrumbList","@id":"https:\/\/centrourbano.com\/revista\/inmobiliario\/se-prepara-fibra-hd-para-ingresar-a-la-bmv\/#breadcrumb","itemListElement":[{"@type":"ListItem","position":1,"name":"Portada","item":"https:\/\/centrourbano.com\/revista\/"},{"@type":"ListItem","position":2,"name":"Se prepara Fibra HD para ingresar a la BMV"}]},{"@type":"WebSite","@id":"https:\/\/centrourbano.com\/revista\/#website","url":"https:\/\/centrourbano.com\/revista\/","name":"Centro Urbano","description":"Medio especializado en los sectores vivienda, inmobiliario, construcci\u00f3n, arquitectura y urbanismo.","publisher":{"@id":"https:\/\/centrourbano.com\/revista\/#organization"},"potentialAction":[{"@type":"SearchAction","target":{"@type":"EntryPoint","urlTemplate":"https:\/\/centrourbano.com\/revista\/?s={search_term_string}"},"query-input":{"@type":"PropertyValueSpecification","valueRequired":true,"valueName":"search_term_string"}}],"inLanguage":"es"},{"@type":"Organization","@id":"https:\/\/centrourbano.com\/revista\/#organization","name":"Centro Urbano","url":"https:\/\/centrourbano.com\/revista\/","logo":{"@type":"ImageObject","inLanguage":"es","@id":"https:\/\/centrourbano.com\/revista\/#\/schema\/logo\/image\/","url":"https:\/\/centrourbano.com\/revista\/wp-content\/uploads\/web_CU_logo-1.png","contentUrl":"https:\/\/centrourbano.com\/revista\/wp-content\/uploads\/web_CU_logo-1.png","width":350,"height":91,"caption":"Centro Urbano"},"image":{"@id":"https:\/\/centrourbano.com\/revista\/#\/schema\/logo\/image\/"},"sameAs":["https:\/\/www.facebook.com\/portalcentrourbano","https:\/\/x.com\/CentroUrbano","https:\/\/www.instagram.com\/centro_urbano\/","https:\/\/www.linkedin.com\/company\/centro-urbano\/","http:\/\/www.youtube.com\/user\/portalcentrourbano"]},{"@type":"Person","@id":"https:\/\/centrourbano.com\/revista\/#\/schema\/person\/04f16f4cd5d20c119240fb9164874cec","name":"Sofia Osorio","image":{"@type":"ImageObject","inLanguage":"es","@id":"https:\/\/secure.gravatar.com\/avatar\/540346885009217f50383aeae8f93738fea6ce04c37c93d6be2d0515d1be354c?s=96&d=mm&r=g","url":"https:\/\/secure.gravatar.com\/avatar\/540346885009217f50383aeae8f93738fea6ce04c37c93d6be2d0515d1be354c?s=96&d=mm&r=g","contentUrl":"https:\/\/secure.gravatar.com\/avatar\/540346885009217f50383aeae8f93738fea6ce04c37c93d6be2d0515d1be354c?s=96&d=mm&r=g","caption":"Sofia Osorio"},"description":"Egresada de la Facultad de Estudios Superiores Arag\u00f3n. Comunicaci\u00f3n y Periodismo. Loca y feliz. Suele re\u00edrse de todo, dormir en el transporte p\u00fablico y terminar corriendo para llegar a cualquier lugar. Cantante de regadera, bailarina frustrada y chiva de coraz\u00f3n, apasionada por lo que hay que hacer. Enojona, gritona y medio amable con la gente. Su primera oportunidad laboral la tuvo como becaria en la revista Klika y fungi\u00f3 como community manager en Grupo Radio Centro. Actualmente explora nuevos campos del periodismo en Centro Urbano.","url":"https:\/\/centrourbano.com\/revista\/author\/sofia-osorio\/"}]}},"_links":{"self":[{"href":"https:\/\/centrourbano.com\/revista\/wp-json\/wp\/v2\/posts\/19617","targetHints":{"allow":["GET"]}}],"collection":[{"href":"https:\/\/centrourbano.com\/revista\/wp-json\/wp\/v2\/posts"}],"about":[{"href":"https:\/\/centrourbano.com\/revista\/wp-json\/wp\/v2\/types\/post"}],"author":[{"embeddable":true,"href":"https:\/\/centrourbano.com\/revista\/wp-json\/wp\/v2\/users\/19"}],"replies":[{"embeddable":true,"href":"https:\/\/centrourbano.com\/revista\/wp-json\/wp\/v2\/comments?post=19617"}],"version-history":[{"count":0,"href":"https:\/\/centrourbano.com\/revista\/wp-json\/wp\/v2\/posts\/19617\/revisions"}],"wp:featuredmedia":[{"embeddable":true,"href":"https:\/\/centrourbano.com\/revista\/wp-json\/wp\/v2\/media\/19618"}],"wp:attachment":[{"href":"https:\/\/centrourbano.com\/revista\/wp-json\/wp\/v2\/media?parent=19617"}],"wp:term":[{"taxonomy":"category","embeddable":true,"href":"https:\/\/centrourbano.com\/revista\/wp-json\/wp\/v2\/categories?post=19617"},{"taxonomy":"post_tag","embeddable":true,"href":"https:\/\/centrourbano.com\/revista\/wp-json\/wp\/v2\/tags?post=19617"}],"curies":[{"name":"wp","href":"https:\/\/api.w.org\/{rel}","templated":true}]}}