{"id":19600,"date":"2015-06-08T08:38:16","date_gmt":"2015-06-08T13:38:16","guid":{"rendered":"http:\/\/centrourbano.com\/?p=19600"},"modified":"2015-06-05T18:42:19","modified_gmt":"2015-06-05T23:42:19","slug":"microapartamentos-en-ny-al-alza","status":"publish","type":"post","link":"https:\/\/centrourbano.com\/revista\/vivienda\/microapartamentos-en-ny-al-alza\/","title":{"rendered":"Microapartamentos en NY, al alza"},"content":{"rendered":"<p>&nbsp;<\/p>\n<p><em>Los apartamentos tienen entre 24 y 34 metros cuadrados y se fabrican en Brooklyn;\u00a0 tienen techos altos de 3 metros de altura, cocina, ba\u00f1o, y balc\u00f3n<\/em><\/p>\n<p><!--more--><\/p>\n<p>Nueva York, la ciudad \u00edcono de Estados Unidos, \u00a0que es conocida por sus rascacielos y sus alquileres costosos, ahora busca nuevas formas de hacer viviendas accesibles. La \u00faltima moda es la construcci\u00f3n de microapartamentos.<\/p>\n<p>Actualmente se realiza un proyecto piloto en Manhattan donde se construye un edificio de 9 pisos con 55 unidades prefabricadas. Los apartamentos tienen entre 24 y 34 metros cuadrados y se fabrican en Brooklyn; \u00a0tienen techos altos de 3 metros de altura, cocina, ba\u00f1o, y balc\u00f3n.<\/p>\n<p>Hay personas que ya necesitan este tipo de apartamento. Est\u00e1n poniendo puertas en el dormitorio, convirtiendo una habitaci\u00f3n para que convivan dos personas. Est\u00e1n poniendo literas en las habitaciones, y est\u00e1n haciendo cambios legales a los apartamentos que ya existen, mencion\u00f3 Tobias Oriwol del Poyecto \u201cMi micro NY\u201d<\/p>\n<p>Uno de los mayores obst\u00e1culos a las viviendas m\u00e1s peque\u00f1as y menos caras han sido las estrictas normas de urbanizaci\u00f3n de la gran manzana con la idea de apoyar al tradicional n\u00facleo familiar, ya que en 1987 se prohibi\u00f3 construir unidades de menos de 37 metros. Sin embargo, la sociedad ha cambiando desde entonces. Hoy un tercio de la gente vive sola en Nueva York y los funcionarios est\u00e1n tomando en cuenta esta nueva situaci\u00f3n.<\/p>\n<p>Cuando el gobierno de la Ciudad de Nueva York comenz\u00f3 este programa piloto, recibi\u00f3 de la industria una respuesta sin precedentes, sin embargo, no es la primera ciudad en emprender este camino, ya que hay otras ciudades de EU como Boston, Seattle, que ya tienen construidas microunidades.<\/p>\n<p>Se espera que la poblaci\u00f3n de Nueva York aumente en un mill\u00f3n de personas durante los pr\u00f3ximos 25 a\u00f1os. Proyectos como \u00e9ste podr\u00edan impulsar un cambio en la legislaci\u00f3n que promueva una expansi\u00f3n en su interior.<\/p>\n<p>Cabe se\u00f1alar que las camas se empotran en las paredes y cuentan con insumos para ahorrar espacio.<\/p>\n","protected":false},"excerpt":{"rendered":"<p>&nbsp; Los apartamentos tienen entre 24 y 34 metros cuadrados y se fabrican en Brooklyn;\u00a0 tienen techos altos de 3 metros de altura, cocina, ba\u00f1o, y balc\u00f3n<\/p>\n","protected":false},"author":28,"featured_media":19601,"comment_status":"open","ping_status":"closed","sticky":false,"template":"","format":"standard","meta":{"om_disable_all_campaigns":false,"inline_featured_image":false,"_monsterinsights_skip_tracking":false,"_monsterinsights_sitenote_active":false,"_monsterinsights_sitenote_note":"","_monsterinsights_sitenote_category":0,"footnotes":""},"categories":[12],"tags":[5318,791],"class_list":["post-19600","post","type-post","status-publish","format-standard","has-post-thumbnail","hentry","category-vivienda","tag-microapartamentos","tag-nueva-york"],"yoast_head":"<!-- This site is optimized with the Yoast SEO plugin v27.4 - https:\/\/yoast.com\/product\/yoast-seo-wordpress\/ -->\n<title>Microapartamentos en NY, al alza -<\/title>\n<meta name=\"description\" content=\"&nbsp; Los apartamentos tienen entre 24 y 34 metros cuadrados y se fabrican en Brooklyn;\u00a0 tienen techos altos de 3 metros de altura, cocina, ba\u00f1o, y\" \/>\n<meta name=\"robots\" content=\"index, follow, max-snippet:-1, max-image-preview:large, max-video-preview:-1\" \/>\n<link rel=\"canonical\" href=\"https:\/\/centrourbano.com\/revista\/vivienda\/microapartamentos-en-ny-al-alza\/\" \/>\n<meta property=\"og:locale\" content=\"es_ES\" \/>\n<meta property=\"og:type\" content=\"article\" \/>\n<meta property=\"og:title\" content=\"Microapartamentos en NY, al alza -\" \/>\n<meta property=\"og:description\" content=\"&nbsp; Los apartamentos tienen entre 24 y 34 metros cuadrados y se fabrican en Brooklyn;\u00a0 tienen techos altos de 3 metros de altura, cocina, ba\u00f1o, y\" \/>\n<meta property=\"og:url\" content=\"https:\/\/centrourbano.com\/revista\/vivienda\/microapartamentos-en-ny-al-alza\/\" \/>\n<meta property=\"og:site_name\" content=\"Centro Urbano\" \/>\n<meta property=\"article:publisher\" content=\"https:\/\/www.facebook.com\/portalcentrourbano\" \/>\n<meta property=\"article:published_time\" content=\"2015-06-08T13:38:16+00:00\" \/>\n<meta property=\"og:image\" content=\"https:\/\/centrourbano.com\/revista\/wp-content\/uploads\/micro_apt_NYC_159929792-676x431.jpg\" \/>\n\t<meta property=\"og:image:width\" content=\"676\" \/>\n\t<meta property=\"og:image:height\" content=\"431\" \/>\n\t<meta property=\"og:image:type\" content=\"image\/jpeg\" \/>\n<meta name=\"author\" content=\"Mario V\u00e1zquez Barrios\" \/>\n<meta name=\"twitter:card\" content=\"summary_large_image\" \/>\n<meta name=\"twitter:creator\" content=\"@MarioDeNiro\" \/>\n<meta name=\"twitter:site\" content=\"@CentroUrbano\" \/>\n<meta name=\"twitter:label1\" content=\"Escrito por\" \/>\n\t<meta name=\"twitter:data1\" content=\"Mario V\u00e1zquez Barrios\" \/>\n\t<meta name=\"twitter:label2\" content=\"Tiempo de lectura\" \/>\n\t<meta name=\"twitter:data2\" content=\"2 minutos\" \/>\n<script type=\"application\/ld+json\" class=\"yoast-schema-graph\">{\"@context\":\"https:\\\/\\\/schema.org\",\"@graph\":[{\"@type\":\"Article\",\"@id\":\"https:\\\/\\\/centrourbano.com\\\/revista\\\/vivienda\\\/microapartamentos-en-ny-al-alza\\\/#article\",\"isPartOf\":{\"@id\":\"https:\\\/\\\/centrourbano.com\\\/revista\\\/vivienda\\\/microapartamentos-en-ny-al-alza\\\/\"},\"author\":{\"name\":\"Mario V\u00e1zquez Barrios\",\"@id\":\"https:\\\/\\\/centrourbano.com\\\/revista\\\/#\\\/schema\\\/person\\\/71e020a5b63ca4230c0f1228a36cde93\"},\"headline\":\"Microapartamentos en NY, al alza\",\"datePublished\":\"2015-06-08T13:38:16+00:00\",\"mainEntityOfPage\":{\"@id\":\"https:\\\/\\\/centrourbano.com\\\/revista\\\/vivienda\\\/microapartamentos-en-ny-al-alza\\\/\"},\"wordCount\":348,\"commentCount\":0,\"publisher\":{\"@id\":\"https:\\\/\\\/centrourbano.com\\\/revista\\\/#organization\"},\"image\":{\"@id\":\"https:\\\/\\\/centrourbano.com\\\/revista\\\/vivienda\\\/microapartamentos-en-ny-al-alza\\\/#primaryimage\"},\"thumbnailUrl\":\"https:\\\/\\\/centrourbano.com\\\/revista\\\/wp-content\\\/uploads\\\/micro_apt_NYC_159929792-676x431.jpg\",\"keywords\":[\"microapartamentos\",\"Nueva York\"],\"articleSection\":[\"Vivienda\"],\"inLanguage\":\"es\",\"potentialAction\":[{\"@type\":\"CommentAction\",\"name\":\"Comment\",\"target\":[\"https:\\\/\\\/centrourbano.com\\\/revista\\\/vivienda\\\/microapartamentos-en-ny-al-alza\\\/#respond\"]}]},{\"@type\":\"WebPage\",\"@id\":\"https:\\\/\\\/centrourbano.com\\\/revista\\\/vivienda\\\/microapartamentos-en-ny-al-alza\\\/\",\"url\":\"https:\\\/\\\/centrourbano.com\\\/revista\\\/vivienda\\\/microapartamentos-en-ny-al-alza\\\/\",\"name\":\"Microapartamentos en NY, al alza -\",\"isPartOf\":{\"@id\":\"https:\\\/\\\/centrourbano.com\\\/revista\\\/#website\"},\"primaryImageOfPage\":{\"@id\":\"https:\\\/\\\/centrourbano.com\\\/revista\\\/vivienda\\\/microapartamentos-en-ny-al-alza\\\/#primaryimage\"},\"image\":{\"@id\":\"https:\\\/\\\/centrourbano.com\\\/revista\\\/vivienda\\\/microapartamentos-en-ny-al-alza\\\/#primaryimage\"},\"thumbnailUrl\":\"https:\\\/\\\/centrourbano.com\\\/revista\\\/wp-content\\\/uploads\\\/micro_apt_NYC_159929792-676x431.jpg\",\"datePublished\":\"2015-06-08T13:38:16+00:00\",\"description\":\"&nbsp; Los apartamentos tienen entre 24 y 34 metros cuadrados y se fabrican en Brooklyn;\u00a0 tienen techos altos de 3 metros de altura, cocina, ba\u00f1o, y\",\"breadcrumb\":{\"@id\":\"https:\\\/\\\/centrourbano.com\\\/revista\\\/vivienda\\\/microapartamentos-en-ny-al-alza\\\/#breadcrumb\"},\"inLanguage\":\"es\",\"potentialAction\":[{\"@type\":\"ReadAction\",\"target\":[\"https:\\\/\\\/centrourbano.com\\\/revista\\\/vivienda\\\/microapartamentos-en-ny-al-alza\\\/\"]}]},{\"@type\":\"ImageObject\",\"inLanguage\":\"es\",\"@id\":\"https:\\\/\\\/centrourbano.com\\\/revista\\\/vivienda\\\/microapartamentos-en-ny-al-alza\\\/#primaryimage\",\"url\":\"https:\\\/\\\/centrourbano.com\\\/revista\\\/wp-content\\\/uploads\\\/micro_apt_NYC_159929792-676x431.jpg\",\"contentUrl\":\"https:\\\/\\\/centrourbano.com\\\/revista\\\/wp-content\\\/uploads\\\/micro_apt_NYC_159929792-676x431.jpg\",\"width\":676,\"height\":431},{\"@type\":\"BreadcrumbList\",\"@id\":\"https:\\\/\\\/centrourbano.com\\\/revista\\\/vivienda\\\/microapartamentos-en-ny-al-alza\\\/#breadcrumb\",\"itemListElement\":[{\"@type\":\"ListItem\",\"position\":1,\"name\":\"Portada\",\"item\":\"https:\\\/\\\/centrourbano.com\\\/revista\\\/\"},{\"@type\":\"ListItem\",\"position\":2,\"name\":\"Microapartamentos en NY, al alza\"}]},{\"@type\":\"WebSite\",\"@id\":\"https:\\\/\\\/centrourbano.com\\\/revista\\\/#website\",\"url\":\"https:\\\/\\\/centrourbano.com\\\/revista\\\/\",\"name\":\"Centro Urbano\",\"description\":\"Medio especializado en los sectores vivienda, inmobiliario, construcci\u00f3n, arquitectura y urbanismo.\",\"publisher\":{\"@id\":\"https:\\\/\\\/centrourbano.com\\\/revista\\\/#organization\"},\"potentialAction\":[{\"@type\":\"SearchAction\",\"target\":{\"@type\":\"EntryPoint\",\"urlTemplate\":\"https:\\\/\\\/centrourbano.com\\\/revista\\\/?s={search_term_string}\"},\"query-input\":{\"@type\":\"PropertyValueSpecification\",\"valueRequired\":true,\"valueName\":\"search_term_string\"}}],\"inLanguage\":\"es\"},{\"@type\":\"Organization\",\"@id\":\"https:\\\/\\\/centrourbano.com\\\/revista\\\/#organization\",\"name\":\"Centro Urbano\",\"url\":\"https:\\\/\\\/centrourbano.com\\\/revista\\\/\",\"logo\":{\"@type\":\"ImageObject\",\"inLanguage\":\"es\",\"@id\":\"https:\\\/\\\/centrourbano.com\\\/revista\\\/#\\\/schema\\\/logo\\\/image\\\/\",\"url\":\"https:\\\/\\\/centrourbano.com\\\/revista\\\/wp-content\\\/uploads\\\/web_CU_logo-1.png\",\"contentUrl\":\"https:\\\/\\\/centrourbano.com\\\/revista\\\/wp-content\\\/uploads\\\/web_CU_logo-1.png\",\"width\":350,\"height\":91,\"caption\":\"Centro Urbano\"},\"image\":{\"@id\":\"https:\\\/\\\/centrourbano.com\\\/revista\\\/#\\\/schema\\\/logo\\\/image\\\/\"},\"sameAs\":[\"https:\\\/\\\/www.facebook.com\\\/portalcentrourbano\",\"https:\\\/\\\/x.com\\\/CentroUrbano\",\"https:\\\/\\\/www.instagram.com\\\/centro_urbano\\\/\",\"https:\\\/\\\/www.linkedin.com\\\/company\\\/centro-urbano\\\/\",\"http:\\\/\\\/www.youtube.com\\\/user\\\/portalcentrourbano\"]},{\"@type\":\"Person\",\"@id\":\"https:\\\/\\\/centrourbano.com\\\/revista\\\/#\\\/schema\\\/person\\\/71e020a5b63ca4230c0f1228a36cde93\",\"name\":\"Mario V\u00e1zquez Barrios\",\"image\":{\"@type\":\"ImageObject\",\"inLanguage\":\"es\",\"@id\":\"https:\\\/\\\/secure.gravatar.com\\\/avatar\\\/347e6d9c0b04f0194ca244ba64b0fe62752d716a3a93d1713bd259eb87aad5b6?s=96&d=mm&r=g\",\"url\":\"https:\\\/\\\/secure.gravatar.com\\\/avatar\\\/347e6d9c0b04f0194ca244ba64b0fe62752d716a3a93d1713bd259eb87aad5b6?s=96&d=mm&r=g\",\"contentUrl\":\"https:\\\/\\\/secure.gravatar.com\\\/avatar\\\/347e6d9c0b04f0194ca244ba64b0fe62752d716a3a93d1713bd259eb87aad5b6?s=96&d=mm&r=g\",\"caption\":\"Mario V\u00e1zquez Barrios\"},\"description\":\"Me inici\u00e9 en El Financiero haciendo reportajes; en MegaNoticias Televisi\u00f3n fui reportero titular; en EMedios, control de calidad; y Radio 13 Noticias me acogi\u00f3 como colaborador. Me gusta encontrar en las banquetas la nota, una entrevista y el inicio de un reportaje.\",\"sameAs\":[\"https:\\\/\\\/x.com\\\/@MarioDeNiro\"],\"url\":\"https:\\\/\\\/centrourbano.com\\\/revista\\\/author\\\/mario-vazquez\\\/\"}]}<\/script>\n<!-- \/ Yoast SEO plugin. -->","yoast_head_json":{"title":"Microapartamentos en NY, al alza -","description":"&nbsp; Los apartamentos tienen entre 24 y 34 metros cuadrados y se fabrican en Brooklyn;\u00a0 tienen techos altos de 3 metros de altura, cocina, ba\u00f1o, y","robots":{"index":"index","follow":"follow","max-snippet":"max-snippet:-1","max-image-preview":"max-image-preview:large","max-video-preview":"max-video-preview:-1"},"canonical":"https:\/\/centrourbano.com\/revista\/vivienda\/microapartamentos-en-ny-al-alza\/","og_locale":"es_ES","og_type":"article","og_title":"Microapartamentos en NY, al alza -","og_description":"&nbsp; Los apartamentos tienen entre 24 y 34 metros cuadrados y se fabrican en Brooklyn;\u00a0 tienen techos altos de 3 metros de altura, cocina, ba\u00f1o, y","og_url":"https:\/\/centrourbano.com\/revista\/vivienda\/microapartamentos-en-ny-al-alza\/","og_site_name":"Centro Urbano","article_publisher":"https:\/\/www.facebook.com\/portalcentrourbano","article_published_time":"2015-06-08T13:38:16+00:00","og_image":[{"width":676,"height":431,"url":"https:\/\/centrourbano.com\/revista\/wp-content\/uploads\/micro_apt_NYC_159929792-676x431.jpg","type":"image\/jpeg"}],"author":"Mario V\u00e1zquez Barrios","twitter_card":"summary_large_image","twitter_creator":"@MarioDeNiro","twitter_site":"@CentroUrbano","twitter_misc":{"Escrito por":"Mario V\u00e1zquez Barrios","Tiempo de lectura":"2 minutos"},"schema":{"@context":"https:\/\/schema.org","@graph":[{"@type":"Article","@id":"https:\/\/centrourbano.com\/revista\/vivienda\/microapartamentos-en-ny-al-alza\/#article","isPartOf":{"@id":"https:\/\/centrourbano.com\/revista\/vivienda\/microapartamentos-en-ny-al-alza\/"},"author":{"name":"Mario V\u00e1zquez Barrios","@id":"https:\/\/centrourbano.com\/revista\/#\/schema\/person\/71e020a5b63ca4230c0f1228a36cde93"},"headline":"Microapartamentos en NY, al alza","datePublished":"2015-06-08T13:38:16+00:00","mainEntityOfPage":{"@id":"https:\/\/centrourbano.com\/revista\/vivienda\/microapartamentos-en-ny-al-alza\/"},"wordCount":348,"commentCount":0,"publisher":{"@id":"https:\/\/centrourbano.com\/revista\/#organization"},"image":{"@id":"https:\/\/centrourbano.com\/revista\/vivienda\/microapartamentos-en-ny-al-alza\/#primaryimage"},"thumbnailUrl":"https:\/\/centrourbano.com\/revista\/wp-content\/uploads\/micro_apt_NYC_159929792-676x431.jpg","keywords":["microapartamentos","Nueva York"],"articleSection":["Vivienda"],"inLanguage":"es","potentialAction":[{"@type":"CommentAction","name":"Comment","target":["https:\/\/centrourbano.com\/revista\/vivienda\/microapartamentos-en-ny-al-alza\/#respond"]}]},{"@type":"WebPage","@id":"https:\/\/centrourbano.com\/revista\/vivienda\/microapartamentos-en-ny-al-alza\/","url":"https:\/\/centrourbano.com\/revista\/vivienda\/microapartamentos-en-ny-al-alza\/","name":"Microapartamentos en NY, al alza -","isPartOf":{"@id":"https:\/\/centrourbano.com\/revista\/#website"},"primaryImageOfPage":{"@id":"https:\/\/centrourbano.com\/revista\/vivienda\/microapartamentos-en-ny-al-alza\/#primaryimage"},"image":{"@id":"https:\/\/centrourbano.com\/revista\/vivienda\/microapartamentos-en-ny-al-alza\/#primaryimage"},"thumbnailUrl":"https:\/\/centrourbano.com\/revista\/wp-content\/uploads\/micro_apt_NYC_159929792-676x431.jpg","datePublished":"2015-06-08T13:38:16+00:00","description":"&nbsp; Los apartamentos tienen entre 24 y 34 metros cuadrados y se fabrican en Brooklyn;\u00a0 tienen techos altos de 3 metros de altura, cocina, ba\u00f1o, y","breadcrumb":{"@id":"https:\/\/centrourbano.com\/revista\/vivienda\/microapartamentos-en-ny-al-alza\/#breadcrumb"},"inLanguage":"es","potentialAction":[{"@type":"ReadAction","target":["https:\/\/centrourbano.com\/revista\/vivienda\/microapartamentos-en-ny-al-alza\/"]}]},{"@type":"ImageObject","inLanguage":"es","@id":"https:\/\/centrourbano.com\/revista\/vivienda\/microapartamentos-en-ny-al-alza\/#primaryimage","url":"https:\/\/centrourbano.com\/revista\/wp-content\/uploads\/micro_apt_NYC_159929792-676x431.jpg","contentUrl":"https:\/\/centrourbano.com\/revista\/wp-content\/uploads\/micro_apt_NYC_159929792-676x431.jpg","width":676,"height":431},{"@type":"BreadcrumbList","@id":"https:\/\/centrourbano.com\/revista\/vivienda\/microapartamentos-en-ny-al-alza\/#breadcrumb","itemListElement":[{"@type":"ListItem","position":1,"name":"Portada","item":"https:\/\/centrourbano.com\/revista\/"},{"@type":"ListItem","position":2,"name":"Microapartamentos en NY, al alza"}]},{"@type":"WebSite","@id":"https:\/\/centrourbano.com\/revista\/#website","url":"https:\/\/centrourbano.com\/revista\/","name":"Centro Urbano","description":"Medio especializado en los sectores vivienda, inmobiliario, construcci\u00f3n, arquitectura y urbanismo.","publisher":{"@id":"https:\/\/centrourbano.com\/revista\/#organization"},"potentialAction":[{"@type":"SearchAction","target":{"@type":"EntryPoint","urlTemplate":"https:\/\/centrourbano.com\/revista\/?s={search_term_string}"},"query-input":{"@type":"PropertyValueSpecification","valueRequired":true,"valueName":"search_term_string"}}],"inLanguage":"es"},{"@type":"Organization","@id":"https:\/\/centrourbano.com\/revista\/#organization","name":"Centro Urbano","url":"https:\/\/centrourbano.com\/revista\/","logo":{"@type":"ImageObject","inLanguage":"es","@id":"https:\/\/centrourbano.com\/revista\/#\/schema\/logo\/image\/","url":"https:\/\/centrourbano.com\/revista\/wp-content\/uploads\/web_CU_logo-1.png","contentUrl":"https:\/\/centrourbano.com\/revista\/wp-content\/uploads\/web_CU_logo-1.png","width":350,"height":91,"caption":"Centro Urbano"},"image":{"@id":"https:\/\/centrourbano.com\/revista\/#\/schema\/logo\/image\/"},"sameAs":["https:\/\/www.facebook.com\/portalcentrourbano","https:\/\/x.com\/CentroUrbano","https:\/\/www.instagram.com\/centro_urbano\/","https:\/\/www.linkedin.com\/company\/centro-urbano\/","http:\/\/www.youtube.com\/user\/portalcentrourbano"]},{"@type":"Person","@id":"https:\/\/centrourbano.com\/revista\/#\/schema\/person\/71e020a5b63ca4230c0f1228a36cde93","name":"Mario V\u00e1zquez Barrios","image":{"@type":"ImageObject","inLanguage":"es","@id":"https:\/\/secure.gravatar.com\/avatar\/347e6d9c0b04f0194ca244ba64b0fe62752d716a3a93d1713bd259eb87aad5b6?s=96&d=mm&r=g","url":"https:\/\/secure.gravatar.com\/avatar\/347e6d9c0b04f0194ca244ba64b0fe62752d716a3a93d1713bd259eb87aad5b6?s=96&d=mm&r=g","contentUrl":"https:\/\/secure.gravatar.com\/avatar\/347e6d9c0b04f0194ca244ba64b0fe62752d716a3a93d1713bd259eb87aad5b6?s=96&d=mm&r=g","caption":"Mario V\u00e1zquez Barrios"},"description":"Me inici\u00e9 en El Financiero haciendo reportajes; en MegaNoticias Televisi\u00f3n fui reportero titular; en EMedios, control de calidad; y Radio 13 Noticias me acogi\u00f3 como colaborador. Me gusta encontrar en las banquetas la nota, una entrevista y el inicio de un reportaje.","sameAs":["https:\/\/x.com\/@MarioDeNiro"],"url":"https:\/\/centrourbano.com\/revista\/author\/mario-vazquez\/"}]}},"_links":{"self":[{"href":"https:\/\/centrourbano.com\/revista\/wp-json\/wp\/v2\/posts\/19600","targetHints":{"allow":["GET"]}}],"collection":[{"href":"https:\/\/centrourbano.com\/revista\/wp-json\/wp\/v2\/posts"}],"about":[{"href":"https:\/\/centrourbano.com\/revista\/wp-json\/wp\/v2\/types\/post"}],"author":[{"embeddable":true,"href":"https:\/\/centrourbano.com\/revista\/wp-json\/wp\/v2\/users\/28"}],"replies":[{"embeddable":true,"href":"https:\/\/centrourbano.com\/revista\/wp-json\/wp\/v2\/comments?post=19600"}],"version-history":[{"count":0,"href":"https:\/\/centrourbano.com\/revista\/wp-json\/wp\/v2\/posts\/19600\/revisions"}],"wp:featuredmedia":[{"embeddable":true,"href":"https:\/\/centrourbano.com\/revista\/wp-json\/wp\/v2\/media\/19601"}],"wp:attachment":[{"href":"https:\/\/centrourbano.com\/revista\/wp-json\/wp\/v2\/media?parent=19600"}],"wp:term":[{"taxonomy":"category","embeddable":true,"href":"https:\/\/centrourbano.com\/revista\/wp-json\/wp\/v2\/categories?post=19600"},{"taxonomy":"post_tag","embeddable":true,"href":"https:\/\/centrourbano.com\/revista\/wp-json\/wp\/v2\/tags?post=19600"}],"curies":[{"name":"wp","href":"https:\/\/api.w.org\/{rel}","templated":true}]}}