{"id":19529,"date":"2015-06-04T09:08:19","date_gmt":"2015-06-04T14:08:19","guid":{"rendered":"http:\/\/centrourbano.com\/?p=19529"},"modified":"2015-06-04T09:08:19","modified_gmt":"2015-06-04T14:08:19","slug":"apuesta-ica-por-la-industria-inmobiliaria","status":"publish","type":"post","link":"https:\/\/centrourbano.com\/revista\/inmobiliario\/apuesta-ica-por-la-industria-inmobiliaria\/","title":{"rendered":"Apuesta ICA por la industria inmobiliaria\u00a0"},"content":{"rendered":"<p class=\"p1\"><b><\/b><span class=\"s1\"><i>El presidente de la empresa, Bernardo Quintana Isaac, considera que el crecimiento econ\u00f3mico del pa\u00eds detonar\u00e1 el mercado nacional<\/i><\/span><!--more--><\/p>\n<p class=\"p1\"><b><\/b><span class=\"s1\">A lo largo de su historia la empresa mexicana Ingenieros Civiles Asociados (ICA) ha desarrollado diversas obras de infraestructura que le han permitido posicionarse como una de las constructoras m\u00e1s destacadas a nivel nacional.<\/span><\/p>\n<p class=\"p1\"><span class=\"s1\">La compa\u00f1\u00eda realiza proyectos en diferentes ramos de la construcci\u00f3n que van desde v\u00edas terrestres, puertos, obras de energ\u00eda, obras subterr\u00e1neas, transporte masivo y edificaci\u00f3n social, adem\u00e1s de que ha incursionado en el ramo inmobiliario.<\/span><\/p>\n<p class=\"p1\"><span class=\"s1\">Bernardo Quintana Isaac, presidente del Consejo de Administraci\u00f3n de Empresas ICA, dio a conocer los proyectos en los que actualmente trabaja la empresa, espec\u00edficamente en la industria inmobiliaria.<\/span><\/p>\n<p class=\"p1\"><span class=\"s1\">Se trata del edificio residencial ubicado en Paseo de la Reforma 27, el edifico de usos mixtos en Marina 385, y el Campus ICA, todos ellos en la Ciudad de M\u00e9xico; mientras que en el Estado de M\u00e9xico desarrolla un conjunto de nueve torres denominado Reserva Escondida; as\u00ed como el Aak-Bal Marina Village,\u00a0Golf\u00a0&amp; Club Resort en el estado de Campeche. <\/span><\/p>\n<p class=\"p1\"><span class=\"s1\">Al respecto, el presidente de la compa\u00f1\u00eda dijo que en M\u00e9xico hay experiencia, hay crecimiento y hay nivel, as\u00ed como contactos y v\u00ednculos, tanto con los responsables de la planeaci\u00f3n urbana, como con los ide\u00f3logos y creativos de la industria inmobiliaria. <\/span><\/p>\n<p class=\"p1\"><span class=\"s1\">\u201cA partir del supuesto del que yo creo que nuestro pa\u00eds crecer\u00e1 econ\u00f3micamente de manera firme y sostenida, es muy razonable esperar un fuerte crecimiento del mercado inmobiliario nacional\u201d.<\/span><\/p>\n<p class=\"p1\"><span class=\"s1\">El empresario resalt\u00f3 la confianza que tienen como empresa para seguir desarrollando obras de gran trascendencia a nivel nacional. \u201cEn ICA confiamos en que el \u00e9xito ser\u00e1 la norma de esta iteraci\u00f3n, ganar\u00e1 el mercado, ganar\u00e1 el estado y ganar\u00e1 el gremio inmobiliario. Por nuestra parte, nos preparamos para seguir participando con nuestro mejor empe\u00f1o en la medida de nuestras capacidades\u201d. <\/span><\/p>\n<p class=\"p1\"><span class=\"s1\">ICA es una\u00a0compa\u00f1\u00eda\u00a0de construcci\u00f3n de infraestructura con m\u00e1s de 67 a\u00f1os de experiencia y con una presencia s\u00f3lida en M\u00e9xico, Latinoam\u00e9rica y una expansi\u00f3n hacia otros mercados como Estados Unidos.<\/span><\/p>\n","protected":false},"excerpt":{"rendered":"<p>El presidente de la empresa, Bernardo Quintana Isaac, considera que el crecimiento econ\u00f3mico del pa\u00eds detonar\u00e1 el mercado nacional<\/p>\n","protected":false},"author":9,"featured_media":19530,"comment_status":"open","ping_status":"closed","sticky":false,"template":"","format":"standard","meta":{"om_disable_all_campaigns":false,"inline_featured_image":false,"_monsterinsights_skip_tracking":false,"_monsterinsights_sitenote_active":false,"_monsterinsights_sitenote_note":"","_monsterinsights_sitenote_category":0,"footnotes":""},"categories":[15],"tags":[562,21],"class_list":["post-19529","post","type-post","status-publish","format-standard","has-post-thumbnail","hentry","category-inmobiliario","tag-ica","tag-inmobiliario-2"],"yoast_head":"<!-- This site is optimized with the Yoast SEO plugin v27.5 - https:\/\/yoast.com\/product\/yoast-seo-wordpress\/ -->\n<title>Apuesta ICA por la industria inmobiliaria\u00a0 -<\/title>\n<meta name=\"description\" content=\"El presidente de la empresa, Bernardo Quintana Isaac, considera que el crecimiento econ\u00f3mico del pa\u00eds detonar\u00e1 el mercado nacional A lo largo de su\" \/>\n<meta name=\"robots\" content=\"index, follow, max-snippet:-1, max-image-preview:large, max-video-preview:-1\" \/>\n<link rel=\"canonical\" href=\"https:\/\/centrourbano.com\/revista\/inmobiliario\/apuesta-ica-por-la-industria-inmobiliaria\/\" \/>\n<meta property=\"og:locale\" content=\"es_ES\" \/>\n<meta property=\"og:type\" content=\"article\" \/>\n<meta property=\"og:title\" content=\"Apuesta ICA por la industria inmobiliaria\u00a0 -\" \/>\n<meta property=\"og:description\" content=\"El presidente de la empresa, Bernardo Quintana Isaac, considera que el crecimiento econ\u00f3mico del pa\u00eds detonar\u00e1 el mercado nacional A lo largo de su\" \/>\n<meta property=\"og:url\" content=\"https:\/\/centrourbano.com\/revista\/inmobiliario\/apuesta-ica-por-la-industria-inmobiliaria\/\" \/>\n<meta property=\"og:site_name\" content=\"Centro Urbano\" \/>\n<meta property=\"article:publisher\" content=\"https:\/\/www.facebook.com\/portalcentrourbano\" \/>\n<meta property=\"article:published_time\" content=\"2015-06-04T14:08:19+00:00\" \/>\n<meta property=\"og:image\" content=\"https:\/\/centrourbano.com\/revista\/wp-content\/uploads\/Aak-Bal-Marina.jpg\" \/>\n\t<meta property=\"og:image:width\" content=\"352\" \/>\n\t<meta property=\"og:image:height\" content=\"283\" \/>\n\t<meta property=\"og:image:type\" content=\"image\/jpeg\" \/>\n<meta name=\"author\" content=\"Dinorah Nava\" \/>\n<meta name=\"twitter:card\" content=\"summary_large_image\" \/>\n<meta name=\"twitter:creator\" content=\"@https:\/\/twitter.com\/Dinorah_Nava28\" \/>\n<meta name=\"twitter:site\" content=\"@CentroUrbano\" \/>\n<meta name=\"twitter:label1\" content=\"Escrito por\" \/>\n\t<meta name=\"twitter:data1\" content=\"Dinorah Nava\" \/>\n\t<meta name=\"twitter:label2\" content=\"Tiempo de lectura\" \/>\n\t<meta name=\"twitter:data2\" content=\"2 minutos\" \/>\n<script type=\"application\/ld+json\" class=\"yoast-schema-graph\">{\"@context\":\"https:\\\/\\\/schema.org\",\"@graph\":[{\"@type\":\"Article\",\"@id\":\"https:\\\/\\\/centrourbano.com\\\/revista\\\/inmobiliario\\\/apuesta-ica-por-la-industria-inmobiliaria\\\/#article\",\"isPartOf\":{\"@id\":\"https:\\\/\\\/centrourbano.com\\\/revista\\\/inmobiliario\\\/apuesta-ica-por-la-industria-inmobiliaria\\\/\"},\"author\":{\"name\":\"Dinorah Nava\",\"@id\":\"https:\\\/\\\/centrourbano.com\\\/revista\\\/#\\\/schema\\\/person\\\/baa9e569588d5544150642a11ad28b8b\"},\"headline\":\"Apuesta ICA por la industria inmobiliaria\u00a0\",\"datePublished\":\"2015-06-04T14:08:19+00:00\",\"mainEntityOfPage\":{\"@id\":\"https:\\\/\\\/centrourbano.com\\\/revista\\\/inmobiliario\\\/apuesta-ica-por-la-industria-inmobiliaria\\\/\"},\"wordCount\":375,\"commentCount\":0,\"publisher\":{\"@id\":\"https:\\\/\\\/centrourbano.com\\\/revista\\\/#organization\"},\"image\":{\"@id\":\"https:\\\/\\\/centrourbano.com\\\/revista\\\/inmobiliario\\\/apuesta-ica-por-la-industria-inmobiliaria\\\/#primaryimage\"},\"thumbnailUrl\":\"https:\\\/\\\/centrourbano.com\\\/revista\\\/wp-content\\\/uploads\\\/Aak-Bal-Marina.jpg\",\"keywords\":[\"ICA\",\"inmobiliario\"],\"articleSection\":[\"Inmobiliario\"],\"inLanguage\":\"es\",\"potentialAction\":[{\"@type\":\"CommentAction\",\"name\":\"Comment\",\"target\":[\"https:\\\/\\\/centrourbano.com\\\/revista\\\/inmobiliario\\\/apuesta-ica-por-la-industria-inmobiliaria\\\/#respond\"]}]},{\"@type\":\"WebPage\",\"@id\":\"https:\\\/\\\/centrourbano.com\\\/revista\\\/inmobiliario\\\/apuesta-ica-por-la-industria-inmobiliaria\\\/\",\"url\":\"https:\\\/\\\/centrourbano.com\\\/revista\\\/inmobiliario\\\/apuesta-ica-por-la-industria-inmobiliaria\\\/\",\"name\":\"Apuesta ICA por la industria inmobiliaria\u00a0 -\",\"isPartOf\":{\"@id\":\"https:\\\/\\\/centrourbano.com\\\/revista\\\/#website\"},\"primaryImageOfPage\":{\"@id\":\"https:\\\/\\\/centrourbano.com\\\/revista\\\/inmobiliario\\\/apuesta-ica-por-la-industria-inmobiliaria\\\/#primaryimage\"},\"image\":{\"@id\":\"https:\\\/\\\/centrourbano.com\\\/revista\\\/inmobiliario\\\/apuesta-ica-por-la-industria-inmobiliaria\\\/#primaryimage\"},\"thumbnailUrl\":\"https:\\\/\\\/centrourbano.com\\\/revista\\\/wp-content\\\/uploads\\\/Aak-Bal-Marina.jpg\",\"datePublished\":\"2015-06-04T14:08:19+00:00\",\"description\":\"El presidente de la empresa, Bernardo Quintana Isaac, considera que el crecimiento econ\u00f3mico del pa\u00eds detonar\u00e1 el mercado nacional A lo largo de su\",\"breadcrumb\":{\"@id\":\"https:\\\/\\\/centrourbano.com\\\/revista\\\/inmobiliario\\\/apuesta-ica-por-la-industria-inmobiliaria\\\/#breadcrumb\"},\"inLanguage\":\"es\",\"potentialAction\":[{\"@type\":\"ReadAction\",\"target\":[\"https:\\\/\\\/centrourbano.com\\\/revista\\\/inmobiliario\\\/apuesta-ica-por-la-industria-inmobiliaria\\\/\"]}]},{\"@type\":\"ImageObject\",\"inLanguage\":\"es\",\"@id\":\"https:\\\/\\\/centrourbano.com\\\/revista\\\/inmobiliario\\\/apuesta-ica-por-la-industria-inmobiliaria\\\/#primaryimage\",\"url\":\"https:\\\/\\\/centrourbano.com\\\/revista\\\/wp-content\\\/uploads\\\/Aak-Bal-Marina.jpg\",\"contentUrl\":\"https:\\\/\\\/centrourbano.com\\\/revista\\\/wp-content\\\/uploads\\\/Aak-Bal-Marina.jpg\",\"width\":352,\"height\":283},{\"@type\":\"BreadcrumbList\",\"@id\":\"https:\\\/\\\/centrourbano.com\\\/revista\\\/inmobiliario\\\/apuesta-ica-por-la-industria-inmobiliaria\\\/#breadcrumb\",\"itemListElement\":[{\"@type\":\"ListItem\",\"position\":1,\"name\":\"Portada\",\"item\":\"https:\\\/\\\/centrourbano.com\\\/revista\\\/\"},{\"@type\":\"ListItem\",\"position\":2,\"name\":\"Apuesta ICA por la industria inmobiliaria\u00a0\"}]},{\"@type\":\"WebSite\",\"@id\":\"https:\\\/\\\/centrourbano.com\\\/revista\\\/#website\",\"url\":\"https:\\\/\\\/centrourbano.com\\\/revista\\\/\",\"name\":\"Centro Urbano\",\"description\":\"Medio especializado en los sectores vivienda, inmobiliario, construcci\u00f3n, arquitectura y urbanismo.\",\"publisher\":{\"@id\":\"https:\\\/\\\/centrourbano.com\\\/revista\\\/#organization\"},\"potentialAction\":[{\"@type\":\"SearchAction\",\"target\":{\"@type\":\"EntryPoint\",\"urlTemplate\":\"https:\\\/\\\/centrourbano.com\\\/revista\\\/?s={search_term_string}\"},\"query-input\":{\"@type\":\"PropertyValueSpecification\",\"valueRequired\":true,\"valueName\":\"search_term_string\"}}],\"inLanguage\":\"es\"},{\"@type\":\"Organization\",\"@id\":\"https:\\\/\\\/centrourbano.com\\\/revista\\\/#organization\",\"name\":\"Centro Urbano\",\"url\":\"https:\\\/\\\/centrourbano.com\\\/revista\\\/\",\"logo\":{\"@type\":\"ImageObject\",\"inLanguage\":\"es\",\"@id\":\"https:\\\/\\\/centrourbano.com\\\/revista\\\/#\\\/schema\\\/logo\\\/image\\\/\",\"url\":\"https:\\\/\\\/centrourbano.com\\\/revista\\\/wp-content\\\/uploads\\\/web_CU_logo-1.png\",\"contentUrl\":\"https:\\\/\\\/centrourbano.com\\\/revista\\\/wp-content\\\/uploads\\\/web_CU_logo-1.png\",\"width\":350,\"height\":91,\"caption\":\"Centro Urbano\"},\"image\":{\"@id\":\"https:\\\/\\\/centrourbano.com\\\/revista\\\/#\\\/schema\\\/logo\\\/image\\\/\"},\"sameAs\":[\"https:\\\/\\\/www.facebook.com\\\/portalcentrourbano\",\"https:\\\/\\\/x.com\\\/CentroUrbano\",\"https:\\\/\\\/www.instagram.com\\\/centro_urbano\\\/\",\"https:\\\/\\\/www.linkedin.com\\\/company\\\/centro-urbano\\\/\",\"http:\\\/\\\/www.youtube.com\\\/user\\\/portalcentrourbano\"]},{\"@type\":\"Person\",\"@id\":\"https:\\\/\\\/centrourbano.com\\\/revista\\\/#\\\/schema\\\/person\\\/baa9e569588d5544150642a11ad28b8b\",\"name\":\"Dinorah Nava\",\"image\":{\"@type\":\"ImageObject\",\"inLanguage\":\"es\",\"@id\":\"https:\\\/\\\/secure.gravatar.com\\\/avatar\\\/f6ca6430c51d147f363940f84e1225aa4b8183885c11802cc3b042305a4ecc1a?s=96&d=mm&r=g\",\"url\":\"https:\\\/\\\/secure.gravatar.com\\\/avatar\\\/f6ca6430c51d147f363940f84e1225aa4b8183885c11802cc3b042305a4ecc1a?s=96&d=mm&r=g\",\"contentUrl\":\"https:\\\/\\\/secure.gravatar.com\\\/avatar\\\/f6ca6430c51d147f363940f84e1225aa4b8183885c11802cc3b042305a4ecc1a?s=96&d=mm&r=g\",\"caption\":\"Dinorah Nava\"},\"description\":\"Editora de Contenidos y Estrategias Digitales en Centro Urbano y Coeditora en Peri\u00f3dico Mi Casa. Egresada de la licenciatura en Comunicaci\u00f3n y Periodismo de la Facultad de Estudios Superiores Arag\u00f3n (UNAM). Amante de la edici\u00f3n y correcci\u00f3n de estilo, las redes sociales y el mundo digital. Especialista en temas son arquitectura, inmobiliario y urbanismo.\",\"sameAs\":[\"linkedin.com\\\/in\\\/dinorah-nava\",\"https:\\\/\\\/x.com\\\/https:\\\/\\\/twitter.com\\\/Dinorah_Nava28\"],\"url\":\"https:\\\/\\\/centrourbano.com\\\/revista\\\/author\\\/dinorah-nava\\\/\"}]}<\/script>\n<!-- \/ Yoast SEO plugin. -->","yoast_head_json":{"title":"Apuesta ICA por la industria inmobiliaria\u00a0 -","description":"El presidente de la empresa, Bernardo Quintana Isaac, considera que el crecimiento econ\u00f3mico del pa\u00eds detonar\u00e1 el mercado nacional A lo largo de su","robots":{"index":"index","follow":"follow","max-snippet":"max-snippet:-1","max-image-preview":"max-image-preview:large","max-video-preview":"max-video-preview:-1"},"canonical":"https:\/\/centrourbano.com\/revista\/inmobiliario\/apuesta-ica-por-la-industria-inmobiliaria\/","og_locale":"es_ES","og_type":"article","og_title":"Apuesta ICA por la industria inmobiliaria\u00a0 -","og_description":"El presidente de la empresa, Bernardo Quintana Isaac, considera que el crecimiento econ\u00f3mico del pa\u00eds detonar\u00e1 el mercado nacional A lo largo de su","og_url":"https:\/\/centrourbano.com\/revista\/inmobiliario\/apuesta-ica-por-la-industria-inmobiliaria\/","og_site_name":"Centro Urbano","article_publisher":"https:\/\/www.facebook.com\/portalcentrourbano","article_published_time":"2015-06-04T14:08:19+00:00","og_image":[{"width":352,"height":283,"url":"https:\/\/centrourbano.com\/revista\/wp-content\/uploads\/Aak-Bal-Marina.jpg","type":"image\/jpeg"}],"author":"Dinorah Nava","twitter_card":"summary_large_image","twitter_creator":"@https:\/\/twitter.com\/Dinorah_Nava28","twitter_site":"@CentroUrbano","twitter_misc":{"Escrito por":"Dinorah Nava","Tiempo de lectura":"2 minutos"},"schema":{"@context":"https:\/\/schema.org","@graph":[{"@type":"Article","@id":"https:\/\/centrourbano.com\/revista\/inmobiliario\/apuesta-ica-por-la-industria-inmobiliaria\/#article","isPartOf":{"@id":"https:\/\/centrourbano.com\/revista\/inmobiliario\/apuesta-ica-por-la-industria-inmobiliaria\/"},"author":{"name":"Dinorah Nava","@id":"https:\/\/centrourbano.com\/revista\/#\/schema\/person\/baa9e569588d5544150642a11ad28b8b"},"headline":"Apuesta ICA por la industria inmobiliaria\u00a0","datePublished":"2015-06-04T14:08:19+00:00","mainEntityOfPage":{"@id":"https:\/\/centrourbano.com\/revista\/inmobiliario\/apuesta-ica-por-la-industria-inmobiliaria\/"},"wordCount":375,"commentCount":0,"publisher":{"@id":"https:\/\/centrourbano.com\/revista\/#organization"},"image":{"@id":"https:\/\/centrourbano.com\/revista\/inmobiliario\/apuesta-ica-por-la-industria-inmobiliaria\/#primaryimage"},"thumbnailUrl":"https:\/\/centrourbano.com\/revista\/wp-content\/uploads\/Aak-Bal-Marina.jpg","keywords":["ICA","inmobiliario"],"articleSection":["Inmobiliario"],"inLanguage":"es","potentialAction":[{"@type":"CommentAction","name":"Comment","target":["https:\/\/centrourbano.com\/revista\/inmobiliario\/apuesta-ica-por-la-industria-inmobiliaria\/#respond"]}]},{"@type":"WebPage","@id":"https:\/\/centrourbano.com\/revista\/inmobiliario\/apuesta-ica-por-la-industria-inmobiliaria\/","url":"https:\/\/centrourbano.com\/revista\/inmobiliario\/apuesta-ica-por-la-industria-inmobiliaria\/","name":"Apuesta ICA por la industria inmobiliaria\u00a0 -","isPartOf":{"@id":"https:\/\/centrourbano.com\/revista\/#website"},"primaryImageOfPage":{"@id":"https:\/\/centrourbano.com\/revista\/inmobiliario\/apuesta-ica-por-la-industria-inmobiliaria\/#primaryimage"},"image":{"@id":"https:\/\/centrourbano.com\/revista\/inmobiliario\/apuesta-ica-por-la-industria-inmobiliaria\/#primaryimage"},"thumbnailUrl":"https:\/\/centrourbano.com\/revista\/wp-content\/uploads\/Aak-Bal-Marina.jpg","datePublished":"2015-06-04T14:08:19+00:00","description":"El presidente de la empresa, Bernardo Quintana Isaac, considera que el crecimiento econ\u00f3mico del pa\u00eds detonar\u00e1 el mercado nacional A lo largo de su","breadcrumb":{"@id":"https:\/\/centrourbano.com\/revista\/inmobiliario\/apuesta-ica-por-la-industria-inmobiliaria\/#breadcrumb"},"inLanguage":"es","potentialAction":[{"@type":"ReadAction","target":["https:\/\/centrourbano.com\/revista\/inmobiliario\/apuesta-ica-por-la-industria-inmobiliaria\/"]}]},{"@type":"ImageObject","inLanguage":"es","@id":"https:\/\/centrourbano.com\/revista\/inmobiliario\/apuesta-ica-por-la-industria-inmobiliaria\/#primaryimage","url":"https:\/\/centrourbano.com\/revista\/wp-content\/uploads\/Aak-Bal-Marina.jpg","contentUrl":"https:\/\/centrourbano.com\/revista\/wp-content\/uploads\/Aak-Bal-Marina.jpg","width":352,"height":283},{"@type":"BreadcrumbList","@id":"https:\/\/centrourbano.com\/revista\/inmobiliario\/apuesta-ica-por-la-industria-inmobiliaria\/#breadcrumb","itemListElement":[{"@type":"ListItem","position":1,"name":"Portada","item":"https:\/\/centrourbano.com\/revista\/"},{"@type":"ListItem","position":2,"name":"Apuesta ICA por la industria inmobiliaria\u00a0"}]},{"@type":"WebSite","@id":"https:\/\/centrourbano.com\/revista\/#website","url":"https:\/\/centrourbano.com\/revista\/","name":"Centro Urbano","description":"Medio especializado en los sectores vivienda, inmobiliario, construcci\u00f3n, arquitectura y urbanismo.","publisher":{"@id":"https:\/\/centrourbano.com\/revista\/#organization"},"potentialAction":[{"@type":"SearchAction","target":{"@type":"EntryPoint","urlTemplate":"https:\/\/centrourbano.com\/revista\/?s={search_term_string}"},"query-input":{"@type":"PropertyValueSpecification","valueRequired":true,"valueName":"search_term_string"}}],"inLanguage":"es"},{"@type":"Organization","@id":"https:\/\/centrourbano.com\/revista\/#organization","name":"Centro Urbano","url":"https:\/\/centrourbano.com\/revista\/","logo":{"@type":"ImageObject","inLanguage":"es","@id":"https:\/\/centrourbano.com\/revista\/#\/schema\/logo\/image\/","url":"https:\/\/centrourbano.com\/revista\/wp-content\/uploads\/web_CU_logo-1.png","contentUrl":"https:\/\/centrourbano.com\/revista\/wp-content\/uploads\/web_CU_logo-1.png","width":350,"height":91,"caption":"Centro Urbano"},"image":{"@id":"https:\/\/centrourbano.com\/revista\/#\/schema\/logo\/image\/"},"sameAs":["https:\/\/www.facebook.com\/portalcentrourbano","https:\/\/x.com\/CentroUrbano","https:\/\/www.instagram.com\/centro_urbano\/","https:\/\/www.linkedin.com\/company\/centro-urbano\/","http:\/\/www.youtube.com\/user\/portalcentrourbano"]},{"@type":"Person","@id":"https:\/\/centrourbano.com\/revista\/#\/schema\/person\/baa9e569588d5544150642a11ad28b8b","name":"Dinorah Nava","image":{"@type":"ImageObject","inLanguage":"es","@id":"https:\/\/secure.gravatar.com\/avatar\/f6ca6430c51d147f363940f84e1225aa4b8183885c11802cc3b042305a4ecc1a?s=96&d=mm&r=g","url":"https:\/\/secure.gravatar.com\/avatar\/f6ca6430c51d147f363940f84e1225aa4b8183885c11802cc3b042305a4ecc1a?s=96&d=mm&r=g","contentUrl":"https:\/\/secure.gravatar.com\/avatar\/f6ca6430c51d147f363940f84e1225aa4b8183885c11802cc3b042305a4ecc1a?s=96&d=mm&r=g","caption":"Dinorah Nava"},"description":"Editora de Contenidos y Estrategias Digitales en Centro Urbano y Coeditora en Peri\u00f3dico Mi Casa. Egresada de la licenciatura en Comunicaci\u00f3n y Periodismo de la Facultad de Estudios Superiores Arag\u00f3n (UNAM). Amante de la edici\u00f3n y correcci\u00f3n de estilo, las redes sociales y el mundo digital. Especialista en temas son arquitectura, inmobiliario y urbanismo.","sameAs":["linkedin.com\/in\/dinorah-nava","https:\/\/x.com\/https:\/\/twitter.com\/Dinorah_Nava28"],"url":"https:\/\/centrourbano.com\/revista\/author\/dinorah-nava\/"}]}},"_links":{"self":[{"href":"https:\/\/centrourbano.com\/revista\/wp-json\/wp\/v2\/posts\/19529","targetHints":{"allow":["GET"]}}],"collection":[{"href":"https:\/\/centrourbano.com\/revista\/wp-json\/wp\/v2\/posts"}],"about":[{"href":"https:\/\/centrourbano.com\/revista\/wp-json\/wp\/v2\/types\/post"}],"author":[{"embeddable":true,"href":"https:\/\/centrourbano.com\/revista\/wp-json\/wp\/v2\/users\/9"}],"replies":[{"embeddable":true,"href":"https:\/\/centrourbano.com\/revista\/wp-json\/wp\/v2\/comments?post=19529"}],"version-history":[{"count":0,"href":"https:\/\/centrourbano.com\/revista\/wp-json\/wp\/v2\/posts\/19529\/revisions"}],"wp:featuredmedia":[{"embeddable":true,"href":"https:\/\/centrourbano.com\/revista\/wp-json\/wp\/v2\/media\/19530"}],"wp:attachment":[{"href":"https:\/\/centrourbano.com\/revista\/wp-json\/wp\/v2\/media?parent=19529"}],"wp:term":[{"taxonomy":"category","embeddable":true,"href":"https:\/\/centrourbano.com\/revista\/wp-json\/wp\/v2\/categories?post=19529"},{"taxonomy":"post_tag","embeddable":true,"href":"https:\/\/centrourbano.com\/revista\/wp-json\/wp\/v2\/tags?post=19529"}],"curies":[{"name":"wp","href":"https:\/\/api.w.org\/{rel}","templated":true}]}}