{"id":19501,"date":"2015-06-03T10:01:44","date_gmt":"2015-06-03T15:01:44","guid":{"rendered":"http:\/\/centrourbano.com\/?p=19501"},"modified":"2015-06-03T11:26:54","modified_gmt":"2015-06-03T16:26:54","slug":"inician-proyecto-de-biblioteca-en-distrito-tec","status":"publish","type":"post","link":"https:\/\/centrourbano.com\/revista\/construccion\/inician-proyecto-de-biblioteca-en-distrito-tec\/","title":{"rendered":"Inicia magno proyecto de biblioteca en Distrito Tec"},"content":{"rendered":"<p>&nbsp;<\/p>\n<p><em>Tendr\u00e1 17,000 metros cuadrados de construcci\u00f3n y terraza con vista al Cerro de la Silla\u00a0<\/em><\/p>\n<p><!--more--><\/p>\n<p>&nbsp;<\/p>\n<p>Como parte de la primera etapa de Distrito Tec, una de las siete iniciativas comprendidas en el Plan Estrat\u00e9gico del Tecnologico de Monterrey hacia 2020, la cual es una zona geogr\u00e1fica conformada por 19 colonias aleda\u00f1as al Campus, se present\u00f3 el proyecto de la nueva biblioteca, que consiste en un edificio de seis pisos.<\/p>\n<p>Ellos albergar\u00e1n el acervo bibliogr\u00e1fico conformado por m\u00e1s de 335,000 libros, \u00e1reas abiertas y espacios de estudio y de reuni\u00f3n, terrazas, un auditorio, \u00e1rea de exhibiciones, y de caf\u00e9 que se conectar\u00e1n mediante una escalera el\u00e9ctrica adem\u00e1s de contar con los est\u00e1ndares de accesibilidad universal; se conservar\u00e1 la columna vertebral del pasillo como conector con otros edificios del campus.<\/p>\n<p>La fachada principal dar\u00e1 hacia los jardines y una gran terraza que tendr\u00e1 como fondo el emblem\u00e1tico Cerro de la Silla. El esquema de construcci\u00f3n est\u00e1 basado en una estrategia de sostenibilidad que aprovechar\u00e1 la luz y ventilaci\u00f3n natural dirigi\u00e9ndolas adecuadamente en los diversos momentos del d\u00eda y de las estaciones del a\u00f1o.<\/p>\n<p>Directivos, profesores, alumnos y personal que integra la Comunidad del Campus Monterrey presenciaron en la Sala Mayor de Rector\u00eda la exposici\u00f3n de la transformaci\u00f3n de la biblioteca que se prev\u00e9 estar\u00e1 lista a partir del primer trimestre de 2017.<\/p>\n<p>Gilberto Rodr\u00edguez, arquitecto que forma parte del equipo encargado, expuso que el inmueble representa un incremento de 40% en las \u00e1reas de trabajo, distribuidos en 17,000 metros cuadrados de construcci\u00f3n, respeta el entorno natural, ofrece tecnolog\u00eda de vanguardia, ofrece accesibilidad universal para personas con discapacidad motriz, con dise\u00f1o y equipo busca la eficiencia energ\u00e9tica.<\/p>\n<p>&nbsp;<\/p>\n<p>&nbsp;<\/p>\n<p>&nbsp;<\/p>\n<p>&nbsp;<\/p>\n<p>&nbsp;<\/p>\n<p>&nbsp;<\/p>\n","protected":false},"excerpt":{"rendered":"<p>&nbsp; Tendr\u00e1 17,000 metros cuadrados de construcci\u00f3n y terraza con vista al Cerro de la Silla\u00a0<\/p>\n","protected":false},"author":5,"featured_media":19502,"comment_status":"open","ping_status":"closed","sticky":false,"template":"","format":"standard","meta":{"om_disable_all_campaigns":false,"inline_featured_image":false,"_monsterinsights_skip_tracking":false,"_monsterinsights_sitenote_active":false,"_monsterinsights_sitenote_note":"","_monsterinsights_sitenote_category":0,"footnotes":""},"categories":[14],"tags":[5284,1081,213],"class_list":["post-19501","post","type-post","status-publish","format-standard","has-post-thumbnail","hentry","category-construccion","tag-biblioteca","tag-distrito-tec","tag-monterrey"],"yoast_head":"<!-- This site is optimized with the Yoast SEO plugin v27.5 - https:\/\/yoast.com\/product\/yoast-seo-wordpress\/ -->\n<title>Inicia magno proyecto de biblioteca en Distrito Tec -<\/title>\n<meta name=\"description\" content=\"&nbsp; Tendr\u00e1 17,000 metros cuadrados de construcci\u00f3n y terraza con vista al Cerro de la Silla\u00a0 &nbsp; Como parte de la primera etapa de Distrito Tec, una\" \/>\n<meta name=\"robots\" content=\"index, follow, max-snippet:-1, max-image-preview:large, max-video-preview:-1\" \/>\n<link rel=\"canonical\" href=\"https:\/\/centrourbano.com\/revista\/construccion\/inician-proyecto-de-biblioteca-en-distrito-tec\/\" \/>\n<meta property=\"og:locale\" content=\"es_ES\" \/>\n<meta property=\"og:type\" content=\"article\" \/>\n<meta property=\"og:title\" content=\"Inicia magno proyecto de biblioteca en Distrito Tec -\" \/>\n<meta property=\"og:description\" content=\"&nbsp; Tendr\u00e1 17,000 metros cuadrados de construcci\u00f3n y terraza con vista al Cerro de la Silla\u00a0 &nbsp; Como parte de la primera etapa de Distrito Tec, una\" \/>\n<meta property=\"og:url\" content=\"https:\/\/centrourbano.com\/revista\/construccion\/inician-proyecto-de-biblioteca-en-distrito-tec\/\" \/>\n<meta property=\"og:site_name\" content=\"Centro Urbano\" \/>\n<meta property=\"article:publisher\" content=\"https:\/\/www.facebook.com\/portalcentrourbano\" \/>\n<meta property=\"article:published_time\" content=\"2015-06-03T15:01:44+00:00\" \/>\n<meta property=\"article:modified_time\" content=\"2015-06-03T16:26:54+00:00\" \/>\n<meta property=\"og:image\" content=\"https:\/\/centrourbano.com\/revista\/wp-content\/uploads\/bibliotecaTEC.jpg\" \/>\n\t<meta property=\"og:image:width\" content=\"640\" \/>\n\t<meta property=\"og:image:height\" content=\"427\" \/>\n\t<meta property=\"og:image:type\" content=\"image\/jpeg\" \/>\n<meta name=\"author\" content=\"Aura Fuentes\" \/>\n<meta name=\"twitter:card\" content=\"summary_large_image\" \/>\n<meta name=\"twitter:creator\" content=\"@CentroUrbano\" \/>\n<meta name=\"twitter:site\" content=\"@CentroUrbano\" \/>\n<meta name=\"twitter:label1\" content=\"Escrito por\" \/>\n\t<meta name=\"twitter:data1\" content=\"Aura Fuentes\" \/>\n\t<meta name=\"twitter:label2\" content=\"Tiempo de lectura\" \/>\n\t<meta name=\"twitter:data2\" content=\"2 minutos\" \/>\n<script type=\"application\/ld+json\" class=\"yoast-schema-graph\">{\"@context\":\"https:\\\/\\\/schema.org\",\"@graph\":[{\"@type\":\"Article\",\"@id\":\"https:\\\/\\\/centrourbano.com\\\/revista\\\/construccion\\\/inician-proyecto-de-biblioteca-en-distrito-tec\\\/#article\",\"isPartOf\":{\"@id\":\"https:\\\/\\\/centrourbano.com\\\/revista\\\/construccion\\\/inician-proyecto-de-biblioteca-en-distrito-tec\\\/\"},\"author\":{\"name\":\"Aura Fuentes\",\"@id\":\"https:\\\/\\\/centrourbano.com\\\/revista\\\/#\\\/schema\\\/person\\\/38a5f013f1017893ef1ef0454a94d0a7\"},\"headline\":\"Inicia magno proyecto de biblioteca en Distrito Tec\",\"datePublished\":\"2015-06-03T15:01:44+00:00\",\"dateModified\":\"2015-06-03T16:26:54+00:00\",\"mainEntityOfPage\":{\"@id\":\"https:\\\/\\\/centrourbano.com\\\/revista\\\/construccion\\\/inician-proyecto-de-biblioteca-en-distrito-tec\\\/\"},\"wordCount\":309,\"commentCount\":0,\"publisher\":{\"@id\":\"https:\\\/\\\/centrourbano.com\\\/revista\\\/#organization\"},\"image\":{\"@id\":\"https:\\\/\\\/centrourbano.com\\\/revista\\\/construccion\\\/inician-proyecto-de-biblioteca-en-distrito-tec\\\/#primaryimage\"},\"thumbnailUrl\":\"https:\\\/\\\/centrourbano.com\\\/revista\\\/wp-content\\\/uploads\\\/bibliotecaTEC.jpg\",\"keywords\":[\"Biblioteca\",\"Distrito Tec\",\"Monterrey\"],\"articleSection\":[\"Construcci\u00f3n\"],\"inLanguage\":\"es\",\"potentialAction\":[{\"@type\":\"CommentAction\",\"name\":\"Comment\",\"target\":[\"https:\\\/\\\/centrourbano.com\\\/revista\\\/construccion\\\/inician-proyecto-de-biblioteca-en-distrito-tec\\\/#respond\"]}]},{\"@type\":\"WebPage\",\"@id\":\"https:\\\/\\\/centrourbano.com\\\/revista\\\/construccion\\\/inician-proyecto-de-biblioteca-en-distrito-tec\\\/\",\"url\":\"https:\\\/\\\/centrourbano.com\\\/revista\\\/construccion\\\/inician-proyecto-de-biblioteca-en-distrito-tec\\\/\",\"name\":\"Inicia magno proyecto de biblioteca en Distrito Tec -\",\"isPartOf\":{\"@id\":\"https:\\\/\\\/centrourbano.com\\\/revista\\\/#website\"},\"primaryImageOfPage\":{\"@id\":\"https:\\\/\\\/centrourbano.com\\\/revista\\\/construccion\\\/inician-proyecto-de-biblioteca-en-distrito-tec\\\/#primaryimage\"},\"image\":{\"@id\":\"https:\\\/\\\/centrourbano.com\\\/revista\\\/construccion\\\/inician-proyecto-de-biblioteca-en-distrito-tec\\\/#primaryimage\"},\"thumbnailUrl\":\"https:\\\/\\\/centrourbano.com\\\/revista\\\/wp-content\\\/uploads\\\/bibliotecaTEC.jpg\",\"datePublished\":\"2015-06-03T15:01:44+00:00\",\"dateModified\":\"2015-06-03T16:26:54+00:00\",\"description\":\"&nbsp; Tendr\u00e1 17,000 metros cuadrados de construcci\u00f3n y terraza con vista al Cerro de la Silla\u00a0 &nbsp; Como parte de la primera etapa de Distrito Tec, una\",\"breadcrumb\":{\"@id\":\"https:\\\/\\\/centrourbano.com\\\/revista\\\/construccion\\\/inician-proyecto-de-biblioteca-en-distrito-tec\\\/#breadcrumb\"},\"inLanguage\":\"es\",\"potentialAction\":[{\"@type\":\"ReadAction\",\"target\":[\"https:\\\/\\\/centrourbano.com\\\/revista\\\/construccion\\\/inician-proyecto-de-biblioteca-en-distrito-tec\\\/\"]}]},{\"@type\":\"ImageObject\",\"inLanguage\":\"es\",\"@id\":\"https:\\\/\\\/centrourbano.com\\\/revista\\\/construccion\\\/inician-proyecto-de-biblioteca-en-distrito-tec\\\/#primaryimage\",\"url\":\"https:\\\/\\\/centrourbano.com\\\/revista\\\/wp-content\\\/uploads\\\/bibliotecaTEC.jpg\",\"contentUrl\":\"https:\\\/\\\/centrourbano.com\\\/revista\\\/wp-content\\\/uploads\\\/bibliotecaTEC.jpg\",\"width\":640,\"height\":427},{\"@type\":\"BreadcrumbList\",\"@id\":\"https:\\\/\\\/centrourbano.com\\\/revista\\\/construccion\\\/inician-proyecto-de-biblioteca-en-distrito-tec\\\/#breadcrumb\",\"itemListElement\":[{\"@type\":\"ListItem\",\"position\":1,\"name\":\"Portada\",\"item\":\"https:\\\/\\\/centrourbano.com\\\/revista\\\/\"},{\"@type\":\"ListItem\",\"position\":2,\"name\":\"Inicia magno proyecto de biblioteca en Distrito Tec\"}]},{\"@type\":\"WebSite\",\"@id\":\"https:\\\/\\\/centrourbano.com\\\/revista\\\/#website\",\"url\":\"https:\\\/\\\/centrourbano.com\\\/revista\\\/\",\"name\":\"Centro Urbano\",\"description\":\"Medio especializado en los sectores vivienda, inmobiliario, construcci\u00f3n, arquitectura y urbanismo.\",\"publisher\":{\"@id\":\"https:\\\/\\\/centrourbano.com\\\/revista\\\/#organization\"},\"potentialAction\":[{\"@type\":\"SearchAction\",\"target\":{\"@type\":\"EntryPoint\",\"urlTemplate\":\"https:\\\/\\\/centrourbano.com\\\/revista\\\/?s={search_term_string}\"},\"query-input\":{\"@type\":\"PropertyValueSpecification\",\"valueRequired\":true,\"valueName\":\"search_term_string\"}}],\"inLanguage\":\"es\"},{\"@type\":\"Organization\",\"@id\":\"https:\\\/\\\/centrourbano.com\\\/revista\\\/#organization\",\"name\":\"Centro Urbano\",\"url\":\"https:\\\/\\\/centrourbano.com\\\/revista\\\/\",\"logo\":{\"@type\":\"ImageObject\",\"inLanguage\":\"es\",\"@id\":\"https:\\\/\\\/centrourbano.com\\\/revista\\\/#\\\/schema\\\/logo\\\/image\\\/\",\"url\":\"https:\\\/\\\/centrourbano.com\\\/revista\\\/wp-content\\\/uploads\\\/web_CU_logo-1.png\",\"contentUrl\":\"https:\\\/\\\/centrourbano.com\\\/revista\\\/wp-content\\\/uploads\\\/web_CU_logo-1.png\",\"width\":350,\"height\":91,\"caption\":\"Centro Urbano\"},\"image\":{\"@id\":\"https:\\\/\\\/centrourbano.com\\\/revista\\\/#\\\/schema\\\/logo\\\/image\\\/\"},\"sameAs\":[\"https:\\\/\\\/www.facebook.com\\\/portalcentrourbano\",\"https:\\\/\\\/x.com\\\/CentroUrbano\",\"https:\\\/\\\/www.instagram.com\\\/centro_urbano\\\/\",\"https:\\\/\\\/www.linkedin.com\\\/company\\\/centro-urbano\\\/\",\"http:\\\/\\\/www.youtube.com\\\/user\\\/portalcentrourbano\"]},{\"@type\":\"Person\",\"@id\":\"https:\\\/\\\/centrourbano.com\\\/revista\\\/#\\\/schema\\\/person\\\/38a5f013f1017893ef1ef0454a94d0a7\",\"name\":\"Aura Fuentes\",\"image\":{\"@type\":\"ImageObject\",\"inLanguage\":\"es\",\"@id\":\"https:\\\/\\\/secure.gravatar.com\\\/avatar\\\/d4d494c7466b3a8e92935aa38a4205c72303f888e06051bec24b2018c769f20a?s=96&d=mm&r=g\",\"url\":\"https:\\\/\\\/secure.gravatar.com\\\/avatar\\\/d4d494c7466b3a8e92935aa38a4205c72303f888e06051bec24b2018c769f20a?s=96&d=mm&r=g\",\"contentUrl\":\"https:\\\/\\\/secure.gravatar.com\\\/avatar\\\/d4d494c7466b3a8e92935aa38a4205c72303f888e06051bec24b2018c769f20a?s=96&d=mm&r=g\",\"caption\":\"Aura Fuentes\"},\"description\":\"Egresada de la carrera de Comunicaci\u00f3n y Periodismo en la FES Arag\u00f3n, UNAM. Aunque se especializ\u00f3 en Televisi\u00f3n prefiere estar detr\u00e1s de una computadora haciendo lo que m\u00e1s le gusta: escribir. Su mayor experiencia como profesionista la obtuvo en Diario de M\u00e9xico Edici\u00f3n USA, donde fungi\u00f3 como coordinadora editorial. Siempre perfeccionista y responsable, ahora se desempe\u00f1a como Editora en Jefe dentro de Centro Urbano.\",\"sameAs\":[\"http:\\\/\\\/@Aura_CU\"],\"url\":\"https:\\\/\\\/centrourbano.com\\\/revista\\\/author\\\/aura-fuentes\\\/\"}]}<\/script>\n<!-- \/ Yoast SEO plugin. -->","yoast_head_json":{"title":"Inicia magno proyecto de biblioteca en Distrito Tec -","description":"&nbsp; Tendr\u00e1 17,000 metros cuadrados de construcci\u00f3n y terraza con vista al Cerro de la Silla\u00a0 &nbsp; Como parte de la primera etapa de Distrito Tec, una","robots":{"index":"index","follow":"follow","max-snippet":"max-snippet:-1","max-image-preview":"max-image-preview:large","max-video-preview":"max-video-preview:-1"},"canonical":"https:\/\/centrourbano.com\/revista\/construccion\/inician-proyecto-de-biblioteca-en-distrito-tec\/","og_locale":"es_ES","og_type":"article","og_title":"Inicia magno proyecto de biblioteca en Distrito Tec -","og_description":"&nbsp; Tendr\u00e1 17,000 metros cuadrados de construcci\u00f3n y terraza con vista al Cerro de la Silla\u00a0 &nbsp; Como parte de la primera etapa de Distrito Tec, una","og_url":"https:\/\/centrourbano.com\/revista\/construccion\/inician-proyecto-de-biblioteca-en-distrito-tec\/","og_site_name":"Centro Urbano","article_publisher":"https:\/\/www.facebook.com\/portalcentrourbano","article_published_time":"2015-06-03T15:01:44+00:00","article_modified_time":"2015-06-03T16:26:54+00:00","og_image":[{"width":640,"height":427,"url":"https:\/\/centrourbano.com\/revista\/wp-content\/uploads\/bibliotecaTEC.jpg","type":"image\/jpeg"}],"author":"Aura Fuentes","twitter_card":"summary_large_image","twitter_creator":"@CentroUrbano","twitter_site":"@CentroUrbano","twitter_misc":{"Escrito por":"Aura Fuentes","Tiempo de lectura":"2 minutos"},"schema":{"@context":"https:\/\/schema.org","@graph":[{"@type":"Article","@id":"https:\/\/centrourbano.com\/revista\/construccion\/inician-proyecto-de-biblioteca-en-distrito-tec\/#article","isPartOf":{"@id":"https:\/\/centrourbano.com\/revista\/construccion\/inician-proyecto-de-biblioteca-en-distrito-tec\/"},"author":{"name":"Aura Fuentes","@id":"https:\/\/centrourbano.com\/revista\/#\/schema\/person\/38a5f013f1017893ef1ef0454a94d0a7"},"headline":"Inicia magno proyecto de biblioteca en Distrito Tec","datePublished":"2015-06-03T15:01:44+00:00","dateModified":"2015-06-03T16:26:54+00:00","mainEntityOfPage":{"@id":"https:\/\/centrourbano.com\/revista\/construccion\/inician-proyecto-de-biblioteca-en-distrito-tec\/"},"wordCount":309,"commentCount":0,"publisher":{"@id":"https:\/\/centrourbano.com\/revista\/#organization"},"image":{"@id":"https:\/\/centrourbano.com\/revista\/construccion\/inician-proyecto-de-biblioteca-en-distrito-tec\/#primaryimage"},"thumbnailUrl":"https:\/\/centrourbano.com\/revista\/wp-content\/uploads\/bibliotecaTEC.jpg","keywords":["Biblioteca","Distrito Tec","Monterrey"],"articleSection":["Construcci\u00f3n"],"inLanguage":"es","potentialAction":[{"@type":"CommentAction","name":"Comment","target":["https:\/\/centrourbano.com\/revista\/construccion\/inician-proyecto-de-biblioteca-en-distrito-tec\/#respond"]}]},{"@type":"WebPage","@id":"https:\/\/centrourbano.com\/revista\/construccion\/inician-proyecto-de-biblioteca-en-distrito-tec\/","url":"https:\/\/centrourbano.com\/revista\/construccion\/inician-proyecto-de-biblioteca-en-distrito-tec\/","name":"Inicia magno proyecto de biblioteca en Distrito Tec -","isPartOf":{"@id":"https:\/\/centrourbano.com\/revista\/#website"},"primaryImageOfPage":{"@id":"https:\/\/centrourbano.com\/revista\/construccion\/inician-proyecto-de-biblioteca-en-distrito-tec\/#primaryimage"},"image":{"@id":"https:\/\/centrourbano.com\/revista\/construccion\/inician-proyecto-de-biblioteca-en-distrito-tec\/#primaryimage"},"thumbnailUrl":"https:\/\/centrourbano.com\/revista\/wp-content\/uploads\/bibliotecaTEC.jpg","datePublished":"2015-06-03T15:01:44+00:00","dateModified":"2015-06-03T16:26:54+00:00","description":"&nbsp; Tendr\u00e1 17,000 metros cuadrados de construcci\u00f3n y terraza con vista al Cerro de la Silla\u00a0 &nbsp; Como parte de la primera etapa de Distrito Tec, una","breadcrumb":{"@id":"https:\/\/centrourbano.com\/revista\/construccion\/inician-proyecto-de-biblioteca-en-distrito-tec\/#breadcrumb"},"inLanguage":"es","potentialAction":[{"@type":"ReadAction","target":["https:\/\/centrourbano.com\/revista\/construccion\/inician-proyecto-de-biblioteca-en-distrito-tec\/"]}]},{"@type":"ImageObject","inLanguage":"es","@id":"https:\/\/centrourbano.com\/revista\/construccion\/inician-proyecto-de-biblioteca-en-distrito-tec\/#primaryimage","url":"https:\/\/centrourbano.com\/revista\/wp-content\/uploads\/bibliotecaTEC.jpg","contentUrl":"https:\/\/centrourbano.com\/revista\/wp-content\/uploads\/bibliotecaTEC.jpg","width":640,"height":427},{"@type":"BreadcrumbList","@id":"https:\/\/centrourbano.com\/revista\/construccion\/inician-proyecto-de-biblioteca-en-distrito-tec\/#breadcrumb","itemListElement":[{"@type":"ListItem","position":1,"name":"Portada","item":"https:\/\/centrourbano.com\/revista\/"},{"@type":"ListItem","position":2,"name":"Inicia magno proyecto de biblioteca en Distrito Tec"}]},{"@type":"WebSite","@id":"https:\/\/centrourbano.com\/revista\/#website","url":"https:\/\/centrourbano.com\/revista\/","name":"Centro Urbano","description":"Medio especializado en los sectores vivienda, inmobiliario, construcci\u00f3n, arquitectura y urbanismo.","publisher":{"@id":"https:\/\/centrourbano.com\/revista\/#organization"},"potentialAction":[{"@type":"SearchAction","target":{"@type":"EntryPoint","urlTemplate":"https:\/\/centrourbano.com\/revista\/?s={search_term_string}"},"query-input":{"@type":"PropertyValueSpecification","valueRequired":true,"valueName":"search_term_string"}}],"inLanguage":"es"},{"@type":"Organization","@id":"https:\/\/centrourbano.com\/revista\/#organization","name":"Centro Urbano","url":"https:\/\/centrourbano.com\/revista\/","logo":{"@type":"ImageObject","inLanguage":"es","@id":"https:\/\/centrourbano.com\/revista\/#\/schema\/logo\/image\/","url":"https:\/\/centrourbano.com\/revista\/wp-content\/uploads\/web_CU_logo-1.png","contentUrl":"https:\/\/centrourbano.com\/revista\/wp-content\/uploads\/web_CU_logo-1.png","width":350,"height":91,"caption":"Centro Urbano"},"image":{"@id":"https:\/\/centrourbano.com\/revista\/#\/schema\/logo\/image\/"},"sameAs":["https:\/\/www.facebook.com\/portalcentrourbano","https:\/\/x.com\/CentroUrbano","https:\/\/www.instagram.com\/centro_urbano\/","https:\/\/www.linkedin.com\/company\/centro-urbano\/","http:\/\/www.youtube.com\/user\/portalcentrourbano"]},{"@type":"Person","@id":"https:\/\/centrourbano.com\/revista\/#\/schema\/person\/38a5f013f1017893ef1ef0454a94d0a7","name":"Aura Fuentes","image":{"@type":"ImageObject","inLanguage":"es","@id":"https:\/\/secure.gravatar.com\/avatar\/d4d494c7466b3a8e92935aa38a4205c72303f888e06051bec24b2018c769f20a?s=96&d=mm&r=g","url":"https:\/\/secure.gravatar.com\/avatar\/d4d494c7466b3a8e92935aa38a4205c72303f888e06051bec24b2018c769f20a?s=96&d=mm&r=g","contentUrl":"https:\/\/secure.gravatar.com\/avatar\/d4d494c7466b3a8e92935aa38a4205c72303f888e06051bec24b2018c769f20a?s=96&d=mm&r=g","caption":"Aura Fuentes"},"description":"Egresada de la carrera de Comunicaci\u00f3n y Periodismo en la FES Arag\u00f3n, UNAM. Aunque se especializ\u00f3 en Televisi\u00f3n prefiere estar detr\u00e1s de una computadora haciendo lo que m\u00e1s le gusta: escribir. Su mayor experiencia como profesionista la obtuvo en Diario de M\u00e9xico Edici\u00f3n USA, donde fungi\u00f3 como coordinadora editorial. Siempre perfeccionista y responsable, ahora se desempe\u00f1a como Editora en Jefe dentro de Centro Urbano.","sameAs":["http:\/\/@Aura_CU"],"url":"https:\/\/centrourbano.com\/revista\/author\/aura-fuentes\/"}]}},"_links":{"self":[{"href":"https:\/\/centrourbano.com\/revista\/wp-json\/wp\/v2\/posts\/19501","targetHints":{"allow":["GET"]}}],"collection":[{"href":"https:\/\/centrourbano.com\/revista\/wp-json\/wp\/v2\/posts"}],"about":[{"href":"https:\/\/centrourbano.com\/revista\/wp-json\/wp\/v2\/types\/post"}],"author":[{"embeddable":true,"href":"https:\/\/centrourbano.com\/revista\/wp-json\/wp\/v2\/users\/5"}],"replies":[{"embeddable":true,"href":"https:\/\/centrourbano.com\/revista\/wp-json\/wp\/v2\/comments?post=19501"}],"version-history":[{"count":0,"href":"https:\/\/centrourbano.com\/revista\/wp-json\/wp\/v2\/posts\/19501\/revisions"}],"wp:featuredmedia":[{"embeddable":true,"href":"https:\/\/centrourbano.com\/revista\/wp-json\/wp\/v2\/media\/19502"}],"wp:attachment":[{"href":"https:\/\/centrourbano.com\/revista\/wp-json\/wp\/v2\/media?parent=19501"}],"wp:term":[{"taxonomy":"category","embeddable":true,"href":"https:\/\/centrourbano.com\/revista\/wp-json\/wp\/v2\/categories?post=19501"},{"taxonomy":"post_tag","embeddable":true,"href":"https:\/\/centrourbano.com\/revista\/wp-json\/wp\/v2\/tags?post=19501"}],"curies":[{"name":"wp","href":"https:\/\/api.w.org\/{rel}","templated":true}]}}