{"id":19465,"date":"2015-06-02T11:48:46","date_gmt":"2015-06-02T16:48:46","guid":{"rendered":"http:\/\/centrourbano.com\/?p=19465"},"modified":"2015-06-02T11:52:34","modified_gmt":"2015-06-02T16:52:34","slug":"mexico-fortalece-su-infraestructura-portuaria","status":"publish","type":"post","link":"https:\/\/centrourbano.com\/revista\/construccion\/mexico-fortalece-su-infraestructura-portuaria\/","title":{"rendered":"M\u00e9xico fortalece su infraestructura portuaria"},"content":{"rendered":"<p><em>Los sistemas del del Golfo y el del Pac\u00edfico se complementar\u00e1n entre s\u00ed y estar\u00e1n conectados a trav\u00e9s de tres Corredores Econ\u00f3micos Interoce\u00e1nicos Multimodales<\/em><!--more--><\/p>\n<p>El d\u00eda de ayer el presidente Enrique Pe\u00f1a Nieto encabez\u00f3 la ceremonia de conmemoraci\u00f3n del D\u00eda de la Marina, en donde\u00a0 destac\u00f3 la importancia que tiene el sector mar\u00edtimo nacional, el cual representa una puerta al mundo y un puente a los mercados globales.<\/p>\n<p>En ese sentido, refiri\u00f3 que gracias a la ubicaci\u00f3n geogr\u00e1fica, se trabaja para que el pa\u00eds se consolide como una plataforma log\u00edstica natural, privilegiada y \u00fanica para el comercio mar\u00edtimo.<\/p>\n<p>De ah\u00ed la importancia de fortalecer la infraestructura portuaria del pa\u00eds a fin de incrementar la capacidad de cada puerto para poder articularlos como parte integral de la infraestructura log\u00edstica nacional, por lo que se trabaja en la consolidaci\u00f3n de dos sistemas portuarios: el del Golfo y el del Pac\u00edfico.<\/p>\n<p>Por tal motivo,\u00a0precis\u00f3 que ambos sistemas se complementar\u00e1n entre s\u00ed, y estar\u00e1n conectados a trav\u00e9s de tres Corredores Econ\u00f3micos Interoce\u00e1nicos Multimodales, a trav\u00e9s de los cuales, el crecimiento de cada puerto contribuir\u00e1 a elevar la competitividad de la econom\u00eda nacional.<\/p>\n<p>Se trata del corredor del Norte, que va de Mazatl\u00e1n a Matamoros y Altamira; el del Centro, que une a Manzanillo y L\u00e1zaro C\u00e1rdenas con Veracruz y Tuxpan; y el corredor Interoce\u00e1nico del Istmo de Tehuantepec, que va de Salina Cruz a Coatzacoalcos.<\/p>\n<p>Adem\u00e1s, se est\u00e1n modernizando diversos puertos e instalaciones mar\u00edtimas relacionadas con la actividad petrolera y energ\u00e9tica del pa\u00eds como Ciudad del Carmen y Seybaplaya, en Campeche, as\u00ed como los de Matamoros y Altamira, en Tamaulipas.<\/p>\n<p>Por su parte, el gobernador de Baja California, Francisco Arturo Vega de Lamadrid, destac\u00f3 que las obras de infraestructura que se realizan en Ensenada, y en general en Baja California, impulsar\u00e1n en log\u00edstica y movimiento de carga, donde todos los agentes econ\u00f3micos de la regi\u00f3n podr\u00e1n potencializar sus inversiones y exportaciones al resto del mundo.<\/p>\n<p>Adem\u00e1s, con las inversiones en infraestructura portuaria, el estado podr\u00e1 ofrecer mejores condiciones y costos log\u00edsticos atractivos a empresas establecidas en la entidad, que aprovechan su posici\u00f3n geogr\u00e1fica privilegiada.<\/p>\n<p>Por su parte, el secretario de Comunicaciones y Transportes, Gerardo Ruiz Esparza, destac\u00f3 que al final de la administraci\u00f3n se habr\u00e1 duplicado la capacidad operativa portuaria, al pasar de una movilizaci\u00f3n de 260 a m\u00e1s de 500\u00a0millones de toneladas de carga anuales, mediante la modernizaci\u00f3n y la ampliaci\u00f3n de los puertos de Altamira, L\u00e1zaro C\u00e1rdenas, Manzanillo y de manera especial, el nuevo puerto de Veracruz.<\/p>\n","protected":false},"excerpt":{"rendered":"<p>Los sistemas del del Golfo y el del Pac\u00edfico se complementar\u00e1n entre s\u00ed y estar\u00e1n conectados a trav\u00e9s de tres Corredores Econ\u00f3micos Interoce\u00e1nicos Multimodales<\/p>\n","protected":false},"author":9,"featured_media":19466,"comment_status":"open","ping_status":"closed","sticky":false,"template":"","format":"standard","meta":{"om_disable_all_campaigns":false,"inline_featured_image":false,"_monsterinsights_skip_tracking":false,"_monsterinsights_sitenote_active":false,"_monsterinsights_sitenote_note":"","_monsterinsights_sitenote_category":0,"footnotes":""},"categories":[14],"tags":[1490,799,29],"class_list":["post-19465","post","type-post","status-publish","format-standard","has-post-thumbnail","hentry","category-construccion","tag-infraestructura-portuaria","tag-puertos","tag-sct"],"yoast_head":"<!-- This site is optimized with the Yoast SEO plugin v27.4 - https:\/\/yoast.com\/product\/yoast-seo-wordpress\/ -->\n<title>M\u00e9xico fortalece su infraestructura portuaria -<\/title>\n<meta name=\"description\" content=\"Los sistemas del del Golfo y el del Pac\u00edfico se complementar\u00e1n entre s\u00ed y estar\u00e1n conectados a trav\u00e9s de tres Corredores Econ\u00f3micos Interoce\u00e1nicos\" \/>\n<meta name=\"robots\" content=\"index, follow, max-snippet:-1, max-image-preview:large, max-video-preview:-1\" \/>\n<link rel=\"canonical\" href=\"https:\/\/centrourbano.com\/revista\/construccion\/mexico-fortalece-su-infraestructura-portuaria\/\" \/>\n<meta property=\"og:locale\" content=\"es_ES\" \/>\n<meta property=\"og:type\" content=\"article\" \/>\n<meta property=\"og:title\" content=\"M\u00e9xico fortalece su infraestructura portuaria -\" \/>\n<meta property=\"og:description\" content=\"Los sistemas del del Golfo y el del Pac\u00edfico se complementar\u00e1n entre s\u00ed y estar\u00e1n conectados a trav\u00e9s de tres Corredores Econ\u00f3micos Interoce\u00e1nicos\" \/>\n<meta property=\"og:url\" content=\"https:\/\/centrourbano.com\/revista\/construccion\/mexico-fortalece-su-infraestructura-portuaria\/\" \/>\n<meta property=\"og:site_name\" content=\"Centro Urbano\" \/>\n<meta property=\"article:publisher\" content=\"https:\/\/www.facebook.com\/portalcentrourbano\" \/>\n<meta property=\"article:published_time\" content=\"2015-06-02T16:48:46+00:00\" \/>\n<meta property=\"article:modified_time\" content=\"2015-06-02T16:52:34+00:00\" \/>\n<meta property=\"og:image\" content=\"https:\/\/centrourbano.com\/revista\/wp-content\/uploads\/puertos-e1433263715591.png\" \/>\n\t<meta property=\"og:image:width\" content=\"800\" \/>\n\t<meta property=\"og:image:height\" content=\"483\" \/>\n\t<meta property=\"og:image:type\" content=\"image\/png\" \/>\n<meta name=\"author\" content=\"Dinorah Nava\" \/>\n<meta name=\"twitter:card\" content=\"summary_large_image\" \/>\n<meta name=\"twitter:creator\" content=\"@https:\/\/twitter.com\/Dinorah_Nava28\" \/>\n<meta name=\"twitter:site\" content=\"@CentroUrbano\" \/>\n<meta name=\"twitter:label1\" content=\"Escrito por\" \/>\n\t<meta name=\"twitter:data1\" content=\"Dinorah Nava\" \/>\n\t<meta name=\"twitter:label2\" content=\"Tiempo de lectura\" \/>\n\t<meta name=\"twitter:data2\" content=\"2 minutos\" \/>\n<script type=\"application\/ld+json\" class=\"yoast-schema-graph\">{\"@context\":\"https:\\\/\\\/schema.org\",\"@graph\":[{\"@type\":\"Article\",\"@id\":\"https:\\\/\\\/centrourbano.com\\\/revista\\\/construccion\\\/mexico-fortalece-su-infraestructura-portuaria\\\/#article\",\"isPartOf\":{\"@id\":\"https:\\\/\\\/centrourbano.com\\\/revista\\\/construccion\\\/mexico-fortalece-su-infraestructura-portuaria\\\/\"},\"author\":{\"name\":\"Dinorah Nava\",\"@id\":\"https:\\\/\\\/centrourbano.com\\\/revista\\\/#\\\/schema\\\/person\\\/b45db815d96831257ba428a3d5a5fbdc\"},\"headline\":\"M\u00e9xico fortalece su infraestructura portuaria\",\"datePublished\":\"2015-06-02T16:48:46+00:00\",\"dateModified\":\"2015-06-02T16:52:34+00:00\",\"mainEntityOfPage\":{\"@id\":\"https:\\\/\\\/centrourbano.com\\\/revista\\\/construccion\\\/mexico-fortalece-su-infraestructura-portuaria\\\/\"},\"wordCount\":473,\"commentCount\":0,\"publisher\":{\"@id\":\"https:\\\/\\\/centrourbano.com\\\/revista\\\/#organization\"},\"image\":{\"@id\":\"https:\\\/\\\/centrourbano.com\\\/revista\\\/construccion\\\/mexico-fortalece-su-infraestructura-portuaria\\\/#primaryimage\"},\"thumbnailUrl\":\"https:\\\/\\\/centrourbano.com\\\/revista\\\/wp-content\\\/uploads\\\/puertos-e1433263715591.png\",\"keywords\":[\"infraestructura portuaria\",\"puertos\",\"SCT\"],\"articleSection\":[\"Construcci\u00f3n\"],\"inLanguage\":\"es\",\"potentialAction\":[{\"@type\":\"CommentAction\",\"name\":\"Comment\",\"target\":[\"https:\\\/\\\/centrourbano.com\\\/revista\\\/construccion\\\/mexico-fortalece-su-infraestructura-portuaria\\\/#respond\"]}]},{\"@type\":\"WebPage\",\"@id\":\"https:\\\/\\\/centrourbano.com\\\/revista\\\/construccion\\\/mexico-fortalece-su-infraestructura-portuaria\\\/\",\"url\":\"https:\\\/\\\/centrourbano.com\\\/revista\\\/construccion\\\/mexico-fortalece-su-infraestructura-portuaria\\\/\",\"name\":\"M\u00e9xico fortalece su infraestructura portuaria -\",\"isPartOf\":{\"@id\":\"https:\\\/\\\/centrourbano.com\\\/revista\\\/#website\"},\"primaryImageOfPage\":{\"@id\":\"https:\\\/\\\/centrourbano.com\\\/revista\\\/construccion\\\/mexico-fortalece-su-infraestructura-portuaria\\\/#primaryimage\"},\"image\":{\"@id\":\"https:\\\/\\\/centrourbano.com\\\/revista\\\/construccion\\\/mexico-fortalece-su-infraestructura-portuaria\\\/#primaryimage\"},\"thumbnailUrl\":\"https:\\\/\\\/centrourbano.com\\\/revista\\\/wp-content\\\/uploads\\\/puertos-e1433263715591.png\",\"datePublished\":\"2015-06-02T16:48:46+00:00\",\"dateModified\":\"2015-06-02T16:52:34+00:00\",\"description\":\"Los sistemas del del Golfo y el del Pac\u00edfico se complementar\u00e1n entre s\u00ed y estar\u00e1n conectados a trav\u00e9s de tres Corredores Econ\u00f3micos Interoce\u00e1nicos\",\"breadcrumb\":{\"@id\":\"https:\\\/\\\/centrourbano.com\\\/revista\\\/construccion\\\/mexico-fortalece-su-infraestructura-portuaria\\\/#breadcrumb\"},\"inLanguage\":\"es\",\"potentialAction\":[{\"@type\":\"ReadAction\",\"target\":[\"https:\\\/\\\/centrourbano.com\\\/revista\\\/construccion\\\/mexico-fortalece-su-infraestructura-portuaria\\\/\"]}]},{\"@type\":\"ImageObject\",\"inLanguage\":\"es\",\"@id\":\"https:\\\/\\\/centrourbano.com\\\/revista\\\/construccion\\\/mexico-fortalece-su-infraestructura-portuaria\\\/#primaryimage\",\"url\":\"https:\\\/\\\/centrourbano.com\\\/revista\\\/wp-content\\\/uploads\\\/puertos-e1433263715591.png\",\"contentUrl\":\"https:\\\/\\\/centrourbano.com\\\/revista\\\/wp-content\\\/uploads\\\/puertos-e1433263715591.png\",\"width\":800,\"height\":483},{\"@type\":\"BreadcrumbList\",\"@id\":\"https:\\\/\\\/centrourbano.com\\\/revista\\\/construccion\\\/mexico-fortalece-su-infraestructura-portuaria\\\/#breadcrumb\",\"itemListElement\":[{\"@type\":\"ListItem\",\"position\":1,\"name\":\"Portada\",\"item\":\"https:\\\/\\\/centrourbano.com\\\/revista\\\/\"},{\"@type\":\"ListItem\",\"position\":2,\"name\":\"M\u00e9xico fortalece su infraestructura portuaria\"}]},{\"@type\":\"WebSite\",\"@id\":\"https:\\\/\\\/centrourbano.com\\\/revista\\\/#website\",\"url\":\"https:\\\/\\\/centrourbano.com\\\/revista\\\/\",\"name\":\"Centro Urbano\",\"description\":\"Medio especializado en los sectores vivienda, inmobiliario, construcci\u00f3n, arquitectura y urbanismo.\",\"publisher\":{\"@id\":\"https:\\\/\\\/centrourbano.com\\\/revista\\\/#organization\"},\"potentialAction\":[{\"@type\":\"SearchAction\",\"target\":{\"@type\":\"EntryPoint\",\"urlTemplate\":\"https:\\\/\\\/centrourbano.com\\\/revista\\\/?s={search_term_string}\"},\"query-input\":{\"@type\":\"PropertyValueSpecification\",\"valueRequired\":true,\"valueName\":\"search_term_string\"}}],\"inLanguage\":\"es\"},{\"@type\":\"Organization\",\"@id\":\"https:\\\/\\\/centrourbano.com\\\/revista\\\/#organization\",\"name\":\"Centro Urbano\",\"url\":\"https:\\\/\\\/centrourbano.com\\\/revista\\\/\",\"logo\":{\"@type\":\"ImageObject\",\"inLanguage\":\"es\",\"@id\":\"https:\\\/\\\/centrourbano.com\\\/revista\\\/#\\\/schema\\\/logo\\\/image\\\/\",\"url\":\"https:\\\/\\\/centrourbano.com\\\/revista\\\/wp-content\\\/uploads\\\/web_CU_logo-1.png\",\"contentUrl\":\"https:\\\/\\\/centrourbano.com\\\/revista\\\/wp-content\\\/uploads\\\/web_CU_logo-1.png\",\"width\":350,\"height\":91,\"caption\":\"Centro Urbano\"},\"image\":{\"@id\":\"https:\\\/\\\/centrourbano.com\\\/revista\\\/#\\\/schema\\\/logo\\\/image\\\/\"},\"sameAs\":[\"https:\\\/\\\/www.facebook.com\\\/portalcentrourbano\",\"https:\\\/\\\/x.com\\\/CentroUrbano\",\"https:\\\/\\\/www.instagram.com\\\/centro_urbano\\\/\",\"https:\\\/\\\/www.linkedin.com\\\/company\\\/centro-urbano\\\/\",\"http:\\\/\\\/www.youtube.com\\\/user\\\/portalcentrourbano\"]},{\"@type\":\"Person\",\"@id\":\"https:\\\/\\\/centrourbano.com\\\/revista\\\/#\\\/schema\\\/person\\\/b45db815d96831257ba428a3d5a5fbdc\",\"name\":\"Dinorah Nava\",\"image\":{\"@type\":\"ImageObject\",\"inLanguage\":\"es\",\"@id\":\"https:\\\/\\\/secure.gravatar.com\\\/avatar\\\/f6ca6430c51d147f363940f84e1225aa4b8183885c11802cc3b042305a4ecc1a?s=96&d=mm&r=g\",\"url\":\"https:\\\/\\\/secure.gravatar.com\\\/avatar\\\/f6ca6430c51d147f363940f84e1225aa4b8183885c11802cc3b042305a4ecc1a?s=96&d=mm&r=g\",\"contentUrl\":\"https:\\\/\\\/secure.gravatar.com\\\/avatar\\\/f6ca6430c51d147f363940f84e1225aa4b8183885c11802cc3b042305a4ecc1a?s=96&d=mm&r=g\",\"caption\":\"Dinorah Nava\"},\"description\":\"Editora de Contenidos y Estrategias Digitales en Centro Urbano y Coeditora en Peri\u00f3dico Mi Casa. Egresada de la licenciatura en Comunicaci\u00f3n y Periodismo de la Facultad de Estudios Superiores Arag\u00f3n (UNAM). Amante de la edici\u00f3n y correcci\u00f3n de estilo, las redes sociales y el mundo digital. Especialista en temas son arquitectura, inmobiliario y urbanismo.\",\"sameAs\":[\"linkedin.com\\\/in\\\/dinorah-nava\",\"https:\\\/\\\/x.com\\\/https:\\\/\\\/twitter.com\\\/Dinorah_Nava28\"],\"url\":\"https:\\\/\\\/centrourbano.com\\\/revista\\\/author\\\/dinorah-nava\\\/\"}]}<\/script>\n<!-- \/ Yoast SEO plugin. -->","yoast_head_json":{"title":"M\u00e9xico fortalece su infraestructura portuaria -","description":"Los sistemas del del Golfo y el del Pac\u00edfico se complementar\u00e1n entre s\u00ed y estar\u00e1n conectados a trav\u00e9s de tres Corredores Econ\u00f3micos Interoce\u00e1nicos","robots":{"index":"index","follow":"follow","max-snippet":"max-snippet:-1","max-image-preview":"max-image-preview:large","max-video-preview":"max-video-preview:-1"},"canonical":"https:\/\/centrourbano.com\/revista\/construccion\/mexico-fortalece-su-infraestructura-portuaria\/","og_locale":"es_ES","og_type":"article","og_title":"M\u00e9xico fortalece su infraestructura portuaria -","og_description":"Los sistemas del del Golfo y el del Pac\u00edfico se complementar\u00e1n entre s\u00ed y estar\u00e1n conectados a trav\u00e9s de tres Corredores Econ\u00f3micos Interoce\u00e1nicos","og_url":"https:\/\/centrourbano.com\/revista\/construccion\/mexico-fortalece-su-infraestructura-portuaria\/","og_site_name":"Centro Urbano","article_publisher":"https:\/\/www.facebook.com\/portalcentrourbano","article_published_time":"2015-06-02T16:48:46+00:00","article_modified_time":"2015-06-02T16:52:34+00:00","og_image":[{"width":800,"height":483,"url":"https:\/\/centrourbano.com\/revista\/wp-content\/uploads\/puertos-e1433263715591.png","type":"image\/png"}],"author":"Dinorah Nava","twitter_card":"summary_large_image","twitter_creator":"@https:\/\/twitter.com\/Dinorah_Nava28","twitter_site":"@CentroUrbano","twitter_misc":{"Escrito por":"Dinorah Nava","Tiempo de lectura":"2 minutos"},"schema":{"@context":"https:\/\/schema.org","@graph":[{"@type":"Article","@id":"https:\/\/centrourbano.com\/revista\/construccion\/mexico-fortalece-su-infraestructura-portuaria\/#article","isPartOf":{"@id":"https:\/\/centrourbano.com\/revista\/construccion\/mexico-fortalece-su-infraestructura-portuaria\/"},"author":{"name":"Dinorah Nava","@id":"https:\/\/centrourbano.com\/revista\/#\/schema\/person\/b45db815d96831257ba428a3d5a5fbdc"},"headline":"M\u00e9xico fortalece su infraestructura portuaria","datePublished":"2015-06-02T16:48:46+00:00","dateModified":"2015-06-02T16:52:34+00:00","mainEntityOfPage":{"@id":"https:\/\/centrourbano.com\/revista\/construccion\/mexico-fortalece-su-infraestructura-portuaria\/"},"wordCount":473,"commentCount":0,"publisher":{"@id":"https:\/\/centrourbano.com\/revista\/#organization"},"image":{"@id":"https:\/\/centrourbano.com\/revista\/construccion\/mexico-fortalece-su-infraestructura-portuaria\/#primaryimage"},"thumbnailUrl":"https:\/\/centrourbano.com\/revista\/wp-content\/uploads\/puertos-e1433263715591.png","keywords":["infraestructura portuaria","puertos","SCT"],"articleSection":["Construcci\u00f3n"],"inLanguage":"es","potentialAction":[{"@type":"CommentAction","name":"Comment","target":["https:\/\/centrourbano.com\/revista\/construccion\/mexico-fortalece-su-infraestructura-portuaria\/#respond"]}]},{"@type":"WebPage","@id":"https:\/\/centrourbano.com\/revista\/construccion\/mexico-fortalece-su-infraestructura-portuaria\/","url":"https:\/\/centrourbano.com\/revista\/construccion\/mexico-fortalece-su-infraestructura-portuaria\/","name":"M\u00e9xico fortalece su infraestructura portuaria -","isPartOf":{"@id":"https:\/\/centrourbano.com\/revista\/#website"},"primaryImageOfPage":{"@id":"https:\/\/centrourbano.com\/revista\/construccion\/mexico-fortalece-su-infraestructura-portuaria\/#primaryimage"},"image":{"@id":"https:\/\/centrourbano.com\/revista\/construccion\/mexico-fortalece-su-infraestructura-portuaria\/#primaryimage"},"thumbnailUrl":"https:\/\/centrourbano.com\/revista\/wp-content\/uploads\/puertos-e1433263715591.png","datePublished":"2015-06-02T16:48:46+00:00","dateModified":"2015-06-02T16:52:34+00:00","description":"Los sistemas del del Golfo y el del Pac\u00edfico se complementar\u00e1n entre s\u00ed y estar\u00e1n conectados a trav\u00e9s de tres Corredores Econ\u00f3micos Interoce\u00e1nicos","breadcrumb":{"@id":"https:\/\/centrourbano.com\/revista\/construccion\/mexico-fortalece-su-infraestructura-portuaria\/#breadcrumb"},"inLanguage":"es","potentialAction":[{"@type":"ReadAction","target":["https:\/\/centrourbano.com\/revista\/construccion\/mexico-fortalece-su-infraestructura-portuaria\/"]}]},{"@type":"ImageObject","inLanguage":"es","@id":"https:\/\/centrourbano.com\/revista\/construccion\/mexico-fortalece-su-infraestructura-portuaria\/#primaryimage","url":"https:\/\/centrourbano.com\/revista\/wp-content\/uploads\/puertos-e1433263715591.png","contentUrl":"https:\/\/centrourbano.com\/revista\/wp-content\/uploads\/puertos-e1433263715591.png","width":800,"height":483},{"@type":"BreadcrumbList","@id":"https:\/\/centrourbano.com\/revista\/construccion\/mexico-fortalece-su-infraestructura-portuaria\/#breadcrumb","itemListElement":[{"@type":"ListItem","position":1,"name":"Portada","item":"https:\/\/centrourbano.com\/revista\/"},{"@type":"ListItem","position":2,"name":"M\u00e9xico fortalece su infraestructura portuaria"}]},{"@type":"WebSite","@id":"https:\/\/centrourbano.com\/revista\/#website","url":"https:\/\/centrourbano.com\/revista\/","name":"Centro Urbano","description":"Medio especializado en los sectores vivienda, inmobiliario, construcci\u00f3n, arquitectura y urbanismo.","publisher":{"@id":"https:\/\/centrourbano.com\/revista\/#organization"},"potentialAction":[{"@type":"SearchAction","target":{"@type":"EntryPoint","urlTemplate":"https:\/\/centrourbano.com\/revista\/?s={search_term_string}"},"query-input":{"@type":"PropertyValueSpecification","valueRequired":true,"valueName":"search_term_string"}}],"inLanguage":"es"},{"@type":"Organization","@id":"https:\/\/centrourbano.com\/revista\/#organization","name":"Centro Urbano","url":"https:\/\/centrourbano.com\/revista\/","logo":{"@type":"ImageObject","inLanguage":"es","@id":"https:\/\/centrourbano.com\/revista\/#\/schema\/logo\/image\/","url":"https:\/\/centrourbano.com\/revista\/wp-content\/uploads\/web_CU_logo-1.png","contentUrl":"https:\/\/centrourbano.com\/revista\/wp-content\/uploads\/web_CU_logo-1.png","width":350,"height":91,"caption":"Centro Urbano"},"image":{"@id":"https:\/\/centrourbano.com\/revista\/#\/schema\/logo\/image\/"},"sameAs":["https:\/\/www.facebook.com\/portalcentrourbano","https:\/\/x.com\/CentroUrbano","https:\/\/www.instagram.com\/centro_urbano\/","https:\/\/www.linkedin.com\/company\/centro-urbano\/","http:\/\/www.youtube.com\/user\/portalcentrourbano"]},{"@type":"Person","@id":"https:\/\/centrourbano.com\/revista\/#\/schema\/person\/b45db815d96831257ba428a3d5a5fbdc","name":"Dinorah Nava","image":{"@type":"ImageObject","inLanguage":"es","@id":"https:\/\/secure.gravatar.com\/avatar\/f6ca6430c51d147f363940f84e1225aa4b8183885c11802cc3b042305a4ecc1a?s=96&d=mm&r=g","url":"https:\/\/secure.gravatar.com\/avatar\/f6ca6430c51d147f363940f84e1225aa4b8183885c11802cc3b042305a4ecc1a?s=96&d=mm&r=g","contentUrl":"https:\/\/secure.gravatar.com\/avatar\/f6ca6430c51d147f363940f84e1225aa4b8183885c11802cc3b042305a4ecc1a?s=96&d=mm&r=g","caption":"Dinorah Nava"},"description":"Editora de Contenidos y Estrategias Digitales en Centro Urbano y Coeditora en Peri\u00f3dico Mi Casa. Egresada de la licenciatura en Comunicaci\u00f3n y Periodismo de la Facultad de Estudios Superiores Arag\u00f3n (UNAM). Amante de la edici\u00f3n y correcci\u00f3n de estilo, las redes sociales y el mundo digital. Especialista en temas son arquitectura, inmobiliario y urbanismo.","sameAs":["linkedin.com\/in\/dinorah-nava","https:\/\/x.com\/https:\/\/twitter.com\/Dinorah_Nava28"],"url":"https:\/\/centrourbano.com\/revista\/author\/dinorah-nava\/"}]}},"_links":{"self":[{"href":"https:\/\/centrourbano.com\/revista\/wp-json\/wp\/v2\/posts\/19465","targetHints":{"allow":["GET"]}}],"collection":[{"href":"https:\/\/centrourbano.com\/revista\/wp-json\/wp\/v2\/posts"}],"about":[{"href":"https:\/\/centrourbano.com\/revista\/wp-json\/wp\/v2\/types\/post"}],"author":[{"embeddable":true,"href":"https:\/\/centrourbano.com\/revista\/wp-json\/wp\/v2\/users\/9"}],"replies":[{"embeddable":true,"href":"https:\/\/centrourbano.com\/revista\/wp-json\/wp\/v2\/comments?post=19465"}],"version-history":[{"count":0,"href":"https:\/\/centrourbano.com\/revista\/wp-json\/wp\/v2\/posts\/19465\/revisions"}],"wp:featuredmedia":[{"embeddable":true,"href":"https:\/\/centrourbano.com\/revista\/wp-json\/wp\/v2\/media\/19466"}],"wp:attachment":[{"href":"https:\/\/centrourbano.com\/revista\/wp-json\/wp\/v2\/media?parent=19465"}],"wp:term":[{"taxonomy":"category","embeddable":true,"href":"https:\/\/centrourbano.com\/revista\/wp-json\/wp\/v2\/categories?post=19465"},{"taxonomy":"post_tag","embeddable":true,"href":"https:\/\/centrourbano.com\/revista\/wp-json\/wp\/v2\/tags?post=19465"}],"curies":[{"name":"wp","href":"https:\/\/api.w.org\/{rel}","templated":true}]}}