{"id":1926,"date":"2013-12-19T13:10:31","date_gmt":"2013-12-19T19:10:31","guid":{"rendered":"http:\/\/centrourbano.com\/?p=1926"},"modified":"2014-03-19T21:31:36","modified_gmt":"2014-03-20T03:31:36","slug":"grohe-presenta-proyecto-de-referencia-rosewood-abu-dhabi-hotel","status":"publish","type":"post","link":"https:\/\/centrourbano.com\/revista\/actualidad\/grohe-presenta-proyecto-de-referencia-rosewood-abu-dhabi-hotel\/","title":{"rendered":"Grohe Spa, conexi\u00f3n perfecta con el \u00abRosewood Abu Dhabi Hotel\u00bb"},"content":{"rendered":"<p><em>El dise\u00f1ador del proyecto personalmente viaj\u00f3 a Alemania para reunirse con Pablo Flores, Vicepresidente Senior de Dise\u00f1o de Grohe; juntos buscaron grifos ideales para complementar el estilo \u00fanico del nuevo hotel<\/em><\/p>\n<p>&nbsp;<\/p>\n<p><em><!--more--><\/em><\/p>\n<p>Imaginar el estilo y el lujo de un palacio \u00e1rabe es el concepto que hay detr\u00e1s del Rosewood Abu Dhabi Hotel, el cual desde su apertura en mayo 2013, marc\u00f3 por primera vez la presencia de la marca de Rosewood en los Emiratos \u00c1rabes Unidos, haciendo que se extendiera la historia de \u00e9xito de esta mundialmente conocida cadena hotelera en dicha regi\u00f3n.<\/p>\n<p>&nbsp;<\/p>\n<p>Gracias a su dise\u00f1o arquitect\u00f3nico exclusivo , sus nueve restaurantes y bares de alto calibre, as\u00ed como de su singular \u00abSense\u00bb spa , todo el complejo invita a los hu\u00e9spedes a explorar nuevas experiencias y relajarse a lo grande.<\/p>\n<p>&nbsp;<\/p>\n<p>Asimismo, el mobiliario de las habitaciones, ba\u00f1os y spas est\u00e1n muy bien coordinados con la est\u00e9tica general del hotel. Este enfoque es el mejor ejemplo que ofrece la gama GROHE SPA, cuyas l\u00edneas y formas elegantes son un perfecto reflejo de un ambiente cuidadosamente elaborado del hotel.<\/p>\n<p>&nbsp;<\/p>\n<p>El Rosewood Abu Dhabi se encuentra en Al Maryah, \u00a0isla situada al noreste del centro de distrito. Los 145 metros de altura de la la torre del hotel en la famosa plaza Sowwah y enfrente de la nueva bolsa de valores, ofrece una impresionante vista del Golfo P\u00e9rsico y el horizonte de la capital de los Emiratos \u00c1rabes Unidos.<\/p>\n<p>&nbsp;<\/p>\n<p>El encuentro de la tierra y el mar, el desierto y el cielo, \u00a0la forma curvil\u00ednea del edificio moderno y elegante dise\u00f1ado creado por Handel Architects, hace que este complejo inmediatamente llama la atenci\u00f3n de las personas.<\/p>\n<p>El vidrio reflejante que envuelve toda la torre fue elegida por su brillo durante el d\u00eda y su luminiscencia nocturna. Adem\u00e1s, la presencia imponente de la torre se ve reforzada por las ventanas y el uso de la iluminaci\u00f3n de tira en la noche.<\/p>\n<p>&nbsp;<\/p>\n<p>Los pisos inferiores albergan el vest\u00edbulo, las salas de eventos, restaurantes, el gimnasio y el spa forman un podio para la esbelta torre. El techo de esta tribuna sirve como una terraza con un bar de piscina y una variedad de estructuras modernas.<\/p>\n<p>&nbsp;<\/p>\n<p>El interior del hotel es una reinterpretaci\u00f3n moderna de la tradicional forma de vida del Medio Oriente. Dise\u00f1ado por BBG &#8211; BBGM, la decoraci\u00f3n se remonta a los aspectos de la cultura regional y las coloca en el contexto de las dunas de arena blanca y las aguas cristalinas del azul del mar Ar\u00e1bigo. Los tonos c\u00e1lidos y materiales elegantes se yuxtaponen con mobiliario confortable.<\/p>\n<p>&nbsp;<\/p>\n<p>Los hu\u00e9spedes se alojan en un total de 189 espaciosas habitaciones y suites repartidas en 34 plantas. Todas est\u00e1n decoradas en un estilo residencial c\u00f3modo y sofisticado. Paletas de colores c\u00e1lidos se combinan con materiales naturales como la piedra, la madera y el vidrio , con las texturas distintivas de cuero, seda y algod\u00f3n a\u00f1aden a mantener un equilibrio ingenioso . Comodidad y confort son maximizados por tales nombramientos de alta tecnolog\u00eda como el control basado en iPad en la habitaci\u00f3n tacto de la temperatura, la iluminaci\u00f3n y las cortinas .<\/p>\n<p>&nbsp;<\/p>\n<p>Equipado con dos lavabos , una ducha de lluvia y una impresionante ba\u00f1era independiente , los espaciosos cuartos de ba\u00f1o no dejan nada que desear. Para especificar las conexiones de agua , el dise\u00f1ador del proyecto personalmente viaj\u00f3 a Alemania para reunirse con Pablo Flores, Vicepresidente Senior de Dise\u00f1o de Grohe AG. Juntos buscaron grifos ideales para complementar el estilo \u00fanico del nuevo hotel.<\/p>\n<p>&nbsp;<\/p>\n<p>Con el tiempo se seleccionan Atrio , una l\u00ednea de accesorios de agua, que reinterpreta formas cil\u00edndricas cl\u00e1sicas de una manera atemporal . Consta de variantes para todas las instalaciones imaginables , incluyendo ba\u00f1eras independientes , esta colecci\u00f3n GROHE SPA \u00ae es una opci\u00f3n perfecta para el hotel.<\/p>\n<p>&nbsp;<\/p>\n<p>Adem\u00e1s de contar con un dise\u00f1o muy elegante , incorpora una serie de tecnolog\u00edas innovadoras como GROHE SilkMove \u00ae para el control del agua sin esfuerzo durante una larga vida \u00fatil en condiciones de uso pesado. Estos beneficios se ven potenciados por el acabado GROHE StarLight \u00ae, que hace que los grifos particularmente resistente a la suciedad y el rascado , lo que garantiza que conserven su brillo por muchos a\u00f1os.<\/p>\n<p>&nbsp;<\/p>\n<p>Los hu\u00e9spedes pueden descubrir estos grifos Atrio no s\u00f3lo en sus habitaciones, sino tambi\u00e9n en \u00abSense\u00bb, el spa Rosewood que personifica los altos est\u00e1ndares de servicio en este hotel. Este spa ofrece una amplia gama de terapias y tratamientos, adem\u00e1s de uso de la ba\u00f1era de hidromasaje, la sauna y el ba\u00f1o de vapor con cromoterapia indulgentes . Profesionales internacionales que son maestros en el arte de curar de todo el mundo est\u00e1n dispuestos a mimar a los hu\u00e9spedes con la belleza del lugar y los ingredientes de bienestar.<\/p>\n<p>&nbsp;<\/p>\n<p>Nueve salas de tratamiento de servicio completo combinan equipamiento moderno con un ambiente agradable. Los colores neutros , curvas sof\u00e1s de cuero blanco y sillones de color p\u00farpura invitan al ocio .<\/p>\n<p>&nbsp;<\/p>\n","protected":false},"excerpt":{"rendered":"<p>El dise\u00f1ador del proyecto personalmente viaj\u00f3 a Alemania para reunirse con Pablo Flores, Vicepresidente Senior de Dise\u00f1o de Grohe; juntos buscaron grifos ideales para complementar el estilo \u00fanico del nuevo hotel &nbsp;<\/p>\n","protected":false},"author":9,"featured_media":16793,"comment_status":"open","ping_status":"closed","sticky":false,"template":"","format":"standard","meta":{"om_disable_all_campaigns":false,"inline_featured_image":false,"_monsterinsights_skip_tracking":false,"_monsterinsights_sitenote_active":false,"_monsterinsights_sitenote_note":"","_monsterinsights_sitenote_category":0,"footnotes":""},"categories":[80],"tags":[419,47],"class_list":["post-1926","post","type-post","status-publish","format-standard","has-post-thumbnail","hentry","category-actualidad","tag-grohe","tag-hotel"],"yoast_head":"<!-- This site is optimized with the Yoast SEO plugin v27.4 - https:\/\/yoast.com\/product\/yoast-seo-wordpress\/ -->\n<title>Grohe Spa, conexi\u00f3n perfecta con el &quot;Rosewood Abu Dhabi Hotel&quot; -<\/title>\n<meta name=\"description\" content=\"El dise\u00f1ador del proyecto personalmente viaj\u00f3 a Alemania para reunirse con Pablo Flores, Vicepresidente Senior de Dise\u00f1o de Grohe; juntos buscaron grifos\" \/>\n<meta name=\"robots\" content=\"index, follow, max-snippet:-1, max-image-preview:large, max-video-preview:-1\" \/>\n<link rel=\"canonical\" href=\"https:\/\/centrourbano.com\/revista\/actualidad\/grohe-presenta-proyecto-de-referencia-rosewood-abu-dhabi-hotel\/\" \/>\n<meta property=\"og:locale\" content=\"es_ES\" \/>\n<meta property=\"og:type\" content=\"article\" \/>\n<meta property=\"og:title\" content=\"Grohe Spa, conexi\u00f3n perfecta con el &quot;Rosewood Abu Dhabi Hotel&quot; -\" \/>\n<meta property=\"og:description\" content=\"El dise\u00f1ador del proyecto personalmente viaj\u00f3 a Alemania para reunirse con Pablo Flores, Vicepresidente Senior de Dise\u00f1o de Grohe; juntos buscaron grifos\" \/>\n<meta property=\"og:url\" content=\"https:\/\/centrourbano.com\/revista\/actualidad\/grohe-presenta-proyecto-de-referencia-rosewood-abu-dhabi-hotel\/\" \/>\n<meta property=\"og:site_name\" content=\"Centro Urbano\" \/>\n<meta property=\"article:publisher\" content=\"https:\/\/www.facebook.com\/portalcentrourbano\" \/>\n<meta property=\"article:published_time\" content=\"2013-12-19T19:10:31+00:00\" \/>\n<meta property=\"article:modified_time\" content=\"2014-03-20T03:31:36+00:00\" \/>\n<meta property=\"og:image\" content=\"https:\/\/centrourbano.com\/revista\/wp-content\/uploads\/4-GROHE-Rosewood-Abu-Dhabi1.jpg\" \/>\n\t<meta property=\"og:image:width\" content=\"600\" \/>\n\t<meta property=\"og:image:height\" content=\"400\" \/>\n\t<meta property=\"og:image:type\" content=\"image\/jpeg\" \/>\n<meta name=\"author\" content=\"Dinorah Nava\" \/>\n<meta name=\"twitter:card\" content=\"summary_large_image\" \/>\n<meta name=\"twitter:creator\" content=\"@https:\/\/twitter.com\/Dinorah_Nava28\" \/>\n<meta name=\"twitter:site\" content=\"@CentroUrbano\" \/>\n<meta name=\"twitter:label1\" content=\"Escrito por\" \/>\n\t<meta name=\"twitter:data1\" content=\"Dinorah Nava\" \/>\n\t<meta name=\"twitter:label2\" content=\"Tiempo de lectura\" \/>\n\t<meta name=\"twitter:data2\" content=\"4 minutos\" \/>\n<script type=\"application\/ld+json\" class=\"yoast-schema-graph\">{\"@context\":\"https:\\\/\\\/schema.org\",\"@graph\":[{\"@type\":\"Article\",\"@id\":\"https:\\\/\\\/centrourbano.com\\\/revista\\\/actualidad\\\/grohe-presenta-proyecto-de-referencia-rosewood-abu-dhabi-hotel\\\/#article\",\"isPartOf\":{\"@id\":\"https:\\\/\\\/centrourbano.com\\\/revista\\\/actualidad\\\/grohe-presenta-proyecto-de-referencia-rosewood-abu-dhabi-hotel\\\/\"},\"author\":{\"name\":\"Dinorah Nava\",\"@id\":\"https:\\\/\\\/centrourbano.com\\\/revista\\\/#\\\/schema\\\/person\\\/b45db815d96831257ba428a3d5a5fbdc\"},\"headline\":\"Grohe Spa, conexi\u00f3n perfecta con el \u00abRosewood Abu Dhabi Hotel\u00bb\",\"datePublished\":\"2013-12-19T19:10:31+00:00\",\"dateModified\":\"2014-03-20T03:31:36+00:00\",\"mainEntityOfPage\":{\"@id\":\"https:\\\/\\\/centrourbano.com\\\/revista\\\/actualidad\\\/grohe-presenta-proyecto-de-referencia-rosewood-abu-dhabi-hotel\\\/\"},\"wordCount\":881,\"commentCount\":0,\"publisher\":{\"@id\":\"https:\\\/\\\/centrourbano.com\\\/revista\\\/#organization\"},\"image\":{\"@id\":\"https:\\\/\\\/centrourbano.com\\\/revista\\\/actualidad\\\/grohe-presenta-proyecto-de-referencia-rosewood-abu-dhabi-hotel\\\/#primaryimage\"},\"thumbnailUrl\":\"https:\\\/\\\/centrourbano.com\\\/revista\\\/wp-content\\\/uploads\\\/4-GROHE-Rosewood-Abu-Dhabi1.jpg\",\"keywords\":[\"GROHE\",\"hotel\"],\"articleSection\":[\"Actualidad\"],\"inLanguage\":\"es\",\"potentialAction\":[{\"@type\":\"CommentAction\",\"name\":\"Comment\",\"target\":[\"https:\\\/\\\/centrourbano.com\\\/revista\\\/actualidad\\\/grohe-presenta-proyecto-de-referencia-rosewood-abu-dhabi-hotel\\\/#respond\"]}]},{\"@type\":\"WebPage\",\"@id\":\"https:\\\/\\\/centrourbano.com\\\/revista\\\/actualidad\\\/grohe-presenta-proyecto-de-referencia-rosewood-abu-dhabi-hotel\\\/\",\"url\":\"https:\\\/\\\/centrourbano.com\\\/revista\\\/actualidad\\\/grohe-presenta-proyecto-de-referencia-rosewood-abu-dhabi-hotel\\\/\",\"name\":\"Grohe Spa, conexi\u00f3n perfecta con el \\\"Rosewood Abu Dhabi Hotel\\\" -\",\"isPartOf\":{\"@id\":\"https:\\\/\\\/centrourbano.com\\\/revista\\\/#website\"},\"primaryImageOfPage\":{\"@id\":\"https:\\\/\\\/centrourbano.com\\\/revista\\\/actualidad\\\/grohe-presenta-proyecto-de-referencia-rosewood-abu-dhabi-hotel\\\/#primaryimage\"},\"image\":{\"@id\":\"https:\\\/\\\/centrourbano.com\\\/revista\\\/actualidad\\\/grohe-presenta-proyecto-de-referencia-rosewood-abu-dhabi-hotel\\\/#primaryimage\"},\"thumbnailUrl\":\"https:\\\/\\\/centrourbano.com\\\/revista\\\/wp-content\\\/uploads\\\/4-GROHE-Rosewood-Abu-Dhabi1.jpg\",\"datePublished\":\"2013-12-19T19:10:31+00:00\",\"dateModified\":\"2014-03-20T03:31:36+00:00\",\"description\":\"El dise\u00f1ador del proyecto personalmente viaj\u00f3 a Alemania para reunirse con Pablo Flores, Vicepresidente Senior de Dise\u00f1o de Grohe; juntos buscaron grifos\",\"breadcrumb\":{\"@id\":\"https:\\\/\\\/centrourbano.com\\\/revista\\\/actualidad\\\/grohe-presenta-proyecto-de-referencia-rosewood-abu-dhabi-hotel\\\/#breadcrumb\"},\"inLanguage\":\"es\",\"potentialAction\":[{\"@type\":\"ReadAction\",\"target\":[\"https:\\\/\\\/centrourbano.com\\\/revista\\\/actualidad\\\/grohe-presenta-proyecto-de-referencia-rosewood-abu-dhabi-hotel\\\/\"]}]},{\"@type\":\"ImageObject\",\"inLanguage\":\"es\",\"@id\":\"https:\\\/\\\/centrourbano.com\\\/revista\\\/actualidad\\\/grohe-presenta-proyecto-de-referencia-rosewood-abu-dhabi-hotel\\\/#primaryimage\",\"url\":\"https:\\\/\\\/centrourbano.com\\\/revista\\\/wp-content\\\/uploads\\\/4-GROHE-Rosewood-Abu-Dhabi1.jpg\",\"contentUrl\":\"https:\\\/\\\/centrourbano.com\\\/revista\\\/wp-content\\\/uploads\\\/4-GROHE-Rosewood-Abu-Dhabi1.jpg\",\"width\":600,\"height\":400},{\"@type\":\"BreadcrumbList\",\"@id\":\"https:\\\/\\\/centrourbano.com\\\/revista\\\/actualidad\\\/grohe-presenta-proyecto-de-referencia-rosewood-abu-dhabi-hotel\\\/#breadcrumb\",\"itemListElement\":[{\"@type\":\"ListItem\",\"position\":1,\"name\":\"Portada\",\"item\":\"https:\\\/\\\/centrourbano.com\\\/revista\\\/\"},{\"@type\":\"ListItem\",\"position\":2,\"name\":\"Grohe Spa, conexi\u00f3n perfecta con el \u00abRosewood Abu Dhabi Hotel\u00bb\"}]},{\"@type\":\"WebSite\",\"@id\":\"https:\\\/\\\/centrourbano.com\\\/revista\\\/#website\",\"url\":\"https:\\\/\\\/centrourbano.com\\\/revista\\\/\",\"name\":\"Centro Urbano\",\"description\":\"Medio especializado en los sectores vivienda, inmobiliario, construcci\u00f3n, arquitectura y urbanismo.\",\"publisher\":{\"@id\":\"https:\\\/\\\/centrourbano.com\\\/revista\\\/#organization\"},\"potentialAction\":[{\"@type\":\"SearchAction\",\"target\":{\"@type\":\"EntryPoint\",\"urlTemplate\":\"https:\\\/\\\/centrourbano.com\\\/revista\\\/?s={search_term_string}\"},\"query-input\":{\"@type\":\"PropertyValueSpecification\",\"valueRequired\":true,\"valueName\":\"search_term_string\"}}],\"inLanguage\":\"es\"},{\"@type\":\"Organization\",\"@id\":\"https:\\\/\\\/centrourbano.com\\\/revista\\\/#organization\",\"name\":\"Centro Urbano\",\"url\":\"https:\\\/\\\/centrourbano.com\\\/revista\\\/\",\"logo\":{\"@type\":\"ImageObject\",\"inLanguage\":\"es\",\"@id\":\"https:\\\/\\\/centrourbano.com\\\/revista\\\/#\\\/schema\\\/logo\\\/image\\\/\",\"url\":\"https:\\\/\\\/centrourbano.com\\\/revista\\\/wp-content\\\/uploads\\\/web_CU_logo-1.png\",\"contentUrl\":\"https:\\\/\\\/centrourbano.com\\\/revista\\\/wp-content\\\/uploads\\\/web_CU_logo-1.png\",\"width\":350,\"height\":91,\"caption\":\"Centro Urbano\"},\"image\":{\"@id\":\"https:\\\/\\\/centrourbano.com\\\/revista\\\/#\\\/schema\\\/logo\\\/image\\\/\"},\"sameAs\":[\"https:\\\/\\\/www.facebook.com\\\/portalcentrourbano\",\"https:\\\/\\\/x.com\\\/CentroUrbano\",\"https:\\\/\\\/www.instagram.com\\\/centro_urbano\\\/\",\"https:\\\/\\\/www.linkedin.com\\\/company\\\/centro-urbano\\\/\",\"http:\\\/\\\/www.youtube.com\\\/user\\\/portalcentrourbano\"]},{\"@type\":\"Person\",\"@id\":\"https:\\\/\\\/centrourbano.com\\\/revista\\\/#\\\/schema\\\/person\\\/b45db815d96831257ba428a3d5a5fbdc\",\"name\":\"Dinorah Nava\",\"image\":{\"@type\":\"ImageObject\",\"inLanguage\":\"es\",\"@id\":\"https:\\\/\\\/secure.gravatar.com\\\/avatar\\\/f6ca6430c51d147f363940f84e1225aa4b8183885c11802cc3b042305a4ecc1a?s=96&d=mm&r=g\",\"url\":\"https:\\\/\\\/secure.gravatar.com\\\/avatar\\\/f6ca6430c51d147f363940f84e1225aa4b8183885c11802cc3b042305a4ecc1a?s=96&d=mm&r=g\",\"contentUrl\":\"https:\\\/\\\/secure.gravatar.com\\\/avatar\\\/f6ca6430c51d147f363940f84e1225aa4b8183885c11802cc3b042305a4ecc1a?s=96&d=mm&r=g\",\"caption\":\"Dinorah Nava\"},\"description\":\"Editora de Contenidos y Estrategias Digitales en Centro Urbano y Coeditora en Peri\u00f3dico Mi Casa. Egresada de la licenciatura en Comunicaci\u00f3n y Periodismo de la Facultad de Estudios Superiores Arag\u00f3n (UNAM). Amante de la edici\u00f3n y correcci\u00f3n de estilo, las redes sociales y el mundo digital. Especialista en temas son arquitectura, inmobiliario y urbanismo.\",\"sameAs\":[\"linkedin.com\\\/in\\\/dinorah-nava\",\"https:\\\/\\\/x.com\\\/https:\\\/\\\/twitter.com\\\/Dinorah_Nava28\"],\"url\":\"https:\\\/\\\/centrourbano.com\\\/revista\\\/author\\\/dinorah-nava\\\/\"}]}<\/script>\n<!-- \/ Yoast SEO plugin. -->","yoast_head_json":{"title":"Grohe Spa, conexi\u00f3n perfecta con el \"Rosewood Abu Dhabi Hotel\" -","description":"El dise\u00f1ador del proyecto personalmente viaj\u00f3 a Alemania para reunirse con Pablo Flores, Vicepresidente Senior de Dise\u00f1o de Grohe; juntos buscaron grifos","robots":{"index":"index","follow":"follow","max-snippet":"max-snippet:-1","max-image-preview":"max-image-preview:large","max-video-preview":"max-video-preview:-1"},"canonical":"https:\/\/centrourbano.com\/revista\/actualidad\/grohe-presenta-proyecto-de-referencia-rosewood-abu-dhabi-hotel\/","og_locale":"es_ES","og_type":"article","og_title":"Grohe Spa, conexi\u00f3n perfecta con el \"Rosewood Abu Dhabi Hotel\" -","og_description":"El dise\u00f1ador del proyecto personalmente viaj\u00f3 a Alemania para reunirse con Pablo Flores, Vicepresidente Senior de Dise\u00f1o de Grohe; juntos buscaron grifos","og_url":"https:\/\/centrourbano.com\/revista\/actualidad\/grohe-presenta-proyecto-de-referencia-rosewood-abu-dhabi-hotel\/","og_site_name":"Centro Urbano","article_publisher":"https:\/\/www.facebook.com\/portalcentrourbano","article_published_time":"2013-12-19T19:10:31+00:00","article_modified_time":"2014-03-20T03:31:36+00:00","og_image":[{"width":600,"height":400,"url":"https:\/\/centrourbano.com\/revista\/wp-content\/uploads\/4-GROHE-Rosewood-Abu-Dhabi1.jpg","type":"image\/jpeg"}],"author":"Dinorah Nava","twitter_card":"summary_large_image","twitter_creator":"@https:\/\/twitter.com\/Dinorah_Nava28","twitter_site":"@CentroUrbano","twitter_misc":{"Escrito por":"Dinorah Nava","Tiempo de lectura":"4 minutos"},"schema":{"@context":"https:\/\/schema.org","@graph":[{"@type":"Article","@id":"https:\/\/centrourbano.com\/revista\/actualidad\/grohe-presenta-proyecto-de-referencia-rosewood-abu-dhabi-hotel\/#article","isPartOf":{"@id":"https:\/\/centrourbano.com\/revista\/actualidad\/grohe-presenta-proyecto-de-referencia-rosewood-abu-dhabi-hotel\/"},"author":{"name":"Dinorah Nava","@id":"https:\/\/centrourbano.com\/revista\/#\/schema\/person\/b45db815d96831257ba428a3d5a5fbdc"},"headline":"Grohe Spa, conexi\u00f3n perfecta con el \u00abRosewood Abu Dhabi Hotel\u00bb","datePublished":"2013-12-19T19:10:31+00:00","dateModified":"2014-03-20T03:31:36+00:00","mainEntityOfPage":{"@id":"https:\/\/centrourbano.com\/revista\/actualidad\/grohe-presenta-proyecto-de-referencia-rosewood-abu-dhabi-hotel\/"},"wordCount":881,"commentCount":0,"publisher":{"@id":"https:\/\/centrourbano.com\/revista\/#organization"},"image":{"@id":"https:\/\/centrourbano.com\/revista\/actualidad\/grohe-presenta-proyecto-de-referencia-rosewood-abu-dhabi-hotel\/#primaryimage"},"thumbnailUrl":"https:\/\/centrourbano.com\/revista\/wp-content\/uploads\/4-GROHE-Rosewood-Abu-Dhabi1.jpg","keywords":["GROHE","hotel"],"articleSection":["Actualidad"],"inLanguage":"es","potentialAction":[{"@type":"CommentAction","name":"Comment","target":["https:\/\/centrourbano.com\/revista\/actualidad\/grohe-presenta-proyecto-de-referencia-rosewood-abu-dhabi-hotel\/#respond"]}]},{"@type":"WebPage","@id":"https:\/\/centrourbano.com\/revista\/actualidad\/grohe-presenta-proyecto-de-referencia-rosewood-abu-dhabi-hotel\/","url":"https:\/\/centrourbano.com\/revista\/actualidad\/grohe-presenta-proyecto-de-referencia-rosewood-abu-dhabi-hotel\/","name":"Grohe Spa, conexi\u00f3n perfecta con el \"Rosewood Abu Dhabi Hotel\" -","isPartOf":{"@id":"https:\/\/centrourbano.com\/revista\/#website"},"primaryImageOfPage":{"@id":"https:\/\/centrourbano.com\/revista\/actualidad\/grohe-presenta-proyecto-de-referencia-rosewood-abu-dhabi-hotel\/#primaryimage"},"image":{"@id":"https:\/\/centrourbano.com\/revista\/actualidad\/grohe-presenta-proyecto-de-referencia-rosewood-abu-dhabi-hotel\/#primaryimage"},"thumbnailUrl":"https:\/\/centrourbano.com\/revista\/wp-content\/uploads\/4-GROHE-Rosewood-Abu-Dhabi1.jpg","datePublished":"2013-12-19T19:10:31+00:00","dateModified":"2014-03-20T03:31:36+00:00","description":"El dise\u00f1ador del proyecto personalmente viaj\u00f3 a Alemania para reunirse con Pablo Flores, Vicepresidente Senior de Dise\u00f1o de Grohe; juntos buscaron grifos","breadcrumb":{"@id":"https:\/\/centrourbano.com\/revista\/actualidad\/grohe-presenta-proyecto-de-referencia-rosewood-abu-dhabi-hotel\/#breadcrumb"},"inLanguage":"es","potentialAction":[{"@type":"ReadAction","target":["https:\/\/centrourbano.com\/revista\/actualidad\/grohe-presenta-proyecto-de-referencia-rosewood-abu-dhabi-hotel\/"]}]},{"@type":"ImageObject","inLanguage":"es","@id":"https:\/\/centrourbano.com\/revista\/actualidad\/grohe-presenta-proyecto-de-referencia-rosewood-abu-dhabi-hotel\/#primaryimage","url":"https:\/\/centrourbano.com\/revista\/wp-content\/uploads\/4-GROHE-Rosewood-Abu-Dhabi1.jpg","contentUrl":"https:\/\/centrourbano.com\/revista\/wp-content\/uploads\/4-GROHE-Rosewood-Abu-Dhabi1.jpg","width":600,"height":400},{"@type":"BreadcrumbList","@id":"https:\/\/centrourbano.com\/revista\/actualidad\/grohe-presenta-proyecto-de-referencia-rosewood-abu-dhabi-hotel\/#breadcrumb","itemListElement":[{"@type":"ListItem","position":1,"name":"Portada","item":"https:\/\/centrourbano.com\/revista\/"},{"@type":"ListItem","position":2,"name":"Grohe Spa, conexi\u00f3n perfecta con el \u00abRosewood Abu Dhabi Hotel\u00bb"}]},{"@type":"WebSite","@id":"https:\/\/centrourbano.com\/revista\/#website","url":"https:\/\/centrourbano.com\/revista\/","name":"Centro Urbano","description":"Medio especializado en los sectores vivienda, inmobiliario, construcci\u00f3n, arquitectura y urbanismo.","publisher":{"@id":"https:\/\/centrourbano.com\/revista\/#organization"},"potentialAction":[{"@type":"SearchAction","target":{"@type":"EntryPoint","urlTemplate":"https:\/\/centrourbano.com\/revista\/?s={search_term_string}"},"query-input":{"@type":"PropertyValueSpecification","valueRequired":true,"valueName":"search_term_string"}}],"inLanguage":"es"},{"@type":"Organization","@id":"https:\/\/centrourbano.com\/revista\/#organization","name":"Centro Urbano","url":"https:\/\/centrourbano.com\/revista\/","logo":{"@type":"ImageObject","inLanguage":"es","@id":"https:\/\/centrourbano.com\/revista\/#\/schema\/logo\/image\/","url":"https:\/\/centrourbano.com\/revista\/wp-content\/uploads\/web_CU_logo-1.png","contentUrl":"https:\/\/centrourbano.com\/revista\/wp-content\/uploads\/web_CU_logo-1.png","width":350,"height":91,"caption":"Centro Urbano"},"image":{"@id":"https:\/\/centrourbano.com\/revista\/#\/schema\/logo\/image\/"},"sameAs":["https:\/\/www.facebook.com\/portalcentrourbano","https:\/\/x.com\/CentroUrbano","https:\/\/www.instagram.com\/centro_urbano\/","https:\/\/www.linkedin.com\/company\/centro-urbano\/","http:\/\/www.youtube.com\/user\/portalcentrourbano"]},{"@type":"Person","@id":"https:\/\/centrourbano.com\/revista\/#\/schema\/person\/b45db815d96831257ba428a3d5a5fbdc","name":"Dinorah Nava","image":{"@type":"ImageObject","inLanguage":"es","@id":"https:\/\/secure.gravatar.com\/avatar\/f6ca6430c51d147f363940f84e1225aa4b8183885c11802cc3b042305a4ecc1a?s=96&d=mm&r=g","url":"https:\/\/secure.gravatar.com\/avatar\/f6ca6430c51d147f363940f84e1225aa4b8183885c11802cc3b042305a4ecc1a?s=96&d=mm&r=g","contentUrl":"https:\/\/secure.gravatar.com\/avatar\/f6ca6430c51d147f363940f84e1225aa4b8183885c11802cc3b042305a4ecc1a?s=96&d=mm&r=g","caption":"Dinorah Nava"},"description":"Editora de Contenidos y Estrategias Digitales en Centro Urbano y Coeditora en Peri\u00f3dico Mi Casa. Egresada de la licenciatura en Comunicaci\u00f3n y Periodismo de la Facultad de Estudios Superiores Arag\u00f3n (UNAM). Amante de la edici\u00f3n y correcci\u00f3n de estilo, las redes sociales y el mundo digital. Especialista en temas son arquitectura, inmobiliario y urbanismo.","sameAs":["linkedin.com\/in\/dinorah-nava","https:\/\/x.com\/https:\/\/twitter.com\/Dinorah_Nava28"],"url":"https:\/\/centrourbano.com\/revista\/author\/dinorah-nava\/"}]}},"_links":{"self":[{"href":"https:\/\/centrourbano.com\/revista\/wp-json\/wp\/v2\/posts\/1926","targetHints":{"allow":["GET"]}}],"collection":[{"href":"https:\/\/centrourbano.com\/revista\/wp-json\/wp\/v2\/posts"}],"about":[{"href":"https:\/\/centrourbano.com\/revista\/wp-json\/wp\/v2\/types\/post"}],"author":[{"embeddable":true,"href":"https:\/\/centrourbano.com\/revista\/wp-json\/wp\/v2\/users\/9"}],"replies":[{"embeddable":true,"href":"https:\/\/centrourbano.com\/revista\/wp-json\/wp\/v2\/comments?post=1926"}],"version-history":[{"count":0,"href":"https:\/\/centrourbano.com\/revista\/wp-json\/wp\/v2\/posts\/1926\/revisions"}],"wp:featuredmedia":[{"embeddable":true,"href":"https:\/\/centrourbano.com\/revista\/wp-json\/wp\/v2\/media\/16793"}],"wp:attachment":[{"href":"https:\/\/centrourbano.com\/revista\/wp-json\/wp\/v2\/media?parent=1926"}],"wp:term":[{"taxonomy":"category","embeddable":true,"href":"https:\/\/centrourbano.com\/revista\/wp-json\/wp\/v2\/categories?post=1926"},{"taxonomy":"post_tag","embeddable":true,"href":"https:\/\/centrourbano.com\/revista\/wp-json\/wp\/v2\/tags?post=1926"}],"curies":[{"name":"wp","href":"https:\/\/api.w.org\/{rel}","templated":true}]}}