{"id":19032,"date":"2015-05-19T09:00:55","date_gmt":"2015-05-19T14:00:55","guid":{"rendered":"http:\/\/centrourbano.com\/?p=19032"},"modified":"2015-05-19T14:42:47","modified_gmt":"2015-05-19T19:42:47","slug":"remodelan-parque-de-la-luz","status":"publish","type":"post","link":"https:\/\/centrourbano.com\/revista\/urbanismo\/remodelan-parque-de-la-luz\/","title":{"rendered":"Remodelan Parque de la Luz en el Pedregal"},"content":{"rendered":"<p>&nbsp;<\/p>\n<p><em>Fueron rehabilitadas las cuatro hect\u00e1reas de terreno, adem\u00e1s se construyeron una trotapista y una ciclopista<\/em><!--more--><\/p>\n<p>Como estrategia para mitigar el impacto ambiental que provoc\u00f3 la construcci\u00f3n de la Torre Virreyes, ubicada en la calle Pedregal, el Corporativo Pedregal Hispamex de la desarrolladora Grupo Danhos llev\u00f3 a cabo la remodelaci\u00f3n del Parque de la Luz, obra que beneficia al ambiente y a los vecinos de la colonia Bosques de Virreyes.<\/p>\n<p>La remodelaci\u00f3n de las cuatro hect\u00e1reas de terreno en el tramo norponiente exterior del Bosque de Chapultepec, incluy\u00f3 el saneamiento de las \u00e1reas verdes, poda y reforestaci\u00f3n con nuevos ejemplares arb\u00f3reos como laureles, jacarandas, agaves y hierbas de diferentes tipos; adem\u00e1s, se construy\u00f3 una trotapista y se reparar\u00e1 la ciclopista que antes era la v\u00eda del Ferrocarril de Cuernavaca. Las obras que fueron supervisadas por la Secretar\u00eda de Medio Ambiente del Distrito Federal.<\/p>\n<p>El Corporativo aport\u00f3 10 millones de pesos al Fondo Ambiental P\u00fablico, los cuales son utilizados en el mejoramiento del espacio del Bosque de Chapultepec que colinda con el terreno de la Torre Virreyes y con la Planta de Tratamiento de Agua de los lagos de la Segunda Secci\u00f3n del Bosque de Chapultepec.<\/p>\n","protected":false},"excerpt":{"rendered":"<p>&nbsp; Fueron rehabilitadas las cuatro hect\u00e1reas de terreno, adem\u00e1s se construyeron una trotapista y una ciclopista<\/p>\n","protected":false},"author":77,"featured_media":19034,"comment_status":"open","ping_status":"closed","sticky":false,"template":"","format":"standard","meta":{"inline_featured_image":false,"footnotes":""},"categories":[82],"tags":[1142,606,5116,5117,63,167,2526],"class_list":["post-19032","post","type-post","status-publish","format-standard","has-post-thumbnail","hentry","category-urbanismo","tag-bosque-de-chapultepec","tag-cdmx","tag-corporativo-pedregal-hispamex","tag-fondo-ambiental-publico","tag-grupo-danhos","tag-sedema","tag-torre-virreyes"],"yoast_head":"<!-- This site is optimized with the Yoast SEO plugin v28.4 - https:\/\/yoast.com\/product\/yoast-seo-wordpress\/ -->\n<title>Remodelan Parque de la Luz en el Pedregal -<\/title>\n<meta name=\"description\" content=\"&nbsp; Fueron rehabilitadas las cuatro hect\u00e1reas de terreno, adem\u00e1s se construyeron una trotapista y una ciclopista Como estrategia para mitigar el\" \/>\n<meta name=\"robots\" content=\"index, follow, max-snippet:-1, max-image-preview:large, max-video-preview:-1\" \/>\n<link rel=\"canonical\" href=\"https:\/\/centrourbano.com\/revista\/urbanismo\/remodelan-parque-de-la-luz\/\" \/>\n<meta property=\"og:locale\" content=\"es_ES\" \/>\n<meta property=\"og:type\" content=\"article\" \/>\n<meta property=\"og:title\" content=\"Remodelan Parque de la Luz en el Pedregal -\" \/>\n<meta property=\"og:description\" content=\"&nbsp; Fueron rehabilitadas las cuatro hect\u00e1reas de terreno, adem\u00e1s se construyeron una trotapista y una ciclopista Como estrategia para mitigar el\" \/>\n<meta property=\"og:url\" content=\"https:\/\/centrourbano.com\/revista\/urbanismo\/remodelan-parque-de-la-luz\/\" \/>\n<meta property=\"og:site_name\" content=\"Centro Urbano\" \/>\n<meta property=\"article:publisher\" content=\"https:\/\/www.facebook.com\/portalcentrourbano\" \/>\n<meta property=\"article:published_time\" content=\"2015-05-19T14:00:55+00:00\" \/>\n<meta property=\"article:modified_time\" content=\"2015-05-19T19:42:47+00:00\" \/>\n<meta property=\"og:image\" content=\"https:\/\/centrourbano.com\/revista\/wp-content\/uploads\/Danhos2.jpg\" \/>\n\t<meta property=\"og:image:width\" content=\"600\" \/>\n\t<meta property=\"og:image:height\" content=\"400\" \/>\n\t<meta property=\"og:image:type\" content=\"image\/jpeg\" \/>\n<meta name=\"author\" content=\"G4A\" \/>\n<meta name=\"twitter:card\" content=\"summary_large_image\" \/>\n<meta name=\"twitter:creator\" content=\"@CentroUrbano\" \/>\n<meta name=\"twitter:site\" content=\"@CentroUrbano\" \/>\n<meta name=\"twitter:label1\" content=\"Escrito por\" \/>\n\t<meta name=\"twitter:data1\" content=\"G4A\" \/>\n\t<meta name=\"twitter:label2\" content=\"Tiempo de lectura\" \/>\n\t<meta name=\"twitter:data2\" content=\"1 minuto\" \/>\n<script type=\"application\/ld+json\" class=\"yoast-schema-graph\">{\"@context\":\"https:\\\/\\\/schema.org\",\"@graph\":[{\"@type\":\"Article\",\"@id\":\"https:\\\/\\\/centrourbano.com\\\/revista\\\/urbanismo\\\/remodelan-parque-de-la-luz\\\/#article\",\"isPartOf\":{\"@id\":\"https:\\\/\\\/centrourbano.com\\\/revista\\\/urbanismo\\\/remodelan-parque-de-la-luz\\\/\"},\"author\":{\"name\":\"G4A\",\"@id\":\"https:\\\/\\\/centrourbano.com\\\/revista\\\/#\\\/schema\\\/person\\\/370fa0ba2d8dd5bde3fdb8b62ad360aa\"},\"headline\":\"Remodelan Parque de la Luz en el Pedregal\",\"datePublished\":\"2015-05-19T14:00:55+00:00\",\"dateModified\":\"2015-05-19T19:42:47+00:00\",\"mainEntityOfPage\":{\"@id\":\"https:\\\/\\\/centrourbano.com\\\/revista\\\/urbanismo\\\/remodelan-parque-de-la-luz\\\/\"},\"wordCount\":215,\"commentCount\":0,\"publisher\":{\"@id\":\"https:\\\/\\\/centrourbano.com\\\/revista\\\/#organization\"},\"image\":{\"@id\":\"https:\\\/\\\/centrourbano.com\\\/revista\\\/urbanismo\\\/remodelan-parque-de-la-luz\\\/#primaryimage\"},\"thumbnailUrl\":\"https:\\\/\\\/centrourbano.com\\\/revista\\\/wp-content\\\/uploads\\\/Danhos2.jpg\",\"keywords\":[\"bosque de Chapultepec\",\"CDMX\",\"Corporativo Pedregal Hispamex\",\"Fondo Ambiental P\u00fablico\",\"Grupo Danhos\",\"Sedema\",\"Torre Virreyes\"],\"articleSection\":[\"Urbanismo\"],\"inLanguage\":\"es\"},{\"@type\":\"WebPage\",\"@id\":\"https:\\\/\\\/centrourbano.com\\\/revista\\\/urbanismo\\\/remodelan-parque-de-la-luz\\\/\",\"url\":\"https:\\\/\\\/centrourbano.com\\\/revista\\\/urbanismo\\\/remodelan-parque-de-la-luz\\\/\",\"name\":\"Remodelan Parque de la Luz en el Pedregal -\",\"isPartOf\":{\"@id\":\"https:\\\/\\\/centrourbano.com\\\/revista\\\/#website\"},\"primaryImageOfPage\":{\"@id\":\"https:\\\/\\\/centrourbano.com\\\/revista\\\/urbanismo\\\/remodelan-parque-de-la-luz\\\/#primaryimage\"},\"image\":{\"@id\":\"https:\\\/\\\/centrourbano.com\\\/revista\\\/urbanismo\\\/remodelan-parque-de-la-luz\\\/#primaryimage\"},\"thumbnailUrl\":\"https:\\\/\\\/centrourbano.com\\\/revista\\\/wp-content\\\/uploads\\\/Danhos2.jpg\",\"datePublished\":\"2015-05-19T14:00:55+00:00\",\"dateModified\":\"2015-05-19T19:42:47+00:00\",\"description\":\"&nbsp; Fueron rehabilitadas las cuatro hect\u00e1reas de terreno, adem\u00e1s se construyeron una trotapista y una ciclopista Como estrategia para mitigar el\",\"breadcrumb\":{\"@id\":\"https:\\\/\\\/centrourbano.com\\\/revista\\\/urbanismo\\\/remodelan-parque-de-la-luz\\\/#breadcrumb\"},\"inLanguage\":\"es\",\"potentialAction\":[{\"@type\":\"ReadAction\",\"target\":[\"https:\\\/\\\/centrourbano.com\\\/revista\\\/urbanismo\\\/remodelan-parque-de-la-luz\\\/\"]}]},{\"@type\":\"ImageObject\",\"inLanguage\":\"es\",\"@id\":\"https:\\\/\\\/centrourbano.com\\\/revista\\\/urbanismo\\\/remodelan-parque-de-la-luz\\\/#primaryimage\",\"url\":\"https:\\\/\\\/centrourbano.com\\\/revista\\\/wp-content\\\/uploads\\\/Danhos2.jpg\",\"contentUrl\":\"https:\\\/\\\/centrourbano.com\\\/revista\\\/wp-content\\\/uploads\\\/Danhos2.jpg\",\"width\":600,\"height\":400},{\"@type\":\"BreadcrumbList\",\"@id\":\"https:\\\/\\\/centrourbano.com\\\/revista\\\/urbanismo\\\/remodelan-parque-de-la-luz\\\/#breadcrumb\",\"itemListElement\":[{\"@type\":\"ListItem\",\"position\":1,\"name\":\"Portada\",\"item\":\"https:\\\/\\\/centrourbano.com\\\/revista\\\/\"},{\"@type\":\"ListItem\",\"position\":2,\"name\":\"Remodelan Parque de la Luz en el Pedregal\"}]},{\"@type\":\"WebSite\",\"@id\":\"https:\\\/\\\/centrourbano.com\\\/revista\\\/#website\",\"url\":\"https:\\\/\\\/centrourbano.com\\\/revista\\\/\",\"name\":\"Centro Urbano\",\"description\":\"Medio especializado en los sectores vivienda, inmobiliario, construcci\u00f3n, arquitectura y urbanismo.\",\"publisher\":{\"@id\":\"https:\\\/\\\/centrourbano.com\\\/revista\\\/#organization\"},\"potentialAction\":[{\"@type\":\"SearchAction\",\"target\":{\"@type\":\"EntryPoint\",\"urlTemplate\":\"https:\\\/\\\/centrourbano.com\\\/revista\\\/?s={search_term_string}\"},\"query-input\":{\"@type\":\"PropertyValueSpecification\",\"valueRequired\":true,\"valueName\":\"search_term_string\"}}],\"inLanguage\":\"es\"},{\"@type\":\"Organization\",\"@id\":\"https:\\\/\\\/centrourbano.com\\\/revista\\\/#organization\",\"name\":\"Centro Urbano\",\"url\":\"https:\\\/\\\/centrourbano.com\\\/revista\\\/\",\"logo\":{\"@type\":\"ImageObject\",\"inLanguage\":\"es\",\"@id\":\"https:\\\/\\\/centrourbano.com\\\/revista\\\/#\\\/schema\\\/logo\\\/image\\\/\",\"url\":\"https:\\\/\\\/centrourbano.com\\\/revista\\\/wp-content\\\/uploads\\\/web_CU_logo-1.png\",\"contentUrl\":\"https:\\\/\\\/centrourbano.com\\\/revista\\\/wp-content\\\/uploads\\\/web_CU_logo-1.png\",\"width\":350,\"height\":91,\"caption\":\"Centro Urbano\"},\"image\":{\"@id\":\"https:\\\/\\\/centrourbano.com\\\/revista\\\/#\\\/schema\\\/logo\\\/image\\\/\"},\"sameAs\":[\"https:\\\/\\\/www.facebook.com\\\/portalcentrourbano\",\"https:\\\/\\\/x.com\\\/CentroUrbano\",\"https:\\\/\\\/www.instagram.com\\\/centro_urbano\\\/\",\"https:\\\/\\\/www.linkedin.com\\\/company\\\/centro-urbano\\\/\",\"http:\\\/\\\/www.youtube.com\\\/user\\\/portalcentrourbano\"]},{\"@type\":\"Person\",\"@id\":\"https:\\\/\\\/centrourbano.com\\\/revista\\\/#\\\/schema\\\/person\\\/370fa0ba2d8dd5bde3fdb8b62ad360aa\",\"name\":\"G4A\",\"image\":{\"@type\":\"ImageObject\",\"inLanguage\":\"es\",\"@id\":\"https:\\\/\\\/secure.gravatar.com\\\/avatar\\\/932a97121b13d5de5bbd8193c6c83d3b92c9eda0f39623607d4280e7a5778d97?s=96&d=mm&r=g\",\"url\":\"https:\\\/\\\/secure.gravatar.com\\\/avatar\\\/932a97121b13d5de5bbd8193c6c83d3b92c9eda0f39623607d4280e7a5778d97?s=96&d=mm&r=g\",\"contentUrl\":\"https:\\\/\\\/secure.gravatar.com\\\/avatar\\\/932a97121b13d5de5bbd8193c6c83d3b92c9eda0f39623607d4280e7a5778d97?s=96&d=mm&r=g\",\"caption\":\"G4A\"},\"url\":\"https:\\\/\\\/centrourbano.com\\\/revista\\\/author\\\/admin-g4a\\\/\"}]}<\/script>\n<!-- \/ Yoast SEO plugin. -->","yoast_head_json":{"title":"Remodelan Parque de la Luz en el Pedregal -","description":"&nbsp; Fueron rehabilitadas las cuatro hect\u00e1reas de terreno, adem\u00e1s se construyeron una trotapista y una ciclopista Como estrategia para mitigar el","robots":{"index":"index","follow":"follow","max-snippet":"max-snippet:-1","max-image-preview":"max-image-preview:large","max-video-preview":"max-video-preview:-1"},"canonical":"https:\/\/centrourbano.com\/revista\/urbanismo\/remodelan-parque-de-la-luz\/","og_locale":"es_ES","og_type":"article","og_title":"Remodelan Parque de la Luz en el Pedregal -","og_description":"&nbsp; Fueron rehabilitadas las cuatro hect\u00e1reas de terreno, adem\u00e1s se construyeron una trotapista y una ciclopista Como estrategia para mitigar el","og_url":"https:\/\/centrourbano.com\/revista\/urbanismo\/remodelan-parque-de-la-luz\/","og_site_name":"Centro Urbano","article_publisher":"https:\/\/www.facebook.com\/portalcentrourbano","article_published_time":"2015-05-19T14:00:55+00:00","article_modified_time":"2015-05-19T19:42:47+00:00","og_image":[{"width":600,"height":400,"url":"https:\/\/centrourbano.com\/revista\/wp-content\/uploads\/Danhos2.jpg","type":"image\/jpeg"}],"author":"G4A","twitter_card":"summary_large_image","twitter_creator":"@CentroUrbano","twitter_site":"@CentroUrbano","twitter_misc":{"Escrito por":"G4A","Tiempo de lectura":"1 minuto"},"schema":{"@context":"https:\/\/schema.org","@graph":[{"@type":"Article","@id":"https:\/\/centrourbano.com\/revista\/urbanismo\/remodelan-parque-de-la-luz\/#article","isPartOf":{"@id":"https:\/\/centrourbano.com\/revista\/urbanismo\/remodelan-parque-de-la-luz\/"},"author":{"name":"G4A","@id":"https:\/\/centrourbano.com\/revista\/#\/schema\/person\/370fa0ba2d8dd5bde3fdb8b62ad360aa"},"headline":"Remodelan Parque de la Luz en el Pedregal","datePublished":"2015-05-19T14:00:55+00:00","dateModified":"2015-05-19T19:42:47+00:00","mainEntityOfPage":{"@id":"https:\/\/centrourbano.com\/revista\/urbanismo\/remodelan-parque-de-la-luz\/"},"wordCount":215,"commentCount":0,"publisher":{"@id":"https:\/\/centrourbano.com\/revista\/#organization"},"image":{"@id":"https:\/\/centrourbano.com\/revista\/urbanismo\/remodelan-parque-de-la-luz\/#primaryimage"},"thumbnailUrl":"https:\/\/centrourbano.com\/revista\/wp-content\/uploads\/Danhos2.jpg","keywords":["bosque de Chapultepec","CDMX","Corporativo Pedregal Hispamex","Fondo Ambiental P\u00fablico","Grupo Danhos","Sedema","Torre Virreyes"],"articleSection":["Urbanismo"],"inLanguage":"es"},{"@type":"WebPage","@id":"https:\/\/centrourbano.com\/revista\/urbanismo\/remodelan-parque-de-la-luz\/","url":"https:\/\/centrourbano.com\/revista\/urbanismo\/remodelan-parque-de-la-luz\/","name":"Remodelan Parque de la Luz en el Pedregal -","isPartOf":{"@id":"https:\/\/centrourbano.com\/revista\/#website"},"primaryImageOfPage":{"@id":"https:\/\/centrourbano.com\/revista\/urbanismo\/remodelan-parque-de-la-luz\/#primaryimage"},"image":{"@id":"https:\/\/centrourbano.com\/revista\/urbanismo\/remodelan-parque-de-la-luz\/#primaryimage"},"thumbnailUrl":"https:\/\/centrourbano.com\/revista\/wp-content\/uploads\/Danhos2.jpg","datePublished":"2015-05-19T14:00:55+00:00","dateModified":"2015-05-19T19:42:47+00:00","description":"&nbsp; Fueron rehabilitadas las cuatro hect\u00e1reas de terreno, adem\u00e1s se construyeron una trotapista y una ciclopista Como estrategia para mitigar el","breadcrumb":{"@id":"https:\/\/centrourbano.com\/revista\/urbanismo\/remodelan-parque-de-la-luz\/#breadcrumb"},"inLanguage":"es","potentialAction":[{"@type":"ReadAction","target":["https:\/\/centrourbano.com\/revista\/urbanismo\/remodelan-parque-de-la-luz\/"]}]},{"@type":"ImageObject","inLanguage":"es","@id":"https:\/\/centrourbano.com\/revista\/urbanismo\/remodelan-parque-de-la-luz\/#primaryimage","url":"https:\/\/centrourbano.com\/revista\/wp-content\/uploads\/Danhos2.jpg","contentUrl":"https:\/\/centrourbano.com\/revista\/wp-content\/uploads\/Danhos2.jpg","width":600,"height":400},{"@type":"BreadcrumbList","@id":"https:\/\/centrourbano.com\/revista\/urbanismo\/remodelan-parque-de-la-luz\/#breadcrumb","itemListElement":[{"@type":"ListItem","position":1,"name":"Portada","item":"https:\/\/centrourbano.com\/revista\/"},{"@type":"ListItem","position":2,"name":"Remodelan Parque de la Luz en el Pedregal"}]},{"@type":"WebSite","@id":"https:\/\/centrourbano.com\/revista\/#website","url":"https:\/\/centrourbano.com\/revista\/","name":"Centro Urbano","description":"Medio especializado en los sectores vivienda, inmobiliario, construcci\u00f3n, arquitectura y urbanismo.","publisher":{"@id":"https:\/\/centrourbano.com\/revista\/#organization"},"potentialAction":[{"@type":"SearchAction","target":{"@type":"EntryPoint","urlTemplate":"https:\/\/centrourbano.com\/revista\/?s={search_term_string}"},"query-input":{"@type":"PropertyValueSpecification","valueRequired":true,"valueName":"search_term_string"}}],"inLanguage":"es"},{"@type":"Organization","@id":"https:\/\/centrourbano.com\/revista\/#organization","name":"Centro Urbano","url":"https:\/\/centrourbano.com\/revista\/","logo":{"@type":"ImageObject","inLanguage":"es","@id":"https:\/\/centrourbano.com\/revista\/#\/schema\/logo\/image\/","url":"https:\/\/centrourbano.com\/revista\/wp-content\/uploads\/web_CU_logo-1.png","contentUrl":"https:\/\/centrourbano.com\/revista\/wp-content\/uploads\/web_CU_logo-1.png","width":350,"height":91,"caption":"Centro Urbano"},"image":{"@id":"https:\/\/centrourbano.com\/revista\/#\/schema\/logo\/image\/"},"sameAs":["https:\/\/www.facebook.com\/portalcentrourbano","https:\/\/x.com\/CentroUrbano","https:\/\/www.instagram.com\/centro_urbano\/","https:\/\/www.linkedin.com\/company\/centro-urbano\/","http:\/\/www.youtube.com\/user\/portalcentrourbano"]},{"@type":"Person","@id":"https:\/\/centrourbano.com\/revista\/#\/schema\/person\/370fa0ba2d8dd5bde3fdb8b62ad360aa","name":"G4A","image":{"@type":"ImageObject","inLanguage":"es","@id":"https:\/\/secure.gravatar.com\/avatar\/932a97121b13d5de5bbd8193c6c83d3b92c9eda0f39623607d4280e7a5778d97?s=96&d=mm&r=g","url":"https:\/\/secure.gravatar.com\/avatar\/932a97121b13d5de5bbd8193c6c83d3b92c9eda0f39623607d4280e7a5778d97?s=96&d=mm&r=g","contentUrl":"https:\/\/secure.gravatar.com\/avatar\/932a97121b13d5de5bbd8193c6c83d3b92c9eda0f39623607d4280e7a5778d97?s=96&d=mm&r=g","caption":"G4A"},"url":"https:\/\/centrourbano.com\/revista\/author\/admin-g4a\/"}]}},"_links":{"self":[{"href":"https:\/\/centrourbano.com\/revista\/wp-json\/wp\/v2\/posts\/19032","targetHints":{"allow":["GET"]}}],"collection":[{"href":"https:\/\/centrourbano.com\/revista\/wp-json\/wp\/v2\/posts"}],"about":[{"href":"https:\/\/centrourbano.com\/revista\/wp-json\/wp\/v2\/types\/post"}],"author":[{"embeddable":true,"href":"https:\/\/centrourbano.com\/revista\/wp-json\/wp\/v2\/users\/77"}],"replies":[{"embeddable":true,"href":"https:\/\/centrourbano.com\/revista\/wp-json\/wp\/v2\/comments?post=19032"}],"version-history":[{"count":0,"href":"https:\/\/centrourbano.com\/revista\/wp-json\/wp\/v2\/posts\/19032\/revisions"}],"wp:featuredmedia":[{"embeddable":true,"href":"https:\/\/centrourbano.com\/revista\/wp-json\/wp\/v2\/media\/19034"}],"wp:attachment":[{"href":"https:\/\/centrourbano.com\/revista\/wp-json\/wp\/v2\/media?parent=19032"}],"wp:term":[{"taxonomy":"category","embeddable":true,"href":"https:\/\/centrourbano.com\/revista\/wp-json\/wp\/v2\/categories?post=19032"},{"taxonomy":"post_tag","embeddable":true,"href":"https:\/\/centrourbano.com\/revista\/wp-json\/wp\/v2\/tags?post=19032"}],"curies":[{"name":"wp","href":"https:\/\/api.w.org\/{rel}","templated":true}]}}