{"id":18966,"date":"2015-05-14T17:11:58","date_gmt":"2015-05-14T22:11:58","guid":{"rendered":"http:\/\/centrourbano.com\/?p=18966"},"modified":"2015-05-14T18:17:50","modified_gmt":"2015-05-14T23:17:50","slug":"funge-zocalo-como-sede-de-encuentro-entre-paises-de-todo-el-mundo","status":"publish","type":"post","link":"https:\/\/centrourbano.com\/revista\/actualidad\/funge-zocalo-como-sede-de-encuentro-entre-paises-de-todo-el-mundo\/","title":{"rendered":"Funge Z\u00f3calo como sede de encuentro entre pa\u00edses"},"content":{"rendered":"<p>&nbsp;<\/p>\n<p><em>Gastronom\u00eda, cultura y arte, as\u00ed como 166 actividades, forman parte de la Feria de las Culturas Amigas 2015 \u00a0<\/em><!--more--><\/p>\n<p>&nbsp;<\/p>\n<p>A partir de este jueves y hasta el pr\u00f3ximo, 94 naciones permanecer\u00e1n reunidas en el Z\u00f3calo de la Ciudad de M\u00e9xico, en la s\u00e9ptima edici\u00f3n de la Feria de las Culturas Amigas 2015, con la cual se pretende dar un mensaje de paz.<\/p>\n<p>Durante la inauguraci\u00f3n, el jefe de Gobierno capitalino, Miguel \u00c1ngel Mancera, destac\u00f3 que con este evento la CDMX muestra al mundo, una vez m\u00e1s, su gran convocatoria al ser sede de esta muestra de la gastronom\u00eda, cultura, educaci\u00f3n, infraestructura y sociedad de 94 naciones hermanas.<\/p>\n<p>\u00abHabr\u00e1 una gran muestra de cultura, una de las m\u00e1s importantes muestras de cultura con acceso a toda la poblaci\u00f3n de la Ciudad de M\u00e9xico. Aqu\u00ed la gente podr\u00e1 conocer lo que sucede en todo el mundo en gastronom\u00eda, en cultura, en arte, en todo lo que es la representaci\u00f3n humana de las naciones que nos acompa\u00f1an\u00bb, destac\u00f3.<\/p>\n<p>Mancera invit\u00f3 a los ciudadanos a visitar los stands que conforman la magna Feria de la Culturas Amigas que consta de tres pabellones, adem\u00e1s de una amplia cartelera de m\u00e1s de 166 actividades culturales que incluyen talleres, cine, conferencias y exposiciones.<\/p>\n<p>Por su parte, el embajador del Reino de la Gran Breta\u00f1a en M\u00e9xico, Duncan John Rushworth Taylor, agradeci\u00f3 la distinci\u00f3n de que su naci\u00f3n sea la invitada de honor de esta edici\u00f3n, y asegur\u00f3 que tienen preparadas diversas actividades que van sumadas a la celebraci\u00f3n de 200 a\u00f1os de relaciones diplom\u00e1ticas entre M\u00e9xico y Reino Unido y la conmemoraci\u00f3n del A\u00f1o Dual M\u00e9xico-Reino Unido 2015.<\/p>\n<p>Los pa\u00edses de Am\u00e9rica que participan son: Argentina, Belice, Bolivia, Brasil, Canad\u00e1, Chile, Colombia, Costa Rica, Cuba, Ecuador, El Salvador, Estados Unidos, Guatemala, Hait\u00ed, Nicaragua, Panam\u00e1, Paraguay, Per\u00fa, Rep\u00fablica Dominicana, Uruguay y Venezuela. Del medio Oriente, est\u00e1n Arabia Saudita, Emiratos \u00c1rabes, Ir\u00e1n, Israel, Jordania, Kuwait, Libia, L\u00edbano, Palestina, Pakist\u00e1n y Siria.<\/p>\n<p>Por el continente europeo se encuentran Alemania, Armenia, Austria, B\u00e9lgica, Chipre, Croacia, Dinamarca, Eslovaquia, Espa\u00f1a, Finlandia, Francia, Georgia, Grecia, Hungr\u00eda, Irlanda, Italia, Lituania, Noruega, Pa\u00edses Bajos, Polonia, Portugal, Reino Unido, Rep\u00fablica Checa, Rumania, Rusia, Serbia, Suecia, Suiza, Turqu\u00eda y Ucrania; en tanto, Australia ser\u00e1 el representante de Ocean\u00eda.<\/p>\n<p>&nbsp;<\/p>\n<p>Procedentes de \u00c1frica est\u00e1n Angola, Argelia, Camer\u00fan, Costa de Marfil, Egipto, Etiop\u00eda, Ghana, Kenia, Marruecos, Nigeria, Rep\u00fablica \u00c1rabe Saharaui Democr\u00e1tica, Senegal y Sud\u00e1frica; y por el continente Asia participan Azerbaiy\u00e1n, Bangladesh, China, Corea del Norte, Corea del Sur, Filipinas, India, Indonesia, Jap\u00f3n, Laos, Malasia, Nepal, Sri Lanka, Tailandia y Vietnam.<\/p>\n<p>&nbsp;<\/p>\n","protected":false},"excerpt":{"rendered":"<p>&nbsp; Gastronom\u00eda, cultura y arte, as\u00ed como 166 actividades, forman parte de la Feria de las Culturas Amigas 2015 \u00a0<\/p>\n","protected":false},"author":5,"featured_media":18967,"comment_status":"open","ping_status":"closed","sticky":false,"template":"","format":"standard","meta":{"om_disable_all_campaigns":false,"inline_featured_image":false,"_monsterinsights_skip_tracking":false,"_monsterinsights_sitenote_active":false,"_monsterinsights_sitenote_note":"","_monsterinsights_sitenote_category":0,"footnotes":""},"categories":[80],"tags":[5092,4671,79,5090,78,5089,5091],"class_list":["post-18966","post","type-post","status-publish","format-standard","has-post-thumbnail","hentry","category-actualidad","tag-africa","tag-america","tag-asia","tag-embajada","tag-europa","tag-feria-de-las-culturas-amigas","tag-oceania"],"yoast_head":"<!-- This site is optimized with the Yoast SEO plugin v27.5 - https:\/\/yoast.com\/product\/yoast-seo-wordpress\/ -->\n<title>Funge Z\u00f3calo como sede de encuentro entre pa\u00edses -<\/title>\n<meta name=\"description\" content=\"&nbsp; Gastronom\u00eda, cultura y arte, as\u00ed como 166 actividades, forman parte de la Feria de las Culturas Amigas 2015 \u00a0 &nbsp; A partir de este jueves y\" \/>\n<meta name=\"robots\" content=\"index, follow, max-snippet:-1, max-image-preview:large, max-video-preview:-1\" \/>\n<link rel=\"canonical\" href=\"https:\/\/centrourbano.com\/revista\/actualidad\/funge-zocalo-como-sede-de-encuentro-entre-paises-de-todo-el-mundo\/\" \/>\n<meta property=\"og:locale\" content=\"es_ES\" \/>\n<meta property=\"og:type\" content=\"article\" \/>\n<meta property=\"og:title\" content=\"Funge Z\u00f3calo como sede de encuentro entre pa\u00edses -\" \/>\n<meta property=\"og:description\" content=\"&nbsp; Gastronom\u00eda, cultura y arte, as\u00ed como 166 actividades, forman parte de la Feria de las Culturas Amigas 2015 \u00a0 &nbsp; A partir de este jueves y\" \/>\n<meta property=\"og:url\" content=\"https:\/\/centrourbano.com\/revista\/actualidad\/funge-zocalo-como-sede-de-encuentro-entre-paises-de-todo-el-mundo\/\" \/>\n<meta property=\"og:site_name\" content=\"Centro Urbano\" \/>\n<meta property=\"article:publisher\" content=\"https:\/\/www.facebook.com\/portalcentrourbano\" \/>\n<meta property=\"article:published_time\" content=\"2015-05-14T22:11:58+00:00\" \/>\n<meta property=\"article:modified_time\" content=\"2015-05-14T23:17:50+00:00\" \/>\n<meta property=\"og:image\" content=\"https:\/\/centrourbano.com\/revista\/wp-content\/uploads\/FERIA-DE-LAS-CULTURAS-AMIGAS_OK.jpg\" \/>\n\t<meta property=\"og:image:width\" content=\"800\" \/>\n\t<meta property=\"og:image:height\" content=\"533\" \/>\n\t<meta property=\"og:image:type\" content=\"image\/jpeg\" \/>\n<meta name=\"author\" content=\"Aura Fuentes\" \/>\n<meta name=\"twitter:card\" content=\"summary_large_image\" \/>\n<meta name=\"twitter:creator\" content=\"@CentroUrbano\" \/>\n<meta name=\"twitter:site\" content=\"@CentroUrbano\" \/>\n<meta name=\"twitter:label1\" content=\"Escrito por\" \/>\n\t<meta name=\"twitter:data1\" content=\"Aura Fuentes\" \/>\n\t<meta name=\"twitter:label2\" content=\"Tiempo de lectura\" \/>\n\t<meta name=\"twitter:data2\" content=\"2 minutos\" \/>\n<script type=\"application\/ld+json\" class=\"yoast-schema-graph\">{\"@context\":\"https:\\\/\\\/schema.org\",\"@graph\":[{\"@type\":\"Article\",\"@id\":\"https:\\\/\\\/centrourbano.com\\\/revista\\\/actualidad\\\/funge-zocalo-como-sede-de-encuentro-entre-paises-de-todo-el-mundo\\\/#article\",\"isPartOf\":{\"@id\":\"https:\\\/\\\/centrourbano.com\\\/revista\\\/actualidad\\\/funge-zocalo-como-sede-de-encuentro-entre-paises-de-todo-el-mundo\\\/\"},\"author\":{\"name\":\"Aura Fuentes\",\"@id\":\"https:\\\/\\\/centrourbano.com\\\/revista\\\/#\\\/schema\\\/person\\\/38a5f013f1017893ef1ef0454a94d0a7\"},\"headline\":\"Funge Z\u00f3calo como sede de encuentro entre pa\u00edses\",\"datePublished\":\"2015-05-14T22:11:58+00:00\",\"dateModified\":\"2015-05-14T23:17:50+00:00\",\"mainEntityOfPage\":{\"@id\":\"https:\\\/\\\/centrourbano.com\\\/revista\\\/actualidad\\\/funge-zocalo-como-sede-de-encuentro-entre-paises-de-todo-el-mundo\\\/\"},\"wordCount\":478,\"commentCount\":0,\"publisher\":{\"@id\":\"https:\\\/\\\/centrourbano.com\\\/revista\\\/#organization\"},\"image\":{\"@id\":\"https:\\\/\\\/centrourbano.com\\\/revista\\\/actualidad\\\/funge-zocalo-como-sede-de-encuentro-entre-paises-de-todo-el-mundo\\\/#primaryimage\"},\"thumbnailUrl\":\"https:\\\/\\\/centrourbano.com\\\/revista\\\/wp-content\\\/uploads\\\/FERIA-DE-LAS-CULTURAS-AMIGAS_OK.jpg\",\"keywords\":[\"\u00c1frica\",\"Am\u00e9rica\",\"Asia\",\"embajada\",\"Europa\",\"Feria de las Culturas Amigas\",\"Ocean\u00eda\"],\"articleSection\":[\"Actualidad\"],\"inLanguage\":\"es\",\"potentialAction\":[{\"@type\":\"CommentAction\",\"name\":\"Comment\",\"target\":[\"https:\\\/\\\/centrourbano.com\\\/revista\\\/actualidad\\\/funge-zocalo-como-sede-de-encuentro-entre-paises-de-todo-el-mundo\\\/#respond\"]}]},{\"@type\":\"WebPage\",\"@id\":\"https:\\\/\\\/centrourbano.com\\\/revista\\\/actualidad\\\/funge-zocalo-como-sede-de-encuentro-entre-paises-de-todo-el-mundo\\\/\",\"url\":\"https:\\\/\\\/centrourbano.com\\\/revista\\\/actualidad\\\/funge-zocalo-como-sede-de-encuentro-entre-paises-de-todo-el-mundo\\\/\",\"name\":\"Funge Z\u00f3calo como sede de encuentro entre pa\u00edses -\",\"isPartOf\":{\"@id\":\"https:\\\/\\\/centrourbano.com\\\/revista\\\/#website\"},\"primaryImageOfPage\":{\"@id\":\"https:\\\/\\\/centrourbano.com\\\/revista\\\/actualidad\\\/funge-zocalo-como-sede-de-encuentro-entre-paises-de-todo-el-mundo\\\/#primaryimage\"},\"image\":{\"@id\":\"https:\\\/\\\/centrourbano.com\\\/revista\\\/actualidad\\\/funge-zocalo-como-sede-de-encuentro-entre-paises-de-todo-el-mundo\\\/#primaryimage\"},\"thumbnailUrl\":\"https:\\\/\\\/centrourbano.com\\\/revista\\\/wp-content\\\/uploads\\\/FERIA-DE-LAS-CULTURAS-AMIGAS_OK.jpg\",\"datePublished\":\"2015-05-14T22:11:58+00:00\",\"dateModified\":\"2015-05-14T23:17:50+00:00\",\"description\":\"&nbsp; Gastronom\u00eda, cultura y arte, as\u00ed como 166 actividades, forman parte de la Feria de las Culturas Amigas 2015 \u00a0 &nbsp; A partir de este jueves y\",\"breadcrumb\":{\"@id\":\"https:\\\/\\\/centrourbano.com\\\/revista\\\/actualidad\\\/funge-zocalo-como-sede-de-encuentro-entre-paises-de-todo-el-mundo\\\/#breadcrumb\"},\"inLanguage\":\"es\",\"potentialAction\":[{\"@type\":\"ReadAction\",\"target\":[\"https:\\\/\\\/centrourbano.com\\\/revista\\\/actualidad\\\/funge-zocalo-como-sede-de-encuentro-entre-paises-de-todo-el-mundo\\\/\"]}]},{\"@type\":\"ImageObject\",\"inLanguage\":\"es\",\"@id\":\"https:\\\/\\\/centrourbano.com\\\/revista\\\/actualidad\\\/funge-zocalo-como-sede-de-encuentro-entre-paises-de-todo-el-mundo\\\/#primaryimage\",\"url\":\"https:\\\/\\\/centrourbano.com\\\/revista\\\/wp-content\\\/uploads\\\/FERIA-DE-LAS-CULTURAS-AMIGAS_OK.jpg\",\"contentUrl\":\"https:\\\/\\\/centrourbano.com\\\/revista\\\/wp-content\\\/uploads\\\/FERIA-DE-LAS-CULTURAS-AMIGAS_OK.jpg\",\"width\":800,\"height\":533},{\"@type\":\"BreadcrumbList\",\"@id\":\"https:\\\/\\\/centrourbano.com\\\/revista\\\/actualidad\\\/funge-zocalo-como-sede-de-encuentro-entre-paises-de-todo-el-mundo\\\/#breadcrumb\",\"itemListElement\":[{\"@type\":\"ListItem\",\"position\":1,\"name\":\"Portada\",\"item\":\"https:\\\/\\\/centrourbano.com\\\/revista\\\/\"},{\"@type\":\"ListItem\",\"position\":2,\"name\":\"Funge Z\u00f3calo como sede de encuentro entre pa\u00edses\"}]},{\"@type\":\"WebSite\",\"@id\":\"https:\\\/\\\/centrourbano.com\\\/revista\\\/#website\",\"url\":\"https:\\\/\\\/centrourbano.com\\\/revista\\\/\",\"name\":\"Centro Urbano\",\"description\":\"Medio especializado en los sectores vivienda, inmobiliario, construcci\u00f3n, arquitectura y urbanismo.\",\"publisher\":{\"@id\":\"https:\\\/\\\/centrourbano.com\\\/revista\\\/#organization\"},\"potentialAction\":[{\"@type\":\"SearchAction\",\"target\":{\"@type\":\"EntryPoint\",\"urlTemplate\":\"https:\\\/\\\/centrourbano.com\\\/revista\\\/?s={search_term_string}\"},\"query-input\":{\"@type\":\"PropertyValueSpecification\",\"valueRequired\":true,\"valueName\":\"search_term_string\"}}],\"inLanguage\":\"es\"},{\"@type\":\"Organization\",\"@id\":\"https:\\\/\\\/centrourbano.com\\\/revista\\\/#organization\",\"name\":\"Centro Urbano\",\"url\":\"https:\\\/\\\/centrourbano.com\\\/revista\\\/\",\"logo\":{\"@type\":\"ImageObject\",\"inLanguage\":\"es\",\"@id\":\"https:\\\/\\\/centrourbano.com\\\/revista\\\/#\\\/schema\\\/logo\\\/image\\\/\",\"url\":\"https:\\\/\\\/centrourbano.com\\\/revista\\\/wp-content\\\/uploads\\\/web_CU_logo-1.png\",\"contentUrl\":\"https:\\\/\\\/centrourbano.com\\\/revista\\\/wp-content\\\/uploads\\\/web_CU_logo-1.png\",\"width\":350,\"height\":91,\"caption\":\"Centro Urbano\"},\"image\":{\"@id\":\"https:\\\/\\\/centrourbano.com\\\/revista\\\/#\\\/schema\\\/logo\\\/image\\\/\"},\"sameAs\":[\"https:\\\/\\\/www.facebook.com\\\/portalcentrourbano\",\"https:\\\/\\\/x.com\\\/CentroUrbano\",\"https:\\\/\\\/www.instagram.com\\\/centro_urbano\\\/\",\"https:\\\/\\\/www.linkedin.com\\\/company\\\/centro-urbano\\\/\",\"http:\\\/\\\/www.youtube.com\\\/user\\\/portalcentrourbano\"]},{\"@type\":\"Person\",\"@id\":\"https:\\\/\\\/centrourbano.com\\\/revista\\\/#\\\/schema\\\/person\\\/38a5f013f1017893ef1ef0454a94d0a7\",\"name\":\"Aura Fuentes\",\"image\":{\"@type\":\"ImageObject\",\"inLanguage\":\"es\",\"@id\":\"https:\\\/\\\/secure.gravatar.com\\\/avatar\\\/d4d494c7466b3a8e92935aa38a4205c72303f888e06051bec24b2018c769f20a?s=96&d=mm&r=g\",\"url\":\"https:\\\/\\\/secure.gravatar.com\\\/avatar\\\/d4d494c7466b3a8e92935aa38a4205c72303f888e06051bec24b2018c769f20a?s=96&d=mm&r=g\",\"contentUrl\":\"https:\\\/\\\/secure.gravatar.com\\\/avatar\\\/d4d494c7466b3a8e92935aa38a4205c72303f888e06051bec24b2018c769f20a?s=96&d=mm&r=g\",\"caption\":\"Aura Fuentes\"},\"description\":\"Egresada de la carrera de Comunicaci\u00f3n y Periodismo en la FES Arag\u00f3n, UNAM. Aunque se especializ\u00f3 en Televisi\u00f3n prefiere estar detr\u00e1s de una computadora haciendo lo que m\u00e1s le gusta: escribir. Su mayor experiencia como profesionista la obtuvo en Diario de M\u00e9xico Edici\u00f3n USA, donde fungi\u00f3 como coordinadora editorial. Siempre perfeccionista y responsable, ahora se desempe\u00f1a como Editora en Jefe dentro de Centro Urbano.\",\"sameAs\":[\"http:\\\/\\\/@Aura_CU\"],\"url\":\"https:\\\/\\\/centrourbano.com\\\/revista\\\/author\\\/aura-fuentes\\\/\"}]}<\/script>\n<!-- \/ Yoast SEO plugin. -->","yoast_head_json":{"title":"Funge Z\u00f3calo como sede de encuentro entre pa\u00edses -","description":"&nbsp; Gastronom\u00eda, cultura y arte, as\u00ed como 166 actividades, forman parte de la Feria de las Culturas Amigas 2015 \u00a0 &nbsp; A partir de este jueves y","robots":{"index":"index","follow":"follow","max-snippet":"max-snippet:-1","max-image-preview":"max-image-preview:large","max-video-preview":"max-video-preview:-1"},"canonical":"https:\/\/centrourbano.com\/revista\/actualidad\/funge-zocalo-como-sede-de-encuentro-entre-paises-de-todo-el-mundo\/","og_locale":"es_ES","og_type":"article","og_title":"Funge Z\u00f3calo como sede de encuentro entre pa\u00edses -","og_description":"&nbsp; Gastronom\u00eda, cultura y arte, as\u00ed como 166 actividades, forman parte de la Feria de las Culturas Amigas 2015 \u00a0 &nbsp; A partir de este jueves y","og_url":"https:\/\/centrourbano.com\/revista\/actualidad\/funge-zocalo-como-sede-de-encuentro-entre-paises-de-todo-el-mundo\/","og_site_name":"Centro Urbano","article_publisher":"https:\/\/www.facebook.com\/portalcentrourbano","article_published_time":"2015-05-14T22:11:58+00:00","article_modified_time":"2015-05-14T23:17:50+00:00","og_image":[{"width":800,"height":533,"url":"https:\/\/centrourbano.com\/revista\/wp-content\/uploads\/FERIA-DE-LAS-CULTURAS-AMIGAS_OK.jpg","type":"image\/jpeg"}],"author":"Aura Fuentes","twitter_card":"summary_large_image","twitter_creator":"@CentroUrbano","twitter_site":"@CentroUrbano","twitter_misc":{"Escrito por":"Aura Fuentes","Tiempo de lectura":"2 minutos"},"schema":{"@context":"https:\/\/schema.org","@graph":[{"@type":"Article","@id":"https:\/\/centrourbano.com\/revista\/actualidad\/funge-zocalo-como-sede-de-encuentro-entre-paises-de-todo-el-mundo\/#article","isPartOf":{"@id":"https:\/\/centrourbano.com\/revista\/actualidad\/funge-zocalo-como-sede-de-encuentro-entre-paises-de-todo-el-mundo\/"},"author":{"name":"Aura Fuentes","@id":"https:\/\/centrourbano.com\/revista\/#\/schema\/person\/38a5f013f1017893ef1ef0454a94d0a7"},"headline":"Funge Z\u00f3calo como sede de encuentro entre pa\u00edses","datePublished":"2015-05-14T22:11:58+00:00","dateModified":"2015-05-14T23:17:50+00:00","mainEntityOfPage":{"@id":"https:\/\/centrourbano.com\/revista\/actualidad\/funge-zocalo-como-sede-de-encuentro-entre-paises-de-todo-el-mundo\/"},"wordCount":478,"commentCount":0,"publisher":{"@id":"https:\/\/centrourbano.com\/revista\/#organization"},"image":{"@id":"https:\/\/centrourbano.com\/revista\/actualidad\/funge-zocalo-como-sede-de-encuentro-entre-paises-de-todo-el-mundo\/#primaryimage"},"thumbnailUrl":"https:\/\/centrourbano.com\/revista\/wp-content\/uploads\/FERIA-DE-LAS-CULTURAS-AMIGAS_OK.jpg","keywords":["\u00c1frica","Am\u00e9rica","Asia","embajada","Europa","Feria de las Culturas Amigas","Ocean\u00eda"],"articleSection":["Actualidad"],"inLanguage":"es","potentialAction":[{"@type":"CommentAction","name":"Comment","target":["https:\/\/centrourbano.com\/revista\/actualidad\/funge-zocalo-como-sede-de-encuentro-entre-paises-de-todo-el-mundo\/#respond"]}]},{"@type":"WebPage","@id":"https:\/\/centrourbano.com\/revista\/actualidad\/funge-zocalo-como-sede-de-encuentro-entre-paises-de-todo-el-mundo\/","url":"https:\/\/centrourbano.com\/revista\/actualidad\/funge-zocalo-como-sede-de-encuentro-entre-paises-de-todo-el-mundo\/","name":"Funge Z\u00f3calo como sede de encuentro entre pa\u00edses -","isPartOf":{"@id":"https:\/\/centrourbano.com\/revista\/#website"},"primaryImageOfPage":{"@id":"https:\/\/centrourbano.com\/revista\/actualidad\/funge-zocalo-como-sede-de-encuentro-entre-paises-de-todo-el-mundo\/#primaryimage"},"image":{"@id":"https:\/\/centrourbano.com\/revista\/actualidad\/funge-zocalo-como-sede-de-encuentro-entre-paises-de-todo-el-mundo\/#primaryimage"},"thumbnailUrl":"https:\/\/centrourbano.com\/revista\/wp-content\/uploads\/FERIA-DE-LAS-CULTURAS-AMIGAS_OK.jpg","datePublished":"2015-05-14T22:11:58+00:00","dateModified":"2015-05-14T23:17:50+00:00","description":"&nbsp; Gastronom\u00eda, cultura y arte, as\u00ed como 166 actividades, forman parte de la Feria de las Culturas Amigas 2015 \u00a0 &nbsp; A partir de este jueves y","breadcrumb":{"@id":"https:\/\/centrourbano.com\/revista\/actualidad\/funge-zocalo-como-sede-de-encuentro-entre-paises-de-todo-el-mundo\/#breadcrumb"},"inLanguage":"es","potentialAction":[{"@type":"ReadAction","target":["https:\/\/centrourbano.com\/revista\/actualidad\/funge-zocalo-como-sede-de-encuentro-entre-paises-de-todo-el-mundo\/"]}]},{"@type":"ImageObject","inLanguage":"es","@id":"https:\/\/centrourbano.com\/revista\/actualidad\/funge-zocalo-como-sede-de-encuentro-entre-paises-de-todo-el-mundo\/#primaryimage","url":"https:\/\/centrourbano.com\/revista\/wp-content\/uploads\/FERIA-DE-LAS-CULTURAS-AMIGAS_OK.jpg","contentUrl":"https:\/\/centrourbano.com\/revista\/wp-content\/uploads\/FERIA-DE-LAS-CULTURAS-AMIGAS_OK.jpg","width":800,"height":533},{"@type":"BreadcrumbList","@id":"https:\/\/centrourbano.com\/revista\/actualidad\/funge-zocalo-como-sede-de-encuentro-entre-paises-de-todo-el-mundo\/#breadcrumb","itemListElement":[{"@type":"ListItem","position":1,"name":"Portada","item":"https:\/\/centrourbano.com\/revista\/"},{"@type":"ListItem","position":2,"name":"Funge Z\u00f3calo como sede de encuentro entre pa\u00edses"}]},{"@type":"WebSite","@id":"https:\/\/centrourbano.com\/revista\/#website","url":"https:\/\/centrourbano.com\/revista\/","name":"Centro Urbano","description":"Medio especializado en los sectores vivienda, inmobiliario, construcci\u00f3n, arquitectura y urbanismo.","publisher":{"@id":"https:\/\/centrourbano.com\/revista\/#organization"},"potentialAction":[{"@type":"SearchAction","target":{"@type":"EntryPoint","urlTemplate":"https:\/\/centrourbano.com\/revista\/?s={search_term_string}"},"query-input":{"@type":"PropertyValueSpecification","valueRequired":true,"valueName":"search_term_string"}}],"inLanguage":"es"},{"@type":"Organization","@id":"https:\/\/centrourbano.com\/revista\/#organization","name":"Centro Urbano","url":"https:\/\/centrourbano.com\/revista\/","logo":{"@type":"ImageObject","inLanguage":"es","@id":"https:\/\/centrourbano.com\/revista\/#\/schema\/logo\/image\/","url":"https:\/\/centrourbano.com\/revista\/wp-content\/uploads\/web_CU_logo-1.png","contentUrl":"https:\/\/centrourbano.com\/revista\/wp-content\/uploads\/web_CU_logo-1.png","width":350,"height":91,"caption":"Centro Urbano"},"image":{"@id":"https:\/\/centrourbano.com\/revista\/#\/schema\/logo\/image\/"},"sameAs":["https:\/\/www.facebook.com\/portalcentrourbano","https:\/\/x.com\/CentroUrbano","https:\/\/www.instagram.com\/centro_urbano\/","https:\/\/www.linkedin.com\/company\/centro-urbano\/","http:\/\/www.youtube.com\/user\/portalcentrourbano"]},{"@type":"Person","@id":"https:\/\/centrourbano.com\/revista\/#\/schema\/person\/38a5f013f1017893ef1ef0454a94d0a7","name":"Aura Fuentes","image":{"@type":"ImageObject","inLanguage":"es","@id":"https:\/\/secure.gravatar.com\/avatar\/d4d494c7466b3a8e92935aa38a4205c72303f888e06051bec24b2018c769f20a?s=96&d=mm&r=g","url":"https:\/\/secure.gravatar.com\/avatar\/d4d494c7466b3a8e92935aa38a4205c72303f888e06051bec24b2018c769f20a?s=96&d=mm&r=g","contentUrl":"https:\/\/secure.gravatar.com\/avatar\/d4d494c7466b3a8e92935aa38a4205c72303f888e06051bec24b2018c769f20a?s=96&d=mm&r=g","caption":"Aura Fuentes"},"description":"Egresada de la carrera de Comunicaci\u00f3n y Periodismo en la FES Arag\u00f3n, UNAM. Aunque se especializ\u00f3 en Televisi\u00f3n prefiere estar detr\u00e1s de una computadora haciendo lo que m\u00e1s le gusta: escribir. Su mayor experiencia como profesionista la obtuvo en Diario de M\u00e9xico Edici\u00f3n USA, donde fungi\u00f3 como coordinadora editorial. Siempre perfeccionista y responsable, ahora se desempe\u00f1a como Editora en Jefe dentro de Centro Urbano.","sameAs":["http:\/\/@Aura_CU"],"url":"https:\/\/centrourbano.com\/revista\/author\/aura-fuentes\/"}]}},"_links":{"self":[{"href":"https:\/\/centrourbano.com\/revista\/wp-json\/wp\/v2\/posts\/18966","targetHints":{"allow":["GET"]}}],"collection":[{"href":"https:\/\/centrourbano.com\/revista\/wp-json\/wp\/v2\/posts"}],"about":[{"href":"https:\/\/centrourbano.com\/revista\/wp-json\/wp\/v2\/types\/post"}],"author":[{"embeddable":true,"href":"https:\/\/centrourbano.com\/revista\/wp-json\/wp\/v2\/users\/5"}],"replies":[{"embeddable":true,"href":"https:\/\/centrourbano.com\/revista\/wp-json\/wp\/v2\/comments?post=18966"}],"version-history":[{"count":0,"href":"https:\/\/centrourbano.com\/revista\/wp-json\/wp\/v2\/posts\/18966\/revisions"}],"wp:featuredmedia":[{"embeddable":true,"href":"https:\/\/centrourbano.com\/revista\/wp-json\/wp\/v2\/media\/18967"}],"wp:attachment":[{"href":"https:\/\/centrourbano.com\/revista\/wp-json\/wp\/v2\/media?parent=18966"}],"wp:term":[{"taxonomy":"category","embeddable":true,"href":"https:\/\/centrourbano.com\/revista\/wp-json\/wp\/v2\/categories?post=18966"},{"taxonomy":"post_tag","embeddable":true,"href":"https:\/\/centrourbano.com\/revista\/wp-json\/wp\/v2\/tags?post=18966"}],"curies":[{"name":"wp","href":"https:\/\/api.w.org\/{rel}","templated":true}]}}