{"id":18798,"date":"2015-05-11T11:09:19","date_gmt":"2015-05-11T16:09:19","guid":{"rendered":"http:\/\/centrourbano.com\/?p=18798"},"modified":"2015-05-11T16:46:33","modified_gmt":"2015-05-11T21:46:33","slug":"obtiene-grupo-lar-reconocimientos-en-espana","status":"publish","type":"post","link":"https:\/\/centrourbano.com\/revista\/inmobiliario\/obtiene-grupo-lar-reconocimientos-en-espana\/","title":{"rendered":"Obtiene Grupo Lar reconocimientos en Espa\u00f1a"},"content":{"rendered":"<p>&nbsp;<\/p>\n<p><em>La empresa inmobiliaria, con presencia en M\u00e9xico, destac\u00f3 por su estrategia empresarial y campa\u00f1as\u00a0<\/em><!--more--><\/p>\n<p>&nbsp;<\/p>\n<p>Durante la entrega de los Premios Asprima-Sima 2015, en Espa\u00f1a, se reconocieron a diversas empresas inmobiliarias por sus iniciativas en diversos \u00e1mbitos como la originalidad de su planteamiento y su innovadora ejecuci\u00f3n, entre las cuales, destac\u00f3 Grupo Lar, empresa que mantiene operaci\u00f3n en M\u00e9xico en diversos segmentos inmobiliarios.<\/p>\n<p>Los reconocimientos se otorgaron en el Colegio de Arquitectos de Madrid (COAM), en el marco del Sal\u00f3n Inmobiliario de Madrid (Sima), en la categor\u00eda de Comunicaci\u00f3n y marketing, Grupo Lar fue premiado por su campa\u00f1a &#8216;I Love Sanse&#8217; para Residencial Nexia, la cual se basa en un concepto emocional, por lo cual se consider\u00f3 lograda una perfecta adecuaci\u00f3n del mensaje y el plan de acciones a las caracter\u00edsticas del producto y del target.<\/p>\n<p>Adem\u00e1s, en la parte de Premios especiales el jurado decidi\u00f3 otorgarle un galard\u00f3n a Grupo Lar, por su estrategia empresarial de internacionalizaci\u00f3n en el sector, ante su buena presencia internacional en siete pa\u00edses de Europa y Am\u00e9rica respaldados por sus 40 a\u00f1os de trayectoria; as\u00ed como por su equipo de direcci\u00f3n conformado por 249 personas y la diversidad de sus productos.<\/p>\n<p>Trascendi\u00f3 que en M\u00e9xico, pa\u00eds invitado de este a\u00f1o al Sal\u00f3n Inmobiliario de Madrid, obtuvo una menci\u00f3n especial como &#8216;M\u00e9xico, destino de inversi\u00f3n&#8217;.<\/p>\n<p>En la categor\u00eda Iniciativa privada y p\u00fablica, fue premiado por su originalidad el proyecto de vivienda &#8216;Edificio Acantilado&#8217;, de Juan Ignacio Mera Gonz\u00e1lez; mientras que la Empresa Municipal de la Vivienda y Suelo de Madrid recibi\u00f3 premio a la mejor actuaci\u00f3n inmobiliaria en vivienda de nueva construcci\u00f3n de iniciativa p\u00fablica, por las viviendas y garajes ubicados en San Francisco Javier 5 y en Vallecas 70.<\/p>\n<p>Acard\u00e9s -arquitectura, dise\u00f1o y tecnolog\u00eda-, recibi\u00f3 el galard\u00f3n a la mejor actuaci\u00f3n inmobiliaria de rehabilitaci\u00f3n integral de edificios y las nuevas oficinas de inmobiliaria V\u00eda C\u00e9lere fueron consideradas como la mejor iniciativa innovadora en rehabilitaci\u00f3n energ\u00e9tica de edificios.<\/p>\n<p>&nbsp;<\/p>\n","protected":false},"excerpt":{"rendered":"<p>&nbsp; La empresa inmobiliaria, con presencia en M\u00e9xico, destac\u00f3 por su estrategia empresarial y campa\u00f1as\u00a0<\/p>\n","protected":false},"author":1,"featured_media":18800,"comment_status":"open","ping_status":"closed","sticky":false,"template":"","format":"standard","meta":{"om_disable_all_campaigns":false,"inline_featured_image":false,"_monsterinsights_skip_tracking":false,"_monsterinsights_sitenote_active":false,"_monsterinsights_sitenote_note":"","_monsterinsights_sitenote_category":0,"footnotes":""},"categories":[15],"tags":[46,5029,1529],"class_list":["post-18798","post","type-post","status-publish","format-standard","has-post-thumbnail","hentry","category-inmobiliario","tag-espana","tag-grupo-lar","tag-sima"],"yoast_head":"<!-- This site is optimized with the Yoast SEO plugin v27.4 - https:\/\/yoast.com\/product\/yoast-seo-wordpress\/ -->\n<title>Obtiene Grupo Lar reconocimientos en Espa\u00f1a -<\/title>\n<meta name=\"description\" content=\"&nbsp; La empresa inmobiliaria, con presencia en M\u00e9xico, destac\u00f3 por su estrategia empresarial y campa\u00f1as\u00a0 &nbsp; Durante la entrega de los Premios\" \/>\n<meta name=\"robots\" content=\"index, follow, max-snippet:-1, max-image-preview:large, max-video-preview:-1\" \/>\n<link rel=\"canonical\" href=\"https:\/\/centrourbano.com\/revista\/inmobiliario\/obtiene-grupo-lar-reconocimientos-en-espana\/\" \/>\n<meta property=\"og:locale\" content=\"es_ES\" \/>\n<meta property=\"og:type\" content=\"article\" \/>\n<meta property=\"og:title\" content=\"Obtiene Grupo Lar reconocimientos en Espa\u00f1a -\" \/>\n<meta property=\"og:description\" content=\"&nbsp; La empresa inmobiliaria, con presencia en M\u00e9xico, destac\u00f3 por su estrategia empresarial y campa\u00f1as\u00a0 &nbsp; Durante la entrega de los Premios\" \/>\n<meta property=\"og:url\" content=\"https:\/\/centrourbano.com\/revista\/inmobiliario\/obtiene-grupo-lar-reconocimientos-en-espana\/\" \/>\n<meta property=\"og:site_name\" content=\"Centro Urbano\" \/>\n<meta property=\"article:publisher\" content=\"https:\/\/www.facebook.com\/portalcentrourbano\" \/>\n<meta property=\"article:published_time\" content=\"2015-05-11T16:09:19+00:00\" \/>\n<meta property=\"article:modified_time\" content=\"2015-05-11T21:46:33+00:00\" \/>\n<meta property=\"og:image\" content=\"https:\/\/centrourbano.com\/revista\/wp-content\/uploads\/GRUPO-LAR.jpg\" \/>\n\t<meta property=\"og:image:width\" content=\"800\" \/>\n\t<meta property=\"og:image:height\" content=\"459\" \/>\n\t<meta property=\"og:image:type\" content=\"image\/jpeg\" \/>\n<meta name=\"author\" content=\"BlogCU 2022\" \/>\n<meta name=\"twitter:card\" content=\"summary_large_image\" \/>\n<meta name=\"twitter:creator\" content=\"@CentroUrbano\" \/>\n<meta name=\"twitter:site\" content=\"@CentroUrbano\" \/>\n<meta name=\"twitter:label1\" content=\"Escrito por\" \/>\n\t<meta name=\"twitter:data1\" content=\"BlogCU 2022\" \/>\n\t<meta name=\"twitter:label2\" content=\"Tiempo de lectura\" \/>\n\t<meta name=\"twitter:data2\" content=\"2 minutos\" \/>\n<script type=\"application\/ld+json\" class=\"yoast-schema-graph\">{\"@context\":\"https:\\\/\\\/schema.org\",\"@graph\":[{\"@type\":\"Article\",\"@id\":\"https:\\\/\\\/centrourbano.com\\\/revista\\\/inmobiliario\\\/obtiene-grupo-lar-reconocimientos-en-espana\\\/#article\",\"isPartOf\":{\"@id\":\"https:\\\/\\\/centrourbano.com\\\/revista\\\/inmobiliario\\\/obtiene-grupo-lar-reconocimientos-en-espana\\\/\"},\"author\":{\"name\":\"BlogCU 2022\",\"@id\":\"https:\\\/\\\/centrourbano.com\\\/revista\\\/#\\\/schema\\\/person\\\/26c0ab2d8952e32eb17ccf62f8e88ce6\"},\"headline\":\"Obtiene Grupo Lar reconocimientos en Espa\u00f1a\",\"datePublished\":\"2015-05-11T16:09:19+00:00\",\"dateModified\":\"2015-05-11T21:46:33+00:00\",\"mainEntityOfPage\":{\"@id\":\"https:\\\/\\\/centrourbano.com\\\/revista\\\/inmobiliario\\\/obtiene-grupo-lar-reconocimientos-en-espana\\\/\"},\"wordCount\":369,\"commentCount\":0,\"publisher\":{\"@id\":\"https:\\\/\\\/centrourbano.com\\\/revista\\\/#organization\"},\"image\":{\"@id\":\"https:\\\/\\\/centrourbano.com\\\/revista\\\/inmobiliario\\\/obtiene-grupo-lar-reconocimientos-en-espana\\\/#primaryimage\"},\"thumbnailUrl\":\"https:\\\/\\\/centrourbano.com\\\/revista\\\/wp-content\\\/uploads\\\/GRUPO-LAR.jpg\",\"keywords\":[\"Espa\u00f1a\",\"Grupo Lar\",\"SIMA\"],\"articleSection\":[\"Inmobiliario\"],\"inLanguage\":\"es\",\"potentialAction\":[{\"@type\":\"CommentAction\",\"name\":\"Comment\",\"target\":[\"https:\\\/\\\/centrourbano.com\\\/revista\\\/inmobiliario\\\/obtiene-grupo-lar-reconocimientos-en-espana\\\/#respond\"]}]},{\"@type\":\"WebPage\",\"@id\":\"https:\\\/\\\/centrourbano.com\\\/revista\\\/inmobiliario\\\/obtiene-grupo-lar-reconocimientos-en-espana\\\/\",\"url\":\"https:\\\/\\\/centrourbano.com\\\/revista\\\/inmobiliario\\\/obtiene-grupo-lar-reconocimientos-en-espana\\\/\",\"name\":\"Obtiene Grupo Lar reconocimientos en Espa\u00f1a -\",\"isPartOf\":{\"@id\":\"https:\\\/\\\/centrourbano.com\\\/revista\\\/#website\"},\"primaryImageOfPage\":{\"@id\":\"https:\\\/\\\/centrourbano.com\\\/revista\\\/inmobiliario\\\/obtiene-grupo-lar-reconocimientos-en-espana\\\/#primaryimage\"},\"image\":{\"@id\":\"https:\\\/\\\/centrourbano.com\\\/revista\\\/inmobiliario\\\/obtiene-grupo-lar-reconocimientos-en-espana\\\/#primaryimage\"},\"thumbnailUrl\":\"https:\\\/\\\/centrourbano.com\\\/revista\\\/wp-content\\\/uploads\\\/GRUPO-LAR.jpg\",\"datePublished\":\"2015-05-11T16:09:19+00:00\",\"dateModified\":\"2015-05-11T21:46:33+00:00\",\"description\":\"&nbsp; La empresa inmobiliaria, con presencia en M\u00e9xico, destac\u00f3 por su estrategia empresarial y campa\u00f1as\u00a0 &nbsp; Durante la entrega de los Premios\",\"breadcrumb\":{\"@id\":\"https:\\\/\\\/centrourbano.com\\\/revista\\\/inmobiliario\\\/obtiene-grupo-lar-reconocimientos-en-espana\\\/#breadcrumb\"},\"inLanguage\":\"es\",\"potentialAction\":[{\"@type\":\"ReadAction\",\"target\":[\"https:\\\/\\\/centrourbano.com\\\/revista\\\/inmobiliario\\\/obtiene-grupo-lar-reconocimientos-en-espana\\\/\"]}]},{\"@type\":\"ImageObject\",\"inLanguage\":\"es\",\"@id\":\"https:\\\/\\\/centrourbano.com\\\/revista\\\/inmobiliario\\\/obtiene-grupo-lar-reconocimientos-en-espana\\\/#primaryimage\",\"url\":\"https:\\\/\\\/centrourbano.com\\\/revista\\\/wp-content\\\/uploads\\\/GRUPO-LAR.jpg\",\"contentUrl\":\"https:\\\/\\\/centrourbano.com\\\/revista\\\/wp-content\\\/uploads\\\/GRUPO-LAR.jpg\",\"width\":800,\"height\":459},{\"@type\":\"BreadcrumbList\",\"@id\":\"https:\\\/\\\/centrourbano.com\\\/revista\\\/inmobiliario\\\/obtiene-grupo-lar-reconocimientos-en-espana\\\/#breadcrumb\",\"itemListElement\":[{\"@type\":\"ListItem\",\"position\":1,\"name\":\"Portada\",\"item\":\"https:\\\/\\\/centrourbano.com\\\/revista\\\/\"},{\"@type\":\"ListItem\",\"position\":2,\"name\":\"Obtiene Grupo Lar reconocimientos en Espa\u00f1a\"}]},{\"@type\":\"WebSite\",\"@id\":\"https:\\\/\\\/centrourbano.com\\\/revista\\\/#website\",\"url\":\"https:\\\/\\\/centrourbano.com\\\/revista\\\/\",\"name\":\"Centro Urbano\",\"description\":\"Medio especializado en los sectores vivienda, inmobiliario, construcci\u00f3n, arquitectura y urbanismo.\",\"publisher\":{\"@id\":\"https:\\\/\\\/centrourbano.com\\\/revista\\\/#organization\"},\"potentialAction\":[{\"@type\":\"SearchAction\",\"target\":{\"@type\":\"EntryPoint\",\"urlTemplate\":\"https:\\\/\\\/centrourbano.com\\\/revista\\\/?s={search_term_string}\"},\"query-input\":{\"@type\":\"PropertyValueSpecification\",\"valueRequired\":true,\"valueName\":\"search_term_string\"}}],\"inLanguage\":\"es\"},{\"@type\":\"Organization\",\"@id\":\"https:\\\/\\\/centrourbano.com\\\/revista\\\/#organization\",\"name\":\"Centro Urbano\",\"url\":\"https:\\\/\\\/centrourbano.com\\\/revista\\\/\",\"logo\":{\"@type\":\"ImageObject\",\"inLanguage\":\"es\",\"@id\":\"https:\\\/\\\/centrourbano.com\\\/revista\\\/#\\\/schema\\\/logo\\\/image\\\/\",\"url\":\"https:\\\/\\\/centrourbano.com\\\/revista\\\/wp-content\\\/uploads\\\/web_CU_logo-1.png\",\"contentUrl\":\"https:\\\/\\\/centrourbano.com\\\/revista\\\/wp-content\\\/uploads\\\/web_CU_logo-1.png\",\"width\":350,\"height\":91,\"caption\":\"Centro Urbano\"},\"image\":{\"@id\":\"https:\\\/\\\/centrourbano.com\\\/revista\\\/#\\\/schema\\\/logo\\\/image\\\/\"},\"sameAs\":[\"https:\\\/\\\/www.facebook.com\\\/portalcentrourbano\",\"https:\\\/\\\/x.com\\\/CentroUrbano\",\"https:\\\/\\\/www.instagram.com\\\/centro_urbano\\\/\",\"https:\\\/\\\/www.linkedin.com\\\/company\\\/centro-urbano\\\/\",\"http:\\\/\\\/www.youtube.com\\\/user\\\/portalcentrourbano\"]},{\"@type\":\"Person\",\"@id\":\"https:\\\/\\\/centrourbano.com\\\/revista\\\/#\\\/schema\\\/person\\\/26c0ab2d8952e32eb17ccf62f8e88ce6\",\"name\":\"BlogCU 2022\",\"image\":{\"@type\":\"ImageObject\",\"inLanguage\":\"es\",\"@id\":\"https:\\\/\\\/secure.gravatar.com\\\/avatar\\\/5ec2975f6d4b1643c723f08ef135c488131c64cba4524740d438f2e04dbeacdc?s=96&d=mm&r=g\",\"url\":\"https:\\\/\\\/secure.gravatar.com\\\/avatar\\\/5ec2975f6d4b1643c723f08ef135c488131c64cba4524740d438f2e04dbeacdc?s=96&d=mm&r=g\",\"contentUrl\":\"https:\\\/\\\/secure.gravatar.com\\\/avatar\\\/5ec2975f6d4b1643c723f08ef135c488131c64cba4524740d438f2e04dbeacdc?s=96&d=mm&r=g\",\"caption\":\"BlogCU 2022\"},\"url\":\"https:\\\/\\\/centrourbano.com\\\/revista\\\/author\\\/BlogCU 2022\\\/\"}]}<\/script>\n<!-- \/ Yoast SEO plugin. -->","yoast_head_json":{"title":"Obtiene Grupo Lar reconocimientos en Espa\u00f1a -","description":"&nbsp; La empresa inmobiliaria, con presencia en M\u00e9xico, destac\u00f3 por su estrategia empresarial y campa\u00f1as\u00a0 &nbsp; Durante la entrega de los Premios","robots":{"index":"index","follow":"follow","max-snippet":"max-snippet:-1","max-image-preview":"max-image-preview:large","max-video-preview":"max-video-preview:-1"},"canonical":"https:\/\/centrourbano.com\/revista\/inmobiliario\/obtiene-grupo-lar-reconocimientos-en-espana\/","og_locale":"es_ES","og_type":"article","og_title":"Obtiene Grupo Lar reconocimientos en Espa\u00f1a -","og_description":"&nbsp; La empresa inmobiliaria, con presencia en M\u00e9xico, destac\u00f3 por su estrategia empresarial y campa\u00f1as\u00a0 &nbsp; Durante la entrega de los Premios","og_url":"https:\/\/centrourbano.com\/revista\/inmobiliario\/obtiene-grupo-lar-reconocimientos-en-espana\/","og_site_name":"Centro Urbano","article_publisher":"https:\/\/www.facebook.com\/portalcentrourbano","article_published_time":"2015-05-11T16:09:19+00:00","article_modified_time":"2015-05-11T21:46:33+00:00","og_image":[{"width":800,"height":459,"url":"https:\/\/centrourbano.com\/revista\/wp-content\/uploads\/GRUPO-LAR.jpg","type":"image\/jpeg"}],"author":"BlogCU 2022","twitter_card":"summary_large_image","twitter_creator":"@CentroUrbano","twitter_site":"@CentroUrbano","twitter_misc":{"Escrito por":"BlogCU 2022","Tiempo de lectura":"2 minutos"},"schema":{"@context":"https:\/\/schema.org","@graph":[{"@type":"Article","@id":"https:\/\/centrourbano.com\/revista\/inmobiliario\/obtiene-grupo-lar-reconocimientos-en-espana\/#article","isPartOf":{"@id":"https:\/\/centrourbano.com\/revista\/inmobiliario\/obtiene-grupo-lar-reconocimientos-en-espana\/"},"author":{"name":"BlogCU 2022","@id":"https:\/\/centrourbano.com\/revista\/#\/schema\/person\/26c0ab2d8952e32eb17ccf62f8e88ce6"},"headline":"Obtiene Grupo Lar reconocimientos en Espa\u00f1a","datePublished":"2015-05-11T16:09:19+00:00","dateModified":"2015-05-11T21:46:33+00:00","mainEntityOfPage":{"@id":"https:\/\/centrourbano.com\/revista\/inmobiliario\/obtiene-grupo-lar-reconocimientos-en-espana\/"},"wordCount":369,"commentCount":0,"publisher":{"@id":"https:\/\/centrourbano.com\/revista\/#organization"},"image":{"@id":"https:\/\/centrourbano.com\/revista\/inmobiliario\/obtiene-grupo-lar-reconocimientos-en-espana\/#primaryimage"},"thumbnailUrl":"https:\/\/centrourbano.com\/revista\/wp-content\/uploads\/GRUPO-LAR.jpg","keywords":["Espa\u00f1a","Grupo Lar","SIMA"],"articleSection":["Inmobiliario"],"inLanguage":"es","potentialAction":[{"@type":"CommentAction","name":"Comment","target":["https:\/\/centrourbano.com\/revista\/inmobiliario\/obtiene-grupo-lar-reconocimientos-en-espana\/#respond"]}]},{"@type":"WebPage","@id":"https:\/\/centrourbano.com\/revista\/inmobiliario\/obtiene-grupo-lar-reconocimientos-en-espana\/","url":"https:\/\/centrourbano.com\/revista\/inmobiliario\/obtiene-grupo-lar-reconocimientos-en-espana\/","name":"Obtiene Grupo Lar reconocimientos en Espa\u00f1a -","isPartOf":{"@id":"https:\/\/centrourbano.com\/revista\/#website"},"primaryImageOfPage":{"@id":"https:\/\/centrourbano.com\/revista\/inmobiliario\/obtiene-grupo-lar-reconocimientos-en-espana\/#primaryimage"},"image":{"@id":"https:\/\/centrourbano.com\/revista\/inmobiliario\/obtiene-grupo-lar-reconocimientos-en-espana\/#primaryimage"},"thumbnailUrl":"https:\/\/centrourbano.com\/revista\/wp-content\/uploads\/GRUPO-LAR.jpg","datePublished":"2015-05-11T16:09:19+00:00","dateModified":"2015-05-11T21:46:33+00:00","description":"&nbsp; La empresa inmobiliaria, con presencia en M\u00e9xico, destac\u00f3 por su estrategia empresarial y campa\u00f1as\u00a0 &nbsp; Durante la entrega de los Premios","breadcrumb":{"@id":"https:\/\/centrourbano.com\/revista\/inmobiliario\/obtiene-grupo-lar-reconocimientos-en-espana\/#breadcrumb"},"inLanguage":"es","potentialAction":[{"@type":"ReadAction","target":["https:\/\/centrourbano.com\/revista\/inmobiliario\/obtiene-grupo-lar-reconocimientos-en-espana\/"]}]},{"@type":"ImageObject","inLanguage":"es","@id":"https:\/\/centrourbano.com\/revista\/inmobiliario\/obtiene-grupo-lar-reconocimientos-en-espana\/#primaryimage","url":"https:\/\/centrourbano.com\/revista\/wp-content\/uploads\/GRUPO-LAR.jpg","contentUrl":"https:\/\/centrourbano.com\/revista\/wp-content\/uploads\/GRUPO-LAR.jpg","width":800,"height":459},{"@type":"BreadcrumbList","@id":"https:\/\/centrourbano.com\/revista\/inmobiliario\/obtiene-grupo-lar-reconocimientos-en-espana\/#breadcrumb","itemListElement":[{"@type":"ListItem","position":1,"name":"Portada","item":"https:\/\/centrourbano.com\/revista\/"},{"@type":"ListItem","position":2,"name":"Obtiene Grupo Lar reconocimientos en Espa\u00f1a"}]},{"@type":"WebSite","@id":"https:\/\/centrourbano.com\/revista\/#website","url":"https:\/\/centrourbano.com\/revista\/","name":"Centro Urbano","description":"Medio especializado en los sectores vivienda, inmobiliario, construcci\u00f3n, arquitectura y urbanismo.","publisher":{"@id":"https:\/\/centrourbano.com\/revista\/#organization"},"potentialAction":[{"@type":"SearchAction","target":{"@type":"EntryPoint","urlTemplate":"https:\/\/centrourbano.com\/revista\/?s={search_term_string}"},"query-input":{"@type":"PropertyValueSpecification","valueRequired":true,"valueName":"search_term_string"}}],"inLanguage":"es"},{"@type":"Organization","@id":"https:\/\/centrourbano.com\/revista\/#organization","name":"Centro Urbano","url":"https:\/\/centrourbano.com\/revista\/","logo":{"@type":"ImageObject","inLanguage":"es","@id":"https:\/\/centrourbano.com\/revista\/#\/schema\/logo\/image\/","url":"https:\/\/centrourbano.com\/revista\/wp-content\/uploads\/web_CU_logo-1.png","contentUrl":"https:\/\/centrourbano.com\/revista\/wp-content\/uploads\/web_CU_logo-1.png","width":350,"height":91,"caption":"Centro Urbano"},"image":{"@id":"https:\/\/centrourbano.com\/revista\/#\/schema\/logo\/image\/"},"sameAs":["https:\/\/www.facebook.com\/portalcentrourbano","https:\/\/x.com\/CentroUrbano","https:\/\/www.instagram.com\/centro_urbano\/","https:\/\/www.linkedin.com\/company\/centro-urbano\/","http:\/\/www.youtube.com\/user\/portalcentrourbano"]},{"@type":"Person","@id":"https:\/\/centrourbano.com\/revista\/#\/schema\/person\/26c0ab2d8952e32eb17ccf62f8e88ce6","name":"BlogCU 2022","image":{"@type":"ImageObject","inLanguage":"es","@id":"https:\/\/secure.gravatar.com\/avatar\/5ec2975f6d4b1643c723f08ef135c488131c64cba4524740d438f2e04dbeacdc?s=96&d=mm&r=g","url":"https:\/\/secure.gravatar.com\/avatar\/5ec2975f6d4b1643c723f08ef135c488131c64cba4524740d438f2e04dbeacdc?s=96&d=mm&r=g","contentUrl":"https:\/\/secure.gravatar.com\/avatar\/5ec2975f6d4b1643c723f08ef135c488131c64cba4524740d438f2e04dbeacdc?s=96&d=mm&r=g","caption":"BlogCU 2022"},"url":"https:\/\/centrourbano.com\/revista\/author\/BlogCU 2022\/"}]}},"_links":{"self":[{"href":"https:\/\/centrourbano.com\/revista\/wp-json\/wp\/v2\/posts\/18798","targetHints":{"allow":["GET"]}}],"collection":[{"href":"https:\/\/centrourbano.com\/revista\/wp-json\/wp\/v2\/posts"}],"about":[{"href":"https:\/\/centrourbano.com\/revista\/wp-json\/wp\/v2\/types\/post"}],"author":[{"embeddable":true,"href":"https:\/\/centrourbano.com\/revista\/wp-json\/wp\/v2\/users\/1"}],"replies":[{"embeddable":true,"href":"https:\/\/centrourbano.com\/revista\/wp-json\/wp\/v2\/comments?post=18798"}],"version-history":[{"count":0,"href":"https:\/\/centrourbano.com\/revista\/wp-json\/wp\/v2\/posts\/18798\/revisions"}],"wp:featuredmedia":[{"embeddable":true,"href":"https:\/\/centrourbano.com\/revista\/wp-json\/wp\/v2\/media\/18800"}],"wp:attachment":[{"href":"https:\/\/centrourbano.com\/revista\/wp-json\/wp\/v2\/media?parent=18798"}],"wp:term":[{"taxonomy":"category","embeddable":true,"href":"https:\/\/centrourbano.com\/revista\/wp-json\/wp\/v2\/categories?post=18798"},{"taxonomy":"post_tag","embeddable":true,"href":"https:\/\/centrourbano.com\/revista\/wp-json\/wp\/v2\/tags?post=18798"}],"curies":[{"name":"wp","href":"https:\/\/api.w.org\/{rel}","templated":true}]}}