{"id":18793,"date":"2015-05-11T10:20:49","date_gmt":"2015-05-11T15:20:49","guid":{"rendered":"http:\/\/centrourbano.com\/?p=18793"},"modified":"2015-05-11T10:20:49","modified_gmt":"2015-05-11T15:20:49","slug":"senado-aprobo-segundo-credito-de-fovissste","status":"publish","type":"post","link":"https:\/\/centrourbano.com\/revista\/vivienda\/senado-aprobo-segundo-credito-de-fovissste\/","title":{"rendered":"Senado aprob\u00f3 segundo cr\u00e9dito  de Fovissste"},"content":{"rendered":"<p>&nbsp;<\/p>\n<p><em>Se trata de una reforma a los art\u00edculos 167 y 179 de la Ley del ISSSTE, con el prop\u00f3sito de que los empleados cuenten con mayores posibilidades para obtener vivienda digna<\/em><\/p>\n<p><!--more--><\/p>\n<p>Los trabajadores del Estado podr\u00e1n acceder a un segundo cr\u00e9dito del Fondo de la Vivienda del Instituto de Seguridad y Servicios Sociales de los Trabajadores del Estado (Fovissste), debido a que el Senado de la Rep\u00fablica aprob\u00f3 un proyecto de decreto para que los bur\u00f3cratas accedan al mismo.<\/p>\n<p>Los legisladores precisaron que se trata de una reforma a los art\u00edculos 167 y 179 de la Ley del ISSSTE, con el prop\u00f3sito de que los empleados cuenten con mayores posibilidades para obtener vivienda digna; adem\u00e1s de fomentar la industria inmobiliaria.<\/p>\n<p>Expresaron en el dictamen, que se concede a la pol\u00edtica de vivienda un sentido preponderadamente social, pues se ampl\u00eda el acceso de las familias de menores recursos a una casa, con base a sus necesidades, preferencias y prioridades.<\/p>\n<p>El objetivo es apoyar a los trabajadores que hayan liquidado el primer cr\u00e9dito otorgado por el Fovissste, para acceder a un nuevo financiamiento y cambiar el inmueble adquirido por otro de mayor tama\u00f1o, o bien adquirir una casa en otra ciudad o zona urbana.<\/p>\n<p>El segundo empr\u00e9stito, aclaran, se podr\u00e1 tambi\u00e9n aplicar en la remodelaci\u00f3n o ampliaci\u00f3n de la vivienda adquirida con el primer pr\u00e9stamo.<\/p>\n<p>Las modificaciones a la Ley del ISSSTE permitir\u00e1n tambi\u00e9n estimular un mercado secundario formal de viviendas y, en general, a la industria inmobiliaria y de la construcci\u00f3n.<\/p>\n<p>El dictamen, que se remiti\u00f3 a la C\u00e1mara de Diputados para sus efectos constitucionales, apunta que los trabajadores podr\u00e1n acceder al segundo cr\u00e9dito del Fovissste tras cubrir los mismos requisitos previstos por la Ley para el otorgamiento del primer cr\u00e9dito:<\/p>\n<p>Precisa que la Junta Directiva del ISSSTE incluir\u00e1 en las reglas operativas, t\u00e9rminos, modalidades, proporciones y condiciones bajo las cuales se otorgue el segundo cr\u00e9dito, con base a criterios de equidad y de prelaci\u00f3n que garanticen el ejercicio de este derecho por parte de los trabajadores que a\u00fan no lo ejerzan.<\/p>\n","protected":false},"excerpt":{"rendered":"<p>&nbsp; Se trata de una reforma a los art\u00edculos 167 y 179 de la Ley del ISSSTE, con el prop\u00f3sito de que los empleados cuenten con mayores posibilidades para obtener vivienda digna<\/p>\n","protected":false},"author":28,"featured_media":18794,"comment_status":"open","ping_status":"closed","sticky":false,"template":"","format":"standard","meta":{"om_disable_all_campaigns":false,"inline_featured_image":false,"_monsterinsights_skip_tracking":false,"_monsterinsights_sitenote_active":false,"_monsterinsights_sitenote_note":"","_monsterinsights_sitenote_category":0,"footnotes":""},"categories":[12],"tags":[5028,155,386,60],"class_list":["post-18793","post","type-post","status-publish","format-standard","has-post-thumbnail","hentry","category-vivienda","tag-5028","tag-fovissste","tag-senado","tag-vivienda-2"],"yoast_head":"<!-- This site is optimized with the Yoast SEO plugin v27.4 - https:\/\/yoast.com\/product\/yoast-seo-wordpress\/ -->\n<title>Senado aprob\u00f3 segundo cr\u00e9dito de Fovissste -<\/title>\n<meta name=\"description\" content=\"&nbsp; Se trata de una reforma a los art\u00edculos 167 y 179 de la Ley del ISSSTE, con el prop\u00f3sito de que los empleados cuenten con mayores posibilidades\" \/>\n<meta name=\"robots\" content=\"index, follow, max-snippet:-1, max-image-preview:large, max-video-preview:-1\" \/>\n<link rel=\"canonical\" href=\"https:\/\/centrourbano.com\/revista\/vivienda\/senado-aprobo-segundo-credito-de-fovissste\/\" \/>\n<meta property=\"og:locale\" content=\"es_ES\" \/>\n<meta property=\"og:type\" content=\"article\" \/>\n<meta property=\"og:title\" content=\"Senado aprob\u00f3 segundo cr\u00e9dito de Fovissste -\" \/>\n<meta property=\"og:description\" content=\"&nbsp; Se trata de una reforma a los art\u00edculos 167 y 179 de la Ley del ISSSTE, con el prop\u00f3sito de que los empleados cuenten con mayores posibilidades\" \/>\n<meta property=\"og:url\" content=\"https:\/\/centrourbano.com\/revista\/vivienda\/senado-aprobo-segundo-credito-de-fovissste\/\" \/>\n<meta property=\"og:site_name\" content=\"Centro Urbano\" \/>\n<meta property=\"article:publisher\" content=\"https:\/\/www.facebook.com\/portalcentrourbano\" \/>\n<meta property=\"article:published_time\" content=\"2015-05-11T15:20:49+00:00\" \/>\n<meta property=\"og:image\" content=\"https:\/\/centrourbano.com\/revista\/wp-content\/uploads\/cenadores.jpg\" \/>\n\t<meta property=\"og:image:width\" content=\"800\" \/>\n\t<meta property=\"og:image:height\" content=\"535\" \/>\n\t<meta property=\"og:image:type\" content=\"image\/jpeg\" \/>\n<meta name=\"author\" content=\"Mario V\u00e1zquez Barrios\" \/>\n<meta name=\"twitter:card\" content=\"summary_large_image\" \/>\n<meta name=\"twitter:creator\" content=\"@MarioDeNiro\" \/>\n<meta name=\"twitter:site\" content=\"@CentroUrbano\" \/>\n<meta name=\"twitter:label1\" content=\"Escrito por\" \/>\n\t<meta name=\"twitter:data1\" content=\"Mario V\u00e1zquez Barrios\" \/>\n\t<meta name=\"twitter:label2\" content=\"Tiempo de lectura\" \/>\n\t<meta name=\"twitter:data2\" content=\"2 minutos\" \/>\n<script type=\"application\/ld+json\" class=\"yoast-schema-graph\">{\"@context\":\"https:\\\/\\\/schema.org\",\"@graph\":[{\"@type\":\"Article\",\"@id\":\"https:\\\/\\\/centrourbano.com\\\/revista\\\/vivienda\\\/senado-aprobo-segundo-credito-de-fovissste\\\/#article\",\"isPartOf\":{\"@id\":\"https:\\\/\\\/centrourbano.com\\\/revista\\\/vivienda\\\/senado-aprobo-segundo-credito-de-fovissste\\\/\"},\"author\":{\"name\":\"Mario V\u00e1zquez Barrios\",\"@id\":\"https:\\\/\\\/centrourbano.com\\\/revista\\\/#\\\/schema\\\/person\\\/71e020a5b63ca4230c0f1228a36cde93\"},\"headline\":\"Senado aprob\u00f3 segundo cr\u00e9dito de Fovissste\",\"datePublished\":\"2015-05-11T15:20:49+00:00\",\"mainEntityOfPage\":{\"@id\":\"https:\\\/\\\/centrourbano.com\\\/revista\\\/vivienda\\\/senado-aprobo-segundo-credito-de-fovissste\\\/\"},\"wordCount\":374,\"commentCount\":0,\"publisher\":{\"@id\":\"https:\\\/\\\/centrourbano.com\\\/revista\\\/#organization\"},\"image\":{\"@id\":\"https:\\\/\\\/centrourbano.com\\\/revista\\\/vivienda\\\/senado-aprobo-segundo-credito-de-fovissste\\\/#primaryimage\"},\"thumbnailUrl\":\"https:\\\/\\\/centrourbano.com\\\/revista\\\/wp-content\\\/uploads\\\/cenadores.jpg\",\"keywords\":[\"+\",\"Fovissste\",\"Senado\",\"vivienda\"],\"articleSection\":[\"Vivienda\"],\"inLanguage\":\"es\",\"potentialAction\":[{\"@type\":\"CommentAction\",\"name\":\"Comment\",\"target\":[\"https:\\\/\\\/centrourbano.com\\\/revista\\\/vivienda\\\/senado-aprobo-segundo-credito-de-fovissste\\\/#respond\"]}]},{\"@type\":\"WebPage\",\"@id\":\"https:\\\/\\\/centrourbano.com\\\/revista\\\/vivienda\\\/senado-aprobo-segundo-credito-de-fovissste\\\/\",\"url\":\"https:\\\/\\\/centrourbano.com\\\/revista\\\/vivienda\\\/senado-aprobo-segundo-credito-de-fovissste\\\/\",\"name\":\"Senado aprob\u00f3 segundo cr\u00e9dito de Fovissste -\",\"isPartOf\":{\"@id\":\"https:\\\/\\\/centrourbano.com\\\/revista\\\/#website\"},\"primaryImageOfPage\":{\"@id\":\"https:\\\/\\\/centrourbano.com\\\/revista\\\/vivienda\\\/senado-aprobo-segundo-credito-de-fovissste\\\/#primaryimage\"},\"image\":{\"@id\":\"https:\\\/\\\/centrourbano.com\\\/revista\\\/vivienda\\\/senado-aprobo-segundo-credito-de-fovissste\\\/#primaryimage\"},\"thumbnailUrl\":\"https:\\\/\\\/centrourbano.com\\\/revista\\\/wp-content\\\/uploads\\\/cenadores.jpg\",\"datePublished\":\"2015-05-11T15:20:49+00:00\",\"description\":\"&nbsp; Se trata de una reforma a los art\u00edculos 167 y 179 de la Ley del ISSSTE, con el prop\u00f3sito de que los empleados cuenten con mayores posibilidades\",\"breadcrumb\":{\"@id\":\"https:\\\/\\\/centrourbano.com\\\/revista\\\/vivienda\\\/senado-aprobo-segundo-credito-de-fovissste\\\/#breadcrumb\"},\"inLanguage\":\"es\",\"potentialAction\":[{\"@type\":\"ReadAction\",\"target\":[\"https:\\\/\\\/centrourbano.com\\\/revista\\\/vivienda\\\/senado-aprobo-segundo-credito-de-fovissste\\\/\"]}]},{\"@type\":\"ImageObject\",\"inLanguage\":\"es\",\"@id\":\"https:\\\/\\\/centrourbano.com\\\/revista\\\/vivienda\\\/senado-aprobo-segundo-credito-de-fovissste\\\/#primaryimage\",\"url\":\"https:\\\/\\\/centrourbano.com\\\/revista\\\/wp-content\\\/uploads\\\/cenadores.jpg\",\"contentUrl\":\"https:\\\/\\\/centrourbano.com\\\/revista\\\/wp-content\\\/uploads\\\/cenadores.jpg\",\"width\":800,\"height\":535},{\"@type\":\"BreadcrumbList\",\"@id\":\"https:\\\/\\\/centrourbano.com\\\/revista\\\/vivienda\\\/senado-aprobo-segundo-credito-de-fovissste\\\/#breadcrumb\",\"itemListElement\":[{\"@type\":\"ListItem\",\"position\":1,\"name\":\"Portada\",\"item\":\"https:\\\/\\\/centrourbano.com\\\/revista\\\/\"},{\"@type\":\"ListItem\",\"position\":2,\"name\":\"Senado aprob\u00f3 segundo cr\u00e9dito de Fovissste\"}]},{\"@type\":\"WebSite\",\"@id\":\"https:\\\/\\\/centrourbano.com\\\/revista\\\/#website\",\"url\":\"https:\\\/\\\/centrourbano.com\\\/revista\\\/\",\"name\":\"Centro Urbano\",\"description\":\"Medio especializado en los sectores vivienda, inmobiliario, construcci\u00f3n, arquitectura y urbanismo.\",\"publisher\":{\"@id\":\"https:\\\/\\\/centrourbano.com\\\/revista\\\/#organization\"},\"potentialAction\":[{\"@type\":\"SearchAction\",\"target\":{\"@type\":\"EntryPoint\",\"urlTemplate\":\"https:\\\/\\\/centrourbano.com\\\/revista\\\/?s={search_term_string}\"},\"query-input\":{\"@type\":\"PropertyValueSpecification\",\"valueRequired\":true,\"valueName\":\"search_term_string\"}}],\"inLanguage\":\"es\"},{\"@type\":\"Organization\",\"@id\":\"https:\\\/\\\/centrourbano.com\\\/revista\\\/#organization\",\"name\":\"Centro Urbano\",\"url\":\"https:\\\/\\\/centrourbano.com\\\/revista\\\/\",\"logo\":{\"@type\":\"ImageObject\",\"inLanguage\":\"es\",\"@id\":\"https:\\\/\\\/centrourbano.com\\\/revista\\\/#\\\/schema\\\/logo\\\/image\\\/\",\"url\":\"https:\\\/\\\/centrourbano.com\\\/revista\\\/wp-content\\\/uploads\\\/web_CU_logo-1.png\",\"contentUrl\":\"https:\\\/\\\/centrourbano.com\\\/revista\\\/wp-content\\\/uploads\\\/web_CU_logo-1.png\",\"width\":350,\"height\":91,\"caption\":\"Centro Urbano\"},\"image\":{\"@id\":\"https:\\\/\\\/centrourbano.com\\\/revista\\\/#\\\/schema\\\/logo\\\/image\\\/\"},\"sameAs\":[\"https:\\\/\\\/www.facebook.com\\\/portalcentrourbano\",\"https:\\\/\\\/x.com\\\/CentroUrbano\",\"https:\\\/\\\/www.instagram.com\\\/centro_urbano\\\/\",\"https:\\\/\\\/www.linkedin.com\\\/company\\\/centro-urbano\\\/\",\"http:\\\/\\\/www.youtube.com\\\/user\\\/portalcentrourbano\"]},{\"@type\":\"Person\",\"@id\":\"https:\\\/\\\/centrourbano.com\\\/revista\\\/#\\\/schema\\\/person\\\/71e020a5b63ca4230c0f1228a36cde93\",\"name\":\"Mario V\u00e1zquez Barrios\",\"image\":{\"@type\":\"ImageObject\",\"inLanguage\":\"es\",\"@id\":\"https:\\\/\\\/secure.gravatar.com\\\/avatar\\\/347e6d9c0b04f0194ca244ba64b0fe62752d716a3a93d1713bd259eb87aad5b6?s=96&d=mm&r=g\",\"url\":\"https:\\\/\\\/secure.gravatar.com\\\/avatar\\\/347e6d9c0b04f0194ca244ba64b0fe62752d716a3a93d1713bd259eb87aad5b6?s=96&d=mm&r=g\",\"contentUrl\":\"https:\\\/\\\/secure.gravatar.com\\\/avatar\\\/347e6d9c0b04f0194ca244ba64b0fe62752d716a3a93d1713bd259eb87aad5b6?s=96&d=mm&r=g\",\"caption\":\"Mario V\u00e1zquez Barrios\"},\"description\":\"Me inici\u00e9 en El Financiero haciendo reportajes; en MegaNoticias Televisi\u00f3n fui reportero titular; en EMedios, control de calidad; y Radio 13 Noticias me acogi\u00f3 como colaborador. Me gusta encontrar en las banquetas la nota, una entrevista y el inicio de un reportaje.\",\"sameAs\":[\"https:\\\/\\\/x.com\\\/@MarioDeNiro\"],\"url\":\"https:\\\/\\\/centrourbano.com\\\/revista\\\/author\\\/mario-vazquez\\\/\"}]}<\/script>\n<!-- \/ Yoast SEO plugin. -->","yoast_head_json":{"title":"Senado aprob\u00f3 segundo cr\u00e9dito de Fovissste -","description":"&nbsp; Se trata de una reforma a los art\u00edculos 167 y 179 de la Ley del ISSSTE, con el prop\u00f3sito de que los empleados cuenten con mayores posibilidades","robots":{"index":"index","follow":"follow","max-snippet":"max-snippet:-1","max-image-preview":"max-image-preview:large","max-video-preview":"max-video-preview:-1"},"canonical":"https:\/\/centrourbano.com\/revista\/vivienda\/senado-aprobo-segundo-credito-de-fovissste\/","og_locale":"es_ES","og_type":"article","og_title":"Senado aprob\u00f3 segundo cr\u00e9dito de Fovissste -","og_description":"&nbsp; Se trata de una reforma a los art\u00edculos 167 y 179 de la Ley del ISSSTE, con el prop\u00f3sito de que los empleados cuenten con mayores posibilidades","og_url":"https:\/\/centrourbano.com\/revista\/vivienda\/senado-aprobo-segundo-credito-de-fovissste\/","og_site_name":"Centro Urbano","article_publisher":"https:\/\/www.facebook.com\/portalcentrourbano","article_published_time":"2015-05-11T15:20:49+00:00","og_image":[{"width":800,"height":535,"url":"https:\/\/centrourbano.com\/revista\/wp-content\/uploads\/cenadores.jpg","type":"image\/jpeg"}],"author":"Mario V\u00e1zquez Barrios","twitter_card":"summary_large_image","twitter_creator":"@MarioDeNiro","twitter_site":"@CentroUrbano","twitter_misc":{"Escrito por":"Mario V\u00e1zquez Barrios","Tiempo de lectura":"2 minutos"},"schema":{"@context":"https:\/\/schema.org","@graph":[{"@type":"Article","@id":"https:\/\/centrourbano.com\/revista\/vivienda\/senado-aprobo-segundo-credito-de-fovissste\/#article","isPartOf":{"@id":"https:\/\/centrourbano.com\/revista\/vivienda\/senado-aprobo-segundo-credito-de-fovissste\/"},"author":{"name":"Mario V\u00e1zquez Barrios","@id":"https:\/\/centrourbano.com\/revista\/#\/schema\/person\/71e020a5b63ca4230c0f1228a36cde93"},"headline":"Senado aprob\u00f3 segundo cr\u00e9dito de Fovissste","datePublished":"2015-05-11T15:20:49+00:00","mainEntityOfPage":{"@id":"https:\/\/centrourbano.com\/revista\/vivienda\/senado-aprobo-segundo-credito-de-fovissste\/"},"wordCount":374,"commentCount":0,"publisher":{"@id":"https:\/\/centrourbano.com\/revista\/#organization"},"image":{"@id":"https:\/\/centrourbano.com\/revista\/vivienda\/senado-aprobo-segundo-credito-de-fovissste\/#primaryimage"},"thumbnailUrl":"https:\/\/centrourbano.com\/revista\/wp-content\/uploads\/cenadores.jpg","keywords":["+","Fovissste","Senado","vivienda"],"articleSection":["Vivienda"],"inLanguage":"es","potentialAction":[{"@type":"CommentAction","name":"Comment","target":["https:\/\/centrourbano.com\/revista\/vivienda\/senado-aprobo-segundo-credito-de-fovissste\/#respond"]}]},{"@type":"WebPage","@id":"https:\/\/centrourbano.com\/revista\/vivienda\/senado-aprobo-segundo-credito-de-fovissste\/","url":"https:\/\/centrourbano.com\/revista\/vivienda\/senado-aprobo-segundo-credito-de-fovissste\/","name":"Senado aprob\u00f3 segundo cr\u00e9dito de Fovissste -","isPartOf":{"@id":"https:\/\/centrourbano.com\/revista\/#website"},"primaryImageOfPage":{"@id":"https:\/\/centrourbano.com\/revista\/vivienda\/senado-aprobo-segundo-credito-de-fovissste\/#primaryimage"},"image":{"@id":"https:\/\/centrourbano.com\/revista\/vivienda\/senado-aprobo-segundo-credito-de-fovissste\/#primaryimage"},"thumbnailUrl":"https:\/\/centrourbano.com\/revista\/wp-content\/uploads\/cenadores.jpg","datePublished":"2015-05-11T15:20:49+00:00","description":"&nbsp; Se trata de una reforma a los art\u00edculos 167 y 179 de la Ley del ISSSTE, con el prop\u00f3sito de que los empleados cuenten con mayores posibilidades","breadcrumb":{"@id":"https:\/\/centrourbano.com\/revista\/vivienda\/senado-aprobo-segundo-credito-de-fovissste\/#breadcrumb"},"inLanguage":"es","potentialAction":[{"@type":"ReadAction","target":["https:\/\/centrourbano.com\/revista\/vivienda\/senado-aprobo-segundo-credito-de-fovissste\/"]}]},{"@type":"ImageObject","inLanguage":"es","@id":"https:\/\/centrourbano.com\/revista\/vivienda\/senado-aprobo-segundo-credito-de-fovissste\/#primaryimage","url":"https:\/\/centrourbano.com\/revista\/wp-content\/uploads\/cenadores.jpg","contentUrl":"https:\/\/centrourbano.com\/revista\/wp-content\/uploads\/cenadores.jpg","width":800,"height":535},{"@type":"BreadcrumbList","@id":"https:\/\/centrourbano.com\/revista\/vivienda\/senado-aprobo-segundo-credito-de-fovissste\/#breadcrumb","itemListElement":[{"@type":"ListItem","position":1,"name":"Portada","item":"https:\/\/centrourbano.com\/revista\/"},{"@type":"ListItem","position":2,"name":"Senado aprob\u00f3 segundo cr\u00e9dito de Fovissste"}]},{"@type":"WebSite","@id":"https:\/\/centrourbano.com\/revista\/#website","url":"https:\/\/centrourbano.com\/revista\/","name":"Centro Urbano","description":"Medio especializado en los sectores vivienda, inmobiliario, construcci\u00f3n, arquitectura y urbanismo.","publisher":{"@id":"https:\/\/centrourbano.com\/revista\/#organization"},"potentialAction":[{"@type":"SearchAction","target":{"@type":"EntryPoint","urlTemplate":"https:\/\/centrourbano.com\/revista\/?s={search_term_string}"},"query-input":{"@type":"PropertyValueSpecification","valueRequired":true,"valueName":"search_term_string"}}],"inLanguage":"es"},{"@type":"Organization","@id":"https:\/\/centrourbano.com\/revista\/#organization","name":"Centro Urbano","url":"https:\/\/centrourbano.com\/revista\/","logo":{"@type":"ImageObject","inLanguage":"es","@id":"https:\/\/centrourbano.com\/revista\/#\/schema\/logo\/image\/","url":"https:\/\/centrourbano.com\/revista\/wp-content\/uploads\/web_CU_logo-1.png","contentUrl":"https:\/\/centrourbano.com\/revista\/wp-content\/uploads\/web_CU_logo-1.png","width":350,"height":91,"caption":"Centro Urbano"},"image":{"@id":"https:\/\/centrourbano.com\/revista\/#\/schema\/logo\/image\/"},"sameAs":["https:\/\/www.facebook.com\/portalcentrourbano","https:\/\/x.com\/CentroUrbano","https:\/\/www.instagram.com\/centro_urbano\/","https:\/\/www.linkedin.com\/company\/centro-urbano\/","http:\/\/www.youtube.com\/user\/portalcentrourbano"]},{"@type":"Person","@id":"https:\/\/centrourbano.com\/revista\/#\/schema\/person\/71e020a5b63ca4230c0f1228a36cde93","name":"Mario V\u00e1zquez Barrios","image":{"@type":"ImageObject","inLanguage":"es","@id":"https:\/\/secure.gravatar.com\/avatar\/347e6d9c0b04f0194ca244ba64b0fe62752d716a3a93d1713bd259eb87aad5b6?s=96&d=mm&r=g","url":"https:\/\/secure.gravatar.com\/avatar\/347e6d9c0b04f0194ca244ba64b0fe62752d716a3a93d1713bd259eb87aad5b6?s=96&d=mm&r=g","contentUrl":"https:\/\/secure.gravatar.com\/avatar\/347e6d9c0b04f0194ca244ba64b0fe62752d716a3a93d1713bd259eb87aad5b6?s=96&d=mm&r=g","caption":"Mario V\u00e1zquez Barrios"},"description":"Me inici\u00e9 en El Financiero haciendo reportajes; en MegaNoticias Televisi\u00f3n fui reportero titular; en EMedios, control de calidad; y Radio 13 Noticias me acogi\u00f3 como colaborador. Me gusta encontrar en las banquetas la nota, una entrevista y el inicio de un reportaje.","sameAs":["https:\/\/x.com\/@MarioDeNiro"],"url":"https:\/\/centrourbano.com\/revista\/author\/mario-vazquez\/"}]}},"_links":{"self":[{"href":"https:\/\/centrourbano.com\/revista\/wp-json\/wp\/v2\/posts\/18793","targetHints":{"allow":["GET"]}}],"collection":[{"href":"https:\/\/centrourbano.com\/revista\/wp-json\/wp\/v2\/posts"}],"about":[{"href":"https:\/\/centrourbano.com\/revista\/wp-json\/wp\/v2\/types\/post"}],"author":[{"embeddable":true,"href":"https:\/\/centrourbano.com\/revista\/wp-json\/wp\/v2\/users\/28"}],"replies":[{"embeddable":true,"href":"https:\/\/centrourbano.com\/revista\/wp-json\/wp\/v2\/comments?post=18793"}],"version-history":[{"count":0,"href":"https:\/\/centrourbano.com\/revista\/wp-json\/wp\/v2\/posts\/18793\/revisions"}],"wp:featuredmedia":[{"embeddable":true,"href":"https:\/\/centrourbano.com\/revista\/wp-json\/wp\/v2\/media\/18794"}],"wp:attachment":[{"href":"https:\/\/centrourbano.com\/revista\/wp-json\/wp\/v2\/media?parent=18793"}],"wp:term":[{"taxonomy":"category","embeddable":true,"href":"https:\/\/centrourbano.com\/revista\/wp-json\/wp\/v2\/categories?post=18793"},{"taxonomy":"post_tag","embeddable":true,"href":"https:\/\/centrourbano.com\/revista\/wp-json\/wp\/v2\/tags?post=18793"}],"curies":[{"name":"wp","href":"https:\/\/api.w.org\/{rel}","templated":true}]}}