{"id":18782,"date":"2015-05-08T14:13:49","date_gmt":"2015-05-08T19:13:49","guid":{"rendered":"http:\/\/centrourbano.com\/?p=18782"},"modified":"2015-05-08T14:15:20","modified_gmt":"2015-05-08T19:15:20","slug":"construira-grupo-carso-parque-acuatico-en-veracruz","status":"publish","type":"post","link":"https:\/\/centrourbano.com\/revista\/construccion\/construira-grupo-carso-parque-acuatico-en-veracruz\/","title":{"rendered":"Construir\u00e1 Grupo Carso parque acu\u00e1tico en Veracruz"},"content":{"rendered":"<p><em>Ser\u00e1 edificado sobre una superficie de 120,000 m2 y se convertir\u00e1 en uno de los polos m\u00e1s grandes de entretenimiento y diversi\u00f3n para la poblaci\u00f3n<\/em><!--more--><\/p>\n<p>Durante la inauguraci\u00f3n del Hospital Star M\u00e9dica Veracruz, Grupo Carso dio\u00a0 conocer sus planes para llevar a cabo la construcci\u00f3n de un acuario en dicha entidad, lo cual forma parte del crecimiento y desarrollo del Nuevo Veracruz.<\/p>\n<p>Al respecto, el presidente de Inmuebles Carso, Alfonso Salem Slim, dijo que se trata de un parque que ser\u00e1 edificado sobre una superficie de 120,000 m2, el cual contar\u00e1 con la m\u00e1s alta tecnolog\u00eda y se convertir\u00e1 en uno de los polos m\u00e1s grandes de entretenimiento y diversi\u00f3n para la poblaci\u00f3n.<\/p>\n<p>Agreg\u00f3 que este proyecto, que llevar\u00e1 por nombre \u00abParque Acu\u00e1tico Inbursa\u00bb, forma parte de la inversi\u00f3n anunciada por m\u00e1s de 22,000 millones de pesos en un periodo de 10 a 15 a\u00f1os, en donde tan solo en los \u00faltimos tres a\u00f1os se ha invertido el 45% del monto inicial.<\/p>\n<p>Cabe destacar que el hospital puesto en marcha el d\u00eda de ayer, es uno de las unidades de salud exclusivas en el pa\u00eds, que cuenta con la m\u00e1s alta tecnolog\u00eda en salud, con equipos e infraestructura de vanguardia.<\/p>\n<p>Este hospital se suma a la amplia red de centros m\u00e9dicos que Grupo Carso tiene en los estados de Michoac\u00e1n, Aguascalientes, Yucat\u00e1n, San Luis Potos\u00ed, Chihuahua, M\u00e9xico y Quer\u00e9taro, as\u00ed como el Distrito Federal.<\/p>\n<p>&nbsp;<\/p>\n","protected":false},"excerpt":{"rendered":"<p>Ser\u00e1 edificado sobre una superficie de 120,000 m2 y se convertir\u00e1 en uno de los polos m\u00e1s grandes de entretenimiento y diversi\u00f3n para la poblaci\u00f3n<\/p>\n","protected":false},"author":9,"featured_media":18785,"comment_status":"open","ping_status":"closed","sticky":false,"template":"","format":"standard","meta":{"om_disable_all_campaigns":false,"inline_featured_image":false,"_monsterinsights_skip_tracking":false,"_monsterinsights_sitenote_active":false,"_monsterinsights_sitenote_note":"","_monsterinsights_sitenote_category":0,"footnotes":""},"categories":[14],"tags":[769,2155,5026,5027],"class_list":["post-18782","post","type-post","status-publish","format-standard","has-post-thumbnail","hentry","category-construccion","tag-grupo-carso","tag-inmuebles-carso","tag-parque-acuatico","tag-parque-acuatico-inbursa"],"yoast_head":"<!-- This site is optimized with the Yoast SEO plugin v27.4 - https:\/\/yoast.com\/product\/yoast-seo-wordpress\/ -->\n<title>Construir\u00e1 Grupo Carso parque acu\u00e1tico en Veracruz -<\/title>\n<meta name=\"description\" content=\"Ser\u00e1 edificado sobre una superficie de 120,000 m2 y se convertir\u00e1 en uno de los polos m\u00e1s grandes de entretenimiento y diversi\u00f3n para la poblaci\u00f3n Durante\" \/>\n<meta name=\"robots\" content=\"index, follow, max-snippet:-1, max-image-preview:large, max-video-preview:-1\" \/>\n<link rel=\"canonical\" href=\"https:\/\/centrourbano.com\/revista\/construccion\/construira-grupo-carso-parque-acuatico-en-veracruz\/\" \/>\n<meta property=\"og:locale\" content=\"es_ES\" \/>\n<meta property=\"og:type\" content=\"article\" \/>\n<meta property=\"og:title\" content=\"Construir\u00e1 Grupo Carso parque acu\u00e1tico en Veracruz -\" \/>\n<meta property=\"og:description\" content=\"Ser\u00e1 edificado sobre una superficie de 120,000 m2 y se convertir\u00e1 en uno de los polos m\u00e1s grandes de entretenimiento y diversi\u00f3n para la poblaci\u00f3n Durante\" \/>\n<meta property=\"og:url\" content=\"https:\/\/centrourbano.com\/revista\/construccion\/construira-grupo-carso-parque-acuatico-en-veracruz\/\" \/>\n<meta property=\"og:site_name\" content=\"Centro Urbano\" \/>\n<meta property=\"article:publisher\" content=\"https:\/\/www.facebook.com\/portalcentrourbano\" \/>\n<meta property=\"article:published_time\" content=\"2015-05-08T19:13:49+00:00\" \/>\n<meta property=\"article:modified_time\" content=\"2015-05-08T19:15:20+00:00\" \/>\n<meta property=\"og:image\" content=\"https:\/\/centrourbano.com\/revista\/wp-content\/uploads\/parque-acu\u00e1tico1.jpg\" \/>\n\t<meta property=\"og:image:width\" content=\"598\" \/>\n\t<meta property=\"og:image:height\" content=\"465\" \/>\n\t<meta property=\"og:image:type\" content=\"image\/jpeg\" \/>\n<meta name=\"author\" content=\"Dinorah Nava\" \/>\n<meta name=\"twitter:card\" content=\"summary_large_image\" \/>\n<meta name=\"twitter:creator\" content=\"@https:\/\/twitter.com\/Dinorah_Nava28\" \/>\n<meta name=\"twitter:site\" content=\"@CentroUrbano\" \/>\n<meta name=\"twitter:label1\" content=\"Escrito por\" \/>\n\t<meta name=\"twitter:data1\" content=\"Dinorah Nava\" \/>\n\t<meta name=\"twitter:label2\" content=\"Tiempo de lectura\" \/>\n\t<meta name=\"twitter:data2\" content=\"1 minuto\" \/>\n<script type=\"application\/ld+json\" class=\"yoast-schema-graph\">{\"@context\":\"https:\\\/\\\/schema.org\",\"@graph\":[{\"@type\":\"Article\",\"@id\":\"https:\\\/\\\/centrourbano.com\\\/revista\\\/construccion\\\/construira-grupo-carso-parque-acuatico-en-veracruz\\\/#article\",\"isPartOf\":{\"@id\":\"https:\\\/\\\/centrourbano.com\\\/revista\\\/construccion\\\/construira-grupo-carso-parque-acuatico-en-veracruz\\\/\"},\"author\":{\"name\":\"Dinorah Nava\",\"@id\":\"https:\\\/\\\/centrourbano.com\\\/revista\\\/#\\\/schema\\\/person\\\/b45db815d96831257ba428a3d5a5fbdc\"},\"headline\":\"Construir\u00e1 Grupo Carso parque acu\u00e1tico en Veracruz\",\"datePublished\":\"2015-05-08T19:13:49+00:00\",\"dateModified\":\"2015-05-08T19:15:20+00:00\",\"mainEntityOfPage\":{\"@id\":\"https:\\\/\\\/centrourbano.com\\\/revista\\\/construccion\\\/construira-grupo-carso-parque-acuatico-en-veracruz\\\/\"},\"wordCount\":262,\"commentCount\":0,\"publisher\":{\"@id\":\"https:\\\/\\\/centrourbano.com\\\/revista\\\/#organization\"},\"image\":{\"@id\":\"https:\\\/\\\/centrourbano.com\\\/revista\\\/construccion\\\/construira-grupo-carso-parque-acuatico-en-veracruz\\\/#primaryimage\"},\"thumbnailUrl\":\"https:\\\/\\\/centrourbano.com\\\/revista\\\/wp-content\\\/uploads\\\/parque-acu\u00e1tico1.jpg\",\"keywords\":[\"Grupo Carso\",\"Inmuebles Carso\",\"parque acu\u00e1tico\",\"Parque Acu\u00e1tico Inbursa\"],\"articleSection\":[\"Construcci\u00f3n\"],\"inLanguage\":\"es\",\"potentialAction\":[{\"@type\":\"CommentAction\",\"name\":\"Comment\",\"target\":[\"https:\\\/\\\/centrourbano.com\\\/revista\\\/construccion\\\/construira-grupo-carso-parque-acuatico-en-veracruz\\\/#respond\"]}]},{\"@type\":\"WebPage\",\"@id\":\"https:\\\/\\\/centrourbano.com\\\/revista\\\/construccion\\\/construira-grupo-carso-parque-acuatico-en-veracruz\\\/\",\"url\":\"https:\\\/\\\/centrourbano.com\\\/revista\\\/construccion\\\/construira-grupo-carso-parque-acuatico-en-veracruz\\\/\",\"name\":\"Construir\u00e1 Grupo Carso parque acu\u00e1tico en Veracruz -\",\"isPartOf\":{\"@id\":\"https:\\\/\\\/centrourbano.com\\\/revista\\\/#website\"},\"primaryImageOfPage\":{\"@id\":\"https:\\\/\\\/centrourbano.com\\\/revista\\\/construccion\\\/construira-grupo-carso-parque-acuatico-en-veracruz\\\/#primaryimage\"},\"image\":{\"@id\":\"https:\\\/\\\/centrourbano.com\\\/revista\\\/construccion\\\/construira-grupo-carso-parque-acuatico-en-veracruz\\\/#primaryimage\"},\"thumbnailUrl\":\"https:\\\/\\\/centrourbano.com\\\/revista\\\/wp-content\\\/uploads\\\/parque-acu\u00e1tico1.jpg\",\"datePublished\":\"2015-05-08T19:13:49+00:00\",\"dateModified\":\"2015-05-08T19:15:20+00:00\",\"description\":\"Ser\u00e1 edificado sobre una superficie de 120,000 m2 y se convertir\u00e1 en uno de los polos m\u00e1s grandes de entretenimiento y diversi\u00f3n para la poblaci\u00f3n Durante\",\"breadcrumb\":{\"@id\":\"https:\\\/\\\/centrourbano.com\\\/revista\\\/construccion\\\/construira-grupo-carso-parque-acuatico-en-veracruz\\\/#breadcrumb\"},\"inLanguage\":\"es\",\"potentialAction\":[{\"@type\":\"ReadAction\",\"target\":[\"https:\\\/\\\/centrourbano.com\\\/revista\\\/construccion\\\/construira-grupo-carso-parque-acuatico-en-veracruz\\\/\"]}]},{\"@type\":\"ImageObject\",\"inLanguage\":\"es\",\"@id\":\"https:\\\/\\\/centrourbano.com\\\/revista\\\/construccion\\\/construira-grupo-carso-parque-acuatico-en-veracruz\\\/#primaryimage\",\"url\":\"https:\\\/\\\/centrourbano.com\\\/revista\\\/wp-content\\\/uploads\\\/parque-acu\u00e1tico1.jpg\",\"contentUrl\":\"https:\\\/\\\/centrourbano.com\\\/revista\\\/wp-content\\\/uploads\\\/parque-acu\u00e1tico1.jpg\",\"width\":598,\"height\":465},{\"@type\":\"BreadcrumbList\",\"@id\":\"https:\\\/\\\/centrourbano.com\\\/revista\\\/construccion\\\/construira-grupo-carso-parque-acuatico-en-veracruz\\\/#breadcrumb\",\"itemListElement\":[{\"@type\":\"ListItem\",\"position\":1,\"name\":\"Portada\",\"item\":\"https:\\\/\\\/centrourbano.com\\\/revista\\\/\"},{\"@type\":\"ListItem\",\"position\":2,\"name\":\"Construir\u00e1 Grupo Carso parque acu\u00e1tico en Veracruz\"}]},{\"@type\":\"WebSite\",\"@id\":\"https:\\\/\\\/centrourbano.com\\\/revista\\\/#website\",\"url\":\"https:\\\/\\\/centrourbano.com\\\/revista\\\/\",\"name\":\"Centro Urbano\",\"description\":\"Medio especializado en los sectores vivienda, inmobiliario, construcci\u00f3n, arquitectura y urbanismo.\",\"publisher\":{\"@id\":\"https:\\\/\\\/centrourbano.com\\\/revista\\\/#organization\"},\"potentialAction\":[{\"@type\":\"SearchAction\",\"target\":{\"@type\":\"EntryPoint\",\"urlTemplate\":\"https:\\\/\\\/centrourbano.com\\\/revista\\\/?s={search_term_string}\"},\"query-input\":{\"@type\":\"PropertyValueSpecification\",\"valueRequired\":true,\"valueName\":\"search_term_string\"}}],\"inLanguage\":\"es\"},{\"@type\":\"Organization\",\"@id\":\"https:\\\/\\\/centrourbano.com\\\/revista\\\/#organization\",\"name\":\"Centro Urbano\",\"url\":\"https:\\\/\\\/centrourbano.com\\\/revista\\\/\",\"logo\":{\"@type\":\"ImageObject\",\"inLanguage\":\"es\",\"@id\":\"https:\\\/\\\/centrourbano.com\\\/revista\\\/#\\\/schema\\\/logo\\\/image\\\/\",\"url\":\"https:\\\/\\\/centrourbano.com\\\/revista\\\/wp-content\\\/uploads\\\/web_CU_logo-1.png\",\"contentUrl\":\"https:\\\/\\\/centrourbano.com\\\/revista\\\/wp-content\\\/uploads\\\/web_CU_logo-1.png\",\"width\":350,\"height\":91,\"caption\":\"Centro Urbano\"},\"image\":{\"@id\":\"https:\\\/\\\/centrourbano.com\\\/revista\\\/#\\\/schema\\\/logo\\\/image\\\/\"},\"sameAs\":[\"https:\\\/\\\/www.facebook.com\\\/portalcentrourbano\",\"https:\\\/\\\/x.com\\\/CentroUrbano\",\"https:\\\/\\\/www.instagram.com\\\/centro_urbano\\\/\",\"https:\\\/\\\/www.linkedin.com\\\/company\\\/centro-urbano\\\/\",\"http:\\\/\\\/www.youtube.com\\\/user\\\/portalcentrourbano\"]},{\"@type\":\"Person\",\"@id\":\"https:\\\/\\\/centrourbano.com\\\/revista\\\/#\\\/schema\\\/person\\\/b45db815d96831257ba428a3d5a5fbdc\",\"name\":\"Dinorah Nava\",\"image\":{\"@type\":\"ImageObject\",\"inLanguage\":\"es\",\"@id\":\"https:\\\/\\\/secure.gravatar.com\\\/avatar\\\/f6ca6430c51d147f363940f84e1225aa4b8183885c11802cc3b042305a4ecc1a?s=96&d=mm&r=g\",\"url\":\"https:\\\/\\\/secure.gravatar.com\\\/avatar\\\/f6ca6430c51d147f363940f84e1225aa4b8183885c11802cc3b042305a4ecc1a?s=96&d=mm&r=g\",\"contentUrl\":\"https:\\\/\\\/secure.gravatar.com\\\/avatar\\\/f6ca6430c51d147f363940f84e1225aa4b8183885c11802cc3b042305a4ecc1a?s=96&d=mm&r=g\",\"caption\":\"Dinorah Nava\"},\"description\":\"Editora de Contenidos y Estrategias Digitales en Centro Urbano y Coeditora en Peri\u00f3dico Mi Casa. Egresada de la licenciatura en Comunicaci\u00f3n y Periodismo de la Facultad de Estudios Superiores Arag\u00f3n (UNAM). Amante de la edici\u00f3n y correcci\u00f3n de estilo, las redes sociales y el mundo digital. Especialista en temas son arquitectura, inmobiliario y urbanismo.\",\"sameAs\":[\"linkedin.com\\\/in\\\/dinorah-nava\",\"https:\\\/\\\/x.com\\\/https:\\\/\\\/twitter.com\\\/Dinorah_Nava28\"],\"url\":\"https:\\\/\\\/centrourbano.com\\\/revista\\\/author\\\/dinorah-nava\\\/\"}]}<\/script>\n<!-- \/ Yoast SEO plugin. -->","yoast_head_json":{"title":"Construir\u00e1 Grupo Carso parque acu\u00e1tico en Veracruz -","description":"Ser\u00e1 edificado sobre una superficie de 120,000 m2 y se convertir\u00e1 en uno de los polos m\u00e1s grandes de entretenimiento y diversi\u00f3n para la poblaci\u00f3n Durante","robots":{"index":"index","follow":"follow","max-snippet":"max-snippet:-1","max-image-preview":"max-image-preview:large","max-video-preview":"max-video-preview:-1"},"canonical":"https:\/\/centrourbano.com\/revista\/construccion\/construira-grupo-carso-parque-acuatico-en-veracruz\/","og_locale":"es_ES","og_type":"article","og_title":"Construir\u00e1 Grupo Carso parque acu\u00e1tico en Veracruz -","og_description":"Ser\u00e1 edificado sobre una superficie de 120,000 m2 y se convertir\u00e1 en uno de los polos m\u00e1s grandes de entretenimiento y diversi\u00f3n para la poblaci\u00f3n Durante","og_url":"https:\/\/centrourbano.com\/revista\/construccion\/construira-grupo-carso-parque-acuatico-en-veracruz\/","og_site_name":"Centro Urbano","article_publisher":"https:\/\/www.facebook.com\/portalcentrourbano","article_published_time":"2015-05-08T19:13:49+00:00","article_modified_time":"2015-05-08T19:15:20+00:00","og_image":[{"width":598,"height":465,"url":"https:\/\/centrourbano.com\/revista\/wp-content\/uploads\/parque-acu\u00e1tico1.jpg","type":"image\/jpeg"}],"author":"Dinorah Nava","twitter_card":"summary_large_image","twitter_creator":"@https:\/\/twitter.com\/Dinorah_Nava28","twitter_site":"@CentroUrbano","twitter_misc":{"Escrito por":"Dinorah Nava","Tiempo de lectura":"1 minuto"},"schema":{"@context":"https:\/\/schema.org","@graph":[{"@type":"Article","@id":"https:\/\/centrourbano.com\/revista\/construccion\/construira-grupo-carso-parque-acuatico-en-veracruz\/#article","isPartOf":{"@id":"https:\/\/centrourbano.com\/revista\/construccion\/construira-grupo-carso-parque-acuatico-en-veracruz\/"},"author":{"name":"Dinorah Nava","@id":"https:\/\/centrourbano.com\/revista\/#\/schema\/person\/b45db815d96831257ba428a3d5a5fbdc"},"headline":"Construir\u00e1 Grupo Carso parque acu\u00e1tico en Veracruz","datePublished":"2015-05-08T19:13:49+00:00","dateModified":"2015-05-08T19:15:20+00:00","mainEntityOfPage":{"@id":"https:\/\/centrourbano.com\/revista\/construccion\/construira-grupo-carso-parque-acuatico-en-veracruz\/"},"wordCount":262,"commentCount":0,"publisher":{"@id":"https:\/\/centrourbano.com\/revista\/#organization"},"image":{"@id":"https:\/\/centrourbano.com\/revista\/construccion\/construira-grupo-carso-parque-acuatico-en-veracruz\/#primaryimage"},"thumbnailUrl":"https:\/\/centrourbano.com\/revista\/wp-content\/uploads\/parque-acu\u00e1tico1.jpg","keywords":["Grupo Carso","Inmuebles Carso","parque acu\u00e1tico","Parque Acu\u00e1tico Inbursa"],"articleSection":["Construcci\u00f3n"],"inLanguage":"es","potentialAction":[{"@type":"CommentAction","name":"Comment","target":["https:\/\/centrourbano.com\/revista\/construccion\/construira-grupo-carso-parque-acuatico-en-veracruz\/#respond"]}]},{"@type":"WebPage","@id":"https:\/\/centrourbano.com\/revista\/construccion\/construira-grupo-carso-parque-acuatico-en-veracruz\/","url":"https:\/\/centrourbano.com\/revista\/construccion\/construira-grupo-carso-parque-acuatico-en-veracruz\/","name":"Construir\u00e1 Grupo Carso parque acu\u00e1tico en Veracruz -","isPartOf":{"@id":"https:\/\/centrourbano.com\/revista\/#website"},"primaryImageOfPage":{"@id":"https:\/\/centrourbano.com\/revista\/construccion\/construira-grupo-carso-parque-acuatico-en-veracruz\/#primaryimage"},"image":{"@id":"https:\/\/centrourbano.com\/revista\/construccion\/construira-grupo-carso-parque-acuatico-en-veracruz\/#primaryimage"},"thumbnailUrl":"https:\/\/centrourbano.com\/revista\/wp-content\/uploads\/parque-acu\u00e1tico1.jpg","datePublished":"2015-05-08T19:13:49+00:00","dateModified":"2015-05-08T19:15:20+00:00","description":"Ser\u00e1 edificado sobre una superficie de 120,000 m2 y se convertir\u00e1 en uno de los polos m\u00e1s grandes de entretenimiento y diversi\u00f3n para la poblaci\u00f3n Durante","breadcrumb":{"@id":"https:\/\/centrourbano.com\/revista\/construccion\/construira-grupo-carso-parque-acuatico-en-veracruz\/#breadcrumb"},"inLanguage":"es","potentialAction":[{"@type":"ReadAction","target":["https:\/\/centrourbano.com\/revista\/construccion\/construira-grupo-carso-parque-acuatico-en-veracruz\/"]}]},{"@type":"ImageObject","inLanguage":"es","@id":"https:\/\/centrourbano.com\/revista\/construccion\/construira-grupo-carso-parque-acuatico-en-veracruz\/#primaryimage","url":"https:\/\/centrourbano.com\/revista\/wp-content\/uploads\/parque-acu\u00e1tico1.jpg","contentUrl":"https:\/\/centrourbano.com\/revista\/wp-content\/uploads\/parque-acu\u00e1tico1.jpg","width":598,"height":465},{"@type":"BreadcrumbList","@id":"https:\/\/centrourbano.com\/revista\/construccion\/construira-grupo-carso-parque-acuatico-en-veracruz\/#breadcrumb","itemListElement":[{"@type":"ListItem","position":1,"name":"Portada","item":"https:\/\/centrourbano.com\/revista\/"},{"@type":"ListItem","position":2,"name":"Construir\u00e1 Grupo Carso parque acu\u00e1tico en Veracruz"}]},{"@type":"WebSite","@id":"https:\/\/centrourbano.com\/revista\/#website","url":"https:\/\/centrourbano.com\/revista\/","name":"Centro Urbano","description":"Medio especializado en los sectores vivienda, inmobiliario, construcci\u00f3n, arquitectura y urbanismo.","publisher":{"@id":"https:\/\/centrourbano.com\/revista\/#organization"},"potentialAction":[{"@type":"SearchAction","target":{"@type":"EntryPoint","urlTemplate":"https:\/\/centrourbano.com\/revista\/?s={search_term_string}"},"query-input":{"@type":"PropertyValueSpecification","valueRequired":true,"valueName":"search_term_string"}}],"inLanguage":"es"},{"@type":"Organization","@id":"https:\/\/centrourbano.com\/revista\/#organization","name":"Centro Urbano","url":"https:\/\/centrourbano.com\/revista\/","logo":{"@type":"ImageObject","inLanguage":"es","@id":"https:\/\/centrourbano.com\/revista\/#\/schema\/logo\/image\/","url":"https:\/\/centrourbano.com\/revista\/wp-content\/uploads\/web_CU_logo-1.png","contentUrl":"https:\/\/centrourbano.com\/revista\/wp-content\/uploads\/web_CU_logo-1.png","width":350,"height":91,"caption":"Centro Urbano"},"image":{"@id":"https:\/\/centrourbano.com\/revista\/#\/schema\/logo\/image\/"},"sameAs":["https:\/\/www.facebook.com\/portalcentrourbano","https:\/\/x.com\/CentroUrbano","https:\/\/www.instagram.com\/centro_urbano\/","https:\/\/www.linkedin.com\/company\/centro-urbano\/","http:\/\/www.youtube.com\/user\/portalcentrourbano"]},{"@type":"Person","@id":"https:\/\/centrourbano.com\/revista\/#\/schema\/person\/b45db815d96831257ba428a3d5a5fbdc","name":"Dinorah Nava","image":{"@type":"ImageObject","inLanguage":"es","@id":"https:\/\/secure.gravatar.com\/avatar\/f6ca6430c51d147f363940f84e1225aa4b8183885c11802cc3b042305a4ecc1a?s=96&d=mm&r=g","url":"https:\/\/secure.gravatar.com\/avatar\/f6ca6430c51d147f363940f84e1225aa4b8183885c11802cc3b042305a4ecc1a?s=96&d=mm&r=g","contentUrl":"https:\/\/secure.gravatar.com\/avatar\/f6ca6430c51d147f363940f84e1225aa4b8183885c11802cc3b042305a4ecc1a?s=96&d=mm&r=g","caption":"Dinorah Nava"},"description":"Editora de Contenidos y Estrategias Digitales en Centro Urbano y Coeditora en Peri\u00f3dico Mi Casa. Egresada de la licenciatura en Comunicaci\u00f3n y Periodismo de la Facultad de Estudios Superiores Arag\u00f3n (UNAM). Amante de la edici\u00f3n y correcci\u00f3n de estilo, las redes sociales y el mundo digital. Especialista en temas son arquitectura, inmobiliario y urbanismo.","sameAs":["linkedin.com\/in\/dinorah-nava","https:\/\/x.com\/https:\/\/twitter.com\/Dinorah_Nava28"],"url":"https:\/\/centrourbano.com\/revista\/author\/dinorah-nava\/"}]}},"_links":{"self":[{"href":"https:\/\/centrourbano.com\/revista\/wp-json\/wp\/v2\/posts\/18782","targetHints":{"allow":["GET"]}}],"collection":[{"href":"https:\/\/centrourbano.com\/revista\/wp-json\/wp\/v2\/posts"}],"about":[{"href":"https:\/\/centrourbano.com\/revista\/wp-json\/wp\/v2\/types\/post"}],"author":[{"embeddable":true,"href":"https:\/\/centrourbano.com\/revista\/wp-json\/wp\/v2\/users\/9"}],"replies":[{"embeddable":true,"href":"https:\/\/centrourbano.com\/revista\/wp-json\/wp\/v2\/comments?post=18782"}],"version-history":[{"count":0,"href":"https:\/\/centrourbano.com\/revista\/wp-json\/wp\/v2\/posts\/18782\/revisions"}],"wp:featuredmedia":[{"embeddable":true,"href":"https:\/\/centrourbano.com\/revista\/wp-json\/wp\/v2\/media\/18785"}],"wp:attachment":[{"href":"https:\/\/centrourbano.com\/revista\/wp-json\/wp\/v2\/media?parent=18782"}],"wp:term":[{"taxonomy":"category","embeddable":true,"href":"https:\/\/centrourbano.com\/revista\/wp-json\/wp\/v2\/categories?post=18782"},{"taxonomy":"post_tag","embeddable":true,"href":"https:\/\/centrourbano.com\/revista\/wp-json\/wp\/v2\/tags?post=18782"}],"curies":[{"name":"wp","href":"https:\/\/api.w.org\/{rel}","templated":true}]}}