{"id":18750,"date":"2015-05-08T08:30:52","date_gmt":"2015-05-08T13:30:52","guid":{"rendered":"http:\/\/centrourbano.com\/?p=18750"},"modified":"2015-05-07T23:18:49","modified_gmt":"2015-05-08T04:18:49","slug":"modelo-de-desarrollo-urbano-combatira-rezago-habitacional","status":"publish","type":"post","link":"https:\/\/centrourbano.com\/revista\/vivienda\/modelo-de-desarrollo-urbano-combatira-rezago-habitacional\/","title":{"rendered":"Modelo de desarrollo urbano combatir\u00e1 rezago habitacional"},"content":{"rendered":"<p class=\"p1\"><b><\/b><span class=\"s1\"><i>El prop\u00f3sito de las acciones emprendidas es poder dotar de vivienda digna a todos los habitantes del pa\u00eds<\/i><\/span><!--more--><\/p>\n<p class=\"p1\"><b><\/b><span class=\"s1\">A fin de disminuir el rezago habitacional que existe en M\u00e9xico y poder proveer de vivienda digna a toda la poblaci\u00f3n del pa\u00eds, se trabaja en un modelo de desarrollo urbano ordenado, sustentable e inteligente, enfocado en el control de la expansi\u00f3n urbana, la consolidaci\u00f3n de las ciudades y la renovaci\u00f3n del parque habitacional existente.<\/span><\/p>\n<p class=\"p1\"><span class=\"s1\">As\u00ed lo indic\u00f3 la directora de la Comisi\u00f3n Nacional de Vivienda (Conavi), Paloma Silva de Anzorena, en el marco de la d\u00e9cimo s\u00e9ptima edici\u00f3n del Sal\u00f3n Inmobiliario Internacional de Madrid (SIMA), en donde destac\u00f3 la importancia implementar medidas en las ciudades que permitan dotar de vivienda digna a todos los habitantes del pa\u00eds.<\/span><\/p>\n<p class=\"p1\"><span class=\"s1\">Es por eso que en los \u00faltimos a\u00f1os se ha trabajado con los sectores p\u00fablico y privado para emprender dichas acciones, que se han complementado con la creaci\u00f3n de la Secretear\u00eda de Desarrollo Agrario, Territorial y Urbano (Sedatu), el fortalecimiento de la pol\u00edtica de vivienda, del Plan Nacional de Desarrollo, as\u00ed como el Programa Nacional de Vivienda, factores que han ayudado a consolidar a la vivienda como impulsor del desarrollo econ\u00f3mico.\u00a0<\/span><\/p>\n<p class=\"p1\"><span class=\"s1\">M\u00e9xico es el pa\u00eds invitado al SIMA 2015, foro en el cual se tratar\u00e1n temas de gran importancia como el sector vivienda mexicano, las fortalezas del sistema hipotecario mexicano, el \u00e9xito de los mecanismos de financiamiento a la producci\u00f3n, y crecimiento ordenado, entre otros. En el evento participan ministros, embajadores, secretarios de Estado, titulares de organismos, c\u00e1maras y empresarios del sector vivienda.<\/span><\/p>\n","protected":false},"excerpt":{"rendered":"<p>El prop\u00f3sito de las acciones emprendidas es poder dotar de vivienda digna a todos los habitantes del pa\u00eds<\/p>\n","protected":false},"author":9,"featured_media":18751,"comment_status":"open","ping_status":"closed","sticky":false,"template":"","format":"standard","meta":{"om_disable_all_campaigns":false,"inline_featured_image":false,"_monsterinsights_skip_tracking":false,"_monsterinsights_sitenote_active":false,"_monsterinsights_sitenote_note":"","_monsterinsights_sitenote_category":0,"footnotes":""},"categories":[12],"tags":[376,4636,1529,60],"class_list":["post-18750","post","type-post","status-publish","format-standard","has-post-thumbnail","hentry","category-vivienda","tag-conavi","tag-maria-paloma-silva-de-anzorena","tag-sima","tag-vivienda-2"],"yoast_head":"<!-- This site is optimized with the Yoast SEO plugin v27.4 - https:\/\/yoast.com\/product\/yoast-seo-wordpress\/ -->\n<title>Modelo de desarrollo urbano combatir\u00e1 rezago habitacional -<\/title>\n<meta name=\"description\" content=\"El prop\u00f3sito de las acciones emprendidas es poder dotar de vivienda digna a todos los habitantes del pa\u00eds A fin de disminuir el rezago habitacional que\" \/>\n<meta name=\"robots\" content=\"index, follow, max-snippet:-1, max-image-preview:large, max-video-preview:-1\" \/>\n<link rel=\"canonical\" href=\"https:\/\/centrourbano.com\/revista\/vivienda\/modelo-de-desarrollo-urbano-combatira-rezago-habitacional\/\" \/>\n<meta property=\"og:locale\" content=\"es_ES\" \/>\n<meta property=\"og:type\" content=\"article\" \/>\n<meta property=\"og:title\" content=\"Modelo de desarrollo urbano combatir\u00e1 rezago habitacional -\" \/>\n<meta property=\"og:description\" content=\"El prop\u00f3sito de las acciones emprendidas es poder dotar de vivienda digna a todos los habitantes del pa\u00eds A fin de disminuir el rezago habitacional que\" \/>\n<meta property=\"og:url\" content=\"https:\/\/centrourbano.com\/revista\/vivienda\/modelo-de-desarrollo-urbano-combatira-rezago-habitacional\/\" \/>\n<meta property=\"og:site_name\" content=\"Centro Urbano\" \/>\n<meta property=\"article:publisher\" content=\"https:\/\/www.facebook.com\/portalcentrourbano\" \/>\n<meta property=\"article:published_time\" content=\"2015-05-08T13:30:52+00:00\" \/>\n<meta property=\"og:image\" content=\"https:\/\/centrourbano.com\/revista\/wp-content\/uploads\/SIMA-2015-e1431058720308.jpg\" \/>\n\t<meta property=\"og:image:width\" content=\"800\" \/>\n\t<meta property=\"og:image:height\" content=\"600\" \/>\n\t<meta property=\"og:image:type\" content=\"image\/jpeg\" \/>\n<meta name=\"author\" content=\"Dinorah Nava\" \/>\n<meta name=\"twitter:card\" content=\"summary_large_image\" \/>\n<meta name=\"twitter:creator\" content=\"@https:\/\/twitter.com\/Dinorah_Nava28\" \/>\n<meta name=\"twitter:site\" content=\"@CentroUrbano\" \/>\n<meta name=\"twitter:label1\" content=\"Escrito por\" \/>\n\t<meta name=\"twitter:data1\" content=\"Dinorah Nava\" \/>\n\t<meta name=\"twitter:label2\" content=\"Tiempo de lectura\" \/>\n\t<meta name=\"twitter:data2\" content=\"1 minuto\" \/>\n<script type=\"application\/ld+json\" class=\"yoast-schema-graph\">{\"@context\":\"https:\\\/\\\/schema.org\",\"@graph\":[{\"@type\":\"Article\",\"@id\":\"https:\\\/\\\/centrourbano.com\\\/revista\\\/vivienda\\\/modelo-de-desarrollo-urbano-combatira-rezago-habitacional\\\/#article\",\"isPartOf\":{\"@id\":\"https:\\\/\\\/centrourbano.com\\\/revista\\\/vivienda\\\/modelo-de-desarrollo-urbano-combatira-rezago-habitacional\\\/\"},\"author\":{\"name\":\"Dinorah Nava\",\"@id\":\"https:\\\/\\\/centrourbano.com\\\/revista\\\/#\\\/schema\\\/person\\\/b45db815d96831257ba428a3d5a5fbdc\"},\"headline\":\"Modelo de desarrollo urbano combatir\u00e1 rezago habitacional\",\"datePublished\":\"2015-05-08T13:30:52+00:00\",\"mainEntityOfPage\":{\"@id\":\"https:\\\/\\\/centrourbano.com\\\/revista\\\/vivienda\\\/modelo-de-desarrollo-urbano-combatira-rezago-habitacional\\\/\"},\"wordCount\":290,\"commentCount\":0,\"publisher\":{\"@id\":\"https:\\\/\\\/centrourbano.com\\\/revista\\\/#organization\"},\"image\":{\"@id\":\"https:\\\/\\\/centrourbano.com\\\/revista\\\/vivienda\\\/modelo-de-desarrollo-urbano-combatira-rezago-habitacional\\\/#primaryimage\"},\"thumbnailUrl\":\"https:\\\/\\\/centrourbano.com\\\/revista\\\/wp-content\\\/uploads\\\/SIMA-2015-e1431058720308.jpg\",\"keywords\":[\"Conavi\",\"Mar\u00eda Paloma Silva de Anzorena\",\"SIMA\",\"vivienda\"],\"articleSection\":[\"Vivienda\"],\"inLanguage\":\"es\",\"potentialAction\":[{\"@type\":\"CommentAction\",\"name\":\"Comment\",\"target\":[\"https:\\\/\\\/centrourbano.com\\\/revista\\\/vivienda\\\/modelo-de-desarrollo-urbano-combatira-rezago-habitacional\\\/#respond\"]}]},{\"@type\":\"WebPage\",\"@id\":\"https:\\\/\\\/centrourbano.com\\\/revista\\\/vivienda\\\/modelo-de-desarrollo-urbano-combatira-rezago-habitacional\\\/\",\"url\":\"https:\\\/\\\/centrourbano.com\\\/revista\\\/vivienda\\\/modelo-de-desarrollo-urbano-combatira-rezago-habitacional\\\/\",\"name\":\"Modelo de desarrollo urbano combatir\u00e1 rezago habitacional -\",\"isPartOf\":{\"@id\":\"https:\\\/\\\/centrourbano.com\\\/revista\\\/#website\"},\"primaryImageOfPage\":{\"@id\":\"https:\\\/\\\/centrourbano.com\\\/revista\\\/vivienda\\\/modelo-de-desarrollo-urbano-combatira-rezago-habitacional\\\/#primaryimage\"},\"image\":{\"@id\":\"https:\\\/\\\/centrourbano.com\\\/revista\\\/vivienda\\\/modelo-de-desarrollo-urbano-combatira-rezago-habitacional\\\/#primaryimage\"},\"thumbnailUrl\":\"https:\\\/\\\/centrourbano.com\\\/revista\\\/wp-content\\\/uploads\\\/SIMA-2015-e1431058720308.jpg\",\"datePublished\":\"2015-05-08T13:30:52+00:00\",\"description\":\"El prop\u00f3sito de las acciones emprendidas es poder dotar de vivienda digna a todos los habitantes del pa\u00eds A fin de disminuir el rezago habitacional que\",\"breadcrumb\":{\"@id\":\"https:\\\/\\\/centrourbano.com\\\/revista\\\/vivienda\\\/modelo-de-desarrollo-urbano-combatira-rezago-habitacional\\\/#breadcrumb\"},\"inLanguage\":\"es\",\"potentialAction\":[{\"@type\":\"ReadAction\",\"target\":[\"https:\\\/\\\/centrourbano.com\\\/revista\\\/vivienda\\\/modelo-de-desarrollo-urbano-combatira-rezago-habitacional\\\/\"]}]},{\"@type\":\"ImageObject\",\"inLanguage\":\"es\",\"@id\":\"https:\\\/\\\/centrourbano.com\\\/revista\\\/vivienda\\\/modelo-de-desarrollo-urbano-combatira-rezago-habitacional\\\/#primaryimage\",\"url\":\"https:\\\/\\\/centrourbano.com\\\/revista\\\/wp-content\\\/uploads\\\/SIMA-2015-e1431058720308.jpg\",\"contentUrl\":\"https:\\\/\\\/centrourbano.com\\\/revista\\\/wp-content\\\/uploads\\\/SIMA-2015-e1431058720308.jpg\",\"width\":800,\"height\":600},{\"@type\":\"BreadcrumbList\",\"@id\":\"https:\\\/\\\/centrourbano.com\\\/revista\\\/vivienda\\\/modelo-de-desarrollo-urbano-combatira-rezago-habitacional\\\/#breadcrumb\",\"itemListElement\":[{\"@type\":\"ListItem\",\"position\":1,\"name\":\"Portada\",\"item\":\"https:\\\/\\\/centrourbano.com\\\/revista\\\/\"},{\"@type\":\"ListItem\",\"position\":2,\"name\":\"Modelo de desarrollo urbano combatir\u00e1 rezago habitacional\"}]},{\"@type\":\"WebSite\",\"@id\":\"https:\\\/\\\/centrourbano.com\\\/revista\\\/#website\",\"url\":\"https:\\\/\\\/centrourbano.com\\\/revista\\\/\",\"name\":\"Centro Urbano\",\"description\":\"Medio especializado en los sectores vivienda, inmobiliario, construcci\u00f3n, arquitectura y urbanismo.\",\"publisher\":{\"@id\":\"https:\\\/\\\/centrourbano.com\\\/revista\\\/#organization\"},\"potentialAction\":[{\"@type\":\"SearchAction\",\"target\":{\"@type\":\"EntryPoint\",\"urlTemplate\":\"https:\\\/\\\/centrourbano.com\\\/revista\\\/?s={search_term_string}\"},\"query-input\":{\"@type\":\"PropertyValueSpecification\",\"valueRequired\":true,\"valueName\":\"search_term_string\"}}],\"inLanguage\":\"es\"},{\"@type\":\"Organization\",\"@id\":\"https:\\\/\\\/centrourbano.com\\\/revista\\\/#organization\",\"name\":\"Centro Urbano\",\"url\":\"https:\\\/\\\/centrourbano.com\\\/revista\\\/\",\"logo\":{\"@type\":\"ImageObject\",\"inLanguage\":\"es\",\"@id\":\"https:\\\/\\\/centrourbano.com\\\/revista\\\/#\\\/schema\\\/logo\\\/image\\\/\",\"url\":\"https:\\\/\\\/centrourbano.com\\\/revista\\\/wp-content\\\/uploads\\\/web_CU_logo-1.png\",\"contentUrl\":\"https:\\\/\\\/centrourbano.com\\\/revista\\\/wp-content\\\/uploads\\\/web_CU_logo-1.png\",\"width\":350,\"height\":91,\"caption\":\"Centro Urbano\"},\"image\":{\"@id\":\"https:\\\/\\\/centrourbano.com\\\/revista\\\/#\\\/schema\\\/logo\\\/image\\\/\"},\"sameAs\":[\"https:\\\/\\\/www.facebook.com\\\/portalcentrourbano\",\"https:\\\/\\\/x.com\\\/CentroUrbano\",\"https:\\\/\\\/www.instagram.com\\\/centro_urbano\\\/\",\"https:\\\/\\\/www.linkedin.com\\\/company\\\/centro-urbano\\\/\",\"http:\\\/\\\/www.youtube.com\\\/user\\\/portalcentrourbano\"]},{\"@type\":\"Person\",\"@id\":\"https:\\\/\\\/centrourbano.com\\\/revista\\\/#\\\/schema\\\/person\\\/b45db815d96831257ba428a3d5a5fbdc\",\"name\":\"Dinorah Nava\",\"image\":{\"@type\":\"ImageObject\",\"inLanguage\":\"es\",\"@id\":\"https:\\\/\\\/secure.gravatar.com\\\/avatar\\\/f6ca6430c51d147f363940f84e1225aa4b8183885c11802cc3b042305a4ecc1a?s=96&d=mm&r=g\",\"url\":\"https:\\\/\\\/secure.gravatar.com\\\/avatar\\\/f6ca6430c51d147f363940f84e1225aa4b8183885c11802cc3b042305a4ecc1a?s=96&d=mm&r=g\",\"contentUrl\":\"https:\\\/\\\/secure.gravatar.com\\\/avatar\\\/f6ca6430c51d147f363940f84e1225aa4b8183885c11802cc3b042305a4ecc1a?s=96&d=mm&r=g\",\"caption\":\"Dinorah Nava\"},\"description\":\"Editora de Contenidos y Estrategias Digitales en Centro Urbano y Coeditora en Peri\u00f3dico Mi Casa. Egresada de la licenciatura en Comunicaci\u00f3n y Periodismo de la Facultad de Estudios Superiores Arag\u00f3n (UNAM). Amante de la edici\u00f3n y correcci\u00f3n de estilo, las redes sociales y el mundo digital. Especialista en temas son arquitectura, inmobiliario y urbanismo.\",\"sameAs\":[\"linkedin.com\\\/in\\\/dinorah-nava\",\"https:\\\/\\\/x.com\\\/https:\\\/\\\/twitter.com\\\/Dinorah_Nava28\"],\"url\":\"https:\\\/\\\/centrourbano.com\\\/revista\\\/author\\\/dinorah-nava\\\/\"}]}<\/script>\n<!-- \/ Yoast SEO plugin. -->","yoast_head_json":{"title":"Modelo de desarrollo urbano combatir\u00e1 rezago habitacional -","description":"El prop\u00f3sito de las acciones emprendidas es poder dotar de vivienda digna a todos los habitantes del pa\u00eds A fin de disminuir el rezago habitacional que","robots":{"index":"index","follow":"follow","max-snippet":"max-snippet:-1","max-image-preview":"max-image-preview:large","max-video-preview":"max-video-preview:-1"},"canonical":"https:\/\/centrourbano.com\/revista\/vivienda\/modelo-de-desarrollo-urbano-combatira-rezago-habitacional\/","og_locale":"es_ES","og_type":"article","og_title":"Modelo de desarrollo urbano combatir\u00e1 rezago habitacional -","og_description":"El prop\u00f3sito de las acciones emprendidas es poder dotar de vivienda digna a todos los habitantes del pa\u00eds A fin de disminuir el rezago habitacional que","og_url":"https:\/\/centrourbano.com\/revista\/vivienda\/modelo-de-desarrollo-urbano-combatira-rezago-habitacional\/","og_site_name":"Centro Urbano","article_publisher":"https:\/\/www.facebook.com\/portalcentrourbano","article_published_time":"2015-05-08T13:30:52+00:00","og_image":[{"width":800,"height":600,"url":"https:\/\/centrourbano.com\/revista\/wp-content\/uploads\/SIMA-2015-e1431058720308.jpg","type":"image\/jpeg"}],"author":"Dinorah Nava","twitter_card":"summary_large_image","twitter_creator":"@https:\/\/twitter.com\/Dinorah_Nava28","twitter_site":"@CentroUrbano","twitter_misc":{"Escrito por":"Dinorah Nava","Tiempo de lectura":"1 minuto"},"schema":{"@context":"https:\/\/schema.org","@graph":[{"@type":"Article","@id":"https:\/\/centrourbano.com\/revista\/vivienda\/modelo-de-desarrollo-urbano-combatira-rezago-habitacional\/#article","isPartOf":{"@id":"https:\/\/centrourbano.com\/revista\/vivienda\/modelo-de-desarrollo-urbano-combatira-rezago-habitacional\/"},"author":{"name":"Dinorah Nava","@id":"https:\/\/centrourbano.com\/revista\/#\/schema\/person\/b45db815d96831257ba428a3d5a5fbdc"},"headline":"Modelo de desarrollo urbano combatir\u00e1 rezago habitacional","datePublished":"2015-05-08T13:30:52+00:00","mainEntityOfPage":{"@id":"https:\/\/centrourbano.com\/revista\/vivienda\/modelo-de-desarrollo-urbano-combatira-rezago-habitacional\/"},"wordCount":290,"commentCount":0,"publisher":{"@id":"https:\/\/centrourbano.com\/revista\/#organization"},"image":{"@id":"https:\/\/centrourbano.com\/revista\/vivienda\/modelo-de-desarrollo-urbano-combatira-rezago-habitacional\/#primaryimage"},"thumbnailUrl":"https:\/\/centrourbano.com\/revista\/wp-content\/uploads\/SIMA-2015-e1431058720308.jpg","keywords":["Conavi","Mar\u00eda Paloma Silva de Anzorena","SIMA","vivienda"],"articleSection":["Vivienda"],"inLanguage":"es","potentialAction":[{"@type":"CommentAction","name":"Comment","target":["https:\/\/centrourbano.com\/revista\/vivienda\/modelo-de-desarrollo-urbano-combatira-rezago-habitacional\/#respond"]}]},{"@type":"WebPage","@id":"https:\/\/centrourbano.com\/revista\/vivienda\/modelo-de-desarrollo-urbano-combatira-rezago-habitacional\/","url":"https:\/\/centrourbano.com\/revista\/vivienda\/modelo-de-desarrollo-urbano-combatira-rezago-habitacional\/","name":"Modelo de desarrollo urbano combatir\u00e1 rezago habitacional -","isPartOf":{"@id":"https:\/\/centrourbano.com\/revista\/#website"},"primaryImageOfPage":{"@id":"https:\/\/centrourbano.com\/revista\/vivienda\/modelo-de-desarrollo-urbano-combatira-rezago-habitacional\/#primaryimage"},"image":{"@id":"https:\/\/centrourbano.com\/revista\/vivienda\/modelo-de-desarrollo-urbano-combatira-rezago-habitacional\/#primaryimage"},"thumbnailUrl":"https:\/\/centrourbano.com\/revista\/wp-content\/uploads\/SIMA-2015-e1431058720308.jpg","datePublished":"2015-05-08T13:30:52+00:00","description":"El prop\u00f3sito de las acciones emprendidas es poder dotar de vivienda digna a todos los habitantes del pa\u00eds A fin de disminuir el rezago habitacional que","breadcrumb":{"@id":"https:\/\/centrourbano.com\/revista\/vivienda\/modelo-de-desarrollo-urbano-combatira-rezago-habitacional\/#breadcrumb"},"inLanguage":"es","potentialAction":[{"@type":"ReadAction","target":["https:\/\/centrourbano.com\/revista\/vivienda\/modelo-de-desarrollo-urbano-combatira-rezago-habitacional\/"]}]},{"@type":"ImageObject","inLanguage":"es","@id":"https:\/\/centrourbano.com\/revista\/vivienda\/modelo-de-desarrollo-urbano-combatira-rezago-habitacional\/#primaryimage","url":"https:\/\/centrourbano.com\/revista\/wp-content\/uploads\/SIMA-2015-e1431058720308.jpg","contentUrl":"https:\/\/centrourbano.com\/revista\/wp-content\/uploads\/SIMA-2015-e1431058720308.jpg","width":800,"height":600},{"@type":"BreadcrumbList","@id":"https:\/\/centrourbano.com\/revista\/vivienda\/modelo-de-desarrollo-urbano-combatira-rezago-habitacional\/#breadcrumb","itemListElement":[{"@type":"ListItem","position":1,"name":"Portada","item":"https:\/\/centrourbano.com\/revista\/"},{"@type":"ListItem","position":2,"name":"Modelo de desarrollo urbano combatir\u00e1 rezago habitacional"}]},{"@type":"WebSite","@id":"https:\/\/centrourbano.com\/revista\/#website","url":"https:\/\/centrourbano.com\/revista\/","name":"Centro Urbano","description":"Medio especializado en los sectores vivienda, inmobiliario, construcci\u00f3n, arquitectura y urbanismo.","publisher":{"@id":"https:\/\/centrourbano.com\/revista\/#organization"},"potentialAction":[{"@type":"SearchAction","target":{"@type":"EntryPoint","urlTemplate":"https:\/\/centrourbano.com\/revista\/?s={search_term_string}"},"query-input":{"@type":"PropertyValueSpecification","valueRequired":true,"valueName":"search_term_string"}}],"inLanguage":"es"},{"@type":"Organization","@id":"https:\/\/centrourbano.com\/revista\/#organization","name":"Centro Urbano","url":"https:\/\/centrourbano.com\/revista\/","logo":{"@type":"ImageObject","inLanguage":"es","@id":"https:\/\/centrourbano.com\/revista\/#\/schema\/logo\/image\/","url":"https:\/\/centrourbano.com\/revista\/wp-content\/uploads\/web_CU_logo-1.png","contentUrl":"https:\/\/centrourbano.com\/revista\/wp-content\/uploads\/web_CU_logo-1.png","width":350,"height":91,"caption":"Centro Urbano"},"image":{"@id":"https:\/\/centrourbano.com\/revista\/#\/schema\/logo\/image\/"},"sameAs":["https:\/\/www.facebook.com\/portalcentrourbano","https:\/\/x.com\/CentroUrbano","https:\/\/www.instagram.com\/centro_urbano\/","https:\/\/www.linkedin.com\/company\/centro-urbano\/","http:\/\/www.youtube.com\/user\/portalcentrourbano"]},{"@type":"Person","@id":"https:\/\/centrourbano.com\/revista\/#\/schema\/person\/b45db815d96831257ba428a3d5a5fbdc","name":"Dinorah Nava","image":{"@type":"ImageObject","inLanguage":"es","@id":"https:\/\/secure.gravatar.com\/avatar\/f6ca6430c51d147f363940f84e1225aa4b8183885c11802cc3b042305a4ecc1a?s=96&d=mm&r=g","url":"https:\/\/secure.gravatar.com\/avatar\/f6ca6430c51d147f363940f84e1225aa4b8183885c11802cc3b042305a4ecc1a?s=96&d=mm&r=g","contentUrl":"https:\/\/secure.gravatar.com\/avatar\/f6ca6430c51d147f363940f84e1225aa4b8183885c11802cc3b042305a4ecc1a?s=96&d=mm&r=g","caption":"Dinorah Nava"},"description":"Editora de Contenidos y Estrategias Digitales en Centro Urbano y Coeditora en Peri\u00f3dico Mi Casa. Egresada de la licenciatura en Comunicaci\u00f3n y Periodismo de la Facultad de Estudios Superiores Arag\u00f3n (UNAM). Amante de la edici\u00f3n y correcci\u00f3n de estilo, las redes sociales y el mundo digital. Especialista en temas son arquitectura, inmobiliario y urbanismo.","sameAs":["linkedin.com\/in\/dinorah-nava","https:\/\/x.com\/https:\/\/twitter.com\/Dinorah_Nava28"],"url":"https:\/\/centrourbano.com\/revista\/author\/dinorah-nava\/"}]}},"_links":{"self":[{"href":"https:\/\/centrourbano.com\/revista\/wp-json\/wp\/v2\/posts\/18750","targetHints":{"allow":["GET"]}}],"collection":[{"href":"https:\/\/centrourbano.com\/revista\/wp-json\/wp\/v2\/posts"}],"about":[{"href":"https:\/\/centrourbano.com\/revista\/wp-json\/wp\/v2\/types\/post"}],"author":[{"embeddable":true,"href":"https:\/\/centrourbano.com\/revista\/wp-json\/wp\/v2\/users\/9"}],"replies":[{"embeddable":true,"href":"https:\/\/centrourbano.com\/revista\/wp-json\/wp\/v2\/comments?post=18750"}],"version-history":[{"count":0,"href":"https:\/\/centrourbano.com\/revista\/wp-json\/wp\/v2\/posts\/18750\/revisions"}],"wp:featuredmedia":[{"embeddable":true,"href":"https:\/\/centrourbano.com\/revista\/wp-json\/wp\/v2\/media\/18751"}],"wp:attachment":[{"href":"https:\/\/centrourbano.com\/revista\/wp-json\/wp\/v2\/media?parent=18750"}],"wp:term":[{"taxonomy":"category","embeddable":true,"href":"https:\/\/centrourbano.com\/revista\/wp-json\/wp\/v2\/categories?post=18750"},{"taxonomy":"post_tag","embeddable":true,"href":"https:\/\/centrourbano.com\/revista\/wp-json\/wp\/v2\/tags?post=18750"}],"curies":[{"name":"wp","href":"https:\/\/api.w.org\/{rel}","templated":true}]}}