{"id":1870,"date":"2013-08-13T10:57:29","date_gmt":"2013-08-13T15:57:29","guid":{"rendered":"http:\/\/centrourbano.com\/?p=1870"},"modified":"2013-12-18T11:01:07","modified_gmt":"2013-12-18T17:01:07","slug":"1870","status":"publish","type":"post","link":"https:\/\/centrourbano.com\/revista\/actualidad\/1870\/","title":{"rendered":"Isidoro S\u00e1nchez analiza el cr\u00e9dito para vivienda"},"content":{"rendered":"<a href=\"http:\/\/centrourbano.com\/revista\/wp-content\/uploads\/Horacio_Urbano_e_Isidoro_Sanchez_Espeje1.jpg\"><img loading=\"lazy\" decoding=\"async\" class=\"alignnone size-full wp-image-1871\" alt=\"SONY DSC\" src=\"http:\/\/centrourbano.com\/revista\/wp-content\/uploads\/Horacio_Urbano_e_Isidoro_Sanchez_Espeje1.jpg\" width=\"200\" height=\"112\" \/><\/a>\n<p>&nbsp;<\/p>\n<p><i>El \u2018Banco Fuerte de M\u00e9xico\u2019 y Horacio Urbano coinciden con un experto con m\u00e1s 20 a\u00f1os de experiencia en financiamiento hipotecario<!--more--><\/i><\/p>\n<p><i>\u00a0<\/i><\/p>\n<p>Con m\u00e1s de 20 a\u00f1os de experiencia en materia hipotecaria, Isidoro S\u00e1nchez Espejel, es ingeniero civil por la Universidad Nacional Aut\u00f3noma de M\u00e9xico (UNAM) as\u00ed como maestro en Administraci\u00f3n de Empresas por parte del Instituto Tecnol\u00f3gico Aut\u00f3nomo de M\u00e9xico (ITAM).<\/p>\n<p>&nbsp;<\/p>\n<p>Curs\u00f3 el Programa de Alta Direcci\u00f3n de Empresas y el de Alta Direcci\u00f3n en Innovaci\u00f3n y Tecnolog\u00eda, ambos en el Instituto Panamericano de Alta Direcci\u00f3n de Empresas (IPADE).<\/p>\n<p>&nbsp;<\/p>\n<p>S\u00e1nchez Espejel se desempe\u00f1\u00f3 como director de Productos en Banca Comercial y como director general adjunto de Dise\u00f1o y Desarrollo de Negocio Hipotecario en BBVA Bancomer.<\/p>\n<p>&nbsp;<\/p>\n<p>Adem\u00e1s, trabaj\u00f3 en Grupo Financiero Santander donde fungi\u00f3 como director ejecutivo de Cr\u00e9dito Hipotecario y Automotriz; acumulando experiencia en los \u00e1mbitos de desarrollo de construcci\u00f3n de infraestructura y de proyectos de energ\u00eda en otras empresas del sector inmobiliario.<\/p>\n<p>&nbsp;<\/p>\n<p>Fue en este 2013 que el Grupo Financiero Banorte lo nombr\u00f3 como director Corporativo Hipotecario de la instituci\u00f3n, cuyo reto es mantener el liderazgo de la empresa en el sector de financiamiento a la vivienda en M\u00e9xico.<\/p>\n<p>&nbsp;<\/p>\n<p>\u201cHoy tenemos cr\u00e9ditos como mucho m\u00e1s certeza, conoces el pago de todas las mensualidades desde el primer d\u00eda que se firma y hay un buen an\u00e1lisis de cada persona, se entiende la situaci\u00f3n de cada tema en particular\u2026las cosas cambiaron\u201d, indic\u00f3 S\u00e1nchez Espejel durante su participaci\u00f3n en Vivienda en Verde.<\/p>\n<p>&nbsp;<\/p>\n<p>Este martes no te pierdas a este invitado especial en un programa m\u00e1s de Vivienda en Verde conducido por Horacio Urbano, el cual se transmitir\u00e1 hoy martes 13 de agosto a las 23:30 horas, por Green TV, canales 410 de Cable y el 392 de Total Play.<\/p>\n<p>&nbsp;<\/p>\n","protected":false},"excerpt":{"rendered":"<p>&nbsp; El \u2018Banco Fuerte de M\u00e9xico\u2019 y Horacio Urbano coinciden con un experto con m\u00e1s 20 a\u00f1os de experiencia en financiamiento hipotecario<\/p>\n","protected":false},"author":14,"featured_media":0,"comment_status":"open","ping_status":"closed","sticky":false,"template":"","format":"standard","meta":{"om_disable_all_campaigns":false,"inline_featured_image":false,"_monsterinsights_skip_tracking":false,"_monsterinsights_sitenote_active":false,"_monsterinsights_sitenote_note":"","_monsterinsights_sitenote_category":0,"footnotes":""},"categories":[80],"tags":[],"class_list":["post-1870","post","type-post","status-publish","format-standard","hentry","category-actualidad"],"yoast_head":"<!-- This site is optimized with the Yoast SEO plugin v27.4 - https:\/\/yoast.com\/product\/yoast-seo-wordpress\/ -->\n<title>Isidoro S\u00e1nchez analiza el cr\u00e9dito para vivienda -<\/title>\n<meta name=\"description\" content=\"&nbsp; El \u2018Banco Fuerte de M\u00e9xico\u2019 y Horacio Urbano coinciden con un experto con m\u00e1s 20 a\u00f1os de experiencia en financiamiento hipotecario \u00a0 Con m\u00e1s de 20\" \/>\n<meta name=\"robots\" content=\"index, follow, max-snippet:-1, max-image-preview:large, max-video-preview:-1\" \/>\n<link rel=\"canonical\" href=\"https:\/\/centrourbano.com\/revista\/actualidad\/1870\/\" \/>\n<meta property=\"og:locale\" content=\"es_ES\" \/>\n<meta property=\"og:type\" content=\"article\" \/>\n<meta property=\"og:title\" content=\"Isidoro S\u00e1nchez analiza el cr\u00e9dito para vivienda -\" \/>\n<meta property=\"og:description\" content=\"&nbsp; El \u2018Banco Fuerte de M\u00e9xico\u2019 y Horacio Urbano coinciden con un experto con m\u00e1s 20 a\u00f1os de experiencia en financiamiento hipotecario \u00a0 Con m\u00e1s de 20\" \/>\n<meta property=\"og:url\" content=\"https:\/\/centrourbano.com\/revista\/actualidad\/1870\/\" \/>\n<meta property=\"og:site_name\" content=\"Centro Urbano\" \/>\n<meta property=\"article:publisher\" content=\"https:\/\/www.facebook.com\/portalcentrourbano\" \/>\n<meta property=\"article:published_time\" content=\"2013-08-13T15:57:29+00:00\" \/>\n<meta property=\"article:modified_time\" content=\"2013-12-18T17:01:07+00:00\" \/>\n<meta property=\"og:image\" content=\"http:\/\/centrourbano.com\/revista\/wp-content\/uploads\/Horacio_Urbano_e_Isidoro_Sanchez_Espeje1.jpg\" \/>\n<meta name=\"author\" content=\"Redacci\u00f3n Centro Urbano\" \/>\n<meta name=\"twitter:card\" content=\"summary_large_image\" \/>\n<meta name=\"twitter:creator\" content=\"@CentroUrbano\" \/>\n<meta name=\"twitter:site\" content=\"@CentroUrbano\" \/>\n<meta name=\"twitter:label1\" content=\"Escrito por\" \/>\n\t<meta name=\"twitter:data1\" content=\"Redacci\u00f3n Centro Urbano\" \/>\n\t<meta name=\"twitter:label2\" content=\"Tiempo de lectura\" \/>\n\t<meta name=\"twitter:data2\" content=\"2 minutos\" \/>\n<script type=\"application\/ld+json\" class=\"yoast-schema-graph\">{\"@context\":\"https:\\\/\\\/schema.org\",\"@graph\":[{\"@type\":\"Article\",\"@id\":\"https:\\\/\\\/centrourbano.com\\\/revista\\\/actualidad\\\/1870\\\/#article\",\"isPartOf\":{\"@id\":\"https:\\\/\\\/centrourbano.com\\\/revista\\\/actualidad\\\/1870\\\/\"},\"author\":{\"name\":\"Redacci\u00f3n Centro Urbano\",\"@id\":\"https:\\\/\\\/centrourbano.com\\\/revista\\\/#\\\/schema\\\/person\\\/680e7c50f9d6e917e416c9efdc26f996\"},\"headline\":\"Isidoro S\u00e1nchez analiza el cr\u00e9dito para vivienda\",\"datePublished\":\"2013-08-13T15:57:29+00:00\",\"dateModified\":\"2013-12-18T17:01:07+00:00\",\"mainEntityOfPage\":{\"@id\":\"https:\\\/\\\/centrourbano.com\\\/revista\\\/actualidad\\\/1870\\\/\"},\"wordCount\":331,\"commentCount\":0,\"publisher\":{\"@id\":\"https:\\\/\\\/centrourbano.com\\\/revista\\\/#organization\"},\"image\":{\"@id\":\"https:\\\/\\\/centrourbano.com\\\/revista\\\/actualidad\\\/1870\\\/#primaryimage\"},\"thumbnailUrl\":\"http:\\\/\\\/centrourbano.com\\\/revista\\\/wp-content\\\/uploads\\\/Horacio_Urbano_e_Isidoro_Sanchez_Espeje1.jpg\",\"articleSection\":[\"Actualidad\"],\"inLanguage\":\"es\",\"potentialAction\":[{\"@type\":\"CommentAction\",\"name\":\"Comment\",\"target\":[\"https:\\\/\\\/centrourbano.com\\\/revista\\\/actualidad\\\/1870\\\/#respond\"]}]},{\"@type\":\"WebPage\",\"@id\":\"https:\\\/\\\/centrourbano.com\\\/revista\\\/actualidad\\\/1870\\\/\",\"url\":\"https:\\\/\\\/centrourbano.com\\\/revista\\\/actualidad\\\/1870\\\/\",\"name\":\"Isidoro S\u00e1nchez analiza el cr\u00e9dito para vivienda -\",\"isPartOf\":{\"@id\":\"https:\\\/\\\/centrourbano.com\\\/revista\\\/#website\"},\"primaryImageOfPage\":{\"@id\":\"https:\\\/\\\/centrourbano.com\\\/revista\\\/actualidad\\\/1870\\\/#primaryimage\"},\"image\":{\"@id\":\"https:\\\/\\\/centrourbano.com\\\/revista\\\/actualidad\\\/1870\\\/#primaryimage\"},\"thumbnailUrl\":\"http:\\\/\\\/centrourbano.com\\\/revista\\\/wp-content\\\/uploads\\\/Horacio_Urbano_e_Isidoro_Sanchez_Espeje1.jpg\",\"datePublished\":\"2013-08-13T15:57:29+00:00\",\"dateModified\":\"2013-12-18T17:01:07+00:00\",\"description\":\"&nbsp; El \u2018Banco Fuerte de M\u00e9xico\u2019 y Horacio Urbano coinciden con un experto con m\u00e1s 20 a\u00f1os de experiencia en financiamiento hipotecario \u00a0 Con m\u00e1s de 20\",\"breadcrumb\":{\"@id\":\"https:\\\/\\\/centrourbano.com\\\/revista\\\/actualidad\\\/1870\\\/#breadcrumb\"},\"inLanguage\":\"es\",\"potentialAction\":[{\"@type\":\"ReadAction\",\"target\":[\"https:\\\/\\\/centrourbano.com\\\/revista\\\/actualidad\\\/1870\\\/\"]}]},{\"@type\":\"ImageObject\",\"inLanguage\":\"es\",\"@id\":\"https:\\\/\\\/centrourbano.com\\\/revista\\\/actualidad\\\/1870\\\/#primaryimage\",\"url\":\"https:\\\/\\\/centrourbano.com\\\/revista\\\/wp-content\\\/uploads\\\/Horacio_Urbano_e_Isidoro_Sanchez_Espeje1.jpg\",\"contentUrl\":\"https:\\\/\\\/centrourbano.com\\\/revista\\\/wp-content\\\/uploads\\\/Horacio_Urbano_e_Isidoro_Sanchez_Espeje1.jpg\",\"width\":200,\"height\":112},{\"@type\":\"BreadcrumbList\",\"@id\":\"https:\\\/\\\/centrourbano.com\\\/revista\\\/actualidad\\\/1870\\\/#breadcrumb\",\"itemListElement\":[{\"@type\":\"ListItem\",\"position\":1,\"name\":\"Portada\",\"item\":\"https:\\\/\\\/centrourbano.com\\\/revista\\\/\"},{\"@type\":\"ListItem\",\"position\":2,\"name\":\"Isidoro S\u00e1nchez analiza el cr\u00e9dito para vivienda\"}]},{\"@type\":\"WebSite\",\"@id\":\"https:\\\/\\\/centrourbano.com\\\/revista\\\/#website\",\"url\":\"https:\\\/\\\/centrourbano.com\\\/revista\\\/\",\"name\":\"Centro Urbano\",\"description\":\"Medio especializado en los sectores vivienda, inmobiliario, construcci\u00f3n, arquitectura y urbanismo.\",\"publisher\":{\"@id\":\"https:\\\/\\\/centrourbano.com\\\/revista\\\/#organization\"},\"potentialAction\":[{\"@type\":\"SearchAction\",\"target\":{\"@type\":\"EntryPoint\",\"urlTemplate\":\"https:\\\/\\\/centrourbano.com\\\/revista\\\/?s={search_term_string}\"},\"query-input\":{\"@type\":\"PropertyValueSpecification\",\"valueRequired\":true,\"valueName\":\"search_term_string\"}}],\"inLanguage\":\"es\"},{\"@type\":\"Organization\",\"@id\":\"https:\\\/\\\/centrourbano.com\\\/revista\\\/#organization\",\"name\":\"Centro Urbano\",\"url\":\"https:\\\/\\\/centrourbano.com\\\/revista\\\/\",\"logo\":{\"@type\":\"ImageObject\",\"inLanguage\":\"es\",\"@id\":\"https:\\\/\\\/centrourbano.com\\\/revista\\\/#\\\/schema\\\/logo\\\/image\\\/\",\"url\":\"https:\\\/\\\/centrourbano.com\\\/revista\\\/wp-content\\\/uploads\\\/web_CU_logo-1.png\",\"contentUrl\":\"https:\\\/\\\/centrourbano.com\\\/revista\\\/wp-content\\\/uploads\\\/web_CU_logo-1.png\",\"width\":350,\"height\":91,\"caption\":\"Centro Urbano\"},\"image\":{\"@id\":\"https:\\\/\\\/centrourbano.com\\\/revista\\\/#\\\/schema\\\/logo\\\/image\\\/\"},\"sameAs\":[\"https:\\\/\\\/www.facebook.com\\\/portalcentrourbano\",\"https:\\\/\\\/x.com\\\/CentroUrbano\",\"https:\\\/\\\/www.instagram.com\\\/centro_urbano\\\/\",\"https:\\\/\\\/www.linkedin.com\\\/company\\\/centro-urbano\\\/\",\"http:\\\/\\\/www.youtube.com\\\/user\\\/portalcentrourbano\"]},{\"@type\":\"Person\",\"@id\":\"https:\\\/\\\/centrourbano.com\\\/revista\\\/#\\\/schema\\\/person\\\/680e7c50f9d6e917e416c9efdc26f996\",\"name\":\"Redacci\u00f3n Centro Urbano\",\"image\":{\"@type\":\"ImageObject\",\"inLanguage\":\"es\",\"@id\":\"https:\\\/\\\/secure.gravatar.com\\\/avatar\\\/15a789f894398c0f311f3a7a2ee28032bbc0483098539da66b6a045aa810bf35?s=96&d=mm&r=g\",\"url\":\"https:\\\/\\\/secure.gravatar.com\\\/avatar\\\/15a789f894398c0f311f3a7a2ee28032bbc0483098539da66b6a045aa810bf35?s=96&d=mm&r=g\",\"contentUrl\":\"https:\\\/\\\/secure.gravatar.com\\\/avatar\\\/15a789f894398c0f311f3a7a2ee28032bbc0483098539da66b6a045aa810bf35?s=96&d=mm&r=g\",\"caption\":\"Redacci\u00f3n Centro Urbano\"},\"url\":\"https:\\\/\\\/centrourbano.com\\\/revista\\\/author\\\/editorial\\\/\"}]}<\/script>\n<!-- \/ Yoast SEO plugin. -->","yoast_head_json":{"title":"Isidoro S\u00e1nchez analiza el cr\u00e9dito para vivienda -","description":"&nbsp; El \u2018Banco Fuerte de M\u00e9xico\u2019 y Horacio Urbano coinciden con un experto con m\u00e1s 20 a\u00f1os de experiencia en financiamiento hipotecario \u00a0 Con m\u00e1s de 20","robots":{"index":"index","follow":"follow","max-snippet":"max-snippet:-1","max-image-preview":"max-image-preview:large","max-video-preview":"max-video-preview:-1"},"canonical":"https:\/\/centrourbano.com\/revista\/actualidad\/1870\/","og_locale":"es_ES","og_type":"article","og_title":"Isidoro S\u00e1nchez analiza el cr\u00e9dito para vivienda -","og_description":"&nbsp; El \u2018Banco Fuerte de M\u00e9xico\u2019 y Horacio Urbano coinciden con un experto con m\u00e1s 20 a\u00f1os de experiencia en financiamiento hipotecario \u00a0 Con m\u00e1s de 20","og_url":"https:\/\/centrourbano.com\/revista\/actualidad\/1870\/","og_site_name":"Centro Urbano","article_publisher":"https:\/\/www.facebook.com\/portalcentrourbano","article_published_time":"2013-08-13T15:57:29+00:00","article_modified_time":"2013-12-18T17:01:07+00:00","og_image":[{"url":"http:\/\/centrourbano.com\/revista\/wp-content\/uploads\/Horacio_Urbano_e_Isidoro_Sanchez_Espeje1.jpg","type":"","width":"","height":""}],"author":"Redacci\u00f3n Centro Urbano","twitter_card":"summary_large_image","twitter_creator":"@CentroUrbano","twitter_site":"@CentroUrbano","twitter_misc":{"Escrito por":"Redacci\u00f3n Centro Urbano","Tiempo de lectura":"2 minutos"},"schema":{"@context":"https:\/\/schema.org","@graph":[{"@type":"Article","@id":"https:\/\/centrourbano.com\/revista\/actualidad\/1870\/#article","isPartOf":{"@id":"https:\/\/centrourbano.com\/revista\/actualidad\/1870\/"},"author":{"name":"Redacci\u00f3n Centro Urbano","@id":"https:\/\/centrourbano.com\/revista\/#\/schema\/person\/680e7c50f9d6e917e416c9efdc26f996"},"headline":"Isidoro S\u00e1nchez analiza el cr\u00e9dito para vivienda","datePublished":"2013-08-13T15:57:29+00:00","dateModified":"2013-12-18T17:01:07+00:00","mainEntityOfPage":{"@id":"https:\/\/centrourbano.com\/revista\/actualidad\/1870\/"},"wordCount":331,"commentCount":0,"publisher":{"@id":"https:\/\/centrourbano.com\/revista\/#organization"},"image":{"@id":"https:\/\/centrourbano.com\/revista\/actualidad\/1870\/#primaryimage"},"thumbnailUrl":"http:\/\/centrourbano.com\/revista\/wp-content\/uploads\/Horacio_Urbano_e_Isidoro_Sanchez_Espeje1.jpg","articleSection":["Actualidad"],"inLanguage":"es","potentialAction":[{"@type":"CommentAction","name":"Comment","target":["https:\/\/centrourbano.com\/revista\/actualidad\/1870\/#respond"]}]},{"@type":"WebPage","@id":"https:\/\/centrourbano.com\/revista\/actualidad\/1870\/","url":"https:\/\/centrourbano.com\/revista\/actualidad\/1870\/","name":"Isidoro S\u00e1nchez analiza el cr\u00e9dito para vivienda -","isPartOf":{"@id":"https:\/\/centrourbano.com\/revista\/#website"},"primaryImageOfPage":{"@id":"https:\/\/centrourbano.com\/revista\/actualidad\/1870\/#primaryimage"},"image":{"@id":"https:\/\/centrourbano.com\/revista\/actualidad\/1870\/#primaryimage"},"thumbnailUrl":"http:\/\/centrourbano.com\/revista\/wp-content\/uploads\/Horacio_Urbano_e_Isidoro_Sanchez_Espeje1.jpg","datePublished":"2013-08-13T15:57:29+00:00","dateModified":"2013-12-18T17:01:07+00:00","description":"&nbsp; El \u2018Banco Fuerte de M\u00e9xico\u2019 y Horacio Urbano coinciden con un experto con m\u00e1s 20 a\u00f1os de experiencia en financiamiento hipotecario \u00a0 Con m\u00e1s de 20","breadcrumb":{"@id":"https:\/\/centrourbano.com\/revista\/actualidad\/1870\/#breadcrumb"},"inLanguage":"es","potentialAction":[{"@type":"ReadAction","target":["https:\/\/centrourbano.com\/revista\/actualidad\/1870\/"]}]},{"@type":"ImageObject","inLanguage":"es","@id":"https:\/\/centrourbano.com\/revista\/actualidad\/1870\/#primaryimage","url":"https:\/\/centrourbano.com\/revista\/wp-content\/uploads\/Horacio_Urbano_e_Isidoro_Sanchez_Espeje1.jpg","contentUrl":"https:\/\/centrourbano.com\/revista\/wp-content\/uploads\/Horacio_Urbano_e_Isidoro_Sanchez_Espeje1.jpg","width":200,"height":112},{"@type":"BreadcrumbList","@id":"https:\/\/centrourbano.com\/revista\/actualidad\/1870\/#breadcrumb","itemListElement":[{"@type":"ListItem","position":1,"name":"Portada","item":"https:\/\/centrourbano.com\/revista\/"},{"@type":"ListItem","position":2,"name":"Isidoro S\u00e1nchez analiza el cr\u00e9dito para vivienda"}]},{"@type":"WebSite","@id":"https:\/\/centrourbano.com\/revista\/#website","url":"https:\/\/centrourbano.com\/revista\/","name":"Centro Urbano","description":"Medio especializado en los sectores vivienda, inmobiliario, construcci\u00f3n, arquitectura y urbanismo.","publisher":{"@id":"https:\/\/centrourbano.com\/revista\/#organization"},"potentialAction":[{"@type":"SearchAction","target":{"@type":"EntryPoint","urlTemplate":"https:\/\/centrourbano.com\/revista\/?s={search_term_string}"},"query-input":{"@type":"PropertyValueSpecification","valueRequired":true,"valueName":"search_term_string"}}],"inLanguage":"es"},{"@type":"Organization","@id":"https:\/\/centrourbano.com\/revista\/#organization","name":"Centro Urbano","url":"https:\/\/centrourbano.com\/revista\/","logo":{"@type":"ImageObject","inLanguage":"es","@id":"https:\/\/centrourbano.com\/revista\/#\/schema\/logo\/image\/","url":"https:\/\/centrourbano.com\/revista\/wp-content\/uploads\/web_CU_logo-1.png","contentUrl":"https:\/\/centrourbano.com\/revista\/wp-content\/uploads\/web_CU_logo-1.png","width":350,"height":91,"caption":"Centro Urbano"},"image":{"@id":"https:\/\/centrourbano.com\/revista\/#\/schema\/logo\/image\/"},"sameAs":["https:\/\/www.facebook.com\/portalcentrourbano","https:\/\/x.com\/CentroUrbano","https:\/\/www.instagram.com\/centro_urbano\/","https:\/\/www.linkedin.com\/company\/centro-urbano\/","http:\/\/www.youtube.com\/user\/portalcentrourbano"]},{"@type":"Person","@id":"https:\/\/centrourbano.com\/revista\/#\/schema\/person\/680e7c50f9d6e917e416c9efdc26f996","name":"Redacci\u00f3n Centro Urbano","image":{"@type":"ImageObject","inLanguage":"es","@id":"https:\/\/secure.gravatar.com\/avatar\/15a789f894398c0f311f3a7a2ee28032bbc0483098539da66b6a045aa810bf35?s=96&d=mm&r=g","url":"https:\/\/secure.gravatar.com\/avatar\/15a789f894398c0f311f3a7a2ee28032bbc0483098539da66b6a045aa810bf35?s=96&d=mm&r=g","contentUrl":"https:\/\/secure.gravatar.com\/avatar\/15a789f894398c0f311f3a7a2ee28032bbc0483098539da66b6a045aa810bf35?s=96&d=mm&r=g","caption":"Redacci\u00f3n Centro Urbano"},"url":"https:\/\/centrourbano.com\/revista\/author\/editorial\/"}]}},"_links":{"self":[{"href":"https:\/\/centrourbano.com\/revista\/wp-json\/wp\/v2\/posts\/1870","targetHints":{"allow":["GET"]}}],"collection":[{"href":"https:\/\/centrourbano.com\/revista\/wp-json\/wp\/v2\/posts"}],"about":[{"href":"https:\/\/centrourbano.com\/revista\/wp-json\/wp\/v2\/types\/post"}],"author":[{"embeddable":true,"href":"https:\/\/centrourbano.com\/revista\/wp-json\/wp\/v2\/users\/14"}],"replies":[{"embeddable":true,"href":"https:\/\/centrourbano.com\/revista\/wp-json\/wp\/v2\/comments?post=1870"}],"version-history":[{"count":0,"href":"https:\/\/centrourbano.com\/revista\/wp-json\/wp\/v2\/posts\/1870\/revisions"}],"wp:attachment":[{"href":"https:\/\/centrourbano.com\/revista\/wp-json\/wp\/v2\/media?parent=1870"}],"wp:term":[{"taxonomy":"category","embeddable":true,"href":"https:\/\/centrourbano.com\/revista\/wp-json\/wp\/v2\/categories?post=1870"},{"taxonomy":"post_tag","embeddable":true,"href":"https:\/\/centrourbano.com\/revista\/wp-json\/wp\/v2\/tags?post=1870"}],"curies":[{"name":"wp","href":"https:\/\/api.w.org\/{rel}","templated":true}]}}