{"id":18541,"date":"2015-04-30T08:51:00","date_gmt":"2015-04-30T13:51:00","guid":{"rendered":"http:\/\/centrourbano.com\/?p=18541"},"modified":"2015-04-30T13:57:08","modified_gmt":"2015-04-30T18:57:08","slug":"recibira-homex-creditos-reactivar-portafolio-de-vivienda","status":"publish","type":"post","link":"https:\/\/centrourbano.com\/revista\/vivienda\/recibira-homex-creditos-reactivar-portafolio-de-vivienda\/","title":{"rendered":"Recibir\u00e1 Homex cr\u00e9ditos para reactivar portafolio de vivienda"},"content":{"rendered":"<p>&nbsp;<\/p>\n<p>&nbsp;<\/p>\n<p><em>La desarrolladora recibi\u00f3 ministraciones iniciales de financiamientos por Santander y Lagatus \u00a0<\/em><!--more--><\/p>\n<p>&nbsp;<\/p>\n<p>Homex, desarrolladora enfocada en los sectores de inter\u00e9s social y vivienda media en M\u00e9xico, dio a conocer que recibi\u00f3 las ministraciones iniciales de cuatro cr\u00e9ditos previamente aprobados con Banco Santander y un cr\u00e9dito previamente aprobado con Lagatus, una compa\u00f1\u00eda afiliada a Proyectos Adamantine.<\/p>\n<p>&nbsp;<\/p>\n<p>\u00abEste es un importante paso para la Compa\u00f1\u00eda al estar reactivando nuestras operaciones aun antes de la salida de nuestro Concurso Mercantil. El haber iniciado con las ministraciones de estos cr\u00e9ditos demuestra la confianza de dos instituciones financieras reconocidas\u201d, coment\u00f3 al respecto Carlos Moctezuma, director general de Finanzas de Homex.<\/p>\n<p>&nbsp;<\/p>\n<p>Los recursos aportados por Banco Santander ser\u00e1n utilizados para reactivar un portafolio de vivienda compuesto por cuatro proyectos habitacionales en las ciudades de Morelia, en Michoac\u00e1n; Puebla, Puebla; La Paz, en Baja California y Le\u00f3n, en Guanajuato.<\/p>\n<p>&nbsp;<\/p>\n<p>En tanto, con el financiamiento por parte de Lagatus, tienen previsto reactivar hasta 19 proyectos habitacionales localizados en distintas partes de la Rep\u00fablica Mexicana.<\/p>\n<p>&nbsp;<\/p>\n<p>\u201cConfiamos que este es uno de los primeros pasos para lograr una reorganizaci\u00f3n financiera exitosa. As\u00ed mismo, continuamos trabajando muy de cerca con nuestros acreedores para lograr una salida exitosa del proceso de Concurso Mercantil\u201d, a\u00f1adi\u00f3 el Directivo.<\/p>\n","protected":false},"excerpt":{"rendered":"<p>&nbsp; &nbsp; La desarrolladora recibi\u00f3 ministraciones iniciales de financiamientos por Santander y Lagatus \u00a0<\/p>\n","protected":false},"author":5,"featured_media":18543,"comment_status":"open","ping_status":"closed","sticky":false,"template":"","format":"standard","meta":{"om_disable_all_campaigns":false,"inline_featured_image":false,"_monsterinsights_skip_tracking":false,"_monsterinsights_sitenote_active":false,"_monsterinsights_sitenote_note":"","_monsterinsights_sitenote_category":0,"footnotes":""},"categories":[12],"tags":[482,481,4964,1111,60],"class_list":["post-18541","post","type-post","status-publish","format-standard","has-post-thumbnail","hentry","category-vivienda","tag-financiamiento","tag-homex","tag-lagatus","tag-santander","tag-vivienda-2"],"yoast_head":"<!-- This site is optimized with the Yoast SEO plugin v27.5 - https:\/\/yoast.com\/product\/yoast-seo-wordpress\/ -->\n<title>Recibir\u00e1 Homex cr\u00e9ditos para reactivar portafolio de vivienda -<\/title>\n<meta name=\"description\" content=\"&nbsp; &nbsp; La desarrolladora recibi\u00f3 ministraciones iniciales de financiamientos por Santander y Lagatus \u00a0 &nbsp; Homex, desarrolladora enfocada en los\" \/>\n<meta name=\"robots\" content=\"index, follow, max-snippet:-1, max-image-preview:large, max-video-preview:-1\" \/>\n<link rel=\"canonical\" href=\"https:\/\/centrourbano.com\/revista\/vivienda\/recibira-homex-creditos-reactivar-portafolio-de-vivienda\/\" \/>\n<meta property=\"og:locale\" content=\"es_ES\" \/>\n<meta property=\"og:type\" content=\"article\" \/>\n<meta property=\"og:title\" content=\"Recibir\u00e1 Homex cr\u00e9ditos para reactivar portafolio de vivienda -\" \/>\n<meta property=\"og:description\" content=\"&nbsp; &nbsp; La desarrolladora recibi\u00f3 ministraciones iniciales de financiamientos por Santander y Lagatus \u00a0 &nbsp; Homex, desarrolladora enfocada en los\" \/>\n<meta property=\"og:url\" content=\"https:\/\/centrourbano.com\/revista\/vivienda\/recibira-homex-creditos-reactivar-portafolio-de-vivienda\/\" \/>\n<meta property=\"og:site_name\" content=\"Centro Urbano\" \/>\n<meta property=\"article:publisher\" content=\"https:\/\/www.facebook.com\/portalcentrourbano\" \/>\n<meta property=\"article:published_time\" content=\"2015-04-30T13:51:00+00:00\" \/>\n<meta property=\"article:modified_time\" content=\"2015-04-30T18:57:08+00:00\" \/>\n<meta property=\"og:image\" content=\"https:\/\/centrourbano.com\/revista\/wp-content\/uploads\/HOMEX.png\" \/>\n\t<meta property=\"og:image:width\" content=\"670\" \/>\n\t<meta property=\"og:image:height\" content=\"447\" \/>\n\t<meta property=\"og:image:type\" content=\"image\/png\" \/>\n<meta name=\"author\" content=\"Aura Fuentes\" \/>\n<meta name=\"twitter:card\" content=\"summary_large_image\" \/>\n<meta name=\"twitter:creator\" content=\"@CentroUrbano\" \/>\n<meta name=\"twitter:site\" content=\"@CentroUrbano\" \/>\n<meta name=\"twitter:label1\" content=\"Escrito por\" \/>\n\t<meta name=\"twitter:data1\" content=\"Aura Fuentes\" \/>\n\t<meta name=\"twitter:label2\" content=\"Tiempo de lectura\" \/>\n\t<meta name=\"twitter:data2\" content=\"1 minuto\" \/>\n<script type=\"application\/ld+json\" class=\"yoast-schema-graph\">{\"@context\":\"https:\\\/\\\/schema.org\",\"@graph\":[{\"@type\":\"Article\",\"@id\":\"https:\\\/\\\/centrourbano.com\\\/revista\\\/vivienda\\\/recibira-homex-creditos-reactivar-portafolio-de-vivienda\\\/#article\",\"isPartOf\":{\"@id\":\"https:\\\/\\\/centrourbano.com\\\/revista\\\/vivienda\\\/recibira-homex-creditos-reactivar-portafolio-de-vivienda\\\/\"},\"author\":{\"name\":\"Aura Fuentes\",\"@id\":\"https:\\\/\\\/centrourbano.com\\\/revista\\\/#\\\/schema\\\/person\\\/756e631daf8400a0026dd8474463803a\"},\"headline\":\"Recibir\u00e1 Homex cr\u00e9ditos para reactivar portafolio de vivienda\",\"datePublished\":\"2015-04-30T13:51:00+00:00\",\"dateModified\":\"2015-04-30T18:57:08+00:00\",\"mainEntityOfPage\":{\"@id\":\"https:\\\/\\\/centrourbano.com\\\/revista\\\/vivienda\\\/recibira-homex-creditos-reactivar-portafolio-de-vivienda\\\/\"},\"wordCount\":231,\"commentCount\":0,\"publisher\":{\"@id\":\"https:\\\/\\\/centrourbano.com\\\/revista\\\/#organization\"},\"image\":{\"@id\":\"https:\\\/\\\/centrourbano.com\\\/revista\\\/vivienda\\\/recibira-homex-creditos-reactivar-portafolio-de-vivienda\\\/#primaryimage\"},\"thumbnailUrl\":\"https:\\\/\\\/centrourbano.com\\\/revista\\\/wp-content\\\/uploads\\\/HOMEX.png\",\"keywords\":[\"financiamiento\",\"Homex\",\"Lagatus\",\"Santander\",\"vivienda\"],\"articleSection\":[\"Vivienda\"],\"inLanguage\":\"es\",\"potentialAction\":[{\"@type\":\"CommentAction\",\"name\":\"Comment\",\"target\":[\"https:\\\/\\\/centrourbano.com\\\/revista\\\/vivienda\\\/recibira-homex-creditos-reactivar-portafolio-de-vivienda\\\/#respond\"]}]},{\"@type\":\"WebPage\",\"@id\":\"https:\\\/\\\/centrourbano.com\\\/revista\\\/vivienda\\\/recibira-homex-creditos-reactivar-portafolio-de-vivienda\\\/\",\"url\":\"https:\\\/\\\/centrourbano.com\\\/revista\\\/vivienda\\\/recibira-homex-creditos-reactivar-portafolio-de-vivienda\\\/\",\"name\":\"Recibir\u00e1 Homex cr\u00e9ditos para reactivar portafolio de vivienda -\",\"isPartOf\":{\"@id\":\"https:\\\/\\\/centrourbano.com\\\/revista\\\/#website\"},\"primaryImageOfPage\":{\"@id\":\"https:\\\/\\\/centrourbano.com\\\/revista\\\/vivienda\\\/recibira-homex-creditos-reactivar-portafolio-de-vivienda\\\/#primaryimage\"},\"image\":{\"@id\":\"https:\\\/\\\/centrourbano.com\\\/revista\\\/vivienda\\\/recibira-homex-creditos-reactivar-portafolio-de-vivienda\\\/#primaryimage\"},\"thumbnailUrl\":\"https:\\\/\\\/centrourbano.com\\\/revista\\\/wp-content\\\/uploads\\\/HOMEX.png\",\"datePublished\":\"2015-04-30T13:51:00+00:00\",\"dateModified\":\"2015-04-30T18:57:08+00:00\",\"description\":\"&nbsp; &nbsp; La desarrolladora recibi\u00f3 ministraciones iniciales de financiamientos por Santander y Lagatus \u00a0 &nbsp; Homex, desarrolladora enfocada en los\",\"breadcrumb\":{\"@id\":\"https:\\\/\\\/centrourbano.com\\\/revista\\\/vivienda\\\/recibira-homex-creditos-reactivar-portafolio-de-vivienda\\\/#breadcrumb\"},\"inLanguage\":\"es\",\"potentialAction\":[{\"@type\":\"ReadAction\",\"target\":[\"https:\\\/\\\/centrourbano.com\\\/revista\\\/vivienda\\\/recibira-homex-creditos-reactivar-portafolio-de-vivienda\\\/\"]}]},{\"@type\":\"ImageObject\",\"inLanguage\":\"es\",\"@id\":\"https:\\\/\\\/centrourbano.com\\\/revista\\\/vivienda\\\/recibira-homex-creditos-reactivar-portafolio-de-vivienda\\\/#primaryimage\",\"url\":\"https:\\\/\\\/centrourbano.com\\\/revista\\\/wp-content\\\/uploads\\\/HOMEX.png\",\"contentUrl\":\"https:\\\/\\\/centrourbano.com\\\/revista\\\/wp-content\\\/uploads\\\/HOMEX.png\",\"width\":670,\"height\":447},{\"@type\":\"BreadcrumbList\",\"@id\":\"https:\\\/\\\/centrourbano.com\\\/revista\\\/vivienda\\\/recibira-homex-creditos-reactivar-portafolio-de-vivienda\\\/#breadcrumb\",\"itemListElement\":[{\"@type\":\"ListItem\",\"position\":1,\"name\":\"Portada\",\"item\":\"https:\\\/\\\/centrourbano.com\\\/revista\\\/\"},{\"@type\":\"ListItem\",\"position\":2,\"name\":\"Recibir\u00e1 Homex cr\u00e9ditos para reactivar portafolio de vivienda\"}]},{\"@type\":\"WebSite\",\"@id\":\"https:\\\/\\\/centrourbano.com\\\/revista\\\/#website\",\"url\":\"https:\\\/\\\/centrourbano.com\\\/revista\\\/\",\"name\":\"Centro Urbano\",\"description\":\"Medio especializado en los sectores vivienda, inmobiliario, construcci\u00f3n, arquitectura y urbanismo.\",\"publisher\":{\"@id\":\"https:\\\/\\\/centrourbano.com\\\/revista\\\/#organization\"},\"potentialAction\":[{\"@type\":\"SearchAction\",\"target\":{\"@type\":\"EntryPoint\",\"urlTemplate\":\"https:\\\/\\\/centrourbano.com\\\/revista\\\/?s={search_term_string}\"},\"query-input\":{\"@type\":\"PropertyValueSpecification\",\"valueRequired\":true,\"valueName\":\"search_term_string\"}}],\"inLanguage\":\"es\"},{\"@type\":\"Organization\",\"@id\":\"https:\\\/\\\/centrourbano.com\\\/revista\\\/#organization\",\"name\":\"Centro Urbano\",\"url\":\"https:\\\/\\\/centrourbano.com\\\/revista\\\/\",\"logo\":{\"@type\":\"ImageObject\",\"inLanguage\":\"es\",\"@id\":\"https:\\\/\\\/centrourbano.com\\\/revista\\\/#\\\/schema\\\/logo\\\/image\\\/\",\"url\":\"https:\\\/\\\/centrourbano.com\\\/revista\\\/wp-content\\\/uploads\\\/web_CU_logo-1.png\",\"contentUrl\":\"https:\\\/\\\/centrourbano.com\\\/revista\\\/wp-content\\\/uploads\\\/web_CU_logo-1.png\",\"width\":350,\"height\":91,\"caption\":\"Centro Urbano\"},\"image\":{\"@id\":\"https:\\\/\\\/centrourbano.com\\\/revista\\\/#\\\/schema\\\/logo\\\/image\\\/\"},\"sameAs\":[\"https:\\\/\\\/www.facebook.com\\\/portalcentrourbano\",\"https:\\\/\\\/x.com\\\/CentroUrbano\",\"https:\\\/\\\/www.instagram.com\\\/centro_urbano\\\/\",\"https:\\\/\\\/www.linkedin.com\\\/company\\\/centro-urbano\\\/\",\"http:\\\/\\\/www.youtube.com\\\/user\\\/portalcentrourbano\"]},{\"@type\":\"Person\",\"@id\":\"https:\\\/\\\/centrourbano.com\\\/revista\\\/#\\\/schema\\\/person\\\/756e631daf8400a0026dd8474463803a\",\"name\":\"Aura Fuentes\",\"image\":{\"@type\":\"ImageObject\",\"inLanguage\":\"es\",\"@id\":\"https:\\\/\\\/secure.gravatar.com\\\/avatar\\\/d4d494c7466b3a8e92935aa38a4205c72303f888e06051bec24b2018c769f20a?s=96&d=mm&r=g\",\"url\":\"https:\\\/\\\/secure.gravatar.com\\\/avatar\\\/d4d494c7466b3a8e92935aa38a4205c72303f888e06051bec24b2018c769f20a?s=96&d=mm&r=g\",\"contentUrl\":\"https:\\\/\\\/secure.gravatar.com\\\/avatar\\\/d4d494c7466b3a8e92935aa38a4205c72303f888e06051bec24b2018c769f20a?s=96&d=mm&r=g\",\"caption\":\"Aura Fuentes\"},\"description\":\"Egresada de la carrera de Comunicaci\u00f3n y Periodismo en la FES Arag\u00f3n, UNAM. Aunque se especializ\u00f3 en Televisi\u00f3n prefiere estar detr\u00e1s de una computadora haciendo lo que m\u00e1s le gusta: escribir. Su mayor experiencia como profesionista la obtuvo en Diario de M\u00e9xico Edici\u00f3n USA, donde fungi\u00f3 como coordinadora editorial. Siempre perfeccionista y responsable, ahora se desempe\u00f1a como Editora en Jefe dentro de Centro Urbano.\",\"sameAs\":[\"http:\\\/\\\/@Aura_CU\"],\"url\":\"https:\\\/\\\/centrourbano.com\\\/revista\\\/author\\\/aura-fuentes\\\/\"}]}<\/script>\n<!-- \/ Yoast SEO plugin. -->","yoast_head_json":{"title":"Recibir\u00e1 Homex cr\u00e9ditos para reactivar portafolio de vivienda -","description":"&nbsp; &nbsp; La desarrolladora recibi\u00f3 ministraciones iniciales de financiamientos por Santander y Lagatus \u00a0 &nbsp; Homex, desarrolladora enfocada en los","robots":{"index":"index","follow":"follow","max-snippet":"max-snippet:-1","max-image-preview":"max-image-preview:large","max-video-preview":"max-video-preview:-1"},"canonical":"https:\/\/centrourbano.com\/revista\/vivienda\/recibira-homex-creditos-reactivar-portafolio-de-vivienda\/","og_locale":"es_ES","og_type":"article","og_title":"Recibir\u00e1 Homex cr\u00e9ditos para reactivar portafolio de vivienda -","og_description":"&nbsp; &nbsp; La desarrolladora recibi\u00f3 ministraciones iniciales de financiamientos por Santander y Lagatus \u00a0 &nbsp; Homex, desarrolladora enfocada en los","og_url":"https:\/\/centrourbano.com\/revista\/vivienda\/recibira-homex-creditos-reactivar-portafolio-de-vivienda\/","og_site_name":"Centro Urbano","article_publisher":"https:\/\/www.facebook.com\/portalcentrourbano","article_published_time":"2015-04-30T13:51:00+00:00","article_modified_time":"2015-04-30T18:57:08+00:00","og_image":[{"width":670,"height":447,"url":"https:\/\/centrourbano.com\/revista\/wp-content\/uploads\/HOMEX.png","type":"image\/png"}],"author":"Aura Fuentes","twitter_card":"summary_large_image","twitter_creator":"@CentroUrbano","twitter_site":"@CentroUrbano","twitter_misc":{"Escrito por":"Aura Fuentes","Tiempo de lectura":"1 minuto"},"schema":{"@context":"https:\/\/schema.org","@graph":[{"@type":"Article","@id":"https:\/\/centrourbano.com\/revista\/vivienda\/recibira-homex-creditos-reactivar-portafolio-de-vivienda\/#article","isPartOf":{"@id":"https:\/\/centrourbano.com\/revista\/vivienda\/recibira-homex-creditos-reactivar-portafolio-de-vivienda\/"},"author":{"name":"Aura Fuentes","@id":"https:\/\/centrourbano.com\/revista\/#\/schema\/person\/756e631daf8400a0026dd8474463803a"},"headline":"Recibir\u00e1 Homex cr\u00e9ditos para reactivar portafolio de vivienda","datePublished":"2015-04-30T13:51:00+00:00","dateModified":"2015-04-30T18:57:08+00:00","mainEntityOfPage":{"@id":"https:\/\/centrourbano.com\/revista\/vivienda\/recibira-homex-creditos-reactivar-portafolio-de-vivienda\/"},"wordCount":231,"commentCount":0,"publisher":{"@id":"https:\/\/centrourbano.com\/revista\/#organization"},"image":{"@id":"https:\/\/centrourbano.com\/revista\/vivienda\/recibira-homex-creditos-reactivar-portafolio-de-vivienda\/#primaryimage"},"thumbnailUrl":"https:\/\/centrourbano.com\/revista\/wp-content\/uploads\/HOMEX.png","keywords":["financiamiento","Homex","Lagatus","Santander","vivienda"],"articleSection":["Vivienda"],"inLanguage":"es","potentialAction":[{"@type":"CommentAction","name":"Comment","target":["https:\/\/centrourbano.com\/revista\/vivienda\/recibira-homex-creditos-reactivar-portafolio-de-vivienda\/#respond"]}]},{"@type":"WebPage","@id":"https:\/\/centrourbano.com\/revista\/vivienda\/recibira-homex-creditos-reactivar-portafolio-de-vivienda\/","url":"https:\/\/centrourbano.com\/revista\/vivienda\/recibira-homex-creditos-reactivar-portafolio-de-vivienda\/","name":"Recibir\u00e1 Homex cr\u00e9ditos para reactivar portafolio de vivienda -","isPartOf":{"@id":"https:\/\/centrourbano.com\/revista\/#website"},"primaryImageOfPage":{"@id":"https:\/\/centrourbano.com\/revista\/vivienda\/recibira-homex-creditos-reactivar-portafolio-de-vivienda\/#primaryimage"},"image":{"@id":"https:\/\/centrourbano.com\/revista\/vivienda\/recibira-homex-creditos-reactivar-portafolio-de-vivienda\/#primaryimage"},"thumbnailUrl":"https:\/\/centrourbano.com\/revista\/wp-content\/uploads\/HOMEX.png","datePublished":"2015-04-30T13:51:00+00:00","dateModified":"2015-04-30T18:57:08+00:00","description":"&nbsp; &nbsp; La desarrolladora recibi\u00f3 ministraciones iniciales de financiamientos por Santander y Lagatus \u00a0 &nbsp; Homex, desarrolladora enfocada en los","breadcrumb":{"@id":"https:\/\/centrourbano.com\/revista\/vivienda\/recibira-homex-creditos-reactivar-portafolio-de-vivienda\/#breadcrumb"},"inLanguage":"es","potentialAction":[{"@type":"ReadAction","target":["https:\/\/centrourbano.com\/revista\/vivienda\/recibira-homex-creditos-reactivar-portafolio-de-vivienda\/"]}]},{"@type":"ImageObject","inLanguage":"es","@id":"https:\/\/centrourbano.com\/revista\/vivienda\/recibira-homex-creditos-reactivar-portafolio-de-vivienda\/#primaryimage","url":"https:\/\/centrourbano.com\/revista\/wp-content\/uploads\/HOMEX.png","contentUrl":"https:\/\/centrourbano.com\/revista\/wp-content\/uploads\/HOMEX.png","width":670,"height":447},{"@type":"BreadcrumbList","@id":"https:\/\/centrourbano.com\/revista\/vivienda\/recibira-homex-creditos-reactivar-portafolio-de-vivienda\/#breadcrumb","itemListElement":[{"@type":"ListItem","position":1,"name":"Portada","item":"https:\/\/centrourbano.com\/revista\/"},{"@type":"ListItem","position":2,"name":"Recibir\u00e1 Homex cr\u00e9ditos para reactivar portafolio de vivienda"}]},{"@type":"WebSite","@id":"https:\/\/centrourbano.com\/revista\/#website","url":"https:\/\/centrourbano.com\/revista\/","name":"Centro Urbano","description":"Medio especializado en los sectores vivienda, inmobiliario, construcci\u00f3n, arquitectura y urbanismo.","publisher":{"@id":"https:\/\/centrourbano.com\/revista\/#organization"},"potentialAction":[{"@type":"SearchAction","target":{"@type":"EntryPoint","urlTemplate":"https:\/\/centrourbano.com\/revista\/?s={search_term_string}"},"query-input":{"@type":"PropertyValueSpecification","valueRequired":true,"valueName":"search_term_string"}}],"inLanguage":"es"},{"@type":"Organization","@id":"https:\/\/centrourbano.com\/revista\/#organization","name":"Centro Urbano","url":"https:\/\/centrourbano.com\/revista\/","logo":{"@type":"ImageObject","inLanguage":"es","@id":"https:\/\/centrourbano.com\/revista\/#\/schema\/logo\/image\/","url":"https:\/\/centrourbano.com\/revista\/wp-content\/uploads\/web_CU_logo-1.png","contentUrl":"https:\/\/centrourbano.com\/revista\/wp-content\/uploads\/web_CU_logo-1.png","width":350,"height":91,"caption":"Centro Urbano"},"image":{"@id":"https:\/\/centrourbano.com\/revista\/#\/schema\/logo\/image\/"},"sameAs":["https:\/\/www.facebook.com\/portalcentrourbano","https:\/\/x.com\/CentroUrbano","https:\/\/www.instagram.com\/centro_urbano\/","https:\/\/www.linkedin.com\/company\/centro-urbano\/","http:\/\/www.youtube.com\/user\/portalcentrourbano"]},{"@type":"Person","@id":"https:\/\/centrourbano.com\/revista\/#\/schema\/person\/756e631daf8400a0026dd8474463803a","name":"Aura Fuentes","image":{"@type":"ImageObject","inLanguage":"es","@id":"https:\/\/secure.gravatar.com\/avatar\/d4d494c7466b3a8e92935aa38a4205c72303f888e06051bec24b2018c769f20a?s=96&d=mm&r=g","url":"https:\/\/secure.gravatar.com\/avatar\/d4d494c7466b3a8e92935aa38a4205c72303f888e06051bec24b2018c769f20a?s=96&d=mm&r=g","contentUrl":"https:\/\/secure.gravatar.com\/avatar\/d4d494c7466b3a8e92935aa38a4205c72303f888e06051bec24b2018c769f20a?s=96&d=mm&r=g","caption":"Aura Fuentes"},"description":"Egresada de la carrera de Comunicaci\u00f3n y Periodismo en la FES Arag\u00f3n, UNAM. Aunque se especializ\u00f3 en Televisi\u00f3n prefiere estar detr\u00e1s de una computadora haciendo lo que m\u00e1s le gusta: escribir. Su mayor experiencia como profesionista la obtuvo en Diario de M\u00e9xico Edici\u00f3n USA, donde fungi\u00f3 como coordinadora editorial. Siempre perfeccionista y responsable, ahora se desempe\u00f1a como Editora en Jefe dentro de Centro Urbano.","sameAs":["http:\/\/@Aura_CU"],"url":"https:\/\/centrourbano.com\/revista\/author\/aura-fuentes\/"}]}},"_links":{"self":[{"href":"https:\/\/centrourbano.com\/revista\/wp-json\/wp\/v2\/posts\/18541","targetHints":{"allow":["GET"]}}],"collection":[{"href":"https:\/\/centrourbano.com\/revista\/wp-json\/wp\/v2\/posts"}],"about":[{"href":"https:\/\/centrourbano.com\/revista\/wp-json\/wp\/v2\/types\/post"}],"author":[{"embeddable":true,"href":"https:\/\/centrourbano.com\/revista\/wp-json\/wp\/v2\/users\/5"}],"replies":[{"embeddable":true,"href":"https:\/\/centrourbano.com\/revista\/wp-json\/wp\/v2\/comments?post=18541"}],"version-history":[{"count":0,"href":"https:\/\/centrourbano.com\/revista\/wp-json\/wp\/v2\/posts\/18541\/revisions"}],"wp:featuredmedia":[{"embeddable":true,"href":"https:\/\/centrourbano.com\/revista\/wp-json\/wp\/v2\/media\/18543"}],"wp:attachment":[{"href":"https:\/\/centrourbano.com\/revista\/wp-json\/wp\/v2\/media?parent=18541"}],"wp:term":[{"taxonomy":"category","embeddable":true,"href":"https:\/\/centrourbano.com\/revista\/wp-json\/wp\/v2\/categories?post=18541"},{"taxonomy":"post_tag","embeddable":true,"href":"https:\/\/centrourbano.com\/revista\/wp-json\/wp\/v2\/tags?post=18541"}],"curies":[{"name":"wp","href":"https:\/\/api.w.org\/{rel}","templated":true}]}}