{"id":18435,"date":"2015-04-28T10:18:32","date_gmt":"2015-04-28T15:18:32","guid":{"rendered":"http:\/\/centrourbano.com\/?p=18435"},"modified":"2015-04-28T10:18:32","modified_gmt":"2015-04-28T15:18:32","slug":"aumenta-costo-de-vivienda-media-en-playa-del-carmen","status":"publish","type":"post","link":"https:\/\/centrourbano.com\/revista\/vivienda\/aumenta-costo-de-vivienda-media-en-playa-del-carmen\/","title":{"rendered":"Aumenta costo de vivienda media en Playa del Carmen"},"content":{"rendered":"<p>&nbsp;<\/p>\n<p><em>En menos de tres a\u00f1os\u00a0las casas incrementaron su valor en 30%<\/em><\/p>\n<p><!--more--><\/p>\n<p>Las casas en Playa del Carmen muestran una tendencia de crecimiento en sus costos, en tanto que durante 2014 se registr\u00f3 el record de viviendas escrituradas con un volumen de 22,800 en Quintana Roo, 32% de ellas en el municipio de Solidaridad, en tanto que los pron\u00f3sticos de crecimiento son positivos.<\/p>\n<p>El presidente de la C\u00e1mara Nacional de Desarrolladores de Vivienda (Canadevi)\u00a0en la entidad, Javier Carlos Olvera Silveira, dijo que esa tendencia es impulsada por el Esquema de Financiamiento y Subsidio Federal para Vivienda \u201cEsta es tu Casa\u201d, pero tambi\u00e9n por el poder adquisitivo que han mostrado algunos sectores en Quintana Roo.<\/p>\n<p>Por su parte, Juan Manuel Muro Hoyos, gerente de atenci\u00f3n a cond\u00f3minos de Grupo Sadasi, asegur\u00f3 que la firma, que\u00a0cubre los segmentos de inter\u00e9s social, medio residencial y residencial, afirm\u00f3 que el mercado con m\u00e1s dinamismo es el medio, con casas cuyos costos fluct\u00faan entre 700 y 900,000 pesos.<\/p>\n<p>Ejemplific\u00f3 que hace tres a\u00f1os el modelo de casa Amate se comercializ\u00f3 en 500,000 pesos, pero tres a\u00f1os despu\u00e9s\u00a0<strong>ha <\/strong>crecido a 650,000, es decir, un 30% m\u00e1s del costo original. Lo mismo sucede con los fraccionamientos Natura, de ICA, cuyos modelos de casas ten\u00edan un costo de 460,000 pesos, y ahora se comercializan en 580 mil, es decir, 25% m\u00e1s de su precio de salida.<\/p>\n<p>Olvera Silveira destac\u00f3 que el a\u00f1o pasado, de las 22,800 viviendas que se escrituraron en la entidad, alrededor de 16,000, que representan 70%, se hizo en el segundo semestre, en tanto que las restantes 7,000 se entregaron en los primeros seis meses e inform\u00f3 que entre enero y marzo de 2015 se han escriturado 5,000 viviendas.<\/p>\n","protected":false},"excerpt":{"rendered":"<p>&nbsp; En menos de tres a\u00f1os\u00a0las casas incrementaron su valor en 30%<\/p>\n","protected":false},"author":28,"featured_media":18436,"comment_status":"open","ping_status":"closed","sticky":false,"template":"","format":"standard","meta":{"om_disable_all_campaigns":false,"inline_featured_image":false,"_monsterinsights_skip_tracking":false,"_monsterinsights_sitenote_active":false,"_monsterinsights_sitenote_note":"","_monsterinsights_sitenote_category":0,"footnotes":""},"categories":[12],"tags":[41,410,1875],"class_list":["post-18435","post","type-post","status-publish","format-standard","has-post-thumbnail","hentry","category-vivienda","tag-quintana-roo","tag-sadasi","tag-vivienda-media"],"yoast_head":"<!-- This site is optimized with the Yoast SEO plugin v27.5 - https:\/\/yoast.com\/product\/yoast-seo-wordpress\/ -->\n<title>Aumenta costo de vivienda media en Playa del Carmen -<\/title>\n<meta name=\"description\" content=\"&nbsp; En menos de tres a\u00f1os\u00a0las casas incrementaron su valor en 30% Las casas en Playa del Carmen muestran una tendencia de crecimiento en sus costos, en\" \/>\n<meta name=\"robots\" content=\"index, follow, max-snippet:-1, max-image-preview:large, max-video-preview:-1\" \/>\n<link rel=\"canonical\" href=\"https:\/\/centrourbano.com\/revista\/vivienda\/aumenta-costo-de-vivienda-media-en-playa-del-carmen\/\" \/>\n<meta property=\"og:locale\" content=\"es_ES\" \/>\n<meta property=\"og:type\" content=\"article\" \/>\n<meta property=\"og:title\" content=\"Aumenta costo de vivienda media en Playa del Carmen -\" \/>\n<meta property=\"og:description\" content=\"&nbsp; En menos de tres a\u00f1os\u00a0las casas incrementaron su valor en 30% Las casas en Playa del Carmen muestran una tendencia de crecimiento en sus costos, en\" \/>\n<meta property=\"og:url\" content=\"https:\/\/centrourbano.com\/revista\/vivienda\/aumenta-costo-de-vivienda-media-en-playa-del-carmen\/\" \/>\n<meta property=\"og:site_name\" content=\"Centro Urbano\" \/>\n<meta property=\"article:publisher\" content=\"https:\/\/www.facebook.com\/portalcentrourbano\" \/>\n<meta property=\"article:published_time\" content=\"2015-04-28T15:18:32+00:00\" \/>\n<meta property=\"og:image\" content=\"https:\/\/centrourbano.com\/revista\/wp-content\/uploads\/Palaya-del-Carmen-scaled.jpg\" \/>\n\t<meta property=\"og:image:width\" content=\"2560\" \/>\n\t<meta property=\"og:image:height\" content=\"1978\" \/>\n\t<meta property=\"og:image:type\" content=\"image\/jpeg\" \/>\n<meta name=\"author\" content=\"Mario V\u00e1zquez Barrios\" \/>\n<meta name=\"twitter:card\" content=\"summary_large_image\" \/>\n<meta name=\"twitter:creator\" content=\"@MarioDeNiro\" \/>\n<meta name=\"twitter:site\" content=\"@CentroUrbano\" \/>\n<meta name=\"twitter:label1\" content=\"Escrito por\" \/>\n\t<meta name=\"twitter:data1\" content=\"Mario V\u00e1zquez Barrios\" \/>\n\t<meta name=\"twitter:label2\" content=\"Tiempo de lectura\" \/>\n\t<meta name=\"twitter:data2\" content=\"1 minuto\" \/>\n<script type=\"application\/ld+json\" class=\"yoast-schema-graph\">{\"@context\":\"https:\\\/\\\/schema.org\",\"@graph\":[{\"@type\":\"Article\",\"@id\":\"https:\\\/\\\/centrourbano.com\\\/revista\\\/vivienda\\\/aumenta-costo-de-vivienda-media-en-playa-del-carmen\\\/#article\",\"isPartOf\":{\"@id\":\"https:\\\/\\\/centrourbano.com\\\/revista\\\/vivienda\\\/aumenta-costo-de-vivienda-media-en-playa-del-carmen\\\/\"},\"author\":{\"name\":\"Mario V\u00e1zquez Barrios\",\"@id\":\"https:\\\/\\\/centrourbano.com\\\/revista\\\/#\\\/schema\\\/person\\\/45e1c041fc3bb6068a3502be717d44df\"},\"headline\":\"Aumenta costo de vivienda media en Playa del Carmen\",\"datePublished\":\"2015-04-28T15:18:32+00:00\",\"mainEntityOfPage\":{\"@id\":\"https:\\\/\\\/centrourbano.com\\\/revista\\\/vivienda\\\/aumenta-costo-de-vivienda-media-en-playa-del-carmen\\\/\"},\"wordCount\":295,\"commentCount\":0,\"publisher\":{\"@id\":\"https:\\\/\\\/centrourbano.com\\\/revista\\\/#organization\"},\"image\":{\"@id\":\"https:\\\/\\\/centrourbano.com\\\/revista\\\/vivienda\\\/aumenta-costo-de-vivienda-media-en-playa-del-carmen\\\/#primaryimage\"},\"thumbnailUrl\":\"https:\\\/\\\/centrourbano.com\\\/revista\\\/wp-content\\\/uploads\\\/Palaya-del-Carmen-scaled.jpg\",\"keywords\":[\"Quintana Roo\",\"Sadasi\",\"vivienda media\"],\"articleSection\":[\"Vivienda\"],\"inLanguage\":\"es\",\"potentialAction\":[{\"@type\":\"CommentAction\",\"name\":\"Comment\",\"target\":[\"https:\\\/\\\/centrourbano.com\\\/revista\\\/vivienda\\\/aumenta-costo-de-vivienda-media-en-playa-del-carmen\\\/#respond\"]}]},{\"@type\":\"WebPage\",\"@id\":\"https:\\\/\\\/centrourbano.com\\\/revista\\\/vivienda\\\/aumenta-costo-de-vivienda-media-en-playa-del-carmen\\\/\",\"url\":\"https:\\\/\\\/centrourbano.com\\\/revista\\\/vivienda\\\/aumenta-costo-de-vivienda-media-en-playa-del-carmen\\\/\",\"name\":\"Aumenta costo de vivienda media en Playa del Carmen -\",\"isPartOf\":{\"@id\":\"https:\\\/\\\/centrourbano.com\\\/revista\\\/#website\"},\"primaryImageOfPage\":{\"@id\":\"https:\\\/\\\/centrourbano.com\\\/revista\\\/vivienda\\\/aumenta-costo-de-vivienda-media-en-playa-del-carmen\\\/#primaryimage\"},\"image\":{\"@id\":\"https:\\\/\\\/centrourbano.com\\\/revista\\\/vivienda\\\/aumenta-costo-de-vivienda-media-en-playa-del-carmen\\\/#primaryimage\"},\"thumbnailUrl\":\"https:\\\/\\\/centrourbano.com\\\/revista\\\/wp-content\\\/uploads\\\/Palaya-del-Carmen-scaled.jpg\",\"datePublished\":\"2015-04-28T15:18:32+00:00\",\"description\":\"&nbsp; En menos de tres a\u00f1os\u00a0las casas incrementaron su valor en 30% Las casas en Playa del Carmen muestran una tendencia de crecimiento en sus costos, en\",\"breadcrumb\":{\"@id\":\"https:\\\/\\\/centrourbano.com\\\/revista\\\/vivienda\\\/aumenta-costo-de-vivienda-media-en-playa-del-carmen\\\/#breadcrumb\"},\"inLanguage\":\"es\",\"potentialAction\":[{\"@type\":\"ReadAction\",\"target\":[\"https:\\\/\\\/centrourbano.com\\\/revista\\\/vivienda\\\/aumenta-costo-de-vivienda-media-en-playa-del-carmen\\\/\"]}]},{\"@type\":\"ImageObject\",\"inLanguage\":\"es\",\"@id\":\"https:\\\/\\\/centrourbano.com\\\/revista\\\/vivienda\\\/aumenta-costo-de-vivienda-media-en-playa-del-carmen\\\/#primaryimage\",\"url\":\"https:\\\/\\\/centrourbano.com\\\/revista\\\/wp-content\\\/uploads\\\/Palaya-del-Carmen-scaled.jpg\",\"contentUrl\":\"https:\\\/\\\/centrourbano.com\\\/revista\\\/wp-content\\\/uploads\\\/Palaya-del-Carmen-scaled.jpg\",\"width\":2560,\"height\":1978},{\"@type\":\"BreadcrumbList\",\"@id\":\"https:\\\/\\\/centrourbano.com\\\/revista\\\/vivienda\\\/aumenta-costo-de-vivienda-media-en-playa-del-carmen\\\/#breadcrumb\",\"itemListElement\":[{\"@type\":\"ListItem\",\"position\":1,\"name\":\"Portada\",\"item\":\"https:\\\/\\\/centrourbano.com\\\/revista\\\/\"},{\"@type\":\"ListItem\",\"position\":2,\"name\":\"Aumenta costo de vivienda media en Playa del Carmen\"}]},{\"@type\":\"WebSite\",\"@id\":\"https:\\\/\\\/centrourbano.com\\\/revista\\\/#website\",\"url\":\"https:\\\/\\\/centrourbano.com\\\/revista\\\/\",\"name\":\"Centro Urbano\",\"description\":\"Medio especializado en los sectores vivienda, inmobiliario, construcci\u00f3n, arquitectura y urbanismo.\",\"publisher\":{\"@id\":\"https:\\\/\\\/centrourbano.com\\\/revista\\\/#organization\"},\"potentialAction\":[{\"@type\":\"SearchAction\",\"target\":{\"@type\":\"EntryPoint\",\"urlTemplate\":\"https:\\\/\\\/centrourbano.com\\\/revista\\\/?s={search_term_string}\"},\"query-input\":{\"@type\":\"PropertyValueSpecification\",\"valueRequired\":true,\"valueName\":\"search_term_string\"}}],\"inLanguage\":\"es\"},{\"@type\":\"Organization\",\"@id\":\"https:\\\/\\\/centrourbano.com\\\/revista\\\/#organization\",\"name\":\"Centro Urbano\",\"url\":\"https:\\\/\\\/centrourbano.com\\\/revista\\\/\",\"logo\":{\"@type\":\"ImageObject\",\"inLanguage\":\"es\",\"@id\":\"https:\\\/\\\/centrourbano.com\\\/revista\\\/#\\\/schema\\\/logo\\\/image\\\/\",\"url\":\"https:\\\/\\\/centrourbano.com\\\/revista\\\/wp-content\\\/uploads\\\/web_CU_logo-1.png\",\"contentUrl\":\"https:\\\/\\\/centrourbano.com\\\/revista\\\/wp-content\\\/uploads\\\/web_CU_logo-1.png\",\"width\":350,\"height\":91,\"caption\":\"Centro Urbano\"},\"image\":{\"@id\":\"https:\\\/\\\/centrourbano.com\\\/revista\\\/#\\\/schema\\\/logo\\\/image\\\/\"},\"sameAs\":[\"https:\\\/\\\/www.facebook.com\\\/portalcentrourbano\",\"https:\\\/\\\/x.com\\\/CentroUrbano\",\"https:\\\/\\\/www.instagram.com\\\/centro_urbano\\\/\",\"https:\\\/\\\/www.linkedin.com\\\/company\\\/centro-urbano\\\/\",\"http:\\\/\\\/www.youtube.com\\\/user\\\/portalcentrourbano\"]},{\"@type\":\"Person\",\"@id\":\"https:\\\/\\\/centrourbano.com\\\/revista\\\/#\\\/schema\\\/person\\\/45e1c041fc3bb6068a3502be717d44df\",\"name\":\"Mario V\u00e1zquez Barrios\",\"image\":{\"@type\":\"ImageObject\",\"inLanguage\":\"es\",\"@id\":\"https:\\\/\\\/secure.gravatar.com\\\/avatar\\\/347e6d9c0b04f0194ca244ba64b0fe62752d716a3a93d1713bd259eb87aad5b6?s=96&d=mm&r=g\",\"url\":\"https:\\\/\\\/secure.gravatar.com\\\/avatar\\\/347e6d9c0b04f0194ca244ba64b0fe62752d716a3a93d1713bd259eb87aad5b6?s=96&d=mm&r=g\",\"contentUrl\":\"https:\\\/\\\/secure.gravatar.com\\\/avatar\\\/347e6d9c0b04f0194ca244ba64b0fe62752d716a3a93d1713bd259eb87aad5b6?s=96&d=mm&r=g\",\"caption\":\"Mario V\u00e1zquez Barrios\"},\"description\":\"Me inici\u00e9 en El Financiero haciendo reportajes; en MegaNoticias Televisi\u00f3n fui reportero titular; en EMedios, control de calidad; y Radio 13 Noticias me acogi\u00f3 como colaborador. Me gusta encontrar en las banquetas la nota, una entrevista y el inicio de un reportaje.\",\"sameAs\":[\"https:\\\/\\\/x.com\\\/@MarioDeNiro\"],\"url\":\"https:\\\/\\\/centrourbano.com\\\/revista\\\/author\\\/mario-vazquez\\\/\"}]}<\/script>\n<!-- \/ Yoast SEO plugin. -->","yoast_head_json":{"title":"Aumenta costo de vivienda media en Playa del Carmen -","description":"&nbsp; En menos de tres a\u00f1os\u00a0las casas incrementaron su valor en 30% Las casas en Playa del Carmen muestran una tendencia de crecimiento en sus costos, en","robots":{"index":"index","follow":"follow","max-snippet":"max-snippet:-1","max-image-preview":"max-image-preview:large","max-video-preview":"max-video-preview:-1"},"canonical":"https:\/\/centrourbano.com\/revista\/vivienda\/aumenta-costo-de-vivienda-media-en-playa-del-carmen\/","og_locale":"es_ES","og_type":"article","og_title":"Aumenta costo de vivienda media en Playa del Carmen -","og_description":"&nbsp; En menos de tres a\u00f1os\u00a0las casas incrementaron su valor en 30% Las casas en Playa del Carmen muestran una tendencia de crecimiento en sus costos, en","og_url":"https:\/\/centrourbano.com\/revista\/vivienda\/aumenta-costo-de-vivienda-media-en-playa-del-carmen\/","og_site_name":"Centro Urbano","article_publisher":"https:\/\/www.facebook.com\/portalcentrourbano","article_published_time":"2015-04-28T15:18:32+00:00","og_image":[{"width":2560,"height":1978,"url":"https:\/\/centrourbano.com\/revista\/wp-content\/uploads\/Palaya-del-Carmen-scaled.jpg","type":"image\/jpeg"}],"author":"Mario V\u00e1zquez Barrios","twitter_card":"summary_large_image","twitter_creator":"@MarioDeNiro","twitter_site":"@CentroUrbano","twitter_misc":{"Escrito por":"Mario V\u00e1zquez Barrios","Tiempo de lectura":"1 minuto"},"schema":{"@context":"https:\/\/schema.org","@graph":[{"@type":"Article","@id":"https:\/\/centrourbano.com\/revista\/vivienda\/aumenta-costo-de-vivienda-media-en-playa-del-carmen\/#article","isPartOf":{"@id":"https:\/\/centrourbano.com\/revista\/vivienda\/aumenta-costo-de-vivienda-media-en-playa-del-carmen\/"},"author":{"name":"Mario V\u00e1zquez Barrios","@id":"https:\/\/centrourbano.com\/revista\/#\/schema\/person\/45e1c041fc3bb6068a3502be717d44df"},"headline":"Aumenta costo de vivienda media en Playa del Carmen","datePublished":"2015-04-28T15:18:32+00:00","mainEntityOfPage":{"@id":"https:\/\/centrourbano.com\/revista\/vivienda\/aumenta-costo-de-vivienda-media-en-playa-del-carmen\/"},"wordCount":295,"commentCount":0,"publisher":{"@id":"https:\/\/centrourbano.com\/revista\/#organization"},"image":{"@id":"https:\/\/centrourbano.com\/revista\/vivienda\/aumenta-costo-de-vivienda-media-en-playa-del-carmen\/#primaryimage"},"thumbnailUrl":"https:\/\/centrourbano.com\/revista\/wp-content\/uploads\/Palaya-del-Carmen-scaled.jpg","keywords":["Quintana Roo","Sadasi","vivienda media"],"articleSection":["Vivienda"],"inLanguage":"es","potentialAction":[{"@type":"CommentAction","name":"Comment","target":["https:\/\/centrourbano.com\/revista\/vivienda\/aumenta-costo-de-vivienda-media-en-playa-del-carmen\/#respond"]}]},{"@type":"WebPage","@id":"https:\/\/centrourbano.com\/revista\/vivienda\/aumenta-costo-de-vivienda-media-en-playa-del-carmen\/","url":"https:\/\/centrourbano.com\/revista\/vivienda\/aumenta-costo-de-vivienda-media-en-playa-del-carmen\/","name":"Aumenta costo de vivienda media en Playa del Carmen -","isPartOf":{"@id":"https:\/\/centrourbano.com\/revista\/#website"},"primaryImageOfPage":{"@id":"https:\/\/centrourbano.com\/revista\/vivienda\/aumenta-costo-de-vivienda-media-en-playa-del-carmen\/#primaryimage"},"image":{"@id":"https:\/\/centrourbano.com\/revista\/vivienda\/aumenta-costo-de-vivienda-media-en-playa-del-carmen\/#primaryimage"},"thumbnailUrl":"https:\/\/centrourbano.com\/revista\/wp-content\/uploads\/Palaya-del-Carmen-scaled.jpg","datePublished":"2015-04-28T15:18:32+00:00","description":"&nbsp; En menos de tres a\u00f1os\u00a0las casas incrementaron su valor en 30% Las casas en Playa del Carmen muestran una tendencia de crecimiento en sus costos, en","breadcrumb":{"@id":"https:\/\/centrourbano.com\/revista\/vivienda\/aumenta-costo-de-vivienda-media-en-playa-del-carmen\/#breadcrumb"},"inLanguage":"es","potentialAction":[{"@type":"ReadAction","target":["https:\/\/centrourbano.com\/revista\/vivienda\/aumenta-costo-de-vivienda-media-en-playa-del-carmen\/"]}]},{"@type":"ImageObject","inLanguage":"es","@id":"https:\/\/centrourbano.com\/revista\/vivienda\/aumenta-costo-de-vivienda-media-en-playa-del-carmen\/#primaryimage","url":"https:\/\/centrourbano.com\/revista\/wp-content\/uploads\/Palaya-del-Carmen-scaled.jpg","contentUrl":"https:\/\/centrourbano.com\/revista\/wp-content\/uploads\/Palaya-del-Carmen-scaled.jpg","width":2560,"height":1978},{"@type":"BreadcrumbList","@id":"https:\/\/centrourbano.com\/revista\/vivienda\/aumenta-costo-de-vivienda-media-en-playa-del-carmen\/#breadcrumb","itemListElement":[{"@type":"ListItem","position":1,"name":"Portada","item":"https:\/\/centrourbano.com\/revista\/"},{"@type":"ListItem","position":2,"name":"Aumenta costo de vivienda media en Playa del Carmen"}]},{"@type":"WebSite","@id":"https:\/\/centrourbano.com\/revista\/#website","url":"https:\/\/centrourbano.com\/revista\/","name":"Centro Urbano","description":"Medio especializado en los sectores vivienda, inmobiliario, construcci\u00f3n, arquitectura y urbanismo.","publisher":{"@id":"https:\/\/centrourbano.com\/revista\/#organization"},"potentialAction":[{"@type":"SearchAction","target":{"@type":"EntryPoint","urlTemplate":"https:\/\/centrourbano.com\/revista\/?s={search_term_string}"},"query-input":{"@type":"PropertyValueSpecification","valueRequired":true,"valueName":"search_term_string"}}],"inLanguage":"es"},{"@type":"Organization","@id":"https:\/\/centrourbano.com\/revista\/#organization","name":"Centro Urbano","url":"https:\/\/centrourbano.com\/revista\/","logo":{"@type":"ImageObject","inLanguage":"es","@id":"https:\/\/centrourbano.com\/revista\/#\/schema\/logo\/image\/","url":"https:\/\/centrourbano.com\/revista\/wp-content\/uploads\/web_CU_logo-1.png","contentUrl":"https:\/\/centrourbano.com\/revista\/wp-content\/uploads\/web_CU_logo-1.png","width":350,"height":91,"caption":"Centro Urbano"},"image":{"@id":"https:\/\/centrourbano.com\/revista\/#\/schema\/logo\/image\/"},"sameAs":["https:\/\/www.facebook.com\/portalcentrourbano","https:\/\/x.com\/CentroUrbano","https:\/\/www.instagram.com\/centro_urbano\/","https:\/\/www.linkedin.com\/company\/centro-urbano\/","http:\/\/www.youtube.com\/user\/portalcentrourbano"]},{"@type":"Person","@id":"https:\/\/centrourbano.com\/revista\/#\/schema\/person\/45e1c041fc3bb6068a3502be717d44df","name":"Mario V\u00e1zquez Barrios","image":{"@type":"ImageObject","inLanguage":"es","@id":"https:\/\/secure.gravatar.com\/avatar\/347e6d9c0b04f0194ca244ba64b0fe62752d716a3a93d1713bd259eb87aad5b6?s=96&d=mm&r=g","url":"https:\/\/secure.gravatar.com\/avatar\/347e6d9c0b04f0194ca244ba64b0fe62752d716a3a93d1713bd259eb87aad5b6?s=96&d=mm&r=g","contentUrl":"https:\/\/secure.gravatar.com\/avatar\/347e6d9c0b04f0194ca244ba64b0fe62752d716a3a93d1713bd259eb87aad5b6?s=96&d=mm&r=g","caption":"Mario V\u00e1zquez Barrios"},"description":"Me inici\u00e9 en El Financiero haciendo reportajes; en MegaNoticias Televisi\u00f3n fui reportero titular; en EMedios, control de calidad; y Radio 13 Noticias me acogi\u00f3 como colaborador. Me gusta encontrar en las banquetas la nota, una entrevista y el inicio de un reportaje.","sameAs":["https:\/\/x.com\/@MarioDeNiro"],"url":"https:\/\/centrourbano.com\/revista\/author\/mario-vazquez\/"}]}},"_links":{"self":[{"href":"https:\/\/centrourbano.com\/revista\/wp-json\/wp\/v2\/posts\/18435","targetHints":{"allow":["GET"]}}],"collection":[{"href":"https:\/\/centrourbano.com\/revista\/wp-json\/wp\/v2\/posts"}],"about":[{"href":"https:\/\/centrourbano.com\/revista\/wp-json\/wp\/v2\/types\/post"}],"author":[{"embeddable":true,"href":"https:\/\/centrourbano.com\/revista\/wp-json\/wp\/v2\/users\/28"}],"replies":[{"embeddable":true,"href":"https:\/\/centrourbano.com\/revista\/wp-json\/wp\/v2\/comments?post=18435"}],"version-history":[{"count":0,"href":"https:\/\/centrourbano.com\/revista\/wp-json\/wp\/v2\/posts\/18435\/revisions"}],"wp:featuredmedia":[{"embeddable":true,"href":"https:\/\/centrourbano.com\/revista\/wp-json\/wp\/v2\/media\/18436"}],"wp:attachment":[{"href":"https:\/\/centrourbano.com\/revista\/wp-json\/wp\/v2\/media?parent=18435"}],"wp:term":[{"taxonomy":"category","embeddable":true,"href":"https:\/\/centrourbano.com\/revista\/wp-json\/wp\/v2\/categories?post=18435"},{"taxonomy":"post_tag","embeddable":true,"href":"https:\/\/centrourbano.com\/revista\/wp-json\/wp\/v2\/tags?post=18435"}],"curies":[{"name":"wp","href":"https:\/\/api.w.org\/{rel}","templated":true}]}}