{"id":18422,"date":"2015-04-28T09:05:07","date_gmt":"2015-04-28T14:05:07","guid":{"rendered":"http:\/\/centrourbano.com\/?p=18422"},"modified":"2015-04-28T11:49:35","modified_gmt":"2015-04-28T16:49:35","slug":"enrique-eibenschutz-hartman-hoy-en-vivienda-en-verde","status":"publish","type":"post","link":"https:\/\/centrourbano.com\/revista\/actualidad\/enrique-eibenschutz-hartman-hoy-en-vivienda-en-verde\/","title":{"rendered":"Roberto Eibenschutz Hartman hoy en Vivienda en Verde"},"content":{"rendered":"<p>&nbsp;<\/p>\n<p><em>El destacado arquitecto, urbanista y acad\u00e9mico ser\u00e1 el invitado de Horacio Urbano esta noche<\/em><\/p>\n<p><!--more--><\/p>\n<p>La norma 26 de vivienda, las edificaciones verticales, los desaf\u00edos en desarrollo urbano y la conectividad en la ciudad, adem\u00e1s de los retos de vivir en la ciudad m\u00e1s poblada del mundo, son algunos de los temas que platicar\u00e1 con Horacio Urbano con el que es considerado uno de los mejores arquitectos urbanistas del pa\u00eds.<\/p>\n<p>Eibenschutz actualmente\u00a0imparte la maestr\u00eda de Desarrollo Urbano Unidad Xochimilco, sede acad\u00e9mica de la que es fundador y donde se desempe\u00f1a desde hace 37 a\u00f1os como adscrito al Departamento de Teor\u00eda y An\u00e1lisis\u00a0 de la Divisi\u00f3n de Ciencias y Artes para el Dise\u00f1o.<\/p>\n<p>Ha ocupado diversos cargos en el sector p\u00fablico entre los que destacan, \u00a0subsecretario de Desarrollo Urbano en la Secretar\u00eda de Desarrollo Urbano y Ecolog\u00eda (Sedue) y secretario de Desarrollo Urbano y Vivienda en el Gobierno del Distrito Federal en la administraci\u00f3n de Cuauht\u00e9moc C\u00e1rdenas (1997-2000).<\/p>\n<p>No te pierdas este programa especial de Vivienda en Verde hoy martes 28 de abril a las 22:30 horas a trav\u00e9s de Green TV, en los canales 410 de Izzi y 392 de Total Play, o desde tu computadora o dispositivo m\u00f3vil en greentv.com.mx<\/p>\n","protected":false},"excerpt":{"rendered":"<p>&nbsp; El destacado arquitecto, urbanista y acad\u00e9mico ser\u00e1 el invitado de Horacio Urbano esta noche<\/p>\n","protected":false},"author":28,"featured_media":18423,"comment_status":"open","ping_status":"closed","sticky":false,"template":"","format":"standard","meta":{"om_disable_all_campaigns":false,"inline_featured_image":false,"_monsterinsights_skip_tracking":false,"_monsterinsights_sitenote_active":false,"_monsterinsights_sitenote_note":"","_monsterinsights_sitenote_category":0,"footnotes":""},"categories":[80],"tags":[],"class_list":["post-18422","post","type-post","status-publish","format-standard","has-post-thumbnail","hentry","category-actualidad"],"yoast_head":"<!-- This site is optimized with the Yoast SEO plugin v27.4 - https:\/\/yoast.com\/product\/yoast-seo-wordpress\/ -->\n<title>Roberto Eibenschutz Hartman hoy en Vivienda en Verde -<\/title>\n<meta name=\"description\" content=\"&nbsp; El destacado arquitecto, urbanista y acad\u00e9mico ser\u00e1 el invitado de Horacio Urbano esta noche La norma 26 de vivienda, las edificaciones verticales,\" \/>\n<meta name=\"robots\" content=\"index, follow, max-snippet:-1, max-image-preview:large, max-video-preview:-1\" \/>\n<link rel=\"canonical\" href=\"https:\/\/centrourbano.com\/revista\/actualidad\/enrique-eibenschutz-hartman-hoy-en-vivienda-en-verde\/\" \/>\n<meta property=\"og:locale\" content=\"es_ES\" \/>\n<meta property=\"og:type\" content=\"article\" \/>\n<meta property=\"og:title\" content=\"Roberto Eibenschutz Hartman hoy en Vivienda en Verde -\" \/>\n<meta property=\"og:description\" content=\"&nbsp; El destacado arquitecto, urbanista y acad\u00e9mico ser\u00e1 el invitado de Horacio Urbano esta noche La norma 26 de vivienda, las edificaciones verticales,\" \/>\n<meta property=\"og:url\" content=\"https:\/\/centrourbano.com\/revista\/actualidad\/enrique-eibenschutz-hartman-hoy-en-vivienda-en-verde\/\" \/>\n<meta property=\"og:site_name\" content=\"Centro Urbano\" \/>\n<meta property=\"article:publisher\" content=\"https:\/\/www.facebook.com\/portalcentrourbano\" \/>\n<meta property=\"article:published_time\" content=\"2015-04-28T14:05:07+00:00\" \/>\n<meta property=\"article:modified_time\" content=\"2015-04-28T16:49:35+00:00\" \/>\n<meta property=\"og:image\" content=\"https:\/\/centrourbano.com\/revista\/wp-content\/uploads\/eibenshutz-Hartman.jpg\" \/>\n\t<meta property=\"og:image:width\" content=\"1000\" \/>\n\t<meta property=\"og:image:height\" content=\"665\" \/>\n\t<meta property=\"og:image:type\" content=\"image\/jpeg\" \/>\n<meta name=\"author\" content=\"Mario V\u00e1zquez Barrios\" \/>\n<meta name=\"twitter:card\" content=\"summary_large_image\" \/>\n<meta name=\"twitter:creator\" content=\"@MarioDeNiro\" \/>\n<meta name=\"twitter:site\" content=\"@CentroUrbano\" \/>\n<meta name=\"twitter:label1\" content=\"Escrito por\" \/>\n\t<meta name=\"twitter:data1\" content=\"Mario V\u00e1zquez Barrios\" \/>\n\t<meta name=\"twitter:label2\" content=\"Tiempo de lectura\" \/>\n\t<meta name=\"twitter:data2\" content=\"1 minuto\" \/>\n<script type=\"application\/ld+json\" class=\"yoast-schema-graph\">{\"@context\":\"https:\\\/\\\/schema.org\",\"@graph\":[{\"@type\":\"Article\",\"@id\":\"https:\\\/\\\/centrourbano.com\\\/revista\\\/actualidad\\\/enrique-eibenschutz-hartman-hoy-en-vivienda-en-verde\\\/#article\",\"isPartOf\":{\"@id\":\"https:\\\/\\\/centrourbano.com\\\/revista\\\/actualidad\\\/enrique-eibenschutz-hartman-hoy-en-vivienda-en-verde\\\/\"},\"author\":{\"name\":\"Mario V\u00e1zquez Barrios\",\"@id\":\"https:\\\/\\\/centrourbano.com\\\/revista\\\/#\\\/schema\\\/person\\\/71e020a5b63ca4230c0f1228a36cde93\"},\"headline\":\"Roberto Eibenschutz Hartman hoy en Vivienda en Verde\",\"datePublished\":\"2015-04-28T14:05:07+00:00\",\"dateModified\":\"2015-04-28T16:49:35+00:00\",\"mainEntityOfPage\":{\"@id\":\"https:\\\/\\\/centrourbano.com\\\/revista\\\/actualidad\\\/enrique-eibenschutz-hartman-hoy-en-vivienda-en-verde\\\/\"},\"wordCount\":227,\"commentCount\":0,\"publisher\":{\"@id\":\"https:\\\/\\\/centrourbano.com\\\/revista\\\/#organization\"},\"image\":{\"@id\":\"https:\\\/\\\/centrourbano.com\\\/revista\\\/actualidad\\\/enrique-eibenschutz-hartman-hoy-en-vivienda-en-verde\\\/#primaryimage\"},\"thumbnailUrl\":\"https:\\\/\\\/centrourbano.com\\\/revista\\\/wp-content\\\/uploads\\\/eibenshutz-Hartman.jpg\",\"articleSection\":[\"Actualidad\"],\"inLanguage\":\"es\",\"potentialAction\":[{\"@type\":\"CommentAction\",\"name\":\"Comment\",\"target\":[\"https:\\\/\\\/centrourbano.com\\\/revista\\\/actualidad\\\/enrique-eibenschutz-hartman-hoy-en-vivienda-en-verde\\\/#respond\"]}]},{\"@type\":\"WebPage\",\"@id\":\"https:\\\/\\\/centrourbano.com\\\/revista\\\/actualidad\\\/enrique-eibenschutz-hartman-hoy-en-vivienda-en-verde\\\/\",\"url\":\"https:\\\/\\\/centrourbano.com\\\/revista\\\/actualidad\\\/enrique-eibenschutz-hartman-hoy-en-vivienda-en-verde\\\/\",\"name\":\"Roberto Eibenschutz Hartman hoy en Vivienda en Verde -\",\"isPartOf\":{\"@id\":\"https:\\\/\\\/centrourbano.com\\\/revista\\\/#website\"},\"primaryImageOfPage\":{\"@id\":\"https:\\\/\\\/centrourbano.com\\\/revista\\\/actualidad\\\/enrique-eibenschutz-hartman-hoy-en-vivienda-en-verde\\\/#primaryimage\"},\"image\":{\"@id\":\"https:\\\/\\\/centrourbano.com\\\/revista\\\/actualidad\\\/enrique-eibenschutz-hartman-hoy-en-vivienda-en-verde\\\/#primaryimage\"},\"thumbnailUrl\":\"https:\\\/\\\/centrourbano.com\\\/revista\\\/wp-content\\\/uploads\\\/eibenshutz-Hartman.jpg\",\"datePublished\":\"2015-04-28T14:05:07+00:00\",\"dateModified\":\"2015-04-28T16:49:35+00:00\",\"description\":\"&nbsp; El destacado arquitecto, urbanista y acad\u00e9mico ser\u00e1 el invitado de Horacio Urbano esta noche La norma 26 de vivienda, las edificaciones verticales,\",\"breadcrumb\":{\"@id\":\"https:\\\/\\\/centrourbano.com\\\/revista\\\/actualidad\\\/enrique-eibenschutz-hartman-hoy-en-vivienda-en-verde\\\/#breadcrumb\"},\"inLanguage\":\"es\",\"potentialAction\":[{\"@type\":\"ReadAction\",\"target\":[\"https:\\\/\\\/centrourbano.com\\\/revista\\\/actualidad\\\/enrique-eibenschutz-hartman-hoy-en-vivienda-en-verde\\\/\"]}]},{\"@type\":\"ImageObject\",\"inLanguage\":\"es\",\"@id\":\"https:\\\/\\\/centrourbano.com\\\/revista\\\/actualidad\\\/enrique-eibenschutz-hartman-hoy-en-vivienda-en-verde\\\/#primaryimage\",\"url\":\"https:\\\/\\\/centrourbano.com\\\/revista\\\/wp-content\\\/uploads\\\/eibenshutz-Hartman.jpg\",\"contentUrl\":\"https:\\\/\\\/centrourbano.com\\\/revista\\\/wp-content\\\/uploads\\\/eibenshutz-Hartman.jpg\",\"width\":1000,\"height\":665},{\"@type\":\"BreadcrumbList\",\"@id\":\"https:\\\/\\\/centrourbano.com\\\/revista\\\/actualidad\\\/enrique-eibenschutz-hartman-hoy-en-vivienda-en-verde\\\/#breadcrumb\",\"itemListElement\":[{\"@type\":\"ListItem\",\"position\":1,\"name\":\"Portada\",\"item\":\"https:\\\/\\\/centrourbano.com\\\/revista\\\/\"},{\"@type\":\"ListItem\",\"position\":2,\"name\":\"Roberto Eibenschutz Hartman hoy en Vivienda en Verde\"}]},{\"@type\":\"WebSite\",\"@id\":\"https:\\\/\\\/centrourbano.com\\\/revista\\\/#website\",\"url\":\"https:\\\/\\\/centrourbano.com\\\/revista\\\/\",\"name\":\"Centro Urbano\",\"description\":\"Medio especializado en los sectores vivienda, inmobiliario, construcci\u00f3n, arquitectura y urbanismo.\",\"publisher\":{\"@id\":\"https:\\\/\\\/centrourbano.com\\\/revista\\\/#organization\"},\"potentialAction\":[{\"@type\":\"SearchAction\",\"target\":{\"@type\":\"EntryPoint\",\"urlTemplate\":\"https:\\\/\\\/centrourbano.com\\\/revista\\\/?s={search_term_string}\"},\"query-input\":{\"@type\":\"PropertyValueSpecification\",\"valueRequired\":true,\"valueName\":\"search_term_string\"}}],\"inLanguage\":\"es\"},{\"@type\":\"Organization\",\"@id\":\"https:\\\/\\\/centrourbano.com\\\/revista\\\/#organization\",\"name\":\"Centro Urbano\",\"url\":\"https:\\\/\\\/centrourbano.com\\\/revista\\\/\",\"logo\":{\"@type\":\"ImageObject\",\"inLanguage\":\"es\",\"@id\":\"https:\\\/\\\/centrourbano.com\\\/revista\\\/#\\\/schema\\\/logo\\\/image\\\/\",\"url\":\"https:\\\/\\\/centrourbano.com\\\/revista\\\/wp-content\\\/uploads\\\/web_CU_logo-1.png\",\"contentUrl\":\"https:\\\/\\\/centrourbano.com\\\/revista\\\/wp-content\\\/uploads\\\/web_CU_logo-1.png\",\"width\":350,\"height\":91,\"caption\":\"Centro Urbano\"},\"image\":{\"@id\":\"https:\\\/\\\/centrourbano.com\\\/revista\\\/#\\\/schema\\\/logo\\\/image\\\/\"},\"sameAs\":[\"https:\\\/\\\/www.facebook.com\\\/portalcentrourbano\",\"https:\\\/\\\/x.com\\\/CentroUrbano\",\"https:\\\/\\\/www.instagram.com\\\/centro_urbano\\\/\",\"https:\\\/\\\/www.linkedin.com\\\/company\\\/centro-urbano\\\/\",\"http:\\\/\\\/www.youtube.com\\\/user\\\/portalcentrourbano\"]},{\"@type\":\"Person\",\"@id\":\"https:\\\/\\\/centrourbano.com\\\/revista\\\/#\\\/schema\\\/person\\\/71e020a5b63ca4230c0f1228a36cde93\",\"name\":\"Mario V\u00e1zquez Barrios\",\"image\":{\"@type\":\"ImageObject\",\"inLanguage\":\"es\",\"@id\":\"https:\\\/\\\/secure.gravatar.com\\\/avatar\\\/347e6d9c0b04f0194ca244ba64b0fe62752d716a3a93d1713bd259eb87aad5b6?s=96&d=mm&r=g\",\"url\":\"https:\\\/\\\/secure.gravatar.com\\\/avatar\\\/347e6d9c0b04f0194ca244ba64b0fe62752d716a3a93d1713bd259eb87aad5b6?s=96&d=mm&r=g\",\"contentUrl\":\"https:\\\/\\\/secure.gravatar.com\\\/avatar\\\/347e6d9c0b04f0194ca244ba64b0fe62752d716a3a93d1713bd259eb87aad5b6?s=96&d=mm&r=g\",\"caption\":\"Mario V\u00e1zquez Barrios\"},\"description\":\"Me inici\u00e9 en El Financiero haciendo reportajes; en MegaNoticias Televisi\u00f3n fui reportero titular; en EMedios, control de calidad; y Radio 13 Noticias me acogi\u00f3 como colaborador. Me gusta encontrar en las banquetas la nota, una entrevista y el inicio de un reportaje.\",\"sameAs\":[\"https:\\\/\\\/x.com\\\/@MarioDeNiro\"],\"url\":\"https:\\\/\\\/centrourbano.com\\\/revista\\\/author\\\/mario-vazquez\\\/\"}]}<\/script>\n<!-- \/ Yoast SEO plugin. -->","yoast_head_json":{"title":"Roberto Eibenschutz Hartman hoy en Vivienda en Verde -","description":"&nbsp; El destacado arquitecto, urbanista y acad\u00e9mico ser\u00e1 el invitado de Horacio Urbano esta noche La norma 26 de vivienda, las edificaciones verticales,","robots":{"index":"index","follow":"follow","max-snippet":"max-snippet:-1","max-image-preview":"max-image-preview:large","max-video-preview":"max-video-preview:-1"},"canonical":"https:\/\/centrourbano.com\/revista\/actualidad\/enrique-eibenschutz-hartman-hoy-en-vivienda-en-verde\/","og_locale":"es_ES","og_type":"article","og_title":"Roberto Eibenschutz Hartman hoy en Vivienda en Verde -","og_description":"&nbsp; El destacado arquitecto, urbanista y acad\u00e9mico ser\u00e1 el invitado de Horacio Urbano esta noche La norma 26 de vivienda, las edificaciones verticales,","og_url":"https:\/\/centrourbano.com\/revista\/actualidad\/enrique-eibenschutz-hartman-hoy-en-vivienda-en-verde\/","og_site_name":"Centro Urbano","article_publisher":"https:\/\/www.facebook.com\/portalcentrourbano","article_published_time":"2015-04-28T14:05:07+00:00","article_modified_time":"2015-04-28T16:49:35+00:00","og_image":[{"width":1000,"height":665,"url":"https:\/\/centrourbano.com\/revista\/wp-content\/uploads\/eibenshutz-Hartman.jpg","type":"image\/jpeg"}],"author":"Mario V\u00e1zquez Barrios","twitter_card":"summary_large_image","twitter_creator":"@MarioDeNiro","twitter_site":"@CentroUrbano","twitter_misc":{"Escrito por":"Mario V\u00e1zquez Barrios","Tiempo de lectura":"1 minuto"},"schema":{"@context":"https:\/\/schema.org","@graph":[{"@type":"Article","@id":"https:\/\/centrourbano.com\/revista\/actualidad\/enrique-eibenschutz-hartman-hoy-en-vivienda-en-verde\/#article","isPartOf":{"@id":"https:\/\/centrourbano.com\/revista\/actualidad\/enrique-eibenschutz-hartman-hoy-en-vivienda-en-verde\/"},"author":{"name":"Mario V\u00e1zquez Barrios","@id":"https:\/\/centrourbano.com\/revista\/#\/schema\/person\/71e020a5b63ca4230c0f1228a36cde93"},"headline":"Roberto Eibenschutz Hartman hoy en Vivienda en Verde","datePublished":"2015-04-28T14:05:07+00:00","dateModified":"2015-04-28T16:49:35+00:00","mainEntityOfPage":{"@id":"https:\/\/centrourbano.com\/revista\/actualidad\/enrique-eibenschutz-hartman-hoy-en-vivienda-en-verde\/"},"wordCount":227,"commentCount":0,"publisher":{"@id":"https:\/\/centrourbano.com\/revista\/#organization"},"image":{"@id":"https:\/\/centrourbano.com\/revista\/actualidad\/enrique-eibenschutz-hartman-hoy-en-vivienda-en-verde\/#primaryimage"},"thumbnailUrl":"https:\/\/centrourbano.com\/revista\/wp-content\/uploads\/eibenshutz-Hartman.jpg","articleSection":["Actualidad"],"inLanguage":"es","potentialAction":[{"@type":"CommentAction","name":"Comment","target":["https:\/\/centrourbano.com\/revista\/actualidad\/enrique-eibenschutz-hartman-hoy-en-vivienda-en-verde\/#respond"]}]},{"@type":"WebPage","@id":"https:\/\/centrourbano.com\/revista\/actualidad\/enrique-eibenschutz-hartman-hoy-en-vivienda-en-verde\/","url":"https:\/\/centrourbano.com\/revista\/actualidad\/enrique-eibenschutz-hartman-hoy-en-vivienda-en-verde\/","name":"Roberto Eibenschutz Hartman hoy en Vivienda en Verde -","isPartOf":{"@id":"https:\/\/centrourbano.com\/revista\/#website"},"primaryImageOfPage":{"@id":"https:\/\/centrourbano.com\/revista\/actualidad\/enrique-eibenschutz-hartman-hoy-en-vivienda-en-verde\/#primaryimage"},"image":{"@id":"https:\/\/centrourbano.com\/revista\/actualidad\/enrique-eibenschutz-hartman-hoy-en-vivienda-en-verde\/#primaryimage"},"thumbnailUrl":"https:\/\/centrourbano.com\/revista\/wp-content\/uploads\/eibenshutz-Hartman.jpg","datePublished":"2015-04-28T14:05:07+00:00","dateModified":"2015-04-28T16:49:35+00:00","description":"&nbsp; El destacado arquitecto, urbanista y acad\u00e9mico ser\u00e1 el invitado de Horacio Urbano esta noche La norma 26 de vivienda, las edificaciones verticales,","breadcrumb":{"@id":"https:\/\/centrourbano.com\/revista\/actualidad\/enrique-eibenschutz-hartman-hoy-en-vivienda-en-verde\/#breadcrumb"},"inLanguage":"es","potentialAction":[{"@type":"ReadAction","target":["https:\/\/centrourbano.com\/revista\/actualidad\/enrique-eibenschutz-hartman-hoy-en-vivienda-en-verde\/"]}]},{"@type":"ImageObject","inLanguage":"es","@id":"https:\/\/centrourbano.com\/revista\/actualidad\/enrique-eibenschutz-hartman-hoy-en-vivienda-en-verde\/#primaryimage","url":"https:\/\/centrourbano.com\/revista\/wp-content\/uploads\/eibenshutz-Hartman.jpg","contentUrl":"https:\/\/centrourbano.com\/revista\/wp-content\/uploads\/eibenshutz-Hartman.jpg","width":1000,"height":665},{"@type":"BreadcrumbList","@id":"https:\/\/centrourbano.com\/revista\/actualidad\/enrique-eibenschutz-hartman-hoy-en-vivienda-en-verde\/#breadcrumb","itemListElement":[{"@type":"ListItem","position":1,"name":"Portada","item":"https:\/\/centrourbano.com\/revista\/"},{"@type":"ListItem","position":2,"name":"Roberto Eibenschutz Hartman hoy en Vivienda en Verde"}]},{"@type":"WebSite","@id":"https:\/\/centrourbano.com\/revista\/#website","url":"https:\/\/centrourbano.com\/revista\/","name":"Centro Urbano","description":"Medio especializado en los sectores vivienda, inmobiliario, construcci\u00f3n, arquitectura y urbanismo.","publisher":{"@id":"https:\/\/centrourbano.com\/revista\/#organization"},"potentialAction":[{"@type":"SearchAction","target":{"@type":"EntryPoint","urlTemplate":"https:\/\/centrourbano.com\/revista\/?s={search_term_string}"},"query-input":{"@type":"PropertyValueSpecification","valueRequired":true,"valueName":"search_term_string"}}],"inLanguage":"es"},{"@type":"Organization","@id":"https:\/\/centrourbano.com\/revista\/#organization","name":"Centro Urbano","url":"https:\/\/centrourbano.com\/revista\/","logo":{"@type":"ImageObject","inLanguage":"es","@id":"https:\/\/centrourbano.com\/revista\/#\/schema\/logo\/image\/","url":"https:\/\/centrourbano.com\/revista\/wp-content\/uploads\/web_CU_logo-1.png","contentUrl":"https:\/\/centrourbano.com\/revista\/wp-content\/uploads\/web_CU_logo-1.png","width":350,"height":91,"caption":"Centro Urbano"},"image":{"@id":"https:\/\/centrourbano.com\/revista\/#\/schema\/logo\/image\/"},"sameAs":["https:\/\/www.facebook.com\/portalcentrourbano","https:\/\/x.com\/CentroUrbano","https:\/\/www.instagram.com\/centro_urbano\/","https:\/\/www.linkedin.com\/company\/centro-urbano\/","http:\/\/www.youtube.com\/user\/portalcentrourbano"]},{"@type":"Person","@id":"https:\/\/centrourbano.com\/revista\/#\/schema\/person\/71e020a5b63ca4230c0f1228a36cde93","name":"Mario V\u00e1zquez Barrios","image":{"@type":"ImageObject","inLanguage":"es","@id":"https:\/\/secure.gravatar.com\/avatar\/347e6d9c0b04f0194ca244ba64b0fe62752d716a3a93d1713bd259eb87aad5b6?s=96&d=mm&r=g","url":"https:\/\/secure.gravatar.com\/avatar\/347e6d9c0b04f0194ca244ba64b0fe62752d716a3a93d1713bd259eb87aad5b6?s=96&d=mm&r=g","contentUrl":"https:\/\/secure.gravatar.com\/avatar\/347e6d9c0b04f0194ca244ba64b0fe62752d716a3a93d1713bd259eb87aad5b6?s=96&d=mm&r=g","caption":"Mario V\u00e1zquez Barrios"},"description":"Me inici\u00e9 en El Financiero haciendo reportajes; en MegaNoticias Televisi\u00f3n fui reportero titular; en EMedios, control de calidad; y Radio 13 Noticias me acogi\u00f3 como colaborador. Me gusta encontrar en las banquetas la nota, una entrevista y el inicio de un reportaje.","sameAs":["https:\/\/x.com\/@MarioDeNiro"],"url":"https:\/\/centrourbano.com\/revista\/author\/mario-vazquez\/"}]}},"_links":{"self":[{"href":"https:\/\/centrourbano.com\/revista\/wp-json\/wp\/v2\/posts\/18422","targetHints":{"allow":["GET"]}}],"collection":[{"href":"https:\/\/centrourbano.com\/revista\/wp-json\/wp\/v2\/posts"}],"about":[{"href":"https:\/\/centrourbano.com\/revista\/wp-json\/wp\/v2\/types\/post"}],"author":[{"embeddable":true,"href":"https:\/\/centrourbano.com\/revista\/wp-json\/wp\/v2\/users\/28"}],"replies":[{"embeddable":true,"href":"https:\/\/centrourbano.com\/revista\/wp-json\/wp\/v2\/comments?post=18422"}],"version-history":[{"count":0,"href":"https:\/\/centrourbano.com\/revista\/wp-json\/wp\/v2\/posts\/18422\/revisions"}],"wp:featuredmedia":[{"embeddable":true,"href":"https:\/\/centrourbano.com\/revista\/wp-json\/wp\/v2\/media\/18423"}],"wp:attachment":[{"href":"https:\/\/centrourbano.com\/revista\/wp-json\/wp\/v2\/media?parent=18422"}],"wp:term":[{"taxonomy":"category","embeddable":true,"href":"https:\/\/centrourbano.com\/revista\/wp-json\/wp\/v2\/categories?post=18422"},{"taxonomy":"post_tag","embeddable":true,"href":"https:\/\/centrourbano.com\/revista\/wp-json\/wp\/v2\/tags?post=18422"}],"curies":[{"name":"wp","href":"https:\/\/api.w.org\/{rel}","templated":true}]}}