{"id":18204,"date":"2015-04-21T14:41:21","date_gmt":"2015-04-21T19:41:21","guid":{"rendered":"http:\/\/centrourbano.com\/?p=18204"},"modified":"2015-04-21T14:41:21","modified_gmt":"2015-04-21T19:41:21","slug":"seduvi-coordinara-regeneracion-de-zona-granadas","status":"publish","type":"post","link":"https:\/\/centrourbano.com\/revista\/urbanismo\/seduvi-coordinara-regeneracion-de-zona-granadas\/","title":{"rendered":"Seduvi coordinar\u00e1 regeneraci\u00f3n de Zona Granadas"},"content":{"rendered":"<p>&nbsp;<\/p>\n<p><em>Los sectores p\u00fablico y privado participar\u00e1n bajo el Sistema de Actuaci\u00f3n por Cooperaci\u00f3n Granadas\u00a0<\/em><!--more--><\/p>\n<p>&nbsp;<\/p>\n<p>Con el objetivo de promover un desarrollo urbano y social, sustentable y equilibrado, se dieron a conocer en la Gaceta Oficial del Distrito Federal los lineamientos para la constituci\u00f3n y operaci\u00f3n del Sistema de Actuaci\u00f3n por Cooperaci\u00f3n Granadas para el mejoramiento y consolidaci\u00f3n sustentable del desarrollo urbano de la zona.<\/p>\n<p>Ser\u00e1 la Secretar\u00eda de Desarrollo Urbano y Vivienda (Seduvi) quien constituir\u00e1 y coordinar\u00e1 la planeaci\u00f3n e implementaci\u00f3n de acciones, obras y proyectos estrat\u00e9gicos que generen mejoras directas al entorno urbano entre los sectores p\u00fablico y privado bajo de la citada zona ubicada en la delegaci\u00f3n Miguel Hidalgo.<\/p>\n<p>Adem\u00e1s, fomentar\u00e1n los usos de suelo mixto para generar equilibrios en la zona, dotar\u00e1n y reforzar\u00e1n los equipamientos e infraestructura necesarios, mejorar\u00e1n la movilidad y conectividad de la zona, activar\u00e1n el espacio p\u00fablico, consolidar\u00e1n una identidad urbana y social que permita regular la poblaci\u00f3n flotante y disminuir\u00e1n los viajes individuales a bordo de veh\u00edculos motorizados.<\/p>\n<p>Para cumplir con los objetivos del Sistema de Actuaci\u00f3n por Cooperaci\u00f3n Granadas, en el \u00e1mbito de sus atribuciones, distintas dependencias de la administraci\u00f3n p\u00fablica capitalina se coordinar\u00e1n con la Seduvi para la ejecuci\u00f3n de obras de infraestructura, proyectos estrat\u00e9gicos, acciones e inversiones y actos administrativos.<\/p>\n<p>En tanto, se precisaron el cumplimiento de los criterios por parte de los particulares para su adhesi\u00f3n y el otorgamiento de facilidades administrativas para tramitar licencias, permisos y autorizaciones de los participantes, en observancia al Reglamento de la Ley de Desarrollo Urbano.<\/p>\n<p>Con este medio se busca distribuir equitativamente las cargas y beneficios del desarrollo urbano y hacer viable la realizaci\u00f3n de obras de infraestructura, pavimentaciones, espacios p\u00fablicos, obras adicionales y proyectos estrat\u00e9gicos.<\/p>\n","protected":false},"excerpt":{"rendered":"<p>&nbsp; Los sectores p\u00fablico y privado participar\u00e1n bajo el Sistema de Actuaci\u00f3n por Cooperaci\u00f3n Granadas\u00a0<\/p>\n","protected":false},"author":5,"featured_media":18210,"comment_status":"open","ping_status":"closed","sticky":false,"template":"","format":"standard","meta":{"om_disable_all_campaigns":false,"inline_featured_image":false,"_monsterinsights_skip_tracking":false,"_monsterinsights_sitenote_active":false,"_monsterinsights_sitenote_note":"","_monsterinsights_sitenote_category":0,"footnotes":""},"categories":[82],"tags":[146,515,126,4891],"class_list":["post-18204","post","type-post","status-publish","format-standard","has-post-thumbnail","hentry","category-urbanismo","tag-desarrollo-urbano","tag-miguel-hidalgo","tag-seduvi","tag-zona-granadas"],"yoast_head":"<!-- This site is optimized with the Yoast SEO plugin v27.5 - https:\/\/yoast.com\/product\/yoast-seo-wordpress\/ -->\n<title>Seduvi coordinar\u00e1 regeneraci\u00f3n de Zona Granadas -<\/title>\n<meta name=\"description\" content=\"&nbsp; Los sectores p\u00fablico y privado participar\u00e1n bajo el Sistema de Actuaci\u00f3n por Cooperaci\u00f3n Granadas\u00a0 &nbsp; Con el objetivo de promover un desarrollo\" \/>\n<meta name=\"robots\" content=\"index, follow, max-snippet:-1, max-image-preview:large, max-video-preview:-1\" \/>\n<link rel=\"canonical\" href=\"https:\/\/centrourbano.com\/revista\/urbanismo\/seduvi-coordinara-regeneracion-de-zona-granadas\/\" \/>\n<meta property=\"og:locale\" content=\"es_ES\" \/>\n<meta property=\"og:type\" content=\"article\" \/>\n<meta property=\"og:title\" content=\"Seduvi coordinar\u00e1 regeneraci\u00f3n de Zona Granadas -\" \/>\n<meta property=\"og:description\" content=\"&nbsp; Los sectores p\u00fablico y privado participar\u00e1n bajo el Sistema de Actuaci\u00f3n por Cooperaci\u00f3n Granadas\u00a0 &nbsp; Con el objetivo de promover un desarrollo\" \/>\n<meta property=\"og:url\" content=\"https:\/\/centrourbano.com\/revista\/urbanismo\/seduvi-coordinara-regeneracion-de-zona-granadas\/\" \/>\n<meta property=\"og:site_name\" content=\"Centro Urbano\" \/>\n<meta property=\"article:publisher\" content=\"https:\/\/www.facebook.com\/portalcentrourbano\" \/>\n<meta property=\"article:published_time\" content=\"2015-04-21T19:41:21+00:00\" \/>\n<meta property=\"og:image\" content=\"https:\/\/centrourbano.com\/revista\/wp-content\/uploads\/Las-Granadas_OK.jpg\" \/>\n\t<meta property=\"og:image:width\" content=\"960\" \/>\n\t<meta property=\"og:image:height\" content=\"661\" \/>\n\t<meta property=\"og:image:type\" content=\"image\/jpeg\" \/>\n<meta name=\"author\" content=\"Aura Fuentes\" \/>\n<meta name=\"twitter:card\" content=\"summary_large_image\" \/>\n<meta name=\"twitter:creator\" content=\"@CentroUrbano\" \/>\n<meta name=\"twitter:site\" content=\"@CentroUrbano\" \/>\n<meta name=\"twitter:label1\" content=\"Escrito por\" \/>\n\t<meta name=\"twitter:data1\" content=\"Aura Fuentes\" \/>\n\t<meta name=\"twitter:label2\" content=\"Tiempo de lectura\" \/>\n\t<meta name=\"twitter:data2\" content=\"2 minutos\" \/>\n<script type=\"application\/ld+json\" class=\"yoast-schema-graph\">{\"@context\":\"https:\\\/\\\/schema.org\",\"@graph\":[{\"@type\":\"Article\",\"@id\":\"https:\\\/\\\/centrourbano.com\\\/revista\\\/urbanismo\\\/seduvi-coordinara-regeneracion-de-zona-granadas\\\/#article\",\"isPartOf\":{\"@id\":\"https:\\\/\\\/centrourbano.com\\\/revista\\\/urbanismo\\\/seduvi-coordinara-regeneracion-de-zona-granadas\\\/\"},\"author\":{\"name\":\"Aura Fuentes\",\"@id\":\"https:\\\/\\\/centrourbano.com\\\/revista\\\/#\\\/schema\\\/person\\\/38a5f013f1017893ef1ef0454a94d0a7\"},\"headline\":\"Seduvi coordinar\u00e1 regeneraci\u00f3n de Zona Granadas\",\"datePublished\":\"2015-04-21T19:41:21+00:00\",\"mainEntityOfPage\":{\"@id\":\"https:\\\/\\\/centrourbano.com\\\/revista\\\/urbanismo\\\/seduvi-coordinara-regeneracion-de-zona-granadas\\\/\"},\"wordCount\":330,\"commentCount\":0,\"publisher\":{\"@id\":\"https:\\\/\\\/centrourbano.com\\\/revista\\\/#organization\"},\"image\":{\"@id\":\"https:\\\/\\\/centrourbano.com\\\/revista\\\/urbanismo\\\/seduvi-coordinara-regeneracion-de-zona-granadas\\\/#primaryimage\"},\"thumbnailUrl\":\"https:\\\/\\\/centrourbano.com\\\/revista\\\/wp-content\\\/uploads\\\/Las-Granadas_OK.jpg\",\"keywords\":[\"Desarrollo urbano\",\"Miguel Hidalgo\",\"Seduvi\",\"Zona Granadas\"],\"articleSection\":[\"Urbanismo\"],\"inLanguage\":\"es\",\"potentialAction\":[{\"@type\":\"CommentAction\",\"name\":\"Comment\",\"target\":[\"https:\\\/\\\/centrourbano.com\\\/revista\\\/urbanismo\\\/seduvi-coordinara-regeneracion-de-zona-granadas\\\/#respond\"]}]},{\"@type\":\"WebPage\",\"@id\":\"https:\\\/\\\/centrourbano.com\\\/revista\\\/urbanismo\\\/seduvi-coordinara-regeneracion-de-zona-granadas\\\/\",\"url\":\"https:\\\/\\\/centrourbano.com\\\/revista\\\/urbanismo\\\/seduvi-coordinara-regeneracion-de-zona-granadas\\\/\",\"name\":\"Seduvi coordinar\u00e1 regeneraci\u00f3n de Zona Granadas -\",\"isPartOf\":{\"@id\":\"https:\\\/\\\/centrourbano.com\\\/revista\\\/#website\"},\"primaryImageOfPage\":{\"@id\":\"https:\\\/\\\/centrourbano.com\\\/revista\\\/urbanismo\\\/seduvi-coordinara-regeneracion-de-zona-granadas\\\/#primaryimage\"},\"image\":{\"@id\":\"https:\\\/\\\/centrourbano.com\\\/revista\\\/urbanismo\\\/seduvi-coordinara-regeneracion-de-zona-granadas\\\/#primaryimage\"},\"thumbnailUrl\":\"https:\\\/\\\/centrourbano.com\\\/revista\\\/wp-content\\\/uploads\\\/Las-Granadas_OK.jpg\",\"datePublished\":\"2015-04-21T19:41:21+00:00\",\"description\":\"&nbsp; Los sectores p\u00fablico y privado participar\u00e1n bajo el Sistema de Actuaci\u00f3n por Cooperaci\u00f3n Granadas\u00a0 &nbsp; Con el objetivo de promover un desarrollo\",\"breadcrumb\":{\"@id\":\"https:\\\/\\\/centrourbano.com\\\/revista\\\/urbanismo\\\/seduvi-coordinara-regeneracion-de-zona-granadas\\\/#breadcrumb\"},\"inLanguage\":\"es\",\"potentialAction\":[{\"@type\":\"ReadAction\",\"target\":[\"https:\\\/\\\/centrourbano.com\\\/revista\\\/urbanismo\\\/seduvi-coordinara-regeneracion-de-zona-granadas\\\/\"]}]},{\"@type\":\"ImageObject\",\"inLanguage\":\"es\",\"@id\":\"https:\\\/\\\/centrourbano.com\\\/revista\\\/urbanismo\\\/seduvi-coordinara-regeneracion-de-zona-granadas\\\/#primaryimage\",\"url\":\"https:\\\/\\\/centrourbano.com\\\/revista\\\/wp-content\\\/uploads\\\/Las-Granadas_OK.jpg\",\"contentUrl\":\"https:\\\/\\\/centrourbano.com\\\/revista\\\/wp-content\\\/uploads\\\/Las-Granadas_OK.jpg\",\"width\":960,\"height\":661},{\"@type\":\"BreadcrumbList\",\"@id\":\"https:\\\/\\\/centrourbano.com\\\/revista\\\/urbanismo\\\/seduvi-coordinara-regeneracion-de-zona-granadas\\\/#breadcrumb\",\"itemListElement\":[{\"@type\":\"ListItem\",\"position\":1,\"name\":\"Portada\",\"item\":\"https:\\\/\\\/centrourbano.com\\\/revista\\\/\"},{\"@type\":\"ListItem\",\"position\":2,\"name\":\"Seduvi coordinar\u00e1 regeneraci\u00f3n de Zona Granadas\"}]},{\"@type\":\"WebSite\",\"@id\":\"https:\\\/\\\/centrourbano.com\\\/revista\\\/#website\",\"url\":\"https:\\\/\\\/centrourbano.com\\\/revista\\\/\",\"name\":\"Centro Urbano\",\"description\":\"Medio especializado en los sectores vivienda, inmobiliario, construcci\u00f3n, arquitectura y urbanismo.\",\"publisher\":{\"@id\":\"https:\\\/\\\/centrourbano.com\\\/revista\\\/#organization\"},\"potentialAction\":[{\"@type\":\"SearchAction\",\"target\":{\"@type\":\"EntryPoint\",\"urlTemplate\":\"https:\\\/\\\/centrourbano.com\\\/revista\\\/?s={search_term_string}\"},\"query-input\":{\"@type\":\"PropertyValueSpecification\",\"valueRequired\":true,\"valueName\":\"search_term_string\"}}],\"inLanguage\":\"es\"},{\"@type\":\"Organization\",\"@id\":\"https:\\\/\\\/centrourbano.com\\\/revista\\\/#organization\",\"name\":\"Centro Urbano\",\"url\":\"https:\\\/\\\/centrourbano.com\\\/revista\\\/\",\"logo\":{\"@type\":\"ImageObject\",\"inLanguage\":\"es\",\"@id\":\"https:\\\/\\\/centrourbano.com\\\/revista\\\/#\\\/schema\\\/logo\\\/image\\\/\",\"url\":\"https:\\\/\\\/centrourbano.com\\\/revista\\\/wp-content\\\/uploads\\\/web_CU_logo-1.png\",\"contentUrl\":\"https:\\\/\\\/centrourbano.com\\\/revista\\\/wp-content\\\/uploads\\\/web_CU_logo-1.png\",\"width\":350,\"height\":91,\"caption\":\"Centro Urbano\"},\"image\":{\"@id\":\"https:\\\/\\\/centrourbano.com\\\/revista\\\/#\\\/schema\\\/logo\\\/image\\\/\"},\"sameAs\":[\"https:\\\/\\\/www.facebook.com\\\/portalcentrourbano\",\"https:\\\/\\\/x.com\\\/CentroUrbano\",\"https:\\\/\\\/www.instagram.com\\\/centro_urbano\\\/\",\"https:\\\/\\\/www.linkedin.com\\\/company\\\/centro-urbano\\\/\",\"http:\\\/\\\/www.youtube.com\\\/user\\\/portalcentrourbano\"]},{\"@type\":\"Person\",\"@id\":\"https:\\\/\\\/centrourbano.com\\\/revista\\\/#\\\/schema\\\/person\\\/38a5f013f1017893ef1ef0454a94d0a7\",\"name\":\"Aura Fuentes\",\"image\":{\"@type\":\"ImageObject\",\"inLanguage\":\"es\",\"@id\":\"https:\\\/\\\/secure.gravatar.com\\\/avatar\\\/d4d494c7466b3a8e92935aa38a4205c72303f888e06051bec24b2018c769f20a?s=96&d=mm&r=g\",\"url\":\"https:\\\/\\\/secure.gravatar.com\\\/avatar\\\/d4d494c7466b3a8e92935aa38a4205c72303f888e06051bec24b2018c769f20a?s=96&d=mm&r=g\",\"contentUrl\":\"https:\\\/\\\/secure.gravatar.com\\\/avatar\\\/d4d494c7466b3a8e92935aa38a4205c72303f888e06051bec24b2018c769f20a?s=96&d=mm&r=g\",\"caption\":\"Aura Fuentes\"},\"description\":\"Egresada de la carrera de Comunicaci\u00f3n y Periodismo en la FES Arag\u00f3n, UNAM. Aunque se especializ\u00f3 en Televisi\u00f3n prefiere estar detr\u00e1s de una computadora haciendo lo que m\u00e1s le gusta: escribir. Su mayor experiencia como profesionista la obtuvo en Diario de M\u00e9xico Edici\u00f3n USA, donde fungi\u00f3 como coordinadora editorial. Siempre perfeccionista y responsable, ahora se desempe\u00f1a como Editora en Jefe dentro de Centro Urbano.\",\"sameAs\":[\"http:\\\/\\\/@Aura_CU\"],\"url\":\"https:\\\/\\\/centrourbano.com\\\/revista\\\/author\\\/aura-fuentes\\\/\"}]}<\/script>\n<!-- \/ Yoast SEO plugin. -->","yoast_head_json":{"title":"Seduvi coordinar\u00e1 regeneraci\u00f3n de Zona Granadas -","description":"&nbsp; Los sectores p\u00fablico y privado participar\u00e1n bajo el Sistema de Actuaci\u00f3n por Cooperaci\u00f3n Granadas\u00a0 &nbsp; Con el objetivo de promover un desarrollo","robots":{"index":"index","follow":"follow","max-snippet":"max-snippet:-1","max-image-preview":"max-image-preview:large","max-video-preview":"max-video-preview:-1"},"canonical":"https:\/\/centrourbano.com\/revista\/urbanismo\/seduvi-coordinara-regeneracion-de-zona-granadas\/","og_locale":"es_ES","og_type":"article","og_title":"Seduvi coordinar\u00e1 regeneraci\u00f3n de Zona Granadas -","og_description":"&nbsp; Los sectores p\u00fablico y privado participar\u00e1n bajo el Sistema de Actuaci\u00f3n por Cooperaci\u00f3n Granadas\u00a0 &nbsp; Con el objetivo de promover un desarrollo","og_url":"https:\/\/centrourbano.com\/revista\/urbanismo\/seduvi-coordinara-regeneracion-de-zona-granadas\/","og_site_name":"Centro Urbano","article_publisher":"https:\/\/www.facebook.com\/portalcentrourbano","article_published_time":"2015-04-21T19:41:21+00:00","og_image":[{"width":960,"height":661,"url":"https:\/\/centrourbano.com\/revista\/wp-content\/uploads\/Las-Granadas_OK.jpg","type":"image\/jpeg"}],"author":"Aura Fuentes","twitter_card":"summary_large_image","twitter_creator":"@CentroUrbano","twitter_site":"@CentroUrbano","twitter_misc":{"Escrito por":"Aura Fuentes","Tiempo de lectura":"2 minutos"},"schema":{"@context":"https:\/\/schema.org","@graph":[{"@type":"Article","@id":"https:\/\/centrourbano.com\/revista\/urbanismo\/seduvi-coordinara-regeneracion-de-zona-granadas\/#article","isPartOf":{"@id":"https:\/\/centrourbano.com\/revista\/urbanismo\/seduvi-coordinara-regeneracion-de-zona-granadas\/"},"author":{"name":"Aura Fuentes","@id":"https:\/\/centrourbano.com\/revista\/#\/schema\/person\/38a5f013f1017893ef1ef0454a94d0a7"},"headline":"Seduvi coordinar\u00e1 regeneraci\u00f3n de Zona Granadas","datePublished":"2015-04-21T19:41:21+00:00","mainEntityOfPage":{"@id":"https:\/\/centrourbano.com\/revista\/urbanismo\/seduvi-coordinara-regeneracion-de-zona-granadas\/"},"wordCount":330,"commentCount":0,"publisher":{"@id":"https:\/\/centrourbano.com\/revista\/#organization"},"image":{"@id":"https:\/\/centrourbano.com\/revista\/urbanismo\/seduvi-coordinara-regeneracion-de-zona-granadas\/#primaryimage"},"thumbnailUrl":"https:\/\/centrourbano.com\/revista\/wp-content\/uploads\/Las-Granadas_OK.jpg","keywords":["Desarrollo urbano","Miguel Hidalgo","Seduvi","Zona Granadas"],"articleSection":["Urbanismo"],"inLanguage":"es","potentialAction":[{"@type":"CommentAction","name":"Comment","target":["https:\/\/centrourbano.com\/revista\/urbanismo\/seduvi-coordinara-regeneracion-de-zona-granadas\/#respond"]}]},{"@type":"WebPage","@id":"https:\/\/centrourbano.com\/revista\/urbanismo\/seduvi-coordinara-regeneracion-de-zona-granadas\/","url":"https:\/\/centrourbano.com\/revista\/urbanismo\/seduvi-coordinara-regeneracion-de-zona-granadas\/","name":"Seduvi coordinar\u00e1 regeneraci\u00f3n de Zona Granadas -","isPartOf":{"@id":"https:\/\/centrourbano.com\/revista\/#website"},"primaryImageOfPage":{"@id":"https:\/\/centrourbano.com\/revista\/urbanismo\/seduvi-coordinara-regeneracion-de-zona-granadas\/#primaryimage"},"image":{"@id":"https:\/\/centrourbano.com\/revista\/urbanismo\/seduvi-coordinara-regeneracion-de-zona-granadas\/#primaryimage"},"thumbnailUrl":"https:\/\/centrourbano.com\/revista\/wp-content\/uploads\/Las-Granadas_OK.jpg","datePublished":"2015-04-21T19:41:21+00:00","description":"&nbsp; Los sectores p\u00fablico y privado participar\u00e1n bajo el Sistema de Actuaci\u00f3n por Cooperaci\u00f3n Granadas\u00a0 &nbsp; Con el objetivo de promover un desarrollo","breadcrumb":{"@id":"https:\/\/centrourbano.com\/revista\/urbanismo\/seduvi-coordinara-regeneracion-de-zona-granadas\/#breadcrumb"},"inLanguage":"es","potentialAction":[{"@type":"ReadAction","target":["https:\/\/centrourbano.com\/revista\/urbanismo\/seduvi-coordinara-regeneracion-de-zona-granadas\/"]}]},{"@type":"ImageObject","inLanguage":"es","@id":"https:\/\/centrourbano.com\/revista\/urbanismo\/seduvi-coordinara-regeneracion-de-zona-granadas\/#primaryimage","url":"https:\/\/centrourbano.com\/revista\/wp-content\/uploads\/Las-Granadas_OK.jpg","contentUrl":"https:\/\/centrourbano.com\/revista\/wp-content\/uploads\/Las-Granadas_OK.jpg","width":960,"height":661},{"@type":"BreadcrumbList","@id":"https:\/\/centrourbano.com\/revista\/urbanismo\/seduvi-coordinara-regeneracion-de-zona-granadas\/#breadcrumb","itemListElement":[{"@type":"ListItem","position":1,"name":"Portada","item":"https:\/\/centrourbano.com\/revista\/"},{"@type":"ListItem","position":2,"name":"Seduvi coordinar\u00e1 regeneraci\u00f3n de Zona Granadas"}]},{"@type":"WebSite","@id":"https:\/\/centrourbano.com\/revista\/#website","url":"https:\/\/centrourbano.com\/revista\/","name":"Centro Urbano","description":"Medio especializado en los sectores vivienda, inmobiliario, construcci\u00f3n, arquitectura y urbanismo.","publisher":{"@id":"https:\/\/centrourbano.com\/revista\/#organization"},"potentialAction":[{"@type":"SearchAction","target":{"@type":"EntryPoint","urlTemplate":"https:\/\/centrourbano.com\/revista\/?s={search_term_string}"},"query-input":{"@type":"PropertyValueSpecification","valueRequired":true,"valueName":"search_term_string"}}],"inLanguage":"es"},{"@type":"Organization","@id":"https:\/\/centrourbano.com\/revista\/#organization","name":"Centro Urbano","url":"https:\/\/centrourbano.com\/revista\/","logo":{"@type":"ImageObject","inLanguage":"es","@id":"https:\/\/centrourbano.com\/revista\/#\/schema\/logo\/image\/","url":"https:\/\/centrourbano.com\/revista\/wp-content\/uploads\/web_CU_logo-1.png","contentUrl":"https:\/\/centrourbano.com\/revista\/wp-content\/uploads\/web_CU_logo-1.png","width":350,"height":91,"caption":"Centro Urbano"},"image":{"@id":"https:\/\/centrourbano.com\/revista\/#\/schema\/logo\/image\/"},"sameAs":["https:\/\/www.facebook.com\/portalcentrourbano","https:\/\/x.com\/CentroUrbano","https:\/\/www.instagram.com\/centro_urbano\/","https:\/\/www.linkedin.com\/company\/centro-urbano\/","http:\/\/www.youtube.com\/user\/portalcentrourbano"]},{"@type":"Person","@id":"https:\/\/centrourbano.com\/revista\/#\/schema\/person\/38a5f013f1017893ef1ef0454a94d0a7","name":"Aura Fuentes","image":{"@type":"ImageObject","inLanguage":"es","@id":"https:\/\/secure.gravatar.com\/avatar\/d4d494c7466b3a8e92935aa38a4205c72303f888e06051bec24b2018c769f20a?s=96&d=mm&r=g","url":"https:\/\/secure.gravatar.com\/avatar\/d4d494c7466b3a8e92935aa38a4205c72303f888e06051bec24b2018c769f20a?s=96&d=mm&r=g","contentUrl":"https:\/\/secure.gravatar.com\/avatar\/d4d494c7466b3a8e92935aa38a4205c72303f888e06051bec24b2018c769f20a?s=96&d=mm&r=g","caption":"Aura Fuentes"},"description":"Egresada de la carrera de Comunicaci\u00f3n y Periodismo en la FES Arag\u00f3n, UNAM. Aunque se especializ\u00f3 en Televisi\u00f3n prefiere estar detr\u00e1s de una computadora haciendo lo que m\u00e1s le gusta: escribir. Su mayor experiencia como profesionista la obtuvo en Diario de M\u00e9xico Edici\u00f3n USA, donde fungi\u00f3 como coordinadora editorial. Siempre perfeccionista y responsable, ahora se desempe\u00f1a como Editora en Jefe dentro de Centro Urbano.","sameAs":["http:\/\/@Aura_CU"],"url":"https:\/\/centrourbano.com\/revista\/author\/aura-fuentes\/"}]}},"_links":{"self":[{"href":"https:\/\/centrourbano.com\/revista\/wp-json\/wp\/v2\/posts\/18204","targetHints":{"allow":["GET"]}}],"collection":[{"href":"https:\/\/centrourbano.com\/revista\/wp-json\/wp\/v2\/posts"}],"about":[{"href":"https:\/\/centrourbano.com\/revista\/wp-json\/wp\/v2\/types\/post"}],"author":[{"embeddable":true,"href":"https:\/\/centrourbano.com\/revista\/wp-json\/wp\/v2\/users\/5"}],"replies":[{"embeddable":true,"href":"https:\/\/centrourbano.com\/revista\/wp-json\/wp\/v2\/comments?post=18204"}],"version-history":[{"count":0,"href":"https:\/\/centrourbano.com\/revista\/wp-json\/wp\/v2\/posts\/18204\/revisions"}],"wp:featuredmedia":[{"embeddable":true,"href":"https:\/\/centrourbano.com\/revista\/wp-json\/wp\/v2\/media\/18210"}],"wp:attachment":[{"href":"https:\/\/centrourbano.com\/revista\/wp-json\/wp\/v2\/media?parent=18204"}],"wp:term":[{"taxonomy":"category","embeddable":true,"href":"https:\/\/centrourbano.com\/revista\/wp-json\/wp\/v2\/categories?post=18204"},{"taxonomy":"post_tag","embeddable":true,"href":"https:\/\/centrourbano.com\/revista\/wp-json\/wp\/v2\/tags?post=18204"}],"curies":[{"name":"wp","href":"https:\/\/api.w.org\/{rel}","templated":true}]}}