{"id":18144,"date":"2015-04-20T11:04:57","date_gmt":"2015-04-20T16:04:57","guid":{"rendered":"http:\/\/centrourbano.com\/?p=18144"},"modified":"2015-04-20T11:07:54","modified_gmt":"2015-04-20T16:07:54","slug":"ios-offices-llegara-a-merida","status":"publish","type":"post","link":"https:\/\/centrourbano.com\/revista\/inmobiliario\/ios-offices-llegara-a-merida\/","title":{"rendered":"IOS Offices operar\u00e1 en M\u00e9rida"},"content":{"rendered":"<p>&nbsp;<\/p>\n<p><em>La empresa de renta de oficinas ampliar\u00e1 su operaci\u00f3n en las principales ciudades del pa\u00eds\u00a0<\/em><!--more--><\/p>\n<p>&nbsp;<\/p>\n<p>La empresa de renta de oficinas equipadas, IOS Offices, que actualmente cuenta con de 40,000 metros cuadrados instalados con oficinas totalmente amuebladas, pr\u00f3ximamente llegar\u00e1 a M\u00e9rida, en Yucat\u00e1n, con lo que ampliar\u00e1 su operaci\u00f3n en las ciudades m\u00e1s importantes del pa\u00eds como M\u00e9xico, Monterrey, Guadalajara, Puebla, Tijuana y Canc\u00fan.<\/p>\n<p>Debido a la naturaleza premium de las oficinas se ubicar\u00e1n en el lujoso edificio Pen\u00ednsula Montejo Lifestyle Center, en donde sus clientes gozar\u00e1n de una excelente imagen corporativa y con contratos flexibles.<\/p>\n<p>En tanto, el 21 de abril inaugurar\u00e1n en la Ciudad de M\u00e9xico su nuevo centro de negocios ubicado en IOS Offices Virreyes, ubicado en la colonia Molino del Rey, de la delegaci\u00f3n Miguel Hidalgo, cerca de la avenida Reforma, en donde ya cuenta con diversas instalaciones.<\/p>\n<p>Como sus siglas lo definen, \u201cIntelligent Office Solutions\u201d, IOS Offices provee una soluci\u00f3n inteligente de servicios integrales por medio de espacios de primer nivel que permiten a sus usuarios concentrarse exclusivamente en su core business, a trav\u00e9s de un servicio integral de renta de oficinas equipadas oficinas virtuales premium y salas de juntas.<\/p>\n<p>Los espacios de trabajo son de lujo, elegantes, funcionales, de arquitectura y dise\u00f1o vanguardistas y dotadas de tecnolog\u00eda de punta, mobiliario ergon\u00f3mico y todos los servicios.<\/p>\n<p>&nbsp;<\/p>\n<p>&nbsp;<\/p>\n<p>&nbsp;<\/p>\n","protected":false},"excerpt":{"rendered":"<p>&nbsp; La empresa de renta de oficinas ampliar\u00e1 su operaci\u00f3n en las principales ciudades del pa\u00eds\u00a0<\/p>\n","protected":false},"author":77,"featured_media":18145,"comment_status":"open","ping_status":"closed","sticky":false,"template":"","format":"standard","meta":{"inline_featured_image":false,"footnotes":""},"categories":[15],"tags":[290,964,59,58],"class_list":["post-18144","post","type-post","status-publish","format-standard","has-post-thumbnail","hentry","category-inmobiliario","tag-ciudad-de-mexico","tag-ios-offices","tag-merida","tag-oficinas"],"yoast_head":"<!-- This site is optimized with the Yoast SEO plugin v28.4 - https:\/\/yoast.com\/product\/yoast-seo-wordpress\/ -->\n<title>IOS Offices operar\u00e1 en M\u00e9rida -<\/title>\n<meta name=\"description\" content=\"&nbsp; La empresa de renta de oficinas ampliar\u00e1 su operaci\u00f3n en las principales ciudades del pa\u00eds\u00a0 &nbsp; La empresa de renta de oficinas equipadas, IOS\" \/>\n<meta name=\"robots\" content=\"index, follow, max-snippet:-1, max-image-preview:large, max-video-preview:-1\" \/>\n<link rel=\"canonical\" href=\"https:\/\/centrourbano.com\/revista\/inmobiliario\/ios-offices-llegara-a-merida\/\" \/>\n<meta property=\"og:locale\" content=\"es_ES\" \/>\n<meta property=\"og:type\" content=\"article\" \/>\n<meta property=\"og:title\" content=\"IOS Offices operar\u00e1 en M\u00e9rida -\" \/>\n<meta property=\"og:description\" content=\"&nbsp; La empresa de renta de oficinas ampliar\u00e1 su operaci\u00f3n en las principales ciudades del pa\u00eds\u00a0 &nbsp; La empresa de renta de oficinas equipadas, IOS\" \/>\n<meta property=\"og:url\" content=\"https:\/\/centrourbano.com\/revista\/inmobiliario\/ios-offices-llegara-a-merida\/\" \/>\n<meta property=\"og:site_name\" content=\"Centro Urbano\" \/>\n<meta property=\"article:publisher\" content=\"https:\/\/www.facebook.com\/portalcentrourbano\" \/>\n<meta property=\"article:published_time\" content=\"2015-04-20T16:04:57+00:00\" \/>\n<meta property=\"article:modified_time\" content=\"2015-04-20T16:07:54+00:00\" \/>\n<meta property=\"og:image\" content=\"https:\/\/centrourbano.com\/revista\/wp-content\/uploads\/IOS_OK.jpg\" \/>\n\t<meta property=\"og:image:width\" content=\"800\" \/>\n\t<meta property=\"og:image:height\" content=\"600\" \/>\n\t<meta property=\"og:image:type\" content=\"image\/jpeg\" \/>\n<meta name=\"author\" content=\"G4A\" \/>\n<meta name=\"twitter:card\" content=\"summary_large_image\" \/>\n<meta name=\"twitter:creator\" content=\"@CentroUrbano\" \/>\n<meta name=\"twitter:site\" content=\"@CentroUrbano\" \/>\n<meta name=\"twitter:label1\" content=\"Escrito por\" \/>\n\t<meta name=\"twitter:data1\" content=\"G4A\" \/>\n\t<meta name=\"twitter:label2\" content=\"Tiempo de lectura\" \/>\n\t<meta name=\"twitter:data2\" content=\"1 minuto\" \/>\n<script type=\"application\/ld+json\" class=\"yoast-schema-graph\">{\"@context\":\"https:\\\/\\\/schema.org\",\"@graph\":[{\"@type\":\"Article\",\"@id\":\"https:\\\/\\\/centrourbano.com\\\/revista\\\/inmobiliario\\\/ios-offices-llegara-a-merida\\\/#article\",\"isPartOf\":{\"@id\":\"https:\\\/\\\/centrourbano.com\\\/revista\\\/inmobiliario\\\/ios-offices-llegara-a-merida\\\/\"},\"author\":{\"name\":\"G4A\",\"@id\":\"https:\\\/\\\/centrourbano.com\\\/revista\\\/#\\\/schema\\\/person\\\/370fa0ba2d8dd5bde3fdb8b62ad360aa\"},\"headline\":\"IOS Offices operar\u00e1 en M\u00e9rida\",\"datePublished\":\"2015-04-20T16:04:57+00:00\",\"dateModified\":\"2015-04-20T16:07:54+00:00\",\"mainEntityOfPage\":{\"@id\":\"https:\\\/\\\/centrourbano.com\\\/revista\\\/inmobiliario\\\/ios-offices-llegara-a-merida\\\/\"},\"wordCount\":251,\"commentCount\":0,\"publisher\":{\"@id\":\"https:\\\/\\\/centrourbano.com\\\/revista\\\/#organization\"},\"image\":{\"@id\":\"https:\\\/\\\/centrourbano.com\\\/revista\\\/inmobiliario\\\/ios-offices-llegara-a-merida\\\/#primaryimage\"},\"thumbnailUrl\":\"https:\\\/\\\/centrourbano.com\\\/revista\\\/wp-content\\\/uploads\\\/IOS_OK.jpg\",\"keywords\":[\"ciudad de M\u00e9xico\",\"IOS Offices\",\"M\u00e9rida\",\"oficinas\"],\"articleSection\":[\"Inmobiliario\"],\"inLanguage\":\"es\"},{\"@type\":\"WebPage\",\"@id\":\"https:\\\/\\\/centrourbano.com\\\/revista\\\/inmobiliario\\\/ios-offices-llegara-a-merida\\\/\",\"url\":\"https:\\\/\\\/centrourbano.com\\\/revista\\\/inmobiliario\\\/ios-offices-llegara-a-merida\\\/\",\"name\":\"IOS Offices operar\u00e1 en M\u00e9rida -\",\"isPartOf\":{\"@id\":\"https:\\\/\\\/centrourbano.com\\\/revista\\\/#website\"},\"primaryImageOfPage\":{\"@id\":\"https:\\\/\\\/centrourbano.com\\\/revista\\\/inmobiliario\\\/ios-offices-llegara-a-merida\\\/#primaryimage\"},\"image\":{\"@id\":\"https:\\\/\\\/centrourbano.com\\\/revista\\\/inmobiliario\\\/ios-offices-llegara-a-merida\\\/#primaryimage\"},\"thumbnailUrl\":\"https:\\\/\\\/centrourbano.com\\\/revista\\\/wp-content\\\/uploads\\\/IOS_OK.jpg\",\"datePublished\":\"2015-04-20T16:04:57+00:00\",\"dateModified\":\"2015-04-20T16:07:54+00:00\",\"description\":\"&nbsp; La empresa de renta de oficinas ampliar\u00e1 su operaci\u00f3n en las principales ciudades del pa\u00eds\u00a0 &nbsp; La empresa de renta de oficinas equipadas, IOS\",\"breadcrumb\":{\"@id\":\"https:\\\/\\\/centrourbano.com\\\/revista\\\/inmobiliario\\\/ios-offices-llegara-a-merida\\\/#breadcrumb\"},\"inLanguage\":\"es\",\"potentialAction\":[{\"@type\":\"ReadAction\",\"target\":[\"https:\\\/\\\/centrourbano.com\\\/revista\\\/inmobiliario\\\/ios-offices-llegara-a-merida\\\/\"]}]},{\"@type\":\"ImageObject\",\"inLanguage\":\"es\",\"@id\":\"https:\\\/\\\/centrourbano.com\\\/revista\\\/inmobiliario\\\/ios-offices-llegara-a-merida\\\/#primaryimage\",\"url\":\"https:\\\/\\\/centrourbano.com\\\/revista\\\/wp-content\\\/uploads\\\/IOS_OK.jpg\",\"contentUrl\":\"https:\\\/\\\/centrourbano.com\\\/revista\\\/wp-content\\\/uploads\\\/IOS_OK.jpg\",\"width\":800,\"height\":600},{\"@type\":\"BreadcrumbList\",\"@id\":\"https:\\\/\\\/centrourbano.com\\\/revista\\\/inmobiliario\\\/ios-offices-llegara-a-merida\\\/#breadcrumb\",\"itemListElement\":[{\"@type\":\"ListItem\",\"position\":1,\"name\":\"Portada\",\"item\":\"https:\\\/\\\/centrourbano.com\\\/revista\\\/\"},{\"@type\":\"ListItem\",\"position\":2,\"name\":\"IOS Offices operar\u00e1 en M\u00e9rida\"}]},{\"@type\":\"WebSite\",\"@id\":\"https:\\\/\\\/centrourbano.com\\\/revista\\\/#website\",\"url\":\"https:\\\/\\\/centrourbano.com\\\/revista\\\/\",\"name\":\"Centro Urbano\",\"description\":\"Medio especializado en los sectores vivienda, inmobiliario, construcci\u00f3n, arquitectura y urbanismo.\",\"publisher\":{\"@id\":\"https:\\\/\\\/centrourbano.com\\\/revista\\\/#organization\"},\"potentialAction\":[{\"@type\":\"SearchAction\",\"target\":{\"@type\":\"EntryPoint\",\"urlTemplate\":\"https:\\\/\\\/centrourbano.com\\\/revista\\\/?s={search_term_string}\"},\"query-input\":{\"@type\":\"PropertyValueSpecification\",\"valueRequired\":true,\"valueName\":\"search_term_string\"}}],\"inLanguage\":\"es\"},{\"@type\":\"Organization\",\"@id\":\"https:\\\/\\\/centrourbano.com\\\/revista\\\/#organization\",\"name\":\"Centro Urbano\",\"url\":\"https:\\\/\\\/centrourbano.com\\\/revista\\\/\",\"logo\":{\"@type\":\"ImageObject\",\"inLanguage\":\"es\",\"@id\":\"https:\\\/\\\/centrourbano.com\\\/revista\\\/#\\\/schema\\\/logo\\\/image\\\/\",\"url\":\"https:\\\/\\\/centrourbano.com\\\/revista\\\/wp-content\\\/uploads\\\/web_CU_logo-1.png\",\"contentUrl\":\"https:\\\/\\\/centrourbano.com\\\/revista\\\/wp-content\\\/uploads\\\/web_CU_logo-1.png\",\"width\":350,\"height\":91,\"caption\":\"Centro Urbano\"},\"image\":{\"@id\":\"https:\\\/\\\/centrourbano.com\\\/revista\\\/#\\\/schema\\\/logo\\\/image\\\/\"},\"sameAs\":[\"https:\\\/\\\/www.facebook.com\\\/portalcentrourbano\",\"https:\\\/\\\/x.com\\\/CentroUrbano\",\"https:\\\/\\\/www.instagram.com\\\/centro_urbano\\\/\",\"https:\\\/\\\/www.linkedin.com\\\/company\\\/centro-urbano\\\/\",\"http:\\\/\\\/www.youtube.com\\\/user\\\/portalcentrourbano\"]},{\"@type\":\"Person\",\"@id\":\"https:\\\/\\\/centrourbano.com\\\/revista\\\/#\\\/schema\\\/person\\\/370fa0ba2d8dd5bde3fdb8b62ad360aa\",\"name\":\"G4A\",\"image\":{\"@type\":\"ImageObject\",\"inLanguage\":\"es\",\"@id\":\"https:\\\/\\\/secure.gravatar.com\\\/avatar\\\/932a97121b13d5de5bbd8193c6c83d3b92c9eda0f39623607d4280e7a5778d97?s=96&d=mm&r=g\",\"url\":\"https:\\\/\\\/secure.gravatar.com\\\/avatar\\\/932a97121b13d5de5bbd8193c6c83d3b92c9eda0f39623607d4280e7a5778d97?s=96&d=mm&r=g\",\"contentUrl\":\"https:\\\/\\\/secure.gravatar.com\\\/avatar\\\/932a97121b13d5de5bbd8193c6c83d3b92c9eda0f39623607d4280e7a5778d97?s=96&d=mm&r=g\",\"caption\":\"G4A\"},\"url\":\"https:\\\/\\\/centrourbano.com\\\/revista\\\/author\\\/admin-g4a\\\/\"}]}<\/script>\n<!-- \/ Yoast SEO plugin. -->","yoast_head_json":{"title":"IOS Offices operar\u00e1 en M\u00e9rida -","description":"&nbsp; La empresa de renta de oficinas ampliar\u00e1 su operaci\u00f3n en las principales ciudades del pa\u00eds\u00a0 &nbsp; La empresa de renta de oficinas equipadas, IOS","robots":{"index":"index","follow":"follow","max-snippet":"max-snippet:-1","max-image-preview":"max-image-preview:large","max-video-preview":"max-video-preview:-1"},"canonical":"https:\/\/centrourbano.com\/revista\/inmobiliario\/ios-offices-llegara-a-merida\/","og_locale":"es_ES","og_type":"article","og_title":"IOS Offices operar\u00e1 en M\u00e9rida -","og_description":"&nbsp; La empresa de renta de oficinas ampliar\u00e1 su operaci\u00f3n en las principales ciudades del pa\u00eds\u00a0 &nbsp; La empresa de renta de oficinas equipadas, IOS","og_url":"https:\/\/centrourbano.com\/revista\/inmobiliario\/ios-offices-llegara-a-merida\/","og_site_name":"Centro Urbano","article_publisher":"https:\/\/www.facebook.com\/portalcentrourbano","article_published_time":"2015-04-20T16:04:57+00:00","article_modified_time":"2015-04-20T16:07:54+00:00","og_image":[{"width":800,"height":600,"url":"https:\/\/centrourbano.com\/revista\/wp-content\/uploads\/IOS_OK.jpg","type":"image\/jpeg"}],"author":"G4A","twitter_card":"summary_large_image","twitter_creator":"@CentroUrbano","twitter_site":"@CentroUrbano","twitter_misc":{"Escrito por":"G4A","Tiempo de lectura":"1 minuto"},"schema":{"@context":"https:\/\/schema.org","@graph":[{"@type":"Article","@id":"https:\/\/centrourbano.com\/revista\/inmobiliario\/ios-offices-llegara-a-merida\/#article","isPartOf":{"@id":"https:\/\/centrourbano.com\/revista\/inmobiliario\/ios-offices-llegara-a-merida\/"},"author":{"name":"G4A","@id":"https:\/\/centrourbano.com\/revista\/#\/schema\/person\/370fa0ba2d8dd5bde3fdb8b62ad360aa"},"headline":"IOS Offices operar\u00e1 en M\u00e9rida","datePublished":"2015-04-20T16:04:57+00:00","dateModified":"2015-04-20T16:07:54+00:00","mainEntityOfPage":{"@id":"https:\/\/centrourbano.com\/revista\/inmobiliario\/ios-offices-llegara-a-merida\/"},"wordCount":251,"commentCount":0,"publisher":{"@id":"https:\/\/centrourbano.com\/revista\/#organization"},"image":{"@id":"https:\/\/centrourbano.com\/revista\/inmobiliario\/ios-offices-llegara-a-merida\/#primaryimage"},"thumbnailUrl":"https:\/\/centrourbano.com\/revista\/wp-content\/uploads\/IOS_OK.jpg","keywords":["ciudad de M\u00e9xico","IOS Offices","M\u00e9rida","oficinas"],"articleSection":["Inmobiliario"],"inLanguage":"es"},{"@type":"WebPage","@id":"https:\/\/centrourbano.com\/revista\/inmobiliario\/ios-offices-llegara-a-merida\/","url":"https:\/\/centrourbano.com\/revista\/inmobiliario\/ios-offices-llegara-a-merida\/","name":"IOS Offices operar\u00e1 en M\u00e9rida -","isPartOf":{"@id":"https:\/\/centrourbano.com\/revista\/#website"},"primaryImageOfPage":{"@id":"https:\/\/centrourbano.com\/revista\/inmobiliario\/ios-offices-llegara-a-merida\/#primaryimage"},"image":{"@id":"https:\/\/centrourbano.com\/revista\/inmobiliario\/ios-offices-llegara-a-merida\/#primaryimage"},"thumbnailUrl":"https:\/\/centrourbano.com\/revista\/wp-content\/uploads\/IOS_OK.jpg","datePublished":"2015-04-20T16:04:57+00:00","dateModified":"2015-04-20T16:07:54+00:00","description":"&nbsp; La empresa de renta de oficinas ampliar\u00e1 su operaci\u00f3n en las principales ciudades del pa\u00eds\u00a0 &nbsp; La empresa de renta de oficinas equipadas, IOS","breadcrumb":{"@id":"https:\/\/centrourbano.com\/revista\/inmobiliario\/ios-offices-llegara-a-merida\/#breadcrumb"},"inLanguage":"es","potentialAction":[{"@type":"ReadAction","target":["https:\/\/centrourbano.com\/revista\/inmobiliario\/ios-offices-llegara-a-merida\/"]}]},{"@type":"ImageObject","inLanguage":"es","@id":"https:\/\/centrourbano.com\/revista\/inmobiliario\/ios-offices-llegara-a-merida\/#primaryimage","url":"https:\/\/centrourbano.com\/revista\/wp-content\/uploads\/IOS_OK.jpg","contentUrl":"https:\/\/centrourbano.com\/revista\/wp-content\/uploads\/IOS_OK.jpg","width":800,"height":600},{"@type":"BreadcrumbList","@id":"https:\/\/centrourbano.com\/revista\/inmobiliario\/ios-offices-llegara-a-merida\/#breadcrumb","itemListElement":[{"@type":"ListItem","position":1,"name":"Portada","item":"https:\/\/centrourbano.com\/revista\/"},{"@type":"ListItem","position":2,"name":"IOS Offices operar\u00e1 en M\u00e9rida"}]},{"@type":"WebSite","@id":"https:\/\/centrourbano.com\/revista\/#website","url":"https:\/\/centrourbano.com\/revista\/","name":"Centro Urbano","description":"Medio especializado en los sectores vivienda, inmobiliario, construcci\u00f3n, arquitectura y urbanismo.","publisher":{"@id":"https:\/\/centrourbano.com\/revista\/#organization"},"potentialAction":[{"@type":"SearchAction","target":{"@type":"EntryPoint","urlTemplate":"https:\/\/centrourbano.com\/revista\/?s={search_term_string}"},"query-input":{"@type":"PropertyValueSpecification","valueRequired":true,"valueName":"search_term_string"}}],"inLanguage":"es"},{"@type":"Organization","@id":"https:\/\/centrourbano.com\/revista\/#organization","name":"Centro Urbano","url":"https:\/\/centrourbano.com\/revista\/","logo":{"@type":"ImageObject","inLanguage":"es","@id":"https:\/\/centrourbano.com\/revista\/#\/schema\/logo\/image\/","url":"https:\/\/centrourbano.com\/revista\/wp-content\/uploads\/web_CU_logo-1.png","contentUrl":"https:\/\/centrourbano.com\/revista\/wp-content\/uploads\/web_CU_logo-1.png","width":350,"height":91,"caption":"Centro Urbano"},"image":{"@id":"https:\/\/centrourbano.com\/revista\/#\/schema\/logo\/image\/"},"sameAs":["https:\/\/www.facebook.com\/portalcentrourbano","https:\/\/x.com\/CentroUrbano","https:\/\/www.instagram.com\/centro_urbano\/","https:\/\/www.linkedin.com\/company\/centro-urbano\/","http:\/\/www.youtube.com\/user\/portalcentrourbano"]},{"@type":"Person","@id":"https:\/\/centrourbano.com\/revista\/#\/schema\/person\/370fa0ba2d8dd5bde3fdb8b62ad360aa","name":"G4A","image":{"@type":"ImageObject","inLanguage":"es","@id":"https:\/\/secure.gravatar.com\/avatar\/932a97121b13d5de5bbd8193c6c83d3b92c9eda0f39623607d4280e7a5778d97?s=96&d=mm&r=g","url":"https:\/\/secure.gravatar.com\/avatar\/932a97121b13d5de5bbd8193c6c83d3b92c9eda0f39623607d4280e7a5778d97?s=96&d=mm&r=g","contentUrl":"https:\/\/secure.gravatar.com\/avatar\/932a97121b13d5de5bbd8193c6c83d3b92c9eda0f39623607d4280e7a5778d97?s=96&d=mm&r=g","caption":"G4A"},"url":"https:\/\/centrourbano.com\/revista\/author\/admin-g4a\/"}]}},"_links":{"self":[{"href":"https:\/\/centrourbano.com\/revista\/wp-json\/wp\/v2\/posts\/18144","targetHints":{"allow":["GET"]}}],"collection":[{"href":"https:\/\/centrourbano.com\/revista\/wp-json\/wp\/v2\/posts"}],"about":[{"href":"https:\/\/centrourbano.com\/revista\/wp-json\/wp\/v2\/types\/post"}],"author":[{"embeddable":true,"href":"https:\/\/centrourbano.com\/revista\/wp-json\/wp\/v2\/users\/77"}],"replies":[{"embeddable":true,"href":"https:\/\/centrourbano.com\/revista\/wp-json\/wp\/v2\/comments?post=18144"}],"version-history":[{"count":0,"href":"https:\/\/centrourbano.com\/revista\/wp-json\/wp\/v2\/posts\/18144\/revisions"}],"wp:featuredmedia":[{"embeddable":true,"href":"https:\/\/centrourbano.com\/revista\/wp-json\/wp\/v2\/media\/18145"}],"wp:attachment":[{"href":"https:\/\/centrourbano.com\/revista\/wp-json\/wp\/v2\/media?parent=18144"}],"wp:term":[{"taxonomy":"category","embeddable":true,"href":"https:\/\/centrourbano.com\/revista\/wp-json\/wp\/v2\/categories?post=18144"},{"taxonomy":"post_tag","embeddable":true,"href":"https:\/\/centrourbano.com\/revista\/wp-json\/wp\/v2\/tags?post=18144"}],"curies":[{"name":"wp","href":"https:\/\/api.w.org\/{rel}","templated":true}]}}