{"id":17996,"date":"2015-04-15T11:31:18","date_gmt":"2015-04-15T16:31:18","guid":{"rendered":"http:\/\/centrourbano.com\/?p=17996"},"modified":"2015-04-15T11:31:18","modified_gmt":"2015-04-15T16:31:18","slug":"impulsaran-industria-de-la-vivienda-en-puebla","status":"publish","type":"post","link":"https:\/\/centrourbano.com\/revista\/vivienda\/impulsaran-industria-de-la-vivienda-en-puebla\/","title":{"rendered":"Impulsar\u00e1n industria de la vivienda en Puebla"},"content":{"rendered":"<p>&nbsp;<\/p>\n<p><em>El estado ocupa el sitio 23 en inversi\u00f3n para este sector y es la quinta con menos habitaciones disponibles por habitante<\/em><\/p>\n<p><!--more--><\/p>\n<p>C\u00e9sar Bonilla Yunes, vicepresidente del\u00a0Consejo de Organismos empresariales\u00a0(COE) en Puebla, indic\u00f3 que en la entidad ser\u00e1 necesario fomentar programas de\u00a0financiamiento\u00a0para\u00a0impulsar la industria de la vivienda, tanto en la generaci\u00f3n de nuevos hogares, como en mejoramiento de los mismos, al tiempo que se deben hacer los arrendamientos m\u00e1s atractivos con apoyo bancario.<\/p>\n<p>Refiri\u00f3 que hay dos tendencias muy claras en la\u00a0entidad, ya que por un lado, 29.4% de la poblaci\u00f3n vive en localidades con menos de 2,500 habitantes, mientras que 26% est\u00e1 en localidades\u00a0donde el n\u00famero de personas supera el mill\u00f3n.<\/p>\n<p>Puebla ocupa el sitio 23 en inversi\u00f3n para\u00a0vivienda\u00a0por parte de la banca y el 27 por habitante con un monto promedio de 1,358 pesos per c\u00e1pita, 41% \u00a0debajo de la media nacional.<\/p>\n<p>De acuerdo con las cifras, Bonilla Yunes agreg\u00f3 que el estado es la quinta entidad donde m\u00e1s se necesita\u00a0vivienda\u00a0seguida de Chiapas, Guanajuato y Guerrero. Adem\u00e1s de ser la quinta entidad con menos habitaciones disponibles ya que suman 152 mil habitantes que \u00a0requieren de una vivienda, y donde 54% de la poblaci\u00f3n tiene menos de cuatro cuartos.<\/p>\n<p>En\u00a0 ese estado se ofrecen 42,000 cr\u00e9ditos al a\u00f1o vinculados a programas de vivienda, de los cuales 15,000 se vinculan con\u00a0Infonavit, 14,000 con acciones de\u00a0Sedesol, 5,500 con\u00a0Fonhapo, 2,500 con\u00a0Conavi\u00a0y similar cantidad por\u00a0Fovissste, mientras que el resto es con la banca y otras entidades.<\/p>\n","protected":false},"excerpt":{"rendered":"<p>&nbsp; El estado ocupa el sitio 23 en inversi\u00f3n para este sector y es la quinta con menos habitaciones disponibles por habitante<\/p>\n","protected":false},"author":28,"featured_media":17998,"comment_status":"open","ping_status":"closed","sticky":false,"template":"","format":"standard","meta":{"om_disable_all_campaigns":false,"inline_featured_image":false,"_monsterinsights_skip_tracking":false,"_monsterinsights_sitenote_active":false,"_monsterinsights_sitenote_note":"","_monsterinsights_sitenote_category":0,"footnotes":""},"categories":[12],"tags":[376,322,100,602,60],"class_list":["post-17996","post","type-post","status-publish","format-standard","has-post-thumbnail","hentry","category-vivienda","tag-conavi","tag-fonhapo","tag-infonavit","tag-puebla","tag-vivienda-2"],"yoast_head":"<!-- This site is optimized with the Yoast SEO plugin v27.4 - https:\/\/yoast.com\/product\/yoast-seo-wordpress\/ -->\n<title>Impulsar\u00e1n industria de la vivienda en Puebla -<\/title>\n<meta name=\"description\" content=\"&nbsp; El estado ocupa el sitio 23 en inversi\u00f3n para este sector y es la quinta con menos habitaciones disponibles por habitante C\u00e9sar Bonilla Yunes,\" \/>\n<meta name=\"robots\" content=\"index, follow, max-snippet:-1, max-image-preview:large, max-video-preview:-1\" \/>\n<link rel=\"canonical\" href=\"https:\/\/centrourbano.com\/revista\/vivienda\/impulsaran-industria-de-la-vivienda-en-puebla\/\" \/>\n<meta property=\"og:locale\" content=\"es_ES\" \/>\n<meta property=\"og:type\" content=\"article\" \/>\n<meta property=\"og:title\" content=\"Impulsar\u00e1n industria de la vivienda en Puebla -\" \/>\n<meta property=\"og:description\" content=\"&nbsp; El estado ocupa el sitio 23 en inversi\u00f3n para este sector y es la quinta con menos habitaciones disponibles por habitante C\u00e9sar Bonilla Yunes,\" \/>\n<meta property=\"og:url\" content=\"https:\/\/centrourbano.com\/revista\/vivienda\/impulsaran-industria-de-la-vivienda-en-puebla\/\" \/>\n<meta property=\"og:site_name\" content=\"Centro Urbano\" \/>\n<meta property=\"article:publisher\" content=\"https:\/\/www.facebook.com\/portalcentrourbano\" \/>\n<meta property=\"article:published_time\" content=\"2015-04-15T16:31:18+00:00\" \/>\n<meta property=\"og:image\" content=\"https:\/\/centrourbano.com\/revista\/wp-content\/uploads\/puebla-1.jpg\" \/>\n\t<meta property=\"og:image:width\" content=\"1024\" \/>\n\t<meta property=\"og:image:height\" content=\"768\" \/>\n\t<meta property=\"og:image:type\" content=\"image\/jpeg\" \/>\n<meta name=\"author\" content=\"Mario V\u00e1zquez Barrios\" \/>\n<meta name=\"twitter:card\" content=\"summary_large_image\" \/>\n<meta name=\"twitter:creator\" content=\"@MarioDeNiro\" \/>\n<meta name=\"twitter:site\" content=\"@CentroUrbano\" \/>\n<meta name=\"twitter:label1\" content=\"Escrito por\" \/>\n\t<meta name=\"twitter:data1\" content=\"Mario V\u00e1zquez Barrios\" \/>\n\t<meta name=\"twitter:label2\" content=\"Tiempo de lectura\" \/>\n\t<meta name=\"twitter:data2\" content=\"1 minuto\" \/>\n<script type=\"application\/ld+json\" class=\"yoast-schema-graph\">{\"@context\":\"https:\\\/\\\/schema.org\",\"@graph\":[{\"@type\":\"Article\",\"@id\":\"https:\\\/\\\/centrourbano.com\\\/revista\\\/vivienda\\\/impulsaran-industria-de-la-vivienda-en-puebla\\\/#article\",\"isPartOf\":{\"@id\":\"https:\\\/\\\/centrourbano.com\\\/revista\\\/vivienda\\\/impulsaran-industria-de-la-vivienda-en-puebla\\\/\"},\"author\":{\"name\":\"Mario V\u00e1zquez Barrios\",\"@id\":\"https:\\\/\\\/centrourbano.com\\\/revista\\\/#\\\/schema\\\/person\\\/71e020a5b63ca4230c0f1228a36cde93\"},\"headline\":\"Impulsar\u00e1n industria de la vivienda en Puebla\",\"datePublished\":\"2015-04-15T16:31:18+00:00\",\"mainEntityOfPage\":{\"@id\":\"https:\\\/\\\/centrourbano.com\\\/revista\\\/vivienda\\\/impulsaran-industria-de-la-vivienda-en-puebla\\\/\"},\"wordCount\":267,\"commentCount\":0,\"publisher\":{\"@id\":\"https:\\\/\\\/centrourbano.com\\\/revista\\\/#organization\"},\"image\":{\"@id\":\"https:\\\/\\\/centrourbano.com\\\/revista\\\/vivienda\\\/impulsaran-industria-de-la-vivienda-en-puebla\\\/#primaryimage\"},\"thumbnailUrl\":\"https:\\\/\\\/centrourbano.com\\\/revista\\\/wp-content\\\/uploads\\\/puebla-1.jpg\",\"keywords\":[\"Conavi\",\"Fonhapo\",\"Infonavit\",\"Puebla\",\"vivienda\"],\"articleSection\":[\"Vivienda\"],\"inLanguage\":\"es\",\"potentialAction\":[{\"@type\":\"CommentAction\",\"name\":\"Comment\",\"target\":[\"https:\\\/\\\/centrourbano.com\\\/revista\\\/vivienda\\\/impulsaran-industria-de-la-vivienda-en-puebla\\\/#respond\"]}]},{\"@type\":\"WebPage\",\"@id\":\"https:\\\/\\\/centrourbano.com\\\/revista\\\/vivienda\\\/impulsaran-industria-de-la-vivienda-en-puebla\\\/\",\"url\":\"https:\\\/\\\/centrourbano.com\\\/revista\\\/vivienda\\\/impulsaran-industria-de-la-vivienda-en-puebla\\\/\",\"name\":\"Impulsar\u00e1n industria de la vivienda en Puebla -\",\"isPartOf\":{\"@id\":\"https:\\\/\\\/centrourbano.com\\\/revista\\\/#website\"},\"primaryImageOfPage\":{\"@id\":\"https:\\\/\\\/centrourbano.com\\\/revista\\\/vivienda\\\/impulsaran-industria-de-la-vivienda-en-puebla\\\/#primaryimage\"},\"image\":{\"@id\":\"https:\\\/\\\/centrourbano.com\\\/revista\\\/vivienda\\\/impulsaran-industria-de-la-vivienda-en-puebla\\\/#primaryimage\"},\"thumbnailUrl\":\"https:\\\/\\\/centrourbano.com\\\/revista\\\/wp-content\\\/uploads\\\/puebla-1.jpg\",\"datePublished\":\"2015-04-15T16:31:18+00:00\",\"description\":\"&nbsp; El estado ocupa el sitio 23 en inversi\u00f3n para este sector y es la quinta con menos habitaciones disponibles por habitante C\u00e9sar Bonilla Yunes,\",\"breadcrumb\":{\"@id\":\"https:\\\/\\\/centrourbano.com\\\/revista\\\/vivienda\\\/impulsaran-industria-de-la-vivienda-en-puebla\\\/#breadcrumb\"},\"inLanguage\":\"es\",\"potentialAction\":[{\"@type\":\"ReadAction\",\"target\":[\"https:\\\/\\\/centrourbano.com\\\/revista\\\/vivienda\\\/impulsaran-industria-de-la-vivienda-en-puebla\\\/\"]}]},{\"@type\":\"ImageObject\",\"inLanguage\":\"es\",\"@id\":\"https:\\\/\\\/centrourbano.com\\\/revista\\\/vivienda\\\/impulsaran-industria-de-la-vivienda-en-puebla\\\/#primaryimage\",\"url\":\"https:\\\/\\\/centrourbano.com\\\/revista\\\/wp-content\\\/uploads\\\/puebla-1.jpg\",\"contentUrl\":\"https:\\\/\\\/centrourbano.com\\\/revista\\\/wp-content\\\/uploads\\\/puebla-1.jpg\",\"width\":1024,\"height\":768},{\"@type\":\"BreadcrumbList\",\"@id\":\"https:\\\/\\\/centrourbano.com\\\/revista\\\/vivienda\\\/impulsaran-industria-de-la-vivienda-en-puebla\\\/#breadcrumb\",\"itemListElement\":[{\"@type\":\"ListItem\",\"position\":1,\"name\":\"Portada\",\"item\":\"https:\\\/\\\/centrourbano.com\\\/revista\\\/\"},{\"@type\":\"ListItem\",\"position\":2,\"name\":\"Impulsar\u00e1n industria de la vivienda en Puebla\"}]},{\"@type\":\"WebSite\",\"@id\":\"https:\\\/\\\/centrourbano.com\\\/revista\\\/#website\",\"url\":\"https:\\\/\\\/centrourbano.com\\\/revista\\\/\",\"name\":\"Centro Urbano\",\"description\":\"Medio especializado en los sectores vivienda, inmobiliario, construcci\u00f3n, arquitectura y urbanismo.\",\"publisher\":{\"@id\":\"https:\\\/\\\/centrourbano.com\\\/revista\\\/#organization\"},\"potentialAction\":[{\"@type\":\"SearchAction\",\"target\":{\"@type\":\"EntryPoint\",\"urlTemplate\":\"https:\\\/\\\/centrourbano.com\\\/revista\\\/?s={search_term_string}\"},\"query-input\":{\"@type\":\"PropertyValueSpecification\",\"valueRequired\":true,\"valueName\":\"search_term_string\"}}],\"inLanguage\":\"es\"},{\"@type\":\"Organization\",\"@id\":\"https:\\\/\\\/centrourbano.com\\\/revista\\\/#organization\",\"name\":\"Centro Urbano\",\"url\":\"https:\\\/\\\/centrourbano.com\\\/revista\\\/\",\"logo\":{\"@type\":\"ImageObject\",\"inLanguage\":\"es\",\"@id\":\"https:\\\/\\\/centrourbano.com\\\/revista\\\/#\\\/schema\\\/logo\\\/image\\\/\",\"url\":\"https:\\\/\\\/centrourbano.com\\\/revista\\\/wp-content\\\/uploads\\\/web_CU_logo-1.png\",\"contentUrl\":\"https:\\\/\\\/centrourbano.com\\\/revista\\\/wp-content\\\/uploads\\\/web_CU_logo-1.png\",\"width\":350,\"height\":91,\"caption\":\"Centro Urbano\"},\"image\":{\"@id\":\"https:\\\/\\\/centrourbano.com\\\/revista\\\/#\\\/schema\\\/logo\\\/image\\\/\"},\"sameAs\":[\"https:\\\/\\\/www.facebook.com\\\/portalcentrourbano\",\"https:\\\/\\\/x.com\\\/CentroUrbano\",\"https:\\\/\\\/www.instagram.com\\\/centro_urbano\\\/\",\"https:\\\/\\\/www.linkedin.com\\\/company\\\/centro-urbano\\\/\",\"http:\\\/\\\/www.youtube.com\\\/user\\\/portalcentrourbano\"]},{\"@type\":\"Person\",\"@id\":\"https:\\\/\\\/centrourbano.com\\\/revista\\\/#\\\/schema\\\/person\\\/71e020a5b63ca4230c0f1228a36cde93\",\"name\":\"Mario V\u00e1zquez Barrios\",\"image\":{\"@type\":\"ImageObject\",\"inLanguage\":\"es\",\"@id\":\"https:\\\/\\\/secure.gravatar.com\\\/avatar\\\/347e6d9c0b04f0194ca244ba64b0fe62752d716a3a93d1713bd259eb87aad5b6?s=96&d=mm&r=g\",\"url\":\"https:\\\/\\\/secure.gravatar.com\\\/avatar\\\/347e6d9c0b04f0194ca244ba64b0fe62752d716a3a93d1713bd259eb87aad5b6?s=96&d=mm&r=g\",\"contentUrl\":\"https:\\\/\\\/secure.gravatar.com\\\/avatar\\\/347e6d9c0b04f0194ca244ba64b0fe62752d716a3a93d1713bd259eb87aad5b6?s=96&d=mm&r=g\",\"caption\":\"Mario V\u00e1zquez Barrios\"},\"description\":\"Me inici\u00e9 en El Financiero haciendo reportajes; en MegaNoticias Televisi\u00f3n fui reportero titular; en EMedios, control de calidad; y Radio 13 Noticias me acogi\u00f3 como colaborador. Me gusta encontrar en las banquetas la nota, una entrevista y el inicio de un reportaje.\",\"sameAs\":[\"https:\\\/\\\/x.com\\\/@MarioDeNiro\"],\"url\":\"https:\\\/\\\/centrourbano.com\\\/revista\\\/author\\\/mario-vazquez\\\/\"}]}<\/script>\n<!-- \/ Yoast SEO plugin. -->","yoast_head_json":{"title":"Impulsar\u00e1n industria de la vivienda en Puebla -","description":"&nbsp; El estado ocupa el sitio 23 en inversi\u00f3n para este sector y es la quinta con menos habitaciones disponibles por habitante C\u00e9sar Bonilla Yunes,","robots":{"index":"index","follow":"follow","max-snippet":"max-snippet:-1","max-image-preview":"max-image-preview:large","max-video-preview":"max-video-preview:-1"},"canonical":"https:\/\/centrourbano.com\/revista\/vivienda\/impulsaran-industria-de-la-vivienda-en-puebla\/","og_locale":"es_ES","og_type":"article","og_title":"Impulsar\u00e1n industria de la vivienda en Puebla -","og_description":"&nbsp; El estado ocupa el sitio 23 en inversi\u00f3n para este sector y es la quinta con menos habitaciones disponibles por habitante C\u00e9sar Bonilla Yunes,","og_url":"https:\/\/centrourbano.com\/revista\/vivienda\/impulsaran-industria-de-la-vivienda-en-puebla\/","og_site_name":"Centro Urbano","article_publisher":"https:\/\/www.facebook.com\/portalcentrourbano","article_published_time":"2015-04-15T16:31:18+00:00","og_image":[{"width":1024,"height":768,"url":"https:\/\/centrourbano.com\/revista\/wp-content\/uploads\/puebla-1.jpg","type":"image\/jpeg"}],"author":"Mario V\u00e1zquez Barrios","twitter_card":"summary_large_image","twitter_creator":"@MarioDeNiro","twitter_site":"@CentroUrbano","twitter_misc":{"Escrito por":"Mario V\u00e1zquez Barrios","Tiempo de lectura":"1 minuto"},"schema":{"@context":"https:\/\/schema.org","@graph":[{"@type":"Article","@id":"https:\/\/centrourbano.com\/revista\/vivienda\/impulsaran-industria-de-la-vivienda-en-puebla\/#article","isPartOf":{"@id":"https:\/\/centrourbano.com\/revista\/vivienda\/impulsaran-industria-de-la-vivienda-en-puebla\/"},"author":{"name":"Mario V\u00e1zquez Barrios","@id":"https:\/\/centrourbano.com\/revista\/#\/schema\/person\/71e020a5b63ca4230c0f1228a36cde93"},"headline":"Impulsar\u00e1n industria de la vivienda en Puebla","datePublished":"2015-04-15T16:31:18+00:00","mainEntityOfPage":{"@id":"https:\/\/centrourbano.com\/revista\/vivienda\/impulsaran-industria-de-la-vivienda-en-puebla\/"},"wordCount":267,"commentCount":0,"publisher":{"@id":"https:\/\/centrourbano.com\/revista\/#organization"},"image":{"@id":"https:\/\/centrourbano.com\/revista\/vivienda\/impulsaran-industria-de-la-vivienda-en-puebla\/#primaryimage"},"thumbnailUrl":"https:\/\/centrourbano.com\/revista\/wp-content\/uploads\/puebla-1.jpg","keywords":["Conavi","Fonhapo","Infonavit","Puebla","vivienda"],"articleSection":["Vivienda"],"inLanguage":"es","potentialAction":[{"@type":"CommentAction","name":"Comment","target":["https:\/\/centrourbano.com\/revista\/vivienda\/impulsaran-industria-de-la-vivienda-en-puebla\/#respond"]}]},{"@type":"WebPage","@id":"https:\/\/centrourbano.com\/revista\/vivienda\/impulsaran-industria-de-la-vivienda-en-puebla\/","url":"https:\/\/centrourbano.com\/revista\/vivienda\/impulsaran-industria-de-la-vivienda-en-puebla\/","name":"Impulsar\u00e1n industria de la vivienda en Puebla -","isPartOf":{"@id":"https:\/\/centrourbano.com\/revista\/#website"},"primaryImageOfPage":{"@id":"https:\/\/centrourbano.com\/revista\/vivienda\/impulsaran-industria-de-la-vivienda-en-puebla\/#primaryimage"},"image":{"@id":"https:\/\/centrourbano.com\/revista\/vivienda\/impulsaran-industria-de-la-vivienda-en-puebla\/#primaryimage"},"thumbnailUrl":"https:\/\/centrourbano.com\/revista\/wp-content\/uploads\/puebla-1.jpg","datePublished":"2015-04-15T16:31:18+00:00","description":"&nbsp; El estado ocupa el sitio 23 en inversi\u00f3n para este sector y es la quinta con menos habitaciones disponibles por habitante C\u00e9sar Bonilla Yunes,","breadcrumb":{"@id":"https:\/\/centrourbano.com\/revista\/vivienda\/impulsaran-industria-de-la-vivienda-en-puebla\/#breadcrumb"},"inLanguage":"es","potentialAction":[{"@type":"ReadAction","target":["https:\/\/centrourbano.com\/revista\/vivienda\/impulsaran-industria-de-la-vivienda-en-puebla\/"]}]},{"@type":"ImageObject","inLanguage":"es","@id":"https:\/\/centrourbano.com\/revista\/vivienda\/impulsaran-industria-de-la-vivienda-en-puebla\/#primaryimage","url":"https:\/\/centrourbano.com\/revista\/wp-content\/uploads\/puebla-1.jpg","contentUrl":"https:\/\/centrourbano.com\/revista\/wp-content\/uploads\/puebla-1.jpg","width":1024,"height":768},{"@type":"BreadcrumbList","@id":"https:\/\/centrourbano.com\/revista\/vivienda\/impulsaran-industria-de-la-vivienda-en-puebla\/#breadcrumb","itemListElement":[{"@type":"ListItem","position":1,"name":"Portada","item":"https:\/\/centrourbano.com\/revista\/"},{"@type":"ListItem","position":2,"name":"Impulsar\u00e1n industria de la vivienda en Puebla"}]},{"@type":"WebSite","@id":"https:\/\/centrourbano.com\/revista\/#website","url":"https:\/\/centrourbano.com\/revista\/","name":"Centro Urbano","description":"Medio especializado en los sectores vivienda, inmobiliario, construcci\u00f3n, arquitectura y urbanismo.","publisher":{"@id":"https:\/\/centrourbano.com\/revista\/#organization"},"potentialAction":[{"@type":"SearchAction","target":{"@type":"EntryPoint","urlTemplate":"https:\/\/centrourbano.com\/revista\/?s={search_term_string}"},"query-input":{"@type":"PropertyValueSpecification","valueRequired":true,"valueName":"search_term_string"}}],"inLanguage":"es"},{"@type":"Organization","@id":"https:\/\/centrourbano.com\/revista\/#organization","name":"Centro Urbano","url":"https:\/\/centrourbano.com\/revista\/","logo":{"@type":"ImageObject","inLanguage":"es","@id":"https:\/\/centrourbano.com\/revista\/#\/schema\/logo\/image\/","url":"https:\/\/centrourbano.com\/revista\/wp-content\/uploads\/web_CU_logo-1.png","contentUrl":"https:\/\/centrourbano.com\/revista\/wp-content\/uploads\/web_CU_logo-1.png","width":350,"height":91,"caption":"Centro Urbano"},"image":{"@id":"https:\/\/centrourbano.com\/revista\/#\/schema\/logo\/image\/"},"sameAs":["https:\/\/www.facebook.com\/portalcentrourbano","https:\/\/x.com\/CentroUrbano","https:\/\/www.instagram.com\/centro_urbano\/","https:\/\/www.linkedin.com\/company\/centro-urbano\/","http:\/\/www.youtube.com\/user\/portalcentrourbano"]},{"@type":"Person","@id":"https:\/\/centrourbano.com\/revista\/#\/schema\/person\/71e020a5b63ca4230c0f1228a36cde93","name":"Mario V\u00e1zquez Barrios","image":{"@type":"ImageObject","inLanguage":"es","@id":"https:\/\/secure.gravatar.com\/avatar\/347e6d9c0b04f0194ca244ba64b0fe62752d716a3a93d1713bd259eb87aad5b6?s=96&d=mm&r=g","url":"https:\/\/secure.gravatar.com\/avatar\/347e6d9c0b04f0194ca244ba64b0fe62752d716a3a93d1713bd259eb87aad5b6?s=96&d=mm&r=g","contentUrl":"https:\/\/secure.gravatar.com\/avatar\/347e6d9c0b04f0194ca244ba64b0fe62752d716a3a93d1713bd259eb87aad5b6?s=96&d=mm&r=g","caption":"Mario V\u00e1zquez Barrios"},"description":"Me inici\u00e9 en El Financiero haciendo reportajes; en MegaNoticias Televisi\u00f3n fui reportero titular; en EMedios, control de calidad; y Radio 13 Noticias me acogi\u00f3 como colaborador. Me gusta encontrar en las banquetas la nota, una entrevista y el inicio de un reportaje.","sameAs":["https:\/\/x.com\/@MarioDeNiro"],"url":"https:\/\/centrourbano.com\/revista\/author\/mario-vazquez\/"}]}},"_links":{"self":[{"href":"https:\/\/centrourbano.com\/revista\/wp-json\/wp\/v2\/posts\/17996","targetHints":{"allow":["GET"]}}],"collection":[{"href":"https:\/\/centrourbano.com\/revista\/wp-json\/wp\/v2\/posts"}],"about":[{"href":"https:\/\/centrourbano.com\/revista\/wp-json\/wp\/v2\/types\/post"}],"author":[{"embeddable":true,"href":"https:\/\/centrourbano.com\/revista\/wp-json\/wp\/v2\/users\/28"}],"replies":[{"embeddable":true,"href":"https:\/\/centrourbano.com\/revista\/wp-json\/wp\/v2\/comments?post=17996"}],"version-history":[{"count":0,"href":"https:\/\/centrourbano.com\/revista\/wp-json\/wp\/v2\/posts\/17996\/revisions"}],"wp:featuredmedia":[{"embeddable":true,"href":"https:\/\/centrourbano.com\/revista\/wp-json\/wp\/v2\/media\/17998"}],"wp:attachment":[{"href":"https:\/\/centrourbano.com\/revista\/wp-json\/wp\/v2\/media?parent=17996"}],"wp:term":[{"taxonomy":"category","embeddable":true,"href":"https:\/\/centrourbano.com\/revista\/wp-json\/wp\/v2\/categories?post=17996"},{"taxonomy":"post_tag","embeddable":true,"href":"https:\/\/centrourbano.com\/revista\/wp-json\/wp\/v2\/tags?post=17996"}],"curies":[{"name":"wp","href":"https:\/\/api.w.org\/{rel}","templated":true}]}}