{"id":17992,"date":"2015-04-15T11:06:39","date_gmt":"2015-04-15T16:06:39","guid":{"rendered":"http:\/\/centrourbano.com\/?p=17992"},"modified":"2015-04-15T12:21:48","modified_gmt":"2015-04-15T17:21:48","slug":"energia-vinculada-al-desarrollo-urbano","status":"publish","type":"post","link":"https:\/\/centrourbano.com\/revista\/entrevistas\/energia-vinculada-al-desarrollo-urbano\/","title":{"rendered":"Energ\u00eda vinculada al desarrollo urbano"},"content":{"rendered":"<p>&nbsp;<\/p>\n<p>La nueva pol\u00edtica energ\u00e9tica mundial apunta ahora hacia un consumo moderado de los recursos. En M\u00e9xico,\u00a0 hacia 1997 se consum\u00edan en energ\u00eda 51.7 por ciento en hidrocarburos; 28.8 por ciento en energ\u00eda hidroel\u00e9ctrica; 7.5 por ciento en carboel\u00e9ctrica; 6 por ciento dual; 3.8 por ciento nuclear y 2.2 por ciento e\u00f3lica.<sup>1<\/sup><\/p>\n<p><!--more--><\/p>\n<p>Para 2013, seg\u00fan datos de la Comisi\u00f3n Federal de Electricidad (CFE), que presenta la Revista Electr\u00f3nica de Educaci\u00f3n, muestra que el crecimiento de otras energ\u00edas en el pa\u00eds ha sido nulo, ya que en 16 a\u00f1os creci\u00f3 la energ\u00eda nuclear menos del dos por ciento mientras que el descenso en uso de hidrocarburos fue menor al ocho por ciento, en tanto que el crecimiento en otras ramas de producci\u00f3n de energ\u00eda mantiene un alza de forma marginal.<\/p>\n<p>En charla con <strong>Centro Urbano<\/strong>, Od\u00f3n de Buen Rodr\u00edguez, director general de Comisi\u00f3n Nacional para el Uso Eficiente de la Energ\u00eda (Conuee) muestra que el avance y los retos en la pol\u00edtica energ\u00e9tica implementada por el Estado mexicano que necesita, dadas las condiciones, acelerar su paso.<\/p>\n<p><strong>Econom\u00eda detona crecimiento energ\u00e9tico<\/strong><\/p>\n<p>El ingeniero especialista detall\u00f3 las zonas en el pa\u00eds que consumen m\u00e1s energ\u00eda. \u201cEn la CDMX hay concentraci\u00f3n de consumos, pero hay desarrollos tambi\u00e9n al alza en zonas m\u00e1s urbanizadas donde est\u00e1 la actividad econ\u00f3mica, como la tur\u00edstica, en las pen\u00ednsulas de Baja California Sur y Quintana Roo; el Baj\u00edo es una zona de crecimiento asociada a la manufactura, fabricaci\u00f3n de autos, refrigeradores y tambi\u00e9n la frontera, porque el tema pesa en la econom\u00eda de Estados Unidos y los productos que exportamos all\u00e1\u201d.<\/p>\n<p>El tambi\u00e9n especialista en temas energ\u00e9ticos manifest\u00f3 que lo que uno de los temas m\u00e1s preocupantes en t\u00e9rminos de abasto de energ\u00eda est\u00e1\u00a0 en los municipios con el alumbrado p\u00fablico y los sistemas de bombeo de agua, donde han concentrado los apoyos, e identifican oportunidades y donde incluso tienen un proyecto que premia a instalaciones de lumbreras que cumplen ciertos criterios t\u00e9cnicos.<\/p>\n<p>\u201cHay un proyecto nacional que otorga un incentivo a municipios para que cambien su sistema de alumbrado p\u00fablico bajo condiciones establecidas por la Conuee, y hay un recurso tambi\u00e9n por parte de la Secretar\u00eda de Energ\u00eda (Sener) del Fondo de Transici\u00f3n Energ\u00e9tica, que puede llegar a ser hasta de 15 por ciento del monto o 10 millones de pesos de la inversi\u00f3n en luminarias\u201d, inform\u00f3.<\/p>\n<p>Dijo tambi\u00e9n que tienen proyectos de divulgaci\u00f3n de temas del ordenamiento urbano y sistemas de transporte, aunque aclar\u00f3, no se tienen muchos recursos, pero b\u00e1sicamente se trata de mejorar la eficiencia energ\u00e9tica en cada uno.<\/p>\n<p><strong>Viviendas y uso de energ\u00eda<\/strong><\/p>\n<p>De Buen Rodr\u00edguez hizo un balance de las normas relacionadas con el tema vivienda. \u201cTenemos un universo de 29 normas, la mayor\u00eda de ellas afectan al sector vivienda. Tenemos normas para refrigeradores, estufas, calentadores de agua a gas, equipos de aire acondicionado, que han permitido que el consumo promedio de la vivienda en M\u00e9xico en electricidad y en gas no haya crecido tanto\u201d, resalt\u00f3.<\/p>\n<p>Mencion\u00f3 que el reto mayor est\u00e1 en lo que se refiere a zonas de clima c\u00e1lido, donde se trabaja con el sector por el lado de la La C\u00e1mara Nacional de la Industria de Promoci\u00f3n y Desarrollo de la Vivienda (Canadevi) como organismo que representa a los desarrolladores de vivienda y la Comisi\u00f3n Nacional de Vivienda (Conavi), como autoridad, e Infonavit como ente financiero, para tratar que la NOM 020 se cumpla a cabalidad en todo lo que tenga que ver con vivienda y recursos p\u00fablicos y record\u00f3 que esta norma\u00a0 toma en cuenta el material envolvente utilizado en construcciones donde se pretende reducir en particular la necesidad de aire acondicionado, enfatiz\u00f3.<\/p>\n<p>\u201cSe busca el uso de aislamiento t\u00e9rmico por aprovechamiento de la energ\u00eda solar; la NOM 020 es una norma que no tiene elementos determinados para cada fachada o pared, pero s\u00ed a trav\u00e9s de un an\u00e1lisis del envolvente puede decirse si cumple o no el envolvente con la norma y esto lo hacemos a trav\u00e9s de unas unidades de verificaci\u00f3n autorizadas que otorgan un dictamen si una casa cumple con el requerimiento\u201d, dijo.<\/p>\n<p>En cuanto al tema de construcci\u00f3n, mencion\u00f3 que la dependencia cuenta con la Norma 018 que verifica diversos materiales de construcci\u00f3n para conocer su conductividad, y que est\u00e1 relacionada con la Norma Envolvente que asegura las caracter\u00edsticas de aislamiento t\u00e9rmico; tambi\u00e9n dijo que hay otra norma relativa a ventanas, pero que est\u00e1 en proceso porque a\u00fan no cuentan con el laboratorio de pruebas que la valide y emitir las certificaciones correspondientes.<\/p>\n<p>\u201cHay otra Norma relativa a edificios no residenciales que ata\u00f1e la densidad en la potencia de iluminaci\u00f3n que operamos a trav\u00e9s de CFE, que solicita -al hacer la instalaci\u00f3n el\u00e9ctrica- un dictamen en la unidad de verificaci\u00f3n para comprobar que se reduzca la potencia y energ\u00eda en los equipos\u201d, explic\u00f3.<\/p>\n<p>Mencion\u00f3 que la labor de la dependencia se desarrolla en toda la rep\u00fablica pero que han hecho \u00e9nfasis en zonas de clima c\u00e1lido o extremo como Baja California, Baja California Sur, Sonora, Yucat\u00e1n y Veracruz, en donde no se cuenta con clima templado, que es b\u00e1sicamente las costas y el norte de M\u00e9xico.<\/p>\n<p><strong>Apoyos t\u00e9cnicos en el pa\u00eds<\/strong><\/p>\n<p>Hizo menci\u00f3n de 11 localidades\u00a0que han concluido su participaci\u00f3n en el Proyecto Nacional de Eficiencia Energ\u00e9tica en Alumbrado P\u00fablico Municipal donde han sido\u00a0beneficiados con recursos del Fondo para la Transici\u00f3n Energ\u00e9tica y el Aprovechamiento Sustentable de la Energ\u00eda\u00a0(Fotease): Xochitepec, Morelos; Apodaca, Nuevo Le\u00f3n; Delicias, Chihuahua; Ixtlahuac\u00e1n del R\u00edo, Jalisco; San Miguel el Alto, Jalisco; Ocotl\u00e1n, Jalisco; Durango, Durango; Aguascalientes, Aguascalientes; Oaxaca de Ju\u00e1rez, Oaxaca; Tultitl\u00e1n, Estado de M\u00e9xico y Arandas, en Jalisco, aunque dijo que en el proceso se han inscrito cerca de 300 municipios a lo largo de 4 a\u00f1os, destac\u00f3.<\/p>\n<p>\u201cHemos estado apoyando proyectos importantes como el cambio de alumbrado en Guadalajara. La ciudad acaba de hacer una licitaci\u00f3n para cambiar 40 mil l\u00e1mparas; nosotros apoyamos en asegurarnos de que cumplan con las normas vigentes y asegurar niveles de calidad en iluminaci\u00f3n\u201d, recalc\u00f3.<\/p>\n<p>Al cuestion\u00e1rsele si Conuee, apoya en las luminarias que est\u00e1n cambiando en Paseo de la Reforma, en la capital, coment\u00f3 que el gobierno local no ha solicitado su apoyo. \u201cEn el alumbrado en Paseo de la Reforma no nos ha pedido apoyo el Gobierno de la Ciudad de M\u00e9xico, aunque nosotros aseguramos en particular la funcionalidad en l\u00e1mparas LED -que hay una variedad importante- que cumplan con las normas y hacer p\u00fablico qu\u00e9 equipos no la tienen\u201d, explic\u00f3.<\/p>\n<p><strong>Formas de ahorro de energ\u00eda <\/strong><\/p>\n<p>El titular de la Conuee hizo referencia a la necesidad de contar con una cultura energ\u00e9tica en el hogar. \u201cTiene que ver con los h\u00e1bitos; no dejando las luces prendidas, ni equipos, no tener aparatos el\u00e9ctricos de m\u00e1s, y la forma en que los compramos debe ser en funci\u00f3n de su uso energ\u00e9tico\u201d.<\/p>\n<p>Se\u00f1al\u00f3 que vale la pena buscar asesor\u00eda para ahorrar energ\u00eda en las viviendas. \u201cSi uno est\u00e1 en clima c\u00e1lido hay que buscar alg\u00fan especialista que se dedique al aislamiento t\u00e9rmico o tratar de consultar en una unidad de la Conuee para ver la posibilidad de modificar los envolventes de la vivienda y generar ahorro\u201d.<\/p>\n<p>Expuso que en el Gobierno Federal hay un sistema de normas al respecto. \u201cEn M\u00e9xico tenemos varias normas al respecto y adem\u00e1s, contamos con 60 laboratorios de pruebas para todo tipo de equipos y 6 organismos de certificaci\u00f3n que dan resultados a partir de esas pruebas, y que permiten que los productos de mercado sean m\u00e1s eficientes energ\u00e9ticamente\u201d, finaliz\u00f3.<\/p>\n","protected":false},"excerpt":{"rendered":"<p>&nbsp; La nueva pol\u00edtica energ\u00e9tica mundial apunta ahora hacia un consumo moderado de los recursos. En M\u00e9xico,\u00a0 hacia 1997 se consum\u00edan en energ\u00eda 51.7 por ciento en hidrocarburos; 28.8 por ciento en energ\u00eda hidroel\u00e9ctrica; 7.5 por ciento en carboel\u00e9ctrica; 6 por ciento dual; 3.8 por ciento nuclear y 2.2 por ciento e\u00f3lica.1<\/p>\n","protected":false},"author":28,"featured_media":18005,"comment_status":"open","ping_status":"closed","sticky":false,"template":"","format":"standard","meta":{"om_disable_all_campaigns":false,"inline_featured_image":false,"_monsterinsights_skip_tracking":false,"_monsterinsights_sitenote_active":false,"_monsterinsights_sitenote_note":"","_monsterinsights_sitenote_category":0,"footnotes":""},"categories":[13],"tags":[186,4820,818,4821,4470,60],"class_list":["post-17992","post","type-post","status-publish","format-standard","has-post-thumbnail","hentry","category-entrevistas","tag-alumbrado","tag-conuee","tag-energia","tag-odon-de-buen","tag-secretaria-de-energia","tag-vivienda-2"],"yoast_head":"<!-- This site is optimized with the Yoast SEO plugin v27.4 - https:\/\/yoast.com\/product\/yoast-seo-wordpress\/ -->\n<title>Energ\u00eda vinculada al desarrollo urbano -<\/title>\n<meta name=\"description\" content=\"&nbsp; La nueva pol\u00edtica energ\u00e9tica mundial apunta ahora hacia un consumo moderado de los recursos. En M\u00e9xico,\u00a0 hacia 1997 se consum\u00edan en energ\u00eda 51.7\" \/>\n<meta name=\"robots\" content=\"index, follow, max-snippet:-1, max-image-preview:large, max-video-preview:-1\" \/>\n<link rel=\"canonical\" href=\"https:\/\/centrourbano.com\/revista\/entrevistas\/energia-vinculada-al-desarrollo-urbano\/\" \/>\n<meta property=\"og:locale\" content=\"es_ES\" \/>\n<meta property=\"og:type\" content=\"article\" \/>\n<meta property=\"og:title\" content=\"Energ\u00eda vinculada al desarrollo urbano -\" \/>\n<meta property=\"og:description\" content=\"&nbsp; La nueva pol\u00edtica energ\u00e9tica mundial apunta ahora hacia un consumo moderado de los recursos. En M\u00e9xico,\u00a0 hacia 1997 se consum\u00edan en energ\u00eda 51.7\" \/>\n<meta property=\"og:url\" content=\"https:\/\/centrourbano.com\/revista\/entrevistas\/energia-vinculada-al-desarrollo-urbano\/\" \/>\n<meta property=\"og:site_name\" content=\"Centro Urbano\" \/>\n<meta property=\"article:publisher\" content=\"https:\/\/www.facebook.com\/portalcentrourbano\" \/>\n<meta property=\"article:published_time\" content=\"2015-04-15T16:06:39+00:00\" \/>\n<meta property=\"article:modified_time\" content=\"2015-04-15T17:21:48+00:00\" \/>\n<meta property=\"og:image\" content=\"https:\/\/centrourbano.com\/revista\/wp-content\/uploads\/Od\u00f3n-de-Buen-Conuee-ok-ok.jpg\" \/>\n\t<meta property=\"og:image:width\" content=\"1236\" \/>\n\t<meta property=\"og:image:height\" content=\"782\" \/>\n\t<meta property=\"og:image:type\" content=\"image\/jpeg\" \/>\n<meta name=\"author\" content=\"Mario V\u00e1zquez Barrios\" \/>\n<meta name=\"twitter:card\" content=\"summary_large_image\" \/>\n<meta name=\"twitter:creator\" content=\"@MarioDeNiro\" \/>\n<meta name=\"twitter:site\" content=\"@CentroUrbano\" \/>\n<meta name=\"twitter:label1\" content=\"Escrito por\" \/>\n\t<meta name=\"twitter:data1\" content=\"Mario V\u00e1zquez Barrios\" \/>\n\t<meta name=\"twitter:label2\" content=\"Tiempo de lectura\" \/>\n\t<meta name=\"twitter:data2\" content=\"7 minutos\" \/>\n<script type=\"application\/ld+json\" class=\"yoast-schema-graph\">{\"@context\":\"https:\\\/\\\/schema.org\",\"@graph\":[{\"@type\":\"Article\",\"@id\":\"https:\\\/\\\/centrourbano.com\\\/revista\\\/entrevistas\\\/energia-vinculada-al-desarrollo-urbano\\\/#article\",\"isPartOf\":{\"@id\":\"https:\\\/\\\/centrourbano.com\\\/revista\\\/entrevistas\\\/energia-vinculada-al-desarrollo-urbano\\\/\"},\"author\":{\"name\":\"Mario V\u00e1zquez Barrios\",\"@id\":\"https:\\\/\\\/centrourbano.com\\\/revista\\\/#\\\/schema\\\/person\\\/71e020a5b63ca4230c0f1228a36cde93\"},\"headline\":\"Energ\u00eda vinculada al desarrollo urbano\",\"datePublished\":\"2015-04-15T16:06:39+00:00\",\"dateModified\":\"2015-04-15T17:21:48+00:00\",\"mainEntityOfPage\":{\"@id\":\"https:\\\/\\\/centrourbano.com\\\/revista\\\/entrevistas\\\/energia-vinculada-al-desarrollo-urbano\\\/\"},\"wordCount\":1363,\"commentCount\":0,\"publisher\":{\"@id\":\"https:\\\/\\\/centrourbano.com\\\/revista\\\/#organization\"},\"image\":{\"@id\":\"https:\\\/\\\/centrourbano.com\\\/revista\\\/entrevistas\\\/energia-vinculada-al-desarrollo-urbano\\\/#primaryimage\"},\"thumbnailUrl\":\"https:\\\/\\\/centrourbano.com\\\/revista\\\/wp-content\\\/uploads\\\/Od\u00f3n-de-Buen-Conuee-ok-ok.jpg\",\"keywords\":[\"alumbrado\",\"Conuee\",\"energ\u00eda\",\"Od\u00f3n de Buen\",\"Secretar\u00eda de Energ\u00eda\",\"vivienda\"],\"articleSection\":[\"Entrevistas\"],\"inLanguage\":\"es\",\"potentialAction\":[{\"@type\":\"CommentAction\",\"name\":\"Comment\",\"target\":[\"https:\\\/\\\/centrourbano.com\\\/revista\\\/entrevistas\\\/energia-vinculada-al-desarrollo-urbano\\\/#respond\"]}]},{\"@type\":\"WebPage\",\"@id\":\"https:\\\/\\\/centrourbano.com\\\/revista\\\/entrevistas\\\/energia-vinculada-al-desarrollo-urbano\\\/\",\"url\":\"https:\\\/\\\/centrourbano.com\\\/revista\\\/entrevistas\\\/energia-vinculada-al-desarrollo-urbano\\\/\",\"name\":\"Energ\u00eda vinculada al desarrollo urbano -\",\"isPartOf\":{\"@id\":\"https:\\\/\\\/centrourbano.com\\\/revista\\\/#website\"},\"primaryImageOfPage\":{\"@id\":\"https:\\\/\\\/centrourbano.com\\\/revista\\\/entrevistas\\\/energia-vinculada-al-desarrollo-urbano\\\/#primaryimage\"},\"image\":{\"@id\":\"https:\\\/\\\/centrourbano.com\\\/revista\\\/entrevistas\\\/energia-vinculada-al-desarrollo-urbano\\\/#primaryimage\"},\"thumbnailUrl\":\"https:\\\/\\\/centrourbano.com\\\/revista\\\/wp-content\\\/uploads\\\/Od\u00f3n-de-Buen-Conuee-ok-ok.jpg\",\"datePublished\":\"2015-04-15T16:06:39+00:00\",\"dateModified\":\"2015-04-15T17:21:48+00:00\",\"description\":\"&nbsp; La nueva pol\u00edtica energ\u00e9tica mundial apunta ahora hacia un consumo moderado de los recursos. En M\u00e9xico,\u00a0 hacia 1997 se consum\u00edan en energ\u00eda 51.7\",\"breadcrumb\":{\"@id\":\"https:\\\/\\\/centrourbano.com\\\/revista\\\/entrevistas\\\/energia-vinculada-al-desarrollo-urbano\\\/#breadcrumb\"},\"inLanguage\":\"es\",\"potentialAction\":[{\"@type\":\"ReadAction\",\"target\":[\"https:\\\/\\\/centrourbano.com\\\/revista\\\/entrevistas\\\/energia-vinculada-al-desarrollo-urbano\\\/\"]}]},{\"@type\":\"ImageObject\",\"inLanguage\":\"es\",\"@id\":\"https:\\\/\\\/centrourbano.com\\\/revista\\\/entrevistas\\\/energia-vinculada-al-desarrollo-urbano\\\/#primaryimage\",\"url\":\"https:\\\/\\\/centrourbano.com\\\/revista\\\/wp-content\\\/uploads\\\/Od\u00f3n-de-Buen-Conuee-ok-ok.jpg\",\"contentUrl\":\"https:\\\/\\\/centrourbano.com\\\/revista\\\/wp-content\\\/uploads\\\/Od\u00f3n-de-Buen-Conuee-ok-ok.jpg\",\"width\":1236,\"height\":782},{\"@type\":\"BreadcrumbList\",\"@id\":\"https:\\\/\\\/centrourbano.com\\\/revista\\\/entrevistas\\\/energia-vinculada-al-desarrollo-urbano\\\/#breadcrumb\",\"itemListElement\":[{\"@type\":\"ListItem\",\"position\":1,\"name\":\"Portada\",\"item\":\"https:\\\/\\\/centrourbano.com\\\/revista\\\/\"},{\"@type\":\"ListItem\",\"position\":2,\"name\":\"Energ\u00eda vinculada al desarrollo urbano\"}]},{\"@type\":\"WebSite\",\"@id\":\"https:\\\/\\\/centrourbano.com\\\/revista\\\/#website\",\"url\":\"https:\\\/\\\/centrourbano.com\\\/revista\\\/\",\"name\":\"Centro Urbano\",\"description\":\"Medio especializado en los sectores vivienda, inmobiliario, construcci\u00f3n, arquitectura y urbanismo.\",\"publisher\":{\"@id\":\"https:\\\/\\\/centrourbano.com\\\/revista\\\/#organization\"},\"potentialAction\":[{\"@type\":\"SearchAction\",\"target\":{\"@type\":\"EntryPoint\",\"urlTemplate\":\"https:\\\/\\\/centrourbano.com\\\/revista\\\/?s={search_term_string}\"},\"query-input\":{\"@type\":\"PropertyValueSpecification\",\"valueRequired\":true,\"valueName\":\"search_term_string\"}}],\"inLanguage\":\"es\"},{\"@type\":\"Organization\",\"@id\":\"https:\\\/\\\/centrourbano.com\\\/revista\\\/#organization\",\"name\":\"Centro Urbano\",\"url\":\"https:\\\/\\\/centrourbano.com\\\/revista\\\/\",\"logo\":{\"@type\":\"ImageObject\",\"inLanguage\":\"es\",\"@id\":\"https:\\\/\\\/centrourbano.com\\\/revista\\\/#\\\/schema\\\/logo\\\/image\\\/\",\"url\":\"https:\\\/\\\/centrourbano.com\\\/revista\\\/wp-content\\\/uploads\\\/web_CU_logo-1.png\",\"contentUrl\":\"https:\\\/\\\/centrourbano.com\\\/revista\\\/wp-content\\\/uploads\\\/web_CU_logo-1.png\",\"width\":350,\"height\":91,\"caption\":\"Centro Urbano\"},\"image\":{\"@id\":\"https:\\\/\\\/centrourbano.com\\\/revista\\\/#\\\/schema\\\/logo\\\/image\\\/\"},\"sameAs\":[\"https:\\\/\\\/www.facebook.com\\\/portalcentrourbano\",\"https:\\\/\\\/x.com\\\/CentroUrbano\",\"https:\\\/\\\/www.instagram.com\\\/centro_urbano\\\/\",\"https:\\\/\\\/www.linkedin.com\\\/company\\\/centro-urbano\\\/\",\"http:\\\/\\\/www.youtube.com\\\/user\\\/portalcentrourbano\"]},{\"@type\":\"Person\",\"@id\":\"https:\\\/\\\/centrourbano.com\\\/revista\\\/#\\\/schema\\\/person\\\/71e020a5b63ca4230c0f1228a36cde93\",\"name\":\"Mario V\u00e1zquez Barrios\",\"image\":{\"@type\":\"ImageObject\",\"inLanguage\":\"es\",\"@id\":\"https:\\\/\\\/secure.gravatar.com\\\/avatar\\\/347e6d9c0b04f0194ca244ba64b0fe62752d716a3a93d1713bd259eb87aad5b6?s=96&d=mm&r=g\",\"url\":\"https:\\\/\\\/secure.gravatar.com\\\/avatar\\\/347e6d9c0b04f0194ca244ba64b0fe62752d716a3a93d1713bd259eb87aad5b6?s=96&d=mm&r=g\",\"contentUrl\":\"https:\\\/\\\/secure.gravatar.com\\\/avatar\\\/347e6d9c0b04f0194ca244ba64b0fe62752d716a3a93d1713bd259eb87aad5b6?s=96&d=mm&r=g\",\"caption\":\"Mario V\u00e1zquez Barrios\"},\"description\":\"Me inici\u00e9 en El Financiero haciendo reportajes; en MegaNoticias Televisi\u00f3n fui reportero titular; en EMedios, control de calidad; y Radio 13 Noticias me acogi\u00f3 como colaborador. Me gusta encontrar en las banquetas la nota, una entrevista y el inicio de un reportaje.\",\"sameAs\":[\"https:\\\/\\\/x.com\\\/@MarioDeNiro\"],\"url\":\"https:\\\/\\\/centrourbano.com\\\/revista\\\/author\\\/mario-vazquez\\\/\"}]}<\/script>\n<!-- \/ Yoast SEO plugin. -->","yoast_head_json":{"title":"Energ\u00eda vinculada al desarrollo urbano -","description":"&nbsp; La nueva pol\u00edtica energ\u00e9tica mundial apunta ahora hacia un consumo moderado de los recursos. En M\u00e9xico,\u00a0 hacia 1997 se consum\u00edan en energ\u00eda 51.7","robots":{"index":"index","follow":"follow","max-snippet":"max-snippet:-1","max-image-preview":"max-image-preview:large","max-video-preview":"max-video-preview:-1"},"canonical":"https:\/\/centrourbano.com\/revista\/entrevistas\/energia-vinculada-al-desarrollo-urbano\/","og_locale":"es_ES","og_type":"article","og_title":"Energ\u00eda vinculada al desarrollo urbano -","og_description":"&nbsp; La nueva pol\u00edtica energ\u00e9tica mundial apunta ahora hacia un consumo moderado de los recursos. En M\u00e9xico,\u00a0 hacia 1997 se consum\u00edan en energ\u00eda 51.7","og_url":"https:\/\/centrourbano.com\/revista\/entrevistas\/energia-vinculada-al-desarrollo-urbano\/","og_site_name":"Centro Urbano","article_publisher":"https:\/\/www.facebook.com\/portalcentrourbano","article_published_time":"2015-04-15T16:06:39+00:00","article_modified_time":"2015-04-15T17:21:48+00:00","og_image":[{"width":1236,"height":782,"url":"https:\/\/centrourbano.com\/revista\/wp-content\/uploads\/Od\u00f3n-de-Buen-Conuee-ok-ok.jpg","type":"image\/jpeg"}],"author":"Mario V\u00e1zquez Barrios","twitter_card":"summary_large_image","twitter_creator":"@MarioDeNiro","twitter_site":"@CentroUrbano","twitter_misc":{"Escrito por":"Mario V\u00e1zquez Barrios","Tiempo de lectura":"7 minutos"},"schema":{"@context":"https:\/\/schema.org","@graph":[{"@type":"Article","@id":"https:\/\/centrourbano.com\/revista\/entrevistas\/energia-vinculada-al-desarrollo-urbano\/#article","isPartOf":{"@id":"https:\/\/centrourbano.com\/revista\/entrevistas\/energia-vinculada-al-desarrollo-urbano\/"},"author":{"name":"Mario V\u00e1zquez Barrios","@id":"https:\/\/centrourbano.com\/revista\/#\/schema\/person\/71e020a5b63ca4230c0f1228a36cde93"},"headline":"Energ\u00eda vinculada al desarrollo urbano","datePublished":"2015-04-15T16:06:39+00:00","dateModified":"2015-04-15T17:21:48+00:00","mainEntityOfPage":{"@id":"https:\/\/centrourbano.com\/revista\/entrevistas\/energia-vinculada-al-desarrollo-urbano\/"},"wordCount":1363,"commentCount":0,"publisher":{"@id":"https:\/\/centrourbano.com\/revista\/#organization"},"image":{"@id":"https:\/\/centrourbano.com\/revista\/entrevistas\/energia-vinculada-al-desarrollo-urbano\/#primaryimage"},"thumbnailUrl":"https:\/\/centrourbano.com\/revista\/wp-content\/uploads\/Od\u00f3n-de-Buen-Conuee-ok-ok.jpg","keywords":["alumbrado","Conuee","energ\u00eda","Od\u00f3n de Buen","Secretar\u00eda de Energ\u00eda","vivienda"],"articleSection":["Entrevistas"],"inLanguage":"es","potentialAction":[{"@type":"CommentAction","name":"Comment","target":["https:\/\/centrourbano.com\/revista\/entrevistas\/energia-vinculada-al-desarrollo-urbano\/#respond"]}]},{"@type":"WebPage","@id":"https:\/\/centrourbano.com\/revista\/entrevistas\/energia-vinculada-al-desarrollo-urbano\/","url":"https:\/\/centrourbano.com\/revista\/entrevistas\/energia-vinculada-al-desarrollo-urbano\/","name":"Energ\u00eda vinculada al desarrollo urbano -","isPartOf":{"@id":"https:\/\/centrourbano.com\/revista\/#website"},"primaryImageOfPage":{"@id":"https:\/\/centrourbano.com\/revista\/entrevistas\/energia-vinculada-al-desarrollo-urbano\/#primaryimage"},"image":{"@id":"https:\/\/centrourbano.com\/revista\/entrevistas\/energia-vinculada-al-desarrollo-urbano\/#primaryimage"},"thumbnailUrl":"https:\/\/centrourbano.com\/revista\/wp-content\/uploads\/Od\u00f3n-de-Buen-Conuee-ok-ok.jpg","datePublished":"2015-04-15T16:06:39+00:00","dateModified":"2015-04-15T17:21:48+00:00","description":"&nbsp; La nueva pol\u00edtica energ\u00e9tica mundial apunta ahora hacia un consumo moderado de los recursos. En M\u00e9xico,\u00a0 hacia 1997 se consum\u00edan en energ\u00eda 51.7","breadcrumb":{"@id":"https:\/\/centrourbano.com\/revista\/entrevistas\/energia-vinculada-al-desarrollo-urbano\/#breadcrumb"},"inLanguage":"es","potentialAction":[{"@type":"ReadAction","target":["https:\/\/centrourbano.com\/revista\/entrevistas\/energia-vinculada-al-desarrollo-urbano\/"]}]},{"@type":"ImageObject","inLanguage":"es","@id":"https:\/\/centrourbano.com\/revista\/entrevistas\/energia-vinculada-al-desarrollo-urbano\/#primaryimage","url":"https:\/\/centrourbano.com\/revista\/wp-content\/uploads\/Od\u00f3n-de-Buen-Conuee-ok-ok.jpg","contentUrl":"https:\/\/centrourbano.com\/revista\/wp-content\/uploads\/Od\u00f3n-de-Buen-Conuee-ok-ok.jpg","width":1236,"height":782},{"@type":"BreadcrumbList","@id":"https:\/\/centrourbano.com\/revista\/entrevistas\/energia-vinculada-al-desarrollo-urbano\/#breadcrumb","itemListElement":[{"@type":"ListItem","position":1,"name":"Portada","item":"https:\/\/centrourbano.com\/revista\/"},{"@type":"ListItem","position":2,"name":"Energ\u00eda vinculada al desarrollo urbano"}]},{"@type":"WebSite","@id":"https:\/\/centrourbano.com\/revista\/#website","url":"https:\/\/centrourbano.com\/revista\/","name":"Centro Urbano","description":"Medio especializado en los sectores vivienda, inmobiliario, construcci\u00f3n, arquitectura y urbanismo.","publisher":{"@id":"https:\/\/centrourbano.com\/revista\/#organization"},"potentialAction":[{"@type":"SearchAction","target":{"@type":"EntryPoint","urlTemplate":"https:\/\/centrourbano.com\/revista\/?s={search_term_string}"},"query-input":{"@type":"PropertyValueSpecification","valueRequired":true,"valueName":"search_term_string"}}],"inLanguage":"es"},{"@type":"Organization","@id":"https:\/\/centrourbano.com\/revista\/#organization","name":"Centro Urbano","url":"https:\/\/centrourbano.com\/revista\/","logo":{"@type":"ImageObject","inLanguage":"es","@id":"https:\/\/centrourbano.com\/revista\/#\/schema\/logo\/image\/","url":"https:\/\/centrourbano.com\/revista\/wp-content\/uploads\/web_CU_logo-1.png","contentUrl":"https:\/\/centrourbano.com\/revista\/wp-content\/uploads\/web_CU_logo-1.png","width":350,"height":91,"caption":"Centro Urbano"},"image":{"@id":"https:\/\/centrourbano.com\/revista\/#\/schema\/logo\/image\/"},"sameAs":["https:\/\/www.facebook.com\/portalcentrourbano","https:\/\/x.com\/CentroUrbano","https:\/\/www.instagram.com\/centro_urbano\/","https:\/\/www.linkedin.com\/company\/centro-urbano\/","http:\/\/www.youtube.com\/user\/portalcentrourbano"]},{"@type":"Person","@id":"https:\/\/centrourbano.com\/revista\/#\/schema\/person\/71e020a5b63ca4230c0f1228a36cde93","name":"Mario V\u00e1zquez Barrios","image":{"@type":"ImageObject","inLanguage":"es","@id":"https:\/\/secure.gravatar.com\/avatar\/347e6d9c0b04f0194ca244ba64b0fe62752d716a3a93d1713bd259eb87aad5b6?s=96&d=mm&r=g","url":"https:\/\/secure.gravatar.com\/avatar\/347e6d9c0b04f0194ca244ba64b0fe62752d716a3a93d1713bd259eb87aad5b6?s=96&d=mm&r=g","contentUrl":"https:\/\/secure.gravatar.com\/avatar\/347e6d9c0b04f0194ca244ba64b0fe62752d716a3a93d1713bd259eb87aad5b6?s=96&d=mm&r=g","caption":"Mario V\u00e1zquez Barrios"},"description":"Me inici\u00e9 en El Financiero haciendo reportajes; en MegaNoticias Televisi\u00f3n fui reportero titular; en EMedios, control de calidad; y Radio 13 Noticias me acogi\u00f3 como colaborador. Me gusta encontrar en las banquetas la nota, una entrevista y el inicio de un reportaje.","sameAs":["https:\/\/x.com\/@MarioDeNiro"],"url":"https:\/\/centrourbano.com\/revista\/author\/mario-vazquez\/"}]}},"_links":{"self":[{"href":"https:\/\/centrourbano.com\/revista\/wp-json\/wp\/v2\/posts\/17992","targetHints":{"allow":["GET"]}}],"collection":[{"href":"https:\/\/centrourbano.com\/revista\/wp-json\/wp\/v2\/posts"}],"about":[{"href":"https:\/\/centrourbano.com\/revista\/wp-json\/wp\/v2\/types\/post"}],"author":[{"embeddable":true,"href":"https:\/\/centrourbano.com\/revista\/wp-json\/wp\/v2\/users\/28"}],"replies":[{"embeddable":true,"href":"https:\/\/centrourbano.com\/revista\/wp-json\/wp\/v2\/comments?post=17992"}],"version-history":[{"count":0,"href":"https:\/\/centrourbano.com\/revista\/wp-json\/wp\/v2\/posts\/17992\/revisions"}],"wp:featuredmedia":[{"embeddable":true,"href":"https:\/\/centrourbano.com\/revista\/wp-json\/wp\/v2\/media\/18005"}],"wp:attachment":[{"href":"https:\/\/centrourbano.com\/revista\/wp-json\/wp\/v2\/media?parent=17992"}],"wp:term":[{"taxonomy":"category","embeddable":true,"href":"https:\/\/centrourbano.com\/revista\/wp-json\/wp\/v2\/categories?post=17992"},{"taxonomy":"post_tag","embeddable":true,"href":"https:\/\/centrourbano.com\/revista\/wp-json\/wp\/v2\/tags?post=17992"}],"curies":[{"name":"wp","href":"https:\/\/api.w.org\/{rel}","templated":true}]}}