{"id":17964,"date":"2015-04-14T14:05:41","date_gmt":"2015-04-14T19:05:41","guid":{"rendered":"http:\/\/centrourbano.com\/?p=17964"},"modified":"2015-04-14T14:05:41","modified_gmt":"2015-04-14T19:05:41","slug":"trabajara-el-df-en-conjunto-con-alemania-en-materia-de-urbanismo","status":"publish","type":"post","link":"https:\/\/centrourbano.com\/revista\/urbanismo\/trabajara-el-df-en-conjunto-con-alemania-en-materia-de-urbanismo\/","title":{"rendered":"Trabajar\u00e1 el DF en conjunto con Alemania en materia de urbanismo"},"content":{"rendered":"<p>&nbsp;<\/p>\n<p><em>Autoridades capitalinas buscan seguir el ejemplo del pa\u00eds europeo mediante nexos de cooperaci\u00f3n<\/em><!--more--><\/p>\n<p>Una delegaci\u00f3n de legisladores alemanes encabezados por el presidente de la C\u00e1mara de Diputados de Berlin, Ralph Wieland, visit\u00f3 la ciudad de M\u00e9xico como parte de una gira de trabajo de cinco d\u00edas en la ciudad, a la que fueron invitados por la Asamblea Legislativa del Distrito Federal (ALDF) para hablar del intercambio de pr\u00e1cticas y experiencias legislativas.<\/p>\n<p>Durante la reuni\u00f3n, el jefe de Gobierno del DF, Miguel \u00c1ngel Mancera, se\u00f1al\u00f3 que la capital mexicana se encuentra en un proceso permanente de modernizaci\u00f3n en materia de movilidad, manejo de agua, medio ambiente y manejo de residuos s\u00f3lidos.<\/p>\n<p>Por su parte, Ralph Wieland, subray\u00f3 que pese a la distancia geogr\u00e1fica, Berl\u00edn y la ciudad de M\u00e9xico comparten nexos fraternos y de cooperaci\u00f3n muy importantes. En el encuentro tambi\u00e9n estuvieron el Embajador de Alemania en M\u00e9xico, Viktor Elbling, y los representantes de la C\u00e1mara de Diputados de Berl\u00edn Andreas Gram, Robbin Juhnke, Andy Jauch, Clara Herrmann y Karin Brandes.<\/p>\n<p>Con este encuentro, el Jefe de Gobierno reitera su compromiso de trabajar con representantes pol\u00edticos de otras latitudes como parte de un intercambio constante de experiencias, pero, sobre todo, de acercar a la ciudad y todo lo que ofrece a otros pa\u00edses.<\/p>\n","protected":false},"excerpt":{"rendered":"<p>&nbsp; Autoridades capitalinas buscan seguir el ejemplo del pa\u00eds europeo mediante nexos de cooperaci\u00f3n<\/p>\n","protected":false},"author":77,"featured_media":17968,"comment_status":"open","ping_status":"closed","sticky":false,"template":"","format":"standard","meta":{"inline_featured_image":false,"footnotes":""},"categories":[82],"tags":[4809,332,1032,606,334,229,4810],"class_list":["post-17964","post","type-post","status-publish","format-standard","has-post-thumbnail","hentry","category-urbanismo","tag-acuerdos-de-cooperacion","tag-aldf","tag-alemania","tag-cdmx","tag-mexico","tag-miguel-angel-mancera","tag-ralph-wieland"],"yoast_head":"<!-- This site is optimized with the Yoast SEO plugin v28.4 - https:\/\/yoast.com\/product\/yoast-seo-wordpress\/ -->\n<title>Trabajar\u00e1 el DF en conjunto con Alemania en materia de urbanismo -<\/title>\n<meta name=\"description\" content=\"&nbsp; Autoridades capitalinas buscan seguir el ejemplo del pa\u00eds europeo mediante nexos de cooperaci\u00f3n Una delegaci\u00f3n de legisladores alemanes encabezados\" \/>\n<meta name=\"robots\" content=\"index, follow, max-snippet:-1, max-image-preview:large, max-video-preview:-1\" \/>\n<link rel=\"canonical\" href=\"https:\/\/centrourbano.com\/revista\/urbanismo\/trabajara-el-df-en-conjunto-con-alemania-en-materia-de-urbanismo\/\" \/>\n<meta property=\"og:locale\" content=\"es_ES\" \/>\n<meta property=\"og:type\" content=\"article\" \/>\n<meta property=\"og:title\" content=\"Trabajar\u00e1 el DF en conjunto con Alemania en materia de urbanismo -\" \/>\n<meta property=\"og:description\" content=\"&nbsp; Autoridades capitalinas buscan seguir el ejemplo del pa\u00eds europeo mediante nexos de cooperaci\u00f3n Una delegaci\u00f3n de legisladores alemanes encabezados\" \/>\n<meta property=\"og:url\" content=\"https:\/\/centrourbano.com\/revista\/urbanismo\/trabajara-el-df-en-conjunto-con-alemania-en-materia-de-urbanismo\/\" \/>\n<meta property=\"og:site_name\" content=\"Centro Urbano\" \/>\n<meta property=\"article:publisher\" content=\"https:\/\/www.facebook.com\/portalcentrourbano\" \/>\n<meta property=\"article:published_time\" content=\"2015-04-14T19:05:41+00:00\" \/>\n<meta property=\"og:image\" content=\"https:\/\/centrourbano.com\/revista\/wp-content\/uploads\/130415-MIGUEL-\u00c1NGEL-MANCERA-DIPUTADOS-ALEMANIA-1.jpg\" \/>\n\t<meta property=\"og:image:width\" content=\"800\" \/>\n\t<meta property=\"og:image:height\" content=\"534\" \/>\n\t<meta property=\"og:image:type\" content=\"image\/jpeg\" \/>\n<meta name=\"author\" content=\"G4A\" \/>\n<meta name=\"twitter:card\" content=\"summary_large_image\" \/>\n<meta name=\"twitter:creator\" content=\"@CentroUrbano\" \/>\n<meta name=\"twitter:site\" content=\"@CentroUrbano\" \/>\n<meta name=\"twitter:label1\" content=\"Escrito por\" \/>\n\t<meta name=\"twitter:data1\" content=\"G4A\" \/>\n\t<meta name=\"twitter:label2\" content=\"Tiempo de lectura\" \/>\n\t<meta name=\"twitter:data2\" content=\"1 minuto\" \/>\n<script type=\"application\/ld+json\" class=\"yoast-schema-graph\">{\"@context\":\"https:\\\/\\\/schema.org\",\"@graph\":[{\"@type\":\"Article\",\"@id\":\"https:\\\/\\\/centrourbano.com\\\/revista\\\/urbanismo\\\/trabajara-el-df-en-conjunto-con-alemania-en-materia-de-urbanismo\\\/#article\",\"isPartOf\":{\"@id\":\"https:\\\/\\\/centrourbano.com\\\/revista\\\/urbanismo\\\/trabajara-el-df-en-conjunto-con-alemania-en-materia-de-urbanismo\\\/\"},\"author\":{\"name\":\"G4A\",\"@id\":\"https:\\\/\\\/centrourbano.com\\\/revista\\\/#\\\/schema\\\/person\\\/370fa0ba2d8dd5bde3fdb8b62ad360aa\"},\"headline\":\"Trabajar\u00e1 el DF en conjunto con Alemania en materia de urbanismo\",\"datePublished\":\"2015-04-14T19:05:41+00:00\",\"mainEntityOfPage\":{\"@id\":\"https:\\\/\\\/centrourbano.com\\\/revista\\\/urbanismo\\\/trabajara-el-df-en-conjunto-con-alemania-en-materia-de-urbanismo\\\/\"},\"wordCount\":245,\"commentCount\":0,\"publisher\":{\"@id\":\"https:\\\/\\\/centrourbano.com\\\/revista\\\/#organization\"},\"image\":{\"@id\":\"https:\\\/\\\/centrourbano.com\\\/revista\\\/urbanismo\\\/trabajara-el-df-en-conjunto-con-alemania-en-materia-de-urbanismo\\\/#primaryimage\"},\"thumbnailUrl\":\"https:\\\/\\\/centrourbano.com\\\/revista\\\/wp-content\\\/uploads\\\/130415-MIGUEL-\u00c1NGEL-MANCERA-DIPUTADOS-ALEMANIA-1.jpg\",\"keywords\":[\"Acuerdos de cooperaci\u00f3n\",\"ALDF\",\"Alemania\",\"CDMX\",\"M\u00e9xico\",\"Miguel \u00c1ngel Mancera\",\"Ralph Wieland\"],\"articleSection\":[\"Urbanismo\"],\"inLanguage\":\"es\"},{\"@type\":\"WebPage\",\"@id\":\"https:\\\/\\\/centrourbano.com\\\/revista\\\/urbanismo\\\/trabajara-el-df-en-conjunto-con-alemania-en-materia-de-urbanismo\\\/\",\"url\":\"https:\\\/\\\/centrourbano.com\\\/revista\\\/urbanismo\\\/trabajara-el-df-en-conjunto-con-alemania-en-materia-de-urbanismo\\\/\",\"name\":\"Trabajar\u00e1 el DF en conjunto con Alemania en materia de urbanismo -\",\"isPartOf\":{\"@id\":\"https:\\\/\\\/centrourbano.com\\\/revista\\\/#website\"},\"primaryImageOfPage\":{\"@id\":\"https:\\\/\\\/centrourbano.com\\\/revista\\\/urbanismo\\\/trabajara-el-df-en-conjunto-con-alemania-en-materia-de-urbanismo\\\/#primaryimage\"},\"image\":{\"@id\":\"https:\\\/\\\/centrourbano.com\\\/revista\\\/urbanismo\\\/trabajara-el-df-en-conjunto-con-alemania-en-materia-de-urbanismo\\\/#primaryimage\"},\"thumbnailUrl\":\"https:\\\/\\\/centrourbano.com\\\/revista\\\/wp-content\\\/uploads\\\/130415-MIGUEL-\u00c1NGEL-MANCERA-DIPUTADOS-ALEMANIA-1.jpg\",\"datePublished\":\"2015-04-14T19:05:41+00:00\",\"description\":\"&nbsp; Autoridades capitalinas buscan seguir el ejemplo del pa\u00eds europeo mediante nexos de cooperaci\u00f3n Una delegaci\u00f3n de legisladores alemanes encabezados\",\"breadcrumb\":{\"@id\":\"https:\\\/\\\/centrourbano.com\\\/revista\\\/urbanismo\\\/trabajara-el-df-en-conjunto-con-alemania-en-materia-de-urbanismo\\\/#breadcrumb\"},\"inLanguage\":\"es\",\"potentialAction\":[{\"@type\":\"ReadAction\",\"target\":[\"https:\\\/\\\/centrourbano.com\\\/revista\\\/urbanismo\\\/trabajara-el-df-en-conjunto-con-alemania-en-materia-de-urbanismo\\\/\"]}]},{\"@type\":\"ImageObject\",\"inLanguage\":\"es\",\"@id\":\"https:\\\/\\\/centrourbano.com\\\/revista\\\/urbanismo\\\/trabajara-el-df-en-conjunto-con-alemania-en-materia-de-urbanismo\\\/#primaryimage\",\"url\":\"https:\\\/\\\/centrourbano.com\\\/revista\\\/wp-content\\\/uploads\\\/130415-MIGUEL-\u00c1NGEL-MANCERA-DIPUTADOS-ALEMANIA-1.jpg\",\"contentUrl\":\"https:\\\/\\\/centrourbano.com\\\/revista\\\/wp-content\\\/uploads\\\/130415-MIGUEL-\u00c1NGEL-MANCERA-DIPUTADOS-ALEMANIA-1.jpg\",\"width\":800,\"height\":534},{\"@type\":\"BreadcrumbList\",\"@id\":\"https:\\\/\\\/centrourbano.com\\\/revista\\\/urbanismo\\\/trabajara-el-df-en-conjunto-con-alemania-en-materia-de-urbanismo\\\/#breadcrumb\",\"itemListElement\":[{\"@type\":\"ListItem\",\"position\":1,\"name\":\"Portada\",\"item\":\"https:\\\/\\\/centrourbano.com\\\/revista\\\/\"},{\"@type\":\"ListItem\",\"position\":2,\"name\":\"Trabajar\u00e1 el DF en conjunto con Alemania en materia de urbanismo\"}]},{\"@type\":\"WebSite\",\"@id\":\"https:\\\/\\\/centrourbano.com\\\/revista\\\/#website\",\"url\":\"https:\\\/\\\/centrourbano.com\\\/revista\\\/\",\"name\":\"Centro Urbano\",\"description\":\"Medio especializado en los sectores vivienda, inmobiliario, construcci\u00f3n, arquitectura y urbanismo.\",\"publisher\":{\"@id\":\"https:\\\/\\\/centrourbano.com\\\/revista\\\/#organization\"},\"potentialAction\":[{\"@type\":\"SearchAction\",\"target\":{\"@type\":\"EntryPoint\",\"urlTemplate\":\"https:\\\/\\\/centrourbano.com\\\/revista\\\/?s={search_term_string}\"},\"query-input\":{\"@type\":\"PropertyValueSpecification\",\"valueRequired\":true,\"valueName\":\"search_term_string\"}}],\"inLanguage\":\"es\"},{\"@type\":\"Organization\",\"@id\":\"https:\\\/\\\/centrourbano.com\\\/revista\\\/#organization\",\"name\":\"Centro Urbano\",\"url\":\"https:\\\/\\\/centrourbano.com\\\/revista\\\/\",\"logo\":{\"@type\":\"ImageObject\",\"inLanguage\":\"es\",\"@id\":\"https:\\\/\\\/centrourbano.com\\\/revista\\\/#\\\/schema\\\/logo\\\/image\\\/\",\"url\":\"https:\\\/\\\/centrourbano.com\\\/revista\\\/wp-content\\\/uploads\\\/web_CU_logo-1.png\",\"contentUrl\":\"https:\\\/\\\/centrourbano.com\\\/revista\\\/wp-content\\\/uploads\\\/web_CU_logo-1.png\",\"width\":350,\"height\":91,\"caption\":\"Centro Urbano\"},\"image\":{\"@id\":\"https:\\\/\\\/centrourbano.com\\\/revista\\\/#\\\/schema\\\/logo\\\/image\\\/\"},\"sameAs\":[\"https:\\\/\\\/www.facebook.com\\\/portalcentrourbano\",\"https:\\\/\\\/x.com\\\/CentroUrbano\",\"https:\\\/\\\/www.instagram.com\\\/centro_urbano\\\/\",\"https:\\\/\\\/www.linkedin.com\\\/company\\\/centro-urbano\\\/\",\"http:\\\/\\\/www.youtube.com\\\/user\\\/portalcentrourbano\"]},{\"@type\":\"Person\",\"@id\":\"https:\\\/\\\/centrourbano.com\\\/revista\\\/#\\\/schema\\\/person\\\/370fa0ba2d8dd5bde3fdb8b62ad360aa\",\"name\":\"G4A\",\"image\":{\"@type\":\"ImageObject\",\"inLanguage\":\"es\",\"@id\":\"https:\\\/\\\/secure.gravatar.com\\\/avatar\\\/932a97121b13d5de5bbd8193c6c83d3b92c9eda0f39623607d4280e7a5778d97?s=96&d=mm&r=g\",\"url\":\"https:\\\/\\\/secure.gravatar.com\\\/avatar\\\/932a97121b13d5de5bbd8193c6c83d3b92c9eda0f39623607d4280e7a5778d97?s=96&d=mm&r=g\",\"contentUrl\":\"https:\\\/\\\/secure.gravatar.com\\\/avatar\\\/932a97121b13d5de5bbd8193c6c83d3b92c9eda0f39623607d4280e7a5778d97?s=96&d=mm&r=g\",\"caption\":\"G4A\"},\"url\":\"https:\\\/\\\/centrourbano.com\\\/revista\\\/author\\\/admin-g4a\\\/\"}]}<\/script>\n<!-- \/ Yoast SEO plugin. -->","yoast_head_json":{"title":"Trabajar\u00e1 el DF en conjunto con Alemania en materia de urbanismo -","description":"&nbsp; Autoridades capitalinas buscan seguir el ejemplo del pa\u00eds europeo mediante nexos de cooperaci\u00f3n Una delegaci\u00f3n de legisladores alemanes encabezados","robots":{"index":"index","follow":"follow","max-snippet":"max-snippet:-1","max-image-preview":"max-image-preview:large","max-video-preview":"max-video-preview:-1"},"canonical":"https:\/\/centrourbano.com\/revista\/urbanismo\/trabajara-el-df-en-conjunto-con-alemania-en-materia-de-urbanismo\/","og_locale":"es_ES","og_type":"article","og_title":"Trabajar\u00e1 el DF en conjunto con Alemania en materia de urbanismo -","og_description":"&nbsp; Autoridades capitalinas buscan seguir el ejemplo del pa\u00eds europeo mediante nexos de cooperaci\u00f3n Una delegaci\u00f3n de legisladores alemanes encabezados","og_url":"https:\/\/centrourbano.com\/revista\/urbanismo\/trabajara-el-df-en-conjunto-con-alemania-en-materia-de-urbanismo\/","og_site_name":"Centro Urbano","article_publisher":"https:\/\/www.facebook.com\/portalcentrourbano","article_published_time":"2015-04-14T19:05:41+00:00","og_image":[{"width":800,"height":534,"url":"https:\/\/centrourbano.com\/revista\/wp-content\/uploads\/130415-MIGUEL-\u00c1NGEL-MANCERA-DIPUTADOS-ALEMANIA-1.jpg","type":"image\/jpeg"}],"author":"G4A","twitter_card":"summary_large_image","twitter_creator":"@CentroUrbano","twitter_site":"@CentroUrbano","twitter_misc":{"Escrito por":"G4A","Tiempo de lectura":"1 minuto"},"schema":{"@context":"https:\/\/schema.org","@graph":[{"@type":"Article","@id":"https:\/\/centrourbano.com\/revista\/urbanismo\/trabajara-el-df-en-conjunto-con-alemania-en-materia-de-urbanismo\/#article","isPartOf":{"@id":"https:\/\/centrourbano.com\/revista\/urbanismo\/trabajara-el-df-en-conjunto-con-alemania-en-materia-de-urbanismo\/"},"author":{"name":"G4A","@id":"https:\/\/centrourbano.com\/revista\/#\/schema\/person\/370fa0ba2d8dd5bde3fdb8b62ad360aa"},"headline":"Trabajar\u00e1 el DF en conjunto con Alemania en materia de urbanismo","datePublished":"2015-04-14T19:05:41+00:00","mainEntityOfPage":{"@id":"https:\/\/centrourbano.com\/revista\/urbanismo\/trabajara-el-df-en-conjunto-con-alemania-en-materia-de-urbanismo\/"},"wordCount":245,"commentCount":0,"publisher":{"@id":"https:\/\/centrourbano.com\/revista\/#organization"},"image":{"@id":"https:\/\/centrourbano.com\/revista\/urbanismo\/trabajara-el-df-en-conjunto-con-alemania-en-materia-de-urbanismo\/#primaryimage"},"thumbnailUrl":"https:\/\/centrourbano.com\/revista\/wp-content\/uploads\/130415-MIGUEL-\u00c1NGEL-MANCERA-DIPUTADOS-ALEMANIA-1.jpg","keywords":["Acuerdos de cooperaci\u00f3n","ALDF","Alemania","CDMX","M\u00e9xico","Miguel \u00c1ngel Mancera","Ralph Wieland"],"articleSection":["Urbanismo"],"inLanguage":"es"},{"@type":"WebPage","@id":"https:\/\/centrourbano.com\/revista\/urbanismo\/trabajara-el-df-en-conjunto-con-alemania-en-materia-de-urbanismo\/","url":"https:\/\/centrourbano.com\/revista\/urbanismo\/trabajara-el-df-en-conjunto-con-alemania-en-materia-de-urbanismo\/","name":"Trabajar\u00e1 el DF en conjunto con Alemania en materia de urbanismo -","isPartOf":{"@id":"https:\/\/centrourbano.com\/revista\/#website"},"primaryImageOfPage":{"@id":"https:\/\/centrourbano.com\/revista\/urbanismo\/trabajara-el-df-en-conjunto-con-alemania-en-materia-de-urbanismo\/#primaryimage"},"image":{"@id":"https:\/\/centrourbano.com\/revista\/urbanismo\/trabajara-el-df-en-conjunto-con-alemania-en-materia-de-urbanismo\/#primaryimage"},"thumbnailUrl":"https:\/\/centrourbano.com\/revista\/wp-content\/uploads\/130415-MIGUEL-\u00c1NGEL-MANCERA-DIPUTADOS-ALEMANIA-1.jpg","datePublished":"2015-04-14T19:05:41+00:00","description":"&nbsp; Autoridades capitalinas buscan seguir el ejemplo del pa\u00eds europeo mediante nexos de cooperaci\u00f3n Una delegaci\u00f3n de legisladores alemanes encabezados","breadcrumb":{"@id":"https:\/\/centrourbano.com\/revista\/urbanismo\/trabajara-el-df-en-conjunto-con-alemania-en-materia-de-urbanismo\/#breadcrumb"},"inLanguage":"es","potentialAction":[{"@type":"ReadAction","target":["https:\/\/centrourbano.com\/revista\/urbanismo\/trabajara-el-df-en-conjunto-con-alemania-en-materia-de-urbanismo\/"]}]},{"@type":"ImageObject","inLanguage":"es","@id":"https:\/\/centrourbano.com\/revista\/urbanismo\/trabajara-el-df-en-conjunto-con-alemania-en-materia-de-urbanismo\/#primaryimage","url":"https:\/\/centrourbano.com\/revista\/wp-content\/uploads\/130415-MIGUEL-\u00c1NGEL-MANCERA-DIPUTADOS-ALEMANIA-1.jpg","contentUrl":"https:\/\/centrourbano.com\/revista\/wp-content\/uploads\/130415-MIGUEL-\u00c1NGEL-MANCERA-DIPUTADOS-ALEMANIA-1.jpg","width":800,"height":534},{"@type":"BreadcrumbList","@id":"https:\/\/centrourbano.com\/revista\/urbanismo\/trabajara-el-df-en-conjunto-con-alemania-en-materia-de-urbanismo\/#breadcrumb","itemListElement":[{"@type":"ListItem","position":1,"name":"Portada","item":"https:\/\/centrourbano.com\/revista\/"},{"@type":"ListItem","position":2,"name":"Trabajar\u00e1 el DF en conjunto con Alemania en materia de urbanismo"}]},{"@type":"WebSite","@id":"https:\/\/centrourbano.com\/revista\/#website","url":"https:\/\/centrourbano.com\/revista\/","name":"Centro Urbano","description":"Medio especializado en los sectores vivienda, inmobiliario, construcci\u00f3n, arquitectura y urbanismo.","publisher":{"@id":"https:\/\/centrourbano.com\/revista\/#organization"},"potentialAction":[{"@type":"SearchAction","target":{"@type":"EntryPoint","urlTemplate":"https:\/\/centrourbano.com\/revista\/?s={search_term_string}"},"query-input":{"@type":"PropertyValueSpecification","valueRequired":true,"valueName":"search_term_string"}}],"inLanguage":"es"},{"@type":"Organization","@id":"https:\/\/centrourbano.com\/revista\/#organization","name":"Centro Urbano","url":"https:\/\/centrourbano.com\/revista\/","logo":{"@type":"ImageObject","inLanguage":"es","@id":"https:\/\/centrourbano.com\/revista\/#\/schema\/logo\/image\/","url":"https:\/\/centrourbano.com\/revista\/wp-content\/uploads\/web_CU_logo-1.png","contentUrl":"https:\/\/centrourbano.com\/revista\/wp-content\/uploads\/web_CU_logo-1.png","width":350,"height":91,"caption":"Centro Urbano"},"image":{"@id":"https:\/\/centrourbano.com\/revista\/#\/schema\/logo\/image\/"},"sameAs":["https:\/\/www.facebook.com\/portalcentrourbano","https:\/\/x.com\/CentroUrbano","https:\/\/www.instagram.com\/centro_urbano\/","https:\/\/www.linkedin.com\/company\/centro-urbano\/","http:\/\/www.youtube.com\/user\/portalcentrourbano"]},{"@type":"Person","@id":"https:\/\/centrourbano.com\/revista\/#\/schema\/person\/370fa0ba2d8dd5bde3fdb8b62ad360aa","name":"G4A","image":{"@type":"ImageObject","inLanguage":"es","@id":"https:\/\/secure.gravatar.com\/avatar\/932a97121b13d5de5bbd8193c6c83d3b92c9eda0f39623607d4280e7a5778d97?s=96&d=mm&r=g","url":"https:\/\/secure.gravatar.com\/avatar\/932a97121b13d5de5bbd8193c6c83d3b92c9eda0f39623607d4280e7a5778d97?s=96&d=mm&r=g","contentUrl":"https:\/\/secure.gravatar.com\/avatar\/932a97121b13d5de5bbd8193c6c83d3b92c9eda0f39623607d4280e7a5778d97?s=96&d=mm&r=g","caption":"G4A"},"url":"https:\/\/centrourbano.com\/revista\/author\/admin-g4a\/"}]}},"_links":{"self":[{"href":"https:\/\/centrourbano.com\/revista\/wp-json\/wp\/v2\/posts\/17964","targetHints":{"allow":["GET"]}}],"collection":[{"href":"https:\/\/centrourbano.com\/revista\/wp-json\/wp\/v2\/posts"}],"about":[{"href":"https:\/\/centrourbano.com\/revista\/wp-json\/wp\/v2\/types\/post"}],"author":[{"embeddable":true,"href":"https:\/\/centrourbano.com\/revista\/wp-json\/wp\/v2\/users\/77"}],"replies":[{"embeddable":true,"href":"https:\/\/centrourbano.com\/revista\/wp-json\/wp\/v2\/comments?post=17964"}],"version-history":[{"count":0,"href":"https:\/\/centrourbano.com\/revista\/wp-json\/wp\/v2\/posts\/17964\/revisions"}],"wp:featuredmedia":[{"embeddable":true,"href":"https:\/\/centrourbano.com\/revista\/wp-json\/wp\/v2\/media\/17968"}],"wp:attachment":[{"href":"https:\/\/centrourbano.com\/revista\/wp-json\/wp\/v2\/media?parent=17964"}],"wp:term":[{"taxonomy":"category","embeddable":true,"href":"https:\/\/centrourbano.com\/revista\/wp-json\/wp\/v2\/categories?post=17964"},{"taxonomy":"post_tag","embeddable":true,"href":"https:\/\/centrourbano.com\/revista\/wp-json\/wp\/v2\/tags?post=17964"}],"curies":[{"name":"wp","href":"https:\/\/api.w.org\/{rel}","templated":true}]}}