{"id":17954,"date":"2015-04-21T13:11:50","date_gmt":"2015-04-21T18:11:50","guid":{"rendered":"http:\/\/centrourbano.com\/?p=17954"},"modified":"2015-04-21T10:24:08","modified_gmt":"2015-04-21T15:24:08","slug":"hoy-vivienda-en-verde-estara-mario-rafael-marques-tapia","status":"publish","type":"post","link":"https:\/\/centrourbano.com\/revista\/actualidad\/hoy-vivienda-en-verde-estara-mario-rafael-marques-tapia\/","title":{"rendered":"Mario Marqu\u00e9s estar\u00e1 hoy en Vivienda en Verde"},"content":{"rendered":"<p>&nbsp;<\/p>\n<p><em>El director General de Valuaci\u00f3n Organizada S.A. de C.V. platicar\u00e1\u00a0con Horacio Urbano en punto de las 23:30 horas<\/em><\/p>\n<p><!--more--><\/p>\n<p>El d\u00eda de hoy el <em>director General de Valuaci\u00f3n Organizada S.A. de C.V. <span class=\"il\">Mario<\/span> Rafael <span class=\"il\">Marqu\u00e9s<\/span> Tapia,<\/em> estar\u00e1 platicando con Horacio Urbano en una emisi\u00f3n m\u00e1s de <span class=\"il\">Vivienda<\/span> en <span class=\"il\">Verde<\/span>.<\/p>\n<p>El Maestro M\u00e1rques Tapia Director y coordinador operativo de una de las empresas de Valuaci\u00f3n l\u00edderes en el mercado mexicano, especializada en la Valoraci\u00f3n de Bienes y Activos en General, que brinda servicios de Supervisi\u00f3n T\u00e9cnica y Financiera de Proyectos de Inversi\u00f3n y de Consultor\u00eda y Asesor\u00eda Financiera.<\/p>\n<p>Presta sus servicios a las principales entidades financieras del pa\u00eds (Bancos, Organismos de <span class=\"il\">Vivienda<\/span>, Gobiernos Estatales, INDAABIN y a la iniciativa privada). Es profesor de posgrado en diferentes Universidades de M\u00e9xico y Centroam\u00e9rica, en temas afines a la actividad inmobiliaria y Financiera.<\/p>\n<p>Coordina la publicaci\u00f3n de diferentes textos de consulta en materia de Valuaci\u00f3n y Costos unitarios. Cuenta con una amplia experiencia y trayectoria profesional en la construcci\u00f3n de inmuebles y es canditato a Doctor en Valoraci\u00f3n de Activos por la Universidad Polit\u00e9cnica de Valencia, Espa\u00f1a.<\/p>\n<p>No te pierdas esta exclusiva entrevista en punto de las 23:30 horas a trav\u00e9s de Green TV, en los canales 410 de Izzi y 392 de Total Play, o desde tu computadora o dispositivo m\u00f3vil en <a href=\"http:\/\/greentv.com.mx\/\" target=\"_blank\">greentv.com.mx<\/a><\/p>\n","protected":false},"excerpt":{"rendered":"<p>&nbsp; El director General de Valuaci\u00f3n Organizada S.A. de C.V. platicar\u00e1\u00a0con Horacio Urbano en punto de las 23:30 horas<\/p>\n","protected":false},"author":28,"featured_media":17955,"comment_status":"open","ping_status":"closed","sticky":false,"template":"","format":"standard","meta":{"om_disable_all_campaigns":false,"inline_featured_image":false,"_monsterinsights_skip_tracking":false,"_monsterinsights_sitenote_active":false,"_monsterinsights_sitenote_note":"","_monsterinsights_sitenote_category":0,"footnotes":""},"categories":[80],"tags":[1948,4806,150],"class_list":["post-17954","post","type-post","status-publish","format-standard","has-post-thumbnail","hentry","category-actualidad","tag-mario-marques","tag-valor","tag-vivienda-en-verde-2"],"yoast_head":"<!-- This site is optimized with the Yoast SEO plugin v27.5 - https:\/\/yoast.com\/product\/yoast-seo-wordpress\/ -->\n<title>Mario Marqu\u00e9s estar\u00e1 hoy en Vivienda en Verde -<\/title>\n<meta name=\"description\" content=\"&nbsp; El director General de Valuaci\u00f3n Organizada S.A. de C.V. platicar\u00e1\u00a0con Horacio Urbano en punto de las 23:30 horas El d\u00eda de hoy el director General\" \/>\n<meta name=\"robots\" content=\"index, follow, max-snippet:-1, max-image-preview:large, max-video-preview:-1\" \/>\n<link rel=\"canonical\" href=\"https:\/\/centrourbano.com\/revista\/actualidad\/hoy-vivienda-en-verde-estara-mario-rafael-marques-tapia\/\" \/>\n<meta property=\"og:locale\" content=\"es_ES\" \/>\n<meta property=\"og:type\" content=\"article\" \/>\n<meta property=\"og:title\" content=\"Mario Marqu\u00e9s estar\u00e1 hoy en Vivienda en Verde -\" \/>\n<meta property=\"og:description\" content=\"&nbsp; El director General de Valuaci\u00f3n Organizada S.A. de C.V. platicar\u00e1\u00a0con Horacio Urbano en punto de las 23:30 horas El d\u00eda de hoy el director General\" \/>\n<meta property=\"og:url\" content=\"https:\/\/centrourbano.com\/revista\/actualidad\/hoy-vivienda-en-verde-estara-mario-rafael-marques-tapia\/\" \/>\n<meta property=\"og:site_name\" content=\"Centro Urbano\" \/>\n<meta property=\"article:publisher\" content=\"https:\/\/www.facebook.com\/portalcentrourbano\" \/>\n<meta property=\"article:published_time\" content=\"2015-04-21T18:11:50+00:00\" \/>\n<meta property=\"og:image\" content=\"https:\/\/centrourbano.com\/revista\/wp-content\/uploads\/Mario-Marques-Estudio-5-ok.jpg\" \/>\n\t<meta property=\"og:image:width\" content=\"994\" \/>\n\t<meta property=\"og:image:height\" content=\"560\" \/>\n\t<meta property=\"og:image:type\" content=\"image\/jpeg\" \/>\n<meta name=\"author\" content=\"Mario V\u00e1zquez Barrios\" \/>\n<meta name=\"twitter:card\" content=\"summary_large_image\" \/>\n<meta name=\"twitter:creator\" content=\"@MarioDeNiro\" \/>\n<meta name=\"twitter:site\" content=\"@CentroUrbano\" \/>\n<meta name=\"twitter:label1\" content=\"Escrito por\" \/>\n\t<meta name=\"twitter:data1\" content=\"Mario V\u00e1zquez Barrios\" \/>\n\t<meta name=\"twitter:label2\" content=\"Tiempo de lectura\" \/>\n\t<meta name=\"twitter:data2\" content=\"1 minuto\" \/>\n<script type=\"application\/ld+json\" class=\"yoast-schema-graph\">{\"@context\":\"https:\\\/\\\/schema.org\",\"@graph\":[{\"@type\":\"Article\",\"@id\":\"https:\\\/\\\/centrourbano.com\\\/revista\\\/actualidad\\\/hoy-vivienda-en-verde-estara-mario-rafael-marques-tapia\\\/#article\",\"isPartOf\":{\"@id\":\"https:\\\/\\\/centrourbano.com\\\/revista\\\/actualidad\\\/hoy-vivienda-en-verde-estara-mario-rafael-marques-tapia\\\/\"},\"author\":{\"name\":\"Mario V\u00e1zquez Barrios\",\"@id\":\"https:\\\/\\\/centrourbano.com\\\/revista\\\/#\\\/schema\\\/person\\\/45e1c041fc3bb6068a3502be717d44df\"},\"headline\":\"Mario Marqu\u00e9s estar\u00e1 hoy en Vivienda en Verde\",\"datePublished\":\"2015-04-21T18:11:50+00:00\",\"mainEntityOfPage\":{\"@id\":\"https:\\\/\\\/centrourbano.com\\\/revista\\\/actualidad\\\/hoy-vivienda-en-verde-estara-mario-rafael-marques-tapia\\\/\"},\"wordCount\":258,\"commentCount\":0,\"publisher\":{\"@id\":\"https:\\\/\\\/centrourbano.com\\\/revista\\\/#organization\"},\"image\":{\"@id\":\"https:\\\/\\\/centrourbano.com\\\/revista\\\/actualidad\\\/hoy-vivienda-en-verde-estara-mario-rafael-marques-tapia\\\/#primaryimage\"},\"thumbnailUrl\":\"https:\\\/\\\/centrourbano.com\\\/revista\\\/wp-content\\\/uploads\\\/Mario-Marques-Estudio-5-ok.jpg\",\"keywords\":[\"Mario Marqu\u00e9s\",\"Valor\",\"Vivienda en Verde\"],\"articleSection\":[\"Actualidad\"],\"inLanguage\":\"es\",\"potentialAction\":[{\"@type\":\"CommentAction\",\"name\":\"Comment\",\"target\":[\"https:\\\/\\\/centrourbano.com\\\/revista\\\/actualidad\\\/hoy-vivienda-en-verde-estara-mario-rafael-marques-tapia\\\/#respond\"]}]},{\"@type\":\"WebPage\",\"@id\":\"https:\\\/\\\/centrourbano.com\\\/revista\\\/actualidad\\\/hoy-vivienda-en-verde-estara-mario-rafael-marques-tapia\\\/\",\"url\":\"https:\\\/\\\/centrourbano.com\\\/revista\\\/actualidad\\\/hoy-vivienda-en-verde-estara-mario-rafael-marques-tapia\\\/\",\"name\":\"Mario Marqu\u00e9s estar\u00e1 hoy en Vivienda en Verde -\",\"isPartOf\":{\"@id\":\"https:\\\/\\\/centrourbano.com\\\/revista\\\/#website\"},\"primaryImageOfPage\":{\"@id\":\"https:\\\/\\\/centrourbano.com\\\/revista\\\/actualidad\\\/hoy-vivienda-en-verde-estara-mario-rafael-marques-tapia\\\/#primaryimage\"},\"image\":{\"@id\":\"https:\\\/\\\/centrourbano.com\\\/revista\\\/actualidad\\\/hoy-vivienda-en-verde-estara-mario-rafael-marques-tapia\\\/#primaryimage\"},\"thumbnailUrl\":\"https:\\\/\\\/centrourbano.com\\\/revista\\\/wp-content\\\/uploads\\\/Mario-Marques-Estudio-5-ok.jpg\",\"datePublished\":\"2015-04-21T18:11:50+00:00\",\"description\":\"&nbsp; El director General de Valuaci\u00f3n Organizada S.A. de C.V. platicar\u00e1\u00a0con Horacio Urbano en punto de las 23:30 horas El d\u00eda de hoy el director General\",\"breadcrumb\":{\"@id\":\"https:\\\/\\\/centrourbano.com\\\/revista\\\/actualidad\\\/hoy-vivienda-en-verde-estara-mario-rafael-marques-tapia\\\/#breadcrumb\"},\"inLanguage\":\"es\",\"potentialAction\":[{\"@type\":\"ReadAction\",\"target\":[\"https:\\\/\\\/centrourbano.com\\\/revista\\\/actualidad\\\/hoy-vivienda-en-verde-estara-mario-rafael-marques-tapia\\\/\"]}]},{\"@type\":\"ImageObject\",\"inLanguage\":\"es\",\"@id\":\"https:\\\/\\\/centrourbano.com\\\/revista\\\/actualidad\\\/hoy-vivienda-en-verde-estara-mario-rafael-marques-tapia\\\/#primaryimage\",\"url\":\"https:\\\/\\\/centrourbano.com\\\/revista\\\/wp-content\\\/uploads\\\/Mario-Marques-Estudio-5-ok.jpg\",\"contentUrl\":\"https:\\\/\\\/centrourbano.com\\\/revista\\\/wp-content\\\/uploads\\\/Mario-Marques-Estudio-5-ok.jpg\",\"width\":994,\"height\":560},{\"@type\":\"BreadcrumbList\",\"@id\":\"https:\\\/\\\/centrourbano.com\\\/revista\\\/actualidad\\\/hoy-vivienda-en-verde-estara-mario-rafael-marques-tapia\\\/#breadcrumb\",\"itemListElement\":[{\"@type\":\"ListItem\",\"position\":1,\"name\":\"Portada\",\"item\":\"https:\\\/\\\/centrourbano.com\\\/revista\\\/\"},{\"@type\":\"ListItem\",\"position\":2,\"name\":\"Mario Marqu\u00e9s estar\u00e1 hoy en Vivienda en Verde\"}]},{\"@type\":\"WebSite\",\"@id\":\"https:\\\/\\\/centrourbano.com\\\/revista\\\/#website\",\"url\":\"https:\\\/\\\/centrourbano.com\\\/revista\\\/\",\"name\":\"Centro Urbano\",\"description\":\"Medio especializado en los sectores vivienda, inmobiliario, construcci\u00f3n, arquitectura y urbanismo.\",\"publisher\":{\"@id\":\"https:\\\/\\\/centrourbano.com\\\/revista\\\/#organization\"},\"potentialAction\":[{\"@type\":\"SearchAction\",\"target\":{\"@type\":\"EntryPoint\",\"urlTemplate\":\"https:\\\/\\\/centrourbano.com\\\/revista\\\/?s={search_term_string}\"},\"query-input\":{\"@type\":\"PropertyValueSpecification\",\"valueRequired\":true,\"valueName\":\"search_term_string\"}}],\"inLanguage\":\"es\"},{\"@type\":\"Organization\",\"@id\":\"https:\\\/\\\/centrourbano.com\\\/revista\\\/#organization\",\"name\":\"Centro Urbano\",\"url\":\"https:\\\/\\\/centrourbano.com\\\/revista\\\/\",\"logo\":{\"@type\":\"ImageObject\",\"inLanguage\":\"es\",\"@id\":\"https:\\\/\\\/centrourbano.com\\\/revista\\\/#\\\/schema\\\/logo\\\/image\\\/\",\"url\":\"https:\\\/\\\/centrourbano.com\\\/revista\\\/wp-content\\\/uploads\\\/web_CU_logo-1.png\",\"contentUrl\":\"https:\\\/\\\/centrourbano.com\\\/revista\\\/wp-content\\\/uploads\\\/web_CU_logo-1.png\",\"width\":350,\"height\":91,\"caption\":\"Centro Urbano\"},\"image\":{\"@id\":\"https:\\\/\\\/centrourbano.com\\\/revista\\\/#\\\/schema\\\/logo\\\/image\\\/\"},\"sameAs\":[\"https:\\\/\\\/www.facebook.com\\\/portalcentrourbano\",\"https:\\\/\\\/x.com\\\/CentroUrbano\",\"https:\\\/\\\/www.instagram.com\\\/centro_urbano\\\/\",\"https:\\\/\\\/www.linkedin.com\\\/company\\\/centro-urbano\\\/\",\"http:\\\/\\\/www.youtube.com\\\/user\\\/portalcentrourbano\"]},{\"@type\":\"Person\",\"@id\":\"https:\\\/\\\/centrourbano.com\\\/revista\\\/#\\\/schema\\\/person\\\/45e1c041fc3bb6068a3502be717d44df\",\"name\":\"Mario V\u00e1zquez Barrios\",\"image\":{\"@type\":\"ImageObject\",\"inLanguage\":\"es\",\"@id\":\"https:\\\/\\\/secure.gravatar.com\\\/avatar\\\/347e6d9c0b04f0194ca244ba64b0fe62752d716a3a93d1713bd259eb87aad5b6?s=96&d=mm&r=g\",\"url\":\"https:\\\/\\\/secure.gravatar.com\\\/avatar\\\/347e6d9c0b04f0194ca244ba64b0fe62752d716a3a93d1713bd259eb87aad5b6?s=96&d=mm&r=g\",\"contentUrl\":\"https:\\\/\\\/secure.gravatar.com\\\/avatar\\\/347e6d9c0b04f0194ca244ba64b0fe62752d716a3a93d1713bd259eb87aad5b6?s=96&d=mm&r=g\",\"caption\":\"Mario V\u00e1zquez Barrios\"},\"description\":\"Me inici\u00e9 en El Financiero haciendo reportajes; en MegaNoticias Televisi\u00f3n fui reportero titular; en EMedios, control de calidad; y Radio 13 Noticias me acogi\u00f3 como colaborador. Me gusta encontrar en las banquetas la nota, una entrevista y el inicio de un reportaje.\",\"sameAs\":[\"https:\\\/\\\/x.com\\\/@MarioDeNiro\"],\"url\":\"https:\\\/\\\/centrourbano.com\\\/revista\\\/author\\\/mario-vazquez\\\/\"}]}<\/script>\n<!-- \/ Yoast SEO plugin. -->","yoast_head_json":{"title":"Mario Marqu\u00e9s estar\u00e1 hoy en Vivienda en Verde -","description":"&nbsp; El director General de Valuaci\u00f3n Organizada S.A. de C.V. platicar\u00e1\u00a0con Horacio Urbano en punto de las 23:30 horas El d\u00eda de hoy el director General","robots":{"index":"index","follow":"follow","max-snippet":"max-snippet:-1","max-image-preview":"max-image-preview:large","max-video-preview":"max-video-preview:-1"},"canonical":"https:\/\/centrourbano.com\/revista\/actualidad\/hoy-vivienda-en-verde-estara-mario-rafael-marques-tapia\/","og_locale":"es_ES","og_type":"article","og_title":"Mario Marqu\u00e9s estar\u00e1 hoy en Vivienda en Verde -","og_description":"&nbsp; El director General de Valuaci\u00f3n Organizada S.A. de C.V. platicar\u00e1\u00a0con Horacio Urbano en punto de las 23:30 horas El d\u00eda de hoy el director General","og_url":"https:\/\/centrourbano.com\/revista\/actualidad\/hoy-vivienda-en-verde-estara-mario-rafael-marques-tapia\/","og_site_name":"Centro Urbano","article_publisher":"https:\/\/www.facebook.com\/portalcentrourbano","article_published_time":"2015-04-21T18:11:50+00:00","og_image":[{"width":994,"height":560,"url":"https:\/\/centrourbano.com\/revista\/wp-content\/uploads\/Mario-Marques-Estudio-5-ok.jpg","type":"image\/jpeg"}],"author":"Mario V\u00e1zquez Barrios","twitter_card":"summary_large_image","twitter_creator":"@MarioDeNiro","twitter_site":"@CentroUrbano","twitter_misc":{"Escrito por":"Mario V\u00e1zquez Barrios","Tiempo de lectura":"1 minuto"},"schema":{"@context":"https:\/\/schema.org","@graph":[{"@type":"Article","@id":"https:\/\/centrourbano.com\/revista\/actualidad\/hoy-vivienda-en-verde-estara-mario-rafael-marques-tapia\/#article","isPartOf":{"@id":"https:\/\/centrourbano.com\/revista\/actualidad\/hoy-vivienda-en-verde-estara-mario-rafael-marques-tapia\/"},"author":{"name":"Mario V\u00e1zquez Barrios","@id":"https:\/\/centrourbano.com\/revista\/#\/schema\/person\/45e1c041fc3bb6068a3502be717d44df"},"headline":"Mario Marqu\u00e9s estar\u00e1 hoy en Vivienda en Verde","datePublished":"2015-04-21T18:11:50+00:00","mainEntityOfPage":{"@id":"https:\/\/centrourbano.com\/revista\/actualidad\/hoy-vivienda-en-verde-estara-mario-rafael-marques-tapia\/"},"wordCount":258,"commentCount":0,"publisher":{"@id":"https:\/\/centrourbano.com\/revista\/#organization"},"image":{"@id":"https:\/\/centrourbano.com\/revista\/actualidad\/hoy-vivienda-en-verde-estara-mario-rafael-marques-tapia\/#primaryimage"},"thumbnailUrl":"https:\/\/centrourbano.com\/revista\/wp-content\/uploads\/Mario-Marques-Estudio-5-ok.jpg","keywords":["Mario Marqu\u00e9s","Valor","Vivienda en Verde"],"articleSection":["Actualidad"],"inLanguage":"es","potentialAction":[{"@type":"CommentAction","name":"Comment","target":["https:\/\/centrourbano.com\/revista\/actualidad\/hoy-vivienda-en-verde-estara-mario-rafael-marques-tapia\/#respond"]}]},{"@type":"WebPage","@id":"https:\/\/centrourbano.com\/revista\/actualidad\/hoy-vivienda-en-verde-estara-mario-rafael-marques-tapia\/","url":"https:\/\/centrourbano.com\/revista\/actualidad\/hoy-vivienda-en-verde-estara-mario-rafael-marques-tapia\/","name":"Mario Marqu\u00e9s estar\u00e1 hoy en Vivienda en Verde -","isPartOf":{"@id":"https:\/\/centrourbano.com\/revista\/#website"},"primaryImageOfPage":{"@id":"https:\/\/centrourbano.com\/revista\/actualidad\/hoy-vivienda-en-verde-estara-mario-rafael-marques-tapia\/#primaryimage"},"image":{"@id":"https:\/\/centrourbano.com\/revista\/actualidad\/hoy-vivienda-en-verde-estara-mario-rafael-marques-tapia\/#primaryimage"},"thumbnailUrl":"https:\/\/centrourbano.com\/revista\/wp-content\/uploads\/Mario-Marques-Estudio-5-ok.jpg","datePublished":"2015-04-21T18:11:50+00:00","description":"&nbsp; El director General de Valuaci\u00f3n Organizada S.A. de C.V. platicar\u00e1\u00a0con Horacio Urbano en punto de las 23:30 horas El d\u00eda de hoy el director General","breadcrumb":{"@id":"https:\/\/centrourbano.com\/revista\/actualidad\/hoy-vivienda-en-verde-estara-mario-rafael-marques-tapia\/#breadcrumb"},"inLanguage":"es","potentialAction":[{"@type":"ReadAction","target":["https:\/\/centrourbano.com\/revista\/actualidad\/hoy-vivienda-en-verde-estara-mario-rafael-marques-tapia\/"]}]},{"@type":"ImageObject","inLanguage":"es","@id":"https:\/\/centrourbano.com\/revista\/actualidad\/hoy-vivienda-en-verde-estara-mario-rafael-marques-tapia\/#primaryimage","url":"https:\/\/centrourbano.com\/revista\/wp-content\/uploads\/Mario-Marques-Estudio-5-ok.jpg","contentUrl":"https:\/\/centrourbano.com\/revista\/wp-content\/uploads\/Mario-Marques-Estudio-5-ok.jpg","width":994,"height":560},{"@type":"BreadcrumbList","@id":"https:\/\/centrourbano.com\/revista\/actualidad\/hoy-vivienda-en-verde-estara-mario-rafael-marques-tapia\/#breadcrumb","itemListElement":[{"@type":"ListItem","position":1,"name":"Portada","item":"https:\/\/centrourbano.com\/revista\/"},{"@type":"ListItem","position":2,"name":"Mario Marqu\u00e9s estar\u00e1 hoy en Vivienda en Verde"}]},{"@type":"WebSite","@id":"https:\/\/centrourbano.com\/revista\/#website","url":"https:\/\/centrourbano.com\/revista\/","name":"Centro Urbano","description":"Medio especializado en los sectores vivienda, inmobiliario, construcci\u00f3n, arquitectura y urbanismo.","publisher":{"@id":"https:\/\/centrourbano.com\/revista\/#organization"},"potentialAction":[{"@type":"SearchAction","target":{"@type":"EntryPoint","urlTemplate":"https:\/\/centrourbano.com\/revista\/?s={search_term_string}"},"query-input":{"@type":"PropertyValueSpecification","valueRequired":true,"valueName":"search_term_string"}}],"inLanguage":"es"},{"@type":"Organization","@id":"https:\/\/centrourbano.com\/revista\/#organization","name":"Centro Urbano","url":"https:\/\/centrourbano.com\/revista\/","logo":{"@type":"ImageObject","inLanguage":"es","@id":"https:\/\/centrourbano.com\/revista\/#\/schema\/logo\/image\/","url":"https:\/\/centrourbano.com\/revista\/wp-content\/uploads\/web_CU_logo-1.png","contentUrl":"https:\/\/centrourbano.com\/revista\/wp-content\/uploads\/web_CU_logo-1.png","width":350,"height":91,"caption":"Centro Urbano"},"image":{"@id":"https:\/\/centrourbano.com\/revista\/#\/schema\/logo\/image\/"},"sameAs":["https:\/\/www.facebook.com\/portalcentrourbano","https:\/\/x.com\/CentroUrbano","https:\/\/www.instagram.com\/centro_urbano\/","https:\/\/www.linkedin.com\/company\/centro-urbano\/","http:\/\/www.youtube.com\/user\/portalcentrourbano"]},{"@type":"Person","@id":"https:\/\/centrourbano.com\/revista\/#\/schema\/person\/45e1c041fc3bb6068a3502be717d44df","name":"Mario V\u00e1zquez Barrios","image":{"@type":"ImageObject","inLanguage":"es","@id":"https:\/\/secure.gravatar.com\/avatar\/347e6d9c0b04f0194ca244ba64b0fe62752d716a3a93d1713bd259eb87aad5b6?s=96&d=mm&r=g","url":"https:\/\/secure.gravatar.com\/avatar\/347e6d9c0b04f0194ca244ba64b0fe62752d716a3a93d1713bd259eb87aad5b6?s=96&d=mm&r=g","contentUrl":"https:\/\/secure.gravatar.com\/avatar\/347e6d9c0b04f0194ca244ba64b0fe62752d716a3a93d1713bd259eb87aad5b6?s=96&d=mm&r=g","caption":"Mario V\u00e1zquez Barrios"},"description":"Me inici\u00e9 en El Financiero haciendo reportajes; en MegaNoticias Televisi\u00f3n fui reportero titular; en EMedios, control de calidad; y Radio 13 Noticias me acogi\u00f3 como colaborador. Me gusta encontrar en las banquetas la nota, una entrevista y el inicio de un reportaje.","sameAs":["https:\/\/x.com\/@MarioDeNiro"],"url":"https:\/\/centrourbano.com\/revista\/author\/mario-vazquez\/"}]}},"_links":{"self":[{"href":"https:\/\/centrourbano.com\/revista\/wp-json\/wp\/v2\/posts\/17954","targetHints":{"allow":["GET"]}}],"collection":[{"href":"https:\/\/centrourbano.com\/revista\/wp-json\/wp\/v2\/posts"}],"about":[{"href":"https:\/\/centrourbano.com\/revista\/wp-json\/wp\/v2\/types\/post"}],"author":[{"embeddable":true,"href":"https:\/\/centrourbano.com\/revista\/wp-json\/wp\/v2\/users\/28"}],"replies":[{"embeddable":true,"href":"https:\/\/centrourbano.com\/revista\/wp-json\/wp\/v2\/comments?post=17954"}],"version-history":[{"count":0,"href":"https:\/\/centrourbano.com\/revista\/wp-json\/wp\/v2\/posts\/17954\/revisions"}],"wp:featuredmedia":[{"embeddable":true,"href":"https:\/\/centrourbano.com\/revista\/wp-json\/wp\/v2\/media\/17955"}],"wp:attachment":[{"href":"https:\/\/centrourbano.com\/revista\/wp-json\/wp\/v2\/media?parent=17954"}],"wp:term":[{"taxonomy":"category","embeddable":true,"href":"https:\/\/centrourbano.com\/revista\/wp-json\/wp\/v2\/categories?post=17954"},{"taxonomy":"post_tag","embeddable":true,"href":"https:\/\/centrourbano.com\/revista\/wp-json\/wp\/v2\/tags?post=17954"}],"curies":[{"name":"wp","href":"https:\/\/api.w.org\/{rel}","templated":true}]}}